{"id":11305,"date":"2024-05-08T08:22:30","date_gmt":"2024-05-08T11:22:30","guid":{"rendered":"https:\/\/www.padreeustaquio.com.br\/?p=11305"},"modified":"2024-05-08T08:22:30","modified_gmt":"2024-05-08T11:22:30","slug":"imagen-devocional-del-padre-eustaquio-recorre-entre-los-fieles-en-patrocinio-mg","status":"publish","type":"post","link":"https:\/\/www.padreeustaquio.com.br\/es\/imagen-devocional-del-padre-eustaquio-recorre-entre-los-fieles-en-patrocinio-mg\/","title":{"rendered":"DEVOCI\u00d3N: Imagen del Padre Eust\u00e1quio viaja entre los fieles en Patroc\u00ednio-MG"},"content":{"rendered":"<p>Durante el mes de mayo, la imagen del Beato Padre Eust\u00e1quio, venerada en la comunidad que lleva su nombre en Patroc\u00ednio, en la regi\u00f3n del Alto Parana\u00edba de Minas Gerais, estar\u00e1 en la casa de Matilde Amaral, dando continuidad a una tradici\u00f3n de fe y devoci\u00f3n.<\/p>\n<p>En abril, la imagen peregrina estuvo en casa de Irson y Glorinha, quienes se la entregaron a Matilde durante una celebraci\u00f3n especial celebrada el 24 de abril. La Eucarist\u00eda fue presidida por el padre \u00c9lcio Mota, de la Congregaci\u00f3n de los Sagrados Corazones.<\/p>\n<p>En casa de Matilde, se instal\u00f3 un altar para recibir la imagen del Beato Padre Eustaquio, objeto de devoci\u00f3n para toda la familia y la comunidad local. Esta peregrinaci\u00f3n de la imagen no es un mero gesto simb\u00f3lico, sino una oportunidad para que los fieles expresen su fe y devoci\u00f3n al Beato Padre Eustaquio, buscando su intercesi\u00f3n y protecci\u00f3n en sus vidas.<\/p>\n<p>Este gesto se ha convertido en una tradici\u00f3n en la comunidad. Cada mes, una familia recibe la imagen del Beato y la conserva durante 30 d\u00edas. Al finalizar, se celebra la Santa Misa en el hogar que la imagen visita, y durante esta misma celebraci\u00f3n, otra familia recibe la imagen para pasar el mes en su compa\u00f1\u00eda, y al final, se recibe a la comunidad para celebrar la Eucarist\u00eda, y as\u00ed sucesivamente durante todo el a\u00f1o.<\/p>\n<p>La comunidad de Patroc\u00ednio contin\u00faa demostrando su devoci\u00f3n al Beato Padre Eust\u00e1quio a trav\u00e9s de estos gestos de fe y unidad, perpetuando su memoria e influencia espiritual en la regi\u00f3n donde vivi\u00f3.<\/p>","protected":false},"excerpt":{"rendered":"<p>Durante o m\u00eas de maio, a imagem do Beato Padre Eust\u00e1quio, venerado na comunidade que leva seu nome em Patroc\u00ednio, regi\u00e3o do Alto Parana\u00edba em Minas Gerais, estar\u00e1 na casa de Matilde Amaral, dando continuidade a uma tradi\u00e7\u00e3o de f\u00e9 e devo\u00e7\u00e3o. No m\u00eas de abril, a imagem peregrina esteve na resid\u00eancia de Irson e Glorinha, que a passaram para Matilde durante uma celebra\u00e7\u00e3o especial ocorrida no dia 24 de abril. A Eucaristia foi presidido pelo Padre \u00c9lcio Mota, da Congrega\u00e7\u00e3o dos Sagrados Cora\u00e7\u00f5es. Na casa de Matilde, um altar foi montado para receber a imagem do Beato Padre Eust\u00e1quio, [&hellip;]<\/p>\n","protected":false},"author":2,"featured_media":11306,"comment_status":"open","ping_status":"closed","sticky":false,"template":"","format":"standard","meta":{"_acf_changed":false,"footnotes":""},"categories":[611],"tags":[],"class_list":["post-11305","post","type-post","status-publish","format-standard","has-post-thumbnail","hentry","category-noticias"],"acf":[],"yoast_head":"<!-- This site is optimized with the Yoast SEO plugin v27.2 - https:\/\/yoast.com\/product\/yoast-seo-wordpress\/ -->\n<title>DEVO\u00c7\u00c3O: Imagem de Padre Eust\u00e1quio peregrina entre fi\u00e9is em Patroc\u00ednio-MG<\/title>\n<meta name=\"description\" content=\"Durante o m\u00eas de maio, a imagem do Beato Padre Eust\u00e1quio, venerado na comunidade que leva seu nome em Patroc\u00ednio, regi\u00e3o do Alto Parana\u00edba em Minas Gerais, estar\u00e1 na casa de Matilde Amaral, dando continuidade a uma tradi\u00e7\u00e3o de f\u00e9 e devo\u00e7\u00e3o.\" \/>\n<meta name=\"robots\" content=\"index, follow, max-snippet:-1, max-image-preview:large, max-video-preview:-1\" \/>\n<link rel=\"canonical\" href=\"https:\/\/www.padreeustaquio.com.br\/es\/imagen-devocional-del-padre-eustaquio-recorre-entre-los-fieles-en-patrocinio-mg\/\" \/>\n<meta property=\"og:locale\" content=\"es_ES\" \/>\n<meta property=\"og:type\" content=\"article\" \/>\n<meta property=\"og:title\" content=\"DEVO\u00c7\u00c3O: Imagem de Padre Eust\u00e1quio peregrina entre fi\u00e9is em Patroc\u00ednio-MG\" \/>\n<meta property=\"og:description\" content=\"Durante o m\u00eas de maio, a imagem do Beato Padre Eust\u00e1quio, venerado na comunidade que leva seu nome em Patroc\u00ednio, regi\u00e3o do Alto Parana\u00edba em Minas Gerais, estar\u00e1 na casa de Matilde Amaral, dando continuidade a uma tradi\u00e7\u00e3o de f\u00e9 e devo\u00e7\u00e3o.\" \/>\n<meta property=\"og:url\" content=\"https:\/\/www.padreeustaquio.com.br\/es\/imagen-devocional-del-padre-eustaquio-recorre-entre-los-fieles-en-patrocinio-mg\/\" \/>\n<meta property=\"og:site_name\" content=\"Padre Eust\u00e1quio\" \/>\n<meta property=\"article:publisher\" content=\"https:\/\/www.facebook.com\/beatopadreeustaquio\/\" \/>\n<meta property=\"article:published_time\" content=\"2024-05-08T11:22:30+00:00\" \/>\n<meta property=\"og:image\" content=\"https:\/\/www.padreeustaquio.com.br\/wp-content\/uploads\/2024\/05\/visita-padre-eustaquio-patrocinio.jpg\" \/>\n\t<meta property=\"og:image:width\" content=\"748\" \/>\n\t<meta property=\"og:image:height\" content=\"394\" \/>\n\t<meta property=\"og:image:type\" content=\"image\/jpeg\" \/>\n<meta name=\"author\" content=\"@sscc\" \/>\n<meta name=\"twitter:card\" content=\"summary_large_image\" \/>\n<meta name=\"twitter:creator\" content=\"@beatopeustaquio\" \/>\n<meta name=\"twitter:site\" content=\"@beatopeustaquio\" \/>\n<meta name=\"twitter:label1\" content=\"Escrito por\" \/>\n\t<meta name=\"twitter:data1\" content=\"@sscc\" \/>\n\t<meta name=\"twitter:label2\" content=\"Tiempo de lectura\" \/>\n\t<meta name=\"twitter:data2\" content=\"2 minutos\" \/>\n<script type=\"application\/ld+json\" class=\"yoast-schema-graph\">{\"@context\":\"https:\/\/schema.org\",\"@graph\":[{\"@type\":\"Article\",\"@id\":\"https:\/\/www.padreeustaquio.com.br\/devocao-imagem-de-padre-eustaquio-peregrina-entre-fieis-em-patrocinio-mg\/#article\",\"isPartOf\":{\"@id\":\"https:\/\/www.padreeustaquio.com.br\/devocao-imagem-de-padre-eustaquio-peregrina-entre-fieis-em-patrocinio-mg\/\"},\"author\":{\"name\":\"@sscc\",\"@id\":\"https:\/\/www.padreeustaquio.com.br\/#\/schema\/person\/a2a51db1d00f1a7af0204a0f1ddb1566\"},\"headline\":\"DEVO\u00c7\u00c3O: Imagem de Padre Eust\u00e1quio peregrina entre fi\u00e9is em Patroc\u00ednio-MG\",\"datePublished\":\"2024-05-08T11:22:30+00:00\",\"mainEntityOfPage\":{\"@id\":\"https:\/\/www.padreeustaquio.com.br\/devocao-imagem-de-padre-eustaquio-peregrina-entre-fieis-em-patrocinio-mg\/\"},\"wordCount\":300,\"commentCount\":0,\"publisher\":{\"@id\":\"https:\/\/www.padreeustaquio.com.br\/#organization\"},\"image\":{\"@id\":\"https:\/\/www.padreeustaquio.com.br\/devocao-imagem-de-padre-eustaquio-peregrina-entre-fieis-em-patrocinio-mg\/#primaryimage\"},\"thumbnailUrl\":\"https:\/\/www.padreeustaquio.com.br\/wp-content\/uploads\/2024\/05\/visita-padre-eustaquio-patrocinio.jpg\",\"articleSection\":[\"Not\u00edcias\"],\"inLanguage\":\"es\",\"potentialAction\":[{\"@type\":\"CommentAction\",\"name\":\"Comment\",\"target\":[\"https:\/\/www.padreeustaquio.com.br\/devocao-imagem-de-padre-eustaquio-peregrina-entre-fieis-em-patrocinio-mg\/#respond\"]}]},{\"@type\":\"WebPage\",\"@id\":\"https:\/\/www.padreeustaquio.com.br\/devocao-imagem-de-padre-eustaquio-peregrina-entre-fieis-em-patrocinio-mg\/\",\"url\":\"https:\/\/www.padreeustaquio.com.br\/devocao-imagem-de-padre-eustaquio-peregrina-entre-fieis-em-patrocinio-mg\/\",\"name\":\"DEVO\u00c7\u00c3O: Imagem de Padre Eust\u00e1quio peregrina entre fi\u00e9is em Patroc\u00ednio-MG\",\"isPartOf\":{\"@id\":\"https:\/\/www.padreeustaquio.com.br\/#website\"},\"primaryImageOfPage\":{\"@id\":\"https:\/\/www.padreeustaquio.com.br\/devocao-imagem-de-padre-eustaquio-peregrina-entre-fieis-em-patrocinio-mg\/#primaryimage\"},\"image\":{\"@id\":\"https:\/\/www.padreeustaquio.com.br\/devocao-imagem-de-padre-eustaquio-peregrina-entre-fieis-em-patrocinio-mg\/#primaryimage\"},\"thumbnailUrl\":\"https:\/\/www.padreeustaquio.com.br\/wp-content\/uploads\/2024\/05\/visita-padre-eustaquio-patrocinio.jpg\",\"datePublished\":\"2024-05-08T11:22:30+00:00\",\"description\":\"Durante o m\u00eas de maio, a imagem do Beato Padre Eust\u00e1quio, venerado na comunidade que leva seu nome em Patroc\u00ednio, regi\u00e3o do Alto Parana\u00edba em Minas Gerais, estar\u00e1 na casa de Matilde Amaral, dando continuidade a uma tradi\u00e7\u00e3o de f\u00e9 e devo\u00e7\u00e3o.\",\"breadcrumb\":{\"@id\":\"https:\/\/www.padreeustaquio.com.br\/devocao-imagem-de-padre-eustaquio-peregrina-entre-fieis-em-patrocinio-mg\/#breadcrumb\"},\"inLanguage\":\"es\",\"potentialAction\":[{\"@type\":\"ReadAction\",\"target\":[\"https:\/\/www.padreeustaquio.com.br\/devocao-imagem-de-padre-eustaquio-peregrina-entre-fieis-em-patrocinio-mg\/\"]}]},{\"@type\":\"ImageObject\",\"inLanguage\":\"es\",\"@id\":\"https:\/\/www.padreeustaquio.com.br\/devocao-imagem-de-padre-eustaquio-peregrina-entre-fieis-em-patrocinio-mg\/#primaryimage\",\"url\":\"https:\/\/www.padreeustaquio.com.br\/wp-content\/uploads\/2024\/05\/visita-padre-eustaquio-patrocinio.jpg\",\"contentUrl\":\"https:\/\/www.padreeustaquio.com.br\/wp-content\/uploads\/2024\/05\/visita-padre-eustaquio-patrocinio.jpg\",\"width\":748,\"height\":394},{\"@type\":\"BreadcrumbList\",\"@id\":\"https:\/\/www.padreeustaquio.com.br\/devocao-imagem-de-padre-eustaquio-peregrina-entre-fieis-em-patrocinio-mg\/#breadcrumb\",\"itemListElement\":[{\"@type\":\"ListItem\",\"position\":1,\"name\":\"In\u00edcio\",\"item\":\"https:\/\/www.padreeustaquio.com.br\/\"},{\"@type\":\"ListItem\",\"position\":2,\"name\":\"DEVO\u00c7\u00c3O: Imagem de Padre Eust\u00e1quio peregrina entre fi\u00e9is em Patroc\u00ednio-MG\"}]},{\"@type\":\"WebSite\",\"@id\":\"https:\/\/www.padreeustaquio.com.br\/#website\",\"url\":\"https:\/\/www.padreeustaquio.com.br\/\",\"name\":\"Padre Eust\u00e1quio\",\"description\":\"Sa\u00fade e Paz\",\"publisher\":{\"@id\":\"https:\/\/www.padreeustaquio.com.br\/#organization\"},\"potentialAction\":[{\"@type\":\"SearchAction\",\"target\":{\"@type\":\"EntryPoint\",\"urlTemplate\":\"https:\/\/www.padreeustaquio.com.br\/?s={search_term_string}\"},\"query-input\":{\"@type\":\"PropertyValueSpecification\",\"valueRequired\":true,\"valueName\":\"search_term_string\"}}],\"inLanguage\":\"es\"},{\"@type\":\"Organization\",\"@id\":\"https:\/\/www.padreeustaquio.com.br\/#organization\",\"name\":\"Padre Eust\u00e1quio\",\"url\":\"https:\/\/www.padreeustaquio.com.br\/\",\"logo\":{\"@type\":\"ImageObject\",\"inLanguage\":\"es\",\"@id\":\"https:\/\/www.padreeustaquio.com.br\/#\/schema\/logo\/image\/\",\"url\":\"https:\/\/www.padreeustaquio.com.br\/wp-content\/uploads\/2019\/08\/marca.png\",\"contentUrl\":\"https:\/\/www.padreeustaquio.com.br\/wp-content\/uploads\/2019\/08\/marca.png\",\"width\":350,\"height\":400,\"caption\":\"Padre Eust\u00e1quio\"},\"image\":{\"@id\":\"https:\/\/www.padreeustaquio.com.br\/#\/schema\/logo\/image\/\"},\"sameAs\":[\"https:\/\/www.facebook.com\/beatopadreeustaquio\/\",\"https:\/\/x.com\/beatopeustaquio\",\"https:\/\/www.instagram.com\/beatopadreeustaquio\/\",\"https:\/\/www.youtube.com\/channel\/UCRhw7vfabnajwLxb1ZXMeIw\"]},{\"@type\":\"Person\",\"@id\":\"https:\/\/www.padreeustaquio.com.br\/#\/schema\/person\/a2a51db1d00f1a7af0204a0f1ddb1566\",\"name\":\"@sscc\",\"image\":{\"@type\":\"ImageObject\",\"inLanguage\":\"es\",\"@id\":\"https:\/\/secure.gravatar.com\/avatar\/68cfafa5f44617fea54071e215026e0ff06be366c3d54a8425f04fdcb86f8c5f?s=96&d=mm&r=g\",\"url\":\"https:\/\/secure.gravatar.com\/avatar\/68cfafa5f44617fea54071e215026e0ff06be366c3d54a8425f04fdcb86f8c5f?s=96&d=mm&r=g\",\"contentUrl\":\"https:\/\/secure.gravatar.com\/avatar\/68cfafa5f44617fea54071e215026e0ff06be366c3d54a8425f04fdcb86f8c5f?s=96&d=mm&r=g\",\"caption\":\"@sscc\"},\"url\":\"https:\/\/www.padreeustaquio.com.br\/es\/author\/sscc\/\"}]}<\/script>\n<!-- \/ Yoast SEO plugin. -->","yoast_head_json":{"title":"DEVOCI\u00d3N: Imagen del Padre Eust\u00e1quio viaja entre los fieles en Patroc\u00ednio-MG","description":"Durante el mes de mayo, la imagen del Beato Padre Eust\u00e1quio, venerada en la comunidad que lleva su nombre en Patroc\u00ednio, en la regi\u00f3n del Alto Parana\u00edba de Minas Gerais, estar\u00e1 en la casa de Matilde Amaral, dando continuidad a una tradici\u00f3n de fe y devoci\u00f3n.","robots":{"index":"index","follow":"follow","max-snippet":"max-snippet:-1","max-image-preview":"max-image-preview:large","max-video-preview":"max-video-preview:-1"},"canonical":"https:\/\/www.padreeustaquio.com.br\/es\/imagen-devocional-del-padre-eustaquio-recorre-entre-los-fieles-en-patrocinio-mg\/","og_locale":"es_ES","og_type":"article","og_title":"DEVO\u00c7\u00c3O: Imagem de Padre Eust\u00e1quio peregrina entre fi\u00e9is em Patroc\u00ednio-MG","og_description":"Durante o m\u00eas de maio, a imagem do Beato Padre Eust\u00e1quio, venerado na comunidade que leva seu nome em Patroc\u00ednio, regi\u00e3o do Alto Parana\u00edba em Minas Gerais, estar\u00e1 na casa de Matilde Amaral, dando continuidade a uma tradi\u00e7\u00e3o de f\u00e9 e devo\u00e7\u00e3o.","og_url":"https:\/\/www.padreeustaquio.com.br\/es\/imagen-devocional-del-padre-eustaquio-recorre-entre-los-fieles-en-patrocinio-mg\/","og_site_name":"Padre Eust\u00e1quio","article_publisher":"https:\/\/www.facebook.com\/beatopadreeustaquio\/","article_published_time":"2024-05-08T11:22:30+00:00","og_image":[{"width":748,"height":394,"url":"https:\/\/www.padreeustaquio.com.br\/wp-content\/uploads\/2024\/05\/visita-padre-eustaquio-patrocinio.jpg","type":"image\/jpeg"}],"author":"@sscc","twitter_card":"summary_large_image","twitter_creator":"@beatopeustaquio","twitter_site":"@beatopeustaquio","twitter_misc":{"Escrito por":"@sscc","Tiempo de lectura":"2 minutos"},"schema":{"@context":"https:\/\/schema.org","@graph":[{"@type":"Article","@id":"https:\/\/www.padreeustaquio.com.br\/devocao-imagem-de-padre-eustaquio-peregrina-entre-fieis-em-patrocinio-mg\/#article","isPartOf":{"@id":"https:\/\/www.padreeustaquio.com.br\/devocao-imagem-de-padre-eustaquio-peregrina-entre-fieis-em-patrocinio-mg\/"},"author":{"name":"@sscc","@id":"https:\/\/www.padreeustaquio.com.br\/#\/schema\/person\/a2a51db1d00f1a7af0204a0f1ddb1566"},"headline":"DEVO\u00c7\u00c3O: Imagem de Padre Eust\u00e1quio peregrina entre fi\u00e9is em Patroc\u00ednio-MG","datePublished":"2024-05-08T11:22:30+00:00","mainEntityOfPage":{"@id":"https:\/\/www.padreeustaquio.com.br\/devocao-imagem-de-padre-eustaquio-peregrina-entre-fieis-em-patrocinio-mg\/"},"wordCount":300,"commentCount":0,"publisher":{"@id":"https:\/\/www.padreeustaquio.com.br\/#organization"},"image":{"@id":"https:\/\/www.padreeustaquio.com.br\/devocao-imagem-de-padre-eustaquio-peregrina-entre-fieis-em-patrocinio-mg\/#primaryimage"},"thumbnailUrl":"https:\/\/www.padreeustaquio.com.br\/wp-content\/uploads\/2024\/05\/visita-padre-eustaquio-patrocinio.jpg","articleSection":["Not\u00edcias"],"inLanguage":"es","potentialAction":[{"@type":"CommentAction","name":"Comment","target":["https:\/\/www.padreeustaquio.com.br\/devocao-imagem-de-padre-eustaquio-peregrina-entre-fieis-em-patrocinio-mg\/#respond"]}]},{"@type":"WebPage","@id":"https:\/\/www.padreeustaquio.com.br\/devocao-imagem-de-padre-eustaquio-peregrina-entre-fieis-em-patrocinio-mg\/","url":"https:\/\/www.padreeustaquio.com.br\/devocao-imagem-de-padre-eustaquio-peregrina-entre-fieis-em-patrocinio-mg\/","name":"DEVOCI\u00d3N: Imagen del Padre Eust\u00e1quio viaja entre los fieles en Patroc\u00ednio-MG","isPartOf":{"@id":"https:\/\/www.padreeustaquio.com.br\/#website"},"primaryImageOfPage":{"@id":"https:\/\/www.padreeustaquio.com.br\/devocao-imagem-de-padre-eustaquio-peregrina-entre-fieis-em-patrocinio-mg\/#primaryimage"},"image":{"@id":"https:\/\/www.padreeustaquio.com.br\/devocao-imagem-de-padre-eustaquio-peregrina-entre-fieis-em-patrocinio-mg\/#primaryimage"},"thumbnailUrl":"https:\/\/www.padreeustaquio.com.br\/wp-content\/uploads\/2024\/05\/visita-padre-eustaquio-patrocinio.jpg","datePublished":"2024-05-08T11:22:30+00:00","description":"Durante el mes de mayo, la imagen del Beato Padre Eust\u00e1quio, venerada en la comunidad que lleva su nombre en Patroc\u00ednio, en la regi\u00f3n del Alto Parana\u00edba de Minas Gerais, estar\u00e1 en la casa de Matilde Amaral, dando continuidad a una tradici\u00f3n de fe y devoci\u00f3n.","breadcrumb":{"@id":"https:\/\/www.padreeustaquio.com.br\/devocao-imagem-de-padre-eustaquio-peregrina-entre-fieis-em-patrocinio-mg\/#breadcrumb"},"inLanguage":"es","potentialAction":[{"@type":"ReadAction","target":["https:\/\/www.padreeustaquio.com.br\/devocao-imagem-de-padre-eustaquio-peregrina-entre-fieis-em-patrocinio-mg\/"]}]},{"@type":"ImageObject","inLanguage":"es","@id":"https:\/\/www.padreeustaquio.com.br\/devocao-imagem-de-padre-eustaquio-peregrina-entre-fieis-em-patrocinio-mg\/#primaryimage","url":"https:\/\/www.padreeustaquio.com.br\/wp-content\/uploads\/2024\/05\/visita-padre-eustaquio-patrocinio.jpg","contentUrl":"https:\/\/www.padreeustaquio.com.br\/wp-content\/uploads\/2024\/05\/visita-padre-eustaquio-patrocinio.jpg","width":748,"height":394},{"@type":"BreadcrumbList","@id":"https:\/\/www.padreeustaquio.com.br\/devocao-imagem-de-padre-eustaquio-peregrina-entre-fieis-em-patrocinio-mg\/#breadcrumb","itemListElement":[{"@type":"ListItem","position":1,"name":"In\u00edcio","item":"https:\/\/www.padreeustaquio.com.br\/"},{"@type":"ListItem","position":2,"name":"DEVO\u00c7\u00c3O: Imagem de Padre Eust\u00e1quio peregrina entre fi\u00e9is em Patroc\u00ednio-MG"}]},{"@type":"WebSite","@id":"https:\/\/www.padreeustaquio.com.br\/#website","url":"https:\/\/www.padreeustaquio.com.br\/","name":"Padre Eustace","description":"Salud y Paz","publisher":{"@id":"https:\/\/www.padreeustaquio.com.br\/#organization"},"potentialAction":[{"@type":"SearchAction","target":{"@type":"EntryPoint","urlTemplate":"https:\/\/www.padreeustaquio.com.br\/?s={search_term_string}"},"query-input":{"@type":"PropertyValueSpecification","valueRequired":true,"valueName":"search_term_string"}}],"inLanguage":"es"},{"@type":"Organization","@id":"https:\/\/www.padreeustaquio.com.br\/#organization","name":"Padre Eustace","url":"https:\/\/www.padreeustaquio.com.br\/","logo":{"@type":"ImageObject","inLanguage":"es","@id":"https:\/\/www.padreeustaquio.com.br\/#\/schema\/logo\/image\/","url":"https:\/\/www.padreeustaquio.com.br\/wp-content\/uploads\/2019\/08\/marca.png","contentUrl":"https:\/\/www.padreeustaquio.com.br\/wp-content\/uploads\/2019\/08\/marca.png","width":350,"height":400,"caption":"Padre Eust\u00e1quio"},"image":{"@id":"https:\/\/www.padreeustaquio.com.br\/#\/schema\/logo\/image\/"},"sameAs":["https:\/\/www.facebook.com\/beatopadreeustaquio\/","https:\/\/x.com\/beatopeustaquio","https:\/\/www.instagram.com\/beatopadreeustaquio\/","https:\/\/www.youtube.com\/channel\/UCRhw7vfabnajwLxb1ZXMeIw"]},{"@type":"Person","@id":"https:\/\/www.padreeustaquio.com.br\/#\/schema\/person\/a2a51db1d00f1a7af0204a0f1ddb1566","name":"@sscc","image":{"@type":"ImageObject","inLanguage":"es","@id":"https:\/\/secure.gravatar.com\/avatar\/68cfafa5f44617fea54071e215026e0ff06be366c3d54a8425f04fdcb86f8c5f?s=96&d=mm&r=g","url":"https:\/\/secure.gravatar.com\/avatar\/68cfafa5f44617fea54071e215026e0ff06be366c3d54a8425f04fdcb86f8c5f?s=96&d=mm&r=g","contentUrl":"https:\/\/secure.gravatar.com\/avatar\/68cfafa5f44617fea54071e215026e0ff06be366c3d54a8425f04fdcb86f8c5f?s=96&d=mm&r=g","caption":"@sscc"},"url":"https:\/\/www.padreeustaquio.com.br\/es\/author\/sscc\/"}]}},"_links":{"self":[{"href":"https:\/\/www.padreeustaquio.com.br\/es\/wp-json\/wp\/v2\/posts\/11305","targetHints":{"allow":["GET"]}}],"collection":[{"href":"https:\/\/www.padreeustaquio.com.br\/es\/wp-json\/wp\/v2\/posts"}],"about":[{"href":"https:\/\/www.padreeustaquio.com.br\/es\/wp-json\/wp\/v2\/types\/post"}],"author":[{"embeddable":true,"href":"https:\/\/www.padreeustaquio.com.br\/es\/wp-json\/wp\/v2\/users\/2"}],"replies":[{"embeddable":true,"href":"https:\/\/www.padreeustaquio.com.br\/es\/wp-json\/wp\/v2\/comments?post=11305"}],"version-history":[{"count":0,"href":"https:\/\/www.padreeustaquio.com.br\/es\/wp-json\/wp\/v2\/posts\/11305\/revisions"}],"wp:featuredmedia":[{"embeddable":true,"href":"https:\/\/www.padreeustaquio.com.br\/es\/wp-json\/wp\/v2\/media\/11306"}],"wp:attachment":[{"href":"https:\/\/www.padreeustaquio.com.br\/es\/wp-json\/wp\/v2\/media?parent=11305"}],"wp:term":[{"taxonomy":"category","embeddable":true,"href":"https:\/\/www.padreeustaquio.com.br\/es\/wp-json\/wp\/v2\/categories?post=11305"},{"taxonomy":"post_tag","embeddable":true,"href":"https:\/\/www.padreeustaquio.com.br\/es\/wp-json\/wp\/v2\/tags?post=11305"}],"curies":[{"name":"wp","href":"https:\/\/api.w.org\/{rel}","templated":true}]}}