{"id":11293,"date":"2024-05-02T22:03:17","date_gmt":"2024-05-03T01:03:17","guid":{"rendered":"https:\/\/www.padreeustaquio.com.br\/?p=11293"},"modified":"2024-05-02T22:03:17","modified_gmt":"2024-05-03T01:03:17","slug":"vicepostulador-de-la-causa-del-padre-eustaquio-preside-celebraciones-especiales-en-romaria-mg","status":"publish","type":"post","link":"https:\/\/www.padreeustaquio.com.br\/es\/vicepostulador-de-la-causa-del-padre-eustaquio-preside-celebraciones-especiales-en-romaria-mg\/","title":{"rendered":"Vicepostulador de la Causa del Padre Eust\u00e1quio preside celebraciones especiales en Romaria-MG."},"content":{"rendered":"<p>El pasado martes 30 de abril, el vicepostulador de la Causa de Canonizaci\u00f3n del Padre Eust\u00e1quio, Padre Vin\u00edcius Maciel, sscc, presidi\u00f3 dos celebraciones en la ciudad de Romaria\/MG.<\/p>\n<p>La primera tuvo lugar en el Santuario de Nuestra Se\u00f1ora de la Abad\u00eda, la primera iglesia donde el Padre Eust\u00e1quio fue p\u00e1rroco en Brasil. Esta celebraci\u00f3n en honor al Sant\u00edsimo se realiza mensualmente, el d\u00eda 30, a las 15:00 h, uniendo a los fieles en oraci\u00f3n.<\/p>\n<p>A las 19:00, en el Oratorio Padre Eust\u00e1quio, se celebr\u00f3 otra misa presidida por el vicepostulador de la Causa de Canonizaci\u00f3n del Beato. La misa reuni\u00f3 a los devotos del sacerdote holand\u00e9s en una celebraci\u00f3n llena de espiritualidad y comuni\u00f3n.<\/p>\n<p>Estas celebraciones resaltan la importancia y el legado del Padre Eust\u00e1quio en la ciudad de Romaria (antigua \u00c1gua Suja, en la regi\u00f3n del Tri\u00e1ngulo Mineiro), perpetuando su memoria e inspirando generaciones.<\/p>\n\n\t\t<style type=\"text\/css\">\n\t\t\t#gallery-1 {\n\t\t\t\tmargin: auto;\n\t\t\t}\n\t\t\t#gallery-1 .gallery-item {\n\t\t\t\tfloat: left;\n\t\t\t\tmargin-top: 10px;\n\t\t\t\ttext-align: center;\n\t\t\t\twidth: 33%;\n\t\t\t}\n\t\t\t#gallery-1 img {\n\t\t\t\tborder: 2px solid #cfcfcf;\n\t\t\t}\n\t\t\t#gallery-1 .gallery-caption {\n\t\t\t\tmargin-left: 0;\n\t\t\t}\n\t\t\t\/* see gallery_shortcode() in wp-includes\/media.php *\/\n\t\t<\/style>\n\t\t<div id='gallery-1' class='gallery galleryid-11293 gallery-columns-3 gallery-size-thumbnail'><dl class='gallery-item'>\n\t\t\t<dt class='gallery-icon portrait'>\n\t\t\t\t<a href='https:\/\/www.padreeustaquio.com.br\/es\/vicepostulador-de-la-causa-del-padre-eustaquio-preside-celebraciones-especiales-en-romaria-mg\/padre-vinicius-em-romaria-1\/'><img decoding=\"async\" width=\"150\" height=\"150\" src=\"https:\/\/www.padreeustaquio.com.br\/wp-content\/uploads\/2024\/05\/padre-vinicius-em-romaria-1-150x150.jpeg\" class=\"attachment-thumbnail size-thumbnail\" alt=\"\" srcset=\"https:\/\/www.padreeustaquio.com.br\/wp-content\/uploads\/2024\/05\/padre-vinicius-em-romaria-1-150x150.jpeg 150w, https:\/\/www.padreeustaquio.com.br\/wp-content\/uploads\/2024\/05\/padre-vinicius-em-romaria-1-75x75.jpeg 75w, https:\/\/www.padreeustaquio.com.br\/wp-content\/uploads\/2024\/05\/padre-vinicius-em-romaria-1-180x180.jpeg 180w, https:\/\/www.padreeustaquio.com.br\/wp-content\/uploads\/2024\/05\/padre-vinicius-em-romaria-1-400x400.jpeg 400w, https:\/\/www.padreeustaquio.com.br\/wp-content\/uploads\/2024\/05\/padre-vinicius-em-romaria-1-600x600.jpeg 600w, https:\/\/www.padreeustaquio.com.br\/wp-content\/uploads\/2024\/05\/padre-vinicius-em-romaria-1-900x900.jpeg 900w\" sizes=\"(max-width: 150px) 100vw, 150px\" \/><\/a>\n\t\t\t<\/dt><\/dl><dl class='gallery-item'>\n\t\t\t<dt class='gallery-icon portrait'>\n\t\t\t\t<a href='https:\/\/www.padreeustaquio.com.br\/es\/vicepostulador-de-la-causa-del-padre-eustaquio-preside-celebraciones-especiales-en-romaria-mg\/padre-vinicius-em-romaria-8\/'><img decoding=\"async\" width=\"150\" height=\"150\" src=\"https:\/\/www.padreeustaquio.com.br\/wp-content\/uploads\/2024\/05\/padre-vinicius-em-romaria-8-150x150.jpeg\" class=\"attachment-thumbnail size-thumbnail\" alt=\"\" srcset=\"https:\/\/www.padreeustaquio.com.br\/wp-content\/uploads\/2024\/05\/padre-vinicius-em-romaria-8-150x150.jpeg 150w, https:\/\/www.padreeustaquio.com.br\/wp-content\/uploads\/2024\/05\/padre-vinicius-em-romaria-8-75x75.jpeg 75w, https:\/\/www.padreeustaquio.com.br\/wp-content\/uploads\/2024\/05\/padre-vinicius-em-romaria-8-180x180.jpeg 180w, https:\/\/www.padreeustaquio.com.br\/wp-content\/uploads\/2024\/05\/padre-vinicius-em-romaria-8-400x400.jpeg 400w, https:\/\/www.padreeustaquio.com.br\/wp-content\/uploads\/2024\/05\/padre-vinicius-em-romaria-8-600x600.jpeg 600w, https:\/\/www.padreeustaquio.com.br\/wp-content\/uploads\/2024\/05\/padre-vinicius-em-romaria-8-900x900.jpeg 900w\" sizes=\"(max-width: 150px) 100vw, 150px\" \/><\/a>\n\t\t\t<\/dt><\/dl><dl class='gallery-item'>\n\t\t\t<dt class='gallery-icon portrait'>\n\t\t\t\t<a href='https:\/\/www.padreeustaquio.com.br\/es\/vicepostulador-de-la-causa-del-padre-eustaquio-preside-celebraciones-especiales-en-romaria-mg\/padre-vinicius-em-romaria-7\/'><img decoding=\"async\" width=\"150\" height=\"150\" src=\"https:\/\/www.padreeustaquio.com.br\/wp-content\/uploads\/2024\/05\/padre-vinicius-em-romaria-7-150x150.jpeg\" class=\"attachment-thumbnail size-thumbnail\" alt=\"\" srcset=\"https:\/\/www.padreeustaquio.com.br\/wp-content\/uploads\/2024\/05\/padre-vinicius-em-romaria-7-150x150.jpeg 150w, https:\/\/www.padreeustaquio.com.br\/wp-content\/uploads\/2024\/05\/padre-vinicius-em-romaria-7-75x75.jpeg 75w, https:\/\/www.padreeustaquio.com.br\/wp-content\/uploads\/2024\/05\/padre-vinicius-em-romaria-7-180x180.jpeg 180w, https:\/\/www.padreeustaquio.com.br\/wp-content\/uploads\/2024\/05\/padre-vinicius-em-romaria-7-400x400.jpeg 400w, https:\/\/www.padreeustaquio.com.br\/wp-content\/uploads\/2024\/05\/padre-vinicius-em-romaria-7-600x600.jpeg 600w, https:\/\/www.padreeustaquio.com.br\/wp-content\/uploads\/2024\/05\/padre-vinicius-em-romaria-7-900x900.jpeg 900w\" sizes=\"(max-width: 150px) 100vw, 150px\" \/><\/a>\n\t\t\t<\/dt><\/dl><br style=\"clear: both\" \/><dl class='gallery-item'>\n\t\t\t<dt class='gallery-icon portrait'>\n\t\t\t\t<a href='https:\/\/www.padreeustaquio.com.br\/es\/vicepostulador-de-la-causa-del-padre-eustaquio-preside-celebraciones-especiales-en-romaria-mg\/padre-vinicius-em-romaria-6\/'><img loading=\"lazy\" decoding=\"async\" width=\"150\" height=\"150\" src=\"https:\/\/www.padreeustaquio.com.br\/wp-content\/uploads\/2024\/05\/padre-vinicius-em-romaria-6-150x150.jpeg\" class=\"attachment-thumbnail size-thumbnail\" alt=\"\" srcset=\"https:\/\/www.padreeustaquio.com.br\/wp-content\/uploads\/2024\/05\/padre-vinicius-em-romaria-6-150x150.jpeg 150w, https:\/\/www.padreeustaquio.com.br\/wp-content\/uploads\/2024\/05\/padre-vinicius-em-romaria-6-75x75.jpeg 75w, https:\/\/www.padreeustaquio.com.br\/wp-content\/uploads\/2024\/05\/padre-vinicius-em-romaria-6-180x180.jpeg 180w, https:\/\/www.padreeustaquio.com.br\/wp-content\/uploads\/2024\/05\/padre-vinicius-em-romaria-6-400x400.jpeg 400w, https:\/\/www.padreeustaquio.com.br\/wp-content\/uploads\/2024\/05\/padre-vinicius-em-romaria-6-600x600.jpeg 600w, https:\/\/www.padreeustaquio.com.br\/wp-content\/uploads\/2024\/05\/padre-vinicius-em-romaria-6-900x900.jpeg 900w\" sizes=\"(max-width: 150px) 100vw, 150px\" \/><\/a>\n\t\t\t<\/dt><\/dl><dl class='gallery-item'>\n\t\t\t<dt class='gallery-icon portrait'>\n\t\t\t\t<a href='https:\/\/www.padreeustaquio.com.br\/es\/vicepostulador-de-la-causa-del-padre-eustaquio-preside-celebraciones-especiales-en-romaria-mg\/padre-vinicius-em-romaria-5\/'><img loading=\"lazy\" decoding=\"async\" width=\"150\" height=\"150\" src=\"https:\/\/www.padreeustaquio.com.br\/wp-content\/uploads\/2024\/05\/padre-vinicius-em-romaria-5-150x150.jpeg\" class=\"attachment-thumbnail size-thumbnail\" alt=\"\" srcset=\"https:\/\/www.padreeustaquio.com.br\/wp-content\/uploads\/2024\/05\/padre-vinicius-em-romaria-5-150x150.jpeg 150w, https:\/\/www.padreeustaquio.com.br\/wp-content\/uploads\/2024\/05\/padre-vinicius-em-romaria-5-75x75.jpeg 75w, https:\/\/www.padreeustaquio.com.br\/wp-content\/uploads\/2024\/05\/padre-vinicius-em-romaria-5-180x180.jpeg 180w, https:\/\/www.padreeustaquio.com.br\/wp-content\/uploads\/2024\/05\/padre-vinicius-em-romaria-5-400x400.jpeg 400w, https:\/\/www.padreeustaquio.com.br\/wp-content\/uploads\/2024\/05\/padre-vinicius-em-romaria-5-600x600.jpeg 600w, https:\/\/www.padreeustaquio.com.br\/wp-content\/uploads\/2024\/05\/padre-vinicius-em-romaria-5-900x900.jpeg 900w\" sizes=\"(max-width: 150px) 100vw, 150px\" \/><\/a>\n\t\t\t<\/dt><\/dl><dl class='gallery-item'>\n\t\t\t<dt class='gallery-icon portrait'>\n\t\t\t\t<a href='https:\/\/www.padreeustaquio.com.br\/es\/vicepostulador-de-la-causa-del-padre-eustaquio-preside-celebraciones-especiales-en-romaria-mg\/padre-vinicius-em-romaria-2\/'><img loading=\"lazy\" decoding=\"async\" width=\"150\" height=\"150\" src=\"https:\/\/www.padreeustaquio.com.br\/wp-content\/uploads\/2024\/05\/padre-vinicius-em-romaria-2-150x150.jpeg\" class=\"attachment-thumbnail size-thumbnail\" alt=\"\" srcset=\"https:\/\/www.padreeustaquio.com.br\/wp-content\/uploads\/2024\/05\/padre-vinicius-em-romaria-2-150x150.jpeg 150w, https:\/\/www.padreeustaquio.com.br\/wp-content\/uploads\/2024\/05\/padre-vinicius-em-romaria-2-75x75.jpeg 75w, https:\/\/www.padreeustaquio.com.br\/wp-content\/uploads\/2024\/05\/padre-vinicius-em-romaria-2-180x180.jpeg 180w, https:\/\/www.padreeustaquio.com.br\/wp-content\/uploads\/2024\/05\/padre-vinicius-em-romaria-2-400x400.jpeg 400w, https:\/\/www.padreeustaquio.com.br\/wp-content\/uploads\/2024\/05\/padre-vinicius-em-romaria-2-600x600.jpeg 600w, https:\/\/www.padreeustaquio.com.br\/wp-content\/uploads\/2024\/05\/padre-vinicius-em-romaria-2-900x900.jpeg 900w\" sizes=\"(max-width: 150px) 100vw, 150px\" \/><\/a>\n\t\t\t<\/dt><\/dl><br style=\"clear: both\" \/><dl class='gallery-item'>\n\t\t\t<dt class='gallery-icon portrait'>\n\t\t\t\t<a href='https:\/\/www.padreeustaquio.com.br\/es\/vicepostulador-de-la-causa-del-padre-eustaquio-preside-celebraciones-especiales-en-romaria-mg\/padre-vinicius-em-romaria-4\/'><img loading=\"lazy\" decoding=\"async\" width=\"150\" height=\"150\" src=\"https:\/\/www.padreeustaquio.com.br\/wp-content\/uploads\/2024\/05\/padre-vinicius-em-romaria-4-150x150.jpeg\" class=\"attachment-thumbnail size-thumbnail\" alt=\"\" srcset=\"https:\/\/www.padreeustaquio.com.br\/wp-content\/uploads\/2024\/05\/padre-vinicius-em-romaria-4-150x150.jpeg 150w, https:\/\/www.padreeustaquio.com.br\/wp-content\/uploads\/2024\/05\/padre-vinicius-em-romaria-4-75x75.jpeg 75w, https:\/\/www.padreeustaquio.com.br\/wp-content\/uploads\/2024\/05\/padre-vinicius-em-romaria-4-180x180.jpeg 180w, https:\/\/www.padreeustaquio.com.br\/wp-content\/uploads\/2024\/05\/padre-vinicius-em-romaria-4-400x400.jpeg 400w, https:\/\/www.padreeustaquio.com.br\/wp-content\/uploads\/2024\/05\/padre-vinicius-em-romaria-4-600x600.jpeg 600w, https:\/\/www.padreeustaquio.com.br\/wp-content\/uploads\/2024\/05\/padre-vinicius-em-romaria-4-900x900.jpeg 900w\" sizes=\"(max-width: 150px) 100vw, 150px\" \/><\/a>\n\t\t\t<\/dt><\/dl><dl class='gallery-item'>\n\t\t\t<dt class='gallery-icon portrait'>\n\t\t\t\t<a href='https:\/\/www.padreeustaquio.com.br\/es\/vicepostulador-de-la-causa-del-padre-eustaquio-preside-celebraciones-especiales-en-romaria-mg\/padre-vinicius-em-romaria-3\/'><img loading=\"lazy\" decoding=\"async\" width=\"150\" height=\"150\" src=\"https:\/\/www.padreeustaquio.com.br\/wp-content\/uploads\/2024\/05\/padre-vinicius-em-romaria-3-150x150.jpeg\" class=\"attachment-thumbnail size-thumbnail\" alt=\"\" srcset=\"https:\/\/www.padreeustaquio.com.br\/wp-content\/uploads\/2024\/05\/padre-vinicius-em-romaria-3-150x150.jpeg 150w, https:\/\/www.padreeustaquio.com.br\/wp-content\/uploads\/2024\/05\/padre-vinicius-em-romaria-3-75x75.jpeg 75w, https:\/\/www.padreeustaquio.com.br\/wp-content\/uploads\/2024\/05\/padre-vinicius-em-romaria-3-180x180.jpeg 180w, https:\/\/www.padreeustaquio.com.br\/wp-content\/uploads\/2024\/05\/padre-vinicius-em-romaria-3-400x400.jpeg 400w, https:\/\/www.padreeustaquio.com.br\/wp-content\/uploads\/2024\/05\/padre-vinicius-em-romaria-3-600x600.jpeg 600w, https:\/\/www.padreeustaquio.com.br\/wp-content\/uploads\/2024\/05\/padre-vinicius-em-romaria-3-900x900.jpeg 900w\" sizes=\"(max-width: 150px) 100vw, 150px\" \/><\/a>\n\t\t\t<\/dt><\/dl>\n\t\t\t<br style='clear: both' \/>\n\t\t<\/div>\n\n<p>&nbsp;<\/p>","protected":false},"excerpt":{"rendered":"<p>Na \u00faltima ter\u00e7a-feira, dia 30 de abril, o vice-postulador da Causa de Canoniza\u00e7\u00e3o de Padre Eust\u00e1quio, o padre Vin\u00edcius Maciel, sscc, presidiu duas celebra\u00e7\u00f5es na cidade de Romaria\/MG. A primeira ocorreu no Santu\u00e1rio Nossa Senhora da Abadia, primeira Igreja em que Padre Eust\u00e1quio atuou como p\u00e1roco no Brasil. Essa celebra\u00e7\u00e3o em honra ao Bem-aventurado ocorre mensalmente, no dia 30, \u00e0s 15h, unindo fi\u00e9is em ora\u00e7\u00e3o. J\u00e1 \u00e0s 19h, no Orat\u00f3rio Padre Eust\u00e1quio, outra celebra\u00e7\u00e3o foi presidida pelo vice-postulador da Causa de Canoniza\u00e7\u00e3o do Beato. A missa reuniu devotos do padre holand\u00eas para uma celebra\u00e7\u00e3o cheia de espiritualidade e comunh\u00e3o. Essas [&hellip;]<\/p>\n","protected":false},"author":2,"featured_media":11294,"comment_status":"open","ping_status":"closed","sticky":false,"template":"","format":"standard","meta":{"_acf_changed":false,"footnotes":""},"categories":[611],"tags":[],"class_list":["post-11293","post","type-post","status-publish","format-standard","has-post-thumbnail","hentry","category-noticias"],"acf":[],"yoast_head":"<!-- This site is optimized with the Yoast SEO plugin v27.2 - https:\/\/yoast.com\/product\/yoast-seo-wordpress\/ -->\n<title>Vice-postulador da Causa de Pe Eust\u00e1quio preside celebra\u00e7\u00f5es especiais em Romaria-MG<\/title>\n<meta name=\"description\" content=\"Na \u00faltima ter\u00e7a-feira, dia 30 de abril, o vice-postulador da Causa de Canoniza\u00e7\u00e3o de Padre Eust\u00e1quio, o padre Vin\u00edcius Maciel, sscc, presidiu duas celebra\u00e7\u00f5es na cidade de Romaria\/MG.\" \/>\n<meta name=\"robots\" content=\"index, follow, max-snippet:-1, max-image-preview:large, max-video-preview:-1\" \/>\n<link rel=\"canonical\" href=\"https:\/\/www.padreeustaquio.com.br\/es\/vicepostulador-de-la-causa-del-padre-eustaquio-preside-celebraciones-especiales-en-romaria-mg\/\" \/>\n<meta property=\"og:locale\" content=\"es_ES\" \/>\n<meta property=\"og:type\" content=\"article\" \/>\n<meta property=\"og:title\" content=\"Vice-postulador da Causa de Pe Eust\u00e1quio preside celebra\u00e7\u00f5es especiais em Romaria-MG\" \/>\n<meta property=\"og:description\" content=\"Na \u00faltima ter\u00e7a-feira, dia 30 de abril, o vice-postulador da Causa de Canoniza\u00e7\u00e3o de Padre Eust\u00e1quio, o padre Vin\u00edcius Maciel, sscc, presidiu duas celebra\u00e7\u00f5es na cidade de Romaria\/MG.\" \/>\n<meta property=\"og:url\" content=\"https:\/\/www.padreeustaquio.com.br\/es\/vicepostulador-de-la-causa-del-padre-eustaquio-preside-celebraciones-especiales-en-romaria-mg\/\" \/>\n<meta property=\"og:site_name\" content=\"Padre Eust\u00e1quio\" \/>\n<meta property=\"article:publisher\" content=\"https:\/\/www.facebook.com\/beatopadreeustaquio\/\" \/>\n<meta property=\"article:published_time\" content=\"2024-05-03T01:03:17+00:00\" \/>\n<meta property=\"og:image\" content=\"https:\/\/www.padreeustaquio.com.br\/wp-content\/uploads\/2024\/05\/pv-em-romaria.jpg\" \/>\n\t<meta property=\"og:image:width\" content=\"748\" \/>\n\t<meta property=\"og:image:height\" content=\"394\" \/>\n\t<meta property=\"og:image:type\" content=\"image\/jpeg\" \/>\n<meta name=\"author\" content=\"@sscc\" \/>\n<meta name=\"twitter:card\" content=\"summary_large_image\" \/>\n<meta name=\"twitter:creator\" content=\"@beatopeustaquio\" \/>\n<meta name=\"twitter:site\" content=\"@beatopeustaquio\" \/>\n<meta name=\"twitter:label1\" content=\"Escrito por\" \/>\n\t<meta name=\"twitter:data1\" content=\"@sscc\" \/>\n\t<meta name=\"twitter:label2\" content=\"Tiempo de lectura\" \/>\n\t<meta name=\"twitter:data2\" content=\"1 minuto\" \/>\n<script type=\"application\/ld+json\" class=\"yoast-schema-graph\">{\"@context\":\"https:\/\/schema.org\",\"@graph\":[{\"@type\":\"Article\",\"@id\":\"https:\/\/www.padreeustaquio.com.br\/vice-postulador-da-causa-de-pe-eustaquio-preside-celebracoes-especiais-em-romaria-mg\/#article\",\"isPartOf\":{\"@id\":\"https:\/\/www.padreeustaquio.com.br\/vice-postulador-da-causa-de-pe-eustaquio-preside-celebracoes-especiais-em-romaria-mg\/\"},\"author\":{\"name\":\"@sscc\",\"@id\":\"https:\/\/www.padreeustaquio.com.br\/#\/schema\/person\/a2a51db1d00f1a7af0204a0f1ddb1566\"},\"headline\":\"Vice-postulador da Causa de Pe Eust\u00e1quio preside celebra\u00e7\u00f5es especiais em Romaria-MG\",\"datePublished\":\"2024-05-03T01:03:17+00:00\",\"mainEntityOfPage\":{\"@id\":\"https:\/\/www.padreeustaquio.com.br\/vice-postulador-da-causa-de-pe-eustaquio-preside-celebracoes-especiais-em-romaria-mg\/\"},\"wordCount\":165,\"commentCount\":0,\"publisher\":{\"@id\":\"https:\/\/www.padreeustaquio.com.br\/#organization\"},\"image\":{\"@id\":\"https:\/\/www.padreeustaquio.com.br\/vice-postulador-da-causa-de-pe-eustaquio-preside-celebracoes-especiais-em-romaria-mg\/#primaryimage\"},\"thumbnailUrl\":\"https:\/\/www.padreeustaquio.com.br\/wp-content\/uploads\/2024\/05\/pv-em-romaria.jpg\",\"articleSection\":[\"Not\u00edcias\"],\"inLanguage\":\"es\",\"potentialAction\":[{\"@type\":\"CommentAction\",\"name\":\"Comment\",\"target\":[\"https:\/\/www.padreeustaquio.com.br\/vice-postulador-da-causa-de-pe-eustaquio-preside-celebracoes-especiais-em-romaria-mg\/#respond\"]}]},{\"@type\":\"WebPage\",\"@id\":\"https:\/\/www.padreeustaquio.com.br\/vice-postulador-da-causa-de-pe-eustaquio-preside-celebracoes-especiais-em-romaria-mg\/\",\"url\":\"https:\/\/www.padreeustaquio.com.br\/vice-postulador-da-causa-de-pe-eustaquio-preside-celebracoes-especiais-em-romaria-mg\/\",\"name\":\"Vice-postulador da Causa de Pe Eust\u00e1quio preside celebra\u00e7\u00f5es especiais em Romaria-MG\",\"isPartOf\":{\"@id\":\"https:\/\/www.padreeustaquio.com.br\/#website\"},\"primaryImageOfPage\":{\"@id\":\"https:\/\/www.padreeustaquio.com.br\/vice-postulador-da-causa-de-pe-eustaquio-preside-celebracoes-especiais-em-romaria-mg\/#primaryimage\"},\"image\":{\"@id\":\"https:\/\/www.padreeustaquio.com.br\/vice-postulador-da-causa-de-pe-eustaquio-preside-celebracoes-especiais-em-romaria-mg\/#primaryimage\"},\"thumbnailUrl\":\"https:\/\/www.padreeustaquio.com.br\/wp-content\/uploads\/2024\/05\/pv-em-romaria.jpg\",\"datePublished\":\"2024-05-03T01:03:17+00:00\",\"description\":\"Na \u00faltima ter\u00e7a-feira, dia 30 de abril, o vice-postulador da Causa de Canoniza\u00e7\u00e3o de Padre Eust\u00e1quio, o padre Vin\u00edcius Maciel, sscc, presidiu duas celebra\u00e7\u00f5es na cidade de Romaria\/MG.\",\"breadcrumb\":{\"@id\":\"https:\/\/www.padreeustaquio.com.br\/vice-postulador-da-causa-de-pe-eustaquio-preside-celebracoes-especiais-em-romaria-mg\/#breadcrumb\"},\"inLanguage\":\"es\",\"potentialAction\":[{\"@type\":\"ReadAction\",\"target\":[\"https:\/\/www.padreeustaquio.com.br\/vice-postulador-da-causa-de-pe-eustaquio-preside-celebracoes-especiais-em-romaria-mg\/\"]}]},{\"@type\":\"ImageObject\",\"inLanguage\":\"es\",\"@id\":\"https:\/\/www.padreeustaquio.com.br\/vice-postulador-da-causa-de-pe-eustaquio-preside-celebracoes-especiais-em-romaria-mg\/#primaryimage\",\"url\":\"https:\/\/www.padreeustaquio.com.br\/wp-content\/uploads\/2024\/05\/pv-em-romaria.jpg\",\"contentUrl\":\"https:\/\/www.padreeustaquio.com.br\/wp-content\/uploads\/2024\/05\/pv-em-romaria.jpg\",\"width\":748,\"height\":394},{\"@type\":\"BreadcrumbList\",\"@id\":\"https:\/\/www.padreeustaquio.com.br\/vice-postulador-da-causa-de-pe-eustaquio-preside-celebracoes-especiais-em-romaria-mg\/#breadcrumb\",\"itemListElement\":[{\"@type\":\"ListItem\",\"position\":1,\"name\":\"In\u00edcio\",\"item\":\"https:\/\/www.padreeustaquio.com.br\/\"},{\"@type\":\"ListItem\",\"position\":2,\"name\":\"Vice-postulador da Causa de Pe Eust\u00e1quio preside celebra\u00e7\u00f5es especiais em Romaria-MG\"}]},{\"@type\":\"WebSite\",\"@id\":\"https:\/\/www.padreeustaquio.com.br\/#website\",\"url\":\"https:\/\/www.padreeustaquio.com.br\/\",\"name\":\"Padre Eust\u00e1quio\",\"description\":\"Sa\u00fade e Paz\",\"publisher\":{\"@id\":\"https:\/\/www.padreeustaquio.com.br\/#organization\"},\"potentialAction\":[{\"@type\":\"SearchAction\",\"target\":{\"@type\":\"EntryPoint\",\"urlTemplate\":\"https:\/\/www.padreeustaquio.com.br\/?s={search_term_string}\"},\"query-input\":{\"@type\":\"PropertyValueSpecification\",\"valueRequired\":true,\"valueName\":\"search_term_string\"}}],\"inLanguage\":\"es\"},{\"@type\":\"Organization\",\"@id\":\"https:\/\/www.padreeustaquio.com.br\/#organization\",\"name\":\"Padre Eust\u00e1quio\",\"url\":\"https:\/\/www.padreeustaquio.com.br\/\",\"logo\":{\"@type\":\"ImageObject\",\"inLanguage\":\"es\",\"@id\":\"https:\/\/www.padreeustaquio.com.br\/#\/schema\/logo\/image\/\",\"url\":\"https:\/\/www.padreeustaquio.com.br\/wp-content\/uploads\/2019\/08\/marca.png\",\"contentUrl\":\"https:\/\/www.padreeustaquio.com.br\/wp-content\/uploads\/2019\/08\/marca.png\",\"width\":350,\"height\":400,\"caption\":\"Padre Eust\u00e1quio\"},\"image\":{\"@id\":\"https:\/\/www.padreeustaquio.com.br\/#\/schema\/logo\/image\/\"},\"sameAs\":[\"https:\/\/www.facebook.com\/beatopadreeustaquio\/\",\"https:\/\/x.com\/beatopeustaquio\",\"https:\/\/www.instagram.com\/beatopadreeustaquio\/\",\"https:\/\/www.youtube.com\/channel\/UCRhw7vfabnajwLxb1ZXMeIw\"]},{\"@type\":\"Person\",\"@id\":\"https:\/\/www.padreeustaquio.com.br\/#\/schema\/person\/a2a51db1d00f1a7af0204a0f1ddb1566\",\"name\":\"@sscc\",\"image\":{\"@type\":\"ImageObject\",\"inLanguage\":\"es\",\"@id\":\"https:\/\/secure.gravatar.com\/avatar\/68cfafa5f44617fea54071e215026e0ff06be366c3d54a8425f04fdcb86f8c5f?s=96&d=mm&r=g\",\"url\":\"https:\/\/secure.gravatar.com\/avatar\/68cfafa5f44617fea54071e215026e0ff06be366c3d54a8425f04fdcb86f8c5f?s=96&d=mm&r=g\",\"contentUrl\":\"https:\/\/secure.gravatar.com\/avatar\/68cfafa5f44617fea54071e215026e0ff06be366c3d54a8425f04fdcb86f8c5f?s=96&d=mm&r=g\",\"caption\":\"@sscc\"},\"url\":\"https:\/\/www.padreeustaquio.com.br\/es\/author\/sscc\/\"}]}<\/script>\n<!-- \/ Yoast SEO plugin. -->","yoast_head_json":{"title":"Vicepostulador de la Causa del Padre Eust\u00e1quio preside celebraciones especiales en Romaria-MG.","description":"El pasado martes 30 de abril, el vicepostulador de la Causa de Canonizaci\u00f3n del Padre Eust\u00e1quio, Padre Vin\u00edcius Maciel, sscc, presidi\u00f3 dos celebraciones en la ciudad de Romaria\/MG.","robots":{"index":"index","follow":"follow","max-snippet":"max-snippet:-1","max-image-preview":"max-image-preview:large","max-video-preview":"max-video-preview:-1"},"canonical":"https:\/\/www.padreeustaquio.com.br\/es\/vicepostulador-de-la-causa-del-padre-eustaquio-preside-celebraciones-especiales-en-romaria-mg\/","og_locale":"es_ES","og_type":"article","og_title":"Vice-postulador da Causa de Pe Eust\u00e1quio preside celebra\u00e7\u00f5es especiais em Romaria-MG","og_description":"Na \u00faltima ter\u00e7a-feira, dia 30 de abril, o vice-postulador da Causa de Canoniza\u00e7\u00e3o de Padre Eust\u00e1quio, o padre Vin\u00edcius Maciel, sscc, presidiu duas celebra\u00e7\u00f5es na cidade de Romaria\/MG.","og_url":"https:\/\/www.padreeustaquio.com.br\/es\/vicepostulador-de-la-causa-del-padre-eustaquio-preside-celebraciones-especiales-en-romaria-mg\/","og_site_name":"Padre Eust\u00e1quio","article_publisher":"https:\/\/www.facebook.com\/beatopadreeustaquio\/","article_published_time":"2024-05-03T01:03:17+00:00","og_image":[{"width":748,"height":394,"url":"https:\/\/www.padreeustaquio.com.br\/wp-content\/uploads\/2024\/05\/pv-em-romaria.jpg","type":"image\/jpeg"}],"author":"@sscc","twitter_card":"summary_large_image","twitter_creator":"@beatopeustaquio","twitter_site":"@beatopeustaquio","twitter_misc":{"Escrito por":"@sscc","Tiempo de lectura":"1 minuto"},"schema":{"@context":"https:\/\/schema.org","@graph":[{"@type":"Article","@id":"https:\/\/www.padreeustaquio.com.br\/vice-postulador-da-causa-de-pe-eustaquio-preside-celebracoes-especiais-em-romaria-mg\/#article","isPartOf":{"@id":"https:\/\/www.padreeustaquio.com.br\/vice-postulador-da-causa-de-pe-eustaquio-preside-celebracoes-especiais-em-romaria-mg\/"},"author":{"name":"@sscc","@id":"https:\/\/www.padreeustaquio.com.br\/#\/schema\/person\/a2a51db1d00f1a7af0204a0f1ddb1566"},"headline":"Vice-postulador da Causa de Pe Eust\u00e1quio preside celebra\u00e7\u00f5es especiais em Romaria-MG","datePublished":"2024-05-03T01:03:17+00:00","mainEntityOfPage":{"@id":"https:\/\/www.padreeustaquio.com.br\/vice-postulador-da-causa-de-pe-eustaquio-preside-celebracoes-especiais-em-romaria-mg\/"},"wordCount":165,"commentCount":0,"publisher":{"@id":"https:\/\/www.padreeustaquio.com.br\/#organization"},"image":{"@id":"https:\/\/www.padreeustaquio.com.br\/vice-postulador-da-causa-de-pe-eustaquio-preside-celebracoes-especiais-em-romaria-mg\/#primaryimage"},"thumbnailUrl":"https:\/\/www.padreeustaquio.com.br\/wp-content\/uploads\/2024\/05\/pv-em-romaria.jpg","articleSection":["Not\u00edcias"],"inLanguage":"es","potentialAction":[{"@type":"CommentAction","name":"Comment","target":["https:\/\/www.padreeustaquio.com.br\/vice-postulador-da-causa-de-pe-eustaquio-preside-celebracoes-especiais-em-romaria-mg\/#respond"]}]},{"@type":"WebPage","@id":"https:\/\/www.padreeustaquio.com.br\/vice-postulador-da-causa-de-pe-eustaquio-preside-celebracoes-especiais-em-romaria-mg\/","url":"https:\/\/www.padreeustaquio.com.br\/vice-postulador-da-causa-de-pe-eustaquio-preside-celebracoes-especiais-em-romaria-mg\/","name":"Vicepostulador de la Causa del Padre Eust\u00e1quio preside celebraciones especiales en Romaria-MG.","isPartOf":{"@id":"https:\/\/www.padreeustaquio.com.br\/#website"},"primaryImageOfPage":{"@id":"https:\/\/www.padreeustaquio.com.br\/vice-postulador-da-causa-de-pe-eustaquio-preside-celebracoes-especiais-em-romaria-mg\/#primaryimage"},"image":{"@id":"https:\/\/www.padreeustaquio.com.br\/vice-postulador-da-causa-de-pe-eustaquio-preside-celebracoes-especiais-em-romaria-mg\/#primaryimage"},"thumbnailUrl":"https:\/\/www.padreeustaquio.com.br\/wp-content\/uploads\/2024\/05\/pv-em-romaria.jpg","datePublished":"2024-05-03T01:03:17+00:00","description":"El pasado martes 30 de abril, el vicepostulador de la Causa de Canonizaci\u00f3n del Padre Eust\u00e1quio, Padre Vin\u00edcius Maciel, sscc, presidi\u00f3 dos celebraciones en la ciudad de Romaria\/MG.","breadcrumb":{"@id":"https:\/\/www.padreeustaquio.com.br\/vice-postulador-da-causa-de-pe-eustaquio-preside-celebracoes-especiais-em-romaria-mg\/#breadcrumb"},"inLanguage":"es","potentialAction":[{"@type":"ReadAction","target":["https:\/\/www.padreeustaquio.com.br\/vice-postulador-da-causa-de-pe-eustaquio-preside-celebracoes-especiais-em-romaria-mg\/"]}]},{"@type":"ImageObject","inLanguage":"es","@id":"https:\/\/www.padreeustaquio.com.br\/vice-postulador-da-causa-de-pe-eustaquio-preside-celebracoes-especiais-em-romaria-mg\/#primaryimage","url":"https:\/\/www.padreeustaquio.com.br\/wp-content\/uploads\/2024\/05\/pv-em-romaria.jpg","contentUrl":"https:\/\/www.padreeustaquio.com.br\/wp-content\/uploads\/2024\/05\/pv-em-romaria.jpg","width":748,"height":394},{"@type":"BreadcrumbList","@id":"https:\/\/www.padreeustaquio.com.br\/vice-postulador-da-causa-de-pe-eustaquio-preside-celebracoes-especiais-em-romaria-mg\/#breadcrumb","itemListElement":[{"@type":"ListItem","position":1,"name":"In\u00edcio","item":"https:\/\/www.padreeustaquio.com.br\/"},{"@type":"ListItem","position":2,"name":"Vice-postulador da Causa de Pe Eust\u00e1quio preside celebra\u00e7\u00f5es especiais em Romaria-MG"}]},{"@type":"WebSite","@id":"https:\/\/www.padreeustaquio.com.br\/#website","url":"https:\/\/www.padreeustaquio.com.br\/","name":"Padre Eustace","description":"Salud y Paz","publisher":{"@id":"https:\/\/www.padreeustaquio.com.br\/#organization"},"potentialAction":[{"@type":"SearchAction","target":{"@type":"EntryPoint","urlTemplate":"https:\/\/www.padreeustaquio.com.br\/?s={search_term_string}"},"query-input":{"@type":"PropertyValueSpecification","valueRequired":true,"valueName":"search_term_string"}}],"inLanguage":"es"},{"@type":"Organization","@id":"https:\/\/www.padreeustaquio.com.br\/#organization","name":"Padre Eustace","url":"https:\/\/www.padreeustaquio.com.br\/","logo":{"@type":"ImageObject","inLanguage":"es","@id":"https:\/\/www.padreeustaquio.com.br\/#\/schema\/logo\/image\/","url":"https:\/\/www.padreeustaquio.com.br\/wp-content\/uploads\/2019\/08\/marca.png","contentUrl":"https:\/\/www.padreeustaquio.com.br\/wp-content\/uploads\/2019\/08\/marca.png","width":350,"height":400,"caption":"Padre Eust\u00e1quio"},"image":{"@id":"https:\/\/www.padreeustaquio.com.br\/#\/schema\/logo\/image\/"},"sameAs":["https:\/\/www.facebook.com\/beatopadreeustaquio\/","https:\/\/x.com\/beatopeustaquio","https:\/\/www.instagram.com\/beatopadreeustaquio\/","https:\/\/www.youtube.com\/channel\/UCRhw7vfabnajwLxb1ZXMeIw"]},{"@type":"Person","@id":"https:\/\/www.padreeustaquio.com.br\/#\/schema\/person\/a2a51db1d00f1a7af0204a0f1ddb1566","name":"@sscc","image":{"@type":"ImageObject","inLanguage":"es","@id":"https:\/\/secure.gravatar.com\/avatar\/68cfafa5f44617fea54071e215026e0ff06be366c3d54a8425f04fdcb86f8c5f?s=96&d=mm&r=g","url":"https:\/\/secure.gravatar.com\/avatar\/68cfafa5f44617fea54071e215026e0ff06be366c3d54a8425f04fdcb86f8c5f?s=96&d=mm&r=g","contentUrl":"https:\/\/secure.gravatar.com\/avatar\/68cfafa5f44617fea54071e215026e0ff06be366c3d54a8425f04fdcb86f8c5f?s=96&d=mm&r=g","caption":"@sscc"},"url":"https:\/\/www.padreeustaquio.com.br\/es\/author\/sscc\/"}]}},"_links":{"self":[{"href":"https:\/\/www.padreeustaquio.com.br\/es\/wp-json\/wp\/v2\/posts\/11293","targetHints":{"allow":["GET"]}}],"collection":[{"href":"https:\/\/www.padreeustaquio.com.br\/es\/wp-json\/wp\/v2\/posts"}],"about":[{"href":"https:\/\/www.padreeustaquio.com.br\/es\/wp-json\/wp\/v2\/types\/post"}],"author":[{"embeddable":true,"href":"https:\/\/www.padreeustaquio.com.br\/es\/wp-json\/wp\/v2\/users\/2"}],"replies":[{"embeddable":true,"href":"https:\/\/www.padreeustaquio.com.br\/es\/wp-json\/wp\/v2\/comments?post=11293"}],"version-history":[{"count":0,"href":"https:\/\/www.padreeustaquio.com.br\/es\/wp-json\/wp\/v2\/posts\/11293\/revisions"}],"wp:featuredmedia":[{"embeddable":true,"href":"https:\/\/www.padreeustaquio.com.br\/es\/wp-json\/wp\/v2\/media\/11294"}],"wp:attachment":[{"href":"https:\/\/www.padreeustaquio.com.br\/es\/wp-json\/wp\/v2\/media?parent=11293"}],"wp:term":[{"taxonomy":"category","embeddable":true,"href":"https:\/\/www.padreeustaquio.com.br\/es\/wp-json\/wp\/v2\/categories?post=11293"},{"taxonomy":"post_tag","embeddable":true,"href":"https:\/\/www.padreeustaquio.com.br\/es\/wp-json\/wp\/v2\/tags?post=11293"}],"curies":[{"name":"wp","href":"https:\/\/api.w.org\/{rel}","templated":true}]}}