{"id":11241,"date":"2024-04-22T10:06:36","date_gmt":"2024-04-22T13:06:36","guid":{"rendered":"https:\/\/www.padreeustaquio.com.br\/?p=11241"},"modified":"2024-04-22T10:06:36","modified_gmt":"2024-04-22T13:06:36","slug":"estudiantes-del-centro-infantil-padre-eustaquio-visitan-a-ancianas-del-hogar-de-ancianos-dona-paula","status":"publish","type":"post","link":"https:\/\/www.padreeustaquio.com.br\/es\/estudiantes-del-centro-infantil-padre-eustaquio-visitan-a-ancianas-del-hogar-de-ancianos-dona-paula\/","title":{"rendered":"Estudiantes del Centro Infantil Padre Eust\u00e1quio visitan a mujeres mayores del Hogar Dona Paula."},"content":{"rendered":"<p>La semana pasada, el Hogar Dona Paula recibi\u00f3 una visita muy especial que trajo sonrisas a todos los residentes: los ni\u00f1os del Centro Infantil Padre Eust\u00e1quio, quienes encantaron a las ancianas con su presencia vivaz y curiosa.<\/p>\n<p>Estos momentos de interacci\u00f3n entre diferentes grupos de edad son valiosos y tienen un impacto significativo en el bienestar y la felicidad de todos los involucrados. Para las mujeres mayores, la energ\u00eda de los ni\u00f1os les aporta vitalidad y alegr\u00eda, mientras que para los ni\u00f1os, la oportunidad de interactuar con personas mayores es una oportunidad \u00fanica para aprender y compartir experiencias.<\/p>\n<p>La importancia de este intercambio va m\u00e1s all\u00e1 del mero entretenimiento. Fomenta valores fundamentales como el respeto, la empat\u00eda y el aprecio por las diferentes etapas de la vida.<\/p>\n<p><strong>La casa de Do\u00f1a Paula<\/strong><\/p>\n<p>Lar Dona Paula es un centro de atenci\u00f3n a largo plazo para mujeres mayores en situaci\u00f3n de vulnerabilidad social. El centro cuenta con un equipo comprometido con la calidad de vida de las mujeres mayores, trabajando con atenci\u00f3n y respeto hacia las residentes y sus familias.<\/p>\n<p>Actualmente, el establecimiento, mantenido por la Sociedad S\u00e3o Vicente de Paula, atiende a aproximadamente 35 mujeres mayores y cuenta con alianzas y con la comunidad para cuidar del mantenimiento de las instalaciones y del cuidado de las residentes.<\/p>\n\n\t\t<style type=\"text\/css\">\n\t\t\t#gallery-1 {\n\t\t\t\tmargin: auto;\n\t\t\t}\n\t\t\t#gallery-1 .gallery-item {\n\t\t\t\tfloat: left;\n\t\t\t\tmargin-top: 10px;\n\t\t\t\ttext-align: center;\n\t\t\t\twidth: 25%;\n\t\t\t}\n\t\t\t#gallery-1 img {\n\t\t\t\tborder: 2px solid #cfcfcf;\n\t\t\t}\n\t\t\t#gallery-1 .gallery-caption {\n\t\t\t\tmargin-left: 0;\n\t\t\t}\n\t\t\t\/* see gallery_shortcode() in wp-includes\/media.php *\/\n\t\t<\/style>\n\t\t<div id='gallery-1' class='gallery galleryid-11241 gallery-columns-4 gallery-size-thumbnail'><dl class='gallery-item'>\n\t\t\t<dt class='gallery-icon landscape'>\n\t\t\t\t<a href='https:\/\/www.padreeustaquio.com.br\/es\/estudiantes-del-centro-infantil-padre-eustaquio-visitan-a-ancianas-del-hogar-de-ancianos-dona-paula\/creche-visita-lar-dona-paula-1\/'><img decoding=\"async\" width=\"150\" height=\"150\" src=\"https:\/\/www.padreeustaquio.com.br\/wp-content\/uploads\/2024\/04\/Creche-visita-Lar-Dona-Paula-1-150x150.jpeg\" class=\"attachment-thumbnail size-thumbnail\" alt=\"\" srcset=\"https:\/\/www.padreeustaquio.com.br\/wp-content\/uploads\/2024\/04\/Creche-visita-Lar-Dona-Paula-1-150x150.jpeg 150w, https:\/\/www.padreeustaquio.com.br\/wp-content\/uploads\/2024\/04\/Creche-visita-Lar-Dona-Paula-1-300x300.jpeg 300w, https:\/\/www.padreeustaquio.com.br\/wp-content\/uploads\/2024\/04\/Creche-visita-Lar-Dona-Paula-1-1024x1024.jpeg 1024w, https:\/\/www.padreeustaquio.com.br\/wp-content\/uploads\/2024\/04\/Creche-visita-Lar-Dona-Paula-1-768x768.jpeg 768w, https:\/\/www.padreeustaquio.com.br\/wp-content\/uploads\/2024\/04\/Creche-visita-Lar-Dona-Paula-1-75x75.jpeg 75w, https:\/\/www.padreeustaquio.com.br\/wp-content\/uploads\/2024\/04\/Creche-visita-Lar-Dona-Paula-1-180x180.jpeg 180w, https:\/\/www.padreeustaquio.com.br\/wp-content\/uploads\/2024\/04\/Creche-visita-Lar-Dona-Paula-1-400x400.jpeg 400w, https:\/\/www.padreeustaquio.com.br\/wp-content\/uploads\/2024\/04\/Creche-visita-Lar-Dona-Paula-1-600x600.jpeg 600w, https:\/\/www.padreeustaquio.com.br\/wp-content\/uploads\/2024\/04\/Creche-visita-Lar-Dona-Paula-1.jpeg 1512w\" sizes=\"(max-width: 150px) 100vw, 150px\" \/><\/a>\n\t\t\t<\/dt><\/dl><dl class='gallery-item'>\n\t\t\t<dt class='gallery-icon landscape'>\n\t\t\t\t<a href='https:\/\/www.padreeustaquio.com.br\/es\/estudiantes-del-centro-infantil-padre-eustaquio-visitan-a-ancianas-del-hogar-de-ancianos-dona-paula\/creche-visita-lar-dona-paula-3\/'><img decoding=\"async\" width=\"150\" height=\"150\" src=\"https:\/\/www.padreeustaquio.com.br\/wp-content\/uploads\/2024\/04\/Creche-visita-Lar-Dona-Paula-3-150x150.jpeg\" class=\"attachment-thumbnail size-thumbnail\" alt=\"\" srcset=\"https:\/\/www.padreeustaquio.com.br\/wp-content\/uploads\/2024\/04\/Creche-visita-Lar-Dona-Paula-3-150x150.jpeg 150w, https:\/\/www.padreeustaquio.com.br\/wp-content\/uploads\/2024\/04\/Creche-visita-Lar-Dona-Paula-3-300x300.jpeg 300w, https:\/\/www.padreeustaquio.com.br\/wp-content\/uploads\/2024\/04\/Creche-visita-Lar-Dona-Paula-3-1024x1024.jpeg 1024w, https:\/\/www.padreeustaquio.com.br\/wp-content\/uploads\/2024\/04\/Creche-visita-Lar-Dona-Paula-3-768x768.jpeg 768w, https:\/\/www.padreeustaquio.com.br\/wp-content\/uploads\/2024\/04\/Creche-visita-Lar-Dona-Paula-3-75x75.jpeg 75w, https:\/\/www.padreeustaquio.com.br\/wp-content\/uploads\/2024\/04\/Creche-visita-Lar-Dona-Paula-3-180x180.jpeg 180w, https:\/\/www.padreeustaquio.com.br\/wp-content\/uploads\/2024\/04\/Creche-visita-Lar-Dona-Paula-3-400x400.jpeg 400w, https:\/\/www.padreeustaquio.com.br\/wp-content\/uploads\/2024\/04\/Creche-visita-Lar-Dona-Paula-3-600x600.jpeg 600w, https:\/\/www.padreeustaquio.com.br\/wp-content\/uploads\/2024\/04\/Creche-visita-Lar-Dona-Paula-3.jpeg 1512w\" sizes=\"(max-width: 150px) 100vw, 150px\" \/><\/a>\n\t\t\t<\/dt><\/dl><dl class='gallery-item'>\n\t\t\t<dt class='gallery-icon landscape'>\n\t\t\t\t<a href='https:\/\/www.padreeustaquio.com.br\/es\/estudiantes-del-centro-infantil-padre-eustaquio-visitan-a-ancianas-del-hogar-de-ancianos-dona-paula\/creche-visita-lar-dona-paula-4\/'><img decoding=\"async\" width=\"150\" height=\"150\" src=\"https:\/\/www.padreeustaquio.com.br\/wp-content\/uploads\/2024\/04\/Creche-visita-Lar-Dona-Paula-4-150x150.jpeg\" class=\"attachment-thumbnail size-thumbnail\" alt=\"\" srcset=\"https:\/\/www.padreeustaquio.com.br\/wp-content\/uploads\/2024\/04\/Creche-visita-Lar-Dona-Paula-4-150x150.jpeg 150w, https:\/\/www.padreeustaquio.com.br\/wp-content\/uploads\/2024\/04\/Creche-visita-Lar-Dona-Paula-4-300x300.jpeg 300w, https:\/\/www.padreeustaquio.com.br\/wp-content\/uploads\/2024\/04\/Creche-visita-Lar-Dona-Paula-4-1024x1024.jpeg 1024w, https:\/\/www.padreeustaquio.com.br\/wp-content\/uploads\/2024\/04\/Creche-visita-Lar-Dona-Paula-4-768x768.jpeg 768w, https:\/\/www.padreeustaquio.com.br\/wp-content\/uploads\/2024\/04\/Creche-visita-Lar-Dona-Paula-4-75x75.jpeg 75w, https:\/\/www.padreeustaquio.com.br\/wp-content\/uploads\/2024\/04\/Creche-visita-Lar-Dona-Paula-4-180x180.jpeg 180w, https:\/\/www.padreeustaquio.com.br\/wp-content\/uploads\/2024\/04\/Creche-visita-Lar-Dona-Paula-4-400x400.jpeg 400w, https:\/\/www.padreeustaquio.com.br\/wp-content\/uploads\/2024\/04\/Creche-visita-Lar-Dona-Paula-4-600x600.jpeg 600w, https:\/\/www.padreeustaquio.com.br\/wp-content\/uploads\/2024\/04\/Creche-visita-Lar-Dona-Paula-4.jpeg 1512w\" sizes=\"(max-width: 150px) 100vw, 150px\" \/><\/a>\n\t\t\t<\/dt><\/dl><dl class='gallery-item'>\n\t\t\t<dt class='gallery-icon landscape'>\n\t\t\t\t<a href='https:\/\/www.padreeustaquio.com.br\/es\/estudiantes-del-centro-infantil-padre-eustaquio-visitan-a-ancianas-del-hogar-de-ancianos-dona-paula\/creche-visita-lar-dona-paula-2\/'><img loading=\"lazy\" decoding=\"async\" width=\"150\" height=\"150\" src=\"https:\/\/www.padreeustaquio.com.br\/wp-content\/uploads\/2024\/04\/Creche-visita-Lar-Dona-Paula-2-150x150.jpeg\" class=\"attachment-thumbnail size-thumbnail\" alt=\"\" srcset=\"https:\/\/www.padreeustaquio.com.br\/wp-content\/uploads\/2024\/04\/Creche-visita-Lar-Dona-Paula-2-150x150.jpeg 150w, https:\/\/www.padreeustaquio.com.br\/wp-content\/uploads\/2024\/04\/Creche-visita-Lar-Dona-Paula-2-300x300.jpeg 300w, https:\/\/www.padreeustaquio.com.br\/wp-content\/uploads\/2024\/04\/Creche-visita-Lar-Dona-Paula-2-1024x1024.jpeg 1024w, https:\/\/www.padreeustaquio.com.br\/wp-content\/uploads\/2024\/04\/Creche-visita-Lar-Dona-Paula-2-768x768.jpeg 768w, https:\/\/www.padreeustaquio.com.br\/wp-content\/uploads\/2024\/04\/Creche-visita-Lar-Dona-Paula-2-75x75.jpeg 75w, https:\/\/www.padreeustaquio.com.br\/wp-content\/uploads\/2024\/04\/Creche-visita-Lar-Dona-Paula-2-180x180.jpeg 180w, https:\/\/www.padreeustaquio.com.br\/wp-content\/uploads\/2024\/04\/Creche-visita-Lar-Dona-Paula-2-400x400.jpeg 400w, https:\/\/www.padreeustaquio.com.br\/wp-content\/uploads\/2024\/04\/Creche-visita-Lar-Dona-Paula-2-600x600.jpeg 600w, https:\/\/www.padreeustaquio.com.br\/wp-content\/uploads\/2024\/04\/Creche-visita-Lar-Dona-Paula-2.jpeg 1512w\" sizes=\"(max-width: 150px) 100vw, 150px\" \/><\/a>\n\t\t\t<\/dt><\/dl><br style=\"clear: both\" \/>\n\t\t<\/div>","protected":false},"excerpt":{"rendered":"<p>O Lar Dona Paula recebeu, na \u00faltima semana, uma visita muito especial que levou sorrisos para todas as internas: crian\u00e7as da Creche Padre Eust\u00e1quio, que encantaram as idosas com suas presen\u00e7as animadas e cheias de curiosidade. Esses momentos de intera\u00e7\u00e3o entre diferentes faixas et\u00e1rias s\u00e3o preciosos e t\u00eam um impacto significativo no bem-estar e na felicidade de todos os envolvidos. Para as idosas, a energia das crian\u00e7as traz uma sensa\u00e7\u00e3o de vitalidade e alegria, enquanto para as crian\u00e7as, a oportunidade de interagir com os mais velhos \u00e9 uma chance \u00fanica de aprender e compartilhar experi\u00eancias. A import\u00e2ncia dessa troca vai [&hellip;]<\/p>\n","protected":false},"author":2,"featured_media":11242,"comment_status":"open","ping_status":"closed","sticky":false,"template":"","format":"standard","meta":{"_acf_changed":false,"footnotes":""},"categories":[611],"tags":[],"class_list":["post-11241","post","type-post","status-publish","format-standard","has-post-thumbnail","hentry","category-noticias"],"acf":[],"yoast_head":"<!-- This site is optimized with the Yoast SEO plugin v27.2 - https:\/\/yoast.com\/product\/yoast-seo-wordpress\/ -->\n<title>Alunos da Creche Padre Eust\u00e1quio visitam idosas do Lar Dona Paula<\/title>\n<meta name=\"description\" content=\"O Lar Dona Paula recebeu, na \u00faltima semana, uma visita muito especial que levou sorrisos para todas as internas: crian\u00e7as da Creche Padre Eust\u00e1quio, que encantaram as idosas com suas presen\u00e7as animadas e cheias de curiosidade.\" \/>\n<meta name=\"robots\" content=\"index, follow, max-snippet:-1, max-image-preview:large, max-video-preview:-1\" \/>\n<link rel=\"canonical\" href=\"https:\/\/www.padreeustaquio.com.br\/es\/estudiantes-del-centro-infantil-padre-eustaquio-visitan-a-ancianas-del-hogar-de-ancianos-dona-paula\/\" \/>\n<meta property=\"og:locale\" content=\"es_ES\" \/>\n<meta property=\"og:type\" content=\"article\" \/>\n<meta property=\"og:title\" content=\"Alunos da Creche Padre Eust\u00e1quio visitam idosas do Lar Dona Paula\" \/>\n<meta property=\"og:description\" content=\"O Lar Dona Paula recebeu, na \u00faltima semana, uma visita muito especial que levou sorrisos para todas as internas: crian\u00e7as da Creche Padre Eust\u00e1quio, que encantaram as idosas com suas presen\u00e7as animadas e cheias de curiosidade.\" \/>\n<meta property=\"og:url\" content=\"https:\/\/www.padreeustaquio.com.br\/es\/estudiantes-del-centro-infantil-padre-eustaquio-visitan-a-ancianas-del-hogar-de-ancianos-dona-paula\/\" \/>\n<meta property=\"og:site_name\" content=\"Padre Eust\u00e1quio\" \/>\n<meta property=\"article:publisher\" content=\"https:\/\/www.facebook.com\/beatopadreeustaquio\/\" \/>\n<meta property=\"article:published_time\" content=\"2024-04-22T13:06:36+00:00\" \/>\n<meta property=\"og:image\" content=\"https:\/\/www.padreeustaquio.com.br\/wp-content\/uploads\/2024\/04\/creche-visita-lar.jpg\" \/>\n\t<meta property=\"og:image:width\" content=\"748\" \/>\n\t<meta property=\"og:image:height\" content=\"394\" \/>\n\t<meta property=\"og:image:type\" content=\"image\/jpeg\" \/>\n<meta name=\"author\" content=\"@sscc\" \/>\n<meta name=\"twitter:card\" content=\"summary_large_image\" \/>\n<meta name=\"twitter:creator\" content=\"@beatopeustaquio\" \/>\n<meta name=\"twitter:site\" content=\"@beatopeustaquio\" \/>\n<meta name=\"twitter:label1\" content=\"Escrito por\" \/>\n\t<meta name=\"twitter:data1\" content=\"@sscc\" \/>\n\t<meta name=\"twitter:label2\" content=\"Tiempo de lectura\" \/>\n\t<meta name=\"twitter:data2\" content=\"2 minutos\" \/>\n<script type=\"application\/ld+json\" class=\"yoast-schema-graph\">{\"@context\":\"https:\/\/schema.org\",\"@graph\":[{\"@type\":\"Article\",\"@id\":\"https:\/\/www.padreeustaquio.com.br\/alunos-da-creche-padre-eustaquio-visitam-idosas-do-lar-dona-paula\/#article\",\"isPartOf\":{\"@id\":\"https:\/\/www.padreeustaquio.com.br\/alunos-da-creche-padre-eustaquio-visitam-idosas-do-lar-dona-paula\/\"},\"author\":{\"name\":\"@sscc\",\"@id\":\"https:\/\/www.padreeustaquio.com.br\/#\/schema\/person\/a2a51db1d00f1a7af0204a0f1ddb1566\"},\"headline\":\"Alunos da Creche Padre Eust\u00e1quio visitam idosas do Lar Dona Paula\",\"datePublished\":\"2024-04-22T13:06:36+00:00\",\"mainEntityOfPage\":{\"@id\":\"https:\/\/www.padreeustaquio.com.br\/alunos-da-creche-padre-eustaquio-visitam-idosas-do-lar-dona-paula\/\"},\"wordCount\":241,\"commentCount\":0,\"publisher\":{\"@id\":\"https:\/\/www.padreeustaquio.com.br\/#organization\"},\"image\":{\"@id\":\"https:\/\/www.padreeustaquio.com.br\/alunos-da-creche-padre-eustaquio-visitam-idosas-do-lar-dona-paula\/#primaryimage\"},\"thumbnailUrl\":\"https:\/\/www.padreeustaquio.com.br\/wp-content\/uploads\/2024\/04\/creche-visita-lar.jpg\",\"articleSection\":[\"Not\u00edcias\"],\"inLanguage\":\"es\",\"potentialAction\":[{\"@type\":\"CommentAction\",\"name\":\"Comment\",\"target\":[\"https:\/\/www.padreeustaquio.com.br\/alunos-da-creche-padre-eustaquio-visitam-idosas-do-lar-dona-paula\/#respond\"]}]},{\"@type\":\"WebPage\",\"@id\":\"https:\/\/www.padreeustaquio.com.br\/alunos-da-creche-padre-eustaquio-visitam-idosas-do-lar-dona-paula\/\",\"url\":\"https:\/\/www.padreeustaquio.com.br\/alunos-da-creche-padre-eustaquio-visitam-idosas-do-lar-dona-paula\/\",\"name\":\"Alunos da Creche Padre Eust\u00e1quio visitam idosas do Lar Dona Paula\",\"isPartOf\":{\"@id\":\"https:\/\/www.padreeustaquio.com.br\/#website\"},\"primaryImageOfPage\":{\"@id\":\"https:\/\/www.padreeustaquio.com.br\/alunos-da-creche-padre-eustaquio-visitam-idosas-do-lar-dona-paula\/#primaryimage\"},\"image\":{\"@id\":\"https:\/\/www.padreeustaquio.com.br\/alunos-da-creche-padre-eustaquio-visitam-idosas-do-lar-dona-paula\/#primaryimage\"},\"thumbnailUrl\":\"https:\/\/www.padreeustaquio.com.br\/wp-content\/uploads\/2024\/04\/creche-visita-lar.jpg\",\"datePublished\":\"2024-04-22T13:06:36+00:00\",\"description\":\"O Lar Dona Paula recebeu, na \u00faltima semana, uma visita muito especial que levou sorrisos para todas as internas: crian\u00e7as da Creche Padre Eust\u00e1quio, que encantaram as idosas com suas presen\u00e7as animadas e cheias de curiosidade.\",\"breadcrumb\":{\"@id\":\"https:\/\/www.padreeustaquio.com.br\/alunos-da-creche-padre-eustaquio-visitam-idosas-do-lar-dona-paula\/#breadcrumb\"},\"inLanguage\":\"es\",\"potentialAction\":[{\"@type\":\"ReadAction\",\"target\":[\"https:\/\/www.padreeustaquio.com.br\/alunos-da-creche-padre-eustaquio-visitam-idosas-do-lar-dona-paula\/\"]}]},{\"@type\":\"ImageObject\",\"inLanguage\":\"es\",\"@id\":\"https:\/\/www.padreeustaquio.com.br\/alunos-da-creche-padre-eustaquio-visitam-idosas-do-lar-dona-paula\/#primaryimage\",\"url\":\"https:\/\/www.padreeustaquio.com.br\/wp-content\/uploads\/2024\/04\/creche-visita-lar.jpg\",\"contentUrl\":\"https:\/\/www.padreeustaquio.com.br\/wp-content\/uploads\/2024\/04\/creche-visita-lar.jpg\",\"width\":748,\"height\":394},{\"@type\":\"BreadcrumbList\",\"@id\":\"https:\/\/www.padreeustaquio.com.br\/alunos-da-creche-padre-eustaquio-visitam-idosas-do-lar-dona-paula\/#breadcrumb\",\"itemListElement\":[{\"@type\":\"ListItem\",\"position\":1,\"name\":\"In\u00edcio\",\"item\":\"https:\/\/www.padreeustaquio.com.br\/\"},{\"@type\":\"ListItem\",\"position\":2,\"name\":\"Alunos da Creche Padre Eust\u00e1quio visitam idosas do Lar Dona Paula\"}]},{\"@type\":\"WebSite\",\"@id\":\"https:\/\/www.padreeustaquio.com.br\/#website\",\"url\":\"https:\/\/www.padreeustaquio.com.br\/\",\"name\":\"Padre Eust\u00e1quio\",\"description\":\"Sa\u00fade e Paz\",\"publisher\":{\"@id\":\"https:\/\/www.padreeustaquio.com.br\/#organization\"},\"potentialAction\":[{\"@type\":\"SearchAction\",\"target\":{\"@type\":\"EntryPoint\",\"urlTemplate\":\"https:\/\/www.padreeustaquio.com.br\/?s={search_term_string}\"},\"query-input\":{\"@type\":\"PropertyValueSpecification\",\"valueRequired\":true,\"valueName\":\"search_term_string\"}}],\"inLanguage\":\"es\"},{\"@type\":\"Organization\",\"@id\":\"https:\/\/www.padreeustaquio.com.br\/#organization\",\"name\":\"Padre Eust\u00e1quio\",\"url\":\"https:\/\/www.padreeustaquio.com.br\/\",\"logo\":{\"@type\":\"ImageObject\",\"inLanguage\":\"es\",\"@id\":\"https:\/\/www.padreeustaquio.com.br\/#\/schema\/logo\/image\/\",\"url\":\"https:\/\/www.padreeustaquio.com.br\/wp-content\/uploads\/2019\/08\/marca.png\",\"contentUrl\":\"https:\/\/www.padreeustaquio.com.br\/wp-content\/uploads\/2019\/08\/marca.png\",\"width\":350,\"height\":400,\"caption\":\"Padre Eust\u00e1quio\"},\"image\":{\"@id\":\"https:\/\/www.padreeustaquio.com.br\/#\/schema\/logo\/image\/\"},\"sameAs\":[\"https:\/\/www.facebook.com\/beatopadreeustaquio\/\",\"https:\/\/x.com\/beatopeustaquio\",\"https:\/\/www.instagram.com\/beatopadreeustaquio\/\",\"https:\/\/www.youtube.com\/channel\/UCRhw7vfabnajwLxb1ZXMeIw\"]},{\"@type\":\"Person\",\"@id\":\"https:\/\/www.padreeustaquio.com.br\/#\/schema\/person\/a2a51db1d00f1a7af0204a0f1ddb1566\",\"name\":\"@sscc\",\"image\":{\"@type\":\"ImageObject\",\"inLanguage\":\"es\",\"@id\":\"https:\/\/secure.gravatar.com\/avatar\/68cfafa5f44617fea54071e215026e0ff06be366c3d54a8425f04fdcb86f8c5f?s=96&d=mm&r=g\",\"url\":\"https:\/\/secure.gravatar.com\/avatar\/68cfafa5f44617fea54071e215026e0ff06be366c3d54a8425f04fdcb86f8c5f?s=96&d=mm&r=g\",\"contentUrl\":\"https:\/\/secure.gravatar.com\/avatar\/68cfafa5f44617fea54071e215026e0ff06be366c3d54a8425f04fdcb86f8c5f?s=96&d=mm&r=g\",\"caption\":\"@sscc\"},\"url\":\"https:\/\/www.padreeustaquio.com.br\/es\/author\/sscc\/\"}]}<\/script>\n<!-- \/ Yoast SEO plugin. -->","yoast_head_json":{"title":"Estudiantes del Centro Infantil Padre Eust\u00e1quio visitan a mujeres mayores del Hogar Dona Paula.","description":"La semana pasada, el Hogar Dona Paula recibi\u00f3 una visita muy especial que trajo sonrisas a todos los residentes: los ni\u00f1os del Centro Infantil Padre Eust\u00e1quio, quienes encantaron a las ancianas con su presencia vivaz y curiosa.","robots":{"index":"index","follow":"follow","max-snippet":"max-snippet:-1","max-image-preview":"max-image-preview:large","max-video-preview":"max-video-preview:-1"},"canonical":"https:\/\/www.padreeustaquio.com.br\/es\/estudiantes-del-centro-infantil-padre-eustaquio-visitan-a-ancianas-del-hogar-de-ancianos-dona-paula\/","og_locale":"es_ES","og_type":"article","og_title":"Alunos da Creche Padre Eust\u00e1quio visitam idosas do Lar Dona Paula","og_description":"O Lar Dona Paula recebeu, na \u00faltima semana, uma visita muito especial que levou sorrisos para todas as internas: crian\u00e7as da Creche Padre Eust\u00e1quio, que encantaram as idosas com suas presen\u00e7as animadas e cheias de curiosidade.","og_url":"https:\/\/www.padreeustaquio.com.br\/es\/estudiantes-del-centro-infantil-padre-eustaquio-visitan-a-ancianas-del-hogar-de-ancianos-dona-paula\/","og_site_name":"Padre Eust\u00e1quio","article_publisher":"https:\/\/www.facebook.com\/beatopadreeustaquio\/","article_published_time":"2024-04-22T13:06:36+00:00","og_image":[{"width":748,"height":394,"url":"https:\/\/www.padreeustaquio.com.br\/wp-content\/uploads\/2024\/04\/creche-visita-lar.jpg","type":"image\/jpeg"}],"author":"@sscc","twitter_card":"summary_large_image","twitter_creator":"@beatopeustaquio","twitter_site":"@beatopeustaquio","twitter_misc":{"Escrito por":"@sscc","Tiempo de lectura":"2 minutos"},"schema":{"@context":"https:\/\/schema.org","@graph":[{"@type":"Article","@id":"https:\/\/www.padreeustaquio.com.br\/alunos-da-creche-padre-eustaquio-visitam-idosas-do-lar-dona-paula\/#article","isPartOf":{"@id":"https:\/\/www.padreeustaquio.com.br\/alunos-da-creche-padre-eustaquio-visitam-idosas-do-lar-dona-paula\/"},"author":{"name":"@sscc","@id":"https:\/\/www.padreeustaquio.com.br\/#\/schema\/person\/a2a51db1d00f1a7af0204a0f1ddb1566"},"headline":"Alunos da Creche Padre Eust\u00e1quio visitam idosas do Lar Dona Paula","datePublished":"2024-04-22T13:06:36+00:00","mainEntityOfPage":{"@id":"https:\/\/www.padreeustaquio.com.br\/alunos-da-creche-padre-eustaquio-visitam-idosas-do-lar-dona-paula\/"},"wordCount":241,"commentCount":0,"publisher":{"@id":"https:\/\/www.padreeustaquio.com.br\/#organization"},"image":{"@id":"https:\/\/www.padreeustaquio.com.br\/alunos-da-creche-padre-eustaquio-visitam-idosas-do-lar-dona-paula\/#primaryimage"},"thumbnailUrl":"https:\/\/www.padreeustaquio.com.br\/wp-content\/uploads\/2024\/04\/creche-visita-lar.jpg","articleSection":["Not\u00edcias"],"inLanguage":"es","potentialAction":[{"@type":"CommentAction","name":"Comment","target":["https:\/\/www.padreeustaquio.com.br\/alunos-da-creche-padre-eustaquio-visitam-idosas-do-lar-dona-paula\/#respond"]}]},{"@type":"WebPage","@id":"https:\/\/www.padreeustaquio.com.br\/alunos-da-creche-padre-eustaquio-visitam-idosas-do-lar-dona-paula\/","url":"https:\/\/www.padreeustaquio.com.br\/alunos-da-creche-padre-eustaquio-visitam-idosas-do-lar-dona-paula\/","name":"Estudiantes del Centro Infantil Padre Eust\u00e1quio visitan a mujeres mayores del Hogar Dona Paula.","isPartOf":{"@id":"https:\/\/www.padreeustaquio.com.br\/#website"},"primaryImageOfPage":{"@id":"https:\/\/www.padreeustaquio.com.br\/alunos-da-creche-padre-eustaquio-visitam-idosas-do-lar-dona-paula\/#primaryimage"},"image":{"@id":"https:\/\/www.padreeustaquio.com.br\/alunos-da-creche-padre-eustaquio-visitam-idosas-do-lar-dona-paula\/#primaryimage"},"thumbnailUrl":"https:\/\/www.padreeustaquio.com.br\/wp-content\/uploads\/2024\/04\/creche-visita-lar.jpg","datePublished":"2024-04-22T13:06:36+00:00","description":"La semana pasada, el Hogar Dona Paula recibi\u00f3 una visita muy especial que trajo sonrisas a todos los residentes: los ni\u00f1os del Centro Infantil Padre Eust\u00e1quio, quienes encantaron a las ancianas con su presencia vivaz y curiosa.","breadcrumb":{"@id":"https:\/\/www.padreeustaquio.com.br\/alunos-da-creche-padre-eustaquio-visitam-idosas-do-lar-dona-paula\/#breadcrumb"},"inLanguage":"es","potentialAction":[{"@type":"ReadAction","target":["https:\/\/www.padreeustaquio.com.br\/alunos-da-creche-padre-eustaquio-visitam-idosas-do-lar-dona-paula\/"]}]},{"@type":"ImageObject","inLanguage":"es","@id":"https:\/\/www.padreeustaquio.com.br\/alunos-da-creche-padre-eustaquio-visitam-idosas-do-lar-dona-paula\/#primaryimage","url":"https:\/\/www.padreeustaquio.com.br\/wp-content\/uploads\/2024\/04\/creche-visita-lar.jpg","contentUrl":"https:\/\/www.padreeustaquio.com.br\/wp-content\/uploads\/2024\/04\/creche-visita-lar.jpg","width":748,"height":394},{"@type":"BreadcrumbList","@id":"https:\/\/www.padreeustaquio.com.br\/alunos-da-creche-padre-eustaquio-visitam-idosas-do-lar-dona-paula\/#breadcrumb","itemListElement":[{"@type":"ListItem","position":1,"name":"In\u00edcio","item":"https:\/\/www.padreeustaquio.com.br\/"},{"@type":"ListItem","position":2,"name":"Alunos da Creche Padre Eust\u00e1quio visitam idosas do Lar Dona Paula"}]},{"@type":"WebSite","@id":"https:\/\/www.padreeustaquio.com.br\/#website","url":"https:\/\/www.padreeustaquio.com.br\/","name":"Padre Eustace","description":"Salud y Paz","publisher":{"@id":"https:\/\/www.padreeustaquio.com.br\/#organization"},"potentialAction":[{"@type":"SearchAction","target":{"@type":"EntryPoint","urlTemplate":"https:\/\/www.padreeustaquio.com.br\/?s={search_term_string}"},"query-input":{"@type":"PropertyValueSpecification","valueRequired":true,"valueName":"search_term_string"}}],"inLanguage":"es"},{"@type":"Organization","@id":"https:\/\/www.padreeustaquio.com.br\/#organization","name":"Padre Eustace","url":"https:\/\/www.padreeustaquio.com.br\/","logo":{"@type":"ImageObject","inLanguage":"es","@id":"https:\/\/www.padreeustaquio.com.br\/#\/schema\/logo\/image\/","url":"https:\/\/www.padreeustaquio.com.br\/wp-content\/uploads\/2019\/08\/marca.png","contentUrl":"https:\/\/www.padreeustaquio.com.br\/wp-content\/uploads\/2019\/08\/marca.png","width":350,"height":400,"caption":"Padre Eust\u00e1quio"},"image":{"@id":"https:\/\/www.padreeustaquio.com.br\/#\/schema\/logo\/image\/"},"sameAs":["https:\/\/www.facebook.com\/beatopadreeustaquio\/","https:\/\/x.com\/beatopeustaquio","https:\/\/www.instagram.com\/beatopadreeustaquio\/","https:\/\/www.youtube.com\/channel\/UCRhw7vfabnajwLxb1ZXMeIw"]},{"@type":"Person","@id":"https:\/\/www.padreeustaquio.com.br\/#\/schema\/person\/a2a51db1d00f1a7af0204a0f1ddb1566","name":"@sscc","image":{"@type":"ImageObject","inLanguage":"es","@id":"https:\/\/secure.gravatar.com\/avatar\/68cfafa5f44617fea54071e215026e0ff06be366c3d54a8425f04fdcb86f8c5f?s=96&d=mm&r=g","url":"https:\/\/secure.gravatar.com\/avatar\/68cfafa5f44617fea54071e215026e0ff06be366c3d54a8425f04fdcb86f8c5f?s=96&d=mm&r=g","contentUrl":"https:\/\/secure.gravatar.com\/avatar\/68cfafa5f44617fea54071e215026e0ff06be366c3d54a8425f04fdcb86f8c5f?s=96&d=mm&r=g","caption":"@sscc"},"url":"https:\/\/www.padreeustaquio.com.br\/es\/author\/sscc\/"}]}},"_links":{"self":[{"href":"https:\/\/www.padreeustaquio.com.br\/es\/wp-json\/wp\/v2\/posts\/11241","targetHints":{"allow":["GET"]}}],"collection":[{"href":"https:\/\/www.padreeustaquio.com.br\/es\/wp-json\/wp\/v2\/posts"}],"about":[{"href":"https:\/\/www.padreeustaquio.com.br\/es\/wp-json\/wp\/v2\/types\/post"}],"author":[{"embeddable":true,"href":"https:\/\/www.padreeustaquio.com.br\/es\/wp-json\/wp\/v2\/users\/2"}],"replies":[{"embeddable":true,"href":"https:\/\/www.padreeustaquio.com.br\/es\/wp-json\/wp\/v2\/comments?post=11241"}],"version-history":[{"count":0,"href":"https:\/\/www.padreeustaquio.com.br\/es\/wp-json\/wp\/v2\/posts\/11241\/revisions"}],"wp:featuredmedia":[{"embeddable":true,"href":"https:\/\/www.padreeustaquio.com.br\/es\/wp-json\/wp\/v2\/media\/11242"}],"wp:attachment":[{"href":"https:\/\/www.padreeustaquio.com.br\/es\/wp-json\/wp\/v2\/media?parent=11241"}],"wp:term":[{"taxonomy":"category","embeddable":true,"href":"https:\/\/www.padreeustaquio.com.br\/es\/wp-json\/wp\/v2\/categories?post=11241"},{"taxonomy":"post_tag","embeddable":true,"href":"https:\/\/www.padreeustaquio.com.br\/es\/wp-json\/wp\/v2\/tags?post=11241"}],"curies":[{"name":"wp","href":"https:\/\/api.w.org\/{rel}","templated":true}]}}