{"id":11235,"date":"2024-04-19T06:27:17","date_gmt":"2024-04-19T09:27:17","guid":{"rendered":"https:\/\/www.padreeustaquio.com.br\/?p=11235"},"modified":"2024-04-19T09:00:51","modified_gmt":"2024-04-19T12:00:51","slug":"recorte-de-periodico-muestra-la-gracia-recibida-despues-de-la-bendicion-del-padre-eustaquio-en-1941","status":"publish","type":"post","link":"https:\/\/www.padreeustaquio.com.br\/es\/recorte-de-periodico-muestra-la-gracia-recibida-despues-de-la-bendicion-del-padre-eustaquio-en-1941\/","title":{"rendered":"Recorte de peri\u00f3dico muestra la gracia recibida despu\u00e9s de una bendici\u00f3n del Padre Eust\u00e1quio en 1941."},"content":{"rendered":"<p>Un recorte de peri\u00f3dico, encontrado por los investigadores de la vicepostulaci\u00f3n, muestra un hecho relatado por un periodista de S\u00e3o Paulo. En Po\u00e1, regi\u00f3n metropolitana, por intercesi\u00f3n del padre Eust\u00e1quio, Ad\u00e3o Figueiredo recibi\u00f3 la gracia de volver a caminar tras 19 a\u00f1os de par\u00e1lisis.<\/p>\n<p>El extracto procede del n\u00famero 5.048 del peri\u00f3dico Di\u00e1rio do Norte, publicado en abril de 1941 en la ciudad de S\u00e3o Paulo. El panfleto relata otras historias de devotos sanados gracias a las bendiciones del Padre Eust\u00e1quio, vicario de la ciudad en aquel entonces.<\/p>\n<p>El padre Eust\u00e1quio fue p\u00e1rroco en Po\u00e1-SP de 1935 a 1941. Seg\u00fan la biograf\u00eda del beato, &quot;El Vicario de Po\u00e1&quot;, escrita en 1944 por el padre Ven\u00e2ncio, ss.cc., la ciudad de S\u00e3o Paulo era demasiado peque\u00f1a para atender la demanda del sacerdote hacedor de milagros, ya que fue en esa ciudad donde comenzaron los relatos de gracias obtenidas por su intercesi\u00f3n.<\/p>\n<p>\u00a1Cu\u00e1ntas bendiciones se han obtenido, y se obtienen a\u00fan hoy, por la intercesi\u00f3n de nuestro beato! Oremos al Padre Eustace por la sanaci\u00f3n de nuestras dolencias f\u00edsicas y espirituales.<\/p>","protected":false},"excerpt":{"rendered":"<p>Um recorte de jornal, encontrado pelos pesquisadores da vice-postula\u00e7\u00e3o, mostra um fato relatado por um jornalista de S\u00e3o Paulo. Em Po\u00e1, na regi\u00e3o metropolitana, por meio da intercess\u00e3o de Padre Eust\u00e1quio, Ad\u00e3o Figueiredo conseguiu a gra\u00e7a de voltar a andar depois de 19 anos paral\u00edtico. O fragmento \u00e9 retirado da edi\u00e7\u00e3o n\u00famero 5.048, do jornal Di\u00e1rio do Norte, editado, em abril de 1941, na capital paulista. O folhetim conta outros relatos de devotos curados por meio das b\u00ean\u00e7\u00e3os de Padre Eust\u00e1quio, vig\u00e1rio da cidade naquela \u00e9poca. Padre Eust\u00e1quio foi p\u00e1roco em Po\u00e1-SP de 1935 \u00e0 1941. De acordo com a [&hellip;]<\/p>\n","protected":false},"author":2,"featured_media":11237,"comment_status":"open","ping_status":"closed","sticky":false,"template":"","format":"standard","meta":{"_acf_changed":false,"footnotes":""},"categories":[611],"tags":[],"class_list":["post-11235","post","type-post","status-publish","format-standard","has-post-thumbnail","hentry","category-noticias"],"acf":[],"yoast_head":"<!-- This site is optimized with the Yoast SEO plugin v27.2 - https:\/\/yoast.com\/product\/yoast-seo-wordpress\/ -->\n<title>Recorte de jornal mostra gra\u00e7a alcan\u00e7ada ap\u00f3s b\u00ean\u00e7\u00e3o de Pe Eust\u00e1quio em 1941<\/title>\n<meta name=\"description\" content=\"Um recorte de jornal, encontrado pelos pesquisadores da vice-postula\u00e7\u00e3o, mostra um fato relatado por um jornalista de S\u00e3o Paulo. Em Po\u00e1, na regi\u00e3o metropolitana, por meio da intercess\u00e3o de Padre Eust\u00e1quio, Ad\u00e3o Figueiredo conseguiu a gra\u00e7a de voltar a andar depois de 19 anos paral\u00edtico.\" \/>\n<meta name=\"robots\" content=\"index, follow, max-snippet:-1, max-image-preview:large, max-video-preview:-1\" \/>\n<link rel=\"canonical\" href=\"https:\/\/www.padreeustaquio.com.br\/es\/recorte-de-periodico-muestra-la-gracia-recibida-despues-de-la-bendicion-del-padre-eustaquio-en-1941\/\" \/>\n<meta property=\"og:locale\" content=\"es_ES\" \/>\n<meta property=\"og:type\" content=\"article\" \/>\n<meta property=\"og:title\" content=\"Recorte de jornal mostra gra\u00e7a alcan\u00e7ada ap\u00f3s b\u00ean\u00e7\u00e3o de Pe Eust\u00e1quio em 1941\" \/>\n<meta property=\"og:description\" content=\"Um recorte de jornal, encontrado pelos pesquisadores da vice-postula\u00e7\u00e3o, mostra um fato relatado por um jornalista de S\u00e3o Paulo. Em Po\u00e1, na regi\u00e3o metropolitana, por meio da intercess\u00e3o de Padre Eust\u00e1quio, Ad\u00e3o Figueiredo conseguiu a gra\u00e7a de voltar a andar depois de 19 anos paral\u00edtico.\" \/>\n<meta property=\"og:url\" content=\"https:\/\/www.padreeustaquio.com.br\/es\/recorte-de-periodico-muestra-la-gracia-recibida-despues-de-la-bendicion-del-padre-eustaquio-en-1941\/\" \/>\n<meta property=\"og:site_name\" content=\"Padre Eust\u00e1quio\" \/>\n<meta property=\"article:publisher\" content=\"https:\/\/www.facebook.com\/beatopadreeustaquio\/\" \/>\n<meta property=\"article:published_time\" content=\"2024-04-19T09:27:17+00:00\" \/>\n<meta property=\"article:modified_time\" content=\"2024-04-19T12:00:51+00:00\" \/>\n<meta property=\"og:image\" content=\"https:\/\/www.padreeustaquio.com.br\/wp-content\/uploads\/2024\/04\/paralitico-andando.jpg\" \/>\n\t<meta property=\"og:image:width\" content=\"748\" \/>\n\t<meta property=\"og:image:height\" content=\"394\" \/>\n\t<meta property=\"og:image:type\" content=\"image\/jpeg\" \/>\n<meta name=\"author\" content=\"@sscc\" \/>\n<meta name=\"twitter:card\" content=\"summary_large_image\" \/>\n<meta name=\"twitter:creator\" content=\"@beatopeustaquio\" \/>\n<meta name=\"twitter:site\" content=\"@beatopeustaquio\" \/>\n<meta name=\"twitter:label1\" content=\"Escrito por\" \/>\n\t<meta name=\"twitter:data1\" content=\"@sscc\" \/>\n\t<meta name=\"twitter:label2\" content=\"Tiempo de lectura\" \/>\n\t<meta name=\"twitter:data2\" content=\"2 minutos\" \/>\n<script type=\"application\/ld+json\" class=\"yoast-schema-graph\">{\"@context\":\"https:\/\/schema.org\",\"@graph\":[{\"@type\":\"Article\",\"@id\":\"https:\/\/www.padreeustaquio.com.br\/recorte-de-jornal-mostra-graca-alcancada-apos-bencao-de-pe-eustaquio-em-1941\/#article\",\"isPartOf\":{\"@id\":\"https:\/\/www.padreeustaquio.com.br\/recorte-de-jornal-mostra-graca-alcancada-apos-bencao-de-pe-eustaquio-em-1941\/\"},\"author\":{\"name\":\"@sscc\",\"@id\":\"https:\/\/www.padreeustaquio.com.br\/#\/schema\/person\/a2a51db1d00f1a7af0204a0f1ddb1566\"},\"headline\":\"Recorte de jornal mostra gra\u00e7a alcan\u00e7ada ap\u00f3s b\u00ean\u00e7\u00e3o de Pe Eust\u00e1quio em 1941\",\"datePublished\":\"2024-04-19T09:27:17+00:00\",\"dateModified\":\"2024-04-19T12:00:51+00:00\",\"mainEntityOfPage\":{\"@id\":\"https:\/\/www.padreeustaquio.com.br\/recorte-de-jornal-mostra-graca-alcancada-apos-bencao-de-pe-eustaquio-em-1941\/\"},\"wordCount\":213,\"commentCount\":0,\"publisher\":{\"@id\":\"https:\/\/www.padreeustaquio.com.br\/#organization\"},\"image\":{\"@id\":\"https:\/\/www.padreeustaquio.com.br\/recorte-de-jornal-mostra-graca-alcancada-apos-bencao-de-pe-eustaquio-em-1941\/#primaryimage\"},\"thumbnailUrl\":\"https:\/\/www.padreeustaquio.com.br\/wp-content\/uploads\/2024\/04\/paralitico-andando.jpg\",\"articleSection\":[\"Not\u00edcias\"],\"inLanguage\":\"es\",\"potentialAction\":[{\"@type\":\"CommentAction\",\"name\":\"Comment\",\"target\":[\"https:\/\/www.padreeustaquio.com.br\/recorte-de-jornal-mostra-graca-alcancada-apos-bencao-de-pe-eustaquio-em-1941\/#respond\"]}]},{\"@type\":\"WebPage\",\"@id\":\"https:\/\/www.padreeustaquio.com.br\/recorte-de-jornal-mostra-graca-alcancada-apos-bencao-de-pe-eustaquio-em-1941\/\",\"url\":\"https:\/\/www.padreeustaquio.com.br\/recorte-de-jornal-mostra-graca-alcancada-apos-bencao-de-pe-eustaquio-em-1941\/\",\"name\":\"Recorte de jornal mostra gra\u00e7a alcan\u00e7ada ap\u00f3s b\u00ean\u00e7\u00e3o de Pe Eust\u00e1quio em 1941\",\"isPartOf\":{\"@id\":\"https:\/\/www.padreeustaquio.com.br\/#website\"},\"primaryImageOfPage\":{\"@id\":\"https:\/\/www.padreeustaquio.com.br\/recorte-de-jornal-mostra-graca-alcancada-apos-bencao-de-pe-eustaquio-em-1941\/#primaryimage\"},\"image\":{\"@id\":\"https:\/\/www.padreeustaquio.com.br\/recorte-de-jornal-mostra-graca-alcancada-apos-bencao-de-pe-eustaquio-em-1941\/#primaryimage\"},\"thumbnailUrl\":\"https:\/\/www.padreeustaquio.com.br\/wp-content\/uploads\/2024\/04\/paralitico-andando.jpg\",\"datePublished\":\"2024-04-19T09:27:17+00:00\",\"dateModified\":\"2024-04-19T12:00:51+00:00\",\"description\":\"Um recorte de jornal, encontrado pelos pesquisadores da vice-postula\u00e7\u00e3o, mostra um fato relatado por um jornalista de S\u00e3o Paulo. Em Po\u00e1, na regi\u00e3o metropolitana, por meio da intercess\u00e3o de Padre Eust\u00e1quio, Ad\u00e3o Figueiredo conseguiu a gra\u00e7a de voltar a andar depois de 19 anos paral\u00edtico.\",\"breadcrumb\":{\"@id\":\"https:\/\/www.padreeustaquio.com.br\/recorte-de-jornal-mostra-graca-alcancada-apos-bencao-de-pe-eustaquio-em-1941\/#breadcrumb\"},\"inLanguage\":\"es\",\"potentialAction\":[{\"@type\":\"ReadAction\",\"target\":[\"https:\/\/www.padreeustaquio.com.br\/recorte-de-jornal-mostra-graca-alcancada-apos-bencao-de-pe-eustaquio-em-1941\/\"]}]},{\"@type\":\"ImageObject\",\"inLanguage\":\"es\",\"@id\":\"https:\/\/www.padreeustaquio.com.br\/recorte-de-jornal-mostra-graca-alcancada-apos-bencao-de-pe-eustaquio-em-1941\/#primaryimage\",\"url\":\"https:\/\/www.padreeustaquio.com.br\/wp-content\/uploads\/2024\/04\/paralitico-andando.jpg\",\"contentUrl\":\"https:\/\/www.padreeustaquio.com.br\/wp-content\/uploads\/2024\/04\/paralitico-andando.jpg\",\"width\":748,\"height\":394},{\"@type\":\"BreadcrumbList\",\"@id\":\"https:\/\/www.padreeustaquio.com.br\/recorte-de-jornal-mostra-graca-alcancada-apos-bencao-de-pe-eustaquio-em-1941\/#breadcrumb\",\"itemListElement\":[{\"@type\":\"ListItem\",\"position\":1,\"name\":\"In\u00edcio\",\"item\":\"https:\/\/www.padreeustaquio.com.br\/\"},{\"@type\":\"ListItem\",\"position\":2,\"name\":\"Recorte de jornal mostra gra\u00e7a alcan\u00e7ada ap\u00f3s b\u00ean\u00e7\u00e3o de Pe Eust\u00e1quio em 1941\"}]},{\"@type\":\"WebSite\",\"@id\":\"https:\/\/www.padreeustaquio.com.br\/#website\",\"url\":\"https:\/\/www.padreeustaquio.com.br\/\",\"name\":\"Padre Eust\u00e1quio\",\"description\":\"Sa\u00fade e Paz\",\"publisher\":{\"@id\":\"https:\/\/www.padreeustaquio.com.br\/#organization\"},\"potentialAction\":[{\"@type\":\"SearchAction\",\"target\":{\"@type\":\"EntryPoint\",\"urlTemplate\":\"https:\/\/www.padreeustaquio.com.br\/?s={search_term_string}\"},\"query-input\":{\"@type\":\"PropertyValueSpecification\",\"valueRequired\":true,\"valueName\":\"search_term_string\"}}],\"inLanguage\":\"es\"},{\"@type\":\"Organization\",\"@id\":\"https:\/\/www.padreeustaquio.com.br\/#organization\",\"name\":\"Padre Eust\u00e1quio\",\"url\":\"https:\/\/www.padreeustaquio.com.br\/\",\"logo\":{\"@type\":\"ImageObject\",\"inLanguage\":\"es\",\"@id\":\"https:\/\/www.padreeustaquio.com.br\/#\/schema\/logo\/image\/\",\"url\":\"https:\/\/www.padreeustaquio.com.br\/wp-content\/uploads\/2019\/08\/marca.png\",\"contentUrl\":\"https:\/\/www.padreeustaquio.com.br\/wp-content\/uploads\/2019\/08\/marca.png\",\"width\":350,\"height\":400,\"caption\":\"Padre Eust\u00e1quio\"},\"image\":{\"@id\":\"https:\/\/www.padreeustaquio.com.br\/#\/schema\/logo\/image\/\"},\"sameAs\":[\"https:\/\/www.facebook.com\/beatopadreeustaquio\/\",\"https:\/\/x.com\/beatopeustaquio\",\"https:\/\/www.instagram.com\/beatopadreeustaquio\/\",\"https:\/\/www.youtube.com\/channel\/UCRhw7vfabnajwLxb1ZXMeIw\"]},{\"@type\":\"Person\",\"@id\":\"https:\/\/www.padreeustaquio.com.br\/#\/schema\/person\/a2a51db1d00f1a7af0204a0f1ddb1566\",\"name\":\"@sscc\",\"image\":{\"@type\":\"ImageObject\",\"inLanguage\":\"es\",\"@id\":\"https:\/\/secure.gravatar.com\/avatar\/68cfafa5f44617fea54071e215026e0ff06be366c3d54a8425f04fdcb86f8c5f?s=96&d=mm&r=g\",\"url\":\"https:\/\/secure.gravatar.com\/avatar\/68cfafa5f44617fea54071e215026e0ff06be366c3d54a8425f04fdcb86f8c5f?s=96&d=mm&r=g\",\"contentUrl\":\"https:\/\/secure.gravatar.com\/avatar\/68cfafa5f44617fea54071e215026e0ff06be366c3d54a8425f04fdcb86f8c5f?s=96&d=mm&r=g\",\"caption\":\"@sscc\"},\"url\":\"https:\/\/www.padreeustaquio.com.br\/es\/author\/sscc\/\"}]}<\/script>\n<!-- \/ Yoast SEO plugin. -->","yoast_head_json":{"title":"Recorte de peri\u00f3dico muestra la gracia recibida despu\u00e9s de una bendici\u00f3n del Padre Eust\u00e1quio en 1941.","description":"Un recorte de peri\u00f3dico, encontrado por los investigadores de la vicepostulaci\u00f3n, muestra un hecho relatado por un periodista de S\u00e3o Paulo. En Po\u00e1, regi\u00f3n metropolitana, por intercesi\u00f3n del padre Eust\u00e1quio, Ad\u00e3o Figueiredo recibi\u00f3 la gracia de volver a caminar tras 19 a\u00f1os de par\u00e1lisis.","robots":{"index":"index","follow":"follow","max-snippet":"max-snippet:-1","max-image-preview":"max-image-preview:large","max-video-preview":"max-video-preview:-1"},"canonical":"https:\/\/www.padreeustaquio.com.br\/es\/recorte-de-periodico-muestra-la-gracia-recibida-despues-de-la-bendicion-del-padre-eustaquio-en-1941\/","og_locale":"es_ES","og_type":"article","og_title":"Recorte de jornal mostra gra\u00e7a alcan\u00e7ada ap\u00f3s b\u00ean\u00e7\u00e3o de Pe Eust\u00e1quio em 1941","og_description":"Um recorte de jornal, encontrado pelos pesquisadores da vice-postula\u00e7\u00e3o, mostra um fato relatado por um jornalista de S\u00e3o Paulo. Em Po\u00e1, na regi\u00e3o metropolitana, por meio da intercess\u00e3o de Padre Eust\u00e1quio, Ad\u00e3o Figueiredo conseguiu a gra\u00e7a de voltar a andar depois de 19 anos paral\u00edtico.","og_url":"https:\/\/www.padreeustaquio.com.br\/es\/recorte-de-periodico-muestra-la-gracia-recibida-despues-de-la-bendicion-del-padre-eustaquio-en-1941\/","og_site_name":"Padre Eust\u00e1quio","article_publisher":"https:\/\/www.facebook.com\/beatopadreeustaquio\/","article_published_time":"2024-04-19T09:27:17+00:00","article_modified_time":"2024-04-19T12:00:51+00:00","og_image":[{"width":748,"height":394,"url":"https:\/\/www.padreeustaquio.com.br\/wp-content\/uploads\/2024\/04\/paralitico-andando.jpg","type":"image\/jpeg"}],"author":"@sscc","twitter_card":"summary_large_image","twitter_creator":"@beatopeustaquio","twitter_site":"@beatopeustaquio","twitter_misc":{"Escrito por":"@sscc","Tiempo de lectura":"2 minutos"},"schema":{"@context":"https:\/\/schema.org","@graph":[{"@type":"Article","@id":"https:\/\/www.padreeustaquio.com.br\/recorte-de-jornal-mostra-graca-alcancada-apos-bencao-de-pe-eustaquio-em-1941\/#article","isPartOf":{"@id":"https:\/\/www.padreeustaquio.com.br\/recorte-de-jornal-mostra-graca-alcancada-apos-bencao-de-pe-eustaquio-em-1941\/"},"author":{"name":"@sscc","@id":"https:\/\/www.padreeustaquio.com.br\/#\/schema\/person\/a2a51db1d00f1a7af0204a0f1ddb1566"},"headline":"Recorte de jornal mostra gra\u00e7a alcan\u00e7ada ap\u00f3s b\u00ean\u00e7\u00e3o de Pe Eust\u00e1quio em 1941","datePublished":"2024-04-19T09:27:17+00:00","dateModified":"2024-04-19T12:00:51+00:00","mainEntityOfPage":{"@id":"https:\/\/www.padreeustaquio.com.br\/recorte-de-jornal-mostra-graca-alcancada-apos-bencao-de-pe-eustaquio-em-1941\/"},"wordCount":213,"commentCount":0,"publisher":{"@id":"https:\/\/www.padreeustaquio.com.br\/#organization"},"image":{"@id":"https:\/\/www.padreeustaquio.com.br\/recorte-de-jornal-mostra-graca-alcancada-apos-bencao-de-pe-eustaquio-em-1941\/#primaryimage"},"thumbnailUrl":"https:\/\/www.padreeustaquio.com.br\/wp-content\/uploads\/2024\/04\/paralitico-andando.jpg","articleSection":["Not\u00edcias"],"inLanguage":"es","potentialAction":[{"@type":"CommentAction","name":"Comment","target":["https:\/\/www.padreeustaquio.com.br\/recorte-de-jornal-mostra-graca-alcancada-apos-bencao-de-pe-eustaquio-em-1941\/#respond"]}]},{"@type":"WebPage","@id":"https:\/\/www.padreeustaquio.com.br\/recorte-de-jornal-mostra-graca-alcancada-apos-bencao-de-pe-eustaquio-em-1941\/","url":"https:\/\/www.padreeustaquio.com.br\/recorte-de-jornal-mostra-graca-alcancada-apos-bencao-de-pe-eustaquio-em-1941\/","name":"Recorte de peri\u00f3dico muestra la gracia recibida despu\u00e9s de una bendici\u00f3n del Padre Eust\u00e1quio en 1941.","isPartOf":{"@id":"https:\/\/www.padreeustaquio.com.br\/#website"},"primaryImageOfPage":{"@id":"https:\/\/www.padreeustaquio.com.br\/recorte-de-jornal-mostra-graca-alcancada-apos-bencao-de-pe-eustaquio-em-1941\/#primaryimage"},"image":{"@id":"https:\/\/www.padreeustaquio.com.br\/recorte-de-jornal-mostra-graca-alcancada-apos-bencao-de-pe-eustaquio-em-1941\/#primaryimage"},"thumbnailUrl":"https:\/\/www.padreeustaquio.com.br\/wp-content\/uploads\/2024\/04\/paralitico-andando.jpg","datePublished":"2024-04-19T09:27:17+00:00","dateModified":"2024-04-19T12:00:51+00:00","description":"Un recorte de peri\u00f3dico, encontrado por los investigadores de la vicepostulaci\u00f3n, muestra un hecho relatado por un periodista de S\u00e3o Paulo. En Po\u00e1, regi\u00f3n metropolitana, por intercesi\u00f3n del padre Eust\u00e1quio, Ad\u00e3o Figueiredo recibi\u00f3 la gracia de volver a caminar tras 19 a\u00f1os de par\u00e1lisis.","breadcrumb":{"@id":"https:\/\/www.padreeustaquio.com.br\/recorte-de-jornal-mostra-graca-alcancada-apos-bencao-de-pe-eustaquio-em-1941\/#breadcrumb"},"inLanguage":"es","potentialAction":[{"@type":"ReadAction","target":["https:\/\/www.padreeustaquio.com.br\/recorte-de-jornal-mostra-graca-alcancada-apos-bencao-de-pe-eustaquio-em-1941\/"]}]},{"@type":"ImageObject","inLanguage":"es","@id":"https:\/\/www.padreeustaquio.com.br\/recorte-de-jornal-mostra-graca-alcancada-apos-bencao-de-pe-eustaquio-em-1941\/#primaryimage","url":"https:\/\/www.padreeustaquio.com.br\/wp-content\/uploads\/2024\/04\/paralitico-andando.jpg","contentUrl":"https:\/\/www.padreeustaquio.com.br\/wp-content\/uploads\/2024\/04\/paralitico-andando.jpg","width":748,"height":394},{"@type":"BreadcrumbList","@id":"https:\/\/www.padreeustaquio.com.br\/recorte-de-jornal-mostra-graca-alcancada-apos-bencao-de-pe-eustaquio-em-1941\/#breadcrumb","itemListElement":[{"@type":"ListItem","position":1,"name":"In\u00edcio","item":"https:\/\/www.padreeustaquio.com.br\/"},{"@type":"ListItem","position":2,"name":"Recorte de jornal mostra gra\u00e7a alcan\u00e7ada ap\u00f3s b\u00ean\u00e7\u00e3o de Pe Eust\u00e1quio em 1941"}]},{"@type":"WebSite","@id":"https:\/\/www.padreeustaquio.com.br\/#website","url":"https:\/\/www.padreeustaquio.com.br\/","name":"Padre Eustace","description":"Salud y Paz","publisher":{"@id":"https:\/\/www.padreeustaquio.com.br\/#organization"},"potentialAction":[{"@type":"SearchAction","target":{"@type":"EntryPoint","urlTemplate":"https:\/\/www.padreeustaquio.com.br\/?s={search_term_string}"},"query-input":{"@type":"PropertyValueSpecification","valueRequired":true,"valueName":"search_term_string"}}],"inLanguage":"es"},{"@type":"Organization","@id":"https:\/\/www.padreeustaquio.com.br\/#organization","name":"Padre Eustace","url":"https:\/\/www.padreeustaquio.com.br\/","logo":{"@type":"ImageObject","inLanguage":"es","@id":"https:\/\/www.padreeustaquio.com.br\/#\/schema\/logo\/image\/","url":"https:\/\/www.padreeustaquio.com.br\/wp-content\/uploads\/2019\/08\/marca.png","contentUrl":"https:\/\/www.padreeustaquio.com.br\/wp-content\/uploads\/2019\/08\/marca.png","width":350,"height":400,"caption":"Padre Eust\u00e1quio"},"image":{"@id":"https:\/\/www.padreeustaquio.com.br\/#\/schema\/logo\/image\/"},"sameAs":["https:\/\/www.facebook.com\/beatopadreeustaquio\/","https:\/\/x.com\/beatopeustaquio","https:\/\/www.instagram.com\/beatopadreeustaquio\/","https:\/\/www.youtube.com\/channel\/UCRhw7vfabnajwLxb1ZXMeIw"]},{"@type":"Person","@id":"https:\/\/www.padreeustaquio.com.br\/#\/schema\/person\/a2a51db1d00f1a7af0204a0f1ddb1566","name":"@sscc","image":{"@type":"ImageObject","inLanguage":"es","@id":"https:\/\/secure.gravatar.com\/avatar\/68cfafa5f44617fea54071e215026e0ff06be366c3d54a8425f04fdcb86f8c5f?s=96&d=mm&r=g","url":"https:\/\/secure.gravatar.com\/avatar\/68cfafa5f44617fea54071e215026e0ff06be366c3d54a8425f04fdcb86f8c5f?s=96&d=mm&r=g","contentUrl":"https:\/\/secure.gravatar.com\/avatar\/68cfafa5f44617fea54071e215026e0ff06be366c3d54a8425f04fdcb86f8c5f?s=96&d=mm&r=g","caption":"@sscc"},"url":"https:\/\/www.padreeustaquio.com.br\/es\/author\/sscc\/"}]}},"_links":{"self":[{"href":"https:\/\/www.padreeustaquio.com.br\/es\/wp-json\/wp\/v2\/posts\/11235","targetHints":{"allow":["GET"]}}],"collection":[{"href":"https:\/\/www.padreeustaquio.com.br\/es\/wp-json\/wp\/v2\/posts"}],"about":[{"href":"https:\/\/www.padreeustaquio.com.br\/es\/wp-json\/wp\/v2\/types\/post"}],"author":[{"embeddable":true,"href":"https:\/\/www.padreeustaquio.com.br\/es\/wp-json\/wp\/v2\/users\/2"}],"replies":[{"embeddable":true,"href":"https:\/\/www.padreeustaquio.com.br\/es\/wp-json\/wp\/v2\/comments?post=11235"}],"version-history":[{"count":0,"href":"https:\/\/www.padreeustaquio.com.br\/es\/wp-json\/wp\/v2\/posts\/11235\/revisions"}],"wp:featuredmedia":[{"embeddable":true,"href":"https:\/\/www.padreeustaquio.com.br\/es\/wp-json\/wp\/v2\/media\/11237"}],"wp:attachment":[{"href":"https:\/\/www.padreeustaquio.com.br\/es\/wp-json\/wp\/v2\/media?parent=11235"}],"wp:term":[{"taxonomy":"category","embeddable":true,"href":"https:\/\/www.padreeustaquio.com.br\/es\/wp-json\/wp\/v2\/categories?post=11235"},{"taxonomy":"post_tag","embeddable":true,"href":"https:\/\/www.padreeustaquio.com.br\/es\/wp-json\/wp\/v2\/tags?post=11235"}],"curies":[{"name":"wp","href":"https:\/\/api.w.org\/{rel}","templated":true}]}}