{"id":11193,"date":"2024-04-12T07:30:52","date_gmt":"2024-04-12T10:30:52","guid":{"rendered":"https:\/\/www.padreeustaquio.com.br\/?p=11193"},"modified":"2024-04-12T07:30:52","modified_gmt":"2024-04-12T10:30:52","slug":"casa-de-acogida-y-recuperacion-padre-eustaquio-celebra-3-anos-de-homenajes-en-araguari-mg","status":"publish","type":"post","link":"https:\/\/www.padreeustaquio.com.br\/es\/casa-de-acogida-y-recuperacion-padre-eustaquio-celebra-3-anos-de-homenajes-en-araguari-mg\/","title":{"rendered":"Casa de Acogida y Recuperaci\u00f3n Padre Eust\u00e1quio celebra 3 a\u00f1os de homenajes en Araguari-MG."},"content":{"rendered":"<p>El Hogar de Acogida y Recuperaci\u00f3n Padre Eust\u00e1quio, ubicado en Araguari, en la regi\u00f3n del Tri\u00e1ngulo Mineiro, est\u00e1 a punto de celebrar tres a\u00f1os de la Galer\u00eda de los Patronos. Este espacio rinde homenaje al Beato Padre Eust\u00e1quio y a una figura clave en la historia de la instituci\u00f3n: Eust\u00e1quio Teixeira de Faria, conocido cari\u00f1osamente como Taquim, quien inspir\u00f3 la creaci\u00f3n del hogar.<\/p>\n<p>Inaugurada el 30 de agosto de 2021, fecha que coincide con la festividad del Beato Padre Eustaquio y tambi\u00e9n el cumplea\u00f1os de Taquim, la Galer\u00eda de Patronos es un conmovedor homenaje a las dos figuras centrales que dieron forma a la esencia y el prop\u00f3sito del Hogar de Descanso y Salud Padre Eustaquio.<\/p>\n<p><strong>Una historia de amor y dedicaci\u00f3n a la familia<\/strong><\/p>\n<p>La historia del Hogar de Refugio y Recuperaci\u00f3n Padre Eust\u00e1quio comenz\u00f3 con una emergencia. Taquim, tras una cirug\u00eda de coraz\u00f3n y un derrame cerebral, necesitaba cuidados especiales. Ante este desaf\u00edo, la familia se enfrent\u00f3 a una dif\u00edcil decisi\u00f3n: adaptar el entorno de su hogar para satisfacer las necesidades de Taquim o buscar una residencia para personas mayores.<\/p>\n<p>Inicialmente, optaron por mantener a Eust\u00e1quio en casa, brind\u00e1ndole una estructura de enfermer\u00eda a cargo de su yerno, Luciano.<\/p>\n<p>Con el tiempo, se hizo evidente la demanda de un espacio dedicado a la atenci\u00f3n integral de las personas mayores. Fue entonces cuando Luciano decidi\u00f3 crear su propia instituci\u00f3n, no solo para atender las necesidades de su suegro, sino para ofrecer a otros la misma calidad de atenci\u00f3n. As\u00ed naci\u00f3 la instituci\u00f3n. <strong>Residencia de Ancianos y Centro de Salud Padre Eust\u00e1quio\u201c<\/strong>, un lugar que refleja los valores y el amor familiar que moldearon su crianza.<\/p>\n<p><strong>Un homenaje al viaje de una vida<\/strong><\/p>\n<p>La Galer\u00eda de Mecenas es m\u00e1s que una colecci\u00f3n de retratos; es un testimonio de la trayectoria vital y la influencia positiva de cada homenajeado. Taquim, con su alegr\u00eda contagiosa, se convirti\u00f3 en el rostro de la instituci\u00f3n, representando no solo su propia lucha por la salud, sino tambi\u00e9n la importancia de cuidar y honrar a quienes ya han recorrido un largo camino. El Beato Padre Eust\u00e1quio es el gran intercesor de la casa, a quien todos acuden en los momentos m\u00e1s dif\u00edciles.<\/p>\n\n\t\t<style type=\"text\/css\">\n\t\t\t#gallery-1 {\n\t\t\t\tmargin: auto;\n\t\t\t}\n\t\t\t#gallery-1 .gallery-item {\n\t\t\t\tfloat: left;\n\t\t\t\tmargin-top: 10px;\n\t\t\t\ttext-align: center;\n\t\t\t\twidth: 50%;\n\t\t\t}\n\t\t\t#gallery-1 img {\n\t\t\t\tborder: 2px solid #cfcfcf;\n\t\t\t}\n\t\t\t#gallery-1 .gallery-caption {\n\t\t\t\tmargin-left: 0;\n\t\t\t}\n\t\t\t\/* see gallery_shortcode() in wp-includes\/media.php *\/\n\t\t<\/style>\n\t\t<div id='gallery-1' class='gallery galleryid-11193 gallery-columns-2 gallery-size-thumbnail'><dl class='gallery-item'>\n\t\t\t<dt class='gallery-icon landscape'>\n\t\t\t\t<a href='https:\/\/www.padreeustaquio.com.br\/es\/casa-de-acogida-y-recuperacion-padre-eustaquio-celebra-3-anos-de-homenajes-en-araguari-mg\/galeria-patronos-casa-recuperacao-saude-padre-eustaquio-2\/'><img decoding=\"async\" width=\"150\" height=\"150\" src=\"https:\/\/www.padreeustaquio.com.br\/wp-content\/uploads\/2024\/04\/Galeria-patronos-casa-recuperacao-saude-padre-eustaquio-2-150x150.jpeg\" class=\"attachment-thumbnail size-thumbnail\" alt=\"\" srcset=\"https:\/\/www.padreeustaquio.com.br\/wp-content\/uploads\/2024\/04\/Galeria-patronos-casa-recuperacao-saude-padre-eustaquio-2-150x150.jpeg 150w, https:\/\/www.padreeustaquio.com.br\/wp-content\/uploads\/2024\/04\/Galeria-patronos-casa-recuperacao-saude-padre-eustaquio-2-75x75.jpeg 75w, https:\/\/www.padreeustaquio.com.br\/wp-content\/uploads\/2024\/04\/Galeria-patronos-casa-recuperacao-saude-padre-eustaquio-2-180x180.jpeg 180w, https:\/\/www.padreeustaquio.com.br\/wp-content\/uploads\/2024\/04\/Galeria-patronos-casa-recuperacao-saude-padre-eustaquio-2-400x400.jpeg 400w, https:\/\/www.padreeustaquio.com.br\/wp-content\/uploads\/2024\/04\/Galeria-patronos-casa-recuperacao-saude-padre-eustaquio-2-600x600.jpeg 600w\" sizes=\"(max-width: 150px) 100vw, 150px\" \/><\/a>\n\t\t\t<\/dt><\/dl><dl class='gallery-item'>\n\t\t\t<dt class='gallery-icon landscape'>\n\t\t\t\t<a href='https:\/\/www.padreeustaquio.com.br\/es\/casa-de-acogida-y-recuperacion-padre-eustaquio-celebra-3-anos-de-homenajes-en-araguari-mg\/galeria-patronos-casa-recuperacao-saude-padre-eustaquio-3\/'><img decoding=\"async\" width=\"150\" height=\"150\" src=\"https:\/\/www.padreeustaquio.com.br\/wp-content\/uploads\/2024\/04\/Galeria-patronos-casa-recuperacao-saude-padre-eustaquio-3-150x150.jpeg\" class=\"attachment-thumbnail size-thumbnail\" alt=\"\" srcset=\"https:\/\/www.padreeustaquio.com.br\/wp-content\/uploads\/2024\/04\/Galeria-patronos-casa-recuperacao-saude-padre-eustaquio-3-150x150.jpeg 150w, https:\/\/www.padreeustaquio.com.br\/wp-content\/uploads\/2024\/04\/Galeria-patronos-casa-recuperacao-saude-padre-eustaquio-3-75x75.jpeg 75w, https:\/\/www.padreeustaquio.com.br\/wp-content\/uploads\/2024\/04\/Galeria-patronos-casa-recuperacao-saude-padre-eustaquio-3-180x180.jpeg 180w, https:\/\/www.padreeustaquio.com.br\/wp-content\/uploads\/2024\/04\/Galeria-patronos-casa-recuperacao-saude-padre-eustaquio-3-400x400.jpeg 400w, https:\/\/www.padreeustaquio.com.br\/wp-content\/uploads\/2024\/04\/Galeria-patronos-casa-recuperacao-saude-padre-eustaquio-3-600x600.jpeg 600w\" sizes=\"(max-width: 150px) 100vw, 150px\" \/><\/a>\n\t\t\t<\/dt><\/dl><br style=\"clear: both\" \/><dl class='gallery-item'>\n\t\t\t<dt class='gallery-icon landscape'>\n\t\t\t\t<a href='https:\/\/www.padreeustaquio.com.br\/es\/casa-de-acogida-y-recuperacion-padre-eustaquio-celebra-3-anos-de-homenajes-en-araguari-mg\/galeria-patronos-casa-recuperacao-saude-padre-eustaquio-4\/'><img decoding=\"async\" width=\"150\" height=\"150\" src=\"https:\/\/www.padreeustaquio.com.br\/wp-content\/uploads\/2024\/04\/Galeria-patronos-casa-recuperacao-saude-padre-eustaquio-4-150x150.jpeg\" class=\"attachment-thumbnail size-thumbnail\" alt=\"\" srcset=\"https:\/\/www.padreeustaquio.com.br\/wp-content\/uploads\/2024\/04\/Galeria-patronos-casa-recuperacao-saude-padre-eustaquio-4-150x150.jpeg 150w, https:\/\/www.padreeustaquio.com.br\/wp-content\/uploads\/2024\/04\/Galeria-patronos-casa-recuperacao-saude-padre-eustaquio-4-75x75.jpeg 75w, https:\/\/www.padreeustaquio.com.br\/wp-content\/uploads\/2024\/04\/Galeria-patronos-casa-recuperacao-saude-padre-eustaquio-4-180x180.jpeg 180w, https:\/\/www.padreeustaquio.com.br\/wp-content\/uploads\/2024\/04\/Galeria-patronos-casa-recuperacao-saude-padre-eustaquio-4-400x400.jpeg 400w, https:\/\/www.padreeustaquio.com.br\/wp-content\/uploads\/2024\/04\/Galeria-patronos-casa-recuperacao-saude-padre-eustaquio-4-600x600.jpeg 600w\" sizes=\"(max-width: 150px) 100vw, 150px\" \/><\/a>\n\t\t\t<\/dt><\/dl><dl class='gallery-item'>\n\t\t\t<dt class='gallery-icon landscape'>\n\t\t\t\t<a href='https:\/\/www.padreeustaquio.com.br\/es\/casa-de-acogida-y-recuperacion-padre-eustaquio-celebra-3-anos-de-homenajes-en-araguari-mg\/galeria-patronos-casa-recuperacao-saude-padre-eustaquio-5\/'><img loading=\"lazy\" decoding=\"async\" width=\"150\" height=\"150\" src=\"https:\/\/www.padreeustaquio.com.br\/wp-content\/uploads\/2024\/04\/Galeria-patronos-casa-recuperacao-saude-padre-eustaquio-5-150x150.jpeg\" class=\"attachment-thumbnail size-thumbnail\" alt=\"\" srcset=\"https:\/\/www.padreeustaquio.com.br\/wp-content\/uploads\/2024\/04\/Galeria-patronos-casa-recuperacao-saude-padre-eustaquio-5-150x150.jpeg 150w, https:\/\/www.padreeustaquio.com.br\/wp-content\/uploads\/2024\/04\/Galeria-patronos-casa-recuperacao-saude-padre-eustaquio-5-75x75.jpeg 75w, https:\/\/www.padreeustaquio.com.br\/wp-content\/uploads\/2024\/04\/Galeria-patronos-casa-recuperacao-saude-padre-eustaquio-5-180x180.jpeg 180w, https:\/\/www.padreeustaquio.com.br\/wp-content\/uploads\/2024\/04\/Galeria-patronos-casa-recuperacao-saude-padre-eustaquio-5-400x400.jpeg 400w, https:\/\/www.padreeustaquio.com.br\/wp-content\/uploads\/2024\/04\/Galeria-patronos-casa-recuperacao-saude-padre-eustaquio-5-600x600.jpeg 600w\" sizes=\"(max-width: 150px) 100vw, 150px\" \/><\/a>\n\t\t\t<\/dt><\/dl><br style=\"clear: both\" \/><dl class='gallery-item'>\n\t\t\t<dt class='gallery-icon landscape'>\n\t\t\t\t<a href='https:\/\/www.padreeustaquio.com.br\/es\/casa-de-acogida-y-recuperacion-padre-eustaquio-celebra-3-anos-de-homenajes-en-araguari-mg\/galeria-patronos-casa-recuperacao-saude-padre-eustaquio-6\/'><img loading=\"lazy\" decoding=\"async\" width=\"150\" height=\"150\" src=\"https:\/\/www.padreeustaquio.com.br\/wp-content\/uploads\/2024\/04\/Galeria-patronos-casa-recuperacao-saude-padre-eustaquio-6-150x150.jpeg\" class=\"attachment-thumbnail size-thumbnail\" alt=\"\" srcset=\"https:\/\/www.padreeustaquio.com.br\/wp-content\/uploads\/2024\/04\/Galeria-patronos-casa-recuperacao-saude-padre-eustaquio-6-150x150.jpeg 150w, https:\/\/www.padreeustaquio.com.br\/wp-content\/uploads\/2024\/04\/Galeria-patronos-casa-recuperacao-saude-padre-eustaquio-6-75x75.jpeg 75w, https:\/\/www.padreeustaquio.com.br\/wp-content\/uploads\/2024\/04\/Galeria-patronos-casa-recuperacao-saude-padre-eustaquio-6-180x180.jpeg 180w, https:\/\/www.padreeustaquio.com.br\/wp-content\/uploads\/2024\/04\/Galeria-patronos-casa-recuperacao-saude-padre-eustaquio-6-400x400.jpeg 400w, https:\/\/www.padreeustaquio.com.br\/wp-content\/uploads\/2024\/04\/Galeria-patronos-casa-recuperacao-saude-padre-eustaquio-6-600x600.jpeg 600w\" sizes=\"(max-width: 150px) 100vw, 150px\" \/><\/a>\n\t\t\t<\/dt><\/dl><dl class='gallery-item'>\n\t\t\t<dt class='gallery-icon landscape'>\n\t\t\t\t<a href='https:\/\/www.padreeustaquio.com.br\/es\/casa-de-acogida-y-recuperacion-padre-eustaquio-celebra-3-anos-de-homenajes-en-araguari-mg\/galeria-patronos-casa-recuperacao-saude-padre-eustaquio-7\/'><img loading=\"lazy\" decoding=\"async\" width=\"150\" height=\"150\" src=\"https:\/\/www.padreeustaquio.com.br\/wp-content\/uploads\/2024\/04\/Galeria-patronos-casa-recuperacao-saude-padre-eustaquio-7-150x150.jpeg\" class=\"attachment-thumbnail size-thumbnail\" alt=\"\" srcset=\"https:\/\/www.padreeustaquio.com.br\/wp-content\/uploads\/2024\/04\/Galeria-patronos-casa-recuperacao-saude-padre-eustaquio-7-150x150.jpeg 150w, https:\/\/www.padreeustaquio.com.br\/wp-content\/uploads\/2024\/04\/Galeria-patronos-casa-recuperacao-saude-padre-eustaquio-7-75x75.jpeg 75w, https:\/\/www.padreeustaquio.com.br\/wp-content\/uploads\/2024\/04\/Galeria-patronos-casa-recuperacao-saude-padre-eustaquio-7-180x180.jpeg 180w, https:\/\/www.padreeustaquio.com.br\/wp-content\/uploads\/2024\/04\/Galeria-patronos-casa-recuperacao-saude-padre-eustaquio-7-400x400.jpeg 400w, https:\/\/www.padreeustaquio.com.br\/wp-content\/uploads\/2024\/04\/Galeria-patronos-casa-recuperacao-saude-padre-eustaquio-7-600x600.jpeg 600w\" sizes=\"(max-width: 150px) 100vw, 150px\" \/><\/a>\n\t\t\t<\/dt><\/dl><br style=\"clear: both\" \/><dl class='gallery-item'>\n\t\t\t<dt class='gallery-icon landscape'>\n\t\t\t\t<a href='https:\/\/www.padreeustaquio.com.br\/es\/casa-de-acogida-y-recuperacion-padre-eustaquio-celebra-3-anos-de-homenajes-en-araguari-mg\/galeria-patronos-casa-recuperacao-saude-padre-eustaquio-8\/'><img loading=\"lazy\" decoding=\"async\" width=\"150\" height=\"150\" src=\"https:\/\/www.padreeustaquio.com.br\/wp-content\/uploads\/2024\/04\/Galeria-patronos-casa-recuperacao-saude-padre-eustaquio-8-150x150.jpeg\" class=\"attachment-thumbnail size-thumbnail\" alt=\"\" srcset=\"https:\/\/www.padreeustaquio.com.br\/wp-content\/uploads\/2024\/04\/Galeria-patronos-casa-recuperacao-saude-padre-eustaquio-8-150x150.jpeg 150w, https:\/\/www.padreeustaquio.com.br\/wp-content\/uploads\/2024\/04\/Galeria-patronos-casa-recuperacao-saude-padre-eustaquio-8-75x75.jpeg 75w, https:\/\/www.padreeustaquio.com.br\/wp-content\/uploads\/2024\/04\/Galeria-patronos-casa-recuperacao-saude-padre-eustaquio-8-180x180.jpeg 180w, https:\/\/www.padreeustaquio.com.br\/wp-content\/uploads\/2024\/04\/Galeria-patronos-casa-recuperacao-saude-padre-eustaquio-8-400x400.jpeg 400w, https:\/\/www.padreeustaquio.com.br\/wp-content\/uploads\/2024\/04\/Galeria-patronos-casa-recuperacao-saude-padre-eustaquio-8-600x600.jpeg 600w\" sizes=\"(max-width: 150px) 100vw, 150px\" \/><\/a>\n\t\t\t<\/dt><\/dl><dl class='gallery-item'>\n\t\t\t<dt class='gallery-icon landscape'>\n\t\t\t\t<a href='https:\/\/www.padreeustaquio.com.br\/es\/casa-de-acogida-y-recuperacion-padre-eustaquio-celebra-3-anos-de-homenajes-en-araguari-mg\/galeria-patronos-casa-recuperacao-saude-padre-eustaquio-1\/'><img loading=\"lazy\" decoding=\"async\" width=\"150\" height=\"150\" src=\"https:\/\/www.padreeustaquio.com.br\/wp-content\/uploads\/2024\/04\/Galeria-patronos-casa-recuperacao-saude-padre-eustaquio-1-150x150.jpeg\" class=\"attachment-thumbnail size-thumbnail\" alt=\"\" srcset=\"https:\/\/www.padreeustaquio.com.br\/wp-content\/uploads\/2024\/04\/Galeria-patronos-casa-recuperacao-saude-padre-eustaquio-1-150x150.jpeg 150w, https:\/\/www.padreeustaquio.com.br\/wp-content\/uploads\/2024\/04\/Galeria-patronos-casa-recuperacao-saude-padre-eustaquio-1-75x75.jpeg 75w, https:\/\/www.padreeustaquio.com.br\/wp-content\/uploads\/2024\/04\/Galeria-patronos-casa-recuperacao-saude-padre-eustaquio-1-180x180.jpeg 180w, https:\/\/www.padreeustaquio.com.br\/wp-content\/uploads\/2024\/04\/Galeria-patronos-casa-recuperacao-saude-padre-eustaquio-1-400x400.jpeg 400w, https:\/\/www.padreeustaquio.com.br\/wp-content\/uploads\/2024\/04\/Galeria-patronos-casa-recuperacao-saude-padre-eustaquio-1-600x600.jpeg 600w\" sizes=\"(max-width: 150px) 100vw, 150px\" \/><\/a>\n\t\t\t<\/dt><\/dl><br style=\"clear: both\" \/>\n\t\t<\/div>","protected":false},"excerpt":{"rendered":"<p>A Casa de Acolhida e Recupera\u00e7\u00e3o Padre Eust\u00e1quio, localizada em Araguari, no Tri\u00e2ngulo Mineiro, est\u00e1 prestes a comemorar tr\u00eas anos da Galeria dos Patronos. Este espa\u00e7o \u00e9 uma homenagem ao Bem-aventurado Padre Eust\u00e1quio e a uma figura fundamental na hist\u00f3ria da institui\u00e7\u00e3o: Eust\u00e1quio Teixeira de Faria, carinhosamente conhecido como Taquim, que inspirou a cria\u00e7\u00e3o da casa. Inaugurada em 30 de agosto de 2021, data que coincide com o dia do Beato Padre Eust\u00e1quio e tamb\u00e9m o anivers\u00e1rio de Taquim, a Galeria dos Patronos \u00e9 um tributo emocionante \u00e0s duas figuras centrais que moldaram a ess\u00eancia e o prop\u00f3sito da Casa [&hellip;]<\/p>\n","protected":false},"author":2,"featured_media":11194,"comment_status":"open","ping_status":"closed","sticky":false,"template":"","format":"standard","meta":{"_acf_changed":false,"footnotes":""},"categories":[611],"tags":[],"class_list":["post-11193","post","type-post","status-publish","format-standard","has-post-thumbnail","hentry","category-noticias"],"acf":[],"yoast_head":"<!-- This site is optimized with the Yoast SEO plugin v27.2 - https:\/\/yoast.com\/product\/yoast-seo-wordpress\/ -->\n<title>Casa de Acolhida e Recupera\u00e7\u00e3o Padre Eust\u00e1quio comemora 3 anos de homenagens em Araguari-MG<\/title>\n<meta name=\"description\" content=\"A Casa de Acolhida e Recupera\u00e7\u00e3o Padre Eust\u00e1quio, localizada em Araguari, no Tri\u00e2ngulo Mineiro, est\u00e1 prestes a comemorar tr\u00eas anos da Galeria dos Patronos. Este espa\u00e7o \u00e9 uma homenagem ao Bem-aventurado Padre Eust\u00e1quio e a uma figura fundamental na hist\u00f3ria da institui\u00e7\u00e3o: Eust\u00e1quio Teixeira de Faria, carinhosamente conhecido como Taquim, que inspirou a cria\u00e7\u00e3o da casa.\" \/>\n<meta name=\"robots\" content=\"index, follow, max-snippet:-1, max-image-preview:large, max-video-preview:-1\" \/>\n<link rel=\"canonical\" href=\"https:\/\/www.padreeustaquio.com.br\/es\/casa-de-acogida-y-recuperacion-padre-eustaquio-celebra-3-anos-de-homenajes-en-araguari-mg\/\" \/>\n<meta property=\"og:locale\" content=\"es_ES\" \/>\n<meta property=\"og:type\" content=\"article\" \/>\n<meta property=\"og:title\" content=\"Casa de Acolhida e Recupera\u00e7\u00e3o Padre Eust\u00e1quio comemora 3 anos de homenagens em Araguari-MG\" \/>\n<meta property=\"og:description\" content=\"A Casa de Acolhida e Recupera\u00e7\u00e3o Padre Eust\u00e1quio, localizada em Araguari, no Tri\u00e2ngulo Mineiro, est\u00e1 prestes a comemorar tr\u00eas anos da Galeria dos Patronos. Este espa\u00e7o \u00e9 uma homenagem ao Bem-aventurado Padre Eust\u00e1quio e a uma figura fundamental na hist\u00f3ria da institui\u00e7\u00e3o: Eust\u00e1quio Teixeira de Faria, carinhosamente conhecido como Taquim, que inspirou a cria\u00e7\u00e3o da casa.\" \/>\n<meta property=\"og:url\" content=\"https:\/\/www.padreeustaquio.com.br\/es\/casa-de-acogida-y-recuperacion-padre-eustaquio-celebra-3-anos-de-homenajes-en-araguari-mg\/\" \/>\n<meta property=\"og:site_name\" content=\"Padre Eust\u00e1quio\" \/>\n<meta property=\"article:publisher\" content=\"https:\/\/www.facebook.com\/beatopadreeustaquio\/\" \/>\n<meta property=\"article:published_time\" content=\"2024-04-12T10:30:52+00:00\" \/>\n<meta property=\"og:image\" content=\"https:\/\/www.padreeustaquio.com.br\/wp-content\/uploads\/2024\/04\/casa-de-recuperacao-e-saude-padre-eustaquio-araguari.jpeg\" \/>\n\t<meta property=\"og:image:width\" content=\"1080\" \/>\n\t<meta property=\"og:image:height\" content=\"887\" \/>\n\t<meta property=\"og:image:type\" content=\"image\/jpeg\" \/>\n<meta name=\"author\" content=\"@sscc\" \/>\n<meta name=\"twitter:card\" content=\"summary_large_image\" \/>\n<meta name=\"twitter:creator\" content=\"@beatopeustaquio\" \/>\n<meta name=\"twitter:site\" content=\"@beatopeustaquio\" \/>\n<meta name=\"twitter:label1\" content=\"Escrito por\" \/>\n\t<meta name=\"twitter:data1\" content=\"@sscc\" \/>\n\t<meta name=\"twitter:label2\" content=\"Tiempo de lectura\" \/>\n\t<meta name=\"twitter:data2\" content=\"3 minutos\" \/>\n<script type=\"application\/ld+json\" class=\"yoast-schema-graph\">{\"@context\":\"https:\/\/schema.org\",\"@graph\":[{\"@type\":\"Article\",\"@id\":\"https:\/\/www.padreeustaquio.com.br\/casa-de-acolhida-e-recuperacao-padre-eustaquio-comemora-3-anos-de-homenagens-em-araguari-mg\/#article\",\"isPartOf\":{\"@id\":\"https:\/\/www.padreeustaquio.com.br\/casa-de-acolhida-e-recuperacao-padre-eustaquio-comemora-3-anos-de-homenagens-em-araguari-mg\/\"},\"author\":{\"name\":\"@sscc\",\"@id\":\"https:\/\/www.padreeustaquio.com.br\/#\/schema\/person\/a2a51db1d00f1a7af0204a0f1ddb1566\"},\"headline\":\"Casa de Acolhida e Recupera\u00e7\u00e3o Padre Eust\u00e1quio comemora 3 anos de homenagens em Araguari-MG\",\"datePublished\":\"2024-04-12T10:30:52+00:00\",\"mainEntityOfPage\":{\"@id\":\"https:\/\/www.padreeustaquio.com.br\/casa-de-acolhida-e-recuperacao-padre-eustaquio-comemora-3-anos-de-homenagens-em-araguari-mg\/\"},\"wordCount\":397,\"commentCount\":0,\"publisher\":{\"@id\":\"https:\/\/www.padreeustaquio.com.br\/#organization\"},\"image\":{\"@id\":\"https:\/\/www.padreeustaquio.com.br\/casa-de-acolhida-e-recuperacao-padre-eustaquio-comemora-3-anos-de-homenagens-em-araguari-mg\/#primaryimage\"},\"thumbnailUrl\":\"https:\/\/www.padreeustaquio.com.br\/wp-content\/uploads\/2024\/04\/casa-de-recuperacao-e-saude-padre-eustaquio-araguari.jpeg\",\"articleSection\":[\"Not\u00edcias\"],\"inLanguage\":\"es\",\"potentialAction\":[{\"@type\":\"CommentAction\",\"name\":\"Comment\",\"target\":[\"https:\/\/www.padreeustaquio.com.br\/casa-de-acolhida-e-recuperacao-padre-eustaquio-comemora-3-anos-de-homenagens-em-araguari-mg\/#respond\"]}]},{\"@type\":\"WebPage\",\"@id\":\"https:\/\/www.padreeustaquio.com.br\/casa-de-acolhida-e-recuperacao-padre-eustaquio-comemora-3-anos-de-homenagens-em-araguari-mg\/\",\"url\":\"https:\/\/www.padreeustaquio.com.br\/casa-de-acolhida-e-recuperacao-padre-eustaquio-comemora-3-anos-de-homenagens-em-araguari-mg\/\",\"name\":\"Casa de Acolhida e Recupera\u00e7\u00e3o Padre Eust\u00e1quio comemora 3 anos de homenagens em Araguari-MG\",\"isPartOf\":{\"@id\":\"https:\/\/www.padreeustaquio.com.br\/#website\"},\"primaryImageOfPage\":{\"@id\":\"https:\/\/www.padreeustaquio.com.br\/casa-de-acolhida-e-recuperacao-padre-eustaquio-comemora-3-anos-de-homenagens-em-araguari-mg\/#primaryimage\"},\"image\":{\"@id\":\"https:\/\/www.padreeustaquio.com.br\/casa-de-acolhida-e-recuperacao-padre-eustaquio-comemora-3-anos-de-homenagens-em-araguari-mg\/#primaryimage\"},\"thumbnailUrl\":\"https:\/\/www.padreeustaquio.com.br\/wp-content\/uploads\/2024\/04\/casa-de-recuperacao-e-saude-padre-eustaquio-araguari.jpeg\",\"datePublished\":\"2024-04-12T10:30:52+00:00\",\"description\":\"A Casa de Acolhida e Recupera\u00e7\u00e3o Padre Eust\u00e1quio, localizada em Araguari, no Tri\u00e2ngulo Mineiro, est\u00e1 prestes a comemorar tr\u00eas anos da Galeria dos Patronos. Este espa\u00e7o \u00e9 uma homenagem ao Bem-aventurado Padre Eust\u00e1quio e a uma figura fundamental na hist\u00f3ria da institui\u00e7\u00e3o: Eust\u00e1quio Teixeira de Faria, carinhosamente conhecido como Taquim, que inspirou a cria\u00e7\u00e3o da casa.\",\"breadcrumb\":{\"@id\":\"https:\/\/www.padreeustaquio.com.br\/casa-de-acolhida-e-recuperacao-padre-eustaquio-comemora-3-anos-de-homenagens-em-araguari-mg\/#breadcrumb\"},\"inLanguage\":\"es\",\"potentialAction\":[{\"@type\":\"ReadAction\",\"target\":[\"https:\/\/www.padreeustaquio.com.br\/casa-de-acolhida-e-recuperacao-padre-eustaquio-comemora-3-anos-de-homenagens-em-araguari-mg\/\"]}]},{\"@type\":\"ImageObject\",\"inLanguage\":\"es\",\"@id\":\"https:\/\/www.padreeustaquio.com.br\/casa-de-acolhida-e-recuperacao-padre-eustaquio-comemora-3-anos-de-homenagens-em-araguari-mg\/#primaryimage\",\"url\":\"https:\/\/www.padreeustaquio.com.br\/wp-content\/uploads\/2024\/04\/casa-de-recuperacao-e-saude-padre-eustaquio-araguari.jpeg\",\"contentUrl\":\"https:\/\/www.padreeustaquio.com.br\/wp-content\/uploads\/2024\/04\/casa-de-recuperacao-e-saude-padre-eustaquio-araguari.jpeg\",\"width\":1080,\"height\":887},{\"@type\":\"BreadcrumbList\",\"@id\":\"https:\/\/www.padreeustaquio.com.br\/casa-de-acolhida-e-recuperacao-padre-eustaquio-comemora-3-anos-de-homenagens-em-araguari-mg\/#breadcrumb\",\"itemListElement\":[{\"@type\":\"ListItem\",\"position\":1,\"name\":\"In\u00edcio\",\"item\":\"https:\/\/www.padreeustaquio.com.br\/\"},{\"@type\":\"ListItem\",\"position\":2,\"name\":\"Casa de Acolhida e Recupera\u00e7\u00e3o Padre Eust\u00e1quio comemora 3 anos de homenagens em Araguari-MG\"}]},{\"@type\":\"WebSite\",\"@id\":\"https:\/\/www.padreeustaquio.com.br\/#website\",\"url\":\"https:\/\/www.padreeustaquio.com.br\/\",\"name\":\"Padre Eust\u00e1quio\",\"description\":\"Sa\u00fade e Paz\",\"publisher\":{\"@id\":\"https:\/\/www.padreeustaquio.com.br\/#organization\"},\"potentialAction\":[{\"@type\":\"SearchAction\",\"target\":{\"@type\":\"EntryPoint\",\"urlTemplate\":\"https:\/\/www.padreeustaquio.com.br\/?s={search_term_string}\"},\"query-input\":{\"@type\":\"PropertyValueSpecification\",\"valueRequired\":true,\"valueName\":\"search_term_string\"}}],\"inLanguage\":\"es\"},{\"@type\":\"Organization\",\"@id\":\"https:\/\/www.padreeustaquio.com.br\/#organization\",\"name\":\"Padre Eust\u00e1quio\",\"url\":\"https:\/\/www.padreeustaquio.com.br\/\",\"logo\":{\"@type\":\"ImageObject\",\"inLanguage\":\"es\",\"@id\":\"https:\/\/www.padreeustaquio.com.br\/#\/schema\/logo\/image\/\",\"url\":\"https:\/\/www.padreeustaquio.com.br\/wp-content\/uploads\/2019\/08\/marca.png\",\"contentUrl\":\"https:\/\/www.padreeustaquio.com.br\/wp-content\/uploads\/2019\/08\/marca.png\",\"width\":350,\"height\":400,\"caption\":\"Padre Eust\u00e1quio\"},\"image\":{\"@id\":\"https:\/\/www.padreeustaquio.com.br\/#\/schema\/logo\/image\/\"},\"sameAs\":[\"https:\/\/www.facebook.com\/beatopadreeustaquio\/\",\"https:\/\/x.com\/beatopeustaquio\",\"https:\/\/www.instagram.com\/beatopadreeustaquio\/\",\"https:\/\/www.youtube.com\/channel\/UCRhw7vfabnajwLxb1ZXMeIw\"]},{\"@type\":\"Person\",\"@id\":\"https:\/\/www.padreeustaquio.com.br\/#\/schema\/person\/a2a51db1d00f1a7af0204a0f1ddb1566\",\"name\":\"@sscc\",\"image\":{\"@type\":\"ImageObject\",\"inLanguage\":\"es\",\"@id\":\"https:\/\/secure.gravatar.com\/avatar\/68cfafa5f44617fea54071e215026e0ff06be366c3d54a8425f04fdcb86f8c5f?s=96&d=mm&r=g\",\"url\":\"https:\/\/secure.gravatar.com\/avatar\/68cfafa5f44617fea54071e215026e0ff06be366c3d54a8425f04fdcb86f8c5f?s=96&d=mm&r=g\",\"contentUrl\":\"https:\/\/secure.gravatar.com\/avatar\/68cfafa5f44617fea54071e215026e0ff06be366c3d54a8425f04fdcb86f8c5f?s=96&d=mm&r=g\",\"caption\":\"@sscc\"},\"url\":\"https:\/\/www.padreeustaquio.com.br\/es\/author\/sscc\/\"}]}<\/script>\n<!-- \/ Yoast SEO plugin. -->","yoast_head_json":{"title":"Casa de Acogida y Recuperaci\u00f3n Padre Eust\u00e1quio celebra 3 a\u00f1os de homenajes en Araguari-MG.","description":"El Hogar de Acogida y Recuperaci\u00f3n Padre Eust\u00e1quio, ubicado en Araguari, en la regi\u00f3n del Tri\u00e1ngulo Mineiro, est\u00e1 a punto de celebrar tres a\u00f1os de la Galer\u00eda de los Patronos. Este espacio rinde homenaje al Beato Padre Eust\u00e1quio y a una figura clave en la historia de la instituci\u00f3n: Eust\u00e1quio Teixeira de Faria, conocido cari\u00f1osamente como Taquim, quien inspir\u00f3 la creaci\u00f3n del hogar.","robots":{"index":"index","follow":"follow","max-snippet":"max-snippet:-1","max-image-preview":"max-image-preview:large","max-video-preview":"max-video-preview:-1"},"canonical":"https:\/\/www.padreeustaquio.com.br\/es\/casa-de-acogida-y-recuperacion-padre-eustaquio-celebra-3-anos-de-homenajes-en-araguari-mg\/","og_locale":"es_ES","og_type":"article","og_title":"Casa de Acolhida e Recupera\u00e7\u00e3o Padre Eust\u00e1quio comemora 3 anos de homenagens em Araguari-MG","og_description":"A Casa de Acolhida e Recupera\u00e7\u00e3o Padre Eust\u00e1quio, localizada em Araguari, no Tri\u00e2ngulo Mineiro, est\u00e1 prestes a comemorar tr\u00eas anos da Galeria dos Patronos. Este espa\u00e7o \u00e9 uma homenagem ao Bem-aventurado Padre Eust\u00e1quio e a uma figura fundamental na hist\u00f3ria da institui\u00e7\u00e3o: Eust\u00e1quio Teixeira de Faria, carinhosamente conhecido como Taquim, que inspirou a cria\u00e7\u00e3o da casa.","og_url":"https:\/\/www.padreeustaquio.com.br\/es\/casa-de-acogida-y-recuperacion-padre-eustaquio-celebra-3-anos-de-homenajes-en-araguari-mg\/","og_site_name":"Padre Eust\u00e1quio","article_publisher":"https:\/\/www.facebook.com\/beatopadreeustaquio\/","article_published_time":"2024-04-12T10:30:52+00:00","og_image":[{"width":1080,"height":887,"url":"https:\/\/www.padreeustaquio.com.br\/wp-content\/uploads\/2024\/04\/casa-de-recuperacao-e-saude-padre-eustaquio-araguari.jpeg","type":"image\/jpeg"}],"author":"@sscc","twitter_card":"summary_large_image","twitter_creator":"@beatopeustaquio","twitter_site":"@beatopeustaquio","twitter_misc":{"Escrito por":"@sscc","Tiempo de lectura":"3 minutos"},"schema":{"@context":"https:\/\/schema.org","@graph":[{"@type":"Article","@id":"https:\/\/www.padreeustaquio.com.br\/casa-de-acolhida-e-recuperacao-padre-eustaquio-comemora-3-anos-de-homenagens-em-araguari-mg\/#article","isPartOf":{"@id":"https:\/\/www.padreeustaquio.com.br\/casa-de-acolhida-e-recuperacao-padre-eustaquio-comemora-3-anos-de-homenagens-em-araguari-mg\/"},"author":{"name":"@sscc","@id":"https:\/\/www.padreeustaquio.com.br\/#\/schema\/person\/a2a51db1d00f1a7af0204a0f1ddb1566"},"headline":"Casa de Acolhida e Recupera\u00e7\u00e3o Padre Eust\u00e1quio comemora 3 anos de homenagens em Araguari-MG","datePublished":"2024-04-12T10:30:52+00:00","mainEntityOfPage":{"@id":"https:\/\/www.padreeustaquio.com.br\/casa-de-acolhida-e-recuperacao-padre-eustaquio-comemora-3-anos-de-homenagens-em-araguari-mg\/"},"wordCount":397,"commentCount":0,"publisher":{"@id":"https:\/\/www.padreeustaquio.com.br\/#organization"},"image":{"@id":"https:\/\/www.padreeustaquio.com.br\/casa-de-acolhida-e-recuperacao-padre-eustaquio-comemora-3-anos-de-homenagens-em-araguari-mg\/#primaryimage"},"thumbnailUrl":"https:\/\/www.padreeustaquio.com.br\/wp-content\/uploads\/2024\/04\/casa-de-recuperacao-e-saude-padre-eustaquio-araguari.jpeg","articleSection":["Not\u00edcias"],"inLanguage":"es","potentialAction":[{"@type":"CommentAction","name":"Comment","target":["https:\/\/www.padreeustaquio.com.br\/casa-de-acolhida-e-recuperacao-padre-eustaquio-comemora-3-anos-de-homenagens-em-araguari-mg\/#respond"]}]},{"@type":"WebPage","@id":"https:\/\/www.padreeustaquio.com.br\/casa-de-acolhida-e-recuperacao-padre-eustaquio-comemora-3-anos-de-homenagens-em-araguari-mg\/","url":"https:\/\/www.padreeustaquio.com.br\/casa-de-acolhida-e-recuperacao-padre-eustaquio-comemora-3-anos-de-homenagens-em-araguari-mg\/","name":"Casa de Acogida y Recuperaci\u00f3n Padre Eust\u00e1quio celebra 3 a\u00f1os de homenajes en Araguari-MG.","isPartOf":{"@id":"https:\/\/www.padreeustaquio.com.br\/#website"},"primaryImageOfPage":{"@id":"https:\/\/www.padreeustaquio.com.br\/casa-de-acolhida-e-recuperacao-padre-eustaquio-comemora-3-anos-de-homenagens-em-araguari-mg\/#primaryimage"},"image":{"@id":"https:\/\/www.padreeustaquio.com.br\/casa-de-acolhida-e-recuperacao-padre-eustaquio-comemora-3-anos-de-homenagens-em-araguari-mg\/#primaryimage"},"thumbnailUrl":"https:\/\/www.padreeustaquio.com.br\/wp-content\/uploads\/2024\/04\/casa-de-recuperacao-e-saude-padre-eustaquio-araguari.jpeg","datePublished":"2024-04-12T10:30:52+00:00","description":"El Hogar de Acogida y Recuperaci\u00f3n Padre Eust\u00e1quio, ubicado en Araguari, en la regi\u00f3n del Tri\u00e1ngulo Mineiro, est\u00e1 a punto de celebrar tres a\u00f1os de la Galer\u00eda de los Patronos. Este espacio rinde homenaje al Beato Padre Eust\u00e1quio y a una figura clave en la historia de la instituci\u00f3n: Eust\u00e1quio Teixeira de Faria, conocido cari\u00f1osamente como Taquim, quien inspir\u00f3 la creaci\u00f3n del hogar.","breadcrumb":{"@id":"https:\/\/www.padreeustaquio.com.br\/casa-de-acolhida-e-recuperacao-padre-eustaquio-comemora-3-anos-de-homenagens-em-araguari-mg\/#breadcrumb"},"inLanguage":"es","potentialAction":[{"@type":"ReadAction","target":["https:\/\/www.padreeustaquio.com.br\/casa-de-acolhida-e-recuperacao-padre-eustaquio-comemora-3-anos-de-homenagens-em-araguari-mg\/"]}]},{"@type":"ImageObject","inLanguage":"es","@id":"https:\/\/www.padreeustaquio.com.br\/casa-de-acolhida-e-recuperacao-padre-eustaquio-comemora-3-anos-de-homenagens-em-araguari-mg\/#primaryimage","url":"https:\/\/www.padreeustaquio.com.br\/wp-content\/uploads\/2024\/04\/casa-de-recuperacao-e-saude-padre-eustaquio-araguari.jpeg","contentUrl":"https:\/\/www.padreeustaquio.com.br\/wp-content\/uploads\/2024\/04\/casa-de-recuperacao-e-saude-padre-eustaquio-araguari.jpeg","width":1080,"height":887},{"@type":"BreadcrumbList","@id":"https:\/\/www.padreeustaquio.com.br\/casa-de-acolhida-e-recuperacao-padre-eustaquio-comemora-3-anos-de-homenagens-em-araguari-mg\/#breadcrumb","itemListElement":[{"@type":"ListItem","position":1,"name":"In\u00edcio","item":"https:\/\/www.padreeustaquio.com.br\/"},{"@type":"ListItem","position":2,"name":"Casa de Acolhida e Recupera\u00e7\u00e3o Padre Eust\u00e1quio comemora 3 anos de homenagens em Araguari-MG"}]},{"@type":"WebSite","@id":"https:\/\/www.padreeustaquio.com.br\/#website","url":"https:\/\/www.padreeustaquio.com.br\/","name":"Padre Eustace","description":"Salud y Paz","publisher":{"@id":"https:\/\/www.padreeustaquio.com.br\/#organization"},"potentialAction":[{"@type":"SearchAction","target":{"@type":"EntryPoint","urlTemplate":"https:\/\/www.padreeustaquio.com.br\/?s={search_term_string}"},"query-input":{"@type":"PropertyValueSpecification","valueRequired":true,"valueName":"search_term_string"}}],"inLanguage":"es"},{"@type":"Organization","@id":"https:\/\/www.padreeustaquio.com.br\/#organization","name":"Padre Eustace","url":"https:\/\/www.padreeustaquio.com.br\/","logo":{"@type":"ImageObject","inLanguage":"es","@id":"https:\/\/www.padreeustaquio.com.br\/#\/schema\/logo\/image\/","url":"https:\/\/www.padreeustaquio.com.br\/wp-content\/uploads\/2019\/08\/marca.png","contentUrl":"https:\/\/www.padreeustaquio.com.br\/wp-content\/uploads\/2019\/08\/marca.png","width":350,"height":400,"caption":"Padre Eust\u00e1quio"},"image":{"@id":"https:\/\/www.padreeustaquio.com.br\/#\/schema\/logo\/image\/"},"sameAs":["https:\/\/www.facebook.com\/beatopadreeustaquio\/","https:\/\/x.com\/beatopeustaquio","https:\/\/www.instagram.com\/beatopadreeustaquio\/","https:\/\/www.youtube.com\/channel\/UCRhw7vfabnajwLxb1ZXMeIw"]},{"@type":"Person","@id":"https:\/\/www.padreeustaquio.com.br\/#\/schema\/person\/a2a51db1d00f1a7af0204a0f1ddb1566","name":"@sscc","image":{"@type":"ImageObject","inLanguage":"es","@id":"https:\/\/secure.gravatar.com\/avatar\/68cfafa5f44617fea54071e215026e0ff06be366c3d54a8425f04fdcb86f8c5f?s=96&d=mm&r=g","url":"https:\/\/secure.gravatar.com\/avatar\/68cfafa5f44617fea54071e215026e0ff06be366c3d54a8425f04fdcb86f8c5f?s=96&d=mm&r=g","contentUrl":"https:\/\/secure.gravatar.com\/avatar\/68cfafa5f44617fea54071e215026e0ff06be366c3d54a8425f04fdcb86f8c5f?s=96&d=mm&r=g","caption":"@sscc"},"url":"https:\/\/www.padreeustaquio.com.br\/es\/author\/sscc\/"}]}},"_links":{"self":[{"href":"https:\/\/www.padreeustaquio.com.br\/es\/wp-json\/wp\/v2\/posts\/11193","targetHints":{"allow":["GET"]}}],"collection":[{"href":"https:\/\/www.padreeustaquio.com.br\/es\/wp-json\/wp\/v2\/posts"}],"about":[{"href":"https:\/\/www.padreeustaquio.com.br\/es\/wp-json\/wp\/v2\/types\/post"}],"author":[{"embeddable":true,"href":"https:\/\/www.padreeustaquio.com.br\/es\/wp-json\/wp\/v2\/users\/2"}],"replies":[{"embeddable":true,"href":"https:\/\/www.padreeustaquio.com.br\/es\/wp-json\/wp\/v2\/comments?post=11193"}],"version-history":[{"count":0,"href":"https:\/\/www.padreeustaquio.com.br\/es\/wp-json\/wp\/v2\/posts\/11193\/revisions"}],"wp:featuredmedia":[{"embeddable":true,"href":"https:\/\/www.padreeustaquio.com.br\/es\/wp-json\/wp\/v2\/media\/11194"}],"wp:attachment":[{"href":"https:\/\/www.padreeustaquio.com.br\/es\/wp-json\/wp\/v2\/media?parent=11193"}],"wp:term":[{"taxonomy":"category","embeddable":true,"href":"https:\/\/www.padreeustaquio.com.br\/es\/wp-json\/wp\/v2\/categories?post=11193"},{"taxonomy":"post_tag","embeddable":true,"href":"https:\/\/www.padreeustaquio.com.br\/es\/wp-json\/wp\/v2\/tags?post=11193"}],"curies":[{"name":"wp","href":"https:\/\/api.w.org\/{rel}","templated":true}]}}