{"id":11187,"date":"2024-04-10T09:12:39","date_gmt":"2024-04-10T12:12:39","guid":{"rendered":"https:\/\/www.padreeustaquio.com.br\/?p=11187"},"modified":"2024-04-18T21:21:12","modified_gmt":"2024-04-19T00:21:12","slug":"el-barrio-padre-eustaquio-en-belo-horizonte-celebra-75-anos-de-historia-y-tradicion","status":"publish","type":"post","link":"https:\/\/www.padreeustaquio.com.br\/es\/el-barrio-padre-eustaquio-en-belo-horizonte-celebra-75-anos-de-historia-y-tradicion\/","title":{"rendered":"El barrio Padre Eust\u00e1quio en Belo Horizonte celebra 73 a\u00f1os de historia y tradici\u00f3n."},"content":{"rendered":"<p>El mes de abril es especial para los habitantes del barrio Padre Eust\u00e1quio en Belo Horizonte, ya que marca el 73\u00ba aniversario del nombre del barrio, un homenaje al Beato Padre Eust\u00e1quio, una figura venerada y querida conocida por su dedicaci\u00f3n y bondad hacia la comunidad local.<\/p>\n<p><strong>Un homenaje al Beato Padre Eustace<\/strong><\/p>\n<p>El nombre del barrio fue aprobado oficialmente en abril de 1951 como una forma de reconocer y honrar el legado dejado por el Beato Padre Eustace, quien dej\u00f3 una gran huella en la regi\u00f3n durante su estad\u00eda en la d\u00e9cada de 1940. Su presencia estuvo marcada por su compasi\u00f3n, carisma y dedicaci\u00f3n al servicio de los necesitados.<\/p>\n<p>El padre Eust\u00e1quio conquist\u00f3 no s\u00f3lo el coraz\u00f3n de los habitantes locales, sino tambi\u00e9n de figuras importantes, como el presidente Juscelino Kubitschek, en aquel momento alcalde de la capital de Minas Gerais.<\/p>\n<p>Su mensaje de salud y paz reson\u00f3 profundamente entre los habitantes de la regi\u00f3n, dejando un legado de devoci\u00f3n y esperanza que perdura hasta el d\u00eda de hoy.<\/p>\n<p>A lo largo de los a\u00f1os, el barrio Padre Eust\u00e1quio ha seguido siendo un lugar donde se recuerda y celebra la presencia e influencia del Beato Padre Eust\u00e1quio. Incluso hoy, con m\u00e1s de 30.000 habitantes, las obras de caridad y el compromiso con el bienestar de los m\u00e1s desfavorecidos, legados del Padre Eust\u00e1quio, siguen inspirando a quienes viven en la zona, reforzando los valores de solidaridad y compasi\u00f3n que \u00e9l tan profundamente encarn\u00f3.<\/p>","protected":false},"excerpt":{"rendered":"<p>O m\u00eas de abril \u00e9 especial para os moradores do Bairro Padre Eust\u00e1quio, em Belo Horizonte, pois marca o anivers\u00e1rio de 73 anos desde que o bairro recebeu seu nome, uma homenagem ao Bem-aventurado Padre Eust\u00e1quio, uma figura reverenciada e amada por sua dedica\u00e7\u00e3o e bondade para com a comunidade local. Uma Homenagem ao Beato Padre Eust\u00e1quio O nome do bairro foi oficialmente aprovado em abril de 1951, como uma forma de reconhecer e honrar o legado deixado pelo Beato Padre Eust\u00e1quio, que deixou uma grande marca na regi\u00e3o durante sua estadia na d\u00e9cada de 1940. Sua presen\u00e7a foi marcada [&hellip;]<\/p>\n","protected":false},"author":2,"featured_media":5618,"comment_status":"open","ping_status":"closed","sticky":false,"template":"","format":"standard","meta":{"_acf_changed":false,"footnotes":""},"categories":[611],"tags":[],"class_list":["post-11187","post","type-post","status-publish","format-standard","has-post-thumbnail","hentry","category-noticias"],"acf":[],"yoast_head":"<!-- This site is optimized with the Yoast SEO plugin v27.2 - https:\/\/yoast.com\/product\/yoast-seo-wordpress\/ -->\n<title>Bairro Padre Eust\u00e1quio, em Belo Horizonte, celebra 73 anos de hist\u00f3ria e tradi\u00e7\u00e3o<\/title>\n<meta name=\"description\" content=\"O m\u00eas de abril \u00e9 especial para os moradores do Bairro Padre Eust\u00e1quio, em Belo Horizonte, pois marca o anivers\u00e1rio de 75 anos desde que o bairro recebeu seu nome, uma homenagem ao Bem-aventurado Padre Eust\u00e1quio, uma figura reverenciada e amada por sua dedica\u00e7\u00e3o e bondade para com a comunidade local.\" \/>\n<meta name=\"robots\" content=\"index, follow, max-snippet:-1, max-image-preview:large, max-video-preview:-1\" \/>\n<link rel=\"canonical\" href=\"https:\/\/www.padreeustaquio.com.br\/es\/el-barrio-padre-eustaquio-en-belo-horizonte-celebra-75-anos-de-historia-y-tradicion\/\" \/>\n<meta property=\"og:locale\" content=\"es_ES\" \/>\n<meta property=\"og:type\" content=\"article\" \/>\n<meta property=\"og:title\" content=\"Bairro Padre Eust\u00e1quio, em Belo Horizonte, celebra 73 anos de hist\u00f3ria e tradi\u00e7\u00e3o\" \/>\n<meta property=\"og:description\" content=\"O m\u00eas de abril \u00e9 especial para os moradores do Bairro Padre Eust\u00e1quio, em Belo Horizonte, pois marca o anivers\u00e1rio de 75 anos desde que o bairro recebeu seu nome, uma homenagem ao Bem-aventurado Padre Eust\u00e1quio, uma figura reverenciada e amada por sua dedica\u00e7\u00e3o e bondade para com a comunidade local.\" \/>\n<meta property=\"og:url\" content=\"https:\/\/www.padreeustaquio.com.br\/es\/el-barrio-padre-eustaquio-en-belo-horizonte-celebra-75-anos-de-historia-y-tradicion\/\" \/>\n<meta property=\"og:site_name\" content=\"Padre Eust\u00e1quio\" \/>\n<meta property=\"article:publisher\" content=\"https:\/\/www.facebook.com\/beatopadreeustaquio\/\" \/>\n<meta property=\"article:published_time\" content=\"2024-04-10T12:12:39+00:00\" \/>\n<meta property=\"article:modified_time\" content=\"2024-04-19T00:21:12+00:00\" \/>\n<meta property=\"og:image\" content=\"https:\/\/www.padreeustaquio.com.br\/wp-content\/uploads\/2021\/04\/Bairro-Padre-Eustaquio.jpg\" \/>\n\t<meta property=\"og:image:width\" content=\"748\" \/>\n\t<meta property=\"og:image:height\" content=\"394\" \/>\n\t<meta property=\"og:image:type\" content=\"image\/jpeg\" \/>\n<meta name=\"author\" content=\"@sscc\" \/>\n<meta name=\"twitter:card\" content=\"summary_large_image\" \/>\n<meta name=\"twitter:creator\" content=\"@beatopeustaquio\" \/>\n<meta name=\"twitter:site\" content=\"@beatopeustaquio\" \/>\n<meta name=\"twitter:label1\" content=\"Escrito por\" \/>\n\t<meta name=\"twitter:data1\" content=\"@sscc\" \/>\n\t<meta name=\"twitter:label2\" content=\"Tiempo de lectura\" \/>\n\t<meta name=\"twitter:data2\" content=\"2 minutos\" \/>\n<script type=\"application\/ld+json\" class=\"yoast-schema-graph\">{\"@context\":\"https:\/\/schema.org\",\"@graph\":[{\"@type\":\"Article\",\"@id\":\"https:\/\/www.padreeustaquio.com.br\/bairro-padre-eustaquio-em-belo-horizonte-celebra-75-anos-de-historia-e-tradicao\/#article\",\"isPartOf\":{\"@id\":\"https:\/\/www.padreeustaquio.com.br\/bairro-padre-eustaquio-em-belo-horizonte-celebra-75-anos-de-historia-e-tradicao\/\"},\"author\":{\"name\":\"@sscc\",\"@id\":\"https:\/\/www.padreeustaquio.com.br\/#\/schema\/person\/a2a51db1d00f1a7af0204a0f1ddb1566\"},\"headline\":\"Bairro Padre Eust\u00e1quio, em Belo Horizonte, celebra 73 anos de hist\u00f3ria e tradi\u00e7\u00e3o\",\"datePublished\":\"2024-04-10T12:12:39+00:00\",\"dateModified\":\"2024-04-19T00:21:12+00:00\",\"mainEntityOfPage\":{\"@id\":\"https:\/\/www.padreeustaquio.com.br\/bairro-padre-eustaquio-em-belo-horizonte-celebra-75-anos-de-historia-e-tradicao\/\"},\"wordCount\":274,\"commentCount\":0,\"publisher\":{\"@id\":\"https:\/\/www.padreeustaquio.com.br\/#organization\"},\"image\":{\"@id\":\"https:\/\/www.padreeustaquio.com.br\/bairro-padre-eustaquio-em-belo-horizonte-celebra-75-anos-de-historia-e-tradicao\/#primaryimage\"},\"thumbnailUrl\":\"https:\/\/www.padreeustaquio.com.br\/wp-content\/uploads\/2021\/04\/Bairro-Padre-Eustaquio.jpg\",\"articleSection\":[\"Not\u00edcias\"],\"inLanguage\":\"es\",\"potentialAction\":[{\"@type\":\"CommentAction\",\"name\":\"Comment\",\"target\":[\"https:\/\/www.padreeustaquio.com.br\/bairro-padre-eustaquio-em-belo-horizonte-celebra-75-anos-de-historia-e-tradicao\/#respond\"]}]},{\"@type\":\"WebPage\",\"@id\":\"https:\/\/www.padreeustaquio.com.br\/bairro-padre-eustaquio-em-belo-horizonte-celebra-75-anos-de-historia-e-tradicao\/\",\"url\":\"https:\/\/www.padreeustaquio.com.br\/bairro-padre-eustaquio-em-belo-horizonte-celebra-75-anos-de-historia-e-tradicao\/\",\"name\":\"Bairro Padre Eust\u00e1quio, em Belo Horizonte, celebra 73 anos de hist\u00f3ria e tradi\u00e7\u00e3o\",\"isPartOf\":{\"@id\":\"https:\/\/www.padreeustaquio.com.br\/#website\"},\"primaryImageOfPage\":{\"@id\":\"https:\/\/www.padreeustaquio.com.br\/bairro-padre-eustaquio-em-belo-horizonte-celebra-75-anos-de-historia-e-tradicao\/#primaryimage\"},\"image\":{\"@id\":\"https:\/\/www.padreeustaquio.com.br\/bairro-padre-eustaquio-em-belo-horizonte-celebra-75-anos-de-historia-e-tradicao\/#primaryimage\"},\"thumbnailUrl\":\"https:\/\/www.padreeustaquio.com.br\/wp-content\/uploads\/2021\/04\/Bairro-Padre-Eustaquio.jpg\",\"datePublished\":\"2024-04-10T12:12:39+00:00\",\"dateModified\":\"2024-04-19T00:21:12+00:00\",\"description\":\"O m\u00eas de abril \u00e9 especial para os moradores do Bairro Padre Eust\u00e1quio, em Belo Horizonte, pois marca o anivers\u00e1rio de 75 anos desde que o bairro recebeu seu nome, uma homenagem ao Bem-aventurado Padre Eust\u00e1quio, uma figura reverenciada e amada por sua dedica\u00e7\u00e3o e bondade para com a comunidade local.\",\"breadcrumb\":{\"@id\":\"https:\/\/www.padreeustaquio.com.br\/bairro-padre-eustaquio-em-belo-horizonte-celebra-75-anos-de-historia-e-tradicao\/#breadcrumb\"},\"inLanguage\":\"es\",\"potentialAction\":[{\"@type\":\"ReadAction\",\"target\":[\"https:\/\/www.padreeustaquio.com.br\/bairro-padre-eustaquio-em-belo-horizonte-celebra-75-anos-de-historia-e-tradicao\/\"]}]},{\"@type\":\"ImageObject\",\"inLanguage\":\"es\",\"@id\":\"https:\/\/www.padreeustaquio.com.br\/bairro-padre-eustaquio-em-belo-horizonte-celebra-75-anos-de-historia-e-tradicao\/#primaryimage\",\"url\":\"https:\/\/www.padreeustaquio.com.br\/wp-content\/uploads\/2021\/04\/Bairro-Padre-Eustaquio.jpg\",\"contentUrl\":\"https:\/\/www.padreeustaquio.com.br\/wp-content\/uploads\/2021\/04\/Bairro-Padre-Eustaquio.jpg\",\"width\":748,\"height\":394},{\"@type\":\"BreadcrumbList\",\"@id\":\"https:\/\/www.padreeustaquio.com.br\/bairro-padre-eustaquio-em-belo-horizonte-celebra-75-anos-de-historia-e-tradicao\/#breadcrumb\",\"itemListElement\":[{\"@type\":\"ListItem\",\"position\":1,\"name\":\"In\u00edcio\",\"item\":\"https:\/\/www.padreeustaquio.com.br\/\"},{\"@type\":\"ListItem\",\"position\":2,\"name\":\"Bairro Padre Eust\u00e1quio, em Belo Horizonte, celebra 73 anos de hist\u00f3ria e tradi\u00e7\u00e3o\"}]},{\"@type\":\"WebSite\",\"@id\":\"https:\/\/www.padreeustaquio.com.br\/#website\",\"url\":\"https:\/\/www.padreeustaquio.com.br\/\",\"name\":\"Padre Eust\u00e1quio\",\"description\":\"Sa\u00fade e Paz\",\"publisher\":{\"@id\":\"https:\/\/www.padreeustaquio.com.br\/#organization\"},\"potentialAction\":[{\"@type\":\"SearchAction\",\"target\":{\"@type\":\"EntryPoint\",\"urlTemplate\":\"https:\/\/www.padreeustaquio.com.br\/?s={search_term_string}\"},\"query-input\":{\"@type\":\"PropertyValueSpecification\",\"valueRequired\":true,\"valueName\":\"search_term_string\"}}],\"inLanguage\":\"es\"},{\"@type\":\"Organization\",\"@id\":\"https:\/\/www.padreeustaquio.com.br\/#organization\",\"name\":\"Padre Eust\u00e1quio\",\"url\":\"https:\/\/www.padreeustaquio.com.br\/\",\"logo\":{\"@type\":\"ImageObject\",\"inLanguage\":\"es\",\"@id\":\"https:\/\/www.padreeustaquio.com.br\/#\/schema\/logo\/image\/\",\"url\":\"https:\/\/www.padreeustaquio.com.br\/wp-content\/uploads\/2019\/08\/marca.png\",\"contentUrl\":\"https:\/\/www.padreeustaquio.com.br\/wp-content\/uploads\/2019\/08\/marca.png\",\"width\":350,\"height\":400,\"caption\":\"Padre Eust\u00e1quio\"},\"image\":{\"@id\":\"https:\/\/www.padreeustaquio.com.br\/#\/schema\/logo\/image\/\"},\"sameAs\":[\"https:\/\/www.facebook.com\/beatopadreeustaquio\/\",\"https:\/\/x.com\/beatopeustaquio\",\"https:\/\/www.instagram.com\/beatopadreeustaquio\/\",\"https:\/\/www.youtube.com\/channel\/UCRhw7vfabnajwLxb1ZXMeIw\"]},{\"@type\":\"Person\",\"@id\":\"https:\/\/www.padreeustaquio.com.br\/#\/schema\/person\/a2a51db1d00f1a7af0204a0f1ddb1566\",\"name\":\"@sscc\",\"image\":{\"@type\":\"ImageObject\",\"inLanguage\":\"es\",\"@id\":\"https:\/\/secure.gravatar.com\/avatar\/68cfafa5f44617fea54071e215026e0ff06be366c3d54a8425f04fdcb86f8c5f?s=96&d=mm&r=g\",\"url\":\"https:\/\/secure.gravatar.com\/avatar\/68cfafa5f44617fea54071e215026e0ff06be366c3d54a8425f04fdcb86f8c5f?s=96&d=mm&r=g\",\"contentUrl\":\"https:\/\/secure.gravatar.com\/avatar\/68cfafa5f44617fea54071e215026e0ff06be366c3d54a8425f04fdcb86f8c5f?s=96&d=mm&r=g\",\"caption\":\"@sscc\"},\"url\":\"https:\/\/www.padreeustaquio.com.br\/es\/author\/sscc\/\"}]}<\/script>\n<!-- \/ Yoast SEO plugin. -->","yoast_head_json":{"title":"El barrio Padre Eust\u00e1quio en Belo Horizonte celebra 73 a\u00f1os de historia y tradici\u00f3n.","description":"El mes de abril es especial para los habitantes del barrio Padre Eust\u00e1quio en Belo Horizonte, ya que marca el 75\u00ba aniversario del nombre del barrio, un homenaje al Beato Padre Eust\u00e1quio, una figura venerada y querida por su dedicaci\u00f3n y bondad con la comunidad local.","robots":{"index":"index","follow":"follow","max-snippet":"max-snippet:-1","max-image-preview":"max-image-preview:large","max-video-preview":"max-video-preview:-1"},"canonical":"https:\/\/www.padreeustaquio.com.br\/es\/el-barrio-padre-eustaquio-en-belo-horizonte-celebra-75-anos-de-historia-y-tradicion\/","og_locale":"es_ES","og_type":"article","og_title":"Bairro Padre Eust\u00e1quio, em Belo Horizonte, celebra 73 anos de hist\u00f3ria e tradi\u00e7\u00e3o","og_description":"O m\u00eas de abril \u00e9 especial para os moradores do Bairro Padre Eust\u00e1quio, em Belo Horizonte, pois marca o anivers\u00e1rio de 75 anos desde que o bairro recebeu seu nome, uma homenagem ao Bem-aventurado Padre Eust\u00e1quio, uma figura reverenciada e amada por sua dedica\u00e7\u00e3o e bondade para com a comunidade local.","og_url":"https:\/\/www.padreeustaquio.com.br\/es\/el-barrio-padre-eustaquio-en-belo-horizonte-celebra-75-anos-de-historia-y-tradicion\/","og_site_name":"Padre Eust\u00e1quio","article_publisher":"https:\/\/www.facebook.com\/beatopadreeustaquio\/","article_published_time":"2024-04-10T12:12:39+00:00","article_modified_time":"2024-04-19T00:21:12+00:00","og_image":[{"width":748,"height":394,"url":"https:\/\/www.padreeustaquio.com.br\/wp-content\/uploads\/2021\/04\/Bairro-Padre-Eustaquio.jpg","type":"image\/jpeg"}],"author":"@sscc","twitter_card":"summary_large_image","twitter_creator":"@beatopeustaquio","twitter_site":"@beatopeustaquio","twitter_misc":{"Escrito por":"@sscc","Tiempo de lectura":"2 minutos"},"schema":{"@context":"https:\/\/schema.org","@graph":[{"@type":"Article","@id":"https:\/\/www.padreeustaquio.com.br\/bairro-padre-eustaquio-em-belo-horizonte-celebra-75-anos-de-historia-e-tradicao\/#article","isPartOf":{"@id":"https:\/\/www.padreeustaquio.com.br\/bairro-padre-eustaquio-em-belo-horizonte-celebra-75-anos-de-historia-e-tradicao\/"},"author":{"name":"@sscc","@id":"https:\/\/www.padreeustaquio.com.br\/#\/schema\/person\/a2a51db1d00f1a7af0204a0f1ddb1566"},"headline":"Bairro Padre Eust\u00e1quio, em Belo Horizonte, celebra 73 anos de hist\u00f3ria e tradi\u00e7\u00e3o","datePublished":"2024-04-10T12:12:39+00:00","dateModified":"2024-04-19T00:21:12+00:00","mainEntityOfPage":{"@id":"https:\/\/www.padreeustaquio.com.br\/bairro-padre-eustaquio-em-belo-horizonte-celebra-75-anos-de-historia-e-tradicao\/"},"wordCount":274,"commentCount":0,"publisher":{"@id":"https:\/\/www.padreeustaquio.com.br\/#organization"},"image":{"@id":"https:\/\/www.padreeustaquio.com.br\/bairro-padre-eustaquio-em-belo-horizonte-celebra-75-anos-de-historia-e-tradicao\/#primaryimage"},"thumbnailUrl":"https:\/\/www.padreeustaquio.com.br\/wp-content\/uploads\/2021\/04\/Bairro-Padre-Eustaquio.jpg","articleSection":["Not\u00edcias"],"inLanguage":"es","potentialAction":[{"@type":"CommentAction","name":"Comment","target":["https:\/\/www.padreeustaquio.com.br\/bairro-padre-eustaquio-em-belo-horizonte-celebra-75-anos-de-historia-e-tradicao\/#respond"]}]},{"@type":"WebPage","@id":"https:\/\/www.padreeustaquio.com.br\/bairro-padre-eustaquio-em-belo-horizonte-celebra-75-anos-de-historia-e-tradicao\/","url":"https:\/\/www.padreeustaquio.com.br\/bairro-padre-eustaquio-em-belo-horizonte-celebra-75-anos-de-historia-e-tradicao\/","name":"El barrio Padre Eust\u00e1quio en Belo Horizonte celebra 73 a\u00f1os de historia y tradici\u00f3n.","isPartOf":{"@id":"https:\/\/www.padreeustaquio.com.br\/#website"},"primaryImageOfPage":{"@id":"https:\/\/www.padreeustaquio.com.br\/bairro-padre-eustaquio-em-belo-horizonte-celebra-75-anos-de-historia-e-tradicao\/#primaryimage"},"image":{"@id":"https:\/\/www.padreeustaquio.com.br\/bairro-padre-eustaquio-em-belo-horizonte-celebra-75-anos-de-historia-e-tradicao\/#primaryimage"},"thumbnailUrl":"https:\/\/www.padreeustaquio.com.br\/wp-content\/uploads\/2021\/04\/Bairro-Padre-Eustaquio.jpg","datePublished":"2024-04-10T12:12:39+00:00","dateModified":"2024-04-19T00:21:12+00:00","description":"El mes de abril es especial para los habitantes del barrio Padre Eust\u00e1quio en Belo Horizonte, ya que marca el 75\u00ba aniversario del nombre del barrio, un homenaje al Beato Padre Eust\u00e1quio, una figura venerada y querida por su dedicaci\u00f3n y bondad con la comunidad local.","breadcrumb":{"@id":"https:\/\/www.padreeustaquio.com.br\/bairro-padre-eustaquio-em-belo-horizonte-celebra-75-anos-de-historia-e-tradicao\/#breadcrumb"},"inLanguage":"es","potentialAction":[{"@type":"ReadAction","target":["https:\/\/www.padreeustaquio.com.br\/bairro-padre-eustaquio-em-belo-horizonte-celebra-75-anos-de-historia-e-tradicao\/"]}]},{"@type":"ImageObject","inLanguage":"es","@id":"https:\/\/www.padreeustaquio.com.br\/bairro-padre-eustaquio-em-belo-horizonte-celebra-75-anos-de-historia-e-tradicao\/#primaryimage","url":"https:\/\/www.padreeustaquio.com.br\/wp-content\/uploads\/2021\/04\/Bairro-Padre-Eustaquio.jpg","contentUrl":"https:\/\/www.padreeustaquio.com.br\/wp-content\/uploads\/2021\/04\/Bairro-Padre-Eustaquio.jpg","width":748,"height":394},{"@type":"BreadcrumbList","@id":"https:\/\/www.padreeustaquio.com.br\/bairro-padre-eustaquio-em-belo-horizonte-celebra-75-anos-de-historia-e-tradicao\/#breadcrumb","itemListElement":[{"@type":"ListItem","position":1,"name":"In\u00edcio","item":"https:\/\/www.padreeustaquio.com.br\/"},{"@type":"ListItem","position":2,"name":"Bairro Padre Eust\u00e1quio, em Belo Horizonte, celebra 73 anos de hist\u00f3ria e tradi\u00e7\u00e3o"}]},{"@type":"WebSite","@id":"https:\/\/www.padreeustaquio.com.br\/#website","url":"https:\/\/www.padreeustaquio.com.br\/","name":"Padre Eustace","description":"Salud y Paz","publisher":{"@id":"https:\/\/www.padreeustaquio.com.br\/#organization"},"potentialAction":[{"@type":"SearchAction","target":{"@type":"EntryPoint","urlTemplate":"https:\/\/www.padreeustaquio.com.br\/?s={search_term_string}"},"query-input":{"@type":"PropertyValueSpecification","valueRequired":true,"valueName":"search_term_string"}}],"inLanguage":"es"},{"@type":"Organization","@id":"https:\/\/www.padreeustaquio.com.br\/#organization","name":"Padre Eustace","url":"https:\/\/www.padreeustaquio.com.br\/","logo":{"@type":"ImageObject","inLanguage":"es","@id":"https:\/\/www.padreeustaquio.com.br\/#\/schema\/logo\/image\/","url":"https:\/\/www.padreeustaquio.com.br\/wp-content\/uploads\/2019\/08\/marca.png","contentUrl":"https:\/\/www.padreeustaquio.com.br\/wp-content\/uploads\/2019\/08\/marca.png","width":350,"height":400,"caption":"Padre Eust\u00e1quio"},"image":{"@id":"https:\/\/www.padreeustaquio.com.br\/#\/schema\/logo\/image\/"},"sameAs":["https:\/\/www.facebook.com\/beatopadreeustaquio\/","https:\/\/x.com\/beatopeustaquio","https:\/\/www.instagram.com\/beatopadreeustaquio\/","https:\/\/www.youtube.com\/channel\/UCRhw7vfabnajwLxb1ZXMeIw"]},{"@type":"Person","@id":"https:\/\/www.padreeustaquio.com.br\/#\/schema\/person\/a2a51db1d00f1a7af0204a0f1ddb1566","name":"@sscc","image":{"@type":"ImageObject","inLanguage":"es","@id":"https:\/\/secure.gravatar.com\/avatar\/68cfafa5f44617fea54071e215026e0ff06be366c3d54a8425f04fdcb86f8c5f?s=96&d=mm&r=g","url":"https:\/\/secure.gravatar.com\/avatar\/68cfafa5f44617fea54071e215026e0ff06be366c3d54a8425f04fdcb86f8c5f?s=96&d=mm&r=g","contentUrl":"https:\/\/secure.gravatar.com\/avatar\/68cfafa5f44617fea54071e215026e0ff06be366c3d54a8425f04fdcb86f8c5f?s=96&d=mm&r=g","caption":"@sscc"},"url":"https:\/\/www.padreeustaquio.com.br\/es\/author\/sscc\/"}]}},"_links":{"self":[{"href":"https:\/\/www.padreeustaquio.com.br\/es\/wp-json\/wp\/v2\/posts\/11187","targetHints":{"allow":["GET"]}}],"collection":[{"href":"https:\/\/www.padreeustaquio.com.br\/es\/wp-json\/wp\/v2\/posts"}],"about":[{"href":"https:\/\/www.padreeustaquio.com.br\/es\/wp-json\/wp\/v2\/types\/post"}],"author":[{"embeddable":true,"href":"https:\/\/www.padreeustaquio.com.br\/es\/wp-json\/wp\/v2\/users\/2"}],"replies":[{"embeddable":true,"href":"https:\/\/www.padreeustaquio.com.br\/es\/wp-json\/wp\/v2\/comments?post=11187"}],"version-history":[{"count":0,"href":"https:\/\/www.padreeustaquio.com.br\/es\/wp-json\/wp\/v2\/posts\/11187\/revisions"}],"wp:featuredmedia":[{"embeddable":true,"href":"https:\/\/www.padreeustaquio.com.br\/es\/wp-json\/wp\/v2\/media\/5618"}],"wp:attachment":[{"href":"https:\/\/www.padreeustaquio.com.br\/es\/wp-json\/wp\/v2\/media?parent=11187"}],"wp:term":[{"taxonomy":"category","embeddable":true,"href":"https:\/\/www.padreeustaquio.com.br\/es\/wp-json\/wp\/v2\/categories?post=11187"},{"taxonomy":"post_tag","embeddable":true,"href":"https:\/\/www.padreeustaquio.com.br\/es\/wp-json\/wp\/v2\/tags?post=11187"}],"curies":[{"name":"wp","href":"https:\/\/api.w.org\/{rel}","templated":true}]}}