{"id":11181,"date":"2024-04-08T09:04:25","date_gmt":"2024-04-08T12:04:25","guid":{"rendered":"https:\/\/www.padreeustaquio.com.br\/?p=11181"},"modified":"2024-04-10T16:00:07","modified_gmt":"2024-04-10T19:00:07","slug":"hace-82-anos-el-padre-eustaquio-se-convirtio-en-parroco-de-belo-horizonte","status":"publish","type":"post","link":"https:\/\/www.padreeustaquio.com.br\/es\/hace-82-anos-el-padre-eustaquio-se-convirtio-en-parroco-de-belo-horizonte\/","title":{"rendered":"Hace 82 a\u00f1os, el padre Eust\u00e1quio se convirti\u00f3 en p\u00e1rroco de Belo Horizonte."},"content":{"rendered":"<p>Despu\u00e9s de un per\u00edodo de exilio, siendo trasladado de un lugar a otro debido a la gran demanda de la poblaci\u00f3n, el padre Eust\u00e1quio recibi\u00f3 la misi\u00f3n de convertirse en p\u00e1rroco en Belo Horizonte.<\/p>\n<p>Seg\u00fan los registros, el nuevo p\u00e1rroco asumi\u00f3 el cargo un d\u00eda despu\u00e9s de su llegada a la capital de Minas Gerais, el 8 de abril de 1942, un mi\u00e9rcoles. Curiosamente, este era el d\u00eda que la Iglesia dedica a San Jos\u00e9, una de las grandes devociones del Padre Eust\u00e1quio.<\/p>\n<p>Ese a\u00f1o, Dom Ant\u00f4nio dos Santos Cabral confi\u00f3 la parroquia de S\u00e3o Domingos, en Vila Celeste Imp\u00e9rio (actual barrio Padre Eust\u00e1quio) de Belo Horizonte, a la Congregaci\u00f3n de los Sagrados Corazones. El nuevo campo misionero se convertir\u00eda en otro fruct\u00edfero campo de apostolado, pero solo en poco tiempo.<\/p>\n<p>En el libro &quot;El Vicario de Po\u00e1&quot;, el padre Ven\u00e2ncio Hulselmans relata el inicio de este apostolado en la capital de Minas Gerais. Cons\u00faltelo:<\/p>\n<p><em>\u201cPara el Padre Eust\u00e1quio, Belo Horizonte se convertir\u00eda en el campo de apostolado m\u00e1s fruct\u00edfero y beneficioso. Si en todos los lugares donde estuvo, incluso de paso, buscaba hacer el bien al pr\u00f3jimo, f\u00edsica y espiritualmente, en Belo Horizonte su celo no tuvo l\u00edmites. Se podr\u00eda decir que fue una triste premonici\u00f3n, manifestada m\u00e1s de una vez en frases enigm\u00e1ticas como:<\/em><\/p>\n<p><em>\u201c&quot;No ver\u00e9 el fin de la guerra; comenc\u00e9 la iglesia pero no la terminar\u00e9&quot;, lo impuls\u00f3 a expandir su actividad y ganar un n\u00famero cada vez mayor de almas.<\/em><br \/>\n<em>Su fama de &quot;hacedor de milagros&quot; le precedi\u00f3, de modo que, poco despu\u00e9s de su llegada, el 7 de abril de 1942, la gente acudi\u00f3 en masa a la capilla de Santo Domingo en el pueblo del &quot;Imperio Celestial&quot;. <\/em><\/p>\n<p><em>El padre Eustaquio, que esperaba ejercer su apostolado en un ambiente menos concurrido, se sinti\u00f3 un poco avergonzado por la competencia, que amenazaba con hacer imposible una vez m\u00e1s su estancia definitiva.<\/em><br \/>\n<em>Hab\u00eda recibido \u00f3rdenes estrictas de no atender a las personas que lo buscaban en su casa; de no visitar a los enfermos en sus residencias, excepto los de su propia parroquia; de no dar bendiciones a nadie excepto a trav\u00e9s de la reja del confesionario.\u201d<\/em><\/p>","protected":false},"excerpt":{"rendered":"<p>Ap\u00f3s passar por um per\u00edodo de ex\u00edlio, sendo transferido de um lado para o outro, por causa da grande procura da popula\u00e7\u00e3o, Padre Eust\u00e1quio, ent\u00e3o recebeu a miss\u00e3o de se tornar p\u00e1roco em Belo Horizonte. Segundo registros, a posse do novo p\u00e1roco aconteceu um dia ap\u00f3s sua chegada \u00e0 capital mineira, no dia 8 de abril de 1942, uma quarta-feira. Curiosamente, dia em que a Igreja dedica a S\u00e3o Jos\u00e9, uma das grandes devo\u00e7\u00f5es de Padre Eust\u00e1quio. Naquele ano, Dom Ant\u00f4nio dos Santos Cabral, confiou \u00e0 Congrega\u00e7\u00e3o dos Sagrados Cora\u00e7\u00f5es, a par\u00f3quia de S\u00e3o Domingos, na Vila Celeste Imp\u00e9rio (atual [&hellip;]<\/p>\n","protected":false},"author":2,"featured_media":11182,"comment_status":"open","ping_status":"closed","sticky":false,"template":"","format":"standard","meta":{"_acf_changed":false,"footnotes":""},"categories":[611],"tags":[],"class_list":["post-11181","post","type-post","status-publish","format-standard","has-post-thumbnail","hentry","category-noticias"],"acf":[],"yoast_head":"<!-- This site is optimized with the Yoast SEO plugin v27.2 - https:\/\/yoast.com\/product\/yoast-seo-wordpress\/ -->\n<title>H\u00e1 82 anos Padre Eust\u00e1quio se tornava p\u00e1roco em Belo Horizonte<\/title>\n<meta name=\"description\" content=\"Ap\u00f3s passar por um per\u00edodo de ex\u00edlio, sendo transferido de um lado para o outro, por causa da grande procura da popula\u00e7\u00e3o, Padre Eust\u00e1quio, ent\u00e3o recebeu a miss\u00e3o de se tornar p\u00e1roco em Belo Horizonte.\" \/>\n<meta name=\"robots\" content=\"index, follow, max-snippet:-1, max-image-preview:large, max-video-preview:-1\" \/>\n<link rel=\"canonical\" href=\"https:\/\/www.padreeustaquio.com.br\/es\/hace-82-anos-el-padre-eustaquio-se-convirtio-en-parroco-de-belo-horizonte\/\" \/>\n<meta property=\"og:locale\" content=\"es_ES\" \/>\n<meta property=\"og:type\" content=\"article\" \/>\n<meta property=\"og:title\" content=\"H\u00e1 82 anos Padre Eust\u00e1quio se tornava p\u00e1roco em Belo Horizonte\" \/>\n<meta property=\"og:description\" content=\"Ap\u00f3s passar por um per\u00edodo de ex\u00edlio, sendo transferido de um lado para o outro, por causa da grande procura da popula\u00e7\u00e3o, Padre Eust\u00e1quio, ent\u00e3o recebeu a miss\u00e3o de se tornar p\u00e1roco em Belo Horizonte.\" \/>\n<meta property=\"og:url\" content=\"https:\/\/www.padreeustaquio.com.br\/es\/hace-82-anos-el-padre-eustaquio-se-convirtio-en-parroco-de-belo-horizonte\/\" \/>\n<meta property=\"og:site_name\" content=\"Padre Eust\u00e1quio\" \/>\n<meta property=\"article:publisher\" content=\"https:\/\/www.facebook.com\/beatopadreeustaquio\/\" \/>\n<meta property=\"article:published_time\" content=\"2024-04-08T12:04:25+00:00\" \/>\n<meta property=\"article:modified_time\" content=\"2024-04-10T19:00:07+00:00\" \/>\n<meta property=\"og:image\" content=\"https:\/\/www.padreeustaquio.com.br\/wp-content\/uploads\/2024\/04\/03-2-scaled.jpg\" \/>\n\t<meta property=\"og:image:width\" content=\"2560\" \/>\n\t<meta property=\"og:image:height\" content=\"1719\" \/>\n\t<meta property=\"og:image:type\" content=\"image\/jpeg\" \/>\n<meta name=\"author\" content=\"@sscc\" \/>\n<meta name=\"twitter:card\" content=\"summary_large_image\" \/>\n<meta name=\"twitter:creator\" content=\"@beatopeustaquio\" \/>\n<meta name=\"twitter:site\" content=\"@beatopeustaquio\" \/>\n<meta name=\"twitter:label1\" content=\"Escrito por\" \/>\n\t<meta name=\"twitter:data1\" content=\"@sscc\" \/>\n\t<meta name=\"twitter:label2\" content=\"Tiempo de lectura\" \/>\n\t<meta name=\"twitter:data2\" content=\"3 minutos\" \/>\n<script type=\"application\/ld+json\" class=\"yoast-schema-graph\">{\"@context\":\"https:\/\/schema.org\",\"@graph\":[{\"@type\":\"Article\",\"@id\":\"https:\/\/www.padreeustaquio.com.br\/ha-82-anos-padre-eustaquio-se-tornava-paroco-em-belo-horizonte\/#article\",\"isPartOf\":{\"@id\":\"https:\/\/www.padreeustaquio.com.br\/ha-82-anos-padre-eustaquio-se-tornava-paroco-em-belo-horizonte\/\"},\"author\":{\"name\":\"@sscc\",\"@id\":\"https:\/\/www.padreeustaquio.com.br\/#\/schema\/person\/a2a51db1d00f1a7af0204a0f1ddb1566\"},\"headline\":\"H\u00e1 82 anos Padre Eust\u00e1quio se tornava p\u00e1roco em Belo Horizonte\",\"datePublished\":\"2024-04-08T12:04:25+00:00\",\"dateModified\":\"2024-04-10T19:00:07+00:00\",\"mainEntityOfPage\":{\"@id\":\"https:\/\/www.padreeustaquio.com.br\/ha-82-anos-padre-eustaquio-se-tornava-paroco-em-belo-horizonte\/\"},\"wordCount\":387,\"commentCount\":0,\"publisher\":{\"@id\":\"https:\/\/www.padreeustaquio.com.br\/#organization\"},\"image\":{\"@id\":\"https:\/\/www.padreeustaquio.com.br\/ha-82-anos-padre-eustaquio-se-tornava-paroco-em-belo-horizonte\/#primaryimage\"},\"thumbnailUrl\":\"https:\/\/www.padreeustaquio.com.br\/wp-content\/uploads\/2024\/04\/03-2-scaled.jpg\",\"articleSection\":[\"Not\u00edcias\"],\"inLanguage\":\"es\",\"potentialAction\":[{\"@type\":\"CommentAction\",\"name\":\"Comment\",\"target\":[\"https:\/\/www.padreeustaquio.com.br\/ha-82-anos-padre-eustaquio-se-tornava-paroco-em-belo-horizonte\/#respond\"]}]},{\"@type\":\"WebPage\",\"@id\":\"https:\/\/www.padreeustaquio.com.br\/ha-82-anos-padre-eustaquio-se-tornava-paroco-em-belo-horizonte\/\",\"url\":\"https:\/\/www.padreeustaquio.com.br\/ha-82-anos-padre-eustaquio-se-tornava-paroco-em-belo-horizonte\/\",\"name\":\"H\u00e1 82 anos Padre Eust\u00e1quio se tornava p\u00e1roco em Belo Horizonte\",\"isPartOf\":{\"@id\":\"https:\/\/www.padreeustaquio.com.br\/#website\"},\"primaryImageOfPage\":{\"@id\":\"https:\/\/www.padreeustaquio.com.br\/ha-82-anos-padre-eustaquio-se-tornava-paroco-em-belo-horizonte\/#primaryimage\"},\"image\":{\"@id\":\"https:\/\/www.padreeustaquio.com.br\/ha-82-anos-padre-eustaquio-se-tornava-paroco-em-belo-horizonte\/#primaryimage\"},\"thumbnailUrl\":\"https:\/\/www.padreeustaquio.com.br\/wp-content\/uploads\/2024\/04\/03-2-scaled.jpg\",\"datePublished\":\"2024-04-08T12:04:25+00:00\",\"dateModified\":\"2024-04-10T19:00:07+00:00\",\"description\":\"Ap\u00f3s passar por um per\u00edodo de ex\u00edlio, sendo transferido de um lado para o outro, por causa da grande procura da popula\u00e7\u00e3o, Padre Eust\u00e1quio, ent\u00e3o recebeu a miss\u00e3o de se tornar p\u00e1roco em Belo Horizonte.\",\"breadcrumb\":{\"@id\":\"https:\/\/www.padreeustaquio.com.br\/ha-82-anos-padre-eustaquio-se-tornava-paroco-em-belo-horizonte\/#breadcrumb\"},\"inLanguage\":\"es\",\"potentialAction\":[{\"@type\":\"ReadAction\",\"target\":[\"https:\/\/www.padreeustaquio.com.br\/ha-82-anos-padre-eustaquio-se-tornava-paroco-em-belo-horizonte\/\"]}]},{\"@type\":\"ImageObject\",\"inLanguage\":\"es\",\"@id\":\"https:\/\/www.padreeustaquio.com.br\/ha-82-anos-padre-eustaquio-se-tornava-paroco-em-belo-horizonte\/#primaryimage\",\"url\":\"https:\/\/www.padreeustaquio.com.br\/wp-content\/uploads\/2024\/04\/03-2-scaled.jpg\",\"contentUrl\":\"https:\/\/www.padreeustaquio.com.br\/wp-content\/uploads\/2024\/04\/03-2-scaled.jpg\",\"width\":2560,\"height\":1719},{\"@type\":\"BreadcrumbList\",\"@id\":\"https:\/\/www.padreeustaquio.com.br\/ha-82-anos-padre-eustaquio-se-tornava-paroco-em-belo-horizonte\/#breadcrumb\",\"itemListElement\":[{\"@type\":\"ListItem\",\"position\":1,\"name\":\"In\u00edcio\",\"item\":\"https:\/\/www.padreeustaquio.com.br\/\"},{\"@type\":\"ListItem\",\"position\":2,\"name\":\"H\u00e1 82 anos Padre Eust\u00e1quio se tornava p\u00e1roco em Belo Horizonte\"}]},{\"@type\":\"WebSite\",\"@id\":\"https:\/\/www.padreeustaquio.com.br\/#website\",\"url\":\"https:\/\/www.padreeustaquio.com.br\/\",\"name\":\"Padre Eust\u00e1quio\",\"description\":\"Sa\u00fade e Paz\",\"publisher\":{\"@id\":\"https:\/\/www.padreeustaquio.com.br\/#organization\"},\"potentialAction\":[{\"@type\":\"SearchAction\",\"target\":{\"@type\":\"EntryPoint\",\"urlTemplate\":\"https:\/\/www.padreeustaquio.com.br\/?s={search_term_string}\"},\"query-input\":{\"@type\":\"PropertyValueSpecification\",\"valueRequired\":true,\"valueName\":\"search_term_string\"}}],\"inLanguage\":\"es\"},{\"@type\":\"Organization\",\"@id\":\"https:\/\/www.padreeustaquio.com.br\/#organization\",\"name\":\"Padre Eust\u00e1quio\",\"url\":\"https:\/\/www.padreeustaquio.com.br\/\",\"logo\":{\"@type\":\"ImageObject\",\"inLanguage\":\"es\",\"@id\":\"https:\/\/www.padreeustaquio.com.br\/#\/schema\/logo\/image\/\",\"url\":\"https:\/\/www.padreeustaquio.com.br\/wp-content\/uploads\/2019\/08\/marca.png\",\"contentUrl\":\"https:\/\/www.padreeustaquio.com.br\/wp-content\/uploads\/2019\/08\/marca.png\",\"width\":350,\"height\":400,\"caption\":\"Padre Eust\u00e1quio\"},\"image\":{\"@id\":\"https:\/\/www.padreeustaquio.com.br\/#\/schema\/logo\/image\/\"},\"sameAs\":[\"https:\/\/www.facebook.com\/beatopadreeustaquio\/\",\"https:\/\/x.com\/beatopeustaquio\",\"https:\/\/www.instagram.com\/beatopadreeustaquio\/\",\"https:\/\/www.youtube.com\/channel\/UCRhw7vfabnajwLxb1ZXMeIw\"]},{\"@type\":\"Person\",\"@id\":\"https:\/\/www.padreeustaquio.com.br\/#\/schema\/person\/a2a51db1d00f1a7af0204a0f1ddb1566\",\"name\":\"@sscc\",\"image\":{\"@type\":\"ImageObject\",\"inLanguage\":\"es\",\"@id\":\"https:\/\/secure.gravatar.com\/avatar\/68cfafa5f44617fea54071e215026e0ff06be366c3d54a8425f04fdcb86f8c5f?s=96&d=mm&r=g\",\"url\":\"https:\/\/secure.gravatar.com\/avatar\/68cfafa5f44617fea54071e215026e0ff06be366c3d54a8425f04fdcb86f8c5f?s=96&d=mm&r=g\",\"contentUrl\":\"https:\/\/secure.gravatar.com\/avatar\/68cfafa5f44617fea54071e215026e0ff06be366c3d54a8425f04fdcb86f8c5f?s=96&d=mm&r=g\",\"caption\":\"@sscc\"},\"url\":\"https:\/\/www.padreeustaquio.com.br\/es\/author\/sscc\/\"}]}<\/script>\n<!-- \/ Yoast SEO plugin. -->","yoast_head_json":{"title":"Hace 82 a\u00f1os, el padre Eust\u00e1quio se convirti\u00f3 en p\u00e1rroco de Belo Horizonte.","description":"Despu\u00e9s de un per\u00edodo de exilio, siendo trasladado de un lugar a otro debido a la gran demanda de la poblaci\u00f3n, el padre Eust\u00e1quio recibi\u00f3 la misi\u00f3n de convertirse en p\u00e1rroco en Belo Horizonte.","robots":{"index":"index","follow":"follow","max-snippet":"max-snippet:-1","max-image-preview":"max-image-preview:large","max-video-preview":"max-video-preview:-1"},"canonical":"https:\/\/www.padreeustaquio.com.br\/es\/hace-82-anos-el-padre-eustaquio-se-convirtio-en-parroco-de-belo-horizonte\/","og_locale":"es_ES","og_type":"article","og_title":"H\u00e1 82 anos Padre Eust\u00e1quio se tornava p\u00e1roco em Belo Horizonte","og_description":"Ap\u00f3s passar por um per\u00edodo de ex\u00edlio, sendo transferido de um lado para o outro, por causa da grande procura da popula\u00e7\u00e3o, Padre Eust\u00e1quio, ent\u00e3o recebeu a miss\u00e3o de se tornar p\u00e1roco em Belo Horizonte.","og_url":"https:\/\/www.padreeustaquio.com.br\/es\/hace-82-anos-el-padre-eustaquio-se-convirtio-en-parroco-de-belo-horizonte\/","og_site_name":"Padre Eust\u00e1quio","article_publisher":"https:\/\/www.facebook.com\/beatopadreeustaquio\/","article_published_time":"2024-04-08T12:04:25+00:00","article_modified_time":"2024-04-10T19:00:07+00:00","og_image":[{"width":2560,"height":1719,"url":"https:\/\/www.padreeustaquio.com.br\/wp-content\/uploads\/2024\/04\/03-2-scaled.jpg","type":"image\/jpeg"}],"author":"@sscc","twitter_card":"summary_large_image","twitter_creator":"@beatopeustaquio","twitter_site":"@beatopeustaquio","twitter_misc":{"Escrito por":"@sscc","Tiempo de lectura":"3 minutos"},"schema":{"@context":"https:\/\/schema.org","@graph":[{"@type":"Article","@id":"https:\/\/www.padreeustaquio.com.br\/ha-82-anos-padre-eustaquio-se-tornava-paroco-em-belo-horizonte\/#article","isPartOf":{"@id":"https:\/\/www.padreeustaquio.com.br\/ha-82-anos-padre-eustaquio-se-tornava-paroco-em-belo-horizonte\/"},"author":{"name":"@sscc","@id":"https:\/\/www.padreeustaquio.com.br\/#\/schema\/person\/a2a51db1d00f1a7af0204a0f1ddb1566"},"headline":"H\u00e1 82 anos Padre Eust\u00e1quio se tornava p\u00e1roco em Belo Horizonte","datePublished":"2024-04-08T12:04:25+00:00","dateModified":"2024-04-10T19:00:07+00:00","mainEntityOfPage":{"@id":"https:\/\/www.padreeustaquio.com.br\/ha-82-anos-padre-eustaquio-se-tornava-paroco-em-belo-horizonte\/"},"wordCount":387,"commentCount":0,"publisher":{"@id":"https:\/\/www.padreeustaquio.com.br\/#organization"},"image":{"@id":"https:\/\/www.padreeustaquio.com.br\/ha-82-anos-padre-eustaquio-se-tornava-paroco-em-belo-horizonte\/#primaryimage"},"thumbnailUrl":"https:\/\/www.padreeustaquio.com.br\/wp-content\/uploads\/2024\/04\/03-2-scaled.jpg","articleSection":["Not\u00edcias"],"inLanguage":"es","potentialAction":[{"@type":"CommentAction","name":"Comment","target":["https:\/\/www.padreeustaquio.com.br\/ha-82-anos-padre-eustaquio-se-tornava-paroco-em-belo-horizonte\/#respond"]}]},{"@type":"WebPage","@id":"https:\/\/www.padreeustaquio.com.br\/ha-82-anos-padre-eustaquio-se-tornava-paroco-em-belo-horizonte\/","url":"https:\/\/www.padreeustaquio.com.br\/ha-82-anos-padre-eustaquio-se-tornava-paroco-em-belo-horizonte\/","name":"Hace 82 a\u00f1os, el padre Eust\u00e1quio se convirti\u00f3 en p\u00e1rroco de Belo Horizonte.","isPartOf":{"@id":"https:\/\/www.padreeustaquio.com.br\/#website"},"primaryImageOfPage":{"@id":"https:\/\/www.padreeustaquio.com.br\/ha-82-anos-padre-eustaquio-se-tornava-paroco-em-belo-horizonte\/#primaryimage"},"image":{"@id":"https:\/\/www.padreeustaquio.com.br\/ha-82-anos-padre-eustaquio-se-tornava-paroco-em-belo-horizonte\/#primaryimage"},"thumbnailUrl":"https:\/\/www.padreeustaquio.com.br\/wp-content\/uploads\/2024\/04\/03-2-scaled.jpg","datePublished":"2024-04-08T12:04:25+00:00","dateModified":"2024-04-10T19:00:07+00:00","description":"Despu\u00e9s de un per\u00edodo de exilio, siendo trasladado de un lugar a otro debido a la gran demanda de la poblaci\u00f3n, el padre Eust\u00e1quio recibi\u00f3 la misi\u00f3n de convertirse en p\u00e1rroco en Belo Horizonte.","breadcrumb":{"@id":"https:\/\/www.padreeustaquio.com.br\/ha-82-anos-padre-eustaquio-se-tornava-paroco-em-belo-horizonte\/#breadcrumb"},"inLanguage":"es","potentialAction":[{"@type":"ReadAction","target":["https:\/\/www.padreeustaquio.com.br\/ha-82-anos-padre-eustaquio-se-tornava-paroco-em-belo-horizonte\/"]}]},{"@type":"ImageObject","inLanguage":"es","@id":"https:\/\/www.padreeustaquio.com.br\/ha-82-anos-padre-eustaquio-se-tornava-paroco-em-belo-horizonte\/#primaryimage","url":"https:\/\/www.padreeustaquio.com.br\/wp-content\/uploads\/2024\/04\/03-2-scaled.jpg","contentUrl":"https:\/\/www.padreeustaquio.com.br\/wp-content\/uploads\/2024\/04\/03-2-scaled.jpg","width":2560,"height":1719},{"@type":"BreadcrumbList","@id":"https:\/\/www.padreeustaquio.com.br\/ha-82-anos-padre-eustaquio-se-tornava-paroco-em-belo-horizonte\/#breadcrumb","itemListElement":[{"@type":"ListItem","position":1,"name":"In\u00edcio","item":"https:\/\/www.padreeustaquio.com.br\/"},{"@type":"ListItem","position":2,"name":"H\u00e1 82 anos Padre Eust\u00e1quio se tornava p\u00e1roco em Belo Horizonte"}]},{"@type":"WebSite","@id":"https:\/\/www.padreeustaquio.com.br\/#website","url":"https:\/\/www.padreeustaquio.com.br\/","name":"Padre Eustace","description":"Salud y Paz","publisher":{"@id":"https:\/\/www.padreeustaquio.com.br\/#organization"},"potentialAction":[{"@type":"SearchAction","target":{"@type":"EntryPoint","urlTemplate":"https:\/\/www.padreeustaquio.com.br\/?s={search_term_string}"},"query-input":{"@type":"PropertyValueSpecification","valueRequired":true,"valueName":"search_term_string"}}],"inLanguage":"es"},{"@type":"Organization","@id":"https:\/\/www.padreeustaquio.com.br\/#organization","name":"Padre Eustace","url":"https:\/\/www.padreeustaquio.com.br\/","logo":{"@type":"ImageObject","inLanguage":"es","@id":"https:\/\/www.padreeustaquio.com.br\/#\/schema\/logo\/image\/","url":"https:\/\/www.padreeustaquio.com.br\/wp-content\/uploads\/2019\/08\/marca.png","contentUrl":"https:\/\/www.padreeustaquio.com.br\/wp-content\/uploads\/2019\/08\/marca.png","width":350,"height":400,"caption":"Padre Eust\u00e1quio"},"image":{"@id":"https:\/\/www.padreeustaquio.com.br\/#\/schema\/logo\/image\/"},"sameAs":["https:\/\/www.facebook.com\/beatopadreeustaquio\/","https:\/\/x.com\/beatopeustaquio","https:\/\/www.instagram.com\/beatopadreeustaquio\/","https:\/\/www.youtube.com\/channel\/UCRhw7vfabnajwLxb1ZXMeIw"]},{"@type":"Person","@id":"https:\/\/www.padreeustaquio.com.br\/#\/schema\/person\/a2a51db1d00f1a7af0204a0f1ddb1566","name":"@sscc","image":{"@type":"ImageObject","inLanguage":"es","@id":"https:\/\/secure.gravatar.com\/avatar\/68cfafa5f44617fea54071e215026e0ff06be366c3d54a8425f04fdcb86f8c5f?s=96&d=mm&r=g","url":"https:\/\/secure.gravatar.com\/avatar\/68cfafa5f44617fea54071e215026e0ff06be366c3d54a8425f04fdcb86f8c5f?s=96&d=mm&r=g","contentUrl":"https:\/\/secure.gravatar.com\/avatar\/68cfafa5f44617fea54071e215026e0ff06be366c3d54a8425f04fdcb86f8c5f?s=96&d=mm&r=g","caption":"@sscc"},"url":"https:\/\/www.padreeustaquio.com.br\/es\/author\/sscc\/"}]}},"_links":{"self":[{"href":"https:\/\/www.padreeustaquio.com.br\/es\/wp-json\/wp\/v2\/posts\/11181","targetHints":{"allow":["GET"]}}],"collection":[{"href":"https:\/\/www.padreeustaquio.com.br\/es\/wp-json\/wp\/v2\/posts"}],"about":[{"href":"https:\/\/www.padreeustaquio.com.br\/es\/wp-json\/wp\/v2\/types\/post"}],"author":[{"embeddable":true,"href":"https:\/\/www.padreeustaquio.com.br\/es\/wp-json\/wp\/v2\/users\/2"}],"replies":[{"embeddable":true,"href":"https:\/\/www.padreeustaquio.com.br\/es\/wp-json\/wp\/v2\/comments?post=11181"}],"version-history":[{"count":0,"href":"https:\/\/www.padreeustaquio.com.br\/es\/wp-json\/wp\/v2\/posts\/11181\/revisions"}],"wp:featuredmedia":[{"embeddable":true,"href":"https:\/\/www.padreeustaquio.com.br\/es\/wp-json\/wp\/v2\/media\/11182"}],"wp:attachment":[{"href":"https:\/\/www.padreeustaquio.com.br\/es\/wp-json\/wp\/v2\/media?parent=11181"}],"wp:term":[{"taxonomy":"category","embeddable":true,"href":"https:\/\/www.padreeustaquio.com.br\/es\/wp-json\/wp\/v2\/categories?post=11181"},{"taxonomy":"post_tag","embeddable":true,"href":"https:\/\/www.padreeustaquio.com.br\/es\/wp-json\/wp\/v2\/tags?post=11181"}],"curies":[{"name":"wp","href":"https:\/\/api.w.org\/{rel}","templated":true}]}}