{"id":11170,"date":"2024-04-01T02:39:41","date_gmt":"2024-04-01T05:39:41","guid":{"rendered":"https:\/\/www.padreeustaquio.com.br\/?p=11170"},"modified":"2024-04-01T08:20:12","modified_gmt":"2024-04-01T11:20:12","slug":"feliz-pascua-feliz-resurreccion","status":"publish","type":"post","link":"https:\/\/www.padreeustaquio.com.br\/es\/feliz-pascua-feliz-resurreccion\/","title":{"rendered":"\u00a1Feliz Pascua, Feliz Resurrecci\u00f3n!"},"content":{"rendered":"<p>Es tiempo de Pascua, un per\u00edodo que nos llena de alegr\u00eda, transformaci\u00f3n y esperanza. Esta fiesta, celebrada desde la liberaci\u00f3n del pueblo de Dios de Egipto, es hoy para nosotros un signo de liberaci\u00f3n de todas las ataduras que nos impiden acercarnos a nuestros hermanos.<\/p>\n<p>Ahora que han pasado los d\u00edas de la Pasi\u00f3n y Muerte de Nuestro Se\u00f1or Jesucristo, regocij\u00e9monos al vivir este hermoso y expresivo momento de nuestra fe.<\/p>\n<p>\u00a1Cristo ha resucitado, aleluya! Con esta exclamaci\u00f3n y verdad, el vicepostulador de la Causa de Canonizaci\u00f3n del Beato Padre Eustaquio, Padre Vinicio Maciel, ss.cc, nos env\u00eda un mensaje que nos inspira a servir a nuestros hermanos y hermanas.<\/p>\n<p><a href=\"https:\/\/youtu.be\/vtah7ll5H0g\">HAGA CLIC AQU\u00cd<\/a> Y presten atenci\u00f3n al mensaje. A trav\u00e9s de esta palabra, que nos anima a vivir lo que Cristo nos ense\u00f1\u00f3, aprendamos a ser verdaderamente cristianos, inspir\u00e1ndonos en el ejemplo del Beato Padre Eustaquio.<\/p>\n<p>Vive la Pascua intensamente, poniendo en pr\u00e1ctica las ense\u00f1anzas de Jesucristo. \u00a1Felices Pascuas, Feliz Resurrecci\u00f3n!<\/p>","protected":false},"excerpt":{"rendered":"<p>\u00c9 tempo de P\u00e1scoa, per\u00edodo que faz nascer em n\u00f3s, os sentimentos melhores sentimentos de alegria, de transforma\u00e7\u00e3o e de esperan\u00e7a. Esta festa, celebrada desde a liberta\u00e7\u00e3o do povo de Deus no Egito, \u00e9 hoje para n\u00f3s sinal de liberta\u00e7\u00e3o de todas as amarras que nos impedem de ir at\u00e9 os irm\u00e3os. Transcorridos os dias da Paix\u00e3o e Morte de Nosso Senhor Jesus Cristo, exultemos de felicidade em vivermos este momento t\u00e3o bonito e expressivo da nossa f\u00e9. Cristo Ressuscitou, Aleluia! \u00c9 com esta exclama\u00e7\u00e3o e verdade que o vice-postulador da Causa de Canoniza\u00e7\u00e3o do Beato Padre Eust\u00e1quio, padre Vinicius [&hellip;]<\/p>\n","protected":false},"author":2,"featured_media":11171,"comment_status":"open","ping_status":"closed","sticky":false,"template":"","format":"standard","meta":{"_acf_changed":false,"footnotes":""},"categories":[611],"tags":[],"class_list":["post-11170","post","type-post","status-publish","format-standard","has-post-thumbnail","hentry","category-noticias"],"acf":[],"yoast_head":"<!-- This site is optimized with the Yoast SEO plugin v27.2 - https:\/\/yoast.com\/product\/yoast-seo-wordpress\/ -->\n<title>Feliz P\u00e1scoa, Feliz Ressurrei\u00e7\u00e3o! - Padre Eust\u00e1quio<\/title>\n<meta name=\"description\" content=\"Transcorridos os dias da Paix\u00e3o e Morte de Nosso Senhor Jesus Cristo, exultemos de felicidade em vivermos este momento t\u00e3o bonito e expressivo da nossa f\u00e9.\" \/>\n<meta name=\"robots\" content=\"index, follow, max-snippet:-1, max-image-preview:large, max-video-preview:-1\" \/>\n<link rel=\"canonical\" href=\"https:\/\/www.padreeustaquio.com.br\/es\/feliz-pascua-feliz-resurreccion\/\" \/>\n<meta property=\"og:locale\" content=\"es_ES\" \/>\n<meta property=\"og:type\" content=\"article\" \/>\n<meta property=\"og:title\" content=\"Feliz P\u00e1scoa, Feliz Ressurrei\u00e7\u00e3o! - Padre Eust\u00e1quio\" \/>\n<meta property=\"og:description\" content=\"Transcorridos os dias da Paix\u00e3o e Morte de Nosso Senhor Jesus Cristo, exultemos de felicidade em vivermos este momento t\u00e3o bonito e expressivo da nossa f\u00e9.\" \/>\n<meta property=\"og:url\" content=\"https:\/\/www.padreeustaquio.com.br\/es\/feliz-pascua-feliz-resurreccion\/\" \/>\n<meta property=\"og:site_name\" content=\"Padre Eust\u00e1quio\" \/>\n<meta property=\"article:publisher\" content=\"https:\/\/www.facebook.com\/beatopadreeustaquio\/\" \/>\n<meta property=\"article:published_time\" content=\"2024-04-01T05:39:41+00:00\" \/>\n<meta property=\"article:modified_time\" content=\"2024-04-01T11:20:12+00:00\" \/>\n<meta property=\"og:image\" content=\"https:\/\/www.padreeustaquio.com.br\/wp-content\/uploads\/2024\/03\/MG_8539-scaled-e1711723885658.jpg\" \/>\n\t<meta property=\"og:image:width\" content=\"1506\" \/>\n\t<meta property=\"og:image:height\" content=\"627\" \/>\n\t<meta property=\"og:image:type\" content=\"image\/jpeg\" \/>\n<meta name=\"author\" content=\"@sscc\" \/>\n<meta name=\"twitter:card\" content=\"summary_large_image\" \/>\n<meta name=\"twitter:creator\" content=\"@beatopeustaquio\" \/>\n<meta name=\"twitter:site\" content=\"@beatopeustaquio\" \/>\n<meta name=\"twitter:label1\" content=\"Escrito por\" \/>\n\t<meta name=\"twitter:data1\" content=\"@sscc\" \/>\n\t<meta name=\"twitter:label2\" content=\"Tiempo de lectura\" \/>\n\t<meta name=\"twitter:data2\" content=\"2 minutos\" \/>\n<script type=\"application\/ld+json\" class=\"yoast-schema-graph\">{\"@context\":\"https:\/\/schema.org\",\"@graph\":[{\"@type\":\"Article\",\"@id\":\"https:\/\/www.padreeustaquio.com.br\/feliz-pascoa-feliz-ressurreicao\/#article\",\"isPartOf\":{\"@id\":\"https:\/\/www.padreeustaquio.com.br\/feliz-pascoa-feliz-ressurreicao\/\"},\"author\":{\"name\":\"@sscc\",\"@id\":\"https:\/\/www.padreeustaquio.com.br\/#\/schema\/person\/a2a51db1d00f1a7af0204a0f1ddb1566\"},\"headline\":\"Feliz P\u00e1scoa, Feliz Ressurrei\u00e7\u00e3o!\",\"datePublished\":\"2024-04-01T05:39:41+00:00\",\"dateModified\":\"2024-04-01T11:20:12+00:00\",\"mainEntityOfPage\":{\"@id\":\"https:\/\/www.padreeustaquio.com.br\/feliz-pascoa-feliz-ressurreicao\/\"},\"wordCount\":188,\"commentCount\":0,\"publisher\":{\"@id\":\"https:\/\/www.padreeustaquio.com.br\/#organization\"},\"image\":{\"@id\":\"https:\/\/www.padreeustaquio.com.br\/feliz-pascoa-feliz-ressurreicao\/#primaryimage\"},\"thumbnailUrl\":\"https:\/\/www.padreeustaquio.com.br\/wp-content\/uploads\/2024\/03\/MG_8539-scaled-e1711723885658.jpg\",\"articleSection\":[\"Not\u00edcias\"],\"inLanguage\":\"es\",\"potentialAction\":[{\"@type\":\"CommentAction\",\"name\":\"Comment\",\"target\":[\"https:\/\/www.padreeustaquio.com.br\/feliz-pascoa-feliz-ressurreicao\/#respond\"]}]},{\"@type\":\"WebPage\",\"@id\":\"https:\/\/www.padreeustaquio.com.br\/feliz-pascoa-feliz-ressurreicao\/\",\"url\":\"https:\/\/www.padreeustaquio.com.br\/feliz-pascoa-feliz-ressurreicao\/\",\"name\":\"Feliz P\u00e1scoa, Feliz Ressurrei\u00e7\u00e3o! - Padre Eust\u00e1quio\",\"isPartOf\":{\"@id\":\"https:\/\/www.padreeustaquio.com.br\/#website\"},\"primaryImageOfPage\":{\"@id\":\"https:\/\/www.padreeustaquio.com.br\/feliz-pascoa-feliz-ressurreicao\/#primaryimage\"},\"image\":{\"@id\":\"https:\/\/www.padreeustaquio.com.br\/feliz-pascoa-feliz-ressurreicao\/#primaryimage\"},\"thumbnailUrl\":\"https:\/\/www.padreeustaquio.com.br\/wp-content\/uploads\/2024\/03\/MG_8539-scaled-e1711723885658.jpg\",\"datePublished\":\"2024-04-01T05:39:41+00:00\",\"dateModified\":\"2024-04-01T11:20:12+00:00\",\"description\":\"Transcorridos os dias da Paix\u00e3o e Morte de Nosso Senhor Jesus Cristo, exultemos de felicidade em vivermos este momento t\u00e3o bonito e expressivo da nossa f\u00e9.\",\"breadcrumb\":{\"@id\":\"https:\/\/www.padreeustaquio.com.br\/feliz-pascoa-feliz-ressurreicao\/#breadcrumb\"},\"inLanguage\":\"es\",\"potentialAction\":[{\"@type\":\"ReadAction\",\"target\":[\"https:\/\/www.padreeustaquio.com.br\/feliz-pascoa-feliz-ressurreicao\/\"]}]},{\"@type\":\"ImageObject\",\"inLanguage\":\"es\",\"@id\":\"https:\/\/www.padreeustaquio.com.br\/feliz-pascoa-feliz-ressurreicao\/#primaryimage\",\"url\":\"https:\/\/www.padreeustaquio.com.br\/wp-content\/uploads\/2024\/03\/MG_8539-scaled-e1711723885658.jpg\",\"contentUrl\":\"https:\/\/www.padreeustaquio.com.br\/wp-content\/uploads\/2024\/03\/MG_8539-scaled-e1711723885658.jpg\",\"width\":1506,\"height\":627},{\"@type\":\"BreadcrumbList\",\"@id\":\"https:\/\/www.padreeustaquio.com.br\/feliz-pascoa-feliz-ressurreicao\/#breadcrumb\",\"itemListElement\":[{\"@type\":\"ListItem\",\"position\":1,\"name\":\"In\u00edcio\",\"item\":\"https:\/\/www.padreeustaquio.com.br\/\"},{\"@type\":\"ListItem\",\"position\":2,\"name\":\"Feliz P\u00e1scoa, Feliz Ressurrei\u00e7\u00e3o!\"}]},{\"@type\":\"WebSite\",\"@id\":\"https:\/\/www.padreeustaquio.com.br\/#website\",\"url\":\"https:\/\/www.padreeustaquio.com.br\/\",\"name\":\"Padre Eust\u00e1quio\",\"description\":\"Sa\u00fade e Paz\",\"publisher\":{\"@id\":\"https:\/\/www.padreeustaquio.com.br\/#organization\"},\"potentialAction\":[{\"@type\":\"SearchAction\",\"target\":{\"@type\":\"EntryPoint\",\"urlTemplate\":\"https:\/\/www.padreeustaquio.com.br\/?s={search_term_string}\"},\"query-input\":{\"@type\":\"PropertyValueSpecification\",\"valueRequired\":true,\"valueName\":\"search_term_string\"}}],\"inLanguage\":\"es\"},{\"@type\":\"Organization\",\"@id\":\"https:\/\/www.padreeustaquio.com.br\/#organization\",\"name\":\"Padre Eust\u00e1quio\",\"url\":\"https:\/\/www.padreeustaquio.com.br\/\",\"logo\":{\"@type\":\"ImageObject\",\"inLanguage\":\"es\",\"@id\":\"https:\/\/www.padreeustaquio.com.br\/#\/schema\/logo\/image\/\",\"url\":\"https:\/\/www.padreeustaquio.com.br\/wp-content\/uploads\/2019\/08\/marca.png\",\"contentUrl\":\"https:\/\/www.padreeustaquio.com.br\/wp-content\/uploads\/2019\/08\/marca.png\",\"width\":350,\"height\":400,\"caption\":\"Padre Eust\u00e1quio\"},\"image\":{\"@id\":\"https:\/\/www.padreeustaquio.com.br\/#\/schema\/logo\/image\/\"},\"sameAs\":[\"https:\/\/www.facebook.com\/beatopadreeustaquio\/\",\"https:\/\/x.com\/beatopeustaquio\",\"https:\/\/www.instagram.com\/beatopadreeustaquio\/\",\"https:\/\/www.youtube.com\/channel\/UCRhw7vfabnajwLxb1ZXMeIw\"]},{\"@type\":\"Person\",\"@id\":\"https:\/\/www.padreeustaquio.com.br\/#\/schema\/person\/a2a51db1d00f1a7af0204a0f1ddb1566\",\"name\":\"@sscc\",\"image\":{\"@type\":\"ImageObject\",\"inLanguage\":\"es\",\"@id\":\"https:\/\/secure.gravatar.com\/avatar\/68cfafa5f44617fea54071e215026e0ff06be366c3d54a8425f04fdcb86f8c5f?s=96&d=mm&r=g\",\"url\":\"https:\/\/secure.gravatar.com\/avatar\/68cfafa5f44617fea54071e215026e0ff06be366c3d54a8425f04fdcb86f8c5f?s=96&d=mm&r=g\",\"contentUrl\":\"https:\/\/secure.gravatar.com\/avatar\/68cfafa5f44617fea54071e215026e0ff06be366c3d54a8425f04fdcb86f8c5f?s=96&d=mm&r=g\",\"caption\":\"@sscc\"},\"url\":\"https:\/\/www.padreeustaquio.com.br\/es\/author\/sscc\/\"}]}<\/script>\n<!-- \/ Yoast SEO plugin. -->","yoast_head_json":{"title":"\u00a1Feliz Pascua, Feliz Resurrecci\u00f3n! - Padre Eustace","description":"Ahora que han pasado los d\u00edas de la Pasi\u00f3n y Muerte de Nuestro Se\u00f1or Jesucristo, regocij\u00e9monos al vivir este hermoso y expresivo momento de nuestra fe.","robots":{"index":"index","follow":"follow","max-snippet":"max-snippet:-1","max-image-preview":"max-image-preview:large","max-video-preview":"max-video-preview:-1"},"canonical":"https:\/\/www.padreeustaquio.com.br\/es\/feliz-pascua-feliz-resurreccion\/","og_locale":"es_ES","og_type":"article","og_title":"Feliz P\u00e1scoa, Feliz Ressurrei\u00e7\u00e3o! - Padre Eust\u00e1quio","og_description":"Transcorridos os dias da Paix\u00e3o e Morte de Nosso Senhor Jesus Cristo, exultemos de felicidade em vivermos este momento t\u00e3o bonito e expressivo da nossa f\u00e9.","og_url":"https:\/\/www.padreeustaquio.com.br\/es\/feliz-pascua-feliz-resurreccion\/","og_site_name":"Padre Eust\u00e1quio","article_publisher":"https:\/\/www.facebook.com\/beatopadreeustaquio\/","article_published_time":"2024-04-01T05:39:41+00:00","article_modified_time":"2024-04-01T11:20:12+00:00","og_image":[{"width":1506,"height":627,"url":"https:\/\/www.padreeustaquio.com.br\/wp-content\/uploads\/2024\/03\/MG_8539-scaled-e1711723885658.jpg","type":"image\/jpeg"}],"author":"@sscc","twitter_card":"summary_large_image","twitter_creator":"@beatopeustaquio","twitter_site":"@beatopeustaquio","twitter_misc":{"Escrito por":"@sscc","Tiempo de lectura":"2 minutos"},"schema":{"@context":"https:\/\/schema.org","@graph":[{"@type":"Article","@id":"https:\/\/www.padreeustaquio.com.br\/feliz-pascoa-feliz-ressurreicao\/#article","isPartOf":{"@id":"https:\/\/www.padreeustaquio.com.br\/feliz-pascoa-feliz-ressurreicao\/"},"author":{"name":"@sscc","@id":"https:\/\/www.padreeustaquio.com.br\/#\/schema\/person\/a2a51db1d00f1a7af0204a0f1ddb1566"},"headline":"Feliz P\u00e1scoa, Feliz Ressurrei\u00e7\u00e3o!","datePublished":"2024-04-01T05:39:41+00:00","dateModified":"2024-04-01T11:20:12+00:00","mainEntityOfPage":{"@id":"https:\/\/www.padreeustaquio.com.br\/feliz-pascoa-feliz-ressurreicao\/"},"wordCount":188,"commentCount":0,"publisher":{"@id":"https:\/\/www.padreeustaquio.com.br\/#organization"},"image":{"@id":"https:\/\/www.padreeustaquio.com.br\/feliz-pascoa-feliz-ressurreicao\/#primaryimage"},"thumbnailUrl":"https:\/\/www.padreeustaquio.com.br\/wp-content\/uploads\/2024\/03\/MG_8539-scaled-e1711723885658.jpg","articleSection":["Not\u00edcias"],"inLanguage":"es","potentialAction":[{"@type":"CommentAction","name":"Comment","target":["https:\/\/www.padreeustaquio.com.br\/feliz-pascoa-feliz-ressurreicao\/#respond"]}]},{"@type":"WebPage","@id":"https:\/\/www.padreeustaquio.com.br\/feliz-pascoa-feliz-ressurreicao\/","url":"https:\/\/www.padreeustaquio.com.br\/feliz-pascoa-feliz-ressurreicao\/","name":"\u00a1Feliz Pascua, Feliz Resurrecci\u00f3n! - Padre Eustace","isPartOf":{"@id":"https:\/\/www.padreeustaquio.com.br\/#website"},"primaryImageOfPage":{"@id":"https:\/\/www.padreeustaquio.com.br\/feliz-pascoa-feliz-ressurreicao\/#primaryimage"},"image":{"@id":"https:\/\/www.padreeustaquio.com.br\/feliz-pascoa-feliz-ressurreicao\/#primaryimage"},"thumbnailUrl":"https:\/\/www.padreeustaquio.com.br\/wp-content\/uploads\/2024\/03\/MG_8539-scaled-e1711723885658.jpg","datePublished":"2024-04-01T05:39:41+00:00","dateModified":"2024-04-01T11:20:12+00:00","description":"Ahora que han pasado los d\u00edas de la Pasi\u00f3n y Muerte de Nuestro Se\u00f1or Jesucristo, regocij\u00e9monos al vivir este hermoso y expresivo momento de nuestra fe.","breadcrumb":{"@id":"https:\/\/www.padreeustaquio.com.br\/feliz-pascoa-feliz-ressurreicao\/#breadcrumb"},"inLanguage":"es","potentialAction":[{"@type":"ReadAction","target":["https:\/\/www.padreeustaquio.com.br\/feliz-pascoa-feliz-ressurreicao\/"]}]},{"@type":"ImageObject","inLanguage":"es","@id":"https:\/\/www.padreeustaquio.com.br\/feliz-pascoa-feliz-ressurreicao\/#primaryimage","url":"https:\/\/www.padreeustaquio.com.br\/wp-content\/uploads\/2024\/03\/MG_8539-scaled-e1711723885658.jpg","contentUrl":"https:\/\/www.padreeustaquio.com.br\/wp-content\/uploads\/2024\/03\/MG_8539-scaled-e1711723885658.jpg","width":1506,"height":627},{"@type":"BreadcrumbList","@id":"https:\/\/www.padreeustaquio.com.br\/feliz-pascoa-feliz-ressurreicao\/#breadcrumb","itemListElement":[{"@type":"ListItem","position":1,"name":"In\u00edcio","item":"https:\/\/www.padreeustaquio.com.br\/"},{"@type":"ListItem","position":2,"name":"Feliz P\u00e1scoa, Feliz Ressurrei\u00e7\u00e3o!"}]},{"@type":"WebSite","@id":"https:\/\/www.padreeustaquio.com.br\/#website","url":"https:\/\/www.padreeustaquio.com.br\/","name":"Padre Eustace","description":"Salud y Paz","publisher":{"@id":"https:\/\/www.padreeustaquio.com.br\/#organization"},"potentialAction":[{"@type":"SearchAction","target":{"@type":"EntryPoint","urlTemplate":"https:\/\/www.padreeustaquio.com.br\/?s={search_term_string}"},"query-input":{"@type":"PropertyValueSpecification","valueRequired":true,"valueName":"search_term_string"}}],"inLanguage":"es"},{"@type":"Organization","@id":"https:\/\/www.padreeustaquio.com.br\/#organization","name":"Padre Eustace","url":"https:\/\/www.padreeustaquio.com.br\/","logo":{"@type":"ImageObject","inLanguage":"es","@id":"https:\/\/www.padreeustaquio.com.br\/#\/schema\/logo\/image\/","url":"https:\/\/www.padreeustaquio.com.br\/wp-content\/uploads\/2019\/08\/marca.png","contentUrl":"https:\/\/www.padreeustaquio.com.br\/wp-content\/uploads\/2019\/08\/marca.png","width":350,"height":400,"caption":"Padre Eust\u00e1quio"},"image":{"@id":"https:\/\/www.padreeustaquio.com.br\/#\/schema\/logo\/image\/"},"sameAs":["https:\/\/www.facebook.com\/beatopadreeustaquio\/","https:\/\/x.com\/beatopeustaquio","https:\/\/www.instagram.com\/beatopadreeustaquio\/","https:\/\/www.youtube.com\/channel\/UCRhw7vfabnajwLxb1ZXMeIw"]},{"@type":"Person","@id":"https:\/\/www.padreeustaquio.com.br\/#\/schema\/person\/a2a51db1d00f1a7af0204a0f1ddb1566","name":"@sscc","image":{"@type":"ImageObject","inLanguage":"es","@id":"https:\/\/secure.gravatar.com\/avatar\/68cfafa5f44617fea54071e215026e0ff06be366c3d54a8425f04fdcb86f8c5f?s=96&d=mm&r=g","url":"https:\/\/secure.gravatar.com\/avatar\/68cfafa5f44617fea54071e215026e0ff06be366c3d54a8425f04fdcb86f8c5f?s=96&d=mm&r=g","contentUrl":"https:\/\/secure.gravatar.com\/avatar\/68cfafa5f44617fea54071e215026e0ff06be366c3d54a8425f04fdcb86f8c5f?s=96&d=mm&r=g","caption":"@sscc"},"url":"https:\/\/www.padreeustaquio.com.br\/es\/author\/sscc\/"}]}},"_links":{"self":[{"href":"https:\/\/www.padreeustaquio.com.br\/es\/wp-json\/wp\/v2\/posts\/11170","targetHints":{"allow":["GET"]}}],"collection":[{"href":"https:\/\/www.padreeustaquio.com.br\/es\/wp-json\/wp\/v2\/posts"}],"about":[{"href":"https:\/\/www.padreeustaquio.com.br\/es\/wp-json\/wp\/v2\/types\/post"}],"author":[{"embeddable":true,"href":"https:\/\/www.padreeustaquio.com.br\/es\/wp-json\/wp\/v2\/users\/2"}],"replies":[{"embeddable":true,"href":"https:\/\/www.padreeustaquio.com.br\/es\/wp-json\/wp\/v2\/comments?post=11170"}],"version-history":[{"count":0,"href":"https:\/\/www.padreeustaquio.com.br\/es\/wp-json\/wp\/v2\/posts\/11170\/revisions"}],"wp:featuredmedia":[{"embeddable":true,"href":"https:\/\/www.padreeustaquio.com.br\/es\/wp-json\/wp\/v2\/media\/11171"}],"wp:attachment":[{"href":"https:\/\/www.padreeustaquio.com.br\/es\/wp-json\/wp\/v2\/media?parent=11170"}],"wp:term":[{"taxonomy":"category","embeddable":true,"href":"https:\/\/www.padreeustaquio.com.br\/es\/wp-json\/wp\/v2\/categories?post=11170"},{"taxonomy":"post_tag","embeddable":true,"href":"https:\/\/www.padreeustaquio.com.br\/es\/wp-json\/wp\/v2\/tags?post=11170"}],"curies":[{"name":"wp","href":"https:\/\/api.w.org\/{rel}","templated":true}]}}