{"id":11165,"date":"2024-03-29T06:04:18","date_gmt":"2024-03-29T09:04:18","guid":{"rendered":"https:\/\/www.padreeustaquio.com.br\/?p=11165"},"modified":"2024-03-29T11:39:13","modified_gmt":"2024-03-29T14:39:13","slug":"una-palabra-del-padre-eustaquio-meditemos-sobre-los-sufrimientos-de-jesus","status":"publish","type":"post","link":"https:\/\/www.padreeustaquio.com.br\/es\/una-palabra-del-padre-eustaquio-meditemos-sobre-los-sufrimientos-de-jesus\/","title":{"rendered":"Una palabra del Padre Eustaquio: Meditemos los sufrimientos de Jes\u00fas."},"content":{"rendered":"<p>Vivimos la semana m\u00e1s importante de la Iglesia Cat\u00f3lica, la Semana Santa. Un tiempo de oraci\u00f3n e intimidad con Jes\u00fas. Un texto escrito por el Beato Padre Eustaquio en 1943 ofrece una hermosa reflexi\u00f3n sobre este per\u00edodo que vivimos.<\/p>\n<p><em><span style=\"font-size: 1.21429rem;\">\u201cEl mundo vive una \u00e9poca de derramamiento de sangre, una \u00e9poca de l\u00e1grimas. Los hijos lloran por sus padres, y los padres lloran por sus hijos. \u00a1Cu\u00e1nto dolor, cu\u00e1nto sufrimiento en los corazones de los hombres!<\/span><\/em><\/p>\n<p>\u00bfY qu\u00e9 remedios hay para estos dolores? \u00bfPodr\u00e1n los placeres mundanos proporcionar el consuelo que nos falta? \u00bfPodr\u00e1n el entretenimiento \u2014cine, bailes, conciertos\u2014 aliviarlos? Solo nos hacen olvidar por un momento, \u00bfpero nos consuelan? \u00a1No! \u00a1Mil veces no! No hay b\u00e1lsamo en este mundo que pueda calmarnos, que pueda quitarnos el dolor del alma, ni siquiera por un instante.<\/p>\n<p><em>\u00a1Pero no desesperemos! Existe una fuente muy poderosa de abundante b\u00e1lsamo que no solo alivia nuestras penas, sino que las transforma en alegr\u00eda. Esta fuente es nuestra religi\u00f3n, y en particular, la meditaci\u00f3n sobre la pasi\u00f3n y muerte de Nuestro Se\u00f1or.<\/em><\/p>\n<p><em>\u00bfNunca has probado la dulzura de meditar en la Pasi\u00f3n del Se\u00f1or? \u00bfSabes lo que significa unir tus l\u00e1grimas con las de Jes\u00fas? \u00a1Unamos nuestras penas a las de Jes\u00fas! \u00a1Comparemos nuestras penas con las suyas! En el momento de nuestro sufrimiento, imaginemos a Jes\u00fas colgado en la cruz, exclamando: &quot;\u00a1Oh, los que pas\u00e1is por aqu\u00ed, mirad si hay pena como la m\u00eda!&quot;<\/em><\/p>\n<p><em>Meditar en los sufrimientos de Jes\u00fas no solo alivia los nuestros, sino que los elimina y los reemplaza con alegr\u00eda. En este tiempo de Pasi\u00f3n, acudamos cada vez m\u00e1s a los Santos Sacramentos. Sobre todo, acerqu\u00e9monos a la mesa de la comuni\u00f3n, pues la presencia de Jes\u00fas purifica nuestro coraz\u00f3n de toda culpa.<\/em><\/p>\n<p><em>\u00bfQu\u00e9 mejor explicaci\u00f3n del sufrimiento en el mundo que la misma pasi\u00f3n y muerte de nuestro Se\u00f1or? \u00c9l quiso ser como nosotros, a quienes la Divina Providencia env\u00eda el sufrimiento para nuestro propio bien.<\/em><\/p>\n<p><em>Convirt\u00e1monos a Dios con todo nuestro coraz\u00f3n, reza la Iglesia tantas veces en el breviario. \u00a1Que el verdadero Rey, Cristo Jes\u00fas, reine en sus corazones y en sus familias! \u00a1Renuncien a la maldad de nuestros tiempos, que tanto ha provocado la ira de Dios!<\/em><\/p>\n<p><em>Lejos de nosotros estar en un esp\u00edritu mundano, y decir: &quot;Cuando oig\u00e1is hoy la voz de Dios, no endurezc\u00e1is vuestros corazones&quot;.<\/em><\/p>\n<p><strong>Extractos tomados del &quot;Bolet\u00edn de la Parroquia de los Sagrados Corazones&quot;, publicado el 7 de abril de 1946.<\/strong><\/p>","protected":false},"excerpt":{"rendered":"<p>Estamos vivendo a Semana Maior da Igreja Cat\u00f3lica, a Semana Santa. Momento de ora\u00e7\u00e3o e intimidade com Jesus. Um texto escrito pelo Beato Padre Eust\u00e1quio em 1943, traz uma bel\u00edssima reflex\u00e3o sobre este per\u00edodo que estamos vivendo. \u201cO mundo est\u00e1 passando por uma \u00e9poca de sangue, uma \u00e9poca de l\u00e1grimas. Filhos choram os pais e pais choram os filhos. Quantas dores, quantos sofrimentos nos cora\u00e7\u00f5es dos homens! E os rem\u00e9dios para estas dores? Ser\u00e3o os prazeres mundanos capazes de fornecer o consolo que falta? Ser\u00e3o os divertimentos: cinema, bailes, concertos, capazes de aliviar-nos? Apenas, fazem-nos esquecer, por um momento, mas, [&hellip;]<\/p>\n","protected":false},"author":2,"featured_media":10210,"comment_status":"open","ping_status":"closed","sticky":false,"template":"","format":"standard","meta":{"_acf_changed":false,"footnotes":""},"categories":[611],"tags":[],"class_list":["post-11165","post","type-post","status-publish","format-standard","has-post-thumbnail","hentry","category-noticias"],"acf":[],"yoast_head":"<!-- This site is optimized with the Yoast SEO plugin v27.2 - https:\/\/yoast.com\/product\/yoast-seo-wordpress\/ -->\n<title>Palavra do Padre Eust\u00e1quio: Meditemos as dores de Jesus<\/title>\n<meta name=\"description\" content=\"Estamos vivendo a Semana Maior da Igreja Cat\u00f3lica, a Semana Santa. Momento de ora\u00e7\u00e3o e intimidade com Jesus. Um texto escrito pelo Beato Padre Eust\u00e1quio em 1943, traz uma bel\u00edssima reflex\u00e3o sobre este per\u00edodo que estamos vivendo.\" \/>\n<meta name=\"robots\" content=\"index, follow, max-snippet:-1, max-image-preview:large, max-video-preview:-1\" \/>\n<link rel=\"canonical\" href=\"https:\/\/www.padreeustaquio.com.br\/es\/una-palabra-del-padre-eustaquio-meditemos-sobre-los-sufrimientos-de-jesus\/\" \/>\n<meta property=\"og:locale\" content=\"es_ES\" \/>\n<meta property=\"og:type\" content=\"article\" \/>\n<meta property=\"og:title\" content=\"Palavra do Padre Eust\u00e1quio: Meditemos as dores de Jesus\" \/>\n<meta property=\"og:description\" content=\"Estamos vivendo a Semana Maior da Igreja Cat\u00f3lica, a Semana Santa. Momento de ora\u00e7\u00e3o e intimidade com Jesus. Um texto escrito pelo Beato Padre Eust\u00e1quio em 1943, traz uma bel\u00edssima reflex\u00e3o sobre este per\u00edodo que estamos vivendo.\" \/>\n<meta property=\"og:url\" content=\"https:\/\/www.padreeustaquio.com.br\/es\/una-palabra-del-padre-eustaquio-meditemos-sobre-los-sufrimientos-de-jesus\/\" \/>\n<meta property=\"og:site_name\" content=\"Padre Eust\u00e1quio\" \/>\n<meta property=\"article:publisher\" content=\"https:\/\/www.facebook.com\/beatopadreeustaquio\/\" \/>\n<meta property=\"article:published_time\" content=\"2024-03-29T09:04:18+00:00\" \/>\n<meta property=\"article:modified_time\" content=\"2024-03-29T14:39:13+00:00\" \/>\n<meta property=\"og:image\" content=\"https:\/\/www.padreeustaquio.com.br\/wp-content\/uploads\/2023\/04\/foto-eustaquio-e1711723146192.jpg\" \/>\n\t<meta property=\"og:image:width\" content=\"640\" \/>\n\t<meta property=\"og:image:height\" content=\"397\" \/>\n\t<meta property=\"og:image:type\" content=\"image\/jpeg\" \/>\n<meta name=\"author\" content=\"@sscc\" \/>\n<meta name=\"twitter:card\" content=\"summary_large_image\" \/>\n<meta name=\"twitter:creator\" content=\"@beatopeustaquio\" \/>\n<meta name=\"twitter:site\" content=\"@beatopeustaquio\" \/>\n<meta name=\"twitter:label1\" content=\"Escrito por\" \/>\n\t<meta name=\"twitter:data1\" content=\"@sscc\" \/>\n\t<meta name=\"twitter:label2\" content=\"Tiempo de lectura\" \/>\n\t<meta name=\"twitter:data2\" content=\"3 minutos\" \/>\n<script type=\"application\/ld+json\" class=\"yoast-schema-graph\">{\"@context\":\"https:\/\/schema.org\",\"@graph\":[{\"@type\":\"Article\",\"@id\":\"https:\/\/www.padreeustaquio.com.br\/palavra-do-padre-eustaquio-meditemos-as-dores-de-jesus\/#article\",\"isPartOf\":{\"@id\":\"https:\/\/www.padreeustaquio.com.br\/palavra-do-padre-eustaquio-meditemos-as-dores-de-jesus\/\"},\"author\":{\"name\":\"@sscc\",\"@id\":\"https:\/\/www.padreeustaquio.com.br\/#\/schema\/person\/a2a51db1d00f1a7af0204a0f1ddb1566\"},\"headline\":\"Palavra do Padre Eust\u00e1quio: Meditemos as dores de Jesus\",\"datePublished\":\"2024-03-29T09:04:18+00:00\",\"dateModified\":\"2024-03-29T14:39:13+00:00\",\"mainEntityOfPage\":{\"@id\":\"https:\/\/www.padreeustaquio.com.br\/palavra-do-padre-eustaquio-meditemos-as-dores-de-jesus\/\"},\"wordCount\":447,\"commentCount\":0,\"publisher\":{\"@id\":\"https:\/\/www.padreeustaquio.com.br\/#organization\"},\"image\":{\"@id\":\"https:\/\/www.padreeustaquio.com.br\/palavra-do-padre-eustaquio-meditemos-as-dores-de-jesus\/#primaryimage\"},\"thumbnailUrl\":\"https:\/\/www.padreeustaquio.com.br\/wp-content\/uploads\/2023\/04\/foto-eustaquio-e1711723146192.jpg\",\"articleSection\":[\"Not\u00edcias\"],\"inLanguage\":\"es\",\"potentialAction\":[{\"@type\":\"CommentAction\",\"name\":\"Comment\",\"target\":[\"https:\/\/www.padreeustaquio.com.br\/palavra-do-padre-eustaquio-meditemos-as-dores-de-jesus\/#respond\"]}]},{\"@type\":\"WebPage\",\"@id\":\"https:\/\/www.padreeustaquio.com.br\/palavra-do-padre-eustaquio-meditemos-as-dores-de-jesus\/\",\"url\":\"https:\/\/www.padreeustaquio.com.br\/palavra-do-padre-eustaquio-meditemos-as-dores-de-jesus\/\",\"name\":\"Palavra do Padre Eust\u00e1quio: Meditemos as dores de Jesus\",\"isPartOf\":{\"@id\":\"https:\/\/www.padreeustaquio.com.br\/#website\"},\"primaryImageOfPage\":{\"@id\":\"https:\/\/www.padreeustaquio.com.br\/palavra-do-padre-eustaquio-meditemos-as-dores-de-jesus\/#primaryimage\"},\"image\":{\"@id\":\"https:\/\/www.padreeustaquio.com.br\/palavra-do-padre-eustaquio-meditemos-as-dores-de-jesus\/#primaryimage\"},\"thumbnailUrl\":\"https:\/\/www.padreeustaquio.com.br\/wp-content\/uploads\/2023\/04\/foto-eustaquio-e1711723146192.jpg\",\"datePublished\":\"2024-03-29T09:04:18+00:00\",\"dateModified\":\"2024-03-29T14:39:13+00:00\",\"description\":\"Estamos vivendo a Semana Maior da Igreja Cat\u00f3lica, a Semana Santa. Momento de ora\u00e7\u00e3o e intimidade com Jesus. Um texto escrito pelo Beato Padre Eust\u00e1quio em 1943, traz uma bel\u00edssima reflex\u00e3o sobre este per\u00edodo que estamos vivendo.\",\"breadcrumb\":{\"@id\":\"https:\/\/www.padreeustaquio.com.br\/palavra-do-padre-eustaquio-meditemos-as-dores-de-jesus\/#breadcrumb\"},\"inLanguage\":\"es\",\"potentialAction\":[{\"@type\":\"ReadAction\",\"target\":[\"https:\/\/www.padreeustaquio.com.br\/palavra-do-padre-eustaquio-meditemos-as-dores-de-jesus\/\"]}]},{\"@type\":\"ImageObject\",\"inLanguage\":\"es\",\"@id\":\"https:\/\/www.padreeustaquio.com.br\/palavra-do-padre-eustaquio-meditemos-as-dores-de-jesus\/#primaryimage\",\"url\":\"https:\/\/www.padreeustaquio.com.br\/wp-content\/uploads\/2023\/04\/foto-eustaquio-e1711723146192.jpg\",\"contentUrl\":\"https:\/\/www.padreeustaquio.com.br\/wp-content\/uploads\/2023\/04\/foto-eustaquio-e1711723146192.jpg\",\"width\":640,\"height\":397},{\"@type\":\"BreadcrumbList\",\"@id\":\"https:\/\/www.padreeustaquio.com.br\/palavra-do-padre-eustaquio-meditemos-as-dores-de-jesus\/#breadcrumb\",\"itemListElement\":[{\"@type\":\"ListItem\",\"position\":1,\"name\":\"In\u00edcio\",\"item\":\"https:\/\/www.padreeustaquio.com.br\/\"},{\"@type\":\"ListItem\",\"position\":2,\"name\":\"Palavra do Padre Eust\u00e1quio: Meditemos as dores de Jesus\"}]},{\"@type\":\"WebSite\",\"@id\":\"https:\/\/www.padreeustaquio.com.br\/#website\",\"url\":\"https:\/\/www.padreeustaquio.com.br\/\",\"name\":\"Padre Eust\u00e1quio\",\"description\":\"Sa\u00fade e Paz\",\"publisher\":{\"@id\":\"https:\/\/www.padreeustaquio.com.br\/#organization\"},\"potentialAction\":[{\"@type\":\"SearchAction\",\"target\":{\"@type\":\"EntryPoint\",\"urlTemplate\":\"https:\/\/www.padreeustaquio.com.br\/?s={search_term_string}\"},\"query-input\":{\"@type\":\"PropertyValueSpecification\",\"valueRequired\":true,\"valueName\":\"search_term_string\"}}],\"inLanguage\":\"es\"},{\"@type\":\"Organization\",\"@id\":\"https:\/\/www.padreeustaquio.com.br\/#organization\",\"name\":\"Padre Eust\u00e1quio\",\"url\":\"https:\/\/www.padreeustaquio.com.br\/\",\"logo\":{\"@type\":\"ImageObject\",\"inLanguage\":\"es\",\"@id\":\"https:\/\/www.padreeustaquio.com.br\/#\/schema\/logo\/image\/\",\"url\":\"https:\/\/www.padreeustaquio.com.br\/wp-content\/uploads\/2019\/08\/marca.png\",\"contentUrl\":\"https:\/\/www.padreeustaquio.com.br\/wp-content\/uploads\/2019\/08\/marca.png\",\"width\":350,\"height\":400,\"caption\":\"Padre Eust\u00e1quio\"},\"image\":{\"@id\":\"https:\/\/www.padreeustaquio.com.br\/#\/schema\/logo\/image\/\"},\"sameAs\":[\"https:\/\/www.facebook.com\/beatopadreeustaquio\/\",\"https:\/\/x.com\/beatopeustaquio\",\"https:\/\/www.instagram.com\/beatopadreeustaquio\/\",\"https:\/\/www.youtube.com\/channel\/UCRhw7vfabnajwLxb1ZXMeIw\"]},{\"@type\":\"Person\",\"@id\":\"https:\/\/www.padreeustaquio.com.br\/#\/schema\/person\/a2a51db1d00f1a7af0204a0f1ddb1566\",\"name\":\"@sscc\",\"image\":{\"@type\":\"ImageObject\",\"inLanguage\":\"es\",\"@id\":\"https:\/\/secure.gravatar.com\/avatar\/68cfafa5f44617fea54071e215026e0ff06be366c3d54a8425f04fdcb86f8c5f?s=96&d=mm&r=g\",\"url\":\"https:\/\/secure.gravatar.com\/avatar\/68cfafa5f44617fea54071e215026e0ff06be366c3d54a8425f04fdcb86f8c5f?s=96&d=mm&r=g\",\"contentUrl\":\"https:\/\/secure.gravatar.com\/avatar\/68cfafa5f44617fea54071e215026e0ff06be366c3d54a8425f04fdcb86f8c5f?s=96&d=mm&r=g\",\"caption\":\"@sscc\"},\"url\":\"https:\/\/www.padreeustaquio.com.br\/es\/author\/sscc\/\"}]}<\/script>\n<!-- \/ Yoast SEO plugin. -->","yoast_head_json":{"title":"Una palabra del Padre Eustaquio: Meditemos los sufrimientos de Jes\u00fas.","description":"Vivimos la semana m\u00e1s importante de la Iglesia Cat\u00f3lica, la Semana Santa. Un tiempo de oraci\u00f3n e intimidad con Jes\u00fas. Un texto escrito por el Beato Padre Eustaquio en 1943 ofrece una hermosa reflexi\u00f3n sobre este per\u00edodo que vivimos.","robots":{"index":"index","follow":"follow","max-snippet":"max-snippet:-1","max-image-preview":"max-image-preview:large","max-video-preview":"max-video-preview:-1"},"canonical":"https:\/\/www.padreeustaquio.com.br\/es\/una-palabra-del-padre-eustaquio-meditemos-sobre-los-sufrimientos-de-jesus\/","og_locale":"es_ES","og_type":"article","og_title":"Palavra do Padre Eust\u00e1quio: Meditemos as dores de Jesus","og_description":"Estamos vivendo a Semana Maior da Igreja Cat\u00f3lica, a Semana Santa. Momento de ora\u00e7\u00e3o e intimidade com Jesus. Um texto escrito pelo Beato Padre Eust\u00e1quio em 1943, traz uma bel\u00edssima reflex\u00e3o sobre este per\u00edodo que estamos vivendo.","og_url":"https:\/\/www.padreeustaquio.com.br\/es\/una-palabra-del-padre-eustaquio-meditemos-sobre-los-sufrimientos-de-jesus\/","og_site_name":"Padre Eust\u00e1quio","article_publisher":"https:\/\/www.facebook.com\/beatopadreeustaquio\/","article_published_time":"2024-03-29T09:04:18+00:00","article_modified_time":"2024-03-29T14:39:13+00:00","og_image":[{"width":640,"height":397,"url":"https:\/\/www.padreeustaquio.com.br\/wp-content\/uploads\/2023\/04\/foto-eustaquio-e1711723146192.jpg","type":"image\/jpeg"}],"author":"@sscc","twitter_card":"summary_large_image","twitter_creator":"@beatopeustaquio","twitter_site":"@beatopeustaquio","twitter_misc":{"Escrito por":"@sscc","Tiempo de lectura":"3 minutos"},"schema":{"@context":"https:\/\/schema.org","@graph":[{"@type":"Article","@id":"https:\/\/www.padreeustaquio.com.br\/palavra-do-padre-eustaquio-meditemos-as-dores-de-jesus\/#article","isPartOf":{"@id":"https:\/\/www.padreeustaquio.com.br\/palavra-do-padre-eustaquio-meditemos-as-dores-de-jesus\/"},"author":{"name":"@sscc","@id":"https:\/\/www.padreeustaquio.com.br\/#\/schema\/person\/a2a51db1d00f1a7af0204a0f1ddb1566"},"headline":"Palavra do Padre Eust\u00e1quio: Meditemos as dores de Jesus","datePublished":"2024-03-29T09:04:18+00:00","dateModified":"2024-03-29T14:39:13+00:00","mainEntityOfPage":{"@id":"https:\/\/www.padreeustaquio.com.br\/palavra-do-padre-eustaquio-meditemos-as-dores-de-jesus\/"},"wordCount":447,"commentCount":0,"publisher":{"@id":"https:\/\/www.padreeustaquio.com.br\/#organization"},"image":{"@id":"https:\/\/www.padreeustaquio.com.br\/palavra-do-padre-eustaquio-meditemos-as-dores-de-jesus\/#primaryimage"},"thumbnailUrl":"https:\/\/www.padreeustaquio.com.br\/wp-content\/uploads\/2023\/04\/foto-eustaquio-e1711723146192.jpg","articleSection":["Not\u00edcias"],"inLanguage":"es","potentialAction":[{"@type":"CommentAction","name":"Comment","target":["https:\/\/www.padreeustaquio.com.br\/palavra-do-padre-eustaquio-meditemos-as-dores-de-jesus\/#respond"]}]},{"@type":"WebPage","@id":"https:\/\/www.padreeustaquio.com.br\/palavra-do-padre-eustaquio-meditemos-as-dores-de-jesus\/","url":"https:\/\/www.padreeustaquio.com.br\/palavra-do-padre-eustaquio-meditemos-as-dores-de-jesus\/","name":"Una palabra del Padre Eustaquio: Meditemos los sufrimientos de Jes\u00fas.","isPartOf":{"@id":"https:\/\/www.padreeustaquio.com.br\/#website"},"primaryImageOfPage":{"@id":"https:\/\/www.padreeustaquio.com.br\/palavra-do-padre-eustaquio-meditemos-as-dores-de-jesus\/#primaryimage"},"image":{"@id":"https:\/\/www.padreeustaquio.com.br\/palavra-do-padre-eustaquio-meditemos-as-dores-de-jesus\/#primaryimage"},"thumbnailUrl":"https:\/\/www.padreeustaquio.com.br\/wp-content\/uploads\/2023\/04\/foto-eustaquio-e1711723146192.jpg","datePublished":"2024-03-29T09:04:18+00:00","dateModified":"2024-03-29T14:39:13+00:00","description":"Vivimos la semana m\u00e1s importante de la Iglesia Cat\u00f3lica, la Semana Santa. Un tiempo de oraci\u00f3n e intimidad con Jes\u00fas. Un texto escrito por el Beato Padre Eustaquio en 1943 ofrece una hermosa reflexi\u00f3n sobre este per\u00edodo que vivimos.","breadcrumb":{"@id":"https:\/\/www.padreeustaquio.com.br\/palavra-do-padre-eustaquio-meditemos-as-dores-de-jesus\/#breadcrumb"},"inLanguage":"es","potentialAction":[{"@type":"ReadAction","target":["https:\/\/www.padreeustaquio.com.br\/palavra-do-padre-eustaquio-meditemos-as-dores-de-jesus\/"]}]},{"@type":"ImageObject","inLanguage":"es","@id":"https:\/\/www.padreeustaquio.com.br\/palavra-do-padre-eustaquio-meditemos-as-dores-de-jesus\/#primaryimage","url":"https:\/\/www.padreeustaquio.com.br\/wp-content\/uploads\/2023\/04\/foto-eustaquio-e1711723146192.jpg","contentUrl":"https:\/\/www.padreeustaquio.com.br\/wp-content\/uploads\/2023\/04\/foto-eustaquio-e1711723146192.jpg","width":640,"height":397},{"@type":"BreadcrumbList","@id":"https:\/\/www.padreeustaquio.com.br\/palavra-do-padre-eustaquio-meditemos-as-dores-de-jesus\/#breadcrumb","itemListElement":[{"@type":"ListItem","position":1,"name":"In\u00edcio","item":"https:\/\/www.padreeustaquio.com.br\/"},{"@type":"ListItem","position":2,"name":"Palavra do Padre Eust\u00e1quio: Meditemos as dores de Jesus"}]},{"@type":"WebSite","@id":"https:\/\/www.padreeustaquio.com.br\/#website","url":"https:\/\/www.padreeustaquio.com.br\/","name":"Padre Eustace","description":"Salud y Paz","publisher":{"@id":"https:\/\/www.padreeustaquio.com.br\/#organization"},"potentialAction":[{"@type":"SearchAction","target":{"@type":"EntryPoint","urlTemplate":"https:\/\/www.padreeustaquio.com.br\/?s={search_term_string}"},"query-input":{"@type":"PropertyValueSpecification","valueRequired":true,"valueName":"search_term_string"}}],"inLanguage":"es"},{"@type":"Organization","@id":"https:\/\/www.padreeustaquio.com.br\/#organization","name":"Padre Eustace","url":"https:\/\/www.padreeustaquio.com.br\/","logo":{"@type":"ImageObject","inLanguage":"es","@id":"https:\/\/www.padreeustaquio.com.br\/#\/schema\/logo\/image\/","url":"https:\/\/www.padreeustaquio.com.br\/wp-content\/uploads\/2019\/08\/marca.png","contentUrl":"https:\/\/www.padreeustaquio.com.br\/wp-content\/uploads\/2019\/08\/marca.png","width":350,"height":400,"caption":"Padre Eust\u00e1quio"},"image":{"@id":"https:\/\/www.padreeustaquio.com.br\/#\/schema\/logo\/image\/"},"sameAs":["https:\/\/www.facebook.com\/beatopadreeustaquio\/","https:\/\/x.com\/beatopeustaquio","https:\/\/www.instagram.com\/beatopadreeustaquio\/","https:\/\/www.youtube.com\/channel\/UCRhw7vfabnajwLxb1ZXMeIw"]},{"@type":"Person","@id":"https:\/\/www.padreeustaquio.com.br\/#\/schema\/person\/a2a51db1d00f1a7af0204a0f1ddb1566","name":"@sscc","image":{"@type":"ImageObject","inLanguage":"es","@id":"https:\/\/secure.gravatar.com\/avatar\/68cfafa5f44617fea54071e215026e0ff06be366c3d54a8425f04fdcb86f8c5f?s=96&d=mm&r=g","url":"https:\/\/secure.gravatar.com\/avatar\/68cfafa5f44617fea54071e215026e0ff06be366c3d54a8425f04fdcb86f8c5f?s=96&d=mm&r=g","contentUrl":"https:\/\/secure.gravatar.com\/avatar\/68cfafa5f44617fea54071e215026e0ff06be366c3d54a8425f04fdcb86f8c5f?s=96&d=mm&r=g","caption":"@sscc"},"url":"https:\/\/www.padreeustaquio.com.br\/es\/author\/sscc\/"}]}},"_links":{"self":[{"href":"https:\/\/www.padreeustaquio.com.br\/es\/wp-json\/wp\/v2\/posts\/11165","targetHints":{"allow":["GET"]}}],"collection":[{"href":"https:\/\/www.padreeustaquio.com.br\/es\/wp-json\/wp\/v2\/posts"}],"about":[{"href":"https:\/\/www.padreeustaquio.com.br\/es\/wp-json\/wp\/v2\/types\/post"}],"author":[{"embeddable":true,"href":"https:\/\/www.padreeustaquio.com.br\/es\/wp-json\/wp\/v2\/users\/2"}],"replies":[{"embeddable":true,"href":"https:\/\/www.padreeustaquio.com.br\/es\/wp-json\/wp\/v2\/comments?post=11165"}],"version-history":[{"count":0,"href":"https:\/\/www.padreeustaquio.com.br\/es\/wp-json\/wp\/v2\/posts\/11165\/revisions"}],"wp:featuredmedia":[{"embeddable":true,"href":"https:\/\/www.padreeustaquio.com.br\/es\/wp-json\/wp\/v2\/media\/10210"}],"wp:attachment":[{"href":"https:\/\/www.padreeustaquio.com.br\/es\/wp-json\/wp\/v2\/media?parent=11165"}],"wp:term":[{"taxonomy":"category","embeddable":true,"href":"https:\/\/www.padreeustaquio.com.br\/es\/wp-json\/wp\/v2\/categories?post=11165"},{"taxonomy":"post_tag","embeddable":true,"href":"https:\/\/www.padreeustaquio.com.br\/es\/wp-json\/wp\/v2\/tags?post=11165"}],"curies":[{"name":"wp","href":"https:\/\/api.w.org\/{rel}","templated":true}]}}