{"id":11162,"date":"2024-03-27T09:02:14","date_gmt":"2024-03-27T12:02:14","guid":{"rendered":"https:\/\/www.padreeustaquio.com.br\/?p=11162"},"modified":"2024-03-27T09:19:38","modified_gmt":"2024-03-27T12:19:38","slug":"este-viernes-se-presentara-la-tradicional-pasion-de-cristo-a-cargo-de-los-jovenes","status":"publish","type":"post","link":"https:\/\/www.padreeustaquio.com.br\/es\/este-viernes-se-presentara-la-tradicional-pasion-de-cristo-a-cargo-de-los-jovenes\/","title":{"rendered":"TRADICI\u00d3N \u2013 Este viernes se presentar\u00e1 la Pasi\u00f3n de Cristo a cargo de los j\u00f3venes."},"content":{"rendered":"<p>El d\u00eda que la Iglesia celebra la Pasi\u00f3n y Muerte de Nuestro Se\u00f1or Jesucristo, los j\u00f3venes de la Iglesia del Beato Padre Eust\u00e1quio en Belo Horizonte se re\u00fanen para representar y vivir el V\u00eda Crucis. La Pasi\u00f3n, como se le conoce, se lleva representando desde hace varios a\u00f1os y atrae la atenci\u00f3n de miles de fieles.<\/p>\n<p>Aunque liderada por los j\u00f3venes del Encuentro Juvenil con Cristo (EJC) y las clases de Confirmaci\u00f3n, la recreaci\u00f3n de la Pasi\u00f3n de Cristo une a toda la comunidad, contando con la participaci\u00f3n y colaboraci\u00f3n de otros miembros de la Parroquia de los Sagrados Corazones de Belo Horizonte. Normalmente, casi 100 personas participan directamente en la creaci\u00f3n, producci\u00f3n, puesta en escena y transmisi\u00f3n de la obra teatral.<\/p>\n<p>Las escenas se representan dentro del Santuario ante una gran multitud. El a\u00f1o pasado, aproximadamente 1200 personas asistieron a la representaci\u00f3n teatral en la iglesia, y miles m\u00e1s pudieron verla a trav\u00e9s del Canal Padre Eust\u00e1quio. Este a\u00f1o, las expectativas no son diferentes; adem\u00e1s de una iglesia llena, el canal de YouTube anticipa la audiencia y la participaci\u00f3n de muchos espectadores.<\/p>\n<p>Los actores voluntarios, que no son profesionales del sector, ofrecen una actuaci\u00f3n magistral. En varios momentos, se puede sentir la emoci\u00f3n de quienes observan atentamente.<\/p>\n<p>Este a\u00f1o, el Teatro presentar\u00e1 18 escenas, desde la infancia de Jes\u00fas hasta su crucifixi\u00f3n y muerte. Todo se transmitir\u00e1 en vivo por el Canal Padre Eust\u00e1quio., <a href=\"https:\/\/youtube.com\/live\/q_AEnHLHSdo?feature=share\">HAGA CLIC AQU\u00cd<\/a> Y env\u00eda el enlace a tus amigos y familiares para que tambi\u00e9n puedan seguirlo.<\/p>\n<p>Vive intensamente esta semana y prep\u00e1rate bien para la Pascua de Cristo.<\/p>","protected":false},"excerpt":{"rendered":"<p>No dia em que a Igreja celebra a Paix\u00e3o e Morte de Nosso Senhor Jesus Cristo, os jovens da Igreja do Beato Padre Eust\u00e1quio em Belo Horizonte se unem para encenar e vivenciar a via crucis. O Teatro da Paix\u00e3o, como \u00e9 conhecido, \u00e9 realizado h\u00e1 v\u00e1rios anos e atrai os olhares de milhares de fi\u00e9is. Apesar de ser encabe\u00e7ado pelos jovens do EJC e da Crisma, a encena\u00e7\u00e3o da Paix\u00e3o de Cristo une toda a comunidade, contando com a participa\u00e7\u00e3o e colabora\u00e7\u00e3o de outros membros da Par\u00f3quia dos Sagrados Cora\u00e7\u00f5es em BH. Normalmente, quase 100 pessoas s\u00e3o envolvidas diretamente [&hellip;]<\/p>\n","protected":false},"author":2,"featured_media":11163,"comment_status":"open","ping_status":"closed","sticky":false,"template":"","format":"standard","meta":{"_acf_changed":false,"footnotes":""},"categories":[611],"tags":[],"class_list":["post-11162","post","type-post","status-publish","format-standard","has-post-thumbnail","hentry","category-noticias"],"acf":[],"yoast_head":"<!-- This site is optimized with the Yoast SEO plugin v27.2 - https:\/\/yoast.com\/product\/yoast-seo-wordpress\/ -->\n<title>TRADI\u00c7\u00c3O - Teatro da Paix\u00e3o ser\u00e1 realizado pelos jovens nesta sexta-feira<\/title>\n<meta name=\"description\" content=\"No dia em que a Igreja celebra a Paix\u00e3o e Morte de Nosso Senhor Jesus Cristo, os jovens da Igreja do Beato Padre Eust\u00e1quio em Belo Horizonte se unem para encenar e vivenciar a via crucis. O Teatro da Paix\u00e3o, como \u00e9 conhecido, \u00e9 realizado h\u00e1 v\u00e1rios anos e atrai os olhares de milhares de fi\u00e9is.\" \/>\n<meta name=\"robots\" content=\"index, follow, max-snippet:-1, max-image-preview:large, max-video-preview:-1\" \/>\n<link rel=\"canonical\" href=\"https:\/\/www.padreeustaquio.com.br\/es\/este-viernes-se-presentara-la-tradicional-pasion-de-cristo-a-cargo-de-los-jovenes\/\" \/>\n<meta property=\"og:locale\" content=\"es_ES\" \/>\n<meta property=\"og:type\" content=\"article\" \/>\n<meta property=\"og:title\" content=\"TRADI\u00c7\u00c3O - Teatro da Paix\u00e3o ser\u00e1 realizado pelos jovens nesta sexta-feira\" \/>\n<meta property=\"og:description\" content=\"No dia em que a Igreja celebra a Paix\u00e3o e Morte de Nosso Senhor Jesus Cristo, os jovens da Igreja do Beato Padre Eust\u00e1quio em Belo Horizonte se unem para encenar e vivenciar a via crucis. O Teatro da Paix\u00e3o, como \u00e9 conhecido, \u00e9 realizado h\u00e1 v\u00e1rios anos e atrai os olhares de milhares de fi\u00e9is.\" \/>\n<meta property=\"og:url\" content=\"https:\/\/www.padreeustaquio.com.br\/es\/este-viernes-se-presentara-la-tradicional-pasion-de-cristo-a-cargo-de-los-jovenes\/\" \/>\n<meta property=\"og:site_name\" content=\"Padre Eust\u00e1quio\" \/>\n<meta property=\"article:publisher\" content=\"https:\/\/www.facebook.com\/beatopadreeustaquio\/\" \/>\n<meta property=\"article:published_time\" content=\"2024-03-27T12:02:14+00:00\" \/>\n<meta property=\"article:modified_time\" content=\"2024-03-27T12:19:38+00:00\" \/>\n<meta property=\"og:image\" content=\"https:\/\/www.padreeustaquio.com.br\/wp-content\/uploads\/2024\/03\/Teatro-da-Paixao-e1711539753882.jpeg\" \/>\n\t<meta property=\"og:image:width\" content=\"1200\" \/>\n\t<meta property=\"og:image:height\" content=\"709\" \/>\n\t<meta property=\"og:image:type\" content=\"image\/jpeg\" \/>\n<meta name=\"author\" content=\"@sscc\" \/>\n<meta name=\"twitter:card\" content=\"summary_large_image\" \/>\n<meta name=\"twitter:creator\" content=\"@beatopeustaquio\" \/>\n<meta name=\"twitter:site\" content=\"@beatopeustaquio\" \/>\n<meta name=\"twitter:label1\" content=\"Escrito por\" \/>\n\t<meta name=\"twitter:data1\" content=\"@sscc\" \/>\n\t<meta name=\"twitter:label2\" content=\"Tiempo de lectura\" \/>\n\t<meta name=\"twitter:data2\" content=\"2 minutos\" \/>\n<script type=\"application\/ld+json\" class=\"yoast-schema-graph\">{\"@context\":\"https:\/\/schema.org\",\"@graph\":[{\"@type\":\"Article\",\"@id\":\"https:\/\/www.padreeustaquio.com.br\/tradicao-teatro-da-paixao-sera-realizado-pelos-jovens-nesta-sexta-feira\/#article\",\"isPartOf\":{\"@id\":\"https:\/\/www.padreeustaquio.com.br\/tradicao-teatro-da-paixao-sera-realizado-pelos-jovens-nesta-sexta-feira\/\"},\"author\":{\"name\":\"@sscc\",\"@id\":\"https:\/\/www.padreeustaquio.com.br\/#\/schema\/person\/a2a51db1d00f1a7af0204a0f1ddb1566\"},\"headline\":\"TRADI\u00c7\u00c3O &#8211; Teatro da Paix\u00e3o ser\u00e1 realizado pelos jovens nesta sexta-feira\",\"datePublished\":\"2024-03-27T12:02:14+00:00\",\"dateModified\":\"2024-03-27T12:19:38+00:00\",\"mainEntityOfPage\":{\"@id\":\"https:\/\/www.padreeustaquio.com.br\/tradicao-teatro-da-paixao-sera-realizado-pelos-jovens-nesta-sexta-feira\/\"},\"wordCount\":291,\"commentCount\":0,\"publisher\":{\"@id\":\"https:\/\/www.padreeustaquio.com.br\/#organization\"},\"image\":{\"@id\":\"https:\/\/www.padreeustaquio.com.br\/tradicao-teatro-da-paixao-sera-realizado-pelos-jovens-nesta-sexta-feira\/#primaryimage\"},\"thumbnailUrl\":\"https:\/\/www.padreeustaquio.com.br\/wp-content\/uploads\/2024\/03\/Teatro-da-Paixao-e1711539753882.jpeg\",\"articleSection\":[\"Not\u00edcias\"],\"inLanguage\":\"es\",\"potentialAction\":[{\"@type\":\"CommentAction\",\"name\":\"Comment\",\"target\":[\"https:\/\/www.padreeustaquio.com.br\/tradicao-teatro-da-paixao-sera-realizado-pelos-jovens-nesta-sexta-feira\/#respond\"]}]},{\"@type\":\"WebPage\",\"@id\":\"https:\/\/www.padreeustaquio.com.br\/tradicao-teatro-da-paixao-sera-realizado-pelos-jovens-nesta-sexta-feira\/\",\"url\":\"https:\/\/www.padreeustaquio.com.br\/tradicao-teatro-da-paixao-sera-realizado-pelos-jovens-nesta-sexta-feira\/\",\"name\":\"TRADI\u00c7\u00c3O - Teatro da Paix\u00e3o ser\u00e1 realizado pelos jovens nesta sexta-feira\",\"isPartOf\":{\"@id\":\"https:\/\/www.padreeustaquio.com.br\/#website\"},\"primaryImageOfPage\":{\"@id\":\"https:\/\/www.padreeustaquio.com.br\/tradicao-teatro-da-paixao-sera-realizado-pelos-jovens-nesta-sexta-feira\/#primaryimage\"},\"image\":{\"@id\":\"https:\/\/www.padreeustaquio.com.br\/tradicao-teatro-da-paixao-sera-realizado-pelos-jovens-nesta-sexta-feira\/#primaryimage\"},\"thumbnailUrl\":\"https:\/\/www.padreeustaquio.com.br\/wp-content\/uploads\/2024\/03\/Teatro-da-Paixao-e1711539753882.jpeg\",\"datePublished\":\"2024-03-27T12:02:14+00:00\",\"dateModified\":\"2024-03-27T12:19:38+00:00\",\"description\":\"No dia em que a Igreja celebra a Paix\u00e3o e Morte de Nosso Senhor Jesus Cristo, os jovens da Igreja do Beato Padre Eust\u00e1quio em Belo Horizonte se unem para encenar e vivenciar a via crucis. O Teatro da Paix\u00e3o, como \u00e9 conhecido, \u00e9 realizado h\u00e1 v\u00e1rios anos e atrai os olhares de milhares de fi\u00e9is.\",\"breadcrumb\":{\"@id\":\"https:\/\/www.padreeustaquio.com.br\/tradicao-teatro-da-paixao-sera-realizado-pelos-jovens-nesta-sexta-feira\/#breadcrumb\"},\"inLanguage\":\"es\",\"potentialAction\":[{\"@type\":\"ReadAction\",\"target\":[\"https:\/\/www.padreeustaquio.com.br\/tradicao-teatro-da-paixao-sera-realizado-pelos-jovens-nesta-sexta-feira\/\"]}]},{\"@type\":\"ImageObject\",\"inLanguage\":\"es\",\"@id\":\"https:\/\/www.padreeustaquio.com.br\/tradicao-teatro-da-paixao-sera-realizado-pelos-jovens-nesta-sexta-feira\/#primaryimage\",\"url\":\"https:\/\/www.padreeustaquio.com.br\/wp-content\/uploads\/2024\/03\/Teatro-da-Paixao-e1711539753882.jpeg\",\"contentUrl\":\"https:\/\/www.padreeustaquio.com.br\/wp-content\/uploads\/2024\/03\/Teatro-da-Paixao-e1711539753882.jpeg\",\"width\":1200,\"height\":709},{\"@type\":\"BreadcrumbList\",\"@id\":\"https:\/\/www.padreeustaquio.com.br\/tradicao-teatro-da-paixao-sera-realizado-pelos-jovens-nesta-sexta-feira\/#breadcrumb\",\"itemListElement\":[{\"@type\":\"ListItem\",\"position\":1,\"name\":\"In\u00edcio\",\"item\":\"https:\/\/www.padreeustaquio.com.br\/\"},{\"@type\":\"ListItem\",\"position\":2,\"name\":\"TRADI\u00c7\u00c3O &#8211; Teatro da Paix\u00e3o ser\u00e1 realizado pelos jovens nesta sexta-feira\"}]},{\"@type\":\"WebSite\",\"@id\":\"https:\/\/www.padreeustaquio.com.br\/#website\",\"url\":\"https:\/\/www.padreeustaquio.com.br\/\",\"name\":\"Padre Eust\u00e1quio\",\"description\":\"Sa\u00fade e Paz\",\"publisher\":{\"@id\":\"https:\/\/www.padreeustaquio.com.br\/#organization\"},\"potentialAction\":[{\"@type\":\"SearchAction\",\"target\":{\"@type\":\"EntryPoint\",\"urlTemplate\":\"https:\/\/www.padreeustaquio.com.br\/?s={search_term_string}\"},\"query-input\":{\"@type\":\"PropertyValueSpecification\",\"valueRequired\":true,\"valueName\":\"search_term_string\"}}],\"inLanguage\":\"es\"},{\"@type\":\"Organization\",\"@id\":\"https:\/\/www.padreeustaquio.com.br\/#organization\",\"name\":\"Padre Eust\u00e1quio\",\"url\":\"https:\/\/www.padreeustaquio.com.br\/\",\"logo\":{\"@type\":\"ImageObject\",\"inLanguage\":\"es\",\"@id\":\"https:\/\/www.padreeustaquio.com.br\/#\/schema\/logo\/image\/\",\"url\":\"https:\/\/www.padreeustaquio.com.br\/wp-content\/uploads\/2019\/08\/marca.png\",\"contentUrl\":\"https:\/\/www.padreeustaquio.com.br\/wp-content\/uploads\/2019\/08\/marca.png\",\"width\":350,\"height\":400,\"caption\":\"Padre Eust\u00e1quio\"},\"image\":{\"@id\":\"https:\/\/www.padreeustaquio.com.br\/#\/schema\/logo\/image\/\"},\"sameAs\":[\"https:\/\/www.facebook.com\/beatopadreeustaquio\/\",\"https:\/\/x.com\/beatopeustaquio\",\"https:\/\/www.instagram.com\/beatopadreeustaquio\/\",\"https:\/\/www.youtube.com\/channel\/UCRhw7vfabnajwLxb1ZXMeIw\"]},{\"@type\":\"Person\",\"@id\":\"https:\/\/www.padreeustaquio.com.br\/#\/schema\/person\/a2a51db1d00f1a7af0204a0f1ddb1566\",\"name\":\"@sscc\",\"image\":{\"@type\":\"ImageObject\",\"inLanguage\":\"es\",\"@id\":\"https:\/\/secure.gravatar.com\/avatar\/68cfafa5f44617fea54071e215026e0ff06be366c3d54a8425f04fdcb86f8c5f?s=96&d=mm&r=g\",\"url\":\"https:\/\/secure.gravatar.com\/avatar\/68cfafa5f44617fea54071e215026e0ff06be366c3d54a8425f04fdcb86f8c5f?s=96&d=mm&r=g\",\"contentUrl\":\"https:\/\/secure.gravatar.com\/avatar\/68cfafa5f44617fea54071e215026e0ff06be366c3d54a8425f04fdcb86f8c5f?s=96&d=mm&r=g\",\"caption\":\"@sscc\"},\"url\":\"https:\/\/www.padreeustaquio.com.br\/es\/author\/sscc\/\"}]}<\/script>\n<!-- \/ Yoast SEO plugin. -->","yoast_head_json":{"title":"TRADICI\u00d3N - Este viernes se realizar\u00e1 una representaci\u00f3n de la Pasi\u00f3n de Cristo a cargo de j\u00f3venes.","description":"El d\u00eda que la Iglesia celebra la Pasi\u00f3n y Muerte de Nuestro Se\u00f1or Jesucristo, los j\u00f3venes de la Iglesia del Beato Padre Eust\u00e1quio en Belo Horizonte se re\u00fanen para representar y vivir el V\u00eda Crucis. La Pasi\u00f3n, como se le conoce, se lleva representando desde hace varios a\u00f1os y atrae la atenci\u00f3n de miles de fieles.","robots":{"index":"index","follow":"follow","max-snippet":"max-snippet:-1","max-image-preview":"max-image-preview:large","max-video-preview":"max-video-preview:-1"},"canonical":"https:\/\/www.padreeustaquio.com.br\/es\/este-viernes-se-presentara-la-tradicional-pasion-de-cristo-a-cargo-de-los-jovenes\/","og_locale":"es_ES","og_type":"article","og_title":"TRADI\u00c7\u00c3O - Teatro da Paix\u00e3o ser\u00e1 realizado pelos jovens nesta sexta-feira","og_description":"No dia em que a Igreja celebra a Paix\u00e3o e Morte de Nosso Senhor Jesus Cristo, os jovens da Igreja do Beato Padre Eust\u00e1quio em Belo Horizonte se unem para encenar e vivenciar a via crucis. O Teatro da Paix\u00e3o, como \u00e9 conhecido, \u00e9 realizado h\u00e1 v\u00e1rios anos e atrai os olhares de milhares de fi\u00e9is.","og_url":"https:\/\/www.padreeustaquio.com.br\/es\/este-viernes-se-presentara-la-tradicional-pasion-de-cristo-a-cargo-de-los-jovenes\/","og_site_name":"Padre Eust\u00e1quio","article_publisher":"https:\/\/www.facebook.com\/beatopadreeustaquio\/","article_published_time":"2024-03-27T12:02:14+00:00","article_modified_time":"2024-03-27T12:19:38+00:00","og_image":[{"width":1200,"height":709,"url":"https:\/\/www.padreeustaquio.com.br\/wp-content\/uploads\/2024\/03\/Teatro-da-Paixao-e1711539753882.jpeg","type":"image\/jpeg"}],"author":"@sscc","twitter_card":"summary_large_image","twitter_creator":"@beatopeustaquio","twitter_site":"@beatopeustaquio","twitter_misc":{"Escrito por":"@sscc","Tiempo de lectura":"2 minutos"},"schema":{"@context":"https:\/\/schema.org","@graph":[{"@type":"Article","@id":"https:\/\/www.padreeustaquio.com.br\/tradicao-teatro-da-paixao-sera-realizado-pelos-jovens-nesta-sexta-feira\/#article","isPartOf":{"@id":"https:\/\/www.padreeustaquio.com.br\/tradicao-teatro-da-paixao-sera-realizado-pelos-jovens-nesta-sexta-feira\/"},"author":{"name":"@sscc","@id":"https:\/\/www.padreeustaquio.com.br\/#\/schema\/person\/a2a51db1d00f1a7af0204a0f1ddb1566"},"headline":"TRADI\u00c7\u00c3O &#8211; Teatro da Paix\u00e3o ser\u00e1 realizado pelos jovens nesta sexta-feira","datePublished":"2024-03-27T12:02:14+00:00","dateModified":"2024-03-27T12:19:38+00:00","mainEntityOfPage":{"@id":"https:\/\/www.padreeustaquio.com.br\/tradicao-teatro-da-paixao-sera-realizado-pelos-jovens-nesta-sexta-feira\/"},"wordCount":291,"commentCount":0,"publisher":{"@id":"https:\/\/www.padreeustaquio.com.br\/#organization"},"image":{"@id":"https:\/\/www.padreeustaquio.com.br\/tradicao-teatro-da-paixao-sera-realizado-pelos-jovens-nesta-sexta-feira\/#primaryimage"},"thumbnailUrl":"https:\/\/www.padreeustaquio.com.br\/wp-content\/uploads\/2024\/03\/Teatro-da-Paixao-e1711539753882.jpeg","articleSection":["Not\u00edcias"],"inLanguage":"es","potentialAction":[{"@type":"CommentAction","name":"Comment","target":["https:\/\/www.padreeustaquio.com.br\/tradicao-teatro-da-paixao-sera-realizado-pelos-jovens-nesta-sexta-feira\/#respond"]}]},{"@type":"WebPage","@id":"https:\/\/www.padreeustaquio.com.br\/tradicao-teatro-da-paixao-sera-realizado-pelos-jovens-nesta-sexta-feira\/","url":"https:\/\/www.padreeustaquio.com.br\/tradicao-teatro-da-paixao-sera-realizado-pelos-jovens-nesta-sexta-feira\/","name":"TRADICI\u00d3N - Este viernes se realizar\u00e1 una representaci\u00f3n de la Pasi\u00f3n de Cristo a cargo de j\u00f3venes.","isPartOf":{"@id":"https:\/\/www.padreeustaquio.com.br\/#website"},"primaryImageOfPage":{"@id":"https:\/\/www.padreeustaquio.com.br\/tradicao-teatro-da-paixao-sera-realizado-pelos-jovens-nesta-sexta-feira\/#primaryimage"},"image":{"@id":"https:\/\/www.padreeustaquio.com.br\/tradicao-teatro-da-paixao-sera-realizado-pelos-jovens-nesta-sexta-feira\/#primaryimage"},"thumbnailUrl":"https:\/\/www.padreeustaquio.com.br\/wp-content\/uploads\/2024\/03\/Teatro-da-Paixao-e1711539753882.jpeg","datePublished":"2024-03-27T12:02:14+00:00","dateModified":"2024-03-27T12:19:38+00:00","description":"El d\u00eda que la Iglesia celebra la Pasi\u00f3n y Muerte de Nuestro Se\u00f1or Jesucristo, los j\u00f3venes de la Iglesia del Beato Padre Eust\u00e1quio en Belo Horizonte se re\u00fanen para representar y vivir el V\u00eda Crucis. La Pasi\u00f3n, como se le conoce, se lleva representando desde hace varios a\u00f1os y atrae la atenci\u00f3n de miles de fieles.","breadcrumb":{"@id":"https:\/\/www.padreeustaquio.com.br\/tradicao-teatro-da-paixao-sera-realizado-pelos-jovens-nesta-sexta-feira\/#breadcrumb"},"inLanguage":"es","potentialAction":[{"@type":"ReadAction","target":["https:\/\/www.padreeustaquio.com.br\/tradicao-teatro-da-paixao-sera-realizado-pelos-jovens-nesta-sexta-feira\/"]}]},{"@type":"ImageObject","inLanguage":"es","@id":"https:\/\/www.padreeustaquio.com.br\/tradicao-teatro-da-paixao-sera-realizado-pelos-jovens-nesta-sexta-feira\/#primaryimage","url":"https:\/\/www.padreeustaquio.com.br\/wp-content\/uploads\/2024\/03\/Teatro-da-Paixao-e1711539753882.jpeg","contentUrl":"https:\/\/www.padreeustaquio.com.br\/wp-content\/uploads\/2024\/03\/Teatro-da-Paixao-e1711539753882.jpeg","width":1200,"height":709},{"@type":"BreadcrumbList","@id":"https:\/\/www.padreeustaquio.com.br\/tradicao-teatro-da-paixao-sera-realizado-pelos-jovens-nesta-sexta-feira\/#breadcrumb","itemListElement":[{"@type":"ListItem","position":1,"name":"In\u00edcio","item":"https:\/\/www.padreeustaquio.com.br\/"},{"@type":"ListItem","position":2,"name":"TRADI\u00c7\u00c3O &#8211; Teatro da Paix\u00e3o ser\u00e1 realizado pelos jovens nesta sexta-feira"}]},{"@type":"WebSite","@id":"https:\/\/www.padreeustaquio.com.br\/#website","url":"https:\/\/www.padreeustaquio.com.br\/","name":"Padre Eustace","description":"Salud y Paz","publisher":{"@id":"https:\/\/www.padreeustaquio.com.br\/#organization"},"potentialAction":[{"@type":"SearchAction","target":{"@type":"EntryPoint","urlTemplate":"https:\/\/www.padreeustaquio.com.br\/?s={search_term_string}"},"query-input":{"@type":"PropertyValueSpecification","valueRequired":true,"valueName":"search_term_string"}}],"inLanguage":"es"},{"@type":"Organization","@id":"https:\/\/www.padreeustaquio.com.br\/#organization","name":"Padre Eustace","url":"https:\/\/www.padreeustaquio.com.br\/","logo":{"@type":"ImageObject","inLanguage":"es","@id":"https:\/\/www.padreeustaquio.com.br\/#\/schema\/logo\/image\/","url":"https:\/\/www.padreeustaquio.com.br\/wp-content\/uploads\/2019\/08\/marca.png","contentUrl":"https:\/\/www.padreeustaquio.com.br\/wp-content\/uploads\/2019\/08\/marca.png","width":350,"height":400,"caption":"Padre Eust\u00e1quio"},"image":{"@id":"https:\/\/www.padreeustaquio.com.br\/#\/schema\/logo\/image\/"},"sameAs":["https:\/\/www.facebook.com\/beatopadreeustaquio\/","https:\/\/x.com\/beatopeustaquio","https:\/\/www.instagram.com\/beatopadreeustaquio\/","https:\/\/www.youtube.com\/channel\/UCRhw7vfabnajwLxb1ZXMeIw"]},{"@type":"Person","@id":"https:\/\/www.padreeustaquio.com.br\/#\/schema\/person\/a2a51db1d00f1a7af0204a0f1ddb1566","name":"@sscc","image":{"@type":"ImageObject","inLanguage":"es","@id":"https:\/\/secure.gravatar.com\/avatar\/68cfafa5f44617fea54071e215026e0ff06be366c3d54a8425f04fdcb86f8c5f?s=96&d=mm&r=g","url":"https:\/\/secure.gravatar.com\/avatar\/68cfafa5f44617fea54071e215026e0ff06be366c3d54a8425f04fdcb86f8c5f?s=96&d=mm&r=g","contentUrl":"https:\/\/secure.gravatar.com\/avatar\/68cfafa5f44617fea54071e215026e0ff06be366c3d54a8425f04fdcb86f8c5f?s=96&d=mm&r=g","caption":"@sscc"},"url":"https:\/\/www.padreeustaquio.com.br\/es\/author\/sscc\/"}]}},"_links":{"self":[{"href":"https:\/\/www.padreeustaquio.com.br\/es\/wp-json\/wp\/v2\/posts\/11162","targetHints":{"allow":["GET"]}}],"collection":[{"href":"https:\/\/www.padreeustaquio.com.br\/es\/wp-json\/wp\/v2\/posts"}],"about":[{"href":"https:\/\/www.padreeustaquio.com.br\/es\/wp-json\/wp\/v2\/types\/post"}],"author":[{"embeddable":true,"href":"https:\/\/www.padreeustaquio.com.br\/es\/wp-json\/wp\/v2\/users\/2"}],"replies":[{"embeddable":true,"href":"https:\/\/www.padreeustaquio.com.br\/es\/wp-json\/wp\/v2\/comments?post=11162"}],"version-history":[{"count":0,"href":"https:\/\/www.padreeustaquio.com.br\/es\/wp-json\/wp\/v2\/posts\/11162\/revisions"}],"wp:featuredmedia":[{"embeddable":true,"href":"https:\/\/www.padreeustaquio.com.br\/es\/wp-json\/wp\/v2\/media\/11163"}],"wp:attachment":[{"href":"https:\/\/www.padreeustaquio.com.br\/es\/wp-json\/wp\/v2\/media?parent=11162"}],"wp:term":[{"taxonomy":"category","embeddable":true,"href":"https:\/\/www.padreeustaquio.com.br\/es\/wp-json\/wp\/v2\/categories?post=11162"},{"taxonomy":"post_tag","embeddable":true,"href":"https:\/\/www.padreeustaquio.com.br\/es\/wp-json\/wp\/v2\/tags?post=11162"}],"curies":[{"name":"wp","href":"https:\/\/api.w.org\/{rel}","templated":true}]}}