{"id":11152,"date":"2024-03-22T07:19:56","date_gmt":"2024-03-22T10:19:56","guid":{"rendered":"https:\/\/www.padreeustaquio.com.br\/?p=11152"},"modified":"2024-03-22T07:19:56","modified_gmt":"2024-03-22T10:19:56","slug":"vela-familiar-la-luz-de-dios-en-nuestros-hogares","status":"publish","type":"post","link":"https:\/\/www.padreeustaquio.com.br\/es\/vela-familiar-la-luz-de-dios-en-nuestros-hogares\/","title":{"rendered":"Vela Familiar: la luz de Dios en nuestros hogares"},"content":{"rendered":"<p>La &quot;Vela Familiar&quot; es m\u00e1s que una simple vela; es un poderoso s\u00edmbolo de fe, unidad y amor en el hogar. Es una hermosa tradici\u00f3n cat\u00f3lica que une generaciones y fortalece los lazos espirituales entre los miembros de la familia.<\/p>\n<p>Al encenderse la Vela Familiar, los miembros de la familia se re\u00fanen alrededor de la llama, creando un momento de paz y reflexi\u00f3n. Es un momento dedicado a la oraci\u00f3n, donde se dejan de lado las preocupaciones del mundo exterior y se invoca la presencia de Dios para que ilumine y bendiga el hogar.<\/p>\n<p>El cirio pascual representa la luz de Cristo, que brilla en la oscuridad y gu\u00eda nuestros pasos en el camino de la fe. Al encenderlo, recordamos la presencia constante de Dios en nuestras vidas y renovamos nuestro compromiso de seguir sus ense\u00f1anzas.<\/p>\n<p>Adem\u00e1s, la vela familiar simboliza la unidad. Al reunirse alrededor de la llama, los miembros de la familia comparten momentos preciosos de comuni\u00f3n, fortaleciendo los lazos familiares y cultivando un ambiente de amor y respeto mutuo.<\/p>\n<p>Con el tiempo, la vela familiar se convierte en algo m\u00e1s que una tradici\u00f3n; se convierte en un punto focal de la espiritualidad familiar, recordando a todos el poder de la fe y la importancia de mantener viva la llama del amor de Dios en sus corazones.<\/p>\n<p>Si a\u00fan no tienes tu Vela Familiar para la Pascua de este a\u00f1o, adqui\u00e9rela en la Tienda Padre Eust\u00e1quio, anexa al Santuario de la Salud y la Paz.<\/p>","protected":false},"excerpt":{"rendered":"<p>O &#8220;C\u00edrio da Fam\u00edlia&#8221; ou &#8220;C\u00edrio Familiar&#8221; \u00e9 mais do que uma simples vela; \u00e9 um s\u00edmbolo poderoso de f\u00e9, unidade e amor dentro do lar. Esta \u00e9 uma bela tradi\u00e7\u00e3o cat\u00f3lica, que une gera\u00e7\u00f5es e fortalece os la\u00e7os espirituais entre os membros da fam\u00edlia. Ao acender o C\u00edrio da Fam\u00edlia, os membros da casa se re\u00fanem em torno da chama, criando um momento de paz e reflex\u00e3o. \u00c9 um tempo dedicado \u00e0 ora\u00e7\u00e3o, onde as preocupa\u00e7\u00f5es do mundo exterior s\u00e3o deixadas de lado, e a presen\u00e7a de Deus \u00e9 invocada para iluminar e aben\u00e7oar o lar. O c\u00edrio em [&hellip;]<\/p>\n","protected":false},"author":2,"featured_media":11153,"comment_status":"open","ping_status":"closed","sticky":false,"template":"","format":"standard","meta":{"_acf_changed":false,"footnotes":""},"categories":[611],"tags":[],"class_list":["post-11152","post","type-post","status-publish","format-standard","has-post-thumbnail","hentry","category-noticias"],"acf":[],"yoast_head":"<!-- This site is optimized with the Yoast SEO plugin v27.2 - https:\/\/yoast.com\/product\/yoast-seo-wordpress\/ -->\n<title>C\u00edrio da Fam\u00edlia: a luz de Deus em nossos lares<\/title>\n<meta name=\"description\" content=\"O &quot;C\u00edrio da Fam\u00edlia&quot; ou &quot;C\u00edrio Familiar&quot; \u00e9 mais do que uma simples vela; \u00e9 um s\u00edmbolo poderoso de f\u00e9, unidade e amor dentro do lar. Esta \u00e9 uma bela tradi\u00e7\u00e3o cat\u00f3lica, que une gera\u00e7\u00f5es e fortalece os la\u00e7os espirituais entre os membros da fam\u00edlia.\" \/>\n<meta name=\"robots\" content=\"index, follow, max-snippet:-1, max-image-preview:large, max-video-preview:-1\" \/>\n<link rel=\"canonical\" href=\"https:\/\/www.padreeustaquio.com.br\/es\/vela-familiar-la-luz-de-dios-en-nuestros-hogares\/\" \/>\n<meta property=\"og:locale\" content=\"es_ES\" \/>\n<meta property=\"og:type\" content=\"article\" \/>\n<meta property=\"og:title\" content=\"C\u00edrio da Fam\u00edlia: a luz de Deus em nossos lares\" \/>\n<meta property=\"og:description\" content=\"O &quot;C\u00edrio da Fam\u00edlia&quot; ou &quot;C\u00edrio Familiar&quot; \u00e9 mais do que uma simples vela; \u00e9 um s\u00edmbolo poderoso de f\u00e9, unidade e amor dentro do lar. Esta \u00e9 uma bela tradi\u00e7\u00e3o cat\u00f3lica, que une gera\u00e7\u00f5es e fortalece os la\u00e7os espirituais entre os membros da fam\u00edlia.\" \/>\n<meta property=\"og:url\" content=\"https:\/\/www.padreeustaquio.com.br\/es\/vela-familiar-la-luz-de-dios-en-nuestros-hogares\/\" \/>\n<meta property=\"og:site_name\" content=\"Padre Eust\u00e1quio\" \/>\n<meta property=\"article:publisher\" content=\"https:\/\/www.facebook.com\/beatopadreeustaquio\/\" \/>\n<meta property=\"article:published_time\" content=\"2024-03-22T10:19:56+00:00\" \/>\n<meta property=\"og:image\" content=\"https:\/\/www.padreeustaquio.com.br\/wp-content\/uploads\/2024\/03\/CIRIO-DA-FAMILIA.jpg\" \/>\n\t<meta property=\"og:image:width\" content=\"748\" \/>\n\t<meta property=\"og:image:height\" content=\"394\" \/>\n\t<meta property=\"og:image:type\" content=\"image\/jpeg\" \/>\n<meta name=\"author\" content=\"@sscc\" \/>\n<meta name=\"twitter:card\" content=\"summary_large_image\" \/>\n<meta name=\"twitter:creator\" content=\"@beatopeustaquio\" \/>\n<meta name=\"twitter:site\" content=\"@beatopeustaquio\" \/>\n<meta name=\"twitter:label1\" content=\"Escrito por\" \/>\n\t<meta name=\"twitter:data1\" content=\"@sscc\" \/>\n\t<meta name=\"twitter:label2\" content=\"Tiempo de lectura\" \/>\n\t<meta name=\"twitter:data2\" content=\"2 minutos\" \/>\n<script type=\"application\/ld+json\" class=\"yoast-schema-graph\">{\"@context\":\"https:\/\/schema.org\",\"@graph\":[{\"@type\":\"Article\",\"@id\":\"https:\/\/www.padreeustaquio.com.br\/cirio-da-familia-a-luz-de-deus-em-nossos-lares\/#article\",\"isPartOf\":{\"@id\":\"https:\/\/www.padreeustaquio.com.br\/cirio-da-familia-a-luz-de-deus-em-nossos-lares\/\"},\"author\":{\"name\":\"@sscc\",\"@id\":\"https:\/\/www.padreeustaquio.com.br\/#\/schema\/person\/a2a51db1d00f1a7af0204a0f1ddb1566\"},\"headline\":\"C\u00edrio da Fam\u00edlia: a luz de Deus em nossos lares\",\"datePublished\":\"2024-03-22T10:19:56+00:00\",\"mainEntityOfPage\":{\"@id\":\"https:\/\/www.padreeustaquio.com.br\/cirio-da-familia-a-luz-de-deus-em-nossos-lares\/\"},\"wordCount\":293,\"commentCount\":0,\"publisher\":{\"@id\":\"https:\/\/www.padreeustaquio.com.br\/#organization\"},\"image\":{\"@id\":\"https:\/\/www.padreeustaquio.com.br\/cirio-da-familia-a-luz-de-deus-em-nossos-lares\/#primaryimage\"},\"thumbnailUrl\":\"https:\/\/www.padreeustaquio.com.br\/wp-content\/uploads\/2024\/03\/CIRIO-DA-FAMILIA.jpg\",\"articleSection\":[\"Not\u00edcias\"],\"inLanguage\":\"es\",\"potentialAction\":[{\"@type\":\"CommentAction\",\"name\":\"Comment\",\"target\":[\"https:\/\/www.padreeustaquio.com.br\/cirio-da-familia-a-luz-de-deus-em-nossos-lares\/#respond\"]}]},{\"@type\":\"WebPage\",\"@id\":\"https:\/\/www.padreeustaquio.com.br\/cirio-da-familia-a-luz-de-deus-em-nossos-lares\/\",\"url\":\"https:\/\/www.padreeustaquio.com.br\/cirio-da-familia-a-luz-de-deus-em-nossos-lares\/\",\"name\":\"C\u00edrio da Fam\u00edlia: a luz de Deus em nossos lares\",\"isPartOf\":{\"@id\":\"https:\/\/www.padreeustaquio.com.br\/#website\"},\"primaryImageOfPage\":{\"@id\":\"https:\/\/www.padreeustaquio.com.br\/cirio-da-familia-a-luz-de-deus-em-nossos-lares\/#primaryimage\"},\"image\":{\"@id\":\"https:\/\/www.padreeustaquio.com.br\/cirio-da-familia-a-luz-de-deus-em-nossos-lares\/#primaryimage\"},\"thumbnailUrl\":\"https:\/\/www.padreeustaquio.com.br\/wp-content\/uploads\/2024\/03\/CIRIO-DA-FAMILIA.jpg\",\"datePublished\":\"2024-03-22T10:19:56+00:00\",\"description\":\"O \\\"C\u00edrio da Fam\u00edlia\\\" ou \\\"C\u00edrio Familiar\\\" \u00e9 mais do que uma simples vela; \u00e9 um s\u00edmbolo poderoso de f\u00e9, unidade e amor dentro do lar. Esta \u00e9 uma bela tradi\u00e7\u00e3o cat\u00f3lica, que une gera\u00e7\u00f5es e fortalece os la\u00e7os espirituais entre os membros da fam\u00edlia.\",\"breadcrumb\":{\"@id\":\"https:\/\/www.padreeustaquio.com.br\/cirio-da-familia-a-luz-de-deus-em-nossos-lares\/#breadcrumb\"},\"inLanguage\":\"es\",\"potentialAction\":[{\"@type\":\"ReadAction\",\"target\":[\"https:\/\/www.padreeustaquio.com.br\/cirio-da-familia-a-luz-de-deus-em-nossos-lares\/\"]}]},{\"@type\":\"ImageObject\",\"inLanguage\":\"es\",\"@id\":\"https:\/\/www.padreeustaquio.com.br\/cirio-da-familia-a-luz-de-deus-em-nossos-lares\/#primaryimage\",\"url\":\"https:\/\/www.padreeustaquio.com.br\/wp-content\/uploads\/2024\/03\/CIRIO-DA-FAMILIA.jpg\",\"contentUrl\":\"https:\/\/www.padreeustaquio.com.br\/wp-content\/uploads\/2024\/03\/CIRIO-DA-FAMILIA.jpg\",\"width\":748,\"height\":394},{\"@type\":\"BreadcrumbList\",\"@id\":\"https:\/\/www.padreeustaquio.com.br\/cirio-da-familia-a-luz-de-deus-em-nossos-lares\/#breadcrumb\",\"itemListElement\":[{\"@type\":\"ListItem\",\"position\":1,\"name\":\"In\u00edcio\",\"item\":\"https:\/\/www.padreeustaquio.com.br\/\"},{\"@type\":\"ListItem\",\"position\":2,\"name\":\"C\u00edrio da Fam\u00edlia: a luz de Deus em nossos lares\"}]},{\"@type\":\"WebSite\",\"@id\":\"https:\/\/www.padreeustaquio.com.br\/#website\",\"url\":\"https:\/\/www.padreeustaquio.com.br\/\",\"name\":\"Padre Eust\u00e1quio\",\"description\":\"Sa\u00fade e Paz\",\"publisher\":{\"@id\":\"https:\/\/www.padreeustaquio.com.br\/#organization\"},\"potentialAction\":[{\"@type\":\"SearchAction\",\"target\":{\"@type\":\"EntryPoint\",\"urlTemplate\":\"https:\/\/www.padreeustaquio.com.br\/?s={search_term_string}\"},\"query-input\":{\"@type\":\"PropertyValueSpecification\",\"valueRequired\":true,\"valueName\":\"search_term_string\"}}],\"inLanguage\":\"es\"},{\"@type\":\"Organization\",\"@id\":\"https:\/\/www.padreeustaquio.com.br\/#organization\",\"name\":\"Padre Eust\u00e1quio\",\"url\":\"https:\/\/www.padreeustaquio.com.br\/\",\"logo\":{\"@type\":\"ImageObject\",\"inLanguage\":\"es\",\"@id\":\"https:\/\/www.padreeustaquio.com.br\/#\/schema\/logo\/image\/\",\"url\":\"https:\/\/www.padreeustaquio.com.br\/wp-content\/uploads\/2019\/08\/marca.png\",\"contentUrl\":\"https:\/\/www.padreeustaquio.com.br\/wp-content\/uploads\/2019\/08\/marca.png\",\"width\":350,\"height\":400,\"caption\":\"Padre Eust\u00e1quio\"},\"image\":{\"@id\":\"https:\/\/www.padreeustaquio.com.br\/#\/schema\/logo\/image\/\"},\"sameAs\":[\"https:\/\/www.facebook.com\/beatopadreeustaquio\/\",\"https:\/\/x.com\/beatopeustaquio\",\"https:\/\/www.instagram.com\/beatopadreeustaquio\/\",\"https:\/\/www.youtube.com\/channel\/UCRhw7vfabnajwLxb1ZXMeIw\"]},{\"@type\":\"Person\",\"@id\":\"https:\/\/www.padreeustaquio.com.br\/#\/schema\/person\/a2a51db1d00f1a7af0204a0f1ddb1566\",\"name\":\"@sscc\",\"image\":{\"@type\":\"ImageObject\",\"inLanguage\":\"es\",\"@id\":\"https:\/\/secure.gravatar.com\/avatar\/68cfafa5f44617fea54071e215026e0ff06be366c3d54a8425f04fdcb86f8c5f?s=96&d=mm&r=g\",\"url\":\"https:\/\/secure.gravatar.com\/avatar\/68cfafa5f44617fea54071e215026e0ff06be366c3d54a8425f04fdcb86f8c5f?s=96&d=mm&r=g\",\"contentUrl\":\"https:\/\/secure.gravatar.com\/avatar\/68cfafa5f44617fea54071e215026e0ff06be366c3d54a8425f04fdcb86f8c5f?s=96&d=mm&r=g\",\"caption\":\"@sscc\"},\"url\":\"https:\/\/www.padreeustaquio.com.br\/es\/author\/sscc\/\"}]}<\/script>\n<!-- \/ Yoast SEO plugin. -->","yoast_head_json":{"title":"Vela Familiar: la luz de Dios en nuestros hogares","description":"La &quot;Vela Familiar&quot; es m\u00e1s que una simple vela; es un poderoso s\u00edmbolo de fe, unidad y amor en el hogar. Es una hermosa tradici\u00f3n cat\u00f3lica que une generaciones y fortalece los lazos espirituales entre los miembros de la familia.","robots":{"index":"index","follow":"follow","max-snippet":"max-snippet:-1","max-image-preview":"max-image-preview:large","max-video-preview":"max-video-preview:-1"},"canonical":"https:\/\/www.padreeustaquio.com.br\/es\/vela-familiar-la-luz-de-dios-en-nuestros-hogares\/","og_locale":"es_ES","og_type":"article","og_title":"C\u00edrio da Fam\u00edlia: a luz de Deus em nossos lares","og_description":"O \"C\u00edrio da Fam\u00edlia\" ou \"C\u00edrio Familiar\" \u00e9 mais do que uma simples vela; \u00e9 um s\u00edmbolo poderoso de f\u00e9, unidade e amor dentro do lar. Esta \u00e9 uma bela tradi\u00e7\u00e3o cat\u00f3lica, que une gera\u00e7\u00f5es e fortalece os la\u00e7os espirituais entre os membros da fam\u00edlia.","og_url":"https:\/\/www.padreeustaquio.com.br\/es\/vela-familiar-la-luz-de-dios-en-nuestros-hogares\/","og_site_name":"Padre Eust\u00e1quio","article_publisher":"https:\/\/www.facebook.com\/beatopadreeustaquio\/","article_published_time":"2024-03-22T10:19:56+00:00","og_image":[{"width":748,"height":394,"url":"https:\/\/www.padreeustaquio.com.br\/wp-content\/uploads\/2024\/03\/CIRIO-DA-FAMILIA.jpg","type":"image\/jpeg"}],"author":"@sscc","twitter_card":"summary_large_image","twitter_creator":"@beatopeustaquio","twitter_site":"@beatopeustaquio","twitter_misc":{"Escrito por":"@sscc","Tiempo de lectura":"2 minutos"},"schema":{"@context":"https:\/\/schema.org","@graph":[{"@type":"Article","@id":"https:\/\/www.padreeustaquio.com.br\/cirio-da-familia-a-luz-de-deus-em-nossos-lares\/#article","isPartOf":{"@id":"https:\/\/www.padreeustaquio.com.br\/cirio-da-familia-a-luz-de-deus-em-nossos-lares\/"},"author":{"name":"@sscc","@id":"https:\/\/www.padreeustaquio.com.br\/#\/schema\/person\/a2a51db1d00f1a7af0204a0f1ddb1566"},"headline":"C\u00edrio da Fam\u00edlia: a luz de Deus em nossos lares","datePublished":"2024-03-22T10:19:56+00:00","mainEntityOfPage":{"@id":"https:\/\/www.padreeustaquio.com.br\/cirio-da-familia-a-luz-de-deus-em-nossos-lares\/"},"wordCount":293,"commentCount":0,"publisher":{"@id":"https:\/\/www.padreeustaquio.com.br\/#organization"},"image":{"@id":"https:\/\/www.padreeustaquio.com.br\/cirio-da-familia-a-luz-de-deus-em-nossos-lares\/#primaryimage"},"thumbnailUrl":"https:\/\/www.padreeustaquio.com.br\/wp-content\/uploads\/2024\/03\/CIRIO-DA-FAMILIA.jpg","articleSection":["Not\u00edcias"],"inLanguage":"es","potentialAction":[{"@type":"CommentAction","name":"Comment","target":["https:\/\/www.padreeustaquio.com.br\/cirio-da-familia-a-luz-de-deus-em-nossos-lares\/#respond"]}]},{"@type":"WebPage","@id":"https:\/\/www.padreeustaquio.com.br\/cirio-da-familia-a-luz-de-deus-em-nossos-lares\/","url":"https:\/\/www.padreeustaquio.com.br\/cirio-da-familia-a-luz-de-deus-em-nossos-lares\/","name":"Vela Familiar: la luz de Dios en nuestros hogares","isPartOf":{"@id":"https:\/\/www.padreeustaquio.com.br\/#website"},"primaryImageOfPage":{"@id":"https:\/\/www.padreeustaquio.com.br\/cirio-da-familia-a-luz-de-deus-em-nossos-lares\/#primaryimage"},"image":{"@id":"https:\/\/www.padreeustaquio.com.br\/cirio-da-familia-a-luz-de-deus-em-nossos-lares\/#primaryimage"},"thumbnailUrl":"https:\/\/www.padreeustaquio.com.br\/wp-content\/uploads\/2024\/03\/CIRIO-DA-FAMILIA.jpg","datePublished":"2024-03-22T10:19:56+00:00","description":"La &quot;Vela Familiar&quot; es m\u00e1s que una simple vela; es un poderoso s\u00edmbolo de fe, unidad y amor en el hogar. Es una hermosa tradici\u00f3n cat\u00f3lica que une generaciones y fortalece los lazos espirituales entre los miembros de la familia.","breadcrumb":{"@id":"https:\/\/www.padreeustaquio.com.br\/cirio-da-familia-a-luz-de-deus-em-nossos-lares\/#breadcrumb"},"inLanguage":"es","potentialAction":[{"@type":"ReadAction","target":["https:\/\/www.padreeustaquio.com.br\/cirio-da-familia-a-luz-de-deus-em-nossos-lares\/"]}]},{"@type":"ImageObject","inLanguage":"es","@id":"https:\/\/www.padreeustaquio.com.br\/cirio-da-familia-a-luz-de-deus-em-nossos-lares\/#primaryimage","url":"https:\/\/www.padreeustaquio.com.br\/wp-content\/uploads\/2024\/03\/CIRIO-DA-FAMILIA.jpg","contentUrl":"https:\/\/www.padreeustaquio.com.br\/wp-content\/uploads\/2024\/03\/CIRIO-DA-FAMILIA.jpg","width":748,"height":394},{"@type":"BreadcrumbList","@id":"https:\/\/www.padreeustaquio.com.br\/cirio-da-familia-a-luz-de-deus-em-nossos-lares\/#breadcrumb","itemListElement":[{"@type":"ListItem","position":1,"name":"In\u00edcio","item":"https:\/\/www.padreeustaquio.com.br\/"},{"@type":"ListItem","position":2,"name":"C\u00edrio da Fam\u00edlia: a luz de Deus em nossos lares"}]},{"@type":"WebSite","@id":"https:\/\/www.padreeustaquio.com.br\/#website","url":"https:\/\/www.padreeustaquio.com.br\/","name":"Padre Eustace","description":"Salud y Paz","publisher":{"@id":"https:\/\/www.padreeustaquio.com.br\/#organization"},"potentialAction":[{"@type":"SearchAction","target":{"@type":"EntryPoint","urlTemplate":"https:\/\/www.padreeustaquio.com.br\/?s={search_term_string}"},"query-input":{"@type":"PropertyValueSpecification","valueRequired":true,"valueName":"search_term_string"}}],"inLanguage":"es"},{"@type":"Organization","@id":"https:\/\/www.padreeustaquio.com.br\/#organization","name":"Padre Eustace","url":"https:\/\/www.padreeustaquio.com.br\/","logo":{"@type":"ImageObject","inLanguage":"es","@id":"https:\/\/www.padreeustaquio.com.br\/#\/schema\/logo\/image\/","url":"https:\/\/www.padreeustaquio.com.br\/wp-content\/uploads\/2019\/08\/marca.png","contentUrl":"https:\/\/www.padreeustaquio.com.br\/wp-content\/uploads\/2019\/08\/marca.png","width":350,"height":400,"caption":"Padre Eust\u00e1quio"},"image":{"@id":"https:\/\/www.padreeustaquio.com.br\/#\/schema\/logo\/image\/"},"sameAs":["https:\/\/www.facebook.com\/beatopadreeustaquio\/","https:\/\/x.com\/beatopeustaquio","https:\/\/www.instagram.com\/beatopadreeustaquio\/","https:\/\/www.youtube.com\/channel\/UCRhw7vfabnajwLxb1ZXMeIw"]},{"@type":"Person","@id":"https:\/\/www.padreeustaquio.com.br\/#\/schema\/person\/a2a51db1d00f1a7af0204a0f1ddb1566","name":"@sscc","image":{"@type":"ImageObject","inLanguage":"es","@id":"https:\/\/secure.gravatar.com\/avatar\/68cfafa5f44617fea54071e215026e0ff06be366c3d54a8425f04fdcb86f8c5f?s=96&d=mm&r=g","url":"https:\/\/secure.gravatar.com\/avatar\/68cfafa5f44617fea54071e215026e0ff06be366c3d54a8425f04fdcb86f8c5f?s=96&d=mm&r=g","contentUrl":"https:\/\/secure.gravatar.com\/avatar\/68cfafa5f44617fea54071e215026e0ff06be366c3d54a8425f04fdcb86f8c5f?s=96&d=mm&r=g","caption":"@sscc"},"url":"https:\/\/www.padreeustaquio.com.br\/es\/author\/sscc\/"}]}},"_links":{"self":[{"href":"https:\/\/www.padreeustaquio.com.br\/es\/wp-json\/wp\/v2\/posts\/11152","targetHints":{"allow":["GET"]}}],"collection":[{"href":"https:\/\/www.padreeustaquio.com.br\/es\/wp-json\/wp\/v2\/posts"}],"about":[{"href":"https:\/\/www.padreeustaquio.com.br\/es\/wp-json\/wp\/v2\/types\/post"}],"author":[{"embeddable":true,"href":"https:\/\/www.padreeustaquio.com.br\/es\/wp-json\/wp\/v2\/users\/2"}],"replies":[{"embeddable":true,"href":"https:\/\/www.padreeustaquio.com.br\/es\/wp-json\/wp\/v2\/comments?post=11152"}],"version-history":[{"count":0,"href":"https:\/\/www.padreeustaquio.com.br\/es\/wp-json\/wp\/v2\/posts\/11152\/revisions"}],"wp:featuredmedia":[{"embeddable":true,"href":"https:\/\/www.padreeustaquio.com.br\/es\/wp-json\/wp\/v2\/media\/11153"}],"wp:attachment":[{"href":"https:\/\/www.padreeustaquio.com.br\/es\/wp-json\/wp\/v2\/media?parent=11152"}],"wp:term":[{"taxonomy":"category","embeddable":true,"href":"https:\/\/www.padreeustaquio.com.br\/es\/wp-json\/wp\/v2\/categories?post=11152"},{"taxonomy":"post_tag","embeddable":true,"href":"https:\/\/www.padreeustaquio.com.br\/es\/wp-json\/wp\/v2\/tags?post=11152"}],"curies":[{"name":"wp","href":"https:\/\/api.w.org\/{rel}","templated":true}]}}