{"id":11147,"date":"2024-03-20T06:53:34","date_gmt":"2024-03-20T09:53:34","guid":{"rendered":"https:\/\/www.padreeustaquio.com.br\/?p=11147"},"modified":"2024-03-17T16:15:52","modified_gmt":"2024-03-17T19:15:52","slug":"canal-padre-eustaquio-transmitira-celebraciones-de-semana-santa-en-bh","status":"publish","type":"post","link":"https:\/\/www.padreeustaquio.com.br\/es\/canal-padre-eustaquio-transmitira-celebraciones-de-semana-santa-en-bh\/","title":{"rendered":"Canal Padre Eust\u00e1quio transmitir\u00e1 las celebraciones de Semana Santa en Belo Horizonte."},"content":{"rendered":"<p>Del 24 al 31 de marzo, la Iglesia en todo el mundo celebra otra Semana Santa. Este per\u00edodo es un tiempo que la Iglesia nos brinda para acompa\u00f1ar a Jes\u00fas en su dolor y sufrimiento, con miras a la Pascua del Se\u00f1or.<\/p>\n<p>Se invita a todos los fieles y devotos a participar activamente en las celebraciones de su parroquia de origen. De no ser posible, el Canal Padre Eust\u00e1quio en YouTube transmitir\u00e1 todas las celebraciones programadas en la liturgia de la Iglesia para este momento tan importante de nuestra fe.<\/p>\n<p>Las transmisiones seguir\u00e1n parte de la programaci\u00f3n del Santuario de Salud y Paz de Belo Horizonte, lugar conocido como la Iglesia del Padre Eust\u00e1quio. Mant\u00e9nganse al tanto y participen con nosotros:<\/p>\n<p><strong>Domingo de Ramos<\/strong><br \/>\n10:00 horas \u2013 Transmisi\u00f3n en vivo de la Bendici\u00f3n de los Ramos en la Plaza Geraldo Torres (Plaza del Ni\u00f1o), seguida de procesi\u00f3n hasta el Santuario para la celebraci\u00f3n de la Santa Misa;<br \/>\n19:00 \u2013 Misa con bendici\u00f3n de las palmas<\/p>\n<p><strong>Lunes Santo<\/strong><br \/>\n19:00 \u2013 Santa Misa<\/p>\n<p><strong>Martes Santo<\/strong><br \/>\n19:00 \u2013 Santa Misa<\/p>\n<p><strong>Mi\u00e9rcoles Santo<\/strong><br \/>\n19:00 \u2013 Serm\u00f3n del Encuentro (realizado en la Plaza del Santuario, en Belo Horizonte)<\/p>\n<p><strong>Jueves Santo<\/strong><br \/>\n09:00 \u2013 Misa de Unidad, presidida por el Arzobispo Metropolitano de Belo Horizonte, Dom Walmor Oliveira de Azevedo \u2013 Catedral de Cristo Rey<br \/>\n19:00 \u2013 Misa de Instituci\u00f3n de la Eucarist\u00eda con el rito del Lavatorio de los Pies (seguida de un momento de Adoraci\u00f3n en el Centro Comunitario SSCC)<\/p>\n<p><strong>Viernes Santo<\/strong><br \/>\n15:00 \u2013 Acci\u00f3n lit\u00fargica solemne<br \/>\n19:00 h \u2013 Representaci\u00f3n de la Pasi\u00f3n<\/p>\n<p><strong>S\u00e1bado Santo<\/strong><br \/>\n19.00 horas \u2013 Bendici\u00f3n del Fuego Nuevo (en el Colegio Marista Padre Eust\u00e1quio), seguida de procesi\u00f3n y Vigilia Pascual en el Santuario de la Salud y de la Paz.<\/p>\n<p><strong>Domingo de Resurrecci\u00f3n<\/strong><br \/>\n10:00 AM \u2013 Santa Misa de Pascua del Se\u00f1or<br \/>\n19:00 \u2013 Santa Misa de Pascua del Se\u00f1or<\/p>\n<p><em>**Atenci\u00f3n: la programaci\u00f3n anterior se refiere a la transmisi\u00f3n del Canal Padre Eust\u00e1quio y no incluye toda la programaci\u00f3n del Santuario de la Salud y la Paz.**.<\/em><\/p>","protected":false},"excerpt":{"rendered":"<p>Do 24 ao dia 31 de mar\u00e7o, a Igreja em todo o mundo celebra mais uma Semana Santa. O per\u00edodo \u00e9 um tempo que a Igreja nos d\u00e1 para caminharmos com Jesus em suas dores e sofrimentos, objetivando a P\u00e1scoa do Senhor. O convite \u00e9 para que cada fiel e devoto busque participar ativamente das celebra\u00e7\u00f5es em sua par\u00f3quia de origem, caso n\u00e3o haja esta possibilidade, o Canal Padre Eust\u00e1quio, no YouTube, ir\u00e1 transmitir todas as celebra\u00e7\u00f5es previstas na liturgia da Igreja para este momento maior da nossa f\u00e9. As transmiss\u00f5es seguir\u00e3o parte da programa\u00e7\u00e3o do Santu\u00e1rio da Sa\u00fade e [&hellip;]<\/p>\n","protected":false},"author":2,"featured_media":11148,"comment_status":"open","ping_status":"closed","sticky":false,"template":"","format":"standard","meta":{"_acf_changed":false,"footnotes":""},"categories":[611],"tags":[],"class_list":["post-11147","post","type-post","status-publish","format-standard","has-post-thumbnail","hentry","category-noticias"],"acf":[],"yoast_head":"<!-- This site is optimized with the Yoast SEO plugin v27.2 - https:\/\/yoast.com\/product\/yoast-seo-wordpress\/ -->\n<title>Canal Padre Eust\u00e1quio transmitir\u00e1 celebra\u00e7\u00f5es da Semana Santa em BH<\/title>\n<meta name=\"description\" content=\"O convite \u00e9 para que cada fiel e devoto busque participar ativamente das celebra\u00e7\u00f5es em sua par\u00f3quia de origem, caso n\u00e3o haja esta possibilidade, o Canal Padre Eust\u00e1quio, no YouTube, ir\u00e1 transmitir todas as celebra\u00e7\u00f5es previstas na liturgia da Igreja para este momento maior da nossa f\u00e9.\" \/>\n<meta name=\"robots\" content=\"index, follow, max-snippet:-1, max-image-preview:large, max-video-preview:-1\" \/>\n<link rel=\"canonical\" href=\"https:\/\/www.padreeustaquio.com.br\/es\/canal-padre-eustaquio-transmitira-celebraciones-de-semana-santa-en-bh\/\" \/>\n<meta property=\"og:locale\" content=\"es_ES\" \/>\n<meta property=\"og:type\" content=\"article\" \/>\n<meta property=\"og:title\" content=\"Canal Padre Eust\u00e1quio transmitir\u00e1 celebra\u00e7\u00f5es da Semana Santa em BH\" \/>\n<meta property=\"og:description\" content=\"O convite \u00e9 para que cada fiel e devoto busque participar ativamente das celebra\u00e7\u00f5es em sua par\u00f3quia de origem, caso n\u00e3o haja esta possibilidade, o Canal Padre Eust\u00e1quio, no YouTube, ir\u00e1 transmitir todas as celebra\u00e7\u00f5es previstas na liturgia da Igreja para este momento maior da nossa f\u00e9.\" \/>\n<meta property=\"og:url\" content=\"https:\/\/www.padreeustaquio.com.br\/es\/canal-padre-eustaquio-transmitira-celebraciones-de-semana-santa-en-bh\/\" \/>\n<meta property=\"og:site_name\" content=\"Padre Eust\u00e1quio\" \/>\n<meta property=\"article:publisher\" content=\"https:\/\/www.facebook.com\/beatopadreeustaquio\/\" \/>\n<meta property=\"article:published_time\" content=\"2024-03-20T09:53:34+00:00\" \/>\n<meta property=\"og:image\" content=\"https:\/\/www.padreeustaquio.com.br\/wp-content\/uploads\/2024\/03\/semana-santa-no-santuario-da-saude-e-da-paz-em-bh-e1710702944180.jpeg\" \/>\n\t<meta property=\"og:image:width\" content=\"1200\" \/>\n\t<meta property=\"og:image:height\" content=\"736\" \/>\n\t<meta property=\"og:image:type\" content=\"image\/jpeg\" \/>\n<meta name=\"author\" content=\"@sscc\" \/>\n<meta name=\"twitter:card\" content=\"summary_large_image\" \/>\n<meta name=\"twitter:creator\" content=\"@beatopeustaquio\" \/>\n<meta name=\"twitter:site\" content=\"@beatopeustaquio\" \/>\n<meta name=\"twitter:label1\" content=\"Escrito por\" \/>\n\t<meta name=\"twitter:data1\" content=\"@sscc\" \/>\n\t<meta name=\"twitter:label2\" content=\"Tiempo de lectura\" \/>\n\t<meta name=\"twitter:data2\" content=\"2 minutos\" \/>\n<script type=\"application\/ld+json\" class=\"yoast-schema-graph\">{\"@context\":\"https:\/\/schema.org\",\"@graph\":[{\"@type\":\"Article\",\"@id\":\"https:\/\/www.padreeustaquio.com.br\/canal-padre-eustaquio-transmitira-celebracoes-da-semana-santa-em-bh\/#article\",\"isPartOf\":{\"@id\":\"https:\/\/www.padreeustaquio.com.br\/canal-padre-eustaquio-transmitira-celebracoes-da-semana-santa-em-bh\/\"},\"author\":{\"name\":\"@sscc\",\"@id\":\"https:\/\/www.padreeustaquio.com.br\/#\/schema\/person\/a2a51db1d00f1a7af0204a0f1ddb1566\"},\"headline\":\"Canal Padre Eust\u00e1quio transmitir\u00e1 celebra\u00e7\u00f5es da Semana Santa em BH\",\"datePublished\":\"2024-03-20T09:53:34+00:00\",\"mainEntityOfPage\":{\"@id\":\"https:\/\/www.padreeustaquio.com.br\/canal-padre-eustaquio-transmitira-celebracoes-da-semana-santa-em-bh\/\"},\"wordCount\":369,\"commentCount\":0,\"publisher\":{\"@id\":\"https:\/\/www.padreeustaquio.com.br\/#organization\"},\"image\":{\"@id\":\"https:\/\/www.padreeustaquio.com.br\/canal-padre-eustaquio-transmitira-celebracoes-da-semana-santa-em-bh\/#primaryimage\"},\"thumbnailUrl\":\"https:\/\/www.padreeustaquio.com.br\/wp-content\/uploads\/2024\/03\/semana-santa-no-santuario-da-saude-e-da-paz-em-bh-e1710702944180.jpeg\",\"articleSection\":[\"Not\u00edcias\"],\"inLanguage\":\"es\",\"potentialAction\":[{\"@type\":\"CommentAction\",\"name\":\"Comment\",\"target\":[\"https:\/\/www.padreeustaquio.com.br\/canal-padre-eustaquio-transmitira-celebracoes-da-semana-santa-em-bh\/#respond\"]}]},{\"@type\":\"WebPage\",\"@id\":\"https:\/\/www.padreeustaquio.com.br\/canal-padre-eustaquio-transmitira-celebracoes-da-semana-santa-em-bh\/\",\"url\":\"https:\/\/www.padreeustaquio.com.br\/canal-padre-eustaquio-transmitira-celebracoes-da-semana-santa-em-bh\/\",\"name\":\"Canal Padre Eust\u00e1quio transmitir\u00e1 celebra\u00e7\u00f5es da Semana Santa em BH\",\"isPartOf\":{\"@id\":\"https:\/\/www.padreeustaquio.com.br\/#website\"},\"primaryImageOfPage\":{\"@id\":\"https:\/\/www.padreeustaquio.com.br\/canal-padre-eustaquio-transmitira-celebracoes-da-semana-santa-em-bh\/#primaryimage\"},\"image\":{\"@id\":\"https:\/\/www.padreeustaquio.com.br\/canal-padre-eustaquio-transmitira-celebracoes-da-semana-santa-em-bh\/#primaryimage\"},\"thumbnailUrl\":\"https:\/\/www.padreeustaquio.com.br\/wp-content\/uploads\/2024\/03\/semana-santa-no-santuario-da-saude-e-da-paz-em-bh-e1710702944180.jpeg\",\"datePublished\":\"2024-03-20T09:53:34+00:00\",\"description\":\"O convite \u00e9 para que cada fiel e devoto busque participar ativamente das celebra\u00e7\u00f5es em sua par\u00f3quia de origem, caso n\u00e3o haja esta possibilidade, o Canal Padre Eust\u00e1quio, no YouTube, ir\u00e1 transmitir todas as celebra\u00e7\u00f5es previstas na liturgia da Igreja para este momento maior da nossa f\u00e9.\",\"breadcrumb\":{\"@id\":\"https:\/\/www.padreeustaquio.com.br\/canal-padre-eustaquio-transmitira-celebracoes-da-semana-santa-em-bh\/#breadcrumb\"},\"inLanguage\":\"es\",\"potentialAction\":[{\"@type\":\"ReadAction\",\"target\":[\"https:\/\/www.padreeustaquio.com.br\/canal-padre-eustaquio-transmitira-celebracoes-da-semana-santa-em-bh\/\"]}]},{\"@type\":\"ImageObject\",\"inLanguage\":\"es\",\"@id\":\"https:\/\/www.padreeustaquio.com.br\/canal-padre-eustaquio-transmitira-celebracoes-da-semana-santa-em-bh\/#primaryimage\",\"url\":\"https:\/\/www.padreeustaquio.com.br\/wp-content\/uploads\/2024\/03\/semana-santa-no-santuario-da-saude-e-da-paz-em-bh-e1710702944180.jpeg\",\"contentUrl\":\"https:\/\/www.padreeustaquio.com.br\/wp-content\/uploads\/2024\/03\/semana-santa-no-santuario-da-saude-e-da-paz-em-bh-e1710702944180.jpeg\",\"width\":1200,\"height\":736},{\"@type\":\"BreadcrumbList\",\"@id\":\"https:\/\/www.padreeustaquio.com.br\/canal-padre-eustaquio-transmitira-celebracoes-da-semana-santa-em-bh\/#breadcrumb\",\"itemListElement\":[{\"@type\":\"ListItem\",\"position\":1,\"name\":\"In\u00edcio\",\"item\":\"https:\/\/www.padreeustaquio.com.br\/\"},{\"@type\":\"ListItem\",\"position\":2,\"name\":\"Canal Padre Eust\u00e1quio transmitir\u00e1 celebra\u00e7\u00f5es da Semana Santa em BH\"}]},{\"@type\":\"WebSite\",\"@id\":\"https:\/\/www.padreeustaquio.com.br\/#website\",\"url\":\"https:\/\/www.padreeustaquio.com.br\/\",\"name\":\"Padre Eust\u00e1quio\",\"description\":\"Sa\u00fade e Paz\",\"publisher\":{\"@id\":\"https:\/\/www.padreeustaquio.com.br\/#organization\"},\"potentialAction\":[{\"@type\":\"SearchAction\",\"target\":{\"@type\":\"EntryPoint\",\"urlTemplate\":\"https:\/\/www.padreeustaquio.com.br\/?s={search_term_string}\"},\"query-input\":{\"@type\":\"PropertyValueSpecification\",\"valueRequired\":true,\"valueName\":\"search_term_string\"}}],\"inLanguage\":\"es\"},{\"@type\":\"Organization\",\"@id\":\"https:\/\/www.padreeustaquio.com.br\/#organization\",\"name\":\"Padre Eust\u00e1quio\",\"url\":\"https:\/\/www.padreeustaquio.com.br\/\",\"logo\":{\"@type\":\"ImageObject\",\"inLanguage\":\"es\",\"@id\":\"https:\/\/www.padreeustaquio.com.br\/#\/schema\/logo\/image\/\",\"url\":\"https:\/\/www.padreeustaquio.com.br\/wp-content\/uploads\/2019\/08\/marca.png\",\"contentUrl\":\"https:\/\/www.padreeustaquio.com.br\/wp-content\/uploads\/2019\/08\/marca.png\",\"width\":350,\"height\":400,\"caption\":\"Padre Eust\u00e1quio\"},\"image\":{\"@id\":\"https:\/\/www.padreeustaquio.com.br\/#\/schema\/logo\/image\/\"},\"sameAs\":[\"https:\/\/www.facebook.com\/beatopadreeustaquio\/\",\"https:\/\/x.com\/beatopeustaquio\",\"https:\/\/www.instagram.com\/beatopadreeustaquio\/\",\"https:\/\/www.youtube.com\/channel\/UCRhw7vfabnajwLxb1ZXMeIw\"]},{\"@type\":\"Person\",\"@id\":\"https:\/\/www.padreeustaquio.com.br\/#\/schema\/person\/a2a51db1d00f1a7af0204a0f1ddb1566\",\"name\":\"@sscc\",\"image\":{\"@type\":\"ImageObject\",\"inLanguage\":\"es\",\"@id\":\"https:\/\/secure.gravatar.com\/avatar\/68cfafa5f44617fea54071e215026e0ff06be366c3d54a8425f04fdcb86f8c5f?s=96&d=mm&r=g\",\"url\":\"https:\/\/secure.gravatar.com\/avatar\/68cfafa5f44617fea54071e215026e0ff06be366c3d54a8425f04fdcb86f8c5f?s=96&d=mm&r=g\",\"contentUrl\":\"https:\/\/secure.gravatar.com\/avatar\/68cfafa5f44617fea54071e215026e0ff06be366c3d54a8425f04fdcb86f8c5f?s=96&d=mm&r=g\",\"caption\":\"@sscc\"},\"url\":\"https:\/\/www.padreeustaquio.com.br\/es\/author\/sscc\/\"}]}<\/script>\n<!-- \/ Yoast SEO plugin. -->","yoast_head_json":{"title":"Canal Padre Eust\u00e1quio transmitir\u00e1 las celebraciones de Semana Santa en Belo Horizonte.","description":"Se invita a todos los fieles y devotos a participar activamente en las celebraciones de su parroquia de origen. De no ser posible, el Canal Padre Eust\u00e1quio en YouTube transmitir\u00e1 todas las celebraciones programadas en la liturgia de la Iglesia para este momento tan importante de nuestra fe.","robots":{"index":"index","follow":"follow","max-snippet":"max-snippet:-1","max-image-preview":"max-image-preview:large","max-video-preview":"max-video-preview:-1"},"canonical":"https:\/\/www.padreeustaquio.com.br\/es\/canal-padre-eustaquio-transmitira-celebraciones-de-semana-santa-en-bh\/","og_locale":"es_ES","og_type":"article","og_title":"Canal Padre Eust\u00e1quio transmitir\u00e1 celebra\u00e7\u00f5es da Semana Santa em BH","og_description":"O convite \u00e9 para que cada fiel e devoto busque participar ativamente das celebra\u00e7\u00f5es em sua par\u00f3quia de origem, caso n\u00e3o haja esta possibilidade, o Canal Padre Eust\u00e1quio, no YouTube, ir\u00e1 transmitir todas as celebra\u00e7\u00f5es previstas na liturgia da Igreja para este momento maior da nossa f\u00e9.","og_url":"https:\/\/www.padreeustaquio.com.br\/es\/canal-padre-eustaquio-transmitira-celebraciones-de-semana-santa-en-bh\/","og_site_name":"Padre Eust\u00e1quio","article_publisher":"https:\/\/www.facebook.com\/beatopadreeustaquio\/","article_published_time":"2024-03-20T09:53:34+00:00","og_image":[{"width":1200,"height":736,"url":"https:\/\/www.padreeustaquio.com.br\/wp-content\/uploads\/2024\/03\/semana-santa-no-santuario-da-saude-e-da-paz-em-bh-e1710702944180.jpeg","type":"image\/jpeg"}],"author":"@sscc","twitter_card":"summary_large_image","twitter_creator":"@beatopeustaquio","twitter_site":"@beatopeustaquio","twitter_misc":{"Escrito por":"@sscc","Tiempo de lectura":"2 minutos"},"schema":{"@context":"https:\/\/schema.org","@graph":[{"@type":"Article","@id":"https:\/\/www.padreeustaquio.com.br\/canal-padre-eustaquio-transmitira-celebracoes-da-semana-santa-em-bh\/#article","isPartOf":{"@id":"https:\/\/www.padreeustaquio.com.br\/canal-padre-eustaquio-transmitira-celebracoes-da-semana-santa-em-bh\/"},"author":{"name":"@sscc","@id":"https:\/\/www.padreeustaquio.com.br\/#\/schema\/person\/a2a51db1d00f1a7af0204a0f1ddb1566"},"headline":"Canal Padre Eust\u00e1quio transmitir\u00e1 celebra\u00e7\u00f5es da Semana Santa em BH","datePublished":"2024-03-20T09:53:34+00:00","mainEntityOfPage":{"@id":"https:\/\/www.padreeustaquio.com.br\/canal-padre-eustaquio-transmitira-celebracoes-da-semana-santa-em-bh\/"},"wordCount":369,"commentCount":0,"publisher":{"@id":"https:\/\/www.padreeustaquio.com.br\/#organization"},"image":{"@id":"https:\/\/www.padreeustaquio.com.br\/canal-padre-eustaquio-transmitira-celebracoes-da-semana-santa-em-bh\/#primaryimage"},"thumbnailUrl":"https:\/\/www.padreeustaquio.com.br\/wp-content\/uploads\/2024\/03\/semana-santa-no-santuario-da-saude-e-da-paz-em-bh-e1710702944180.jpeg","articleSection":["Not\u00edcias"],"inLanguage":"es","potentialAction":[{"@type":"CommentAction","name":"Comment","target":["https:\/\/www.padreeustaquio.com.br\/canal-padre-eustaquio-transmitira-celebracoes-da-semana-santa-em-bh\/#respond"]}]},{"@type":"WebPage","@id":"https:\/\/www.padreeustaquio.com.br\/canal-padre-eustaquio-transmitira-celebracoes-da-semana-santa-em-bh\/","url":"https:\/\/www.padreeustaquio.com.br\/canal-padre-eustaquio-transmitira-celebracoes-da-semana-santa-em-bh\/","name":"Canal Padre Eust\u00e1quio transmitir\u00e1 las celebraciones de Semana Santa en Belo Horizonte.","isPartOf":{"@id":"https:\/\/www.padreeustaquio.com.br\/#website"},"primaryImageOfPage":{"@id":"https:\/\/www.padreeustaquio.com.br\/canal-padre-eustaquio-transmitira-celebracoes-da-semana-santa-em-bh\/#primaryimage"},"image":{"@id":"https:\/\/www.padreeustaquio.com.br\/canal-padre-eustaquio-transmitira-celebracoes-da-semana-santa-em-bh\/#primaryimage"},"thumbnailUrl":"https:\/\/www.padreeustaquio.com.br\/wp-content\/uploads\/2024\/03\/semana-santa-no-santuario-da-saude-e-da-paz-em-bh-e1710702944180.jpeg","datePublished":"2024-03-20T09:53:34+00:00","description":"Se invita a todos los fieles y devotos a participar activamente en las celebraciones de su parroquia de origen. De no ser posible, el Canal Padre Eust\u00e1quio en YouTube transmitir\u00e1 todas las celebraciones programadas en la liturgia de la Iglesia para este momento tan importante de nuestra fe.","breadcrumb":{"@id":"https:\/\/www.padreeustaquio.com.br\/canal-padre-eustaquio-transmitira-celebracoes-da-semana-santa-em-bh\/#breadcrumb"},"inLanguage":"es","potentialAction":[{"@type":"ReadAction","target":["https:\/\/www.padreeustaquio.com.br\/canal-padre-eustaquio-transmitira-celebracoes-da-semana-santa-em-bh\/"]}]},{"@type":"ImageObject","inLanguage":"es","@id":"https:\/\/www.padreeustaquio.com.br\/canal-padre-eustaquio-transmitira-celebracoes-da-semana-santa-em-bh\/#primaryimage","url":"https:\/\/www.padreeustaquio.com.br\/wp-content\/uploads\/2024\/03\/semana-santa-no-santuario-da-saude-e-da-paz-em-bh-e1710702944180.jpeg","contentUrl":"https:\/\/www.padreeustaquio.com.br\/wp-content\/uploads\/2024\/03\/semana-santa-no-santuario-da-saude-e-da-paz-em-bh-e1710702944180.jpeg","width":1200,"height":736},{"@type":"BreadcrumbList","@id":"https:\/\/www.padreeustaquio.com.br\/canal-padre-eustaquio-transmitira-celebracoes-da-semana-santa-em-bh\/#breadcrumb","itemListElement":[{"@type":"ListItem","position":1,"name":"In\u00edcio","item":"https:\/\/www.padreeustaquio.com.br\/"},{"@type":"ListItem","position":2,"name":"Canal Padre Eust\u00e1quio transmitir\u00e1 celebra\u00e7\u00f5es da Semana Santa em BH"}]},{"@type":"WebSite","@id":"https:\/\/www.padreeustaquio.com.br\/#website","url":"https:\/\/www.padreeustaquio.com.br\/","name":"Padre Eustace","description":"Salud y Paz","publisher":{"@id":"https:\/\/www.padreeustaquio.com.br\/#organization"},"potentialAction":[{"@type":"SearchAction","target":{"@type":"EntryPoint","urlTemplate":"https:\/\/www.padreeustaquio.com.br\/?s={search_term_string}"},"query-input":{"@type":"PropertyValueSpecification","valueRequired":true,"valueName":"search_term_string"}}],"inLanguage":"es"},{"@type":"Organization","@id":"https:\/\/www.padreeustaquio.com.br\/#organization","name":"Padre Eustace","url":"https:\/\/www.padreeustaquio.com.br\/","logo":{"@type":"ImageObject","inLanguage":"es","@id":"https:\/\/www.padreeustaquio.com.br\/#\/schema\/logo\/image\/","url":"https:\/\/www.padreeustaquio.com.br\/wp-content\/uploads\/2019\/08\/marca.png","contentUrl":"https:\/\/www.padreeustaquio.com.br\/wp-content\/uploads\/2019\/08\/marca.png","width":350,"height":400,"caption":"Padre Eust\u00e1quio"},"image":{"@id":"https:\/\/www.padreeustaquio.com.br\/#\/schema\/logo\/image\/"},"sameAs":["https:\/\/www.facebook.com\/beatopadreeustaquio\/","https:\/\/x.com\/beatopeustaquio","https:\/\/www.instagram.com\/beatopadreeustaquio\/","https:\/\/www.youtube.com\/channel\/UCRhw7vfabnajwLxb1ZXMeIw"]},{"@type":"Person","@id":"https:\/\/www.padreeustaquio.com.br\/#\/schema\/person\/a2a51db1d00f1a7af0204a0f1ddb1566","name":"@sscc","image":{"@type":"ImageObject","inLanguage":"es","@id":"https:\/\/secure.gravatar.com\/avatar\/68cfafa5f44617fea54071e215026e0ff06be366c3d54a8425f04fdcb86f8c5f?s=96&d=mm&r=g","url":"https:\/\/secure.gravatar.com\/avatar\/68cfafa5f44617fea54071e215026e0ff06be366c3d54a8425f04fdcb86f8c5f?s=96&d=mm&r=g","contentUrl":"https:\/\/secure.gravatar.com\/avatar\/68cfafa5f44617fea54071e215026e0ff06be366c3d54a8425f04fdcb86f8c5f?s=96&d=mm&r=g","caption":"@sscc"},"url":"https:\/\/www.padreeustaquio.com.br\/es\/author\/sscc\/"}]}},"_links":{"self":[{"href":"https:\/\/www.padreeustaquio.com.br\/es\/wp-json\/wp\/v2\/posts\/11147","targetHints":{"allow":["GET"]}}],"collection":[{"href":"https:\/\/www.padreeustaquio.com.br\/es\/wp-json\/wp\/v2\/posts"}],"about":[{"href":"https:\/\/www.padreeustaquio.com.br\/es\/wp-json\/wp\/v2\/types\/post"}],"author":[{"embeddable":true,"href":"https:\/\/www.padreeustaquio.com.br\/es\/wp-json\/wp\/v2\/users\/2"}],"replies":[{"embeddable":true,"href":"https:\/\/www.padreeustaquio.com.br\/es\/wp-json\/wp\/v2\/comments?post=11147"}],"version-history":[{"count":0,"href":"https:\/\/www.padreeustaquio.com.br\/es\/wp-json\/wp\/v2\/posts\/11147\/revisions"}],"wp:featuredmedia":[{"embeddable":true,"href":"https:\/\/www.padreeustaquio.com.br\/es\/wp-json\/wp\/v2\/media\/11148"}],"wp:attachment":[{"href":"https:\/\/www.padreeustaquio.com.br\/es\/wp-json\/wp\/v2\/media?parent=11147"}],"wp:term":[{"taxonomy":"category","embeddable":true,"href":"https:\/\/www.padreeustaquio.com.br\/es\/wp-json\/wp\/v2\/categories?post=11147"},{"taxonomy":"post_tag","embeddable":true,"href":"https:\/\/www.padreeustaquio.com.br\/es\/wp-json\/wp\/v2\/tags?post=11147"}],"curies":[{"name":"wp","href":"https:\/\/api.w.org\/{rel}","templated":true}]}}