{"id":11143,"date":"2024-03-18T06:41:26","date_gmt":"2024-03-18T09:41:26","guid":{"rendered":"https:\/\/www.padreeustaquio.com.br\/?p=11143"},"modified":"2024-03-18T08:37:46","modified_gmt":"2024-03-18T11:37:46","slug":"el-museo-padre-eustaquio-en-belo-horizonte-mg-recibira-ascensor-y-aire-acondicionado","status":"publish","type":"post","link":"https:\/\/www.padreeustaquio.com.br\/es\/el-museo-padre-eustaquio-en-belo-horizonte-mg-recibira-ascensor-y-aire-acondicionado\/","title":{"rendered":"El Museo Padre Eust\u00e1quio en Belo Horizonte, Minas Gerais, recibir\u00e1 ascensor y aire acondicionado."},"content":{"rendered":"<p>El Museo Padre Eust\u00e1quio en Belo Horizonte, Minas Gerais, ha estado en obras de renovaci\u00f3n en los \u00faltimos d\u00edas. Pr\u00f3ximamente, el recinto contar\u00e1 con un ascensor y aire acondicionado.<\/p>\n<p>Las mejoras fueron anunciadas la semana pasada por el vicepostulador de la Causa de Canonizaci\u00f3n del Beato, Padre Vin\u00edcius Maciel, sscc, y ya est\u00e1n en marcha.<\/p>\n<p>Las obras, cuya finalizaci\u00f3n est\u00e1 prevista en 60 d\u00edas, s\u00f3lo fueron posibles gracias a la generosidad de los devotos y a un proyecto elaborado por la Acci\u00f3n Social Padre Eust\u00e1quio y presentado a la Secretar\u00eda de Cultura, que consigui\u00f3 financiaci\u00f3n a trav\u00e9s de una enmienda parlamentaria realizada por el diputado Jo\u00e3o Vitor Xavier (Cidadania).<\/p>\n<p>Muy pronto la comunidad y los devotos del Beato Padre Eustaquio podr\u00e1n disfrutar de los resultados, especialmente aquellos con dificultades de movilidad.<\/p>\n<p>El Museo Padre Eust\u00e1quio se inaugur\u00f3 el 30 de agosto del a\u00f1o pasado, fecha en que se celebra la festividad lit\u00fargica del Beato. All\u00ed se exhibe parte de una extensa colecci\u00f3n relacionada con el Beato.<\/p>","protected":false},"excerpt":{"rendered":"<p>O Museu Padre Eust\u00e1quio, em Belo Horizonte-MG, est\u00e1 passando por uma obra complementar nos \u00faltimos dias. Em breve, o local ir\u00e1 receber um elevador e aparelhos de ar-condicionado. As melhorias foram anunciadas pelo vice-postulador da Causa de Canoniza\u00e7\u00e3o do Bem-aventurado, padre Vin\u00edcius Maciel, sscc, na semana passada e j\u00e1 est\u00e3o em fase de execu\u00e7\u00e3o. As obras, que devem ser conclu\u00eddas em 60 dias, s\u00f3 foram poss\u00edveis gra\u00e7as \u00e0 generosidade dos devotos e a um projeto elaborado pela A\u00e7\u00e3o Social Padre Eust\u00e1quio e entregue \u00e0 Secretaria de Cultura, que possibilitou uma verba por meio de uma emenda parlamentar feita pelo deputado [&hellip;]<\/p>\n","protected":false},"author":2,"featured_media":11144,"comment_status":"open","ping_status":"closed","sticky":false,"template":"","format":"standard","meta":{"_acf_changed":false,"footnotes":""},"categories":[611],"tags":[],"class_list":["post-11143","post","type-post","status-publish","format-standard","has-post-thumbnail","hentry","category-noticias"],"acf":[],"yoast_head":"<!-- This site is optimized with the Yoast SEO plugin v27.2 - https:\/\/yoast.com\/product\/yoast-seo-wordpress\/ -->\n<title>Museu Padre Eust\u00e1quio, de Belo Horizonte-MG, vai receber elevador e ar-condicionado<\/title>\n<meta name=\"description\" content=\"O Museu Padre Eust\u00e1quio, em Belo Horizonte-MG, est\u00e1 passando por uma obra complementar nos \u00faltimos dias. Em breve, o local ir\u00e1 receber um elevador e aparelhos de ar-condicionado.\" \/>\n<meta name=\"robots\" content=\"index, follow, max-snippet:-1, max-image-preview:large, max-video-preview:-1\" \/>\n<link rel=\"canonical\" href=\"https:\/\/www.padreeustaquio.com.br\/es\/el-museo-padre-eustaquio-en-belo-horizonte-mg-recibira-ascensor-y-aire-acondicionado\/\" \/>\n<meta property=\"og:locale\" content=\"es_ES\" \/>\n<meta property=\"og:type\" content=\"article\" \/>\n<meta property=\"og:title\" content=\"Museu Padre Eust\u00e1quio, de Belo Horizonte-MG, vai receber elevador e ar-condicionado\" \/>\n<meta property=\"og:description\" content=\"O Museu Padre Eust\u00e1quio, em Belo Horizonte-MG, est\u00e1 passando por uma obra complementar nos \u00faltimos dias. Em breve, o local ir\u00e1 receber um elevador e aparelhos de ar-condicionado.\" \/>\n<meta property=\"og:url\" content=\"https:\/\/www.padreeustaquio.com.br\/es\/el-museo-padre-eustaquio-en-belo-horizonte-mg-recibira-ascensor-y-aire-acondicionado\/\" \/>\n<meta property=\"og:site_name\" content=\"Padre Eust\u00e1quio\" \/>\n<meta property=\"article:publisher\" content=\"https:\/\/www.facebook.com\/beatopadreeustaquio\/\" \/>\n<meta property=\"article:published_time\" content=\"2024-03-18T09:41:26+00:00\" \/>\n<meta property=\"article:modified_time\" content=\"2024-03-18T11:37:46+00:00\" \/>\n<meta property=\"og:image\" content=\"https:\/\/www.padreeustaquio.com.br\/wp-content\/uploads\/2024\/03\/obras-do-elevator-no-museu-padre-eustaquio-bh.jpeg\" \/>\n\t<meta property=\"og:image:width\" content=\"1600\" \/>\n\t<meta property=\"og:image:height\" content=\"1200\" \/>\n\t<meta property=\"og:image:type\" content=\"image\/jpeg\" \/>\n<meta name=\"author\" content=\"@sscc\" \/>\n<meta name=\"twitter:card\" content=\"summary_large_image\" \/>\n<meta name=\"twitter:creator\" content=\"@beatopeustaquio\" \/>\n<meta name=\"twitter:site\" content=\"@beatopeustaquio\" \/>\n<meta name=\"twitter:label1\" content=\"Escrito por\" \/>\n\t<meta name=\"twitter:data1\" content=\"@sscc\" \/>\n\t<meta name=\"twitter:label2\" content=\"Tiempo de lectura\" \/>\n\t<meta name=\"twitter:data2\" content=\"2 minutos\" \/>\n<script type=\"application\/ld+json\" class=\"yoast-schema-graph\">{\"@context\":\"https:\/\/schema.org\",\"@graph\":[{\"@type\":\"Article\",\"@id\":\"https:\/\/www.padreeustaquio.com.br\/museu-padre-eustaquio-de-belo-horizonte-mg-vai-receber-elevador-e-ar-condicionado\/#article\",\"isPartOf\":{\"@id\":\"https:\/\/www.padreeustaquio.com.br\/museu-padre-eustaquio-de-belo-horizonte-mg-vai-receber-elevador-e-ar-condicionado\/\"},\"author\":{\"name\":\"@sscc\",\"@id\":\"https:\/\/www.padreeustaquio.com.br\/#\/schema\/person\/a2a51db1d00f1a7af0204a0f1ddb1566\"},\"headline\":\"Museu Padre Eust\u00e1quio, de Belo Horizonte-MG, vai receber elevador e ar-condicionado\",\"datePublished\":\"2024-03-18T09:41:26+00:00\",\"dateModified\":\"2024-03-18T11:37:46+00:00\",\"mainEntityOfPage\":{\"@id\":\"https:\/\/www.padreeustaquio.com.br\/museu-padre-eustaquio-de-belo-horizonte-mg-vai-receber-elevador-e-ar-condicionado\/\"},\"wordCount\":188,\"commentCount\":0,\"publisher\":{\"@id\":\"https:\/\/www.padreeustaquio.com.br\/#organization\"},\"image\":{\"@id\":\"https:\/\/www.padreeustaquio.com.br\/museu-padre-eustaquio-de-belo-horizonte-mg-vai-receber-elevador-e-ar-condicionado\/#primaryimage\"},\"thumbnailUrl\":\"https:\/\/www.padreeustaquio.com.br\/wp-content\/uploads\/2024\/03\/obras-do-elevator-no-museu-padre-eustaquio-bh.jpeg\",\"articleSection\":[\"Not\u00edcias\"],\"inLanguage\":\"es\",\"potentialAction\":[{\"@type\":\"CommentAction\",\"name\":\"Comment\",\"target\":[\"https:\/\/www.padreeustaquio.com.br\/museu-padre-eustaquio-de-belo-horizonte-mg-vai-receber-elevador-e-ar-condicionado\/#respond\"]}]},{\"@type\":\"WebPage\",\"@id\":\"https:\/\/www.padreeustaquio.com.br\/museu-padre-eustaquio-de-belo-horizonte-mg-vai-receber-elevador-e-ar-condicionado\/\",\"url\":\"https:\/\/www.padreeustaquio.com.br\/museu-padre-eustaquio-de-belo-horizonte-mg-vai-receber-elevador-e-ar-condicionado\/\",\"name\":\"Museu Padre Eust\u00e1quio, de Belo Horizonte-MG, vai receber elevador e ar-condicionado\",\"isPartOf\":{\"@id\":\"https:\/\/www.padreeustaquio.com.br\/#website\"},\"primaryImageOfPage\":{\"@id\":\"https:\/\/www.padreeustaquio.com.br\/museu-padre-eustaquio-de-belo-horizonte-mg-vai-receber-elevador-e-ar-condicionado\/#primaryimage\"},\"image\":{\"@id\":\"https:\/\/www.padreeustaquio.com.br\/museu-padre-eustaquio-de-belo-horizonte-mg-vai-receber-elevador-e-ar-condicionado\/#primaryimage\"},\"thumbnailUrl\":\"https:\/\/www.padreeustaquio.com.br\/wp-content\/uploads\/2024\/03\/obras-do-elevator-no-museu-padre-eustaquio-bh.jpeg\",\"datePublished\":\"2024-03-18T09:41:26+00:00\",\"dateModified\":\"2024-03-18T11:37:46+00:00\",\"description\":\"O Museu Padre Eust\u00e1quio, em Belo Horizonte-MG, est\u00e1 passando por uma obra complementar nos \u00faltimos dias. Em breve, o local ir\u00e1 receber um elevador e aparelhos de ar-condicionado.\",\"breadcrumb\":{\"@id\":\"https:\/\/www.padreeustaquio.com.br\/museu-padre-eustaquio-de-belo-horizonte-mg-vai-receber-elevador-e-ar-condicionado\/#breadcrumb\"},\"inLanguage\":\"es\",\"potentialAction\":[{\"@type\":\"ReadAction\",\"target\":[\"https:\/\/www.padreeustaquio.com.br\/museu-padre-eustaquio-de-belo-horizonte-mg-vai-receber-elevador-e-ar-condicionado\/\"]}]},{\"@type\":\"ImageObject\",\"inLanguage\":\"es\",\"@id\":\"https:\/\/www.padreeustaquio.com.br\/museu-padre-eustaquio-de-belo-horizonte-mg-vai-receber-elevador-e-ar-condicionado\/#primaryimage\",\"url\":\"https:\/\/www.padreeustaquio.com.br\/wp-content\/uploads\/2024\/03\/obras-do-elevator-no-museu-padre-eustaquio-bh.jpeg\",\"contentUrl\":\"https:\/\/www.padreeustaquio.com.br\/wp-content\/uploads\/2024\/03\/obras-do-elevator-no-museu-padre-eustaquio-bh.jpeg\",\"width\":1600,\"height\":1200},{\"@type\":\"BreadcrumbList\",\"@id\":\"https:\/\/www.padreeustaquio.com.br\/museu-padre-eustaquio-de-belo-horizonte-mg-vai-receber-elevador-e-ar-condicionado\/#breadcrumb\",\"itemListElement\":[{\"@type\":\"ListItem\",\"position\":1,\"name\":\"In\u00edcio\",\"item\":\"https:\/\/www.padreeustaquio.com.br\/\"},{\"@type\":\"ListItem\",\"position\":2,\"name\":\"Museu Padre Eust\u00e1quio, de Belo Horizonte-MG, vai receber elevador e ar-condicionado\"}]},{\"@type\":\"WebSite\",\"@id\":\"https:\/\/www.padreeustaquio.com.br\/#website\",\"url\":\"https:\/\/www.padreeustaquio.com.br\/\",\"name\":\"Padre Eust\u00e1quio\",\"description\":\"Sa\u00fade e Paz\",\"publisher\":{\"@id\":\"https:\/\/www.padreeustaquio.com.br\/#organization\"},\"potentialAction\":[{\"@type\":\"SearchAction\",\"target\":{\"@type\":\"EntryPoint\",\"urlTemplate\":\"https:\/\/www.padreeustaquio.com.br\/?s={search_term_string}\"},\"query-input\":{\"@type\":\"PropertyValueSpecification\",\"valueRequired\":true,\"valueName\":\"search_term_string\"}}],\"inLanguage\":\"es\"},{\"@type\":\"Organization\",\"@id\":\"https:\/\/www.padreeustaquio.com.br\/#organization\",\"name\":\"Padre Eust\u00e1quio\",\"url\":\"https:\/\/www.padreeustaquio.com.br\/\",\"logo\":{\"@type\":\"ImageObject\",\"inLanguage\":\"es\",\"@id\":\"https:\/\/www.padreeustaquio.com.br\/#\/schema\/logo\/image\/\",\"url\":\"https:\/\/www.padreeustaquio.com.br\/wp-content\/uploads\/2019\/08\/marca.png\",\"contentUrl\":\"https:\/\/www.padreeustaquio.com.br\/wp-content\/uploads\/2019\/08\/marca.png\",\"width\":350,\"height\":400,\"caption\":\"Padre Eust\u00e1quio\"},\"image\":{\"@id\":\"https:\/\/www.padreeustaquio.com.br\/#\/schema\/logo\/image\/\"},\"sameAs\":[\"https:\/\/www.facebook.com\/beatopadreeustaquio\/\",\"https:\/\/x.com\/beatopeustaquio\",\"https:\/\/www.instagram.com\/beatopadreeustaquio\/\",\"https:\/\/www.youtube.com\/channel\/UCRhw7vfabnajwLxb1ZXMeIw\"]},{\"@type\":\"Person\",\"@id\":\"https:\/\/www.padreeustaquio.com.br\/#\/schema\/person\/a2a51db1d00f1a7af0204a0f1ddb1566\",\"name\":\"@sscc\",\"image\":{\"@type\":\"ImageObject\",\"inLanguage\":\"es\",\"@id\":\"https:\/\/secure.gravatar.com\/avatar\/68cfafa5f44617fea54071e215026e0ff06be366c3d54a8425f04fdcb86f8c5f?s=96&d=mm&r=g\",\"url\":\"https:\/\/secure.gravatar.com\/avatar\/68cfafa5f44617fea54071e215026e0ff06be366c3d54a8425f04fdcb86f8c5f?s=96&d=mm&r=g\",\"contentUrl\":\"https:\/\/secure.gravatar.com\/avatar\/68cfafa5f44617fea54071e215026e0ff06be366c3d54a8425f04fdcb86f8c5f?s=96&d=mm&r=g\",\"caption\":\"@sscc\"},\"url\":\"https:\/\/www.padreeustaquio.com.br\/es\/author\/sscc\/\"}]}<\/script>\n<!-- \/ Yoast SEO plugin. -->","yoast_head_json":{"title":"El Museo Padre Eust\u00e1quio en Belo Horizonte, Minas Gerais, recibir\u00e1 ascensor y aire acondicionado.","description":"El Museo Padre Eust\u00e1quio en Belo Horizonte, Minas Gerais, ha estado en obras de renovaci\u00f3n en los \u00faltimos d\u00edas. Pr\u00f3ximamente, el recinto contar\u00e1 con un ascensor y aire acondicionado.","robots":{"index":"index","follow":"follow","max-snippet":"max-snippet:-1","max-image-preview":"max-image-preview:large","max-video-preview":"max-video-preview:-1"},"canonical":"https:\/\/www.padreeustaquio.com.br\/es\/el-museo-padre-eustaquio-en-belo-horizonte-mg-recibira-ascensor-y-aire-acondicionado\/","og_locale":"es_ES","og_type":"article","og_title":"Museu Padre Eust\u00e1quio, de Belo Horizonte-MG, vai receber elevador e ar-condicionado","og_description":"O Museu Padre Eust\u00e1quio, em Belo Horizonte-MG, est\u00e1 passando por uma obra complementar nos \u00faltimos dias. Em breve, o local ir\u00e1 receber um elevador e aparelhos de ar-condicionado.","og_url":"https:\/\/www.padreeustaquio.com.br\/es\/el-museo-padre-eustaquio-en-belo-horizonte-mg-recibira-ascensor-y-aire-acondicionado\/","og_site_name":"Padre Eust\u00e1quio","article_publisher":"https:\/\/www.facebook.com\/beatopadreeustaquio\/","article_published_time":"2024-03-18T09:41:26+00:00","article_modified_time":"2024-03-18T11:37:46+00:00","og_image":[{"width":1600,"height":1200,"url":"https:\/\/www.padreeustaquio.com.br\/wp-content\/uploads\/2024\/03\/obras-do-elevator-no-museu-padre-eustaquio-bh.jpeg","type":"image\/jpeg"}],"author":"@sscc","twitter_card":"summary_large_image","twitter_creator":"@beatopeustaquio","twitter_site":"@beatopeustaquio","twitter_misc":{"Escrito por":"@sscc","Tiempo de lectura":"2 minutos"},"schema":{"@context":"https:\/\/schema.org","@graph":[{"@type":"Article","@id":"https:\/\/www.padreeustaquio.com.br\/museu-padre-eustaquio-de-belo-horizonte-mg-vai-receber-elevador-e-ar-condicionado\/#article","isPartOf":{"@id":"https:\/\/www.padreeustaquio.com.br\/museu-padre-eustaquio-de-belo-horizonte-mg-vai-receber-elevador-e-ar-condicionado\/"},"author":{"name":"@sscc","@id":"https:\/\/www.padreeustaquio.com.br\/#\/schema\/person\/a2a51db1d00f1a7af0204a0f1ddb1566"},"headline":"Museu Padre Eust\u00e1quio, de Belo Horizonte-MG, vai receber elevador e ar-condicionado","datePublished":"2024-03-18T09:41:26+00:00","dateModified":"2024-03-18T11:37:46+00:00","mainEntityOfPage":{"@id":"https:\/\/www.padreeustaquio.com.br\/museu-padre-eustaquio-de-belo-horizonte-mg-vai-receber-elevador-e-ar-condicionado\/"},"wordCount":188,"commentCount":0,"publisher":{"@id":"https:\/\/www.padreeustaquio.com.br\/#organization"},"image":{"@id":"https:\/\/www.padreeustaquio.com.br\/museu-padre-eustaquio-de-belo-horizonte-mg-vai-receber-elevador-e-ar-condicionado\/#primaryimage"},"thumbnailUrl":"https:\/\/www.padreeustaquio.com.br\/wp-content\/uploads\/2024\/03\/obras-do-elevator-no-museu-padre-eustaquio-bh.jpeg","articleSection":["Not\u00edcias"],"inLanguage":"es","potentialAction":[{"@type":"CommentAction","name":"Comment","target":["https:\/\/www.padreeustaquio.com.br\/museu-padre-eustaquio-de-belo-horizonte-mg-vai-receber-elevador-e-ar-condicionado\/#respond"]}]},{"@type":"WebPage","@id":"https:\/\/www.padreeustaquio.com.br\/museu-padre-eustaquio-de-belo-horizonte-mg-vai-receber-elevador-e-ar-condicionado\/","url":"https:\/\/www.padreeustaquio.com.br\/museu-padre-eustaquio-de-belo-horizonte-mg-vai-receber-elevador-e-ar-condicionado\/","name":"El Museo Padre Eust\u00e1quio en Belo Horizonte, Minas Gerais, recibir\u00e1 ascensor y aire acondicionado.","isPartOf":{"@id":"https:\/\/www.padreeustaquio.com.br\/#website"},"primaryImageOfPage":{"@id":"https:\/\/www.padreeustaquio.com.br\/museu-padre-eustaquio-de-belo-horizonte-mg-vai-receber-elevador-e-ar-condicionado\/#primaryimage"},"image":{"@id":"https:\/\/www.padreeustaquio.com.br\/museu-padre-eustaquio-de-belo-horizonte-mg-vai-receber-elevador-e-ar-condicionado\/#primaryimage"},"thumbnailUrl":"https:\/\/www.padreeustaquio.com.br\/wp-content\/uploads\/2024\/03\/obras-do-elevator-no-museu-padre-eustaquio-bh.jpeg","datePublished":"2024-03-18T09:41:26+00:00","dateModified":"2024-03-18T11:37:46+00:00","description":"El Museo Padre Eust\u00e1quio en Belo Horizonte, Minas Gerais, ha estado en obras de renovaci\u00f3n en los \u00faltimos d\u00edas. Pr\u00f3ximamente, el recinto contar\u00e1 con un ascensor y aire acondicionado.","breadcrumb":{"@id":"https:\/\/www.padreeustaquio.com.br\/museu-padre-eustaquio-de-belo-horizonte-mg-vai-receber-elevador-e-ar-condicionado\/#breadcrumb"},"inLanguage":"es","potentialAction":[{"@type":"ReadAction","target":["https:\/\/www.padreeustaquio.com.br\/museu-padre-eustaquio-de-belo-horizonte-mg-vai-receber-elevador-e-ar-condicionado\/"]}]},{"@type":"ImageObject","inLanguage":"es","@id":"https:\/\/www.padreeustaquio.com.br\/museu-padre-eustaquio-de-belo-horizonte-mg-vai-receber-elevador-e-ar-condicionado\/#primaryimage","url":"https:\/\/www.padreeustaquio.com.br\/wp-content\/uploads\/2024\/03\/obras-do-elevator-no-museu-padre-eustaquio-bh.jpeg","contentUrl":"https:\/\/www.padreeustaquio.com.br\/wp-content\/uploads\/2024\/03\/obras-do-elevator-no-museu-padre-eustaquio-bh.jpeg","width":1600,"height":1200},{"@type":"BreadcrumbList","@id":"https:\/\/www.padreeustaquio.com.br\/museu-padre-eustaquio-de-belo-horizonte-mg-vai-receber-elevador-e-ar-condicionado\/#breadcrumb","itemListElement":[{"@type":"ListItem","position":1,"name":"In\u00edcio","item":"https:\/\/www.padreeustaquio.com.br\/"},{"@type":"ListItem","position":2,"name":"Museu Padre Eust\u00e1quio, de Belo Horizonte-MG, vai receber elevador e ar-condicionado"}]},{"@type":"WebSite","@id":"https:\/\/www.padreeustaquio.com.br\/#website","url":"https:\/\/www.padreeustaquio.com.br\/","name":"Padre Eustace","description":"Salud y Paz","publisher":{"@id":"https:\/\/www.padreeustaquio.com.br\/#organization"},"potentialAction":[{"@type":"SearchAction","target":{"@type":"EntryPoint","urlTemplate":"https:\/\/www.padreeustaquio.com.br\/?s={search_term_string}"},"query-input":{"@type":"PropertyValueSpecification","valueRequired":true,"valueName":"search_term_string"}}],"inLanguage":"es"},{"@type":"Organization","@id":"https:\/\/www.padreeustaquio.com.br\/#organization","name":"Padre Eustace","url":"https:\/\/www.padreeustaquio.com.br\/","logo":{"@type":"ImageObject","inLanguage":"es","@id":"https:\/\/www.padreeustaquio.com.br\/#\/schema\/logo\/image\/","url":"https:\/\/www.padreeustaquio.com.br\/wp-content\/uploads\/2019\/08\/marca.png","contentUrl":"https:\/\/www.padreeustaquio.com.br\/wp-content\/uploads\/2019\/08\/marca.png","width":350,"height":400,"caption":"Padre Eust\u00e1quio"},"image":{"@id":"https:\/\/www.padreeustaquio.com.br\/#\/schema\/logo\/image\/"},"sameAs":["https:\/\/www.facebook.com\/beatopadreeustaquio\/","https:\/\/x.com\/beatopeustaquio","https:\/\/www.instagram.com\/beatopadreeustaquio\/","https:\/\/www.youtube.com\/channel\/UCRhw7vfabnajwLxb1ZXMeIw"]},{"@type":"Person","@id":"https:\/\/www.padreeustaquio.com.br\/#\/schema\/person\/a2a51db1d00f1a7af0204a0f1ddb1566","name":"@sscc","image":{"@type":"ImageObject","inLanguage":"es","@id":"https:\/\/secure.gravatar.com\/avatar\/68cfafa5f44617fea54071e215026e0ff06be366c3d54a8425f04fdcb86f8c5f?s=96&d=mm&r=g","url":"https:\/\/secure.gravatar.com\/avatar\/68cfafa5f44617fea54071e215026e0ff06be366c3d54a8425f04fdcb86f8c5f?s=96&d=mm&r=g","contentUrl":"https:\/\/secure.gravatar.com\/avatar\/68cfafa5f44617fea54071e215026e0ff06be366c3d54a8425f04fdcb86f8c5f?s=96&d=mm&r=g","caption":"@sscc"},"url":"https:\/\/www.padreeustaquio.com.br\/es\/author\/sscc\/"}]}},"_links":{"self":[{"href":"https:\/\/www.padreeustaquio.com.br\/es\/wp-json\/wp\/v2\/posts\/11143","targetHints":{"allow":["GET"]}}],"collection":[{"href":"https:\/\/www.padreeustaquio.com.br\/es\/wp-json\/wp\/v2\/posts"}],"about":[{"href":"https:\/\/www.padreeustaquio.com.br\/es\/wp-json\/wp\/v2\/types\/post"}],"author":[{"embeddable":true,"href":"https:\/\/www.padreeustaquio.com.br\/es\/wp-json\/wp\/v2\/users\/2"}],"replies":[{"embeddable":true,"href":"https:\/\/www.padreeustaquio.com.br\/es\/wp-json\/wp\/v2\/comments?post=11143"}],"version-history":[{"count":0,"href":"https:\/\/www.padreeustaquio.com.br\/es\/wp-json\/wp\/v2\/posts\/11143\/revisions"}],"wp:featuredmedia":[{"embeddable":true,"href":"https:\/\/www.padreeustaquio.com.br\/es\/wp-json\/wp\/v2\/media\/11144"}],"wp:attachment":[{"href":"https:\/\/www.padreeustaquio.com.br\/es\/wp-json\/wp\/v2\/media?parent=11143"}],"wp:term":[{"taxonomy":"category","embeddable":true,"href":"https:\/\/www.padreeustaquio.com.br\/es\/wp-json\/wp\/v2\/categories?post=11143"},{"taxonomy":"post_tag","embeddable":true,"href":"https:\/\/www.padreeustaquio.com.br\/es\/wp-json\/wp\/v2\/tags?post=11143"}],"curies":[{"name":"wp","href":"https:\/\/api.w.org\/{rel}","templated":true}]}}