{"id":11123,"date":"2024-03-06T06:51:17","date_gmt":"2024-03-06T09:51:17","guid":{"rendered":"https:\/\/www.padreeustaquio.com.br\/?p=11123"},"modified":"2024-03-04T10:04:04","modified_gmt":"2024-03-04T13:04:04","slug":"devotos-de-patrocinio-rezan-por-la-canonizacion-del-beato-padre-eustaquio","status":"publish","type":"post","link":"https:\/\/www.padreeustaquio.com.br\/es\/devotos-de-patrocinio-rezan-por-la-canonizacion-del-beato-padre-eustaquio\/","title":{"rendered":"Devotos de Patroc\u00ednio rezan por la canonizaci\u00f3n del Beato Padre Eust\u00e1quio."},"content":{"rendered":"<p>Cada mes, la comunidad del Beato Eust\u00e1quio en Patroc\u00ednio, en la regi\u00f3n del Alto Parana\u00edba, Minas Gerais, se re\u00fane para celebrar la Santa Misa, pidiendo a Dios la canonizaci\u00f3n del Beato Padre Eust\u00e1quio. En esta ocasi\u00f3n, la celebraci\u00f3n tuvo lugar en casa de Do\u00f1a Luci Pereira.<\/p>\n<p>La reuni\u00f3n comunitaria tuvo lugar el jueves 29 de febrero. Antes de la Santa Misa, los devotos fueron recibidos por la Sra. Luci y, juntos, rezaron el Rosario, pidiendo tambi\u00e9n la canonizaci\u00f3n de la Beata. Inmediatamente despu\u00e9s, el Padre Geraldo Ab\u00edlio Ribeiro, ss.cc., presidi\u00f3 la Celebraci\u00f3n Eucar\u00edstica.<\/p>\n<p>En redes sociales, los devotos expresaron sus sentimientos. En una publicaci\u00f3n, Marilene Ferreira escribi\u00f3: <em>\u201c\u00a1Fue una celebraci\u00f3n llena de bendiciones de salud y paz! \u00a1Vengan a acompa\u00f1arnos a la comunidad Padre Eust\u00e1quio! \u00a1Salud y paz!\u201d<\/em> En otro comentario se mencion\u00f3 el tiempo de Cuaresma: <em>\u201cUn tiempo de conversi\u00f3n, una celebraci\u00f3n compartida muy emotiva. Que el Padre Eust\u00e1quio nos bendiga en este caminar en comunidad.\u201d<\/em> dijo el internauta.<\/p>\n<p>La pr\u00f3xima Misa en la Comunidad del Beato Eustaquio est\u00e1 programada para el 20 de marzo en la casa de Almir y Neide, y todos est\u00e1n invitados a participar y orar por la canonizaci\u00f3n del Beato Padre Eustaquio.<\/p>","protected":false},"excerpt":{"rendered":"<p>Todos os meses, a comunidade Beato Eust\u00e1quio, em Patroc\u00ednio, no Alto Parana\u00edba Mineiro, se re\u00fane para celebrar a Santa Missa pedindo a Deus pela canoniza\u00e7\u00e3o do Bem-Aventurado Padre Eust\u00e1quio. Desta vez, a celebra\u00e7\u00e3o foi na casa da Dona Luci Pereira. O encontro da comunidade foi realizado na quinta-feira, dia 29 de fevereiro. Antes da Santa Missa, os devotos foram recebidos pela dona Luci e, juntos, fizeram a medita\u00e7\u00e3o do Ter\u00e7o, tamb\u00e9m pedindo pela canoniza\u00e7\u00e3o do beato. Logo em seguida, o padre Geraldo Ab\u00edlio Ribeiro, ss.cc. presidiu a Celebra\u00e7\u00e3o Eucar\u00edstica. Nas redes sociais, os devotos se manifestaram. Em uma publica\u00e7\u00e3o, Marilene [&hellip;]<\/p>\n","protected":false},"author":2,"featured_media":11124,"comment_status":"open","ping_status":"closed","sticky":false,"template":"","format":"standard","meta":{"_acf_changed":false,"footnotes":""},"categories":[611],"tags":[],"class_list":["post-11123","post","type-post","status-publish","format-standard","has-post-thumbnail","hentry","category-noticias"],"acf":[],"yoast_head":"<!-- This site is optimized with the Yoast SEO plugin v27.2 - https:\/\/yoast.com\/product\/yoast-seo-wordpress\/ -->\n<title>Devotos de Patroc\u00ednio rezam pela canoniza\u00e7\u00e3o do Beato Padre Eust\u00e1quio<\/title>\n<meta name=\"description\" content=\"Todos os meses, a comunidade Beato Eust\u00e1quio, em Patroc\u00ednio, no Alto Parana\u00edba Mineiro, se re\u00fane para celebrar a Santa Missa pedindo a Deus pela canoniza\u00e7\u00e3o do Bem-Aventurado Padre Eust\u00e1quio. Desta vez, a celebra\u00e7\u00e3o foi na casa da Dona Luci Pereira.\" \/>\n<meta name=\"robots\" content=\"index, follow, max-snippet:-1, max-image-preview:large, max-video-preview:-1\" \/>\n<link rel=\"canonical\" href=\"https:\/\/www.padreeustaquio.com.br\/es\/devotos-de-patrocinio-rezan-por-la-canonizacion-del-beato-padre-eustaquio\/\" \/>\n<meta property=\"og:locale\" content=\"es_ES\" \/>\n<meta property=\"og:type\" content=\"article\" \/>\n<meta property=\"og:title\" content=\"Devotos de Patroc\u00ednio rezam pela canoniza\u00e7\u00e3o do Beato Padre Eust\u00e1quio\" \/>\n<meta property=\"og:description\" content=\"Todos os meses, a comunidade Beato Eust\u00e1quio, em Patroc\u00ednio, no Alto Parana\u00edba Mineiro, se re\u00fane para celebrar a Santa Missa pedindo a Deus pela canoniza\u00e7\u00e3o do Bem-Aventurado Padre Eust\u00e1quio. Desta vez, a celebra\u00e7\u00e3o foi na casa da Dona Luci Pereira.\" \/>\n<meta property=\"og:url\" content=\"https:\/\/www.padreeustaquio.com.br\/es\/devotos-de-patrocinio-rezan-por-la-canonizacion-del-beato-padre-eustaquio\/\" \/>\n<meta property=\"og:site_name\" content=\"Padre Eust\u00e1quio\" \/>\n<meta property=\"article:publisher\" content=\"https:\/\/www.facebook.com\/beatopadreeustaquio\/\" \/>\n<meta property=\"article:published_time\" content=\"2024-03-06T09:51:17+00:00\" \/>\n<meta property=\"og:image\" content=\"https:\/\/www.padreeustaquio.com.br\/wp-content\/uploads\/2024\/03\/missa-comunidade-padre-eustaquio-patrocinio-mg.jpg\" \/>\n\t<meta property=\"og:image:width\" content=\"1080\" \/>\n\t<meta property=\"og:image:height\" content=\"566\" \/>\n\t<meta property=\"og:image:type\" content=\"image\/jpeg\" \/>\n<meta name=\"author\" content=\"@sscc\" \/>\n<meta name=\"twitter:card\" content=\"summary_large_image\" \/>\n<meta name=\"twitter:creator\" content=\"@beatopeustaquio\" \/>\n<meta name=\"twitter:site\" content=\"@beatopeustaquio\" \/>\n<meta name=\"twitter:label1\" content=\"Escrito por\" \/>\n\t<meta name=\"twitter:data1\" content=\"@sscc\" \/>\n\t<meta name=\"twitter:label2\" content=\"Tiempo de lectura\" \/>\n\t<meta name=\"twitter:data2\" content=\"2 minutos\" \/>\n<script type=\"application\/ld+json\" class=\"yoast-schema-graph\">{\"@context\":\"https:\/\/schema.org\",\"@graph\":[{\"@type\":\"Article\",\"@id\":\"https:\/\/www.padreeustaquio.com.br\/devotos-de-patrocinio-rezam-pela-canonizacao-do-beato-padre-eustaquio\/#article\",\"isPartOf\":{\"@id\":\"https:\/\/www.padreeustaquio.com.br\/devotos-de-patrocinio-rezam-pela-canonizacao-do-beato-padre-eustaquio\/\"},\"author\":{\"name\":\"@sscc\",\"@id\":\"https:\/\/www.padreeustaquio.com.br\/#\/schema\/person\/a2a51db1d00f1a7af0204a0f1ddb1566\"},\"headline\":\"Devotos de Patroc\u00ednio rezam pela canoniza\u00e7\u00e3o do Beato Padre Eust\u00e1quio\",\"datePublished\":\"2024-03-06T09:51:17+00:00\",\"mainEntityOfPage\":{\"@id\":\"https:\/\/www.padreeustaquio.com.br\/devotos-de-patrocinio-rezam-pela-canonizacao-do-beato-padre-eustaquio\/\"},\"wordCount\":228,\"commentCount\":0,\"publisher\":{\"@id\":\"https:\/\/www.padreeustaquio.com.br\/#organization\"},\"image\":{\"@id\":\"https:\/\/www.padreeustaquio.com.br\/devotos-de-patrocinio-rezam-pela-canonizacao-do-beato-padre-eustaquio\/#primaryimage\"},\"thumbnailUrl\":\"https:\/\/www.padreeustaquio.com.br\/wp-content\/uploads\/2024\/03\/missa-comunidade-padre-eustaquio-patrocinio-mg.jpg\",\"articleSection\":[\"Not\u00edcias\"],\"inLanguage\":\"es\",\"potentialAction\":[{\"@type\":\"CommentAction\",\"name\":\"Comment\",\"target\":[\"https:\/\/www.padreeustaquio.com.br\/devotos-de-patrocinio-rezam-pela-canonizacao-do-beato-padre-eustaquio\/#respond\"]}]},{\"@type\":\"WebPage\",\"@id\":\"https:\/\/www.padreeustaquio.com.br\/devotos-de-patrocinio-rezam-pela-canonizacao-do-beato-padre-eustaquio\/\",\"url\":\"https:\/\/www.padreeustaquio.com.br\/devotos-de-patrocinio-rezam-pela-canonizacao-do-beato-padre-eustaquio\/\",\"name\":\"Devotos de Patroc\u00ednio rezam pela canoniza\u00e7\u00e3o do Beato Padre Eust\u00e1quio\",\"isPartOf\":{\"@id\":\"https:\/\/www.padreeustaquio.com.br\/#website\"},\"primaryImageOfPage\":{\"@id\":\"https:\/\/www.padreeustaquio.com.br\/devotos-de-patrocinio-rezam-pela-canonizacao-do-beato-padre-eustaquio\/#primaryimage\"},\"image\":{\"@id\":\"https:\/\/www.padreeustaquio.com.br\/devotos-de-patrocinio-rezam-pela-canonizacao-do-beato-padre-eustaquio\/#primaryimage\"},\"thumbnailUrl\":\"https:\/\/www.padreeustaquio.com.br\/wp-content\/uploads\/2024\/03\/missa-comunidade-padre-eustaquio-patrocinio-mg.jpg\",\"datePublished\":\"2024-03-06T09:51:17+00:00\",\"description\":\"Todos os meses, a comunidade Beato Eust\u00e1quio, em Patroc\u00ednio, no Alto Parana\u00edba Mineiro, se re\u00fane para celebrar a Santa Missa pedindo a Deus pela canoniza\u00e7\u00e3o do Bem-Aventurado Padre Eust\u00e1quio. Desta vez, a celebra\u00e7\u00e3o foi na casa da Dona Luci Pereira.\",\"breadcrumb\":{\"@id\":\"https:\/\/www.padreeustaquio.com.br\/devotos-de-patrocinio-rezam-pela-canonizacao-do-beato-padre-eustaquio\/#breadcrumb\"},\"inLanguage\":\"es\",\"potentialAction\":[{\"@type\":\"ReadAction\",\"target\":[\"https:\/\/www.padreeustaquio.com.br\/devotos-de-patrocinio-rezam-pela-canonizacao-do-beato-padre-eustaquio\/\"]}]},{\"@type\":\"ImageObject\",\"inLanguage\":\"es\",\"@id\":\"https:\/\/www.padreeustaquio.com.br\/devotos-de-patrocinio-rezam-pela-canonizacao-do-beato-padre-eustaquio\/#primaryimage\",\"url\":\"https:\/\/www.padreeustaquio.com.br\/wp-content\/uploads\/2024\/03\/missa-comunidade-padre-eustaquio-patrocinio-mg.jpg\",\"contentUrl\":\"https:\/\/www.padreeustaquio.com.br\/wp-content\/uploads\/2024\/03\/missa-comunidade-padre-eustaquio-patrocinio-mg.jpg\",\"width\":1080,\"height\":566},{\"@type\":\"BreadcrumbList\",\"@id\":\"https:\/\/www.padreeustaquio.com.br\/devotos-de-patrocinio-rezam-pela-canonizacao-do-beato-padre-eustaquio\/#breadcrumb\",\"itemListElement\":[{\"@type\":\"ListItem\",\"position\":1,\"name\":\"In\u00edcio\",\"item\":\"https:\/\/www.padreeustaquio.com.br\/\"},{\"@type\":\"ListItem\",\"position\":2,\"name\":\"Devotos de Patroc\u00ednio rezam pela canoniza\u00e7\u00e3o do Beato Padre Eust\u00e1quio\"}]},{\"@type\":\"WebSite\",\"@id\":\"https:\/\/www.padreeustaquio.com.br\/#website\",\"url\":\"https:\/\/www.padreeustaquio.com.br\/\",\"name\":\"Padre Eust\u00e1quio\",\"description\":\"Sa\u00fade e Paz\",\"publisher\":{\"@id\":\"https:\/\/www.padreeustaquio.com.br\/#organization\"},\"potentialAction\":[{\"@type\":\"SearchAction\",\"target\":{\"@type\":\"EntryPoint\",\"urlTemplate\":\"https:\/\/www.padreeustaquio.com.br\/?s={search_term_string}\"},\"query-input\":{\"@type\":\"PropertyValueSpecification\",\"valueRequired\":true,\"valueName\":\"search_term_string\"}}],\"inLanguage\":\"es\"},{\"@type\":\"Organization\",\"@id\":\"https:\/\/www.padreeustaquio.com.br\/#organization\",\"name\":\"Padre Eust\u00e1quio\",\"url\":\"https:\/\/www.padreeustaquio.com.br\/\",\"logo\":{\"@type\":\"ImageObject\",\"inLanguage\":\"es\",\"@id\":\"https:\/\/www.padreeustaquio.com.br\/#\/schema\/logo\/image\/\",\"url\":\"https:\/\/www.padreeustaquio.com.br\/wp-content\/uploads\/2019\/08\/marca.png\",\"contentUrl\":\"https:\/\/www.padreeustaquio.com.br\/wp-content\/uploads\/2019\/08\/marca.png\",\"width\":350,\"height\":400,\"caption\":\"Padre Eust\u00e1quio\"},\"image\":{\"@id\":\"https:\/\/www.padreeustaquio.com.br\/#\/schema\/logo\/image\/\"},\"sameAs\":[\"https:\/\/www.facebook.com\/beatopadreeustaquio\/\",\"https:\/\/x.com\/beatopeustaquio\",\"https:\/\/www.instagram.com\/beatopadreeustaquio\/\",\"https:\/\/www.youtube.com\/channel\/UCRhw7vfabnajwLxb1ZXMeIw\"]},{\"@type\":\"Person\",\"@id\":\"https:\/\/www.padreeustaquio.com.br\/#\/schema\/person\/a2a51db1d00f1a7af0204a0f1ddb1566\",\"name\":\"@sscc\",\"image\":{\"@type\":\"ImageObject\",\"inLanguage\":\"es\",\"@id\":\"https:\/\/secure.gravatar.com\/avatar\/68cfafa5f44617fea54071e215026e0ff06be366c3d54a8425f04fdcb86f8c5f?s=96&d=mm&r=g\",\"url\":\"https:\/\/secure.gravatar.com\/avatar\/68cfafa5f44617fea54071e215026e0ff06be366c3d54a8425f04fdcb86f8c5f?s=96&d=mm&r=g\",\"contentUrl\":\"https:\/\/secure.gravatar.com\/avatar\/68cfafa5f44617fea54071e215026e0ff06be366c3d54a8425f04fdcb86f8c5f?s=96&d=mm&r=g\",\"caption\":\"@sscc\"},\"url\":\"https:\/\/www.padreeustaquio.com.br\/es\/author\/sscc\/\"}]}<\/script>\n<!-- \/ Yoast SEO plugin. -->","yoast_head_json":{"title":"Devotos de Patroc\u00ednio rezan por la canonizaci\u00f3n del Beato Padre Eust\u00e1quio.","description":"Cada mes, la comunidad del Beato Eust\u00e1quio en Patroc\u00ednio, en la regi\u00f3n del Alto Parana\u00edba, Minas Gerais, se re\u00fane para celebrar la Santa Misa, pidiendo a Dios la canonizaci\u00f3n del Beato Padre Eust\u00e1quio. En esta ocasi\u00f3n, la celebraci\u00f3n tuvo lugar en casa de Do\u00f1a Luci Pereira.","robots":{"index":"index","follow":"follow","max-snippet":"max-snippet:-1","max-image-preview":"max-image-preview:large","max-video-preview":"max-video-preview:-1"},"canonical":"https:\/\/www.padreeustaquio.com.br\/es\/devotos-de-patrocinio-rezan-por-la-canonizacion-del-beato-padre-eustaquio\/","og_locale":"es_ES","og_type":"article","og_title":"Devotos de Patroc\u00ednio rezam pela canoniza\u00e7\u00e3o do Beato Padre Eust\u00e1quio","og_description":"Todos os meses, a comunidade Beato Eust\u00e1quio, em Patroc\u00ednio, no Alto Parana\u00edba Mineiro, se re\u00fane para celebrar a Santa Missa pedindo a Deus pela canoniza\u00e7\u00e3o do Bem-Aventurado Padre Eust\u00e1quio. Desta vez, a celebra\u00e7\u00e3o foi na casa da Dona Luci Pereira.","og_url":"https:\/\/www.padreeustaquio.com.br\/es\/devotos-de-patrocinio-rezan-por-la-canonizacion-del-beato-padre-eustaquio\/","og_site_name":"Padre Eust\u00e1quio","article_publisher":"https:\/\/www.facebook.com\/beatopadreeustaquio\/","article_published_time":"2024-03-06T09:51:17+00:00","og_image":[{"width":1080,"height":566,"url":"https:\/\/www.padreeustaquio.com.br\/wp-content\/uploads\/2024\/03\/missa-comunidade-padre-eustaquio-patrocinio-mg.jpg","type":"image\/jpeg"}],"author":"@sscc","twitter_card":"summary_large_image","twitter_creator":"@beatopeustaquio","twitter_site":"@beatopeustaquio","twitter_misc":{"Escrito por":"@sscc","Tiempo de lectura":"2 minutos"},"schema":{"@context":"https:\/\/schema.org","@graph":[{"@type":"Article","@id":"https:\/\/www.padreeustaquio.com.br\/devotos-de-patrocinio-rezam-pela-canonizacao-do-beato-padre-eustaquio\/#article","isPartOf":{"@id":"https:\/\/www.padreeustaquio.com.br\/devotos-de-patrocinio-rezam-pela-canonizacao-do-beato-padre-eustaquio\/"},"author":{"name":"@sscc","@id":"https:\/\/www.padreeustaquio.com.br\/#\/schema\/person\/a2a51db1d00f1a7af0204a0f1ddb1566"},"headline":"Devotos de Patroc\u00ednio rezam pela canoniza\u00e7\u00e3o do Beato Padre Eust\u00e1quio","datePublished":"2024-03-06T09:51:17+00:00","mainEntityOfPage":{"@id":"https:\/\/www.padreeustaquio.com.br\/devotos-de-patrocinio-rezam-pela-canonizacao-do-beato-padre-eustaquio\/"},"wordCount":228,"commentCount":0,"publisher":{"@id":"https:\/\/www.padreeustaquio.com.br\/#organization"},"image":{"@id":"https:\/\/www.padreeustaquio.com.br\/devotos-de-patrocinio-rezam-pela-canonizacao-do-beato-padre-eustaquio\/#primaryimage"},"thumbnailUrl":"https:\/\/www.padreeustaquio.com.br\/wp-content\/uploads\/2024\/03\/missa-comunidade-padre-eustaquio-patrocinio-mg.jpg","articleSection":["Not\u00edcias"],"inLanguage":"es","potentialAction":[{"@type":"CommentAction","name":"Comment","target":["https:\/\/www.padreeustaquio.com.br\/devotos-de-patrocinio-rezam-pela-canonizacao-do-beato-padre-eustaquio\/#respond"]}]},{"@type":"WebPage","@id":"https:\/\/www.padreeustaquio.com.br\/devotos-de-patrocinio-rezam-pela-canonizacao-do-beato-padre-eustaquio\/","url":"https:\/\/www.padreeustaquio.com.br\/devotos-de-patrocinio-rezam-pela-canonizacao-do-beato-padre-eustaquio\/","name":"Devotos de Patroc\u00ednio rezan por la canonizaci\u00f3n del Beato Padre Eust\u00e1quio.","isPartOf":{"@id":"https:\/\/www.padreeustaquio.com.br\/#website"},"primaryImageOfPage":{"@id":"https:\/\/www.padreeustaquio.com.br\/devotos-de-patrocinio-rezam-pela-canonizacao-do-beato-padre-eustaquio\/#primaryimage"},"image":{"@id":"https:\/\/www.padreeustaquio.com.br\/devotos-de-patrocinio-rezam-pela-canonizacao-do-beato-padre-eustaquio\/#primaryimage"},"thumbnailUrl":"https:\/\/www.padreeustaquio.com.br\/wp-content\/uploads\/2024\/03\/missa-comunidade-padre-eustaquio-patrocinio-mg.jpg","datePublished":"2024-03-06T09:51:17+00:00","description":"Cada mes, la comunidad del Beato Eust\u00e1quio en Patroc\u00ednio, en la regi\u00f3n del Alto Parana\u00edba, Minas Gerais, se re\u00fane para celebrar la Santa Misa, pidiendo a Dios la canonizaci\u00f3n del Beato Padre Eust\u00e1quio. En esta ocasi\u00f3n, la celebraci\u00f3n tuvo lugar en casa de Do\u00f1a Luci Pereira.","breadcrumb":{"@id":"https:\/\/www.padreeustaquio.com.br\/devotos-de-patrocinio-rezam-pela-canonizacao-do-beato-padre-eustaquio\/#breadcrumb"},"inLanguage":"es","potentialAction":[{"@type":"ReadAction","target":["https:\/\/www.padreeustaquio.com.br\/devotos-de-patrocinio-rezam-pela-canonizacao-do-beato-padre-eustaquio\/"]}]},{"@type":"ImageObject","inLanguage":"es","@id":"https:\/\/www.padreeustaquio.com.br\/devotos-de-patrocinio-rezam-pela-canonizacao-do-beato-padre-eustaquio\/#primaryimage","url":"https:\/\/www.padreeustaquio.com.br\/wp-content\/uploads\/2024\/03\/missa-comunidade-padre-eustaquio-patrocinio-mg.jpg","contentUrl":"https:\/\/www.padreeustaquio.com.br\/wp-content\/uploads\/2024\/03\/missa-comunidade-padre-eustaquio-patrocinio-mg.jpg","width":1080,"height":566},{"@type":"BreadcrumbList","@id":"https:\/\/www.padreeustaquio.com.br\/devotos-de-patrocinio-rezam-pela-canonizacao-do-beato-padre-eustaquio\/#breadcrumb","itemListElement":[{"@type":"ListItem","position":1,"name":"In\u00edcio","item":"https:\/\/www.padreeustaquio.com.br\/"},{"@type":"ListItem","position":2,"name":"Devotos de Patroc\u00ednio rezam pela canoniza\u00e7\u00e3o do Beato Padre Eust\u00e1quio"}]},{"@type":"WebSite","@id":"https:\/\/www.padreeustaquio.com.br\/#website","url":"https:\/\/www.padreeustaquio.com.br\/","name":"Padre Eustace","description":"Salud y Paz","publisher":{"@id":"https:\/\/www.padreeustaquio.com.br\/#organization"},"potentialAction":[{"@type":"SearchAction","target":{"@type":"EntryPoint","urlTemplate":"https:\/\/www.padreeustaquio.com.br\/?s={search_term_string}"},"query-input":{"@type":"PropertyValueSpecification","valueRequired":true,"valueName":"search_term_string"}}],"inLanguage":"es"},{"@type":"Organization","@id":"https:\/\/www.padreeustaquio.com.br\/#organization","name":"Padre Eustace","url":"https:\/\/www.padreeustaquio.com.br\/","logo":{"@type":"ImageObject","inLanguage":"es","@id":"https:\/\/www.padreeustaquio.com.br\/#\/schema\/logo\/image\/","url":"https:\/\/www.padreeustaquio.com.br\/wp-content\/uploads\/2019\/08\/marca.png","contentUrl":"https:\/\/www.padreeustaquio.com.br\/wp-content\/uploads\/2019\/08\/marca.png","width":350,"height":400,"caption":"Padre Eust\u00e1quio"},"image":{"@id":"https:\/\/www.padreeustaquio.com.br\/#\/schema\/logo\/image\/"},"sameAs":["https:\/\/www.facebook.com\/beatopadreeustaquio\/","https:\/\/x.com\/beatopeustaquio","https:\/\/www.instagram.com\/beatopadreeustaquio\/","https:\/\/www.youtube.com\/channel\/UCRhw7vfabnajwLxb1ZXMeIw"]},{"@type":"Person","@id":"https:\/\/www.padreeustaquio.com.br\/#\/schema\/person\/a2a51db1d00f1a7af0204a0f1ddb1566","name":"@sscc","image":{"@type":"ImageObject","inLanguage":"es","@id":"https:\/\/secure.gravatar.com\/avatar\/68cfafa5f44617fea54071e215026e0ff06be366c3d54a8425f04fdcb86f8c5f?s=96&d=mm&r=g","url":"https:\/\/secure.gravatar.com\/avatar\/68cfafa5f44617fea54071e215026e0ff06be366c3d54a8425f04fdcb86f8c5f?s=96&d=mm&r=g","contentUrl":"https:\/\/secure.gravatar.com\/avatar\/68cfafa5f44617fea54071e215026e0ff06be366c3d54a8425f04fdcb86f8c5f?s=96&d=mm&r=g","caption":"@sscc"},"url":"https:\/\/www.padreeustaquio.com.br\/es\/author\/sscc\/"}]}},"_links":{"self":[{"href":"https:\/\/www.padreeustaquio.com.br\/es\/wp-json\/wp\/v2\/posts\/11123","targetHints":{"allow":["GET"]}}],"collection":[{"href":"https:\/\/www.padreeustaquio.com.br\/es\/wp-json\/wp\/v2\/posts"}],"about":[{"href":"https:\/\/www.padreeustaquio.com.br\/es\/wp-json\/wp\/v2\/types\/post"}],"author":[{"embeddable":true,"href":"https:\/\/www.padreeustaquio.com.br\/es\/wp-json\/wp\/v2\/users\/2"}],"replies":[{"embeddable":true,"href":"https:\/\/www.padreeustaquio.com.br\/es\/wp-json\/wp\/v2\/comments?post=11123"}],"version-history":[{"count":0,"href":"https:\/\/www.padreeustaquio.com.br\/es\/wp-json\/wp\/v2\/posts\/11123\/revisions"}],"wp:featuredmedia":[{"embeddable":true,"href":"https:\/\/www.padreeustaquio.com.br\/es\/wp-json\/wp\/v2\/media\/11124"}],"wp:attachment":[{"href":"https:\/\/www.padreeustaquio.com.br\/es\/wp-json\/wp\/v2\/media?parent=11123"}],"wp:term":[{"taxonomy":"category","embeddable":true,"href":"https:\/\/www.padreeustaquio.com.br\/es\/wp-json\/wp\/v2\/categories?post=11123"},{"taxonomy":"post_tag","embeddable":true,"href":"https:\/\/www.padreeustaquio.com.br\/es\/wp-json\/wp\/v2\/tags?post=11123"}],"curies":[{"name":"wp","href":"https:\/\/api.w.org\/{rel}","templated":true}]}}