{"id":11115,"date":"2024-03-08T07:05:56","date_gmt":"2024-03-08T10:05:56","guid":{"rendered":"https:\/\/www.padreeustaquio.com.br\/?p=11115"},"modified":"2024-03-04T10:06:47","modified_gmt":"2024-03-04T13:06:47","slug":"el-poema-habla-del-paso-del-padre-eustaquio-por-patrocinio-mg","status":"publish","type":"post","link":"https:\/\/www.padreeustaquio.com.br\/es\/el-poema-habla-del-paso-del-padre-eustaquio-por-patrocinio-mg\/","title":{"rendered":"La poes\u00eda habla del paso del padre Eust\u00e1quio por Patroc\u00ednio\/MG"},"content":{"rendered":"<p>El Padre Eust\u00e1quio dej\u00f3 un legado de amor, fe y devoci\u00f3n dondequiera que estuvo. Ya sea en las ciudades donde sirvi\u00f3 durante largos periodos como p\u00e1rroco o vicario, o en las ciudades donde solo estuvo una temporada corta.<\/p>\n<p>Una de estas breves estancias fue en Patroc\u00ednio, en la regi\u00f3n del Alto Parana\u00edba, Minas Gerais. El sacerdote holand\u00e9s lleg\u00f3 al municipio en octubre de 1941, pero abandon\u00f3 la ciudad en febrero de 1942. Incluso en tan poco tiempo, el Beato dej\u00f3 una profunda huella en sus feligreses.<\/p>\n<p>Estas huellas se pueden apreciar en la hermosa obra del poeta Fl\u00e1vio Jos\u00e9 de Almeida, quien escribi\u00f3 varios poemas inspirados en el Beato Padre Eustaquio. A continuaci\u00f3n, se presenta uno de estos poemas:<\/p>\n<p><strong><em>Entr\u00f3 por esa puerta.<\/em><\/strong><\/p>\n<p><em>Con sotana blanca, alto y fuerte,<br \/>\n<\/em><em>acompa\u00f1ado por el Vicario Willibrordo Meeder,<br \/>\n<\/em><em>Por aquella puerta entr\u00f3 el padre Eustaquio.<\/em><\/p>\n<p><em>Era de noche aquel s\u00e1bado,<br \/>\n<\/em><em>11 de octubre de 1941.<\/em><\/p>\n<p><em>Estaba cansado del largo viaje.<br \/>\n<\/em><em>Ese d\u00eda lleg\u00f3 a Patroc\u00ednio.<\/em><\/p>\n<p><em>Dentro de la iglesia, que estaba casi oscura,<br \/>\n<\/em><em>propicio para el silencio m\u00e1s profundo del alma,<br \/>\n<\/em><em>Se arrodill\u00f3 y or\u00f3 a los pies de San Jos\u00e9.,<br \/>\n<\/em><em>Santo de su devoci\u00f3n y venerado<br \/>\n<\/em><em>la imagen del santo patr\u00f3n,<br \/>\n<\/em><em>apoyado sobre el altar mayor.<\/em><\/p>\n<p><em>La primera visita fue breve.<\/em><\/p>\n<p><em>Luego fueron al Gimnasio.<br \/>\n<\/em><em>Dom Lustosa, donde se alojar\u00eda,<br \/>\n<\/em><em>Y le esperaba una deliciosa sopa.,<br \/>\n<\/em><em>hecho especialmente para \u00e9l<br \/>\n<\/em><em>por el maestro cocinero Padre Caprasio,<br \/>\n<\/em><em>entonces a cargo de la cafeter\u00eda<br \/>\n<\/em><em>de la escuela.<\/em><\/p>\n<p><em>Junto con los dem\u00e1s sacerdotes, sus compatriotas,<br \/>\n<\/em><em>era capaz de conversar en holand\u00e9s,<br \/>\n<\/em><em>Todos estaban felices de cenar juntos.<\/em><\/p>\n<p><em>Eustaquio van Lieshout,<br \/>\n<\/em><em>a\u00fan an\u00f3nimo entre los vecinos de Patroc\u00ednio,<br \/>\n<\/em><em>Llevaba un h\u00e1bito blanco,<br \/>\n<\/em><em>cord\u00f3n blanco alrededor de la cintura,<br \/>\n<\/em><em>escapulario blanco<br \/>\n<\/em><em>y en el pecho el emblema escarlata<br \/>\n<\/em><em>de la Congregaci\u00f3n de los Sagrados Corazones<br \/>\n<\/em><em>de Jes\u00fas y Mar\u00eda.<\/em><\/p>\n<p><em>Aunque era capell\u00e1n<br \/>\n<\/em><em>en la iglesia de Santa Luc\u00eda,<br \/>\n<\/em><em>Entr\u00f3 por esa puerta varias veces m\u00e1s.,<br \/>\n<\/em><em>humildemente, hambrientos de oraciones<br \/>\n<\/em><em>en la soledad de su esp\u00edritu ferviente<br \/>\n<\/em><em>inquebrantable, habitante de lo insondable<br \/>\n<\/em><em>Los silencios de Dios.<\/em><\/p>\n<p><em>El 12 de febrero de 1942 parti\u00f3 hacia Ibi\u00e1.,<br \/>\n<\/em><em>y luego a Belo Horizonte, donde lleg\u00f3<br \/>\n<\/em><em>el 7 de abril de ese mismo a\u00f1o,<br \/>\n<\/em><em>Permaneci\u00f3 all\u00ed s\u00f3lo diecis\u00e9is meses.,<br \/>\n<\/em><em>hasta el d\u00eda de su muerte,<br \/>\n<\/em><em>el 30 de agosto de 1943.<\/em><\/p>\n<p><em>Patroc\u00ednio todav\u00eda siente su presencia hoy.<\/em><\/p>","protected":false},"excerpt":{"rendered":"<p>Padre Eust\u00e1quio deixou um legado de amor, f\u00e9 e devo\u00e7\u00e3o por onde passou. Seja nas cidades onde atuou por longos per\u00edodos, como p\u00e1roco ou vig\u00e1rio, seja nas cidades onde teve apenas uma pequena passagem. Uma dessas pequenas passagens foi por Patroc\u00ednio, no Alto Parana\u00edba Mineiro. O padre holand\u00eas chegou ao munic\u00edpio em outubro de 1941, mas j\u00e1 em fevereiro de 1942 deixou a cidade. Mesmo em um per\u00edodo t\u00e3o curto, o Beato deixou grandes marcas nos paroquianos. Essas marcas podem ser vistas no lindo trabalho do poeta Fl\u00e1vio Jos\u00e9 de Almeida, que escreveu v\u00e1rias poesias inspiradas no Bem-aventurado Padre Eust\u00e1quio. [&hellip;]<\/p>\n","protected":false},"author":2,"featured_media":11116,"comment_status":"open","ping_status":"closed","sticky":false,"template":"","format":"standard","meta":{"_acf_changed":false,"footnotes":""},"categories":[611],"tags":[],"class_list":["post-11115","post","type-post","status-publish","format-standard","has-post-thumbnail","hentry","category-noticias"],"acf":[],"yoast_head":"<!-- This site is optimized with the Yoast SEO plugin v27.2 - https:\/\/yoast.com\/product\/yoast-seo-wordpress\/ -->\n<title>Poesia fala sobre passagem de Padre Eust\u00e1quio por Patroc\u00ednio\/MG<\/title>\n<meta name=\"description\" content=\"Padre Eust\u00e1quio chegou a Patroc\u00ednio-MG em outubro de 1941, mas j\u00e1 em fevereiro de 1942 deixou a cidade. Mesmo em um per\u00edodo t\u00e3o curto, o Beato deixou grandes marcas nos paroquianos. Essas marcas podem ser vistas no lindo trabalho do poeta Fl\u00e1vio Jos\u00e9 de Almeida, que escreveu v\u00e1rias poesias inspiradas no Bem-aventurado Padre Eust\u00e1quio.\" \/>\n<meta name=\"robots\" content=\"index, follow, max-snippet:-1, max-image-preview:large, max-video-preview:-1\" \/>\n<link rel=\"canonical\" href=\"https:\/\/www.padreeustaquio.com.br\/es\/el-poema-habla-del-paso-del-padre-eustaquio-por-patrocinio-mg\/\" \/>\n<meta property=\"og:locale\" content=\"es_ES\" \/>\n<meta property=\"og:type\" content=\"article\" \/>\n<meta property=\"og:title\" content=\"Poesia fala sobre passagem de Padre Eust\u00e1quio por Patroc\u00ednio\/MG\" \/>\n<meta property=\"og:description\" content=\"Padre Eust\u00e1quio chegou a Patroc\u00ednio-MG em outubro de 1941, mas j\u00e1 em fevereiro de 1942 deixou a cidade. Mesmo em um per\u00edodo t\u00e3o curto, o Beato deixou grandes marcas nos paroquianos. Essas marcas podem ser vistas no lindo trabalho do poeta Fl\u00e1vio Jos\u00e9 de Almeida, que escreveu v\u00e1rias poesias inspiradas no Bem-aventurado Padre Eust\u00e1quio.\" \/>\n<meta property=\"og:url\" content=\"https:\/\/www.padreeustaquio.com.br\/es\/el-poema-habla-del-paso-del-padre-eustaquio-por-patrocinio-mg\/\" \/>\n<meta property=\"og:site_name\" content=\"Padre Eust\u00e1quio\" \/>\n<meta property=\"article:publisher\" content=\"https:\/\/www.facebook.com\/beatopadreeustaquio\/\" \/>\n<meta property=\"article:published_time\" content=\"2024-03-08T10:05:56+00:00\" \/>\n<meta property=\"og:image\" content=\"https:\/\/www.padreeustaquio.com.br\/wp-content\/uploads\/2024\/03\/foto-igreja-santa-luzia-patrocinio.jpg\" \/>\n\t<meta property=\"og:image:width\" content=\"748\" \/>\n\t<meta property=\"og:image:height\" content=\"394\" \/>\n\t<meta property=\"og:image:type\" content=\"image\/jpeg\" \/>\n<meta name=\"author\" content=\"@sscc\" \/>\n<meta name=\"twitter:card\" content=\"summary_large_image\" \/>\n<meta name=\"twitter:creator\" content=\"@beatopeustaquio\" \/>\n<meta name=\"twitter:site\" content=\"@beatopeustaquio\" \/>\n<meta name=\"twitter:label1\" content=\"Escrito por\" \/>\n\t<meta name=\"twitter:data1\" content=\"@sscc\" \/>\n\t<meta name=\"twitter:label2\" content=\"Tiempo de lectura\" \/>\n\t<meta name=\"twitter:data2\" content=\"3 minutos\" \/>\n<script type=\"application\/ld+json\" class=\"yoast-schema-graph\">{\"@context\":\"https:\/\/schema.org\",\"@graph\":[{\"@type\":\"Article\",\"@id\":\"https:\/\/www.padreeustaquio.com.br\/poesia-fala-sobre-passagem-de-padre-eustaquio-por-patrocinio-mg\/#article\",\"isPartOf\":{\"@id\":\"https:\/\/www.padreeustaquio.com.br\/poesia-fala-sobre-passagem-de-padre-eustaquio-por-patrocinio-mg\/\"},\"author\":{\"name\":\"@sscc\",\"@id\":\"https:\/\/www.padreeustaquio.com.br\/#\/schema\/person\/a2a51db1d00f1a7af0204a0f1ddb1566\"},\"headline\":\"Poesia fala sobre passagem de Padre Eust\u00e1quio por Patroc\u00ednio\/MG\",\"datePublished\":\"2024-03-08T10:05:56+00:00\",\"mainEntityOfPage\":{\"@id\":\"https:\/\/www.padreeustaquio.com.br\/poesia-fala-sobre-passagem-de-padre-eustaquio-por-patrocinio-mg\/\"},\"wordCount\":395,\"commentCount\":0,\"publisher\":{\"@id\":\"https:\/\/www.padreeustaquio.com.br\/#organization\"},\"image\":{\"@id\":\"https:\/\/www.padreeustaquio.com.br\/poesia-fala-sobre-passagem-de-padre-eustaquio-por-patrocinio-mg\/#primaryimage\"},\"thumbnailUrl\":\"https:\/\/www.padreeustaquio.com.br\/wp-content\/uploads\/2024\/03\/foto-igreja-santa-luzia-patrocinio.jpg\",\"articleSection\":[\"Not\u00edcias\"],\"inLanguage\":\"es\",\"potentialAction\":[{\"@type\":\"CommentAction\",\"name\":\"Comment\",\"target\":[\"https:\/\/www.padreeustaquio.com.br\/poesia-fala-sobre-passagem-de-padre-eustaquio-por-patrocinio-mg\/#respond\"]}]},{\"@type\":\"WebPage\",\"@id\":\"https:\/\/www.padreeustaquio.com.br\/poesia-fala-sobre-passagem-de-padre-eustaquio-por-patrocinio-mg\/\",\"url\":\"https:\/\/www.padreeustaquio.com.br\/poesia-fala-sobre-passagem-de-padre-eustaquio-por-patrocinio-mg\/\",\"name\":\"Poesia fala sobre passagem de Padre Eust\u00e1quio por Patroc\u00ednio\/MG\",\"isPartOf\":{\"@id\":\"https:\/\/www.padreeustaquio.com.br\/#website\"},\"primaryImageOfPage\":{\"@id\":\"https:\/\/www.padreeustaquio.com.br\/poesia-fala-sobre-passagem-de-padre-eustaquio-por-patrocinio-mg\/#primaryimage\"},\"image\":{\"@id\":\"https:\/\/www.padreeustaquio.com.br\/poesia-fala-sobre-passagem-de-padre-eustaquio-por-patrocinio-mg\/#primaryimage\"},\"thumbnailUrl\":\"https:\/\/www.padreeustaquio.com.br\/wp-content\/uploads\/2024\/03\/foto-igreja-santa-luzia-patrocinio.jpg\",\"datePublished\":\"2024-03-08T10:05:56+00:00\",\"description\":\"Padre Eust\u00e1quio chegou a Patroc\u00ednio-MG em outubro de 1941, mas j\u00e1 em fevereiro de 1942 deixou a cidade. Mesmo em um per\u00edodo t\u00e3o curto, o Beato deixou grandes marcas nos paroquianos. Essas marcas podem ser vistas no lindo trabalho do poeta Fl\u00e1vio Jos\u00e9 de Almeida, que escreveu v\u00e1rias poesias inspiradas no Bem-aventurado Padre Eust\u00e1quio.\",\"breadcrumb\":{\"@id\":\"https:\/\/www.padreeustaquio.com.br\/poesia-fala-sobre-passagem-de-padre-eustaquio-por-patrocinio-mg\/#breadcrumb\"},\"inLanguage\":\"es\",\"potentialAction\":[{\"@type\":\"ReadAction\",\"target\":[\"https:\/\/www.padreeustaquio.com.br\/poesia-fala-sobre-passagem-de-padre-eustaquio-por-patrocinio-mg\/\"]}]},{\"@type\":\"ImageObject\",\"inLanguage\":\"es\",\"@id\":\"https:\/\/www.padreeustaquio.com.br\/poesia-fala-sobre-passagem-de-padre-eustaquio-por-patrocinio-mg\/#primaryimage\",\"url\":\"https:\/\/www.padreeustaquio.com.br\/wp-content\/uploads\/2024\/03\/foto-igreja-santa-luzia-patrocinio.jpg\",\"contentUrl\":\"https:\/\/www.padreeustaquio.com.br\/wp-content\/uploads\/2024\/03\/foto-igreja-santa-luzia-patrocinio.jpg\",\"width\":748,\"height\":394},{\"@type\":\"BreadcrumbList\",\"@id\":\"https:\/\/www.padreeustaquio.com.br\/poesia-fala-sobre-passagem-de-padre-eustaquio-por-patrocinio-mg\/#breadcrumb\",\"itemListElement\":[{\"@type\":\"ListItem\",\"position\":1,\"name\":\"In\u00edcio\",\"item\":\"https:\/\/www.padreeustaquio.com.br\/\"},{\"@type\":\"ListItem\",\"position\":2,\"name\":\"Poesia fala sobre passagem de Padre Eust\u00e1quio por Patroc\u00ednio\/MG\"}]},{\"@type\":\"WebSite\",\"@id\":\"https:\/\/www.padreeustaquio.com.br\/#website\",\"url\":\"https:\/\/www.padreeustaquio.com.br\/\",\"name\":\"Padre Eust\u00e1quio\",\"description\":\"Sa\u00fade e Paz\",\"publisher\":{\"@id\":\"https:\/\/www.padreeustaquio.com.br\/#organization\"},\"potentialAction\":[{\"@type\":\"SearchAction\",\"target\":{\"@type\":\"EntryPoint\",\"urlTemplate\":\"https:\/\/www.padreeustaquio.com.br\/?s={search_term_string}\"},\"query-input\":{\"@type\":\"PropertyValueSpecification\",\"valueRequired\":true,\"valueName\":\"search_term_string\"}}],\"inLanguage\":\"es\"},{\"@type\":\"Organization\",\"@id\":\"https:\/\/www.padreeustaquio.com.br\/#organization\",\"name\":\"Padre Eust\u00e1quio\",\"url\":\"https:\/\/www.padreeustaquio.com.br\/\",\"logo\":{\"@type\":\"ImageObject\",\"inLanguage\":\"es\",\"@id\":\"https:\/\/www.padreeustaquio.com.br\/#\/schema\/logo\/image\/\",\"url\":\"https:\/\/www.padreeustaquio.com.br\/wp-content\/uploads\/2019\/08\/marca.png\",\"contentUrl\":\"https:\/\/www.padreeustaquio.com.br\/wp-content\/uploads\/2019\/08\/marca.png\",\"width\":350,\"height\":400,\"caption\":\"Padre Eust\u00e1quio\"},\"image\":{\"@id\":\"https:\/\/www.padreeustaquio.com.br\/#\/schema\/logo\/image\/\"},\"sameAs\":[\"https:\/\/www.facebook.com\/beatopadreeustaquio\/\",\"https:\/\/x.com\/beatopeustaquio\",\"https:\/\/www.instagram.com\/beatopadreeustaquio\/\",\"https:\/\/www.youtube.com\/channel\/UCRhw7vfabnajwLxb1ZXMeIw\"]},{\"@type\":\"Person\",\"@id\":\"https:\/\/www.padreeustaquio.com.br\/#\/schema\/person\/a2a51db1d00f1a7af0204a0f1ddb1566\",\"name\":\"@sscc\",\"image\":{\"@type\":\"ImageObject\",\"inLanguage\":\"es\",\"@id\":\"https:\/\/secure.gravatar.com\/avatar\/68cfafa5f44617fea54071e215026e0ff06be366c3d54a8425f04fdcb86f8c5f?s=96&d=mm&r=g\",\"url\":\"https:\/\/secure.gravatar.com\/avatar\/68cfafa5f44617fea54071e215026e0ff06be366c3d54a8425f04fdcb86f8c5f?s=96&d=mm&r=g\",\"contentUrl\":\"https:\/\/secure.gravatar.com\/avatar\/68cfafa5f44617fea54071e215026e0ff06be366c3d54a8425f04fdcb86f8c5f?s=96&d=mm&r=g\",\"caption\":\"@sscc\"},\"url\":\"https:\/\/www.padreeustaquio.com.br\/es\/author\/sscc\/\"}]}<\/script>\n<!-- \/ Yoast SEO plugin. -->","yoast_head_json":{"title":"La poes\u00eda habla del paso del padre Eust\u00e1quio por Patroc\u00ednio\/MG","description":"El Padre Eust\u00e1quio lleg\u00f3 a Patroc\u00ednio, MG, en octubre de 1941, pero abandon\u00f3 la ciudad en febrero de 1942. Incluso en tan poco tiempo, el Beato dej\u00f3 una profunda huella en sus feligreses. Estas huellas se pueden apreciar en la hermosa obra del poeta Fl\u00e1vio Jos\u00e9 de Almeida, quien escribi\u00f3 varios poemas inspirados en el Beato Padre Eust\u00e1quio.","robots":{"index":"index","follow":"follow","max-snippet":"max-snippet:-1","max-image-preview":"max-image-preview:large","max-video-preview":"max-video-preview:-1"},"canonical":"https:\/\/www.padreeustaquio.com.br\/es\/el-poema-habla-del-paso-del-padre-eustaquio-por-patrocinio-mg\/","og_locale":"es_ES","og_type":"article","og_title":"Poesia fala sobre passagem de Padre Eust\u00e1quio por Patroc\u00ednio\/MG","og_description":"Padre Eust\u00e1quio chegou a Patroc\u00ednio-MG em outubro de 1941, mas j\u00e1 em fevereiro de 1942 deixou a cidade. Mesmo em um per\u00edodo t\u00e3o curto, o Beato deixou grandes marcas nos paroquianos. Essas marcas podem ser vistas no lindo trabalho do poeta Fl\u00e1vio Jos\u00e9 de Almeida, que escreveu v\u00e1rias poesias inspiradas no Bem-aventurado Padre Eust\u00e1quio.","og_url":"https:\/\/www.padreeustaquio.com.br\/es\/el-poema-habla-del-paso-del-padre-eustaquio-por-patrocinio-mg\/","og_site_name":"Padre Eust\u00e1quio","article_publisher":"https:\/\/www.facebook.com\/beatopadreeustaquio\/","article_published_time":"2024-03-08T10:05:56+00:00","og_image":[{"width":748,"height":394,"url":"https:\/\/www.padreeustaquio.com.br\/wp-content\/uploads\/2024\/03\/foto-igreja-santa-luzia-patrocinio.jpg","type":"image\/jpeg"}],"author":"@sscc","twitter_card":"summary_large_image","twitter_creator":"@beatopeustaquio","twitter_site":"@beatopeustaquio","twitter_misc":{"Escrito por":"@sscc","Tiempo de lectura":"3 minutos"},"schema":{"@context":"https:\/\/schema.org","@graph":[{"@type":"Article","@id":"https:\/\/www.padreeustaquio.com.br\/poesia-fala-sobre-passagem-de-padre-eustaquio-por-patrocinio-mg\/#article","isPartOf":{"@id":"https:\/\/www.padreeustaquio.com.br\/poesia-fala-sobre-passagem-de-padre-eustaquio-por-patrocinio-mg\/"},"author":{"name":"@sscc","@id":"https:\/\/www.padreeustaquio.com.br\/#\/schema\/person\/a2a51db1d00f1a7af0204a0f1ddb1566"},"headline":"Poesia fala sobre passagem de Padre Eust\u00e1quio por Patroc\u00ednio\/MG","datePublished":"2024-03-08T10:05:56+00:00","mainEntityOfPage":{"@id":"https:\/\/www.padreeustaquio.com.br\/poesia-fala-sobre-passagem-de-padre-eustaquio-por-patrocinio-mg\/"},"wordCount":395,"commentCount":0,"publisher":{"@id":"https:\/\/www.padreeustaquio.com.br\/#organization"},"image":{"@id":"https:\/\/www.padreeustaquio.com.br\/poesia-fala-sobre-passagem-de-padre-eustaquio-por-patrocinio-mg\/#primaryimage"},"thumbnailUrl":"https:\/\/www.padreeustaquio.com.br\/wp-content\/uploads\/2024\/03\/foto-igreja-santa-luzia-patrocinio.jpg","articleSection":["Not\u00edcias"],"inLanguage":"es","potentialAction":[{"@type":"CommentAction","name":"Comment","target":["https:\/\/www.padreeustaquio.com.br\/poesia-fala-sobre-passagem-de-padre-eustaquio-por-patrocinio-mg\/#respond"]}]},{"@type":"WebPage","@id":"https:\/\/www.padreeustaquio.com.br\/poesia-fala-sobre-passagem-de-padre-eustaquio-por-patrocinio-mg\/","url":"https:\/\/www.padreeustaquio.com.br\/poesia-fala-sobre-passagem-de-padre-eustaquio-por-patrocinio-mg\/","name":"La poes\u00eda habla del paso del padre Eust\u00e1quio por Patroc\u00ednio\/MG","isPartOf":{"@id":"https:\/\/www.padreeustaquio.com.br\/#website"},"primaryImageOfPage":{"@id":"https:\/\/www.padreeustaquio.com.br\/poesia-fala-sobre-passagem-de-padre-eustaquio-por-patrocinio-mg\/#primaryimage"},"image":{"@id":"https:\/\/www.padreeustaquio.com.br\/poesia-fala-sobre-passagem-de-padre-eustaquio-por-patrocinio-mg\/#primaryimage"},"thumbnailUrl":"https:\/\/www.padreeustaquio.com.br\/wp-content\/uploads\/2024\/03\/foto-igreja-santa-luzia-patrocinio.jpg","datePublished":"2024-03-08T10:05:56+00:00","description":"El Padre Eust\u00e1quio lleg\u00f3 a Patroc\u00ednio, MG, en octubre de 1941, pero abandon\u00f3 la ciudad en febrero de 1942. Incluso en tan poco tiempo, el Beato dej\u00f3 una profunda huella en sus feligreses. Estas huellas se pueden apreciar en la hermosa obra del poeta Fl\u00e1vio Jos\u00e9 de Almeida, quien escribi\u00f3 varios poemas inspirados en el Beato Padre Eust\u00e1quio.","breadcrumb":{"@id":"https:\/\/www.padreeustaquio.com.br\/poesia-fala-sobre-passagem-de-padre-eustaquio-por-patrocinio-mg\/#breadcrumb"},"inLanguage":"es","potentialAction":[{"@type":"ReadAction","target":["https:\/\/www.padreeustaquio.com.br\/poesia-fala-sobre-passagem-de-padre-eustaquio-por-patrocinio-mg\/"]}]},{"@type":"ImageObject","inLanguage":"es","@id":"https:\/\/www.padreeustaquio.com.br\/poesia-fala-sobre-passagem-de-padre-eustaquio-por-patrocinio-mg\/#primaryimage","url":"https:\/\/www.padreeustaquio.com.br\/wp-content\/uploads\/2024\/03\/foto-igreja-santa-luzia-patrocinio.jpg","contentUrl":"https:\/\/www.padreeustaquio.com.br\/wp-content\/uploads\/2024\/03\/foto-igreja-santa-luzia-patrocinio.jpg","width":748,"height":394},{"@type":"BreadcrumbList","@id":"https:\/\/www.padreeustaquio.com.br\/poesia-fala-sobre-passagem-de-padre-eustaquio-por-patrocinio-mg\/#breadcrumb","itemListElement":[{"@type":"ListItem","position":1,"name":"In\u00edcio","item":"https:\/\/www.padreeustaquio.com.br\/"},{"@type":"ListItem","position":2,"name":"Poesia fala sobre passagem de Padre Eust\u00e1quio por Patroc\u00ednio\/MG"}]},{"@type":"WebSite","@id":"https:\/\/www.padreeustaquio.com.br\/#website","url":"https:\/\/www.padreeustaquio.com.br\/","name":"Padre Eustace","description":"Salud y Paz","publisher":{"@id":"https:\/\/www.padreeustaquio.com.br\/#organization"},"potentialAction":[{"@type":"SearchAction","target":{"@type":"EntryPoint","urlTemplate":"https:\/\/www.padreeustaquio.com.br\/?s={search_term_string}"},"query-input":{"@type":"PropertyValueSpecification","valueRequired":true,"valueName":"search_term_string"}}],"inLanguage":"es"},{"@type":"Organization","@id":"https:\/\/www.padreeustaquio.com.br\/#organization","name":"Padre Eustace","url":"https:\/\/www.padreeustaquio.com.br\/","logo":{"@type":"ImageObject","inLanguage":"es","@id":"https:\/\/www.padreeustaquio.com.br\/#\/schema\/logo\/image\/","url":"https:\/\/www.padreeustaquio.com.br\/wp-content\/uploads\/2019\/08\/marca.png","contentUrl":"https:\/\/www.padreeustaquio.com.br\/wp-content\/uploads\/2019\/08\/marca.png","width":350,"height":400,"caption":"Padre Eust\u00e1quio"},"image":{"@id":"https:\/\/www.padreeustaquio.com.br\/#\/schema\/logo\/image\/"},"sameAs":["https:\/\/www.facebook.com\/beatopadreeustaquio\/","https:\/\/x.com\/beatopeustaquio","https:\/\/www.instagram.com\/beatopadreeustaquio\/","https:\/\/www.youtube.com\/channel\/UCRhw7vfabnajwLxb1ZXMeIw"]},{"@type":"Person","@id":"https:\/\/www.padreeustaquio.com.br\/#\/schema\/person\/a2a51db1d00f1a7af0204a0f1ddb1566","name":"@sscc","image":{"@type":"ImageObject","inLanguage":"es","@id":"https:\/\/secure.gravatar.com\/avatar\/68cfafa5f44617fea54071e215026e0ff06be366c3d54a8425f04fdcb86f8c5f?s=96&d=mm&r=g","url":"https:\/\/secure.gravatar.com\/avatar\/68cfafa5f44617fea54071e215026e0ff06be366c3d54a8425f04fdcb86f8c5f?s=96&d=mm&r=g","contentUrl":"https:\/\/secure.gravatar.com\/avatar\/68cfafa5f44617fea54071e215026e0ff06be366c3d54a8425f04fdcb86f8c5f?s=96&d=mm&r=g","caption":"@sscc"},"url":"https:\/\/www.padreeustaquio.com.br\/es\/author\/sscc\/"}]}},"_links":{"self":[{"href":"https:\/\/www.padreeustaquio.com.br\/es\/wp-json\/wp\/v2\/posts\/11115","targetHints":{"allow":["GET"]}}],"collection":[{"href":"https:\/\/www.padreeustaquio.com.br\/es\/wp-json\/wp\/v2\/posts"}],"about":[{"href":"https:\/\/www.padreeustaquio.com.br\/es\/wp-json\/wp\/v2\/types\/post"}],"author":[{"embeddable":true,"href":"https:\/\/www.padreeustaquio.com.br\/es\/wp-json\/wp\/v2\/users\/2"}],"replies":[{"embeddable":true,"href":"https:\/\/www.padreeustaquio.com.br\/es\/wp-json\/wp\/v2\/comments?post=11115"}],"version-history":[{"count":0,"href":"https:\/\/www.padreeustaquio.com.br\/es\/wp-json\/wp\/v2\/posts\/11115\/revisions"}],"wp:featuredmedia":[{"embeddable":true,"href":"https:\/\/www.padreeustaquio.com.br\/es\/wp-json\/wp\/v2\/media\/11116"}],"wp:attachment":[{"href":"https:\/\/www.padreeustaquio.com.br\/es\/wp-json\/wp\/v2\/media?parent=11115"}],"wp:term":[{"taxonomy":"category","embeddable":true,"href":"https:\/\/www.padreeustaquio.com.br\/es\/wp-json\/wp\/v2\/categories?post=11115"},{"taxonomy":"post_tag","embeddable":true,"href":"https:\/\/www.padreeustaquio.com.br\/es\/wp-json\/wp\/v2\/tags?post=11115"}],"curies":[{"name":"wp","href":"https:\/\/api.w.org\/{rel}","templated":true}]}}