{"id":11111,"date":"2024-03-01T07:09:51","date_gmt":"2024-03-01T10:09:51","guid":{"rendered":"https:\/\/www.padreeustaquio.com.br\/?p=11111"},"modified":"2024-03-01T13:04:26","modified_gmt":"2024-03-01T16:04:26","slug":"devotos-de-todo-el-pais-estan-siguiendo-el-retiro-de-cuaresma-de-2024","status":"publish","type":"post","link":"https:\/\/www.padreeustaquio.com.br\/es\/devotos-de-todo-el-pais-estan-siguiendo-el-retiro-de-cuaresma-de-2024\/","title":{"rendered":"Devotos de todo el pa\u00eds est\u00e1n siguiendo el Retiro de Cuaresma 2024."},"content":{"rendered":"<p>Los fieles seguidores y devotos del Beato Padre Eust\u00e1quio, diseminados por Minas Gerais y todo Brasil, est\u00e1n viendo los videos del Retiro de Cuaresma de 2024. Los breves programas son grabados por el Padre Vin\u00edcius Maciel y el equipo de producci\u00f3n audiovisual de la vicepostulaci\u00f3n de la Causa de Canonizaci\u00f3n del Padre Eust\u00e1quio.<\/p>\n<p>Desde el Mi\u00e9rcoles de Ceniza (14 de febrero), el Padre Vin\u00edcius ha dirigido momentos de oraci\u00f3n y reflexi\u00f3n en el Canal Padre Eust\u00e1quio. Las meditaciones tienen una duraci\u00f3n aproximada de 5 minutos y abordan temas relacionados con la Cuaresma y la Campa\u00f1a de la Fraternidad, con escritos del Papa Francisco y del Beato Padre Eust\u00e1quio.<\/p>\n<p><em>\u201c\u00a1Este retiro de Cuaresma es maravilloso! \u00a1Que Dios los bendiga y los ilumine siempre!\u201d<\/em> &quot;coment\u00f3 la seguidora Maria das Dores Carvalho en YouTube. En otro comentario, uno de los suscriptores dijo:&quot; <em>\u201c&quot;He estado siguiendo el retiro y ha habido muchos momentos y palabras que me han conmovido profundamente.&quot;\u201d\u00a0<\/em><\/p>\n<p>Los videos se publican todos los d\u00edas a las 5 AM en el Canal Padre Eust\u00e1quio MIRA AQU\u00cd, hasta el Domingo de Ramos, cuando comienza la Semana Santa.<\/p>","protected":false},"excerpt":{"rendered":"<p>Fi\u00e9is e devotos do Beato Padre Eust\u00e1quio, espalhados por Minas Gerais e por todo o Brasil, est\u00e3o acompanhando os v\u00eddeos do Retiro Quaresmal 2024. Os programetes s\u00e3o gravados pelo padre Vin\u00edcius Maciel e pela equipe de produ\u00e7\u00e3o audiovisual da vice-postula\u00e7\u00e3o da Causa de Canoniza\u00e7\u00e3o de Padre Eust\u00e1quio. Desde a Quarta-feira de Cinzas (14\/02) padre Vin\u00edcius tem conduzido momentos de ora\u00e7\u00e3o e reflex\u00e3o no Canal Padre Eust\u00e1quio. As medita\u00e7\u00f5es t\u00eam cerca de 5 minutos e falam sobre temas relacionados a Quaresma e a Campanha da Fraternidade, com escritos do Papa Francisco e do Beato Padre Eust\u00e1quio. &#8220;\u00c9 maravilhoso este Retiro Quaresmal! [&hellip;]<\/p>\n","protected":false},"author":2,"featured_media":11112,"comment_status":"open","ping_status":"closed","sticky":false,"template":"","format":"standard","meta":{"_acf_changed":false,"footnotes":""},"categories":[611],"tags":[],"class_list":["post-11111","post","type-post","status-publish","format-standard","has-post-thumbnail","hentry","category-noticias"],"acf":[],"yoast_head":"<!-- This site is optimized with the Yoast SEO plugin v27.2 - https:\/\/yoast.com\/product\/yoast-seo-wordpress\/ -->\n<title>Devotos de todo o pa\u00eds acompanham o Retiro Quaresmal 2024<\/title>\n<meta name=\"description\" content=\"Fi\u00e9is e devotos do Beato Padre Eust\u00e1quio, espalhados por Minas Gerais e por todo o Brasil, est\u00e3o acompanhando os v\u00eddeos do Retiro Quaresmal 2024. Os programetes s\u00e3o gravados pelo padre Vin\u00edcius Maciel e pela equipe de produ\u00e7\u00e3o audiovisual da vice-postula\u00e7\u00e3o da Causa de Canoniza\u00e7\u00e3o de Padre Eust\u00e1quio.\" \/>\n<meta name=\"robots\" content=\"index, follow, max-snippet:-1, max-image-preview:large, max-video-preview:-1\" \/>\n<link rel=\"canonical\" href=\"https:\/\/www.padreeustaquio.com.br\/es\/devotos-de-todo-el-pais-estan-siguiendo-el-retiro-de-cuaresma-de-2024\/\" \/>\n<meta property=\"og:locale\" content=\"es_ES\" \/>\n<meta property=\"og:type\" content=\"article\" \/>\n<meta property=\"og:title\" content=\"Devotos de todo o pa\u00eds acompanham o Retiro Quaresmal 2024\" \/>\n<meta property=\"og:description\" content=\"Fi\u00e9is e devotos do Beato Padre Eust\u00e1quio, espalhados por Minas Gerais e por todo o Brasil, est\u00e3o acompanhando os v\u00eddeos do Retiro Quaresmal 2024. Os programetes s\u00e3o gravados pelo padre Vin\u00edcius Maciel e pela equipe de produ\u00e7\u00e3o audiovisual da vice-postula\u00e7\u00e3o da Causa de Canoniza\u00e7\u00e3o de Padre Eust\u00e1quio.\" \/>\n<meta property=\"og:url\" content=\"https:\/\/www.padreeustaquio.com.br\/es\/devotos-de-todo-el-pais-estan-siguiendo-el-retiro-de-cuaresma-de-2024\/\" \/>\n<meta property=\"og:site_name\" content=\"Padre Eust\u00e1quio\" \/>\n<meta property=\"article:publisher\" content=\"https:\/\/www.facebook.com\/beatopadreeustaquio\/\" \/>\n<meta property=\"article:published_time\" content=\"2024-03-01T10:09:51+00:00\" \/>\n<meta property=\"article:modified_time\" content=\"2024-03-01T16:04:26+00:00\" \/>\n<meta property=\"og:image\" content=\"https:\/\/www.padreeustaquio.com.br\/wp-content\/uploads\/2024\/02\/padre-vinicius-grava-retiro-quaresmal-e1709224565268.jpeg\" \/>\n\t<meta property=\"og:image:width\" content=\"1600\" \/>\n\t<meta property=\"og:image:height\" content=\"946\" \/>\n\t<meta property=\"og:image:type\" content=\"image\/jpeg\" \/>\n<meta name=\"author\" content=\"@sscc\" \/>\n<meta name=\"twitter:card\" content=\"summary_large_image\" \/>\n<meta name=\"twitter:creator\" content=\"@beatopeustaquio\" \/>\n<meta name=\"twitter:site\" content=\"@beatopeustaquio\" \/>\n<meta name=\"twitter:label1\" content=\"Escrito por\" \/>\n\t<meta name=\"twitter:data1\" content=\"@sscc\" \/>\n\t<meta name=\"twitter:label2\" content=\"Tiempo de lectura\" \/>\n\t<meta name=\"twitter:data2\" content=\"2 minutos\" \/>\n<script type=\"application\/ld+json\" class=\"yoast-schema-graph\">{\"@context\":\"https:\/\/schema.org\",\"@graph\":[{\"@type\":\"Article\",\"@id\":\"https:\/\/www.padreeustaquio.com.br\/devotos-de-todo-o-pais-acompanham-o-retiro-quaresmal-2024\/#article\",\"isPartOf\":{\"@id\":\"https:\/\/www.padreeustaquio.com.br\/devotos-de-todo-o-pais-acompanham-o-retiro-quaresmal-2024\/\"},\"author\":{\"name\":\"@sscc\",\"@id\":\"https:\/\/www.padreeustaquio.com.br\/#\/schema\/person\/a2a51db1d00f1a7af0204a0f1ddb1566\"},\"headline\":\"Devotos de todo o pa\u00eds acompanham o Retiro Quaresmal 2024\",\"datePublished\":\"2024-03-01T10:09:51+00:00\",\"dateModified\":\"2024-03-01T16:04:26+00:00\",\"mainEntityOfPage\":{\"@id\":\"https:\/\/www.padreeustaquio.com.br\/devotos-de-todo-o-pais-acompanham-o-retiro-quaresmal-2024\/\"},\"wordCount\":193,\"commentCount\":0,\"publisher\":{\"@id\":\"https:\/\/www.padreeustaquio.com.br\/#organization\"},\"image\":{\"@id\":\"https:\/\/www.padreeustaquio.com.br\/devotos-de-todo-o-pais-acompanham-o-retiro-quaresmal-2024\/#primaryimage\"},\"thumbnailUrl\":\"https:\/\/www.padreeustaquio.com.br\/wp-content\/uploads\/2024\/02\/padre-vinicius-grava-retiro-quaresmal-e1709224565268.jpeg\",\"articleSection\":[\"Not\u00edcias\"],\"inLanguage\":\"es\",\"potentialAction\":[{\"@type\":\"CommentAction\",\"name\":\"Comment\",\"target\":[\"https:\/\/www.padreeustaquio.com.br\/devotos-de-todo-o-pais-acompanham-o-retiro-quaresmal-2024\/#respond\"]}]},{\"@type\":\"WebPage\",\"@id\":\"https:\/\/www.padreeustaquio.com.br\/devotos-de-todo-o-pais-acompanham-o-retiro-quaresmal-2024\/\",\"url\":\"https:\/\/www.padreeustaquio.com.br\/devotos-de-todo-o-pais-acompanham-o-retiro-quaresmal-2024\/\",\"name\":\"Devotos de todo o pa\u00eds acompanham o Retiro Quaresmal 2024\",\"isPartOf\":{\"@id\":\"https:\/\/www.padreeustaquio.com.br\/#website\"},\"primaryImageOfPage\":{\"@id\":\"https:\/\/www.padreeustaquio.com.br\/devotos-de-todo-o-pais-acompanham-o-retiro-quaresmal-2024\/#primaryimage\"},\"image\":{\"@id\":\"https:\/\/www.padreeustaquio.com.br\/devotos-de-todo-o-pais-acompanham-o-retiro-quaresmal-2024\/#primaryimage\"},\"thumbnailUrl\":\"https:\/\/www.padreeustaquio.com.br\/wp-content\/uploads\/2024\/02\/padre-vinicius-grava-retiro-quaresmal-e1709224565268.jpeg\",\"datePublished\":\"2024-03-01T10:09:51+00:00\",\"dateModified\":\"2024-03-01T16:04:26+00:00\",\"description\":\"Fi\u00e9is e devotos do Beato Padre Eust\u00e1quio, espalhados por Minas Gerais e por todo o Brasil, est\u00e3o acompanhando os v\u00eddeos do Retiro Quaresmal 2024. Os programetes s\u00e3o gravados pelo padre Vin\u00edcius Maciel e pela equipe de produ\u00e7\u00e3o audiovisual da vice-postula\u00e7\u00e3o da Causa de Canoniza\u00e7\u00e3o de Padre Eust\u00e1quio.\",\"breadcrumb\":{\"@id\":\"https:\/\/www.padreeustaquio.com.br\/devotos-de-todo-o-pais-acompanham-o-retiro-quaresmal-2024\/#breadcrumb\"},\"inLanguage\":\"es\",\"potentialAction\":[{\"@type\":\"ReadAction\",\"target\":[\"https:\/\/www.padreeustaquio.com.br\/devotos-de-todo-o-pais-acompanham-o-retiro-quaresmal-2024\/\"]}]},{\"@type\":\"ImageObject\",\"inLanguage\":\"es\",\"@id\":\"https:\/\/www.padreeustaquio.com.br\/devotos-de-todo-o-pais-acompanham-o-retiro-quaresmal-2024\/#primaryimage\",\"url\":\"https:\/\/www.padreeustaquio.com.br\/wp-content\/uploads\/2024\/02\/padre-vinicius-grava-retiro-quaresmal-e1709224565268.jpeg\",\"contentUrl\":\"https:\/\/www.padreeustaquio.com.br\/wp-content\/uploads\/2024\/02\/padre-vinicius-grava-retiro-quaresmal-e1709224565268.jpeg\",\"width\":1600,\"height\":946},{\"@type\":\"BreadcrumbList\",\"@id\":\"https:\/\/www.padreeustaquio.com.br\/devotos-de-todo-o-pais-acompanham-o-retiro-quaresmal-2024\/#breadcrumb\",\"itemListElement\":[{\"@type\":\"ListItem\",\"position\":1,\"name\":\"In\u00edcio\",\"item\":\"https:\/\/www.padreeustaquio.com.br\/\"},{\"@type\":\"ListItem\",\"position\":2,\"name\":\"Devotos de todo o pa\u00eds acompanham o Retiro Quaresmal 2024\"}]},{\"@type\":\"WebSite\",\"@id\":\"https:\/\/www.padreeustaquio.com.br\/#website\",\"url\":\"https:\/\/www.padreeustaquio.com.br\/\",\"name\":\"Padre Eust\u00e1quio\",\"description\":\"Sa\u00fade e Paz\",\"publisher\":{\"@id\":\"https:\/\/www.padreeustaquio.com.br\/#organization\"},\"potentialAction\":[{\"@type\":\"SearchAction\",\"target\":{\"@type\":\"EntryPoint\",\"urlTemplate\":\"https:\/\/www.padreeustaquio.com.br\/?s={search_term_string}\"},\"query-input\":{\"@type\":\"PropertyValueSpecification\",\"valueRequired\":true,\"valueName\":\"search_term_string\"}}],\"inLanguage\":\"es\"},{\"@type\":\"Organization\",\"@id\":\"https:\/\/www.padreeustaquio.com.br\/#organization\",\"name\":\"Padre Eust\u00e1quio\",\"url\":\"https:\/\/www.padreeustaquio.com.br\/\",\"logo\":{\"@type\":\"ImageObject\",\"inLanguage\":\"es\",\"@id\":\"https:\/\/www.padreeustaquio.com.br\/#\/schema\/logo\/image\/\",\"url\":\"https:\/\/www.padreeustaquio.com.br\/wp-content\/uploads\/2019\/08\/marca.png\",\"contentUrl\":\"https:\/\/www.padreeustaquio.com.br\/wp-content\/uploads\/2019\/08\/marca.png\",\"width\":350,\"height\":400,\"caption\":\"Padre Eust\u00e1quio\"},\"image\":{\"@id\":\"https:\/\/www.padreeustaquio.com.br\/#\/schema\/logo\/image\/\"},\"sameAs\":[\"https:\/\/www.facebook.com\/beatopadreeustaquio\/\",\"https:\/\/x.com\/beatopeustaquio\",\"https:\/\/www.instagram.com\/beatopadreeustaquio\/\",\"https:\/\/www.youtube.com\/channel\/UCRhw7vfabnajwLxb1ZXMeIw\"]},{\"@type\":\"Person\",\"@id\":\"https:\/\/www.padreeustaquio.com.br\/#\/schema\/person\/a2a51db1d00f1a7af0204a0f1ddb1566\",\"name\":\"@sscc\",\"image\":{\"@type\":\"ImageObject\",\"inLanguage\":\"es\",\"@id\":\"https:\/\/secure.gravatar.com\/avatar\/68cfafa5f44617fea54071e215026e0ff06be366c3d54a8425f04fdcb86f8c5f?s=96&d=mm&r=g\",\"url\":\"https:\/\/secure.gravatar.com\/avatar\/68cfafa5f44617fea54071e215026e0ff06be366c3d54a8425f04fdcb86f8c5f?s=96&d=mm&r=g\",\"contentUrl\":\"https:\/\/secure.gravatar.com\/avatar\/68cfafa5f44617fea54071e215026e0ff06be366c3d54a8425f04fdcb86f8c5f?s=96&d=mm&r=g\",\"caption\":\"@sscc\"},\"url\":\"https:\/\/www.padreeustaquio.com.br\/es\/author\/sscc\/\"}]}<\/script>\n<!-- \/ Yoast SEO plugin. -->","yoast_head_json":{"title":"Devotos de todo el pa\u00eds est\u00e1n siguiendo el Retiro de Cuaresma 2024.","description":"Los fieles seguidores y devotos del Beato Padre Eust\u00e1quio, diseminados por Minas Gerais y todo Brasil, est\u00e1n viendo los videos del Retiro de Cuaresma de 2024. Los breves programas son grabados por el Padre Vin\u00edcius Maciel y el equipo de producci\u00f3n audiovisual de la vicepostulaci\u00f3n de la Causa de Canonizaci\u00f3n del Padre Eust\u00e1quio.","robots":{"index":"index","follow":"follow","max-snippet":"max-snippet:-1","max-image-preview":"max-image-preview:large","max-video-preview":"max-video-preview:-1"},"canonical":"https:\/\/www.padreeustaquio.com.br\/es\/devotos-de-todo-el-pais-estan-siguiendo-el-retiro-de-cuaresma-de-2024\/","og_locale":"es_ES","og_type":"article","og_title":"Devotos de todo o pa\u00eds acompanham o Retiro Quaresmal 2024","og_description":"Fi\u00e9is e devotos do Beato Padre Eust\u00e1quio, espalhados por Minas Gerais e por todo o Brasil, est\u00e3o acompanhando os v\u00eddeos do Retiro Quaresmal 2024. Os programetes s\u00e3o gravados pelo padre Vin\u00edcius Maciel e pela equipe de produ\u00e7\u00e3o audiovisual da vice-postula\u00e7\u00e3o da Causa de Canoniza\u00e7\u00e3o de Padre Eust\u00e1quio.","og_url":"https:\/\/www.padreeustaquio.com.br\/es\/devotos-de-todo-el-pais-estan-siguiendo-el-retiro-de-cuaresma-de-2024\/","og_site_name":"Padre Eust\u00e1quio","article_publisher":"https:\/\/www.facebook.com\/beatopadreeustaquio\/","article_published_time":"2024-03-01T10:09:51+00:00","article_modified_time":"2024-03-01T16:04:26+00:00","og_image":[{"width":1600,"height":946,"url":"https:\/\/www.padreeustaquio.com.br\/wp-content\/uploads\/2024\/02\/padre-vinicius-grava-retiro-quaresmal-e1709224565268.jpeg","type":"image\/jpeg"}],"author":"@sscc","twitter_card":"summary_large_image","twitter_creator":"@beatopeustaquio","twitter_site":"@beatopeustaquio","twitter_misc":{"Escrito por":"@sscc","Tiempo de lectura":"2 minutos"},"schema":{"@context":"https:\/\/schema.org","@graph":[{"@type":"Article","@id":"https:\/\/www.padreeustaquio.com.br\/devotos-de-todo-o-pais-acompanham-o-retiro-quaresmal-2024\/#article","isPartOf":{"@id":"https:\/\/www.padreeustaquio.com.br\/devotos-de-todo-o-pais-acompanham-o-retiro-quaresmal-2024\/"},"author":{"name":"@sscc","@id":"https:\/\/www.padreeustaquio.com.br\/#\/schema\/person\/a2a51db1d00f1a7af0204a0f1ddb1566"},"headline":"Devotos de todo o pa\u00eds acompanham o Retiro Quaresmal 2024","datePublished":"2024-03-01T10:09:51+00:00","dateModified":"2024-03-01T16:04:26+00:00","mainEntityOfPage":{"@id":"https:\/\/www.padreeustaquio.com.br\/devotos-de-todo-o-pais-acompanham-o-retiro-quaresmal-2024\/"},"wordCount":193,"commentCount":0,"publisher":{"@id":"https:\/\/www.padreeustaquio.com.br\/#organization"},"image":{"@id":"https:\/\/www.padreeustaquio.com.br\/devotos-de-todo-o-pais-acompanham-o-retiro-quaresmal-2024\/#primaryimage"},"thumbnailUrl":"https:\/\/www.padreeustaquio.com.br\/wp-content\/uploads\/2024\/02\/padre-vinicius-grava-retiro-quaresmal-e1709224565268.jpeg","articleSection":["Not\u00edcias"],"inLanguage":"es","potentialAction":[{"@type":"CommentAction","name":"Comment","target":["https:\/\/www.padreeustaquio.com.br\/devotos-de-todo-o-pais-acompanham-o-retiro-quaresmal-2024\/#respond"]}]},{"@type":"WebPage","@id":"https:\/\/www.padreeustaquio.com.br\/devotos-de-todo-o-pais-acompanham-o-retiro-quaresmal-2024\/","url":"https:\/\/www.padreeustaquio.com.br\/devotos-de-todo-o-pais-acompanham-o-retiro-quaresmal-2024\/","name":"Devotos de todo el pa\u00eds est\u00e1n siguiendo el Retiro de Cuaresma 2024.","isPartOf":{"@id":"https:\/\/www.padreeustaquio.com.br\/#website"},"primaryImageOfPage":{"@id":"https:\/\/www.padreeustaquio.com.br\/devotos-de-todo-o-pais-acompanham-o-retiro-quaresmal-2024\/#primaryimage"},"image":{"@id":"https:\/\/www.padreeustaquio.com.br\/devotos-de-todo-o-pais-acompanham-o-retiro-quaresmal-2024\/#primaryimage"},"thumbnailUrl":"https:\/\/www.padreeustaquio.com.br\/wp-content\/uploads\/2024\/02\/padre-vinicius-grava-retiro-quaresmal-e1709224565268.jpeg","datePublished":"2024-03-01T10:09:51+00:00","dateModified":"2024-03-01T16:04:26+00:00","description":"Los fieles seguidores y devotos del Beato Padre Eust\u00e1quio, diseminados por Minas Gerais y todo Brasil, est\u00e1n viendo los videos del Retiro de Cuaresma de 2024. Los breves programas son grabados por el Padre Vin\u00edcius Maciel y el equipo de producci\u00f3n audiovisual de la vicepostulaci\u00f3n de la Causa de Canonizaci\u00f3n del Padre Eust\u00e1quio.","breadcrumb":{"@id":"https:\/\/www.padreeustaquio.com.br\/devotos-de-todo-o-pais-acompanham-o-retiro-quaresmal-2024\/#breadcrumb"},"inLanguage":"es","potentialAction":[{"@type":"ReadAction","target":["https:\/\/www.padreeustaquio.com.br\/devotos-de-todo-o-pais-acompanham-o-retiro-quaresmal-2024\/"]}]},{"@type":"ImageObject","inLanguage":"es","@id":"https:\/\/www.padreeustaquio.com.br\/devotos-de-todo-o-pais-acompanham-o-retiro-quaresmal-2024\/#primaryimage","url":"https:\/\/www.padreeustaquio.com.br\/wp-content\/uploads\/2024\/02\/padre-vinicius-grava-retiro-quaresmal-e1709224565268.jpeg","contentUrl":"https:\/\/www.padreeustaquio.com.br\/wp-content\/uploads\/2024\/02\/padre-vinicius-grava-retiro-quaresmal-e1709224565268.jpeg","width":1600,"height":946},{"@type":"BreadcrumbList","@id":"https:\/\/www.padreeustaquio.com.br\/devotos-de-todo-o-pais-acompanham-o-retiro-quaresmal-2024\/#breadcrumb","itemListElement":[{"@type":"ListItem","position":1,"name":"In\u00edcio","item":"https:\/\/www.padreeustaquio.com.br\/"},{"@type":"ListItem","position":2,"name":"Devotos de todo o pa\u00eds acompanham o Retiro Quaresmal 2024"}]},{"@type":"WebSite","@id":"https:\/\/www.padreeustaquio.com.br\/#website","url":"https:\/\/www.padreeustaquio.com.br\/","name":"Padre Eustace","description":"Salud y Paz","publisher":{"@id":"https:\/\/www.padreeustaquio.com.br\/#organization"},"potentialAction":[{"@type":"SearchAction","target":{"@type":"EntryPoint","urlTemplate":"https:\/\/www.padreeustaquio.com.br\/?s={search_term_string}"},"query-input":{"@type":"PropertyValueSpecification","valueRequired":true,"valueName":"search_term_string"}}],"inLanguage":"es"},{"@type":"Organization","@id":"https:\/\/www.padreeustaquio.com.br\/#organization","name":"Padre Eustace","url":"https:\/\/www.padreeustaquio.com.br\/","logo":{"@type":"ImageObject","inLanguage":"es","@id":"https:\/\/www.padreeustaquio.com.br\/#\/schema\/logo\/image\/","url":"https:\/\/www.padreeustaquio.com.br\/wp-content\/uploads\/2019\/08\/marca.png","contentUrl":"https:\/\/www.padreeustaquio.com.br\/wp-content\/uploads\/2019\/08\/marca.png","width":350,"height":400,"caption":"Padre Eust\u00e1quio"},"image":{"@id":"https:\/\/www.padreeustaquio.com.br\/#\/schema\/logo\/image\/"},"sameAs":["https:\/\/www.facebook.com\/beatopadreeustaquio\/","https:\/\/x.com\/beatopeustaquio","https:\/\/www.instagram.com\/beatopadreeustaquio\/","https:\/\/www.youtube.com\/channel\/UCRhw7vfabnajwLxb1ZXMeIw"]},{"@type":"Person","@id":"https:\/\/www.padreeustaquio.com.br\/#\/schema\/person\/a2a51db1d00f1a7af0204a0f1ddb1566","name":"@sscc","image":{"@type":"ImageObject","inLanguage":"es","@id":"https:\/\/secure.gravatar.com\/avatar\/68cfafa5f44617fea54071e215026e0ff06be366c3d54a8425f04fdcb86f8c5f?s=96&d=mm&r=g","url":"https:\/\/secure.gravatar.com\/avatar\/68cfafa5f44617fea54071e215026e0ff06be366c3d54a8425f04fdcb86f8c5f?s=96&d=mm&r=g","contentUrl":"https:\/\/secure.gravatar.com\/avatar\/68cfafa5f44617fea54071e215026e0ff06be366c3d54a8425f04fdcb86f8c5f?s=96&d=mm&r=g","caption":"@sscc"},"url":"https:\/\/www.padreeustaquio.com.br\/es\/author\/sscc\/"}]}},"_links":{"self":[{"href":"https:\/\/www.padreeustaquio.com.br\/es\/wp-json\/wp\/v2\/posts\/11111","targetHints":{"allow":["GET"]}}],"collection":[{"href":"https:\/\/www.padreeustaquio.com.br\/es\/wp-json\/wp\/v2\/posts"}],"about":[{"href":"https:\/\/www.padreeustaquio.com.br\/es\/wp-json\/wp\/v2\/types\/post"}],"author":[{"embeddable":true,"href":"https:\/\/www.padreeustaquio.com.br\/es\/wp-json\/wp\/v2\/users\/2"}],"replies":[{"embeddable":true,"href":"https:\/\/www.padreeustaquio.com.br\/es\/wp-json\/wp\/v2\/comments?post=11111"}],"version-history":[{"count":0,"href":"https:\/\/www.padreeustaquio.com.br\/es\/wp-json\/wp\/v2\/posts\/11111\/revisions"}],"wp:featuredmedia":[{"embeddable":true,"href":"https:\/\/www.padreeustaquio.com.br\/es\/wp-json\/wp\/v2\/media\/11112"}],"wp:attachment":[{"href":"https:\/\/www.padreeustaquio.com.br\/es\/wp-json\/wp\/v2\/media?parent=11111"}],"wp:term":[{"taxonomy":"category","embeddable":true,"href":"https:\/\/www.padreeustaquio.com.br\/es\/wp-json\/wp\/v2\/categories?post=11111"},{"taxonomy":"post_tag","embeddable":true,"href":"https:\/\/www.padreeustaquio.com.br\/es\/wp-json\/wp\/v2\/tags?post=11111"}],"curies":[{"name":"wp","href":"https:\/\/api.w.org\/{rel}","templated":true}]}}