{"id":11107,"date":"2024-02-28T09:59:17","date_gmt":"2024-02-28T12:59:17","guid":{"rendered":"https:\/\/www.padreeustaquio.com.br\/?p=11107"},"modified":"2024-02-28T11:42:29","modified_gmt":"2024-02-28T14:42:29","slug":"construccion-de-la-iglesia-beato-padre-eustaquio-en-esmeraldas-mg-entra-en-fase-de-finalizacion","status":"publish","type":"post","link":"https:\/\/www.padreeustaquio.com.br\/es\/construccion-de-la-iglesia-beato-padre-eustaquio-en-esmeraldas-mg-entra-en-fase-de-finalizacion\/","title":{"rendered":"Construcci\u00f3n de la Iglesia Beato Padre Eust\u00e1quio en Esmeraldas-MG entra en fase de finalizaci\u00f3n."},"content":{"rendered":"<p>Las obras de construcci\u00f3n de la Iglesia del Beato Padre Eustaquio en Esmeraldas, en la regi\u00f3n metropolitana de Belo Horizonte, han entrado en la fase de revestimiento de paredes. Actualmente, se est\u00e1 aplicando yeso en el sitio para dar los toques finales.<\/p>\n<p>Todos los materiales se obtuvieron gracias a donaciones y voluntarios que trabajan incansablemente para completar la nueva iglesia principal de la ciudad. La comunidad est\u00e1 movilizando a la gente para recaudar fondos para continuar las obras.<\/p>\n<p>Ahora el objetivo es repavimentar toda la iglesia lo antes posible. Con los fondos recaudados, ya se ha cubierto toda la iglesia y se ha comenzado el enlucido, como se muestra en la foto. La comunidad cuenta con la colaboraci\u00f3n de todos. Quienes puedan y quieran ayudar pueden contactar al equipo de la iglesia los domingos despu\u00e9s del servicio o hacer un dep\u00f3sito bancario. Tengan la seguridad de que su contribuci\u00f3n ser\u00e1 bien utilizada en este proyecto.<\/p>\n<p><strong>Las donaciones se pueden realizar mediante transferencia bancaria (C\/P): 739136689-8 \u2013 OP. 1388 \u2013 CEF Ag. 2782 o en las propias celebraciones eucar\u00edsticas. CNPJ: 23.502.227\/0001-30. Las donaciones tambi\u00e9n se pueden realizar mediante transferencia bancaria (TED), dep\u00f3sitos en puntos de loter\u00eda, CEF, cajeros autom\u00e1ticos o PIX al 23502227000130. PIX a ABFIPE \u2013 Associa\u00e7\u00e3o dos Benfeitores da Futura Igreja Beato Padre Eust\u00e1quio.<\/strong><\/p>\n<p>El equipo responsable de la Asociaci\u00f3n estar\u00e1 disponible todos los domingos a partir de las 8:30 a. m. para quienes deseen visitar la obra. Participe y vea lo que se est\u00e1 logrando gracias a su apoyo y contribuci\u00f3n.<\/p>","protected":false},"excerpt":{"rendered":"<p>As obras da Igreja Beato Padre Eust\u00e1quio, em Esmeraldas, na regi\u00e3o metropolitana de Belo Horizonte, entraram na fase de revestimento das paredes. Atualmente, o local est\u00e1 sendo rebocado para receber os acabamentos. Todo o material tem sido conseguido com a ajuda de doa\u00e7\u00f5es e de volunt\u00e1rios que trabalham incansavelmente para ver pronta a nova Matriz da cidade. A comunidade est\u00e1 mobilizando as pessoas para angariar recursos para a continua\u00e7\u00e3o da obra. Agora a meta \u00e9 rebocar toda a igreja o mais breve poss\u00edvel. Com os recursos adquiridos j\u00e1 foi coberta toda a igreja e j\u00e1 foi iniciado o reboco conforme [&hellip;]<\/p>\n","protected":false},"author":2,"featured_media":11108,"comment_status":"open","ping_status":"closed","sticky":false,"template":"","format":"standard","meta":{"_acf_changed":false,"footnotes":""},"categories":[611],"tags":[],"class_list":["post-11107","post","type-post","status-publish","format-standard","has-post-thumbnail","hentry","category-noticias"],"acf":[],"yoast_head":"<!-- This site is optimized with the Yoast SEO plugin v27.2 - https:\/\/yoast.com\/product\/yoast-seo-wordpress\/ -->\n<title>Obras da Igreja Beato Padre Eust\u00e1quio em Esmeraldas-MG entra na fase de revestimentos<\/title>\n<meta name=\"description\" content=\"As obras da Igreja Beato Padre Eust\u00e1quio, em Esmeraldas, na regi\u00e3o metropolitana de Belo Horizonte, entrou na fase de revestimento das paredes. Atualmente, o local est\u00e1 sendo rebocado para receber os acabamentos.\" \/>\n<meta name=\"robots\" content=\"index, follow, max-snippet:-1, max-image-preview:large, max-video-preview:-1\" \/>\n<link rel=\"canonical\" href=\"https:\/\/www.padreeustaquio.com.br\/es\/construccion-de-la-iglesia-beato-padre-eustaquio-en-esmeraldas-mg-entra-en-fase-de-finalizacion\/\" \/>\n<meta property=\"og:locale\" content=\"es_ES\" \/>\n<meta property=\"og:type\" content=\"article\" \/>\n<meta property=\"og:title\" content=\"Obras da Igreja Beato Padre Eust\u00e1quio em Esmeraldas-MG entra na fase de revestimentos\" \/>\n<meta property=\"og:description\" content=\"As obras da Igreja Beato Padre Eust\u00e1quio, em Esmeraldas, na regi\u00e3o metropolitana de Belo Horizonte, entrou na fase de revestimento das paredes. Atualmente, o local est\u00e1 sendo rebocado para receber os acabamentos.\" \/>\n<meta property=\"og:url\" content=\"https:\/\/www.padreeustaquio.com.br\/es\/construccion-de-la-iglesia-beato-padre-eustaquio-en-esmeraldas-mg-entra-en-fase-de-finalizacion\/\" \/>\n<meta property=\"og:site_name\" content=\"Padre Eust\u00e1quio\" \/>\n<meta property=\"article:publisher\" content=\"https:\/\/www.facebook.com\/beatopadreeustaquio\/\" \/>\n<meta property=\"article:published_time\" content=\"2024-02-28T12:59:17+00:00\" \/>\n<meta property=\"article:modified_time\" content=\"2024-02-28T14:42:29+00:00\" \/>\n<meta property=\"og:image\" content=\"https:\/\/www.padreeustaquio.com.br\/wp-content\/uploads\/2024\/02\/REBOCO-IGREJ-PE-ESMERALDAS.jpg\" \/>\n\t<meta property=\"og:image:width\" content=\"748\" \/>\n\t<meta property=\"og:image:height\" content=\"394\" \/>\n\t<meta property=\"og:image:type\" content=\"image\/jpeg\" \/>\n<meta name=\"author\" content=\"@sscc\" \/>\n<meta name=\"twitter:card\" content=\"summary_large_image\" \/>\n<meta name=\"twitter:creator\" content=\"@beatopeustaquio\" \/>\n<meta name=\"twitter:site\" content=\"@beatopeustaquio\" \/>\n<meta name=\"twitter:label1\" content=\"Escrito por\" \/>\n\t<meta name=\"twitter:data1\" content=\"@sscc\" \/>\n\t<meta name=\"twitter:label2\" content=\"Tiempo de lectura\" \/>\n\t<meta name=\"twitter:data2\" content=\"2 minutos\" \/>\n<script type=\"application\/ld+json\" class=\"yoast-schema-graph\">{\"@context\":\"https:\/\/schema.org\",\"@graph\":[{\"@type\":\"Article\",\"@id\":\"https:\/\/www.padreeustaquio.com.br\/obras-da-igreja-beato-padre-eustaquio-em-esmeraldas-mg-entra-na-fase-de-revestimentos\/#article\",\"isPartOf\":{\"@id\":\"https:\/\/www.padreeustaquio.com.br\/obras-da-igreja-beato-padre-eustaquio-em-esmeraldas-mg-entra-na-fase-de-revestimentos\/\"},\"author\":{\"name\":\"@sscc\",\"@id\":\"https:\/\/www.padreeustaquio.com.br\/#\/schema\/person\/a2a51db1d00f1a7af0204a0f1ddb1566\"},\"headline\":\"Obras da Igreja Beato Padre Eust\u00e1quio em Esmeraldas-MG entra na fase de revestimentos\",\"datePublished\":\"2024-02-28T12:59:17+00:00\",\"dateModified\":\"2024-02-28T14:42:29+00:00\",\"mainEntityOfPage\":{\"@id\":\"https:\/\/www.padreeustaquio.com.br\/obras-da-igreja-beato-padre-eustaquio-em-esmeraldas-mg-entra-na-fase-de-revestimentos\/\"},\"wordCount\":263,\"commentCount\":0,\"publisher\":{\"@id\":\"https:\/\/www.padreeustaquio.com.br\/#organization\"},\"image\":{\"@id\":\"https:\/\/www.padreeustaquio.com.br\/obras-da-igreja-beato-padre-eustaquio-em-esmeraldas-mg-entra-na-fase-de-revestimentos\/#primaryimage\"},\"thumbnailUrl\":\"https:\/\/www.padreeustaquio.com.br\/wp-content\/uploads\/2024\/02\/REBOCO-IGREJ-PE-ESMERALDAS.jpg\",\"articleSection\":[\"Not\u00edcias\"],\"inLanguage\":\"es\",\"potentialAction\":[{\"@type\":\"CommentAction\",\"name\":\"Comment\",\"target\":[\"https:\/\/www.padreeustaquio.com.br\/obras-da-igreja-beato-padre-eustaquio-em-esmeraldas-mg-entra-na-fase-de-revestimentos\/#respond\"]}]},{\"@type\":\"WebPage\",\"@id\":\"https:\/\/www.padreeustaquio.com.br\/obras-da-igreja-beato-padre-eustaquio-em-esmeraldas-mg-entra-na-fase-de-revestimentos\/\",\"url\":\"https:\/\/www.padreeustaquio.com.br\/obras-da-igreja-beato-padre-eustaquio-em-esmeraldas-mg-entra-na-fase-de-revestimentos\/\",\"name\":\"Obras da Igreja Beato Padre Eust\u00e1quio em Esmeraldas-MG entra na fase de revestimentos\",\"isPartOf\":{\"@id\":\"https:\/\/www.padreeustaquio.com.br\/#website\"},\"primaryImageOfPage\":{\"@id\":\"https:\/\/www.padreeustaquio.com.br\/obras-da-igreja-beato-padre-eustaquio-em-esmeraldas-mg-entra-na-fase-de-revestimentos\/#primaryimage\"},\"image\":{\"@id\":\"https:\/\/www.padreeustaquio.com.br\/obras-da-igreja-beato-padre-eustaquio-em-esmeraldas-mg-entra-na-fase-de-revestimentos\/#primaryimage\"},\"thumbnailUrl\":\"https:\/\/www.padreeustaquio.com.br\/wp-content\/uploads\/2024\/02\/REBOCO-IGREJ-PE-ESMERALDAS.jpg\",\"datePublished\":\"2024-02-28T12:59:17+00:00\",\"dateModified\":\"2024-02-28T14:42:29+00:00\",\"description\":\"As obras da Igreja Beato Padre Eust\u00e1quio, em Esmeraldas, na regi\u00e3o metropolitana de Belo Horizonte, entrou na fase de revestimento das paredes. Atualmente, o local est\u00e1 sendo rebocado para receber os acabamentos.\",\"breadcrumb\":{\"@id\":\"https:\/\/www.padreeustaquio.com.br\/obras-da-igreja-beato-padre-eustaquio-em-esmeraldas-mg-entra-na-fase-de-revestimentos\/#breadcrumb\"},\"inLanguage\":\"es\",\"potentialAction\":[{\"@type\":\"ReadAction\",\"target\":[\"https:\/\/www.padreeustaquio.com.br\/obras-da-igreja-beato-padre-eustaquio-em-esmeraldas-mg-entra-na-fase-de-revestimentos\/\"]}]},{\"@type\":\"ImageObject\",\"inLanguage\":\"es\",\"@id\":\"https:\/\/www.padreeustaquio.com.br\/obras-da-igreja-beato-padre-eustaquio-em-esmeraldas-mg-entra-na-fase-de-revestimentos\/#primaryimage\",\"url\":\"https:\/\/www.padreeustaquio.com.br\/wp-content\/uploads\/2024\/02\/REBOCO-IGREJ-PE-ESMERALDAS.jpg\",\"contentUrl\":\"https:\/\/www.padreeustaquio.com.br\/wp-content\/uploads\/2024\/02\/REBOCO-IGREJ-PE-ESMERALDAS.jpg\",\"width\":748,\"height\":394},{\"@type\":\"BreadcrumbList\",\"@id\":\"https:\/\/www.padreeustaquio.com.br\/obras-da-igreja-beato-padre-eustaquio-em-esmeraldas-mg-entra-na-fase-de-revestimentos\/#breadcrumb\",\"itemListElement\":[{\"@type\":\"ListItem\",\"position\":1,\"name\":\"In\u00edcio\",\"item\":\"https:\/\/www.padreeustaquio.com.br\/\"},{\"@type\":\"ListItem\",\"position\":2,\"name\":\"Obras da Igreja Beato Padre Eust\u00e1quio em Esmeraldas-MG entra na fase de revestimentos\"}]},{\"@type\":\"WebSite\",\"@id\":\"https:\/\/www.padreeustaquio.com.br\/#website\",\"url\":\"https:\/\/www.padreeustaquio.com.br\/\",\"name\":\"Padre Eust\u00e1quio\",\"description\":\"Sa\u00fade e Paz\",\"publisher\":{\"@id\":\"https:\/\/www.padreeustaquio.com.br\/#organization\"},\"potentialAction\":[{\"@type\":\"SearchAction\",\"target\":{\"@type\":\"EntryPoint\",\"urlTemplate\":\"https:\/\/www.padreeustaquio.com.br\/?s={search_term_string}\"},\"query-input\":{\"@type\":\"PropertyValueSpecification\",\"valueRequired\":true,\"valueName\":\"search_term_string\"}}],\"inLanguage\":\"es\"},{\"@type\":\"Organization\",\"@id\":\"https:\/\/www.padreeustaquio.com.br\/#organization\",\"name\":\"Padre Eust\u00e1quio\",\"url\":\"https:\/\/www.padreeustaquio.com.br\/\",\"logo\":{\"@type\":\"ImageObject\",\"inLanguage\":\"es\",\"@id\":\"https:\/\/www.padreeustaquio.com.br\/#\/schema\/logo\/image\/\",\"url\":\"https:\/\/www.padreeustaquio.com.br\/wp-content\/uploads\/2019\/08\/marca.png\",\"contentUrl\":\"https:\/\/www.padreeustaquio.com.br\/wp-content\/uploads\/2019\/08\/marca.png\",\"width\":350,\"height\":400,\"caption\":\"Padre Eust\u00e1quio\"},\"image\":{\"@id\":\"https:\/\/www.padreeustaquio.com.br\/#\/schema\/logo\/image\/\"},\"sameAs\":[\"https:\/\/www.facebook.com\/beatopadreeustaquio\/\",\"https:\/\/x.com\/beatopeustaquio\",\"https:\/\/www.instagram.com\/beatopadreeustaquio\/\",\"https:\/\/www.youtube.com\/channel\/UCRhw7vfabnajwLxb1ZXMeIw\"]},{\"@type\":\"Person\",\"@id\":\"https:\/\/www.padreeustaquio.com.br\/#\/schema\/person\/a2a51db1d00f1a7af0204a0f1ddb1566\",\"name\":\"@sscc\",\"image\":{\"@type\":\"ImageObject\",\"inLanguage\":\"es\",\"@id\":\"https:\/\/secure.gravatar.com\/avatar\/68cfafa5f44617fea54071e215026e0ff06be366c3d54a8425f04fdcb86f8c5f?s=96&d=mm&r=g\",\"url\":\"https:\/\/secure.gravatar.com\/avatar\/68cfafa5f44617fea54071e215026e0ff06be366c3d54a8425f04fdcb86f8c5f?s=96&d=mm&r=g\",\"contentUrl\":\"https:\/\/secure.gravatar.com\/avatar\/68cfafa5f44617fea54071e215026e0ff06be366c3d54a8425f04fdcb86f8c5f?s=96&d=mm&r=g\",\"caption\":\"@sscc\"},\"url\":\"https:\/\/www.padreeustaquio.com.br\/es\/author\/sscc\/\"}]}<\/script>\n<!-- \/ Yoast SEO plugin. -->","yoast_head_json":{"title":"Construcci\u00f3n de la Iglesia Beato Padre Eust\u00e1quio en Esmeraldas-MG entra en fase de finalizaci\u00f3n.","description":"La construcci\u00f3n de la Iglesia del Beato Padre Eustaquio en Esmeraldas, en la regi\u00f3n metropolitana de Belo Horizonte, ha entrado en la fase de revestimiento de paredes. Actualmente, se est\u00e1 enyesando el terreno para dar los toques finales.","robots":{"index":"index","follow":"follow","max-snippet":"max-snippet:-1","max-image-preview":"max-image-preview:large","max-video-preview":"max-video-preview:-1"},"canonical":"https:\/\/www.padreeustaquio.com.br\/es\/construccion-de-la-iglesia-beato-padre-eustaquio-en-esmeraldas-mg-entra-en-fase-de-finalizacion\/","og_locale":"es_ES","og_type":"article","og_title":"Obras da Igreja Beato Padre Eust\u00e1quio em Esmeraldas-MG entra na fase de revestimentos","og_description":"As obras da Igreja Beato Padre Eust\u00e1quio, em Esmeraldas, na regi\u00e3o metropolitana de Belo Horizonte, entrou na fase de revestimento das paredes. Atualmente, o local est\u00e1 sendo rebocado para receber os acabamentos.","og_url":"https:\/\/www.padreeustaquio.com.br\/es\/construccion-de-la-iglesia-beato-padre-eustaquio-en-esmeraldas-mg-entra-en-fase-de-finalizacion\/","og_site_name":"Padre Eust\u00e1quio","article_publisher":"https:\/\/www.facebook.com\/beatopadreeustaquio\/","article_published_time":"2024-02-28T12:59:17+00:00","article_modified_time":"2024-02-28T14:42:29+00:00","og_image":[{"width":748,"height":394,"url":"https:\/\/www.padreeustaquio.com.br\/wp-content\/uploads\/2024\/02\/REBOCO-IGREJ-PE-ESMERALDAS.jpg","type":"image\/jpeg"}],"author":"@sscc","twitter_card":"summary_large_image","twitter_creator":"@beatopeustaquio","twitter_site":"@beatopeustaquio","twitter_misc":{"Escrito por":"@sscc","Tiempo de lectura":"2 minutos"},"schema":{"@context":"https:\/\/schema.org","@graph":[{"@type":"Article","@id":"https:\/\/www.padreeustaquio.com.br\/obras-da-igreja-beato-padre-eustaquio-em-esmeraldas-mg-entra-na-fase-de-revestimentos\/#article","isPartOf":{"@id":"https:\/\/www.padreeustaquio.com.br\/obras-da-igreja-beato-padre-eustaquio-em-esmeraldas-mg-entra-na-fase-de-revestimentos\/"},"author":{"name":"@sscc","@id":"https:\/\/www.padreeustaquio.com.br\/#\/schema\/person\/a2a51db1d00f1a7af0204a0f1ddb1566"},"headline":"Obras da Igreja Beato Padre Eust\u00e1quio em Esmeraldas-MG entra na fase de revestimentos","datePublished":"2024-02-28T12:59:17+00:00","dateModified":"2024-02-28T14:42:29+00:00","mainEntityOfPage":{"@id":"https:\/\/www.padreeustaquio.com.br\/obras-da-igreja-beato-padre-eustaquio-em-esmeraldas-mg-entra-na-fase-de-revestimentos\/"},"wordCount":263,"commentCount":0,"publisher":{"@id":"https:\/\/www.padreeustaquio.com.br\/#organization"},"image":{"@id":"https:\/\/www.padreeustaquio.com.br\/obras-da-igreja-beato-padre-eustaquio-em-esmeraldas-mg-entra-na-fase-de-revestimentos\/#primaryimage"},"thumbnailUrl":"https:\/\/www.padreeustaquio.com.br\/wp-content\/uploads\/2024\/02\/REBOCO-IGREJ-PE-ESMERALDAS.jpg","articleSection":["Not\u00edcias"],"inLanguage":"es","potentialAction":[{"@type":"CommentAction","name":"Comment","target":["https:\/\/www.padreeustaquio.com.br\/obras-da-igreja-beato-padre-eustaquio-em-esmeraldas-mg-entra-na-fase-de-revestimentos\/#respond"]}]},{"@type":"WebPage","@id":"https:\/\/www.padreeustaquio.com.br\/obras-da-igreja-beato-padre-eustaquio-em-esmeraldas-mg-entra-na-fase-de-revestimentos\/","url":"https:\/\/www.padreeustaquio.com.br\/obras-da-igreja-beato-padre-eustaquio-em-esmeraldas-mg-entra-na-fase-de-revestimentos\/","name":"Construcci\u00f3n de la Iglesia Beato Padre Eust\u00e1quio en Esmeraldas-MG entra en fase de finalizaci\u00f3n.","isPartOf":{"@id":"https:\/\/www.padreeustaquio.com.br\/#website"},"primaryImageOfPage":{"@id":"https:\/\/www.padreeustaquio.com.br\/obras-da-igreja-beato-padre-eustaquio-em-esmeraldas-mg-entra-na-fase-de-revestimentos\/#primaryimage"},"image":{"@id":"https:\/\/www.padreeustaquio.com.br\/obras-da-igreja-beato-padre-eustaquio-em-esmeraldas-mg-entra-na-fase-de-revestimentos\/#primaryimage"},"thumbnailUrl":"https:\/\/www.padreeustaquio.com.br\/wp-content\/uploads\/2024\/02\/REBOCO-IGREJ-PE-ESMERALDAS.jpg","datePublished":"2024-02-28T12:59:17+00:00","dateModified":"2024-02-28T14:42:29+00:00","description":"La construcci\u00f3n de la Iglesia del Beato Padre Eustaquio en Esmeraldas, en la regi\u00f3n metropolitana de Belo Horizonte, ha entrado en la fase de revestimiento de paredes. Actualmente, se est\u00e1 enyesando el terreno para dar los toques finales.","breadcrumb":{"@id":"https:\/\/www.padreeustaquio.com.br\/obras-da-igreja-beato-padre-eustaquio-em-esmeraldas-mg-entra-na-fase-de-revestimentos\/#breadcrumb"},"inLanguage":"es","potentialAction":[{"@type":"ReadAction","target":["https:\/\/www.padreeustaquio.com.br\/obras-da-igreja-beato-padre-eustaquio-em-esmeraldas-mg-entra-na-fase-de-revestimentos\/"]}]},{"@type":"ImageObject","inLanguage":"es","@id":"https:\/\/www.padreeustaquio.com.br\/obras-da-igreja-beato-padre-eustaquio-em-esmeraldas-mg-entra-na-fase-de-revestimentos\/#primaryimage","url":"https:\/\/www.padreeustaquio.com.br\/wp-content\/uploads\/2024\/02\/REBOCO-IGREJ-PE-ESMERALDAS.jpg","contentUrl":"https:\/\/www.padreeustaquio.com.br\/wp-content\/uploads\/2024\/02\/REBOCO-IGREJ-PE-ESMERALDAS.jpg","width":748,"height":394},{"@type":"BreadcrumbList","@id":"https:\/\/www.padreeustaquio.com.br\/obras-da-igreja-beato-padre-eustaquio-em-esmeraldas-mg-entra-na-fase-de-revestimentos\/#breadcrumb","itemListElement":[{"@type":"ListItem","position":1,"name":"In\u00edcio","item":"https:\/\/www.padreeustaquio.com.br\/"},{"@type":"ListItem","position":2,"name":"Obras da Igreja Beato Padre Eust\u00e1quio em Esmeraldas-MG entra na fase de revestimentos"}]},{"@type":"WebSite","@id":"https:\/\/www.padreeustaquio.com.br\/#website","url":"https:\/\/www.padreeustaquio.com.br\/","name":"Padre Eustace","description":"Salud y Paz","publisher":{"@id":"https:\/\/www.padreeustaquio.com.br\/#organization"},"potentialAction":[{"@type":"SearchAction","target":{"@type":"EntryPoint","urlTemplate":"https:\/\/www.padreeustaquio.com.br\/?s={search_term_string}"},"query-input":{"@type":"PropertyValueSpecification","valueRequired":true,"valueName":"search_term_string"}}],"inLanguage":"es"},{"@type":"Organization","@id":"https:\/\/www.padreeustaquio.com.br\/#organization","name":"Padre Eustace","url":"https:\/\/www.padreeustaquio.com.br\/","logo":{"@type":"ImageObject","inLanguage":"es","@id":"https:\/\/www.padreeustaquio.com.br\/#\/schema\/logo\/image\/","url":"https:\/\/www.padreeustaquio.com.br\/wp-content\/uploads\/2019\/08\/marca.png","contentUrl":"https:\/\/www.padreeustaquio.com.br\/wp-content\/uploads\/2019\/08\/marca.png","width":350,"height":400,"caption":"Padre Eust\u00e1quio"},"image":{"@id":"https:\/\/www.padreeustaquio.com.br\/#\/schema\/logo\/image\/"},"sameAs":["https:\/\/www.facebook.com\/beatopadreeustaquio\/","https:\/\/x.com\/beatopeustaquio","https:\/\/www.instagram.com\/beatopadreeustaquio\/","https:\/\/www.youtube.com\/channel\/UCRhw7vfabnajwLxb1ZXMeIw"]},{"@type":"Person","@id":"https:\/\/www.padreeustaquio.com.br\/#\/schema\/person\/a2a51db1d00f1a7af0204a0f1ddb1566","name":"@sscc","image":{"@type":"ImageObject","inLanguage":"es","@id":"https:\/\/secure.gravatar.com\/avatar\/68cfafa5f44617fea54071e215026e0ff06be366c3d54a8425f04fdcb86f8c5f?s=96&d=mm&r=g","url":"https:\/\/secure.gravatar.com\/avatar\/68cfafa5f44617fea54071e215026e0ff06be366c3d54a8425f04fdcb86f8c5f?s=96&d=mm&r=g","contentUrl":"https:\/\/secure.gravatar.com\/avatar\/68cfafa5f44617fea54071e215026e0ff06be366c3d54a8425f04fdcb86f8c5f?s=96&d=mm&r=g","caption":"@sscc"},"url":"https:\/\/www.padreeustaquio.com.br\/es\/author\/sscc\/"}]}},"_links":{"self":[{"href":"https:\/\/www.padreeustaquio.com.br\/es\/wp-json\/wp\/v2\/posts\/11107","targetHints":{"allow":["GET"]}}],"collection":[{"href":"https:\/\/www.padreeustaquio.com.br\/es\/wp-json\/wp\/v2\/posts"}],"about":[{"href":"https:\/\/www.padreeustaquio.com.br\/es\/wp-json\/wp\/v2\/types\/post"}],"author":[{"embeddable":true,"href":"https:\/\/www.padreeustaquio.com.br\/es\/wp-json\/wp\/v2\/users\/2"}],"replies":[{"embeddable":true,"href":"https:\/\/www.padreeustaquio.com.br\/es\/wp-json\/wp\/v2\/comments?post=11107"}],"version-history":[{"count":0,"href":"https:\/\/www.padreeustaquio.com.br\/es\/wp-json\/wp\/v2\/posts\/11107\/revisions"}],"wp:featuredmedia":[{"embeddable":true,"href":"https:\/\/www.padreeustaquio.com.br\/es\/wp-json\/wp\/v2\/media\/11108"}],"wp:attachment":[{"href":"https:\/\/www.padreeustaquio.com.br\/es\/wp-json\/wp\/v2\/media?parent=11107"}],"wp:term":[{"taxonomy":"category","embeddable":true,"href":"https:\/\/www.padreeustaquio.com.br\/es\/wp-json\/wp\/v2\/categories?post=11107"},{"taxonomy":"post_tag","embeddable":true,"href":"https:\/\/www.padreeustaquio.com.br\/es\/wp-json\/wp\/v2\/tags?post=11107"}],"curies":[{"name":"wp","href":"https:\/\/api.w.org\/{rel}","templated":true}]}}