{"id":11104,"date":"2024-02-26T10:17:44","date_gmt":"2024-02-26T13:17:44","guid":{"rendered":"https:\/\/www.padreeustaquio.com.br\/?p=11104"},"modified":"2024-02-26T10:18:58","modified_gmt":"2024-02-26T13:18:58","slug":"las-palabras-del-padre-eustace-la-vision-catolica-sobre-la-relacion-entre-el-hombre-y-las-cosas-materiales","status":"publish","type":"post","link":"https:\/\/www.padreeustaquio.com.br\/es\/las-palabras-del-padre-eustace-la-vision-catolica-sobre-la-relacion-entre-el-hombre-y-las-cosas-materiales\/","title":{"rendered":"Una palabra del Padre Eust\u00e1quio: La visi\u00f3n cat\u00f3lica sobre la relaci\u00f3n entre el hombre y las cosas materiales"},"content":{"rendered":"<p>En un mundo cada vez m\u00e1s centrado en los valores materiales, es crucial reflexionar sobre la relaci\u00f3n entre el hombre y las cosas materiales a la luz de la fe cat\u00f3lica. Las cosas materiales fueron creadas para servir al hombre, no al rev\u00e9s. Esta es una noci\u00f3n fundamental que debe comprenderse en nuestra sociedad moderna, donde a menudo priorizamos las cosas materiales, dejando la dignidad humana en un segundo plano.<\/p>\n<p>Esta inversi\u00f3n de valores ocurre cuando olvidamos que estamos llamados a ser &quot;due\u00f1os de las cosas materiales&quot; y, en cambio, actuamos como esclavos de ellas. Esta inversi\u00f3n nunca ocurrir\u00eda si nos someti\u00e9ramos a las ense\u00f1anzas de la Santa Iglesia Cat\u00f3lica Apost\u00f3lica Romana, guardiana infalible de la verdad.<\/p>\n<p>El padre Eust\u00e1quio escribi\u00f3 una hermosa reflexi\u00f3n sobre el tema, que pod\u00e9is leer a continuaci\u00f3n:<\/p>\n<p>Especialmente en nuestro tiempo, es bueno insistir, es bueno recalcar, es indispensable martillar muchas veces sobre este punto tan peligroso, causa de tantos errores y desilusiones, de tanta ceguera de esp\u00edritu, es decir, que las cosas materiales fueron hechas y existen por causa del hombre, y no al rev\u00e9s, como esta \u00e9poca pretende hacernos creer, es decir, que el hombre fue creado para ser esclavo y no due\u00f1o de las cosas materiales.<\/p>\n<p>Ahora bien, esta peligros\u00edsima, por desastrosa que sea la inversi\u00f3n o fusi\u00f3n de valores en el orden de la creaci\u00f3n, jam\u00e1s habr\u00eda ocurrido si el hombre hubiera estado siempre dispuesto con docilidad y sumisi\u00f3n, honrosamente, a las ense\u00f1anzas de la Santa Iglesia Cat\u00f3lica, Apost\u00f3lica, Romana, \u00fanica, infalible guardiana y maestra de la verdad, y, como consecuencia l\u00f3gica, tambi\u00e9n la m\u00e1s autorizada consejera en asuntos de orden temporal, frente a los cuales tiene la actitud segura y firme de un observador desinteresado, porque su inter\u00e9s es uno solo: el bien de las almas.<\/p>\n<p>Por tanto, es cierto que, al tratar de los asuntos temporales puramente sociales, la Iglesia considera solo el \u00e1ngulo de la utilidad y el bienestar humano, ayudando con su ense\u00f1anza y consejo desinteresado e imparcial, para no ver que el mal uso o la aplicaci\u00f3n err\u00f3nea de los bienes arruinen los esfuerzos humanos respetables, como, sobre todos los dem\u00e1s, los de las comunidades m\u00e1s humildes, por ser los m\u00e1s arduos y sacrificados, y, en s\u00ed mismos, privados de orientaci\u00f3n para su beneficio, pues, de hecho, ser\u00e1n usados, o perdidos por quienes son responsables de la gesti\u00f3n de las comunidades, porque, a decir verdad, el origen de la cuesti\u00f3n social es otro aspecto doloroso del pecado de Ad\u00e1n, y, desde entonces, los frutos de la tierra, seg\u00fan su uso o abuso, pueden producir virtud o mal, porque dan ocasi\u00f3n al bien y a la ruina.<\/p>\n<p>&nbsp;<\/p>","protected":false},"excerpt":{"rendered":"<p>Em um mundo cada vez mais centrado nos valores materiais, \u00e9 crucial refletir sobre a rela\u00e7\u00e3o entre o homem e as coisas materiais \u00e0 luz da f\u00e9 cat\u00f3lica. As coisas materiais foram criadas para servir ao homem, n\u00e3o o contr\u00e1rio. Esta \u00e9 uma no\u00e7\u00e3o fundamental que deve ser compreendida em nossa sociedade moderna, onde frequentemente colocamos as coisas materiais no centro de nossas vidas, deixando a dignidade humana em segundo plano. Essa invers\u00e3o de valores ocorre quando esquecemos que somos chamados a ser &#8220;donos das coisas materiais&#8221; e, em vez disso, agimos como escravos delas. Essa invers\u00e3o jamais ocorreria se [&hellip;]<\/p>\n","protected":false},"author":2,"featured_media":11105,"comment_status":"open","ping_status":"closed","sticky":false,"template":"","format":"standard","meta":{"_acf_changed":false,"footnotes":""},"categories":[611],"tags":[],"class_list":["post-11104","post","type-post","status-publish","format-standard","has-post-thumbnail","hentry","category-noticias"],"acf":[],"yoast_head":"<!-- This site is optimized with the Yoast SEO plugin v27.2 - https:\/\/yoast.com\/product\/yoast-seo-wordpress\/ -->\n<title>Palavra do Padre Eust\u00e1quio: A vis\u00e3o cat\u00f3lica sobre a rela\u00e7\u00e3o entre o homem e as coisas materiais<\/title>\n<meta name=\"description\" content=\"Em um mundo cada vez mais centrado nos valores materiais, \u00e9 crucial refletir sobre a rela\u00e7\u00e3o entre o homem e as coisas materiais \u00e0 luz da f\u00e9 cat\u00f3lica. As coisas materiais foram criadas para servir ao homem, n\u00e3o o contr\u00e1rio. Esta \u00e9 uma no\u00e7\u00e3o fundamental que deve ser compreendida em nossa sociedade moderna, onde frequentemente colocamos as coisas materiais no centro de nossas vidas, deixando a dignidade humana em segundo plano.\" \/>\n<meta name=\"robots\" content=\"index, follow, max-snippet:-1, max-image-preview:large, max-video-preview:-1\" \/>\n<link rel=\"canonical\" href=\"https:\/\/www.padreeustaquio.com.br\/es\/las-palabras-del-padre-eustace-la-vision-catolica-sobre-la-relacion-entre-el-hombre-y-las-cosas-materiales\/\" \/>\n<meta property=\"og:locale\" content=\"es_ES\" \/>\n<meta property=\"og:type\" content=\"article\" \/>\n<meta property=\"og:title\" content=\"Palavra do Padre Eust\u00e1quio: A vis\u00e3o cat\u00f3lica sobre a rela\u00e7\u00e3o entre o homem e as coisas materiais\" \/>\n<meta property=\"og:description\" content=\"Em um mundo cada vez mais centrado nos valores materiais, \u00e9 crucial refletir sobre a rela\u00e7\u00e3o entre o homem e as coisas materiais \u00e0 luz da f\u00e9 cat\u00f3lica. As coisas materiais foram criadas para servir ao homem, n\u00e3o o contr\u00e1rio. Esta \u00e9 uma no\u00e7\u00e3o fundamental que deve ser compreendida em nossa sociedade moderna, onde frequentemente colocamos as coisas materiais no centro de nossas vidas, deixando a dignidade humana em segundo plano.\" \/>\n<meta property=\"og:url\" content=\"https:\/\/www.padreeustaquio.com.br\/es\/las-palabras-del-padre-eustace-la-vision-catolica-sobre-la-relacion-entre-el-hombre-y-las-cosas-materiales\/\" \/>\n<meta property=\"og:site_name\" content=\"Padre Eust\u00e1quio\" \/>\n<meta property=\"article:publisher\" content=\"https:\/\/www.facebook.com\/beatopadreeustaquio\/\" \/>\n<meta property=\"article:published_time\" content=\"2024-02-26T13:17:44+00:00\" \/>\n<meta property=\"article:modified_time\" content=\"2024-02-26T13:18:58+00:00\" \/>\n<meta property=\"og:image\" content=\"https:\/\/www.padreeustaquio.com.br\/wp-content\/uploads\/2024\/02\/palavra-de-padre-eustaquio-e1708953528654.jpeg\" \/>\n\t<meta property=\"og:image:width\" content=\"1600\" \/>\n\t<meta property=\"og:image:height\" content=\"898\" \/>\n\t<meta property=\"og:image:type\" content=\"image\/jpeg\" \/>\n<meta name=\"author\" content=\"@sscc\" \/>\n<meta name=\"twitter:card\" content=\"summary_large_image\" \/>\n<meta name=\"twitter:creator\" content=\"@beatopeustaquio\" \/>\n<meta name=\"twitter:site\" content=\"@beatopeustaquio\" \/>\n<meta name=\"twitter:label1\" content=\"Escrito por\" \/>\n\t<meta name=\"twitter:data1\" content=\"@sscc\" \/>\n\t<meta name=\"twitter:label2\" content=\"Tiempo de lectura\" \/>\n\t<meta name=\"twitter:data2\" content=\"3 minutos\" \/>\n<script type=\"application\/ld+json\" class=\"yoast-schema-graph\">{\"@context\":\"https:\/\/schema.org\",\"@graph\":[{\"@type\":\"Article\",\"@id\":\"https:\/\/www.padreeustaquio.com.br\/palavra-do-padre-eustaquio-a-visao-catolica-sobre-a-relacao-entre-o-homem-e-as-coisas-materiais\/#article\",\"isPartOf\":{\"@id\":\"https:\/\/www.padreeustaquio.com.br\/palavra-do-padre-eustaquio-a-visao-catolica-sobre-a-relacao-entre-o-homem-e-as-coisas-materiais\/\"},\"author\":{\"name\":\"@sscc\",\"@id\":\"https:\/\/www.padreeustaquio.com.br\/#\/schema\/person\/a2a51db1d00f1a7af0204a0f1ddb1566\"},\"headline\":\"Palavra do Padre Eust\u00e1quio: A vis\u00e3o cat\u00f3lica sobre a rela\u00e7\u00e3o entre o homem e as coisas materiais\",\"datePublished\":\"2024-02-26T13:17:44+00:00\",\"dateModified\":\"2024-02-26T13:18:58+00:00\",\"mainEntityOfPage\":{\"@id\":\"https:\/\/www.padreeustaquio.com.br\/palavra-do-padre-eustaquio-a-visao-catolica-sobre-a-relacao-entre-o-homem-e-as-coisas-materiais\/\"},\"wordCount\":487,\"commentCount\":0,\"publisher\":{\"@id\":\"https:\/\/www.padreeustaquio.com.br\/#organization\"},\"image\":{\"@id\":\"https:\/\/www.padreeustaquio.com.br\/palavra-do-padre-eustaquio-a-visao-catolica-sobre-a-relacao-entre-o-homem-e-as-coisas-materiais\/#primaryimage\"},\"thumbnailUrl\":\"https:\/\/www.padreeustaquio.com.br\/wp-content\/uploads\/2024\/02\/palavra-de-padre-eustaquio-e1708953528654.jpeg\",\"articleSection\":[\"Not\u00edcias\"],\"inLanguage\":\"es\",\"potentialAction\":[{\"@type\":\"CommentAction\",\"name\":\"Comment\",\"target\":[\"https:\/\/www.padreeustaquio.com.br\/palavra-do-padre-eustaquio-a-visao-catolica-sobre-a-relacao-entre-o-homem-e-as-coisas-materiais\/#respond\"]}]},{\"@type\":\"WebPage\",\"@id\":\"https:\/\/www.padreeustaquio.com.br\/palavra-do-padre-eustaquio-a-visao-catolica-sobre-a-relacao-entre-o-homem-e-as-coisas-materiais\/\",\"url\":\"https:\/\/www.padreeustaquio.com.br\/palavra-do-padre-eustaquio-a-visao-catolica-sobre-a-relacao-entre-o-homem-e-as-coisas-materiais\/\",\"name\":\"Palavra do Padre Eust\u00e1quio: A vis\u00e3o cat\u00f3lica sobre a rela\u00e7\u00e3o entre o homem e as coisas materiais\",\"isPartOf\":{\"@id\":\"https:\/\/www.padreeustaquio.com.br\/#website\"},\"primaryImageOfPage\":{\"@id\":\"https:\/\/www.padreeustaquio.com.br\/palavra-do-padre-eustaquio-a-visao-catolica-sobre-a-relacao-entre-o-homem-e-as-coisas-materiais\/#primaryimage\"},\"image\":{\"@id\":\"https:\/\/www.padreeustaquio.com.br\/palavra-do-padre-eustaquio-a-visao-catolica-sobre-a-relacao-entre-o-homem-e-as-coisas-materiais\/#primaryimage\"},\"thumbnailUrl\":\"https:\/\/www.padreeustaquio.com.br\/wp-content\/uploads\/2024\/02\/palavra-de-padre-eustaquio-e1708953528654.jpeg\",\"datePublished\":\"2024-02-26T13:17:44+00:00\",\"dateModified\":\"2024-02-26T13:18:58+00:00\",\"description\":\"Em um mundo cada vez mais centrado nos valores materiais, \u00e9 crucial refletir sobre a rela\u00e7\u00e3o entre o homem e as coisas materiais \u00e0 luz da f\u00e9 cat\u00f3lica. As coisas materiais foram criadas para servir ao homem, n\u00e3o o contr\u00e1rio. Esta \u00e9 uma no\u00e7\u00e3o fundamental que deve ser compreendida em nossa sociedade moderna, onde frequentemente colocamos as coisas materiais no centro de nossas vidas, deixando a dignidade humana em segundo plano.\",\"breadcrumb\":{\"@id\":\"https:\/\/www.padreeustaquio.com.br\/palavra-do-padre-eustaquio-a-visao-catolica-sobre-a-relacao-entre-o-homem-e-as-coisas-materiais\/#breadcrumb\"},\"inLanguage\":\"es\",\"potentialAction\":[{\"@type\":\"ReadAction\",\"target\":[\"https:\/\/www.padreeustaquio.com.br\/palavra-do-padre-eustaquio-a-visao-catolica-sobre-a-relacao-entre-o-homem-e-as-coisas-materiais\/\"]}]},{\"@type\":\"ImageObject\",\"inLanguage\":\"es\",\"@id\":\"https:\/\/www.padreeustaquio.com.br\/palavra-do-padre-eustaquio-a-visao-catolica-sobre-a-relacao-entre-o-homem-e-as-coisas-materiais\/#primaryimage\",\"url\":\"https:\/\/www.padreeustaquio.com.br\/wp-content\/uploads\/2024\/02\/palavra-de-padre-eustaquio-e1708953528654.jpeg\",\"contentUrl\":\"https:\/\/www.padreeustaquio.com.br\/wp-content\/uploads\/2024\/02\/palavra-de-padre-eustaquio-e1708953528654.jpeg\",\"width\":1600,\"height\":898},{\"@type\":\"BreadcrumbList\",\"@id\":\"https:\/\/www.padreeustaquio.com.br\/palavra-do-padre-eustaquio-a-visao-catolica-sobre-a-relacao-entre-o-homem-e-as-coisas-materiais\/#breadcrumb\",\"itemListElement\":[{\"@type\":\"ListItem\",\"position\":1,\"name\":\"In\u00edcio\",\"item\":\"https:\/\/www.padreeustaquio.com.br\/\"},{\"@type\":\"ListItem\",\"position\":2,\"name\":\"Palavra do Padre Eust\u00e1quio: A vis\u00e3o cat\u00f3lica sobre a rela\u00e7\u00e3o entre o homem e as coisas materiais\"}]},{\"@type\":\"WebSite\",\"@id\":\"https:\/\/www.padreeustaquio.com.br\/#website\",\"url\":\"https:\/\/www.padreeustaquio.com.br\/\",\"name\":\"Padre Eust\u00e1quio\",\"description\":\"Sa\u00fade e Paz\",\"publisher\":{\"@id\":\"https:\/\/www.padreeustaquio.com.br\/#organization\"},\"potentialAction\":[{\"@type\":\"SearchAction\",\"target\":{\"@type\":\"EntryPoint\",\"urlTemplate\":\"https:\/\/www.padreeustaquio.com.br\/?s={search_term_string}\"},\"query-input\":{\"@type\":\"PropertyValueSpecification\",\"valueRequired\":true,\"valueName\":\"search_term_string\"}}],\"inLanguage\":\"es\"},{\"@type\":\"Organization\",\"@id\":\"https:\/\/www.padreeustaquio.com.br\/#organization\",\"name\":\"Padre Eust\u00e1quio\",\"url\":\"https:\/\/www.padreeustaquio.com.br\/\",\"logo\":{\"@type\":\"ImageObject\",\"inLanguage\":\"es\",\"@id\":\"https:\/\/www.padreeustaquio.com.br\/#\/schema\/logo\/image\/\",\"url\":\"https:\/\/www.padreeustaquio.com.br\/wp-content\/uploads\/2019\/08\/marca.png\",\"contentUrl\":\"https:\/\/www.padreeustaquio.com.br\/wp-content\/uploads\/2019\/08\/marca.png\",\"width\":350,\"height\":400,\"caption\":\"Padre Eust\u00e1quio\"},\"image\":{\"@id\":\"https:\/\/www.padreeustaquio.com.br\/#\/schema\/logo\/image\/\"},\"sameAs\":[\"https:\/\/www.facebook.com\/beatopadreeustaquio\/\",\"https:\/\/x.com\/beatopeustaquio\",\"https:\/\/www.instagram.com\/beatopadreeustaquio\/\",\"https:\/\/www.youtube.com\/channel\/UCRhw7vfabnajwLxb1ZXMeIw\"]},{\"@type\":\"Person\",\"@id\":\"https:\/\/www.padreeustaquio.com.br\/#\/schema\/person\/a2a51db1d00f1a7af0204a0f1ddb1566\",\"name\":\"@sscc\",\"image\":{\"@type\":\"ImageObject\",\"inLanguage\":\"es\",\"@id\":\"https:\/\/secure.gravatar.com\/avatar\/68cfafa5f44617fea54071e215026e0ff06be366c3d54a8425f04fdcb86f8c5f?s=96&d=mm&r=g\",\"url\":\"https:\/\/secure.gravatar.com\/avatar\/68cfafa5f44617fea54071e215026e0ff06be366c3d54a8425f04fdcb86f8c5f?s=96&d=mm&r=g\",\"contentUrl\":\"https:\/\/secure.gravatar.com\/avatar\/68cfafa5f44617fea54071e215026e0ff06be366c3d54a8425f04fdcb86f8c5f?s=96&d=mm&r=g\",\"caption\":\"@sscc\"},\"url\":\"https:\/\/www.padreeustaquio.com.br\/es\/author\/sscc\/\"}]}<\/script>\n<!-- \/ Yoast SEO plugin. -->","yoast_head_json":{"title":"Una palabra del Padre Eust\u00e1quio: La visi\u00f3n cat\u00f3lica sobre la relaci\u00f3n entre el hombre y las cosas materiales","description":"En un mundo cada vez m\u00e1s centrado en los valores materiales, es crucial reflexionar sobre la relaci\u00f3n entre el hombre y las cosas materiales a la luz de la fe cat\u00f3lica. Las cosas materiales fueron creadas para servir al hombre, no al rev\u00e9s. Esta es una noci\u00f3n fundamental que debe comprenderse en nuestra sociedad moderna, donde a menudo priorizamos las cosas materiales, dejando la dignidad humana en un segundo plano.","robots":{"index":"index","follow":"follow","max-snippet":"max-snippet:-1","max-image-preview":"max-image-preview:large","max-video-preview":"max-video-preview:-1"},"canonical":"https:\/\/www.padreeustaquio.com.br\/es\/las-palabras-del-padre-eustace-la-vision-catolica-sobre-la-relacion-entre-el-hombre-y-las-cosas-materiales\/","og_locale":"es_ES","og_type":"article","og_title":"Palavra do Padre Eust\u00e1quio: A vis\u00e3o cat\u00f3lica sobre a rela\u00e7\u00e3o entre o homem e as coisas materiais","og_description":"Em um mundo cada vez mais centrado nos valores materiais, \u00e9 crucial refletir sobre a rela\u00e7\u00e3o entre o homem e as coisas materiais \u00e0 luz da f\u00e9 cat\u00f3lica. As coisas materiais foram criadas para servir ao homem, n\u00e3o o contr\u00e1rio. Esta \u00e9 uma no\u00e7\u00e3o fundamental que deve ser compreendida em nossa sociedade moderna, onde frequentemente colocamos as coisas materiais no centro de nossas vidas, deixando a dignidade humana em segundo plano.","og_url":"https:\/\/www.padreeustaquio.com.br\/es\/las-palabras-del-padre-eustace-la-vision-catolica-sobre-la-relacion-entre-el-hombre-y-las-cosas-materiales\/","og_site_name":"Padre Eust\u00e1quio","article_publisher":"https:\/\/www.facebook.com\/beatopadreeustaquio\/","article_published_time":"2024-02-26T13:17:44+00:00","article_modified_time":"2024-02-26T13:18:58+00:00","og_image":[{"width":1600,"height":898,"url":"https:\/\/www.padreeustaquio.com.br\/wp-content\/uploads\/2024\/02\/palavra-de-padre-eustaquio-e1708953528654.jpeg","type":"image\/jpeg"}],"author":"@sscc","twitter_card":"summary_large_image","twitter_creator":"@beatopeustaquio","twitter_site":"@beatopeustaquio","twitter_misc":{"Escrito por":"@sscc","Tiempo de lectura":"3 minutos"},"schema":{"@context":"https:\/\/schema.org","@graph":[{"@type":"Article","@id":"https:\/\/www.padreeustaquio.com.br\/palavra-do-padre-eustaquio-a-visao-catolica-sobre-a-relacao-entre-o-homem-e-as-coisas-materiais\/#article","isPartOf":{"@id":"https:\/\/www.padreeustaquio.com.br\/palavra-do-padre-eustaquio-a-visao-catolica-sobre-a-relacao-entre-o-homem-e-as-coisas-materiais\/"},"author":{"name":"@sscc","@id":"https:\/\/www.padreeustaquio.com.br\/#\/schema\/person\/a2a51db1d00f1a7af0204a0f1ddb1566"},"headline":"Palavra do Padre Eust\u00e1quio: A vis\u00e3o cat\u00f3lica sobre a rela\u00e7\u00e3o entre o homem e as coisas materiais","datePublished":"2024-02-26T13:17:44+00:00","dateModified":"2024-02-26T13:18:58+00:00","mainEntityOfPage":{"@id":"https:\/\/www.padreeustaquio.com.br\/palavra-do-padre-eustaquio-a-visao-catolica-sobre-a-relacao-entre-o-homem-e-as-coisas-materiais\/"},"wordCount":487,"commentCount":0,"publisher":{"@id":"https:\/\/www.padreeustaquio.com.br\/#organization"},"image":{"@id":"https:\/\/www.padreeustaquio.com.br\/palavra-do-padre-eustaquio-a-visao-catolica-sobre-a-relacao-entre-o-homem-e-as-coisas-materiais\/#primaryimage"},"thumbnailUrl":"https:\/\/www.padreeustaquio.com.br\/wp-content\/uploads\/2024\/02\/palavra-de-padre-eustaquio-e1708953528654.jpeg","articleSection":["Not\u00edcias"],"inLanguage":"es","potentialAction":[{"@type":"CommentAction","name":"Comment","target":["https:\/\/www.padreeustaquio.com.br\/palavra-do-padre-eustaquio-a-visao-catolica-sobre-a-relacao-entre-o-homem-e-as-coisas-materiais\/#respond"]}]},{"@type":"WebPage","@id":"https:\/\/www.padreeustaquio.com.br\/palavra-do-padre-eustaquio-a-visao-catolica-sobre-a-relacao-entre-o-homem-e-as-coisas-materiais\/","url":"https:\/\/www.padreeustaquio.com.br\/palavra-do-padre-eustaquio-a-visao-catolica-sobre-a-relacao-entre-o-homem-e-as-coisas-materiais\/","name":"Una palabra del Padre Eust\u00e1quio: La visi\u00f3n cat\u00f3lica sobre la relaci\u00f3n entre el hombre y las cosas materiales","isPartOf":{"@id":"https:\/\/www.padreeustaquio.com.br\/#website"},"primaryImageOfPage":{"@id":"https:\/\/www.padreeustaquio.com.br\/palavra-do-padre-eustaquio-a-visao-catolica-sobre-a-relacao-entre-o-homem-e-as-coisas-materiais\/#primaryimage"},"image":{"@id":"https:\/\/www.padreeustaquio.com.br\/palavra-do-padre-eustaquio-a-visao-catolica-sobre-a-relacao-entre-o-homem-e-as-coisas-materiais\/#primaryimage"},"thumbnailUrl":"https:\/\/www.padreeustaquio.com.br\/wp-content\/uploads\/2024\/02\/palavra-de-padre-eustaquio-e1708953528654.jpeg","datePublished":"2024-02-26T13:17:44+00:00","dateModified":"2024-02-26T13:18:58+00:00","description":"En un mundo cada vez m\u00e1s centrado en los valores materiales, es crucial reflexionar sobre la relaci\u00f3n entre el hombre y las cosas materiales a la luz de la fe cat\u00f3lica. Las cosas materiales fueron creadas para servir al hombre, no al rev\u00e9s. Esta es una noci\u00f3n fundamental que debe comprenderse en nuestra sociedad moderna, donde a menudo priorizamos las cosas materiales, dejando la dignidad humana en un segundo plano.","breadcrumb":{"@id":"https:\/\/www.padreeustaquio.com.br\/palavra-do-padre-eustaquio-a-visao-catolica-sobre-a-relacao-entre-o-homem-e-as-coisas-materiais\/#breadcrumb"},"inLanguage":"es","potentialAction":[{"@type":"ReadAction","target":["https:\/\/www.padreeustaquio.com.br\/palavra-do-padre-eustaquio-a-visao-catolica-sobre-a-relacao-entre-o-homem-e-as-coisas-materiais\/"]}]},{"@type":"ImageObject","inLanguage":"es","@id":"https:\/\/www.padreeustaquio.com.br\/palavra-do-padre-eustaquio-a-visao-catolica-sobre-a-relacao-entre-o-homem-e-as-coisas-materiais\/#primaryimage","url":"https:\/\/www.padreeustaquio.com.br\/wp-content\/uploads\/2024\/02\/palavra-de-padre-eustaquio-e1708953528654.jpeg","contentUrl":"https:\/\/www.padreeustaquio.com.br\/wp-content\/uploads\/2024\/02\/palavra-de-padre-eustaquio-e1708953528654.jpeg","width":1600,"height":898},{"@type":"BreadcrumbList","@id":"https:\/\/www.padreeustaquio.com.br\/palavra-do-padre-eustaquio-a-visao-catolica-sobre-a-relacao-entre-o-homem-e-as-coisas-materiais\/#breadcrumb","itemListElement":[{"@type":"ListItem","position":1,"name":"In\u00edcio","item":"https:\/\/www.padreeustaquio.com.br\/"},{"@type":"ListItem","position":2,"name":"Palavra do Padre Eust\u00e1quio: A vis\u00e3o cat\u00f3lica sobre a rela\u00e7\u00e3o entre o homem e as coisas materiais"}]},{"@type":"WebSite","@id":"https:\/\/www.padreeustaquio.com.br\/#website","url":"https:\/\/www.padreeustaquio.com.br\/","name":"Padre Eustace","description":"Salud y Paz","publisher":{"@id":"https:\/\/www.padreeustaquio.com.br\/#organization"},"potentialAction":[{"@type":"SearchAction","target":{"@type":"EntryPoint","urlTemplate":"https:\/\/www.padreeustaquio.com.br\/?s={search_term_string}"},"query-input":{"@type":"PropertyValueSpecification","valueRequired":true,"valueName":"search_term_string"}}],"inLanguage":"es"},{"@type":"Organization","@id":"https:\/\/www.padreeustaquio.com.br\/#organization","name":"Padre Eustace","url":"https:\/\/www.padreeustaquio.com.br\/","logo":{"@type":"ImageObject","inLanguage":"es","@id":"https:\/\/www.padreeustaquio.com.br\/#\/schema\/logo\/image\/","url":"https:\/\/www.padreeustaquio.com.br\/wp-content\/uploads\/2019\/08\/marca.png","contentUrl":"https:\/\/www.padreeustaquio.com.br\/wp-content\/uploads\/2019\/08\/marca.png","width":350,"height":400,"caption":"Padre Eust\u00e1quio"},"image":{"@id":"https:\/\/www.padreeustaquio.com.br\/#\/schema\/logo\/image\/"},"sameAs":["https:\/\/www.facebook.com\/beatopadreeustaquio\/","https:\/\/x.com\/beatopeustaquio","https:\/\/www.instagram.com\/beatopadreeustaquio\/","https:\/\/www.youtube.com\/channel\/UCRhw7vfabnajwLxb1ZXMeIw"]},{"@type":"Person","@id":"https:\/\/www.padreeustaquio.com.br\/#\/schema\/person\/a2a51db1d00f1a7af0204a0f1ddb1566","name":"@sscc","image":{"@type":"ImageObject","inLanguage":"es","@id":"https:\/\/secure.gravatar.com\/avatar\/68cfafa5f44617fea54071e215026e0ff06be366c3d54a8425f04fdcb86f8c5f?s=96&d=mm&r=g","url":"https:\/\/secure.gravatar.com\/avatar\/68cfafa5f44617fea54071e215026e0ff06be366c3d54a8425f04fdcb86f8c5f?s=96&d=mm&r=g","contentUrl":"https:\/\/secure.gravatar.com\/avatar\/68cfafa5f44617fea54071e215026e0ff06be366c3d54a8425f04fdcb86f8c5f?s=96&d=mm&r=g","caption":"@sscc"},"url":"https:\/\/www.padreeustaquio.com.br\/es\/author\/sscc\/"}]}},"_links":{"self":[{"href":"https:\/\/www.padreeustaquio.com.br\/es\/wp-json\/wp\/v2\/posts\/11104","targetHints":{"allow":["GET"]}}],"collection":[{"href":"https:\/\/www.padreeustaquio.com.br\/es\/wp-json\/wp\/v2\/posts"}],"about":[{"href":"https:\/\/www.padreeustaquio.com.br\/es\/wp-json\/wp\/v2\/types\/post"}],"author":[{"embeddable":true,"href":"https:\/\/www.padreeustaquio.com.br\/es\/wp-json\/wp\/v2\/users\/2"}],"replies":[{"embeddable":true,"href":"https:\/\/www.padreeustaquio.com.br\/es\/wp-json\/wp\/v2\/comments?post=11104"}],"version-history":[{"count":0,"href":"https:\/\/www.padreeustaquio.com.br\/es\/wp-json\/wp\/v2\/posts\/11104\/revisions"}],"wp:featuredmedia":[{"embeddable":true,"href":"https:\/\/www.padreeustaquio.com.br\/es\/wp-json\/wp\/v2\/media\/11105"}],"wp:attachment":[{"href":"https:\/\/www.padreeustaquio.com.br\/es\/wp-json\/wp\/v2\/media?parent=11104"}],"wp:term":[{"taxonomy":"category","embeddable":true,"href":"https:\/\/www.padreeustaquio.com.br\/es\/wp-json\/wp\/v2\/categories?post=11104"},{"taxonomy":"post_tag","embeddable":true,"href":"https:\/\/www.padreeustaquio.com.br\/es\/wp-json\/wp\/v2\/tags?post=11104"}],"curies":[{"name":"wp","href":"https:\/\/api.w.org\/{rel}","templated":true}]}}