{"id":11095,"date":"2024-02-22T08:12:04","date_gmt":"2024-02-22T11:12:04","guid":{"rendered":"https:\/\/www.padreeustaquio.com.br\/?p=11095"},"modified":"2024-02-20T12:22:52","modified_gmt":"2024-02-20T15:22:52","slug":"hermanos-paraguayos-de-los-sagrados-corazones-visitan-la-habitacion-del-padre-eustaquio","status":"publish","type":"post","link":"https:\/\/www.padreeustaquio.com.br\/es\/hermanos-paraguayos-de-los-sagrados-corazones-visitan-la-habitacion-del-padre-eustaquio\/","title":{"rendered":"Hermanos paraguayos de los Sagrados Corazones visitan la habitaci\u00f3n del Padre Eust\u00e1quio."},"content":{"rendered":"<p>Los Hermanos de los Sagrados Corazones de Paraguay visitaron este mes la habitaci\u00f3n del Padre Eust\u00e1quio en el Hospital Alberto Cavalcanti de Belo Horizonte, Minas Gerais. Estuvieron presentes en la Asamblea de la Congregaci\u00f3n (celebrada en Ouro Preto, Minas Gerais) y aprovecharon su estancia para visitar el lugar donde el Beato Padre pas\u00f3 sus \u00faltimos momentos en la tierra.<\/p>\n<p>En la foto, el primer hermano de izquierda a derecha es el hermano Carlos Aquino, conocido como Carlito; en el centro est\u00e1 el P. M\u00e1ximo Pe\u00f1a, sscc, Superior Regional de Paraguay; y a la derecha, el P. Jos\u00e9 Ram\u00f3n Torre-Mar\u00edn, P. Toto.<\/p>\n<p>Visitaron el lugar y escucharon historias relacionadas con los devotos que buscan refugio en la sala para oraciones y pedidos de gracias, por intercesi\u00f3n del Padre Eust\u00e1quio.<\/p>\n<p><strong>Habitaci\u00f3n del Hospital Alberto Cavalcanti conserva caracter\u00edsticas de 1943.<\/strong><\/p>\n<p>El Hospital Alberto Cavalcanti, antiguo Sanatorio de Minas Gerais, a\u00fan conserva la habitaci\u00f3n donde falleci\u00f3 el Padre Eust\u00e1quio el 30 de agosto de 1943. Fotos del Bendito Padre adornan las paredes, junto a fotograf\u00edas de devotos que dejan sus ofrendas de agradecimiento por las gracias recibidas por su intercesi\u00f3n.<\/p>\n<div class=\"wp-block-image\">\n<figure class=\"alignright size-medium\"><img fetchpriority=\"high\" decoding=\"async\" class=\"wp-image-9243 entered lazyloaded\" src=\"https:\/\/www.padreeustaquio.com.br\/wp-content\/uploads\/2022\/09\/Quarto-PE-AC-fotos-300x225.jpeg\" sizes=\"(max-width: 300px) 100vw, 300px\" srcset=\"https:\/\/www.padreeustaquio.com.br\/wp-content\/uploads\/2022\/09\/Quarto-PE-AC-fotos-300x225.jpeg 300w, https:\/\/www.padreeustaquio.com.br\/wp-content\/uploads\/2022\/09\/Quarto-PE-AC-fotos-1024x768.jpeg 1024w, https:\/\/www.padreeustaquio.com.br\/wp-content\/uploads\/2022\/09\/Quarto-PE-AC-fotos-768x576.jpeg 768w, https:\/\/www.padreeustaquio.com.br\/wp-content\/uploads\/2022\/09\/Quarto-PE-AC-fotos-180x135.jpeg 180w, https:\/\/www.padreeustaquio.com.br\/wp-content\/uploads\/2022\/09\/Quarto-PE-AC-fotos-400x300.jpeg 400w, https:\/\/www.padreeustaquio.com.br\/wp-content\/uploads\/2022\/09\/Quarto-PE-AC-fotos-600x450.jpeg 600w, https:\/\/www.padreeustaquio.com.br\/wp-content\/uploads\/2022\/09\/Quarto-PE-AC-fotos-800x600.jpeg 800w, https:\/\/www.padreeustaquio.com.br\/wp-content\/uploads\/2022\/09\/Quarto-PE-AC-fotos-1200x900.jpeg 1200w, https:\/\/www.padreeustaquio.com.br\/wp-content\/uploads\/2022\/09\/Quarto-PE-AC-fotos.jpeg 1280w\" alt=\"\" width=\"300\" height=\"225\" data-lazy-srcset=\"https:\/\/www.padreeustaquio.com.br\/wp-content\/uploads\/2022\/09\/Quarto-PE-AC-fotos-300x225.jpeg 300w, https:\/\/www.padreeustaquio.com.br\/wp-content\/uploads\/2022\/09\/Quarto-PE-AC-fotos-1024x768.jpeg 1024w, https:\/\/www.padreeustaquio.com.br\/wp-content\/uploads\/2022\/09\/Quarto-PE-AC-fotos-768x576.jpeg 768w, https:\/\/www.padreeustaquio.com.br\/wp-content\/uploads\/2022\/09\/Quarto-PE-AC-fotos-180x135.jpeg 180w, https:\/\/www.padreeustaquio.com.br\/wp-content\/uploads\/2022\/09\/Quarto-PE-AC-fotos-400x300.jpeg 400w, https:\/\/www.padreeustaquio.com.br\/wp-content\/uploads\/2022\/09\/Quarto-PE-AC-fotos-600x450.jpeg 600w, https:\/\/www.padreeustaquio.com.br\/wp-content\/uploads\/2022\/09\/Quarto-PE-AC-fotos-800x600.jpeg 800w, https:\/\/www.padreeustaquio.com.br\/wp-content\/uploads\/2022\/09\/Quarto-PE-AC-fotos-1200x900.jpeg 1200w, https:\/\/www.padreeustaquio.com.br\/wp-content\/uploads\/2022\/09\/Quarto-PE-AC-fotos.jpeg 1280w\" data-lazy-sizes=\"(max-width: 300px) 100vw, 300px\" data-lazy-src=\"https:\/\/www.padreeustaquio.com.br\/wp-content\/uploads\/2022\/09\/Quarto-PE-AC-fotos-300x225.jpeg\" data-ll-status=\"loaded\" \/><figcaption>Fotograf\u00eda tomada por devotos en la habitaci\u00f3n del hospital.<\/figcaption><\/figure>\n<\/div>\n<p>Fue en esta habitaci\u00f3n donde el Padre Eust\u00e1quio pas\u00f3 sus \u00faltimos d\u00edas. El lugar conserva muchas de las cosas que dej\u00f3: una peque\u00f1a cama de hierro algo oxidada, un colch\u00f3n de paja, una imagen del Sant\u00edsimo y una oraci\u00f3n por los enfermos. Tambi\u00e9n se conservan en la peque\u00f1a habitaci\u00f3n algunas piezas de porcelana antigua y un lavabo de pared, donde, seg\u00fan se cuenta, el Padre Eust\u00e1quio guardaba su agua bendita.<\/p>\n<p>El lugar, que se ha convertido en un punto de devoci\u00f3n al sacerdote holand\u00e9s, especialmente para el personal del hospital, busca preservar la sencillez que vivi\u00f3 el Padre Eust\u00e1quio. Tradicionalmente, durante a\u00f1os, m\u00e9dicos y enfermeras han recurrido al lugar para orar antes de comenzar su jornada laboral.<\/p>","protected":false},"excerpt":{"rendered":"<p>Os Irm\u00e3os dos Sagrados Cora\u00e7\u00f5es do Paraguai visitaram, este m\u00eas, o quarto do Padre Eust\u00e1quio no Hospital Alberto Cavalcanti, em Belo Horizonte\/MG. Eles estiveram presentes na Assembleia da Congrega\u00e7\u00e3o (realizada em Ouro Preto-MG) e aproveitaram a estadia para conhecer o local onde o Beato passou os \u00faltimos momentos aqui na terra. Na foto, o primeiro irm\u00e3o da esquerda para a direita \u00e9 o Irm\u00e3o Carlos Aquino, conhecido como Carlito, ao centro est\u00e1 Pe. M\u00e1ximo Pe\u00f1a, sscc, Superior Regional do Paraguai; e \u00e0 direita, Pe. Jos\u00e9 Ramon Torre-Marin, o Pe. Toto. Eles conheceram o local e ouviram hist\u00f3rias relacionada aos devotos [&hellip;]<\/p>\n","protected":false},"author":2,"featured_media":11096,"comment_status":"open","ping_status":"closed","sticky":false,"template":"","format":"standard","meta":{"_acf_changed":false,"footnotes":""},"categories":[611],"tags":[],"class_list":["post-11095","post","type-post","status-publish","format-standard","has-post-thumbnail","hentry","category-noticias"],"acf":[],"yoast_head":"<!-- This site is optimized with the Yoast SEO plugin v27.2 - https:\/\/yoast.com\/product\/yoast-seo-wordpress\/ -->\n<title>Irm\u00e3os paraguaios dos Sagrados Cora\u00e7\u00f5es visitam quarto de Padre Eust\u00e1quio<\/title>\n<meta name=\"description\" content=\"Os Irm\u00e3os dos Sagrados Cora\u00e7\u00f5es do Paraguai visitaram, este m\u00eas, o quarto do Padre Eust\u00e1quio no Hospital Alberto Cavalcanti, em Belo Horizonte\/MG. Eles estiveram presentes na Assembleia da Congrega\u00e7\u00e3o (realizada em Ouro Preto-MG) e aproveitaram a estadia para conhecer o local onde o Beato passou os \u00faltimos momentos aqui na terra.\" \/>\n<meta name=\"robots\" content=\"index, follow, max-snippet:-1, max-image-preview:large, max-video-preview:-1\" \/>\n<link rel=\"canonical\" href=\"https:\/\/www.padreeustaquio.com.br\/es\/hermanos-paraguayos-de-los-sagrados-corazones-visitan-la-habitacion-del-padre-eustaquio\/\" \/>\n<meta property=\"og:locale\" content=\"es_ES\" \/>\n<meta property=\"og:type\" content=\"article\" \/>\n<meta property=\"og:title\" content=\"Irm\u00e3os paraguaios dos Sagrados Cora\u00e7\u00f5es visitam quarto de Padre Eust\u00e1quio\" \/>\n<meta property=\"og:description\" content=\"Os Irm\u00e3os dos Sagrados Cora\u00e7\u00f5es do Paraguai visitaram, este m\u00eas, o quarto do Padre Eust\u00e1quio no Hospital Alberto Cavalcanti, em Belo Horizonte\/MG. Eles estiveram presentes na Assembleia da Congrega\u00e7\u00e3o (realizada em Ouro Preto-MG) e aproveitaram a estadia para conhecer o local onde o Beato passou os \u00faltimos momentos aqui na terra.\" \/>\n<meta property=\"og:url\" content=\"https:\/\/www.padreeustaquio.com.br\/es\/hermanos-paraguayos-de-los-sagrados-corazones-visitan-la-habitacion-del-padre-eustaquio\/\" \/>\n<meta property=\"og:site_name\" content=\"Padre Eust\u00e1quio\" \/>\n<meta property=\"article:publisher\" content=\"https:\/\/www.facebook.com\/beatopadreeustaquio\/\" \/>\n<meta property=\"article:published_time\" content=\"2024-02-22T11:12:04+00:00\" \/>\n<meta property=\"og:image\" content=\"https:\/\/www.padreeustaquio.com.br\/wp-content\/uploads\/2024\/02\/visita-paraguaios-ao-quarto-de-padre-eustaquio.jpg\" \/>\n\t<meta property=\"og:image:width\" content=\"748\" \/>\n\t<meta property=\"og:image:height\" content=\"394\" \/>\n\t<meta property=\"og:image:type\" content=\"image\/jpeg\" \/>\n<meta name=\"author\" content=\"@sscc\" \/>\n<meta name=\"twitter:card\" content=\"summary_large_image\" \/>\n<meta name=\"twitter:creator\" content=\"@beatopeustaquio\" \/>\n<meta name=\"twitter:site\" content=\"@beatopeustaquio\" \/>\n<meta name=\"twitter:label1\" content=\"Escrito por\" \/>\n\t<meta name=\"twitter:data1\" content=\"@sscc\" \/>\n\t<meta name=\"twitter:label2\" content=\"Tiempo de lectura\" \/>\n\t<meta name=\"twitter:data2\" content=\"3 minutos\" \/>\n<script type=\"application\/ld+json\" class=\"yoast-schema-graph\">{\"@context\":\"https:\/\/schema.org\",\"@graph\":[{\"@type\":\"Article\",\"@id\":\"https:\/\/www.padreeustaquio.com.br\/irmaos-paraguaios-dos-sagrados-coracoes-visitam-quarto-de-padre-eustaquio\/#article\",\"isPartOf\":{\"@id\":\"https:\/\/www.padreeustaquio.com.br\/irmaos-paraguaios-dos-sagrados-coracoes-visitam-quarto-de-padre-eustaquio\/\"},\"author\":{\"name\":\"@sscc\",\"@id\":\"https:\/\/www.padreeustaquio.com.br\/#\/schema\/person\/a2a51db1d00f1a7af0204a0f1ddb1566\"},\"headline\":\"Irm\u00e3os paraguaios dos Sagrados Cora\u00e7\u00f5es visitam quarto de Padre Eust\u00e1quio\",\"datePublished\":\"2024-02-22T11:12:04+00:00\",\"mainEntityOfPage\":{\"@id\":\"https:\/\/www.padreeustaquio.com.br\/irmaos-paraguaios-dos-sagrados-coracoes-visitam-quarto-de-padre-eustaquio\/\"},\"wordCount\":342,\"commentCount\":0,\"publisher\":{\"@id\":\"https:\/\/www.padreeustaquio.com.br\/#organization\"},\"image\":{\"@id\":\"https:\/\/www.padreeustaquio.com.br\/irmaos-paraguaios-dos-sagrados-coracoes-visitam-quarto-de-padre-eustaquio\/#primaryimage\"},\"thumbnailUrl\":\"https:\/\/www.padreeustaquio.com.br\/wp-content\/uploads\/2024\/02\/visita-paraguaios-ao-quarto-de-padre-eustaquio.jpg\",\"articleSection\":[\"Not\u00edcias\"],\"inLanguage\":\"es\",\"potentialAction\":[{\"@type\":\"CommentAction\",\"name\":\"Comment\",\"target\":[\"https:\/\/www.padreeustaquio.com.br\/irmaos-paraguaios-dos-sagrados-coracoes-visitam-quarto-de-padre-eustaquio\/#respond\"]}]},{\"@type\":\"WebPage\",\"@id\":\"https:\/\/www.padreeustaquio.com.br\/irmaos-paraguaios-dos-sagrados-coracoes-visitam-quarto-de-padre-eustaquio\/\",\"url\":\"https:\/\/www.padreeustaquio.com.br\/irmaos-paraguaios-dos-sagrados-coracoes-visitam-quarto-de-padre-eustaquio\/\",\"name\":\"Irm\u00e3os paraguaios dos Sagrados Cora\u00e7\u00f5es visitam quarto de Padre Eust\u00e1quio\",\"isPartOf\":{\"@id\":\"https:\/\/www.padreeustaquio.com.br\/#website\"},\"primaryImageOfPage\":{\"@id\":\"https:\/\/www.padreeustaquio.com.br\/irmaos-paraguaios-dos-sagrados-coracoes-visitam-quarto-de-padre-eustaquio\/#primaryimage\"},\"image\":{\"@id\":\"https:\/\/www.padreeustaquio.com.br\/irmaos-paraguaios-dos-sagrados-coracoes-visitam-quarto-de-padre-eustaquio\/#primaryimage\"},\"thumbnailUrl\":\"https:\/\/www.padreeustaquio.com.br\/wp-content\/uploads\/2024\/02\/visita-paraguaios-ao-quarto-de-padre-eustaquio.jpg\",\"datePublished\":\"2024-02-22T11:12:04+00:00\",\"description\":\"Os Irm\u00e3os dos Sagrados Cora\u00e7\u00f5es do Paraguai visitaram, este m\u00eas, o quarto do Padre Eust\u00e1quio no Hospital Alberto Cavalcanti, em Belo Horizonte\/MG. Eles estiveram presentes na Assembleia da Congrega\u00e7\u00e3o (realizada em Ouro Preto-MG) e aproveitaram a estadia para conhecer o local onde o Beato passou os \u00faltimos momentos aqui na terra.\",\"breadcrumb\":{\"@id\":\"https:\/\/www.padreeustaquio.com.br\/irmaos-paraguaios-dos-sagrados-coracoes-visitam-quarto-de-padre-eustaquio\/#breadcrumb\"},\"inLanguage\":\"es\",\"potentialAction\":[{\"@type\":\"ReadAction\",\"target\":[\"https:\/\/www.padreeustaquio.com.br\/irmaos-paraguaios-dos-sagrados-coracoes-visitam-quarto-de-padre-eustaquio\/\"]}]},{\"@type\":\"ImageObject\",\"inLanguage\":\"es\",\"@id\":\"https:\/\/www.padreeustaquio.com.br\/irmaos-paraguaios-dos-sagrados-coracoes-visitam-quarto-de-padre-eustaquio\/#primaryimage\",\"url\":\"https:\/\/www.padreeustaquio.com.br\/wp-content\/uploads\/2024\/02\/visita-paraguaios-ao-quarto-de-padre-eustaquio.jpg\",\"contentUrl\":\"https:\/\/www.padreeustaquio.com.br\/wp-content\/uploads\/2024\/02\/visita-paraguaios-ao-quarto-de-padre-eustaquio.jpg\",\"width\":748,\"height\":394},{\"@type\":\"BreadcrumbList\",\"@id\":\"https:\/\/www.padreeustaquio.com.br\/irmaos-paraguaios-dos-sagrados-coracoes-visitam-quarto-de-padre-eustaquio\/#breadcrumb\",\"itemListElement\":[{\"@type\":\"ListItem\",\"position\":1,\"name\":\"In\u00edcio\",\"item\":\"https:\/\/www.padreeustaquio.com.br\/\"},{\"@type\":\"ListItem\",\"position\":2,\"name\":\"Irm\u00e3os paraguaios dos Sagrados Cora\u00e7\u00f5es visitam quarto de Padre Eust\u00e1quio\"}]},{\"@type\":\"WebSite\",\"@id\":\"https:\/\/www.padreeustaquio.com.br\/#website\",\"url\":\"https:\/\/www.padreeustaquio.com.br\/\",\"name\":\"Padre Eust\u00e1quio\",\"description\":\"Sa\u00fade e Paz\",\"publisher\":{\"@id\":\"https:\/\/www.padreeustaquio.com.br\/#organization\"},\"potentialAction\":[{\"@type\":\"SearchAction\",\"target\":{\"@type\":\"EntryPoint\",\"urlTemplate\":\"https:\/\/www.padreeustaquio.com.br\/?s={search_term_string}\"},\"query-input\":{\"@type\":\"PropertyValueSpecification\",\"valueRequired\":true,\"valueName\":\"search_term_string\"}}],\"inLanguage\":\"es\"},{\"@type\":\"Organization\",\"@id\":\"https:\/\/www.padreeustaquio.com.br\/#organization\",\"name\":\"Padre Eust\u00e1quio\",\"url\":\"https:\/\/www.padreeustaquio.com.br\/\",\"logo\":{\"@type\":\"ImageObject\",\"inLanguage\":\"es\",\"@id\":\"https:\/\/www.padreeustaquio.com.br\/#\/schema\/logo\/image\/\",\"url\":\"https:\/\/www.padreeustaquio.com.br\/wp-content\/uploads\/2019\/08\/marca.png\",\"contentUrl\":\"https:\/\/www.padreeustaquio.com.br\/wp-content\/uploads\/2019\/08\/marca.png\",\"width\":350,\"height\":400,\"caption\":\"Padre Eust\u00e1quio\"},\"image\":{\"@id\":\"https:\/\/www.padreeustaquio.com.br\/#\/schema\/logo\/image\/\"},\"sameAs\":[\"https:\/\/www.facebook.com\/beatopadreeustaquio\/\",\"https:\/\/x.com\/beatopeustaquio\",\"https:\/\/www.instagram.com\/beatopadreeustaquio\/\",\"https:\/\/www.youtube.com\/channel\/UCRhw7vfabnajwLxb1ZXMeIw\"]},{\"@type\":\"Person\",\"@id\":\"https:\/\/www.padreeustaquio.com.br\/#\/schema\/person\/a2a51db1d00f1a7af0204a0f1ddb1566\",\"name\":\"@sscc\",\"image\":{\"@type\":\"ImageObject\",\"inLanguage\":\"es\",\"@id\":\"https:\/\/secure.gravatar.com\/avatar\/68cfafa5f44617fea54071e215026e0ff06be366c3d54a8425f04fdcb86f8c5f?s=96&d=mm&r=g\",\"url\":\"https:\/\/secure.gravatar.com\/avatar\/68cfafa5f44617fea54071e215026e0ff06be366c3d54a8425f04fdcb86f8c5f?s=96&d=mm&r=g\",\"contentUrl\":\"https:\/\/secure.gravatar.com\/avatar\/68cfafa5f44617fea54071e215026e0ff06be366c3d54a8425f04fdcb86f8c5f?s=96&d=mm&r=g\",\"caption\":\"@sscc\"},\"url\":\"https:\/\/www.padreeustaquio.com.br\/es\/author\/sscc\/\"}]}<\/script>\n<!-- \/ Yoast SEO plugin. -->","yoast_head_json":{"title":"Hermanos paraguayos de los Sagrados Corazones visitan la habitaci\u00f3n del Padre Eust\u00e1quio.","description":"Los Hermanos de los Sagrados Corazones de Paraguay visitaron este mes la habitaci\u00f3n del Padre Eust\u00e1quio en el Hospital Alberto Cavalcanti de Belo Horizonte, Minas Gerais. Estuvieron presentes en la Asamblea de la Congregaci\u00f3n (celebrada en Ouro Preto, Minas Gerais) y aprovecharon su estancia para visitar el lugar donde el Beato Padre pas\u00f3 sus \u00faltimos momentos en la tierra.","robots":{"index":"index","follow":"follow","max-snippet":"max-snippet:-1","max-image-preview":"max-image-preview:large","max-video-preview":"max-video-preview:-1"},"canonical":"https:\/\/www.padreeustaquio.com.br\/es\/hermanos-paraguayos-de-los-sagrados-corazones-visitan-la-habitacion-del-padre-eustaquio\/","og_locale":"es_ES","og_type":"article","og_title":"Irm\u00e3os paraguaios dos Sagrados Cora\u00e7\u00f5es visitam quarto de Padre Eust\u00e1quio","og_description":"Os Irm\u00e3os dos Sagrados Cora\u00e7\u00f5es do Paraguai visitaram, este m\u00eas, o quarto do Padre Eust\u00e1quio no Hospital Alberto Cavalcanti, em Belo Horizonte\/MG. Eles estiveram presentes na Assembleia da Congrega\u00e7\u00e3o (realizada em Ouro Preto-MG) e aproveitaram a estadia para conhecer o local onde o Beato passou os \u00faltimos momentos aqui na terra.","og_url":"https:\/\/www.padreeustaquio.com.br\/es\/hermanos-paraguayos-de-los-sagrados-corazones-visitan-la-habitacion-del-padre-eustaquio\/","og_site_name":"Padre Eust\u00e1quio","article_publisher":"https:\/\/www.facebook.com\/beatopadreeustaquio\/","article_published_time":"2024-02-22T11:12:04+00:00","og_image":[{"width":748,"height":394,"url":"https:\/\/www.padreeustaquio.com.br\/wp-content\/uploads\/2024\/02\/visita-paraguaios-ao-quarto-de-padre-eustaquio.jpg","type":"image\/jpeg"}],"author":"@sscc","twitter_card":"summary_large_image","twitter_creator":"@beatopeustaquio","twitter_site":"@beatopeustaquio","twitter_misc":{"Escrito por":"@sscc","Tiempo de lectura":"3 minutos"},"schema":{"@context":"https:\/\/schema.org","@graph":[{"@type":"Article","@id":"https:\/\/www.padreeustaquio.com.br\/irmaos-paraguaios-dos-sagrados-coracoes-visitam-quarto-de-padre-eustaquio\/#article","isPartOf":{"@id":"https:\/\/www.padreeustaquio.com.br\/irmaos-paraguaios-dos-sagrados-coracoes-visitam-quarto-de-padre-eustaquio\/"},"author":{"name":"@sscc","@id":"https:\/\/www.padreeustaquio.com.br\/#\/schema\/person\/a2a51db1d00f1a7af0204a0f1ddb1566"},"headline":"Irm\u00e3os paraguaios dos Sagrados Cora\u00e7\u00f5es visitam quarto de Padre Eust\u00e1quio","datePublished":"2024-02-22T11:12:04+00:00","mainEntityOfPage":{"@id":"https:\/\/www.padreeustaquio.com.br\/irmaos-paraguaios-dos-sagrados-coracoes-visitam-quarto-de-padre-eustaquio\/"},"wordCount":342,"commentCount":0,"publisher":{"@id":"https:\/\/www.padreeustaquio.com.br\/#organization"},"image":{"@id":"https:\/\/www.padreeustaquio.com.br\/irmaos-paraguaios-dos-sagrados-coracoes-visitam-quarto-de-padre-eustaquio\/#primaryimage"},"thumbnailUrl":"https:\/\/www.padreeustaquio.com.br\/wp-content\/uploads\/2024\/02\/visita-paraguaios-ao-quarto-de-padre-eustaquio.jpg","articleSection":["Not\u00edcias"],"inLanguage":"es","potentialAction":[{"@type":"CommentAction","name":"Comment","target":["https:\/\/www.padreeustaquio.com.br\/irmaos-paraguaios-dos-sagrados-coracoes-visitam-quarto-de-padre-eustaquio\/#respond"]}]},{"@type":"WebPage","@id":"https:\/\/www.padreeustaquio.com.br\/irmaos-paraguaios-dos-sagrados-coracoes-visitam-quarto-de-padre-eustaquio\/","url":"https:\/\/www.padreeustaquio.com.br\/irmaos-paraguaios-dos-sagrados-coracoes-visitam-quarto-de-padre-eustaquio\/","name":"Hermanos paraguayos de los Sagrados Corazones visitan la habitaci\u00f3n del Padre Eust\u00e1quio.","isPartOf":{"@id":"https:\/\/www.padreeustaquio.com.br\/#website"},"primaryImageOfPage":{"@id":"https:\/\/www.padreeustaquio.com.br\/irmaos-paraguaios-dos-sagrados-coracoes-visitam-quarto-de-padre-eustaquio\/#primaryimage"},"image":{"@id":"https:\/\/www.padreeustaquio.com.br\/irmaos-paraguaios-dos-sagrados-coracoes-visitam-quarto-de-padre-eustaquio\/#primaryimage"},"thumbnailUrl":"https:\/\/www.padreeustaquio.com.br\/wp-content\/uploads\/2024\/02\/visita-paraguaios-ao-quarto-de-padre-eustaquio.jpg","datePublished":"2024-02-22T11:12:04+00:00","description":"Los Hermanos de los Sagrados Corazones de Paraguay visitaron este mes la habitaci\u00f3n del Padre Eust\u00e1quio en el Hospital Alberto Cavalcanti de Belo Horizonte, Minas Gerais. Estuvieron presentes en la Asamblea de la Congregaci\u00f3n (celebrada en Ouro Preto, Minas Gerais) y aprovecharon su estancia para visitar el lugar donde el Beato Padre pas\u00f3 sus \u00faltimos momentos en la tierra.","breadcrumb":{"@id":"https:\/\/www.padreeustaquio.com.br\/irmaos-paraguaios-dos-sagrados-coracoes-visitam-quarto-de-padre-eustaquio\/#breadcrumb"},"inLanguage":"es","potentialAction":[{"@type":"ReadAction","target":["https:\/\/www.padreeustaquio.com.br\/irmaos-paraguaios-dos-sagrados-coracoes-visitam-quarto-de-padre-eustaquio\/"]}]},{"@type":"ImageObject","inLanguage":"es","@id":"https:\/\/www.padreeustaquio.com.br\/irmaos-paraguaios-dos-sagrados-coracoes-visitam-quarto-de-padre-eustaquio\/#primaryimage","url":"https:\/\/www.padreeustaquio.com.br\/wp-content\/uploads\/2024\/02\/visita-paraguaios-ao-quarto-de-padre-eustaquio.jpg","contentUrl":"https:\/\/www.padreeustaquio.com.br\/wp-content\/uploads\/2024\/02\/visita-paraguaios-ao-quarto-de-padre-eustaquio.jpg","width":748,"height":394},{"@type":"BreadcrumbList","@id":"https:\/\/www.padreeustaquio.com.br\/irmaos-paraguaios-dos-sagrados-coracoes-visitam-quarto-de-padre-eustaquio\/#breadcrumb","itemListElement":[{"@type":"ListItem","position":1,"name":"In\u00edcio","item":"https:\/\/www.padreeustaquio.com.br\/"},{"@type":"ListItem","position":2,"name":"Irm\u00e3os paraguaios dos Sagrados Cora\u00e7\u00f5es visitam quarto de Padre Eust\u00e1quio"}]},{"@type":"WebSite","@id":"https:\/\/www.padreeustaquio.com.br\/#website","url":"https:\/\/www.padreeustaquio.com.br\/","name":"Padre Eustace","description":"Salud y Paz","publisher":{"@id":"https:\/\/www.padreeustaquio.com.br\/#organization"},"potentialAction":[{"@type":"SearchAction","target":{"@type":"EntryPoint","urlTemplate":"https:\/\/www.padreeustaquio.com.br\/?s={search_term_string}"},"query-input":{"@type":"PropertyValueSpecification","valueRequired":true,"valueName":"search_term_string"}}],"inLanguage":"es"},{"@type":"Organization","@id":"https:\/\/www.padreeustaquio.com.br\/#organization","name":"Padre Eustace","url":"https:\/\/www.padreeustaquio.com.br\/","logo":{"@type":"ImageObject","inLanguage":"es","@id":"https:\/\/www.padreeustaquio.com.br\/#\/schema\/logo\/image\/","url":"https:\/\/www.padreeustaquio.com.br\/wp-content\/uploads\/2019\/08\/marca.png","contentUrl":"https:\/\/www.padreeustaquio.com.br\/wp-content\/uploads\/2019\/08\/marca.png","width":350,"height":400,"caption":"Padre Eust\u00e1quio"},"image":{"@id":"https:\/\/www.padreeustaquio.com.br\/#\/schema\/logo\/image\/"},"sameAs":["https:\/\/www.facebook.com\/beatopadreeustaquio\/","https:\/\/x.com\/beatopeustaquio","https:\/\/www.instagram.com\/beatopadreeustaquio\/","https:\/\/www.youtube.com\/channel\/UCRhw7vfabnajwLxb1ZXMeIw"]},{"@type":"Person","@id":"https:\/\/www.padreeustaquio.com.br\/#\/schema\/person\/a2a51db1d00f1a7af0204a0f1ddb1566","name":"@sscc","image":{"@type":"ImageObject","inLanguage":"es","@id":"https:\/\/secure.gravatar.com\/avatar\/68cfafa5f44617fea54071e215026e0ff06be366c3d54a8425f04fdcb86f8c5f?s=96&d=mm&r=g","url":"https:\/\/secure.gravatar.com\/avatar\/68cfafa5f44617fea54071e215026e0ff06be366c3d54a8425f04fdcb86f8c5f?s=96&d=mm&r=g","contentUrl":"https:\/\/secure.gravatar.com\/avatar\/68cfafa5f44617fea54071e215026e0ff06be366c3d54a8425f04fdcb86f8c5f?s=96&d=mm&r=g","caption":"@sscc"},"url":"https:\/\/www.padreeustaquio.com.br\/es\/author\/sscc\/"}]}},"_links":{"self":[{"href":"https:\/\/www.padreeustaquio.com.br\/es\/wp-json\/wp\/v2\/posts\/11095","targetHints":{"allow":["GET"]}}],"collection":[{"href":"https:\/\/www.padreeustaquio.com.br\/es\/wp-json\/wp\/v2\/posts"}],"about":[{"href":"https:\/\/www.padreeustaquio.com.br\/es\/wp-json\/wp\/v2\/types\/post"}],"author":[{"embeddable":true,"href":"https:\/\/www.padreeustaquio.com.br\/es\/wp-json\/wp\/v2\/users\/2"}],"replies":[{"embeddable":true,"href":"https:\/\/www.padreeustaquio.com.br\/es\/wp-json\/wp\/v2\/comments?post=11095"}],"version-history":[{"count":0,"href":"https:\/\/www.padreeustaquio.com.br\/es\/wp-json\/wp\/v2\/posts\/11095\/revisions"}],"wp:featuredmedia":[{"embeddable":true,"href":"https:\/\/www.padreeustaquio.com.br\/es\/wp-json\/wp\/v2\/media\/11096"}],"wp:attachment":[{"href":"https:\/\/www.padreeustaquio.com.br\/es\/wp-json\/wp\/v2\/media?parent=11095"}],"wp:term":[{"taxonomy":"category","embeddable":true,"href":"https:\/\/www.padreeustaquio.com.br\/es\/wp-json\/wp\/v2\/categories?post=11095"},{"taxonomy":"post_tag","embeddable":true,"href":"https:\/\/www.padreeustaquio.com.br\/es\/wp-json\/wp\/v2\/tags?post=11095"}],"curies":[{"name":"wp","href":"https:\/\/api.w.org\/{rel}","templated":true}]}}