{"id":11091,"date":"2024-02-20T11:45:22","date_gmt":"2024-02-20T14:45:22","guid":{"rendered":"https:\/\/www.padreeustaquio.com.br\/?p=11091"},"modified":"2024-02-20T11:45:22","modified_gmt":"2024-02-20T14:45:22","slug":"cuatro-nuevos-jovenes-inician-su-camino-en-los-sagrados-corazones","status":"publish","type":"post","link":"https:\/\/www.padreeustaquio.com.br\/es\/cuatro-nuevos-jovenes-inician-su-camino-en-los-sagrados-corazones\/","title":{"rendered":"Cuatro nuevos j\u00f3venes inician su camino en los Sagrados Corazones."},"content":{"rendered":"<p>La Provincia de los Sagrados Corazones en Brasil celebr\u00f3 este mes la apertura del Postulantado en Pindamonhangaba, S\u00e3o Paulo, marcando el inicio del proceso de formaci\u00f3n de cuatro j\u00f3venes de la Congregaci\u00f3n.<\/p>\n<p>La Misa de apertura estuvo presidida por el Superior Provincial de Brasil, P. Osv\u00e2nio Humberto Mariano, ss.cc. En nombre de los dem\u00e1s hermanos, el Provincial dio una calurosa bienvenida a cada uno de los j\u00f3venes. Los nuevos postulantes son: Igor Dantas (Campo Grande, RJ), Jo\u00e3o Marcos (Ant\u00f4nio Martins, RN), Lucas Soares (Paracatu, MG) y Wesley Paulo (Capelinha, MG).<\/p>\n<p>Acompa\u00f1aron al Superior Provincial los formadores, Padres Edvaldo Carneiro, ss.cc., y Ricardo Gomes, ss.cc. La celebraci\u00f3n tambi\u00e9n cont\u00f3 con la participaci\u00f3n de los Padres Edmar Aparecido de Oliveira, ss.cc., Alexandre Campos Leite, ss.cc., y Vitor Henrique Borges, ss.cc., quienes reforzaron la unidad, el compromiso y el apoyo de la comunidad religiosa durante el per\u00edodo formativo.<\/p>\n<p>El nombre elegido para el Postulantado fue \u201cDom Luiz Mancilha Vilela, ss.cc.\u201d, en homenaje al ilustre hijo de los Sagrados Corazones, quien, como sacerdote en la d\u00e9cada de 1970, fue formador de la comunidad, contribuyendo significativamente a la formaci\u00f3n de los postulantes de la Congregaci\u00f3n en la ciudad de Pindamonhangaba. Dom Luiz tambi\u00e9n fue arzobispo de Vit\u00f3ria entre 2002 y 2018. Su fallecimiento en 2022 no solo refuerza la importancia de este homenaje, sino que tambi\u00e9n resalta el agradecido recuerdo de la labor pastoral de Dom Luiz.<\/p>\n<p>El evento, marcado por momentos de reflexi\u00f3n, oraci\u00f3n, alegr\u00eda y fraternidad, representa tambi\u00e9n un hito importante en la historia de la Provincia de Brasil, que regresa a Pindamonhangaba, reafirmando su compromiso y significativa presencia en la regi\u00f3n.<\/p>\n<p><strong>Fuente: sscc.org.br<\/strong><\/p>","protected":false},"excerpt":{"rendered":"<p>A Prov\u00edncia dos Sagrados Cora\u00e7\u00f5es no Brasil celebrou, este m\u00eas, a abertura do Postulantado em Pindamonhangaba, S\u00e3o Paulo, marcando o in\u00edcio do processo de forma\u00e7\u00e3o para quatro jovens na Congrega\u00e7\u00e3o. A santa missa de abertura foi presidida pelo superior provincial do Brasil, Pe. Osv\u00e2nio Humberto Mariano, ss.cc. Em nome dos demais irm\u00e3os, o provincial acolheu calorosamente a cada um dos jovens. Os novos postulantes s\u00e3o: Igor Dantas (Campo Grande, RJ), Jo\u00e3o Marcos (Ant\u00f4nio Martins, RN), Lucas Soares (Paracatu, MG) e Wesley Paulo (Capelinha, MG). Acompanhando o Superior Provincial estavam os formadores Padres Edvaldo Carneiro, ss.cc, e Ricardo Gomes, ss.cc. A [&hellip;]<\/p>\n","protected":false},"author":2,"featured_media":11092,"comment_status":"open","ping_status":"closed","sticky":false,"template":"","format":"standard","meta":{"_acf_changed":false,"footnotes":""},"categories":[611],"tags":[],"class_list":["post-11091","post","type-post","status-publish","format-standard","has-post-thumbnail","hentry","category-noticias"],"acf":[],"yoast_head":"<!-- This site is optimized with the Yoast SEO plugin v27.2 - https:\/\/yoast.com\/product\/yoast-seo-wordpress\/ -->\n<title>Quatro novos jovens come\u00e7am caminhada nos Sagrados Cora\u00e7\u00f5es<\/title>\n<meta name=\"description\" content=\"A Prov\u00edncia dos Sagrados Cora\u00e7\u00f5es no Brasil celebrou, este m\u00eas, a abertura do Postulantado em Pindamonhangaba, S\u00e3o Paulo, marcando o in\u00edcio do processo de forma\u00e7\u00e3o para quatro jovens na Congrega\u00e7\u00e3o.\" \/>\n<meta name=\"robots\" content=\"index, follow, max-snippet:-1, max-image-preview:large, max-video-preview:-1\" \/>\n<link rel=\"canonical\" href=\"https:\/\/www.padreeustaquio.com.br\/es\/cuatro-nuevos-jovenes-inician-su-camino-en-los-sagrados-corazones\/\" \/>\n<meta property=\"og:locale\" content=\"es_ES\" \/>\n<meta property=\"og:type\" content=\"article\" \/>\n<meta property=\"og:title\" content=\"Quatro novos jovens come\u00e7am caminhada nos Sagrados Cora\u00e7\u00f5es\" \/>\n<meta property=\"og:description\" content=\"A Prov\u00edncia dos Sagrados Cora\u00e7\u00f5es no Brasil celebrou, este m\u00eas, a abertura do Postulantado em Pindamonhangaba, S\u00e3o Paulo, marcando o in\u00edcio do processo de forma\u00e7\u00e3o para quatro jovens na Congrega\u00e7\u00e3o.\" \/>\n<meta property=\"og:url\" content=\"https:\/\/www.padreeustaquio.com.br\/es\/cuatro-nuevos-jovenes-inician-su-camino-en-los-sagrados-corazones\/\" \/>\n<meta property=\"og:site_name\" content=\"Padre Eust\u00e1quio\" \/>\n<meta property=\"article:publisher\" content=\"https:\/\/www.facebook.com\/beatopadreeustaquio\/\" \/>\n<meta property=\"article:published_time\" content=\"2024-02-20T14:45:22+00:00\" \/>\n<meta property=\"og:image\" content=\"https:\/\/www.padreeustaquio.com.br\/wp-content\/uploads\/2024\/02\/inicio-postulantado-jovens-2024.jpeg\" \/>\n\t<meta property=\"og:image:width\" content=\"1280\" \/>\n\t<meta property=\"og:image:height\" content=\"960\" \/>\n\t<meta property=\"og:image:type\" content=\"image\/jpeg\" \/>\n<meta name=\"author\" content=\"@sscc\" \/>\n<meta name=\"twitter:card\" content=\"summary_large_image\" \/>\n<meta name=\"twitter:creator\" content=\"@beatopeustaquio\" \/>\n<meta name=\"twitter:site\" content=\"@beatopeustaquio\" \/>\n<meta name=\"twitter:label1\" content=\"Escrito por\" \/>\n\t<meta name=\"twitter:data1\" content=\"@sscc\" \/>\n\t<meta name=\"twitter:label2\" content=\"Tiempo de lectura\" \/>\n\t<meta name=\"twitter:data2\" content=\"2 minutos\" \/>\n<script type=\"application\/ld+json\" class=\"yoast-schema-graph\">{\"@context\":\"https:\/\/schema.org\",\"@graph\":[{\"@type\":\"Article\",\"@id\":\"https:\/\/www.padreeustaquio.com.br\/quatro-novos-jovens-comecam-caminhada-nos-sagrados-coracoes\/#article\",\"isPartOf\":{\"@id\":\"https:\/\/www.padreeustaquio.com.br\/quatro-novos-jovens-comecam-caminhada-nos-sagrados-coracoes\/\"},\"author\":{\"name\":\"@sscc\",\"@id\":\"https:\/\/www.padreeustaquio.com.br\/#\/schema\/person\/a2a51db1d00f1a7af0204a0f1ddb1566\"},\"headline\":\"Quatro novos jovens come\u00e7am caminhada nos Sagrados Cora\u00e7\u00f5es\",\"datePublished\":\"2024-02-20T14:45:22+00:00\",\"mainEntityOfPage\":{\"@id\":\"https:\/\/www.padreeustaquio.com.br\/quatro-novos-jovens-comecam-caminhada-nos-sagrados-coracoes\/\"},\"wordCount\":302,\"commentCount\":0,\"publisher\":{\"@id\":\"https:\/\/www.padreeustaquio.com.br\/#organization\"},\"image\":{\"@id\":\"https:\/\/www.padreeustaquio.com.br\/quatro-novos-jovens-comecam-caminhada-nos-sagrados-coracoes\/#primaryimage\"},\"thumbnailUrl\":\"https:\/\/www.padreeustaquio.com.br\/wp-content\/uploads\/2024\/02\/inicio-postulantado-jovens-2024.jpeg\",\"articleSection\":[\"Not\u00edcias\"],\"inLanguage\":\"es\",\"potentialAction\":[{\"@type\":\"CommentAction\",\"name\":\"Comment\",\"target\":[\"https:\/\/www.padreeustaquio.com.br\/quatro-novos-jovens-comecam-caminhada-nos-sagrados-coracoes\/#respond\"]}]},{\"@type\":\"WebPage\",\"@id\":\"https:\/\/www.padreeustaquio.com.br\/quatro-novos-jovens-comecam-caminhada-nos-sagrados-coracoes\/\",\"url\":\"https:\/\/www.padreeustaquio.com.br\/quatro-novos-jovens-comecam-caminhada-nos-sagrados-coracoes\/\",\"name\":\"Quatro novos jovens come\u00e7am caminhada nos Sagrados Cora\u00e7\u00f5es\",\"isPartOf\":{\"@id\":\"https:\/\/www.padreeustaquio.com.br\/#website\"},\"primaryImageOfPage\":{\"@id\":\"https:\/\/www.padreeustaquio.com.br\/quatro-novos-jovens-comecam-caminhada-nos-sagrados-coracoes\/#primaryimage\"},\"image\":{\"@id\":\"https:\/\/www.padreeustaquio.com.br\/quatro-novos-jovens-comecam-caminhada-nos-sagrados-coracoes\/#primaryimage\"},\"thumbnailUrl\":\"https:\/\/www.padreeustaquio.com.br\/wp-content\/uploads\/2024\/02\/inicio-postulantado-jovens-2024.jpeg\",\"datePublished\":\"2024-02-20T14:45:22+00:00\",\"description\":\"A Prov\u00edncia dos Sagrados Cora\u00e7\u00f5es no Brasil celebrou, este m\u00eas, a abertura do Postulantado em Pindamonhangaba, S\u00e3o Paulo, marcando o in\u00edcio do processo de forma\u00e7\u00e3o para quatro jovens na Congrega\u00e7\u00e3o.\",\"breadcrumb\":{\"@id\":\"https:\/\/www.padreeustaquio.com.br\/quatro-novos-jovens-comecam-caminhada-nos-sagrados-coracoes\/#breadcrumb\"},\"inLanguage\":\"es\",\"potentialAction\":[{\"@type\":\"ReadAction\",\"target\":[\"https:\/\/www.padreeustaquio.com.br\/quatro-novos-jovens-comecam-caminhada-nos-sagrados-coracoes\/\"]}]},{\"@type\":\"ImageObject\",\"inLanguage\":\"es\",\"@id\":\"https:\/\/www.padreeustaquio.com.br\/quatro-novos-jovens-comecam-caminhada-nos-sagrados-coracoes\/#primaryimage\",\"url\":\"https:\/\/www.padreeustaquio.com.br\/wp-content\/uploads\/2024\/02\/inicio-postulantado-jovens-2024.jpeg\",\"contentUrl\":\"https:\/\/www.padreeustaquio.com.br\/wp-content\/uploads\/2024\/02\/inicio-postulantado-jovens-2024.jpeg\",\"width\":1280,\"height\":960},{\"@type\":\"BreadcrumbList\",\"@id\":\"https:\/\/www.padreeustaquio.com.br\/quatro-novos-jovens-comecam-caminhada-nos-sagrados-coracoes\/#breadcrumb\",\"itemListElement\":[{\"@type\":\"ListItem\",\"position\":1,\"name\":\"In\u00edcio\",\"item\":\"https:\/\/www.padreeustaquio.com.br\/\"},{\"@type\":\"ListItem\",\"position\":2,\"name\":\"Quatro novos jovens come\u00e7am caminhada nos Sagrados Cora\u00e7\u00f5es\"}]},{\"@type\":\"WebSite\",\"@id\":\"https:\/\/www.padreeustaquio.com.br\/#website\",\"url\":\"https:\/\/www.padreeustaquio.com.br\/\",\"name\":\"Padre Eust\u00e1quio\",\"description\":\"Sa\u00fade e Paz\",\"publisher\":{\"@id\":\"https:\/\/www.padreeustaquio.com.br\/#organization\"},\"potentialAction\":[{\"@type\":\"SearchAction\",\"target\":{\"@type\":\"EntryPoint\",\"urlTemplate\":\"https:\/\/www.padreeustaquio.com.br\/?s={search_term_string}\"},\"query-input\":{\"@type\":\"PropertyValueSpecification\",\"valueRequired\":true,\"valueName\":\"search_term_string\"}}],\"inLanguage\":\"es\"},{\"@type\":\"Organization\",\"@id\":\"https:\/\/www.padreeustaquio.com.br\/#organization\",\"name\":\"Padre Eust\u00e1quio\",\"url\":\"https:\/\/www.padreeustaquio.com.br\/\",\"logo\":{\"@type\":\"ImageObject\",\"inLanguage\":\"es\",\"@id\":\"https:\/\/www.padreeustaquio.com.br\/#\/schema\/logo\/image\/\",\"url\":\"https:\/\/www.padreeustaquio.com.br\/wp-content\/uploads\/2019\/08\/marca.png\",\"contentUrl\":\"https:\/\/www.padreeustaquio.com.br\/wp-content\/uploads\/2019\/08\/marca.png\",\"width\":350,\"height\":400,\"caption\":\"Padre Eust\u00e1quio\"},\"image\":{\"@id\":\"https:\/\/www.padreeustaquio.com.br\/#\/schema\/logo\/image\/\"},\"sameAs\":[\"https:\/\/www.facebook.com\/beatopadreeustaquio\/\",\"https:\/\/x.com\/beatopeustaquio\",\"https:\/\/www.instagram.com\/beatopadreeustaquio\/\",\"https:\/\/www.youtube.com\/channel\/UCRhw7vfabnajwLxb1ZXMeIw\"]},{\"@type\":\"Person\",\"@id\":\"https:\/\/www.padreeustaquio.com.br\/#\/schema\/person\/a2a51db1d00f1a7af0204a0f1ddb1566\",\"name\":\"@sscc\",\"image\":{\"@type\":\"ImageObject\",\"inLanguage\":\"es\",\"@id\":\"https:\/\/secure.gravatar.com\/avatar\/68cfafa5f44617fea54071e215026e0ff06be366c3d54a8425f04fdcb86f8c5f?s=96&d=mm&r=g\",\"url\":\"https:\/\/secure.gravatar.com\/avatar\/68cfafa5f44617fea54071e215026e0ff06be366c3d54a8425f04fdcb86f8c5f?s=96&d=mm&r=g\",\"contentUrl\":\"https:\/\/secure.gravatar.com\/avatar\/68cfafa5f44617fea54071e215026e0ff06be366c3d54a8425f04fdcb86f8c5f?s=96&d=mm&r=g\",\"caption\":\"@sscc\"},\"url\":\"https:\/\/www.padreeustaquio.com.br\/es\/author\/sscc\/\"}]}<\/script>\n<!-- \/ Yoast SEO plugin. -->","yoast_head_json":{"title":"Cuatro nuevos j\u00f3venes inician su camino en los Sagrados Corazones.","description":"La Provincia de los Sagrados Corazones en Brasil celebr\u00f3 este mes la apertura del Postulantado en Pindamonhangaba, S\u00e3o Paulo, marcando el inicio del proceso de formaci\u00f3n de cuatro j\u00f3venes de la Congregaci\u00f3n.","robots":{"index":"index","follow":"follow","max-snippet":"max-snippet:-1","max-image-preview":"max-image-preview:large","max-video-preview":"max-video-preview:-1"},"canonical":"https:\/\/www.padreeustaquio.com.br\/es\/cuatro-nuevos-jovenes-inician-su-camino-en-los-sagrados-corazones\/","og_locale":"es_ES","og_type":"article","og_title":"Quatro novos jovens come\u00e7am caminhada nos Sagrados Cora\u00e7\u00f5es","og_description":"A Prov\u00edncia dos Sagrados Cora\u00e7\u00f5es no Brasil celebrou, este m\u00eas, a abertura do Postulantado em Pindamonhangaba, S\u00e3o Paulo, marcando o in\u00edcio do processo de forma\u00e7\u00e3o para quatro jovens na Congrega\u00e7\u00e3o.","og_url":"https:\/\/www.padreeustaquio.com.br\/es\/cuatro-nuevos-jovenes-inician-su-camino-en-los-sagrados-corazones\/","og_site_name":"Padre Eust\u00e1quio","article_publisher":"https:\/\/www.facebook.com\/beatopadreeustaquio\/","article_published_time":"2024-02-20T14:45:22+00:00","og_image":[{"width":1280,"height":960,"url":"https:\/\/www.padreeustaquio.com.br\/wp-content\/uploads\/2024\/02\/inicio-postulantado-jovens-2024.jpeg","type":"image\/jpeg"}],"author":"@sscc","twitter_card":"summary_large_image","twitter_creator":"@beatopeustaquio","twitter_site":"@beatopeustaquio","twitter_misc":{"Escrito por":"@sscc","Tiempo de lectura":"2 minutos"},"schema":{"@context":"https:\/\/schema.org","@graph":[{"@type":"Article","@id":"https:\/\/www.padreeustaquio.com.br\/quatro-novos-jovens-comecam-caminhada-nos-sagrados-coracoes\/#article","isPartOf":{"@id":"https:\/\/www.padreeustaquio.com.br\/quatro-novos-jovens-comecam-caminhada-nos-sagrados-coracoes\/"},"author":{"name":"@sscc","@id":"https:\/\/www.padreeustaquio.com.br\/#\/schema\/person\/a2a51db1d00f1a7af0204a0f1ddb1566"},"headline":"Quatro novos jovens come\u00e7am caminhada nos Sagrados Cora\u00e7\u00f5es","datePublished":"2024-02-20T14:45:22+00:00","mainEntityOfPage":{"@id":"https:\/\/www.padreeustaquio.com.br\/quatro-novos-jovens-comecam-caminhada-nos-sagrados-coracoes\/"},"wordCount":302,"commentCount":0,"publisher":{"@id":"https:\/\/www.padreeustaquio.com.br\/#organization"},"image":{"@id":"https:\/\/www.padreeustaquio.com.br\/quatro-novos-jovens-comecam-caminhada-nos-sagrados-coracoes\/#primaryimage"},"thumbnailUrl":"https:\/\/www.padreeustaquio.com.br\/wp-content\/uploads\/2024\/02\/inicio-postulantado-jovens-2024.jpeg","articleSection":["Not\u00edcias"],"inLanguage":"es","potentialAction":[{"@type":"CommentAction","name":"Comment","target":["https:\/\/www.padreeustaquio.com.br\/quatro-novos-jovens-comecam-caminhada-nos-sagrados-coracoes\/#respond"]}]},{"@type":"WebPage","@id":"https:\/\/www.padreeustaquio.com.br\/quatro-novos-jovens-comecam-caminhada-nos-sagrados-coracoes\/","url":"https:\/\/www.padreeustaquio.com.br\/quatro-novos-jovens-comecam-caminhada-nos-sagrados-coracoes\/","name":"Cuatro nuevos j\u00f3venes inician su camino en los Sagrados Corazones.","isPartOf":{"@id":"https:\/\/www.padreeustaquio.com.br\/#website"},"primaryImageOfPage":{"@id":"https:\/\/www.padreeustaquio.com.br\/quatro-novos-jovens-comecam-caminhada-nos-sagrados-coracoes\/#primaryimage"},"image":{"@id":"https:\/\/www.padreeustaquio.com.br\/quatro-novos-jovens-comecam-caminhada-nos-sagrados-coracoes\/#primaryimage"},"thumbnailUrl":"https:\/\/www.padreeustaquio.com.br\/wp-content\/uploads\/2024\/02\/inicio-postulantado-jovens-2024.jpeg","datePublished":"2024-02-20T14:45:22+00:00","description":"La Provincia de los Sagrados Corazones en Brasil celebr\u00f3 este mes la apertura del Postulantado en Pindamonhangaba, S\u00e3o Paulo, marcando el inicio del proceso de formaci\u00f3n de cuatro j\u00f3venes de la Congregaci\u00f3n.","breadcrumb":{"@id":"https:\/\/www.padreeustaquio.com.br\/quatro-novos-jovens-comecam-caminhada-nos-sagrados-coracoes\/#breadcrumb"},"inLanguage":"es","potentialAction":[{"@type":"ReadAction","target":["https:\/\/www.padreeustaquio.com.br\/quatro-novos-jovens-comecam-caminhada-nos-sagrados-coracoes\/"]}]},{"@type":"ImageObject","inLanguage":"es","@id":"https:\/\/www.padreeustaquio.com.br\/quatro-novos-jovens-comecam-caminhada-nos-sagrados-coracoes\/#primaryimage","url":"https:\/\/www.padreeustaquio.com.br\/wp-content\/uploads\/2024\/02\/inicio-postulantado-jovens-2024.jpeg","contentUrl":"https:\/\/www.padreeustaquio.com.br\/wp-content\/uploads\/2024\/02\/inicio-postulantado-jovens-2024.jpeg","width":1280,"height":960},{"@type":"BreadcrumbList","@id":"https:\/\/www.padreeustaquio.com.br\/quatro-novos-jovens-comecam-caminhada-nos-sagrados-coracoes\/#breadcrumb","itemListElement":[{"@type":"ListItem","position":1,"name":"In\u00edcio","item":"https:\/\/www.padreeustaquio.com.br\/"},{"@type":"ListItem","position":2,"name":"Quatro novos jovens come\u00e7am caminhada nos Sagrados Cora\u00e7\u00f5es"}]},{"@type":"WebSite","@id":"https:\/\/www.padreeustaquio.com.br\/#website","url":"https:\/\/www.padreeustaquio.com.br\/","name":"Padre Eustace","description":"Salud y Paz","publisher":{"@id":"https:\/\/www.padreeustaquio.com.br\/#organization"},"potentialAction":[{"@type":"SearchAction","target":{"@type":"EntryPoint","urlTemplate":"https:\/\/www.padreeustaquio.com.br\/?s={search_term_string}"},"query-input":{"@type":"PropertyValueSpecification","valueRequired":true,"valueName":"search_term_string"}}],"inLanguage":"es"},{"@type":"Organization","@id":"https:\/\/www.padreeustaquio.com.br\/#organization","name":"Padre Eustace","url":"https:\/\/www.padreeustaquio.com.br\/","logo":{"@type":"ImageObject","inLanguage":"es","@id":"https:\/\/www.padreeustaquio.com.br\/#\/schema\/logo\/image\/","url":"https:\/\/www.padreeustaquio.com.br\/wp-content\/uploads\/2019\/08\/marca.png","contentUrl":"https:\/\/www.padreeustaquio.com.br\/wp-content\/uploads\/2019\/08\/marca.png","width":350,"height":400,"caption":"Padre Eust\u00e1quio"},"image":{"@id":"https:\/\/www.padreeustaquio.com.br\/#\/schema\/logo\/image\/"},"sameAs":["https:\/\/www.facebook.com\/beatopadreeustaquio\/","https:\/\/x.com\/beatopeustaquio","https:\/\/www.instagram.com\/beatopadreeustaquio\/","https:\/\/www.youtube.com\/channel\/UCRhw7vfabnajwLxb1ZXMeIw"]},{"@type":"Person","@id":"https:\/\/www.padreeustaquio.com.br\/#\/schema\/person\/a2a51db1d00f1a7af0204a0f1ddb1566","name":"@sscc","image":{"@type":"ImageObject","inLanguage":"es","@id":"https:\/\/secure.gravatar.com\/avatar\/68cfafa5f44617fea54071e215026e0ff06be366c3d54a8425f04fdcb86f8c5f?s=96&d=mm&r=g","url":"https:\/\/secure.gravatar.com\/avatar\/68cfafa5f44617fea54071e215026e0ff06be366c3d54a8425f04fdcb86f8c5f?s=96&d=mm&r=g","contentUrl":"https:\/\/secure.gravatar.com\/avatar\/68cfafa5f44617fea54071e215026e0ff06be366c3d54a8425f04fdcb86f8c5f?s=96&d=mm&r=g","caption":"@sscc"},"url":"https:\/\/www.padreeustaquio.com.br\/es\/author\/sscc\/"}]}},"_links":{"self":[{"href":"https:\/\/www.padreeustaquio.com.br\/es\/wp-json\/wp\/v2\/posts\/11091","targetHints":{"allow":["GET"]}}],"collection":[{"href":"https:\/\/www.padreeustaquio.com.br\/es\/wp-json\/wp\/v2\/posts"}],"about":[{"href":"https:\/\/www.padreeustaquio.com.br\/es\/wp-json\/wp\/v2\/types\/post"}],"author":[{"embeddable":true,"href":"https:\/\/www.padreeustaquio.com.br\/es\/wp-json\/wp\/v2\/users\/2"}],"replies":[{"embeddable":true,"href":"https:\/\/www.padreeustaquio.com.br\/es\/wp-json\/wp\/v2\/comments?post=11091"}],"version-history":[{"count":0,"href":"https:\/\/www.padreeustaquio.com.br\/es\/wp-json\/wp\/v2\/posts\/11091\/revisions"}],"wp:featuredmedia":[{"embeddable":true,"href":"https:\/\/www.padreeustaquio.com.br\/es\/wp-json\/wp\/v2\/media\/11092"}],"wp:attachment":[{"href":"https:\/\/www.padreeustaquio.com.br\/es\/wp-json\/wp\/v2\/media?parent=11091"}],"wp:term":[{"taxonomy":"category","embeddable":true,"href":"https:\/\/www.padreeustaquio.com.br\/es\/wp-json\/wp\/v2\/categories?post=11091"},{"taxonomy":"post_tag","embeddable":true,"href":"https:\/\/www.padreeustaquio.com.br\/es\/wp-json\/wp\/v2\/tags?post=11091"}],"curies":[{"name":"wp","href":"https:\/\/api.w.org\/{rel}","templated":true}]}}