{"id":11085,"date":"2024-02-16T08:21:21","date_gmt":"2024-02-16T11:21:21","guid":{"rendered":"https:\/\/www.padreeustaquio.com.br\/?p=11085"},"modified":"2024-02-14T09:39:11","modified_gmt":"2024-02-14T12:39:11","slug":"via-crucis-en-vivo-el-canal-del-padre-eustaquio-transmite-hoy-un-momento-de-oracion-y-reflexion","status":"publish","type":"post","link":"https:\/\/www.padreeustaquio.com.br\/es\/via-crucis-en-vivo-el-canal-del-padre-eustaquio-transmite-hoy-un-momento-de-oracion-y-reflexion\/","title":{"rendered":"V\u00cdA CRUCIS EN VIVO \u2013 Canal Padre Eust\u00e1quio transmite hoy un momento de oraci\u00f3n y reflexi\u00f3n."},"content":{"rendered":"<p>Este viernes a las 18:00, el Canal Padre Eust\u00e1quio transmitir\u00e1 en vivo el V\u00eda Crucis con meditaciones del Beato Padre Eust\u00e1quio. Este momento de oraci\u00f3n y reflexi\u00f3n tendr\u00e1 lugar en el Santuario de la Salud y la Paz, Iglesia del Beato Padre Eust\u00e1quio, en Belo Horizonte, Minas Gerais, Brasil.<\/p>\n<p>El V\u00eda Crucis, con meditaciones del Beato Padre Eustaquio, se realizar\u00e1 todos los viernes de Cuaresma y ser\u00e1 dirigido por el Padre Silvano Dias de \u00c1vila, SSCC, vicario del Santuario de Belo Horizonte.<\/p>\n<p>La meditaci\u00f3n del V\u00eda Crucis, transmitida por el Canal Padre Eust\u00e1quio, se basa en los escritos del Beato Eust\u00e1quio. Estos escritos fueron seleccionados y recopilados en el folleto &quot;V\u00eda Crucis con Meditaciones del Beato Padre Eust\u00e1quio&quot;, que puede adquirirse en la tienda anexa a la iglesia en Belo Horizonte.<\/p>\n<p><strong>Acerca del V\u00eda Crucis<\/strong><\/p>\n<p>La Cuaresma es un tiempo que nos invita a reflexionar sobre la Pasi\u00f3n y muerte de Jesucristo. Por ello, el V\u00eda Crucis, como se le conoce popularmente en Brasil, es un ejercicio de oraci\u00f3n y reflexi\u00f3n, que medita sobre el sufrimiento de Jes\u00fas desde el tribunal de Pilato hasta el Monte Calvario.<\/p>\n<p>Esta reflexi\u00f3n consta de 14 estaciones, cada una de las cuales representa un acto especial de devoci\u00f3n:<\/p>\n<p>Primera Estaci\u00f3n \u2013 Jes\u00fas es condenado a muerte.<br \/>\n2\u00aa Estaci\u00f3n \u2013 Jes\u00fas carga con la cruz<br \/>\n3\u00aa Estaci\u00f3n \u2013 Jes\u00fas cae por primera vez<br \/>\n4\u00aa Estaci\u00f3n \u2013 El encuentro de Jes\u00fas con su Madre<br \/>\n5\u00aa Estaci\u00f3n \u2013 Sim\u00f3n de Cirene ayuda a Jes\u00fas a llevar la cruz.<br \/>\n6\u00aa estaci\u00f3n \u2013 La Ver\u00f3nica limpia el rostro de Jes\u00fas<br \/>\n7\u00aa Estaci\u00f3n \u2013 Jes\u00fas cae por segunda vez.<br \/>\n8\u00aa Estaci\u00f3n \u2013 Jes\u00fas consuela a las hijas de Jerusal\u00e9n<br \/>\n9\u00aa Estaci\u00f3n \u2013 Jes\u00fas cae por tercera vez<br \/>\n10\u00aa Estaci\u00f3n \u2013 Jes\u00fas es despojado de sus vestiduras.<br \/>\n11\u00aa Estaci\u00f3n \u2013 Jes\u00fas es clavado en la cruz<br \/>\n12\u00aa Estaci\u00f3n \u2013 Jes\u00fas muere en la cruz<br \/>\n13\u00aa Estaci\u00f3n \u2013 Jes\u00fas es bajado de la cruz.<br \/>\n14\u00aa Estaci\u00f3n \u2013 Jes\u00fas es sepultado<\/p>\n<p>&nbsp;<\/p>","protected":false},"excerpt":{"rendered":"<p>Nesta sexta-feira, \u00e0s 18h, o Canal Padre Eust\u00e1quio transmite, ao vivo, a Via Sacra com Medita\u00e7\u00f5es do Beato Padre Eust\u00e1quio. O momento de ora\u00e7\u00e3o e reflex\u00e3o ser\u00e1 realizado no Santu\u00e1rio da Sa\u00fade e da Paz, Igreja do Beato Padre Eust\u00e1quio em Belo Horizonte-MG. A Via Sacra com as medita\u00e7\u00f5es do Bem-Aventurado Padre Eust\u00e1quio, ser\u00e1 realizada todas as sextas-feiras da Quaresma e ser\u00e1 comandada pelo Padre Silvano Dias de \u00c1vila, SSCC, vig\u00e1rio do Santu\u00e1rio em BH. A medita\u00e7\u00e3o da Via Sacra transmitida pelo Canal Padre Eust\u00e1quio \u00e9 feita a partir dos escritos do Beato. Elas foram selecionadas e colocadas no livreto [&hellip;]<\/p>\n","protected":false},"author":2,"featured_media":11087,"comment_status":"open","ping_status":"closed","sticky":false,"template":"","format":"standard","meta":{"_acf_changed":false,"footnotes":""},"categories":[611],"tags":[],"class_list":["post-11085","post","type-post","status-publish","format-standard","has-post-thumbnail","hentry","category-noticias"],"acf":[],"yoast_head":"<!-- This site is optimized with the Yoast SEO plugin v27.2 - https:\/\/yoast.com\/product\/yoast-seo-wordpress\/ -->\n<title>VIA SACRA AO VIVO - Canal Padre Eust\u00e1quio transmite hoje momento de ora\u00e7\u00e3o e reflex\u00e3o<\/title>\n<meta name=\"description\" content=\"Nesta sexta-feira, \u00e0s 18h, o Canal Padre Eust\u00e1quio transmite, ao vivo, a Via Sacra com Medita\u00e7\u00f5es do Beato Padre Eust\u00e1quio. O momento de ora\u00e7\u00e3o e reflex\u00e3o ser\u00e1 realizado no Santu\u00e1rio da Sa\u00fade e da Paz, Igreja do Beato Padre Eust\u00e1quio em Belo Horizonte-MG.\" \/>\n<meta name=\"robots\" content=\"index, follow, max-snippet:-1, max-image-preview:large, max-video-preview:-1\" \/>\n<link rel=\"canonical\" href=\"https:\/\/www.padreeustaquio.com.br\/es\/via-crucis-en-vivo-el-canal-del-padre-eustaquio-transmite-hoy-un-momento-de-oracion-y-reflexion\/\" \/>\n<meta property=\"og:locale\" content=\"es_ES\" \/>\n<meta property=\"og:type\" content=\"article\" \/>\n<meta property=\"og:title\" content=\"VIA SACRA AO VIVO - Canal Padre Eust\u00e1quio transmite hoje momento de ora\u00e7\u00e3o e reflex\u00e3o\" \/>\n<meta property=\"og:description\" content=\"Nesta sexta-feira, \u00e0s 18h, o Canal Padre Eust\u00e1quio transmite, ao vivo, a Via Sacra com Medita\u00e7\u00f5es do Beato Padre Eust\u00e1quio. O momento de ora\u00e7\u00e3o e reflex\u00e3o ser\u00e1 realizado no Santu\u00e1rio da Sa\u00fade e da Paz, Igreja do Beato Padre Eust\u00e1quio em Belo Horizonte-MG.\" \/>\n<meta property=\"og:url\" content=\"https:\/\/www.padreeustaquio.com.br\/es\/via-crucis-en-vivo-el-canal-del-padre-eustaquio-transmite-hoy-un-momento-de-oracion-y-reflexion\/\" \/>\n<meta property=\"og:site_name\" content=\"Padre Eust\u00e1quio\" \/>\n<meta property=\"article:publisher\" content=\"https:\/\/www.facebook.com\/beatopadreeustaquio\/\" \/>\n<meta property=\"article:published_time\" content=\"2024-02-16T11:21:21+00:00\" \/>\n<meta property=\"og:image\" content=\"https:\/\/www.padreeustaquio.com.br\/wp-content\/uploads\/2024\/02\/00-VIA-SACRA.jpg\" \/>\n\t<meta property=\"og:image:width\" content=\"1920\" \/>\n\t<meta property=\"og:image:height\" content=\"1080\" \/>\n\t<meta property=\"og:image:type\" content=\"image\/jpeg\" \/>\n<meta name=\"author\" content=\"@sscc\" \/>\n<meta name=\"twitter:card\" content=\"summary_large_image\" \/>\n<meta name=\"twitter:creator\" content=\"@beatopeustaquio\" \/>\n<meta name=\"twitter:site\" content=\"@beatopeustaquio\" \/>\n<meta name=\"twitter:label1\" content=\"Escrito por\" \/>\n\t<meta name=\"twitter:data1\" content=\"@sscc\" \/>\n\t<meta name=\"twitter:label2\" content=\"Tiempo de lectura\" \/>\n\t<meta name=\"twitter:data2\" content=\"2 minutos\" \/>\n<script type=\"application\/ld+json\" class=\"yoast-schema-graph\">{\"@context\":\"https:\/\/schema.org\",\"@graph\":[{\"@type\":\"Article\",\"@id\":\"https:\/\/www.padreeustaquio.com.br\/via-sacra-ao-vivo-canal-padre-eustaquio-transmite-hoje-momento-de-oracao-e-reflexao\/#article\",\"isPartOf\":{\"@id\":\"https:\/\/www.padreeustaquio.com.br\/via-sacra-ao-vivo-canal-padre-eustaquio-transmite-hoje-momento-de-oracao-e-reflexao\/\"},\"author\":{\"name\":\"@sscc\",\"@id\":\"https:\/\/www.padreeustaquio.com.br\/#\/schema\/person\/a2a51db1d00f1a7af0204a0f1ddb1566\"},\"headline\":\"VIA SACRA AO VIVO &#8211; Canal Padre Eust\u00e1quio transmite hoje momento de ora\u00e7\u00e3o e reflex\u00e3o\",\"datePublished\":\"2024-02-16T11:21:21+00:00\",\"mainEntityOfPage\":{\"@id\":\"https:\/\/www.padreeustaquio.com.br\/via-sacra-ao-vivo-canal-padre-eustaquio-transmite-hoje-momento-de-oracao-e-reflexao\/\"},\"wordCount\":336,\"commentCount\":0,\"publisher\":{\"@id\":\"https:\/\/www.padreeustaquio.com.br\/#organization\"},\"image\":{\"@id\":\"https:\/\/www.padreeustaquio.com.br\/via-sacra-ao-vivo-canal-padre-eustaquio-transmite-hoje-momento-de-oracao-e-reflexao\/#primaryimage\"},\"thumbnailUrl\":\"https:\/\/www.padreeustaquio.com.br\/wp-content\/uploads\/2024\/02\/00-VIA-SACRA.jpg\",\"articleSection\":[\"Not\u00edcias\"],\"inLanguage\":\"es\",\"potentialAction\":[{\"@type\":\"CommentAction\",\"name\":\"Comment\",\"target\":[\"https:\/\/www.padreeustaquio.com.br\/via-sacra-ao-vivo-canal-padre-eustaquio-transmite-hoje-momento-de-oracao-e-reflexao\/#respond\"]}]},{\"@type\":\"WebPage\",\"@id\":\"https:\/\/www.padreeustaquio.com.br\/via-sacra-ao-vivo-canal-padre-eustaquio-transmite-hoje-momento-de-oracao-e-reflexao\/\",\"url\":\"https:\/\/www.padreeustaquio.com.br\/via-sacra-ao-vivo-canal-padre-eustaquio-transmite-hoje-momento-de-oracao-e-reflexao\/\",\"name\":\"VIA SACRA AO VIVO - Canal Padre Eust\u00e1quio transmite hoje momento de ora\u00e7\u00e3o e reflex\u00e3o\",\"isPartOf\":{\"@id\":\"https:\/\/www.padreeustaquio.com.br\/#website\"},\"primaryImageOfPage\":{\"@id\":\"https:\/\/www.padreeustaquio.com.br\/via-sacra-ao-vivo-canal-padre-eustaquio-transmite-hoje-momento-de-oracao-e-reflexao\/#primaryimage\"},\"image\":{\"@id\":\"https:\/\/www.padreeustaquio.com.br\/via-sacra-ao-vivo-canal-padre-eustaquio-transmite-hoje-momento-de-oracao-e-reflexao\/#primaryimage\"},\"thumbnailUrl\":\"https:\/\/www.padreeustaquio.com.br\/wp-content\/uploads\/2024\/02\/00-VIA-SACRA.jpg\",\"datePublished\":\"2024-02-16T11:21:21+00:00\",\"description\":\"Nesta sexta-feira, \u00e0s 18h, o Canal Padre Eust\u00e1quio transmite, ao vivo, a Via Sacra com Medita\u00e7\u00f5es do Beato Padre Eust\u00e1quio. O momento de ora\u00e7\u00e3o e reflex\u00e3o ser\u00e1 realizado no Santu\u00e1rio da Sa\u00fade e da Paz, Igreja do Beato Padre Eust\u00e1quio em Belo Horizonte-MG.\",\"breadcrumb\":{\"@id\":\"https:\/\/www.padreeustaquio.com.br\/via-sacra-ao-vivo-canal-padre-eustaquio-transmite-hoje-momento-de-oracao-e-reflexao\/#breadcrumb\"},\"inLanguage\":\"es\",\"potentialAction\":[{\"@type\":\"ReadAction\",\"target\":[\"https:\/\/www.padreeustaquio.com.br\/via-sacra-ao-vivo-canal-padre-eustaquio-transmite-hoje-momento-de-oracao-e-reflexao\/\"]}]},{\"@type\":\"ImageObject\",\"inLanguage\":\"es\",\"@id\":\"https:\/\/www.padreeustaquio.com.br\/via-sacra-ao-vivo-canal-padre-eustaquio-transmite-hoje-momento-de-oracao-e-reflexao\/#primaryimage\",\"url\":\"https:\/\/www.padreeustaquio.com.br\/wp-content\/uploads\/2024\/02\/00-VIA-SACRA.jpg\",\"contentUrl\":\"https:\/\/www.padreeustaquio.com.br\/wp-content\/uploads\/2024\/02\/00-VIA-SACRA.jpg\",\"width\":1920,\"height\":1080},{\"@type\":\"BreadcrumbList\",\"@id\":\"https:\/\/www.padreeustaquio.com.br\/via-sacra-ao-vivo-canal-padre-eustaquio-transmite-hoje-momento-de-oracao-e-reflexao\/#breadcrumb\",\"itemListElement\":[{\"@type\":\"ListItem\",\"position\":1,\"name\":\"In\u00edcio\",\"item\":\"https:\/\/www.padreeustaquio.com.br\/\"},{\"@type\":\"ListItem\",\"position\":2,\"name\":\"VIA SACRA AO VIVO &#8211; Canal Padre Eust\u00e1quio transmite hoje momento de ora\u00e7\u00e3o e reflex\u00e3o\"}]},{\"@type\":\"WebSite\",\"@id\":\"https:\/\/www.padreeustaquio.com.br\/#website\",\"url\":\"https:\/\/www.padreeustaquio.com.br\/\",\"name\":\"Padre Eust\u00e1quio\",\"description\":\"Sa\u00fade e Paz\",\"publisher\":{\"@id\":\"https:\/\/www.padreeustaquio.com.br\/#organization\"},\"potentialAction\":[{\"@type\":\"SearchAction\",\"target\":{\"@type\":\"EntryPoint\",\"urlTemplate\":\"https:\/\/www.padreeustaquio.com.br\/?s={search_term_string}\"},\"query-input\":{\"@type\":\"PropertyValueSpecification\",\"valueRequired\":true,\"valueName\":\"search_term_string\"}}],\"inLanguage\":\"es\"},{\"@type\":\"Organization\",\"@id\":\"https:\/\/www.padreeustaquio.com.br\/#organization\",\"name\":\"Padre Eust\u00e1quio\",\"url\":\"https:\/\/www.padreeustaquio.com.br\/\",\"logo\":{\"@type\":\"ImageObject\",\"inLanguage\":\"es\",\"@id\":\"https:\/\/www.padreeustaquio.com.br\/#\/schema\/logo\/image\/\",\"url\":\"https:\/\/www.padreeustaquio.com.br\/wp-content\/uploads\/2019\/08\/marca.png\",\"contentUrl\":\"https:\/\/www.padreeustaquio.com.br\/wp-content\/uploads\/2019\/08\/marca.png\",\"width\":350,\"height\":400,\"caption\":\"Padre Eust\u00e1quio\"},\"image\":{\"@id\":\"https:\/\/www.padreeustaquio.com.br\/#\/schema\/logo\/image\/\"},\"sameAs\":[\"https:\/\/www.facebook.com\/beatopadreeustaquio\/\",\"https:\/\/x.com\/beatopeustaquio\",\"https:\/\/www.instagram.com\/beatopadreeustaquio\/\",\"https:\/\/www.youtube.com\/channel\/UCRhw7vfabnajwLxb1ZXMeIw\"]},{\"@type\":\"Person\",\"@id\":\"https:\/\/www.padreeustaquio.com.br\/#\/schema\/person\/a2a51db1d00f1a7af0204a0f1ddb1566\",\"name\":\"@sscc\",\"image\":{\"@type\":\"ImageObject\",\"inLanguage\":\"es\",\"@id\":\"https:\/\/secure.gravatar.com\/avatar\/68cfafa5f44617fea54071e215026e0ff06be366c3d54a8425f04fdcb86f8c5f?s=96&d=mm&r=g\",\"url\":\"https:\/\/secure.gravatar.com\/avatar\/68cfafa5f44617fea54071e215026e0ff06be366c3d54a8425f04fdcb86f8c5f?s=96&d=mm&r=g\",\"contentUrl\":\"https:\/\/secure.gravatar.com\/avatar\/68cfafa5f44617fea54071e215026e0ff06be366c3d54a8425f04fdcb86f8c5f?s=96&d=mm&r=g\",\"caption\":\"@sscc\"},\"url\":\"https:\/\/www.padreeustaquio.com.br\/es\/author\/sscc\/\"}]}<\/script>\n<!-- \/ Yoast SEO plugin. -->","yoast_head_json":{"title":"V\u00cdA CRUCIS EN VIVO - Canal Padre Eust\u00e1quio transmite hoy un momento de oraci\u00f3n y reflexi\u00f3n.","description":"Este viernes a las 18:00, el Canal Padre Eust\u00e1quio transmitir\u00e1 en vivo el V\u00eda Crucis con meditaciones del Beato Padre Eust\u00e1quio. Este momento de oraci\u00f3n y reflexi\u00f3n tendr\u00e1 lugar en el Santuario de la Salud y la Paz, Iglesia del Beato Padre Eust\u00e1quio, en Belo Horizonte, Minas Gerais, Brasil.","robots":{"index":"index","follow":"follow","max-snippet":"max-snippet:-1","max-image-preview":"max-image-preview:large","max-video-preview":"max-video-preview:-1"},"canonical":"https:\/\/www.padreeustaquio.com.br\/es\/via-crucis-en-vivo-el-canal-del-padre-eustaquio-transmite-hoy-un-momento-de-oracion-y-reflexion\/","og_locale":"es_ES","og_type":"article","og_title":"VIA SACRA AO VIVO - Canal Padre Eust\u00e1quio transmite hoje momento de ora\u00e7\u00e3o e reflex\u00e3o","og_description":"Nesta sexta-feira, \u00e0s 18h, o Canal Padre Eust\u00e1quio transmite, ao vivo, a Via Sacra com Medita\u00e7\u00f5es do Beato Padre Eust\u00e1quio. O momento de ora\u00e7\u00e3o e reflex\u00e3o ser\u00e1 realizado no Santu\u00e1rio da Sa\u00fade e da Paz, Igreja do Beato Padre Eust\u00e1quio em Belo Horizonte-MG.","og_url":"https:\/\/www.padreeustaquio.com.br\/es\/via-crucis-en-vivo-el-canal-del-padre-eustaquio-transmite-hoy-un-momento-de-oracion-y-reflexion\/","og_site_name":"Padre Eust\u00e1quio","article_publisher":"https:\/\/www.facebook.com\/beatopadreeustaquio\/","article_published_time":"2024-02-16T11:21:21+00:00","og_image":[{"width":1920,"height":1080,"url":"https:\/\/www.padreeustaquio.com.br\/wp-content\/uploads\/2024\/02\/00-VIA-SACRA.jpg","type":"image\/jpeg"}],"author":"@sscc","twitter_card":"summary_large_image","twitter_creator":"@beatopeustaquio","twitter_site":"@beatopeustaquio","twitter_misc":{"Escrito por":"@sscc","Tiempo de lectura":"2 minutos"},"schema":{"@context":"https:\/\/schema.org","@graph":[{"@type":"Article","@id":"https:\/\/www.padreeustaquio.com.br\/via-sacra-ao-vivo-canal-padre-eustaquio-transmite-hoje-momento-de-oracao-e-reflexao\/#article","isPartOf":{"@id":"https:\/\/www.padreeustaquio.com.br\/via-sacra-ao-vivo-canal-padre-eustaquio-transmite-hoje-momento-de-oracao-e-reflexao\/"},"author":{"name":"@sscc","@id":"https:\/\/www.padreeustaquio.com.br\/#\/schema\/person\/a2a51db1d00f1a7af0204a0f1ddb1566"},"headline":"VIA SACRA AO VIVO &#8211; Canal Padre Eust\u00e1quio transmite hoje momento de ora\u00e7\u00e3o e reflex\u00e3o","datePublished":"2024-02-16T11:21:21+00:00","mainEntityOfPage":{"@id":"https:\/\/www.padreeustaquio.com.br\/via-sacra-ao-vivo-canal-padre-eustaquio-transmite-hoje-momento-de-oracao-e-reflexao\/"},"wordCount":336,"commentCount":0,"publisher":{"@id":"https:\/\/www.padreeustaquio.com.br\/#organization"},"image":{"@id":"https:\/\/www.padreeustaquio.com.br\/via-sacra-ao-vivo-canal-padre-eustaquio-transmite-hoje-momento-de-oracao-e-reflexao\/#primaryimage"},"thumbnailUrl":"https:\/\/www.padreeustaquio.com.br\/wp-content\/uploads\/2024\/02\/00-VIA-SACRA.jpg","articleSection":["Not\u00edcias"],"inLanguage":"es","potentialAction":[{"@type":"CommentAction","name":"Comment","target":["https:\/\/www.padreeustaquio.com.br\/via-sacra-ao-vivo-canal-padre-eustaquio-transmite-hoje-momento-de-oracao-e-reflexao\/#respond"]}]},{"@type":"WebPage","@id":"https:\/\/www.padreeustaquio.com.br\/via-sacra-ao-vivo-canal-padre-eustaquio-transmite-hoje-momento-de-oracao-e-reflexao\/","url":"https:\/\/www.padreeustaquio.com.br\/via-sacra-ao-vivo-canal-padre-eustaquio-transmite-hoje-momento-de-oracao-e-reflexao\/","name":"V\u00cdA CRUCIS EN VIVO - Canal Padre Eust\u00e1quio transmite hoy un momento de oraci\u00f3n y reflexi\u00f3n.","isPartOf":{"@id":"https:\/\/www.padreeustaquio.com.br\/#website"},"primaryImageOfPage":{"@id":"https:\/\/www.padreeustaquio.com.br\/via-sacra-ao-vivo-canal-padre-eustaquio-transmite-hoje-momento-de-oracao-e-reflexao\/#primaryimage"},"image":{"@id":"https:\/\/www.padreeustaquio.com.br\/via-sacra-ao-vivo-canal-padre-eustaquio-transmite-hoje-momento-de-oracao-e-reflexao\/#primaryimage"},"thumbnailUrl":"https:\/\/www.padreeustaquio.com.br\/wp-content\/uploads\/2024\/02\/00-VIA-SACRA.jpg","datePublished":"2024-02-16T11:21:21+00:00","description":"Este viernes a las 18:00, el Canal Padre Eust\u00e1quio transmitir\u00e1 en vivo el V\u00eda Crucis con meditaciones del Beato Padre Eust\u00e1quio. Este momento de oraci\u00f3n y reflexi\u00f3n tendr\u00e1 lugar en el Santuario de la Salud y la Paz, Iglesia del Beato Padre Eust\u00e1quio, en Belo Horizonte, Minas Gerais, Brasil.","breadcrumb":{"@id":"https:\/\/www.padreeustaquio.com.br\/via-sacra-ao-vivo-canal-padre-eustaquio-transmite-hoje-momento-de-oracao-e-reflexao\/#breadcrumb"},"inLanguage":"es","potentialAction":[{"@type":"ReadAction","target":["https:\/\/www.padreeustaquio.com.br\/via-sacra-ao-vivo-canal-padre-eustaquio-transmite-hoje-momento-de-oracao-e-reflexao\/"]}]},{"@type":"ImageObject","inLanguage":"es","@id":"https:\/\/www.padreeustaquio.com.br\/via-sacra-ao-vivo-canal-padre-eustaquio-transmite-hoje-momento-de-oracao-e-reflexao\/#primaryimage","url":"https:\/\/www.padreeustaquio.com.br\/wp-content\/uploads\/2024\/02\/00-VIA-SACRA.jpg","contentUrl":"https:\/\/www.padreeustaquio.com.br\/wp-content\/uploads\/2024\/02\/00-VIA-SACRA.jpg","width":1920,"height":1080},{"@type":"BreadcrumbList","@id":"https:\/\/www.padreeustaquio.com.br\/via-sacra-ao-vivo-canal-padre-eustaquio-transmite-hoje-momento-de-oracao-e-reflexao\/#breadcrumb","itemListElement":[{"@type":"ListItem","position":1,"name":"In\u00edcio","item":"https:\/\/www.padreeustaquio.com.br\/"},{"@type":"ListItem","position":2,"name":"VIA SACRA AO VIVO &#8211; Canal Padre Eust\u00e1quio transmite hoje momento de ora\u00e7\u00e3o e reflex\u00e3o"}]},{"@type":"WebSite","@id":"https:\/\/www.padreeustaquio.com.br\/#website","url":"https:\/\/www.padreeustaquio.com.br\/","name":"Padre Eustace","description":"Salud y Paz","publisher":{"@id":"https:\/\/www.padreeustaquio.com.br\/#organization"},"potentialAction":[{"@type":"SearchAction","target":{"@type":"EntryPoint","urlTemplate":"https:\/\/www.padreeustaquio.com.br\/?s={search_term_string}"},"query-input":{"@type":"PropertyValueSpecification","valueRequired":true,"valueName":"search_term_string"}}],"inLanguage":"es"},{"@type":"Organization","@id":"https:\/\/www.padreeustaquio.com.br\/#organization","name":"Padre Eustace","url":"https:\/\/www.padreeustaquio.com.br\/","logo":{"@type":"ImageObject","inLanguage":"es","@id":"https:\/\/www.padreeustaquio.com.br\/#\/schema\/logo\/image\/","url":"https:\/\/www.padreeustaquio.com.br\/wp-content\/uploads\/2019\/08\/marca.png","contentUrl":"https:\/\/www.padreeustaquio.com.br\/wp-content\/uploads\/2019\/08\/marca.png","width":350,"height":400,"caption":"Padre Eust\u00e1quio"},"image":{"@id":"https:\/\/www.padreeustaquio.com.br\/#\/schema\/logo\/image\/"},"sameAs":["https:\/\/www.facebook.com\/beatopadreeustaquio\/","https:\/\/x.com\/beatopeustaquio","https:\/\/www.instagram.com\/beatopadreeustaquio\/","https:\/\/www.youtube.com\/channel\/UCRhw7vfabnajwLxb1ZXMeIw"]},{"@type":"Person","@id":"https:\/\/www.padreeustaquio.com.br\/#\/schema\/person\/a2a51db1d00f1a7af0204a0f1ddb1566","name":"@sscc","image":{"@type":"ImageObject","inLanguage":"es","@id":"https:\/\/secure.gravatar.com\/avatar\/68cfafa5f44617fea54071e215026e0ff06be366c3d54a8425f04fdcb86f8c5f?s=96&d=mm&r=g","url":"https:\/\/secure.gravatar.com\/avatar\/68cfafa5f44617fea54071e215026e0ff06be366c3d54a8425f04fdcb86f8c5f?s=96&d=mm&r=g","contentUrl":"https:\/\/secure.gravatar.com\/avatar\/68cfafa5f44617fea54071e215026e0ff06be366c3d54a8425f04fdcb86f8c5f?s=96&d=mm&r=g","caption":"@sscc"},"url":"https:\/\/www.padreeustaquio.com.br\/es\/author\/sscc\/"}]}},"_links":{"self":[{"href":"https:\/\/www.padreeustaquio.com.br\/es\/wp-json\/wp\/v2\/posts\/11085","targetHints":{"allow":["GET"]}}],"collection":[{"href":"https:\/\/www.padreeustaquio.com.br\/es\/wp-json\/wp\/v2\/posts"}],"about":[{"href":"https:\/\/www.padreeustaquio.com.br\/es\/wp-json\/wp\/v2\/types\/post"}],"author":[{"embeddable":true,"href":"https:\/\/www.padreeustaquio.com.br\/es\/wp-json\/wp\/v2\/users\/2"}],"replies":[{"embeddable":true,"href":"https:\/\/www.padreeustaquio.com.br\/es\/wp-json\/wp\/v2\/comments?post=11085"}],"version-history":[{"count":0,"href":"https:\/\/www.padreeustaquio.com.br\/es\/wp-json\/wp\/v2\/posts\/11085\/revisions"}],"wp:featuredmedia":[{"embeddable":true,"href":"https:\/\/www.padreeustaquio.com.br\/es\/wp-json\/wp\/v2\/media\/11087"}],"wp:attachment":[{"href":"https:\/\/www.padreeustaquio.com.br\/es\/wp-json\/wp\/v2\/media?parent=11085"}],"wp:term":[{"taxonomy":"category","embeddable":true,"href":"https:\/\/www.padreeustaquio.com.br\/es\/wp-json\/wp\/v2\/categories?post=11085"},{"taxonomy":"post_tag","embeddable":true,"href":"https:\/\/www.padreeustaquio.com.br\/es\/wp-json\/wp\/v2\/tags?post=11085"}],"curies":[{"name":"wp","href":"https:\/\/api.w.org\/{rel}","templated":true}]}}