{"id":11082,"date":"2024-02-14T09:19:44","date_gmt":"2024-02-14T12:19:44","guid":{"rendered":"https:\/\/www.padreeustaquio.com.br\/?p=11082"},"modified":"2024-02-14T09:19:44","modified_gmt":"2024-02-14T12:19:44","slug":"la-amistad-social-y-el-tema-de-la-campana-de-fraternidad-2024","status":"publish","type":"post","link":"https:\/\/www.padreeustaquio.com.br\/es\/la-amistad-social-y-el-tema-de-la-campana-de-fraternidad-2024\/","title":{"rendered":"La Amistad Social es el tema de la Campa\u00f1a de Fraternidad 2024."},"content":{"rendered":"<p>Con el tema \u201cFraternidad y Amistad Social\u201d y el lema \u201cTodos ustedes son hermanos y hermanas\u201d, la Conferencia Nacional de Obispos de Brasil (CNBB) lanza, hoy Mi\u00e9rcoles de Ceniza (14 de febrero), la Campa\u00f1a de Fraternidad 2024.<\/p>\n<p>La campa\u00f1a celebra su 60\u00ba aniversario y es realizada por la CNBB (Conferencia Nacional de Obispos de Brasil) durante la Cuaresma \u2014per\u00edodo de ayuno y preparaci\u00f3n espiritual que precede a la Pascua\u2014 con el objetivo de incentivar la solidaridad en relaci\u00f3n a alg\u00fan problema social.<\/p>\n<p>Seg\u00fan la CNBB (Conferencia Nacional de Obispos de Brasil), la campa\u00f1a &quot;Fraternidad y Amistad Social&quot; pretende orientar la Cuaresma a trav\u00e9s de los siguientes temas:<\/p>\n<p>\u2013 animar a la gente a ver situaciones de enemistad;<br \/>\n\u2013 animar a las personas a dejarse iluminar por el Evangelio que las une como familia;<br \/>\n\u2013 actuar seg\u00fan la propuesta cuaresmal de conversi\u00f3n constante, promoviendo el esfuerzo de cambio personal y comunitario;<\/p>\n<p><strong>Campa\u00f1a de Fraternidad 2024<\/p>\n<p><\/strong>El lanzamiento oficial de la campa\u00f1a est\u00e1 previsto para las 9:00 h de este Mi\u00e9rcoles de Ceniza en la sede de la CNBB en Brasilia, con una misa oficiada por el Secretario General, Monse\u00f1or Ricardo Hoepers, seguida de la ceremonia de apertura a las 10:00 h en el Auditorio Dom Helder C\u00e2mara. Durante el evento, tambi\u00e9n se presentar\u00e1 un mensaje en video del Papa Francisco.<\/p>\n<p>En la Iglesia Padre Eust\u00e1quio, en Belo Horizonte, habr\u00e1 misas a las 7h, 10h, 12h, 15h y 19h, todas con la imposici\u00f3n de la ceniza y el lanzamiento del tema de la Campa\u00f1a de la Fraternidad de este a\u00f1o.<\/p>\n<p>Los servicios de las 10 am y 7 pm ser\u00e1n transmitidos por el Canal Padre Eust\u00e1quio en YouTube. <a href=\"https:\/\/www.youtube.com\/watch?v=UKLO3HF29cE\">Haga clic aqu\u00ed y ore con nosotros.<\/a><\/p>\n<p>&nbsp;<\/p>","protected":false},"excerpt":{"rendered":"<p>Com o tema \u201cFraternidade e Amizade Social\u201d e o lema \u201cV\u00f3s sois todos irm\u00e3os e irm\u00e3s\u201d, a Confer\u00eancia Nacional dos Bispos do Brasil (CNBB) lan\u00e7a, hoje Quarta-feira de Cinzas (14\/2) a Campanha da Fraternidade 2024. A campanha est\u00e1 completando 60 anos e \u00e9 realizada pela CNBB na Quaresma \u2014 per\u00edodo de jejum e prepara\u00e7\u00e3o espiritual que antecede a P\u00e1scoa \u2014, com o objetivo de incentivar a solidariedade em rela\u00e7\u00e3o a alguma problem\u00e1tica social. De acordo com a CNBB, a campanha \u201cFraternidade e Amizade Social\u201d visa trilhar a Quaresma nos seguintes eixos: &#8211; incentivar as pessoas a verem as situa\u00e7\u00f5es de [&hellip;]<\/p>\n","protected":false},"author":2,"featured_media":11083,"comment_status":"open","ping_status":"closed","sticky":false,"template":"","format":"standard","meta":{"_acf_changed":false,"footnotes":""},"categories":[611],"tags":[],"class_list":["post-11082","post","type-post","status-publish","format-standard","has-post-thumbnail","hentry","category-noticias"],"acf":[],"yoast_head":"<!-- This site is optimized with the Yoast SEO plugin v27.2 - https:\/\/yoast.com\/product\/yoast-seo-wordpress\/ -->\n<title>Amizade Social \u00e9 o tema da Campanha da Fraternidade 2024<\/title>\n<meta name=\"description\" content=\"A campanha est\u00e1 completando 60 anos e \u00e9 realizada pela CNBB na Quaresma \u2014 per\u00edodo de jejum e prepara\u00e7\u00e3o espiritual que antecede a P\u00e1scoa \u2014, com o objetivo de incentivar a solidariedade em rela\u00e7\u00e3o a alguma problem\u00e1tica social.\" \/>\n<meta name=\"robots\" content=\"index, follow, max-snippet:-1, max-image-preview:large, max-video-preview:-1\" \/>\n<link rel=\"canonical\" href=\"https:\/\/www.padreeustaquio.com.br\/es\/la-amistad-social-y-el-tema-de-la-campana-de-fraternidad-2024\/\" \/>\n<meta property=\"og:locale\" content=\"es_ES\" \/>\n<meta property=\"og:type\" content=\"article\" \/>\n<meta property=\"og:title\" content=\"Amizade Social \u00e9 o tema da Campanha da Fraternidade 2024\" \/>\n<meta property=\"og:description\" content=\"A campanha est\u00e1 completando 60 anos e \u00e9 realizada pela CNBB na Quaresma \u2014 per\u00edodo de jejum e prepara\u00e7\u00e3o espiritual que antecede a P\u00e1scoa \u2014, com o objetivo de incentivar a solidariedade em rela\u00e7\u00e3o a alguma problem\u00e1tica social.\" \/>\n<meta property=\"og:url\" content=\"https:\/\/www.padreeustaquio.com.br\/es\/la-amistad-social-y-el-tema-de-la-campana-de-fraternidad-2024\/\" \/>\n<meta property=\"og:site_name\" content=\"Padre Eust\u00e1quio\" \/>\n<meta property=\"article:publisher\" content=\"https:\/\/www.facebook.com\/beatopadreeustaquio\/\" \/>\n<meta property=\"article:published_time\" content=\"2024-02-14T12:19:44+00:00\" \/>\n<meta property=\"og:image\" content=\"https:\/\/www.padreeustaquio.com.br\/wp-content\/uploads\/2024\/02\/cf2024.jpg\" \/>\n\t<meta property=\"og:image:width\" content=\"748\" \/>\n\t<meta property=\"og:image:height\" content=\"394\" \/>\n\t<meta property=\"og:image:type\" content=\"image\/jpeg\" \/>\n<meta name=\"author\" content=\"@sscc\" \/>\n<meta name=\"twitter:card\" content=\"summary_large_image\" \/>\n<meta name=\"twitter:creator\" content=\"@beatopeustaquio\" \/>\n<meta name=\"twitter:site\" content=\"@beatopeustaquio\" \/>\n<meta name=\"twitter:label1\" content=\"Escrito por\" \/>\n\t<meta name=\"twitter:data1\" content=\"@sscc\" \/>\n\t<meta name=\"twitter:label2\" content=\"Tiempo de lectura\" \/>\n\t<meta name=\"twitter:data2\" content=\"2 minutos\" \/>\n<script type=\"application\/ld+json\" class=\"yoast-schema-graph\">{\"@context\":\"https:\/\/schema.org\",\"@graph\":[{\"@type\":\"Article\",\"@id\":\"https:\/\/www.padreeustaquio.com.br\/amizade-social-e-o-tema-da-campanha-da-fraternidade-2024\/#article\",\"isPartOf\":{\"@id\":\"https:\/\/www.padreeustaquio.com.br\/amizade-social-e-o-tema-da-campanha-da-fraternidade-2024\/\"},\"author\":{\"name\":\"@sscc\",\"@id\":\"https:\/\/www.padreeustaquio.com.br\/#\/schema\/person\/a2a51db1d00f1a7af0204a0f1ddb1566\"},\"headline\":\"Amizade Social \u00e9 o tema da Campanha da Fraternidade 2024\",\"datePublished\":\"2024-02-14T12:19:44+00:00\",\"mainEntityOfPage\":{\"@id\":\"https:\/\/www.padreeustaquio.com.br\/amizade-social-e-o-tema-da-campanha-da-fraternidade-2024\/\"},\"wordCount\":282,\"commentCount\":0,\"publisher\":{\"@id\":\"https:\/\/www.padreeustaquio.com.br\/#organization\"},\"image\":{\"@id\":\"https:\/\/www.padreeustaquio.com.br\/amizade-social-e-o-tema-da-campanha-da-fraternidade-2024\/#primaryimage\"},\"thumbnailUrl\":\"https:\/\/www.padreeustaquio.com.br\/wp-content\/uploads\/2024\/02\/cf2024.jpg\",\"articleSection\":[\"Not\u00edcias\"],\"inLanguage\":\"es\",\"potentialAction\":[{\"@type\":\"CommentAction\",\"name\":\"Comment\",\"target\":[\"https:\/\/www.padreeustaquio.com.br\/amizade-social-e-o-tema-da-campanha-da-fraternidade-2024\/#respond\"]}]},{\"@type\":\"WebPage\",\"@id\":\"https:\/\/www.padreeustaquio.com.br\/amizade-social-e-o-tema-da-campanha-da-fraternidade-2024\/\",\"url\":\"https:\/\/www.padreeustaquio.com.br\/amizade-social-e-o-tema-da-campanha-da-fraternidade-2024\/\",\"name\":\"Amizade Social \u00e9 o tema da Campanha da Fraternidade 2024\",\"isPartOf\":{\"@id\":\"https:\/\/www.padreeustaquio.com.br\/#website\"},\"primaryImageOfPage\":{\"@id\":\"https:\/\/www.padreeustaquio.com.br\/amizade-social-e-o-tema-da-campanha-da-fraternidade-2024\/#primaryimage\"},\"image\":{\"@id\":\"https:\/\/www.padreeustaquio.com.br\/amizade-social-e-o-tema-da-campanha-da-fraternidade-2024\/#primaryimage\"},\"thumbnailUrl\":\"https:\/\/www.padreeustaquio.com.br\/wp-content\/uploads\/2024\/02\/cf2024.jpg\",\"datePublished\":\"2024-02-14T12:19:44+00:00\",\"description\":\"A campanha est\u00e1 completando 60 anos e \u00e9 realizada pela CNBB na Quaresma \u2014 per\u00edodo de jejum e prepara\u00e7\u00e3o espiritual que antecede a P\u00e1scoa \u2014, com o objetivo de incentivar a solidariedade em rela\u00e7\u00e3o a alguma problem\u00e1tica social.\",\"breadcrumb\":{\"@id\":\"https:\/\/www.padreeustaquio.com.br\/amizade-social-e-o-tema-da-campanha-da-fraternidade-2024\/#breadcrumb\"},\"inLanguage\":\"es\",\"potentialAction\":[{\"@type\":\"ReadAction\",\"target\":[\"https:\/\/www.padreeustaquio.com.br\/amizade-social-e-o-tema-da-campanha-da-fraternidade-2024\/\"]}]},{\"@type\":\"ImageObject\",\"inLanguage\":\"es\",\"@id\":\"https:\/\/www.padreeustaquio.com.br\/amizade-social-e-o-tema-da-campanha-da-fraternidade-2024\/#primaryimage\",\"url\":\"https:\/\/www.padreeustaquio.com.br\/wp-content\/uploads\/2024\/02\/cf2024.jpg\",\"contentUrl\":\"https:\/\/www.padreeustaquio.com.br\/wp-content\/uploads\/2024\/02\/cf2024.jpg\",\"width\":748,\"height\":394},{\"@type\":\"BreadcrumbList\",\"@id\":\"https:\/\/www.padreeustaquio.com.br\/amizade-social-e-o-tema-da-campanha-da-fraternidade-2024\/#breadcrumb\",\"itemListElement\":[{\"@type\":\"ListItem\",\"position\":1,\"name\":\"In\u00edcio\",\"item\":\"https:\/\/www.padreeustaquio.com.br\/\"},{\"@type\":\"ListItem\",\"position\":2,\"name\":\"Amizade Social \u00e9 o tema da Campanha da Fraternidade 2024\"}]},{\"@type\":\"WebSite\",\"@id\":\"https:\/\/www.padreeustaquio.com.br\/#website\",\"url\":\"https:\/\/www.padreeustaquio.com.br\/\",\"name\":\"Padre Eust\u00e1quio\",\"description\":\"Sa\u00fade e Paz\",\"publisher\":{\"@id\":\"https:\/\/www.padreeustaquio.com.br\/#organization\"},\"potentialAction\":[{\"@type\":\"SearchAction\",\"target\":{\"@type\":\"EntryPoint\",\"urlTemplate\":\"https:\/\/www.padreeustaquio.com.br\/?s={search_term_string}\"},\"query-input\":{\"@type\":\"PropertyValueSpecification\",\"valueRequired\":true,\"valueName\":\"search_term_string\"}}],\"inLanguage\":\"es\"},{\"@type\":\"Organization\",\"@id\":\"https:\/\/www.padreeustaquio.com.br\/#organization\",\"name\":\"Padre Eust\u00e1quio\",\"url\":\"https:\/\/www.padreeustaquio.com.br\/\",\"logo\":{\"@type\":\"ImageObject\",\"inLanguage\":\"es\",\"@id\":\"https:\/\/www.padreeustaquio.com.br\/#\/schema\/logo\/image\/\",\"url\":\"https:\/\/www.padreeustaquio.com.br\/wp-content\/uploads\/2019\/08\/marca.png\",\"contentUrl\":\"https:\/\/www.padreeustaquio.com.br\/wp-content\/uploads\/2019\/08\/marca.png\",\"width\":350,\"height\":400,\"caption\":\"Padre Eust\u00e1quio\"},\"image\":{\"@id\":\"https:\/\/www.padreeustaquio.com.br\/#\/schema\/logo\/image\/\"},\"sameAs\":[\"https:\/\/www.facebook.com\/beatopadreeustaquio\/\",\"https:\/\/x.com\/beatopeustaquio\",\"https:\/\/www.instagram.com\/beatopadreeustaquio\/\",\"https:\/\/www.youtube.com\/channel\/UCRhw7vfabnajwLxb1ZXMeIw\"]},{\"@type\":\"Person\",\"@id\":\"https:\/\/www.padreeustaquio.com.br\/#\/schema\/person\/a2a51db1d00f1a7af0204a0f1ddb1566\",\"name\":\"@sscc\",\"image\":{\"@type\":\"ImageObject\",\"inLanguage\":\"es\",\"@id\":\"https:\/\/secure.gravatar.com\/avatar\/68cfafa5f44617fea54071e215026e0ff06be366c3d54a8425f04fdcb86f8c5f?s=96&d=mm&r=g\",\"url\":\"https:\/\/secure.gravatar.com\/avatar\/68cfafa5f44617fea54071e215026e0ff06be366c3d54a8425f04fdcb86f8c5f?s=96&d=mm&r=g\",\"contentUrl\":\"https:\/\/secure.gravatar.com\/avatar\/68cfafa5f44617fea54071e215026e0ff06be366c3d54a8425f04fdcb86f8c5f?s=96&d=mm&r=g\",\"caption\":\"@sscc\"},\"url\":\"https:\/\/www.padreeustaquio.com.br\/es\/author\/sscc\/\"}]}<\/script>\n<!-- \/ Yoast SEO plugin. -->","yoast_head_json":{"title":"La Amistad Social es el tema de la Campa\u00f1a de Fraternidad 2024.","description":"La campa\u00f1a celebra su 60\u00ba aniversario y es realizada por la CNBB (Conferencia Nacional de Obispos de Brasil) durante la Cuaresma \u2014per\u00edodo de ayuno y preparaci\u00f3n espiritual que precede a la Pascua\u2014 con el objetivo de incentivar la solidaridad en relaci\u00f3n a alg\u00fan problema social.","robots":{"index":"index","follow":"follow","max-snippet":"max-snippet:-1","max-image-preview":"max-image-preview:large","max-video-preview":"max-video-preview:-1"},"canonical":"https:\/\/www.padreeustaquio.com.br\/es\/la-amistad-social-y-el-tema-de-la-campana-de-fraternidad-2024\/","og_locale":"es_ES","og_type":"article","og_title":"Amizade Social \u00e9 o tema da Campanha da Fraternidade 2024","og_description":"A campanha est\u00e1 completando 60 anos e \u00e9 realizada pela CNBB na Quaresma \u2014 per\u00edodo de jejum e prepara\u00e7\u00e3o espiritual que antecede a P\u00e1scoa \u2014, com o objetivo de incentivar a solidariedade em rela\u00e7\u00e3o a alguma problem\u00e1tica social.","og_url":"https:\/\/www.padreeustaquio.com.br\/es\/la-amistad-social-y-el-tema-de-la-campana-de-fraternidad-2024\/","og_site_name":"Padre Eust\u00e1quio","article_publisher":"https:\/\/www.facebook.com\/beatopadreeustaquio\/","article_published_time":"2024-02-14T12:19:44+00:00","og_image":[{"width":748,"height":394,"url":"https:\/\/www.padreeustaquio.com.br\/wp-content\/uploads\/2024\/02\/cf2024.jpg","type":"image\/jpeg"}],"author":"@sscc","twitter_card":"summary_large_image","twitter_creator":"@beatopeustaquio","twitter_site":"@beatopeustaquio","twitter_misc":{"Escrito por":"@sscc","Tiempo de lectura":"2 minutos"},"schema":{"@context":"https:\/\/schema.org","@graph":[{"@type":"Article","@id":"https:\/\/www.padreeustaquio.com.br\/amizade-social-e-o-tema-da-campanha-da-fraternidade-2024\/#article","isPartOf":{"@id":"https:\/\/www.padreeustaquio.com.br\/amizade-social-e-o-tema-da-campanha-da-fraternidade-2024\/"},"author":{"name":"@sscc","@id":"https:\/\/www.padreeustaquio.com.br\/#\/schema\/person\/a2a51db1d00f1a7af0204a0f1ddb1566"},"headline":"Amizade Social \u00e9 o tema da Campanha da Fraternidade 2024","datePublished":"2024-02-14T12:19:44+00:00","mainEntityOfPage":{"@id":"https:\/\/www.padreeustaquio.com.br\/amizade-social-e-o-tema-da-campanha-da-fraternidade-2024\/"},"wordCount":282,"commentCount":0,"publisher":{"@id":"https:\/\/www.padreeustaquio.com.br\/#organization"},"image":{"@id":"https:\/\/www.padreeustaquio.com.br\/amizade-social-e-o-tema-da-campanha-da-fraternidade-2024\/#primaryimage"},"thumbnailUrl":"https:\/\/www.padreeustaquio.com.br\/wp-content\/uploads\/2024\/02\/cf2024.jpg","articleSection":["Not\u00edcias"],"inLanguage":"es","potentialAction":[{"@type":"CommentAction","name":"Comment","target":["https:\/\/www.padreeustaquio.com.br\/amizade-social-e-o-tema-da-campanha-da-fraternidade-2024\/#respond"]}]},{"@type":"WebPage","@id":"https:\/\/www.padreeustaquio.com.br\/amizade-social-e-o-tema-da-campanha-da-fraternidade-2024\/","url":"https:\/\/www.padreeustaquio.com.br\/amizade-social-e-o-tema-da-campanha-da-fraternidade-2024\/","name":"La Amistad Social es el tema de la Campa\u00f1a de Fraternidad 2024.","isPartOf":{"@id":"https:\/\/www.padreeustaquio.com.br\/#website"},"primaryImageOfPage":{"@id":"https:\/\/www.padreeustaquio.com.br\/amizade-social-e-o-tema-da-campanha-da-fraternidade-2024\/#primaryimage"},"image":{"@id":"https:\/\/www.padreeustaquio.com.br\/amizade-social-e-o-tema-da-campanha-da-fraternidade-2024\/#primaryimage"},"thumbnailUrl":"https:\/\/www.padreeustaquio.com.br\/wp-content\/uploads\/2024\/02\/cf2024.jpg","datePublished":"2024-02-14T12:19:44+00:00","description":"La campa\u00f1a celebra su 60\u00ba aniversario y es realizada por la CNBB (Conferencia Nacional de Obispos de Brasil) durante la Cuaresma \u2014per\u00edodo de ayuno y preparaci\u00f3n espiritual que precede a la Pascua\u2014 con el objetivo de incentivar la solidaridad en relaci\u00f3n a alg\u00fan problema social.","breadcrumb":{"@id":"https:\/\/www.padreeustaquio.com.br\/amizade-social-e-o-tema-da-campanha-da-fraternidade-2024\/#breadcrumb"},"inLanguage":"es","potentialAction":[{"@type":"ReadAction","target":["https:\/\/www.padreeustaquio.com.br\/amizade-social-e-o-tema-da-campanha-da-fraternidade-2024\/"]}]},{"@type":"ImageObject","inLanguage":"es","@id":"https:\/\/www.padreeustaquio.com.br\/amizade-social-e-o-tema-da-campanha-da-fraternidade-2024\/#primaryimage","url":"https:\/\/www.padreeustaquio.com.br\/wp-content\/uploads\/2024\/02\/cf2024.jpg","contentUrl":"https:\/\/www.padreeustaquio.com.br\/wp-content\/uploads\/2024\/02\/cf2024.jpg","width":748,"height":394},{"@type":"BreadcrumbList","@id":"https:\/\/www.padreeustaquio.com.br\/amizade-social-e-o-tema-da-campanha-da-fraternidade-2024\/#breadcrumb","itemListElement":[{"@type":"ListItem","position":1,"name":"In\u00edcio","item":"https:\/\/www.padreeustaquio.com.br\/"},{"@type":"ListItem","position":2,"name":"Amizade Social \u00e9 o tema da Campanha da Fraternidade 2024"}]},{"@type":"WebSite","@id":"https:\/\/www.padreeustaquio.com.br\/#website","url":"https:\/\/www.padreeustaquio.com.br\/","name":"Padre Eustace","description":"Salud y Paz","publisher":{"@id":"https:\/\/www.padreeustaquio.com.br\/#organization"},"potentialAction":[{"@type":"SearchAction","target":{"@type":"EntryPoint","urlTemplate":"https:\/\/www.padreeustaquio.com.br\/?s={search_term_string}"},"query-input":{"@type":"PropertyValueSpecification","valueRequired":true,"valueName":"search_term_string"}}],"inLanguage":"es"},{"@type":"Organization","@id":"https:\/\/www.padreeustaquio.com.br\/#organization","name":"Padre Eustace","url":"https:\/\/www.padreeustaquio.com.br\/","logo":{"@type":"ImageObject","inLanguage":"es","@id":"https:\/\/www.padreeustaquio.com.br\/#\/schema\/logo\/image\/","url":"https:\/\/www.padreeustaquio.com.br\/wp-content\/uploads\/2019\/08\/marca.png","contentUrl":"https:\/\/www.padreeustaquio.com.br\/wp-content\/uploads\/2019\/08\/marca.png","width":350,"height":400,"caption":"Padre Eust\u00e1quio"},"image":{"@id":"https:\/\/www.padreeustaquio.com.br\/#\/schema\/logo\/image\/"},"sameAs":["https:\/\/www.facebook.com\/beatopadreeustaquio\/","https:\/\/x.com\/beatopeustaquio","https:\/\/www.instagram.com\/beatopadreeustaquio\/","https:\/\/www.youtube.com\/channel\/UCRhw7vfabnajwLxb1ZXMeIw"]},{"@type":"Person","@id":"https:\/\/www.padreeustaquio.com.br\/#\/schema\/person\/a2a51db1d00f1a7af0204a0f1ddb1566","name":"@sscc","image":{"@type":"ImageObject","inLanguage":"es","@id":"https:\/\/secure.gravatar.com\/avatar\/68cfafa5f44617fea54071e215026e0ff06be366c3d54a8425f04fdcb86f8c5f?s=96&d=mm&r=g","url":"https:\/\/secure.gravatar.com\/avatar\/68cfafa5f44617fea54071e215026e0ff06be366c3d54a8425f04fdcb86f8c5f?s=96&d=mm&r=g","contentUrl":"https:\/\/secure.gravatar.com\/avatar\/68cfafa5f44617fea54071e215026e0ff06be366c3d54a8425f04fdcb86f8c5f?s=96&d=mm&r=g","caption":"@sscc"},"url":"https:\/\/www.padreeustaquio.com.br\/es\/author\/sscc\/"}]}},"_links":{"self":[{"href":"https:\/\/www.padreeustaquio.com.br\/es\/wp-json\/wp\/v2\/posts\/11082","targetHints":{"allow":["GET"]}}],"collection":[{"href":"https:\/\/www.padreeustaquio.com.br\/es\/wp-json\/wp\/v2\/posts"}],"about":[{"href":"https:\/\/www.padreeustaquio.com.br\/es\/wp-json\/wp\/v2\/types\/post"}],"author":[{"embeddable":true,"href":"https:\/\/www.padreeustaquio.com.br\/es\/wp-json\/wp\/v2\/users\/2"}],"replies":[{"embeddable":true,"href":"https:\/\/www.padreeustaquio.com.br\/es\/wp-json\/wp\/v2\/comments?post=11082"}],"version-history":[{"count":0,"href":"https:\/\/www.padreeustaquio.com.br\/es\/wp-json\/wp\/v2\/posts\/11082\/revisions"}],"wp:featuredmedia":[{"embeddable":true,"href":"https:\/\/www.padreeustaquio.com.br\/es\/wp-json\/wp\/v2\/media\/11083"}],"wp:attachment":[{"href":"https:\/\/www.padreeustaquio.com.br\/es\/wp-json\/wp\/v2\/media?parent=11082"}],"wp:term":[{"taxonomy":"category","embeddable":true,"href":"https:\/\/www.padreeustaquio.com.br\/es\/wp-json\/wp\/v2\/categories?post=11082"},{"taxonomy":"post_tag","embeddable":true,"href":"https:\/\/www.padreeustaquio.com.br\/es\/wp-json\/wp\/v2\/tags?post=11082"}],"curies":[{"name":"wp","href":"https:\/\/api.w.org\/{rel}","templated":true}]}}