{"id":11078,"date":"2024-02-08T20:18:36","date_gmt":"2024-02-08T23:18:36","guid":{"rendered":"https:\/\/www.padreeustaquio.com.br\/?p=11078"},"modified":"2024-02-08T20:18:36","modified_gmt":"2024-02-08T23:18:36","slug":"retiro-de-cuaresma-2024-el-padre-vinicius-prepara-reflexiones-para-los-dias-de-cuaresma","status":"publish","type":"post","link":"https:\/\/www.padreeustaquio.com.br\/es\/retiro-de-cuaresma-2024-el-padre-vinicius-prepara-reflexiones-para-los-dias-de-cuaresma\/","title":{"rendered":"Retiro de Cuaresma 2024 \u2013 El Padre Vinicius prepara reflexiones para los d\u00edas de Cuaresma."},"content":{"rendered":"<p>El equipo de producci\u00f3n audiovisual del Secretariado Nacional para la Causa de Canonizaci\u00f3n del Beato Padre Eustaquio comenz\u00f3 esta semana la grabaci\u00f3n del Retiro de Cuaresma de 2024. Este a\u00f1o, las reflexiones estar\u00e1n a cargo del Padre Vinicio Maciel, ss.cc.<\/p>\n<p>Los videos, de aproximadamente 5 minutos de duraci\u00f3n, se est\u00e1n grabando en un estudio instalado en las instalaciones de la Iglesia Padre Eust\u00e1quio en Belo Horizonte. Todo el material est\u00e1 siendo producido, grabado y editado por el mismo equipo que realiz\u00f3 las ediciones anteriores.<\/p>\n<p>Las reflexiones iniciales fueron grabadas por el vicepostulador de la Causa de Canonizaci\u00f3n del Beato Padre Eustaquio y se encuentran actualmente en proceso de edici\u00f3n. \u201cNo hay mayor prueba de amor\u201d, la canci\u00f3n que ha sido el tema de apertura del Retiro de Cuaresma desde 2022, se presenta este a\u00f1o con acompa\u00f1amiento de viol\u00edn y guitarra.<\/p>\n<p>Los 40 videos se publicar\u00e1n a partir del pr\u00f3ximo mi\u00e9rcoles (Mi\u00e9rcoles de Ceniza) y continuar\u00e1n hasta el Domingo de Ramos, 24 de marzo. Todos los d\u00edas, a partir de las 5:00 a. m., los episodios estar\u00e1n disponibles en el Canal Padre Eust\u00e1quio para que puedas reflexionar y prepararte bien para la Pascua.<\/p>\n<p>Accede a nuestro Canal\u00a0<a href=\"https:\/\/www.youtube.com\/c\/CanalPadreEust%C3%A1quio\" target=\"_blank\" rel=\"noreferrer noopener\">HAGA CLIC AQU\u00cd<\/a>\u00a0Y activa las notificaciones para seguir cada d\u00eda nuestro Retiro de Cuaresma.<\/p>","protected":false},"excerpt":{"rendered":"<p>A equipe de produ\u00e7\u00e3o audiovisual do Secretariado Nacional para a Causa de Canoniza\u00e7\u00e3o do Bem-Aventurado Padre Eust\u00e1quio come\u00e7ou esta semana as grava\u00e7\u00f5es do Retiro Quaresmal 2024. Este ano, quem vai comandar as reflex\u00f5es \u00e9 o Padre Vinicius Maciel, ss.cc. Os v\u00eddeos, com cerca de 5 minutos, est\u00e3o sendo gravados num est\u00fadio montando nas depend\u00eancias da Igreja do Padre Eust\u00e1quio, em Belo Horizonte. Todo o material est\u00e1 sendo produzido, gravado e editado pela mesma equipe que fez as edi\u00e7\u00f5es anteriores As primeiras reflex\u00f5es foram gravadas pelo vice-postulador da Causa de Canoniza\u00e7\u00e3o do Beato Padre Eust\u00e1quio e est\u00e3o em fase de edi\u00e7\u00e3o. [&hellip;]<\/p>\n","protected":false},"author":2,"featured_media":11079,"comment_status":"open","ping_status":"closed","sticky":false,"template":"","format":"standard","meta":{"_acf_changed":false,"footnotes":""},"categories":[611],"tags":[],"class_list":["post-11078","post","type-post","status-publish","format-standard","has-post-thumbnail","hentry","category-noticias"],"acf":[],"yoast_head":"<!-- This site is optimized with the Yoast SEO plugin v27.2 - https:\/\/yoast.com\/product\/yoast-seo-wordpress\/ -->\n<title>RETIRO QUARESMAL 2024 - Padre Vinicius prepara reflex\u00f5es para os dias de Quaresma<\/title>\n<meta name=\"robots\" content=\"index, follow, max-snippet:-1, max-image-preview:large, max-video-preview:-1\" \/>\n<link rel=\"canonical\" href=\"https:\/\/www.padreeustaquio.com.br\/es\/retiro-de-cuaresma-2024-el-padre-vinicius-prepara-reflexiones-para-los-dias-de-cuaresma\/\" \/>\n<meta property=\"og:locale\" content=\"es_ES\" \/>\n<meta property=\"og:type\" content=\"article\" \/>\n<meta property=\"og:title\" content=\"RETIRO QUARESMAL 2024 - Padre Vinicius prepara reflex\u00f5es para os dias de Quaresma\" \/>\n<meta property=\"og:description\" content=\"A equipe de produ\u00e7\u00e3o audiovisual do Secretariado Nacional para a Causa de Canoniza\u00e7\u00e3o do Bem-Aventurado Padre Eust\u00e1quio come\u00e7ou esta semana as grava\u00e7\u00f5es do Retiro Quaresmal 2024. Este ano, quem vai comandar as reflex\u00f5es \u00e9 o Padre Vinicius Maciel, ss.cc. Os v\u00eddeos, com cerca de 5 minutos, est\u00e3o sendo gravados num est\u00fadio montando nas depend\u00eancias da Igreja do Padre Eust\u00e1quio, em Belo Horizonte. Todo o material est\u00e1 sendo produzido, gravado e editado pela mesma equipe que fez as edi\u00e7\u00f5es anteriores As primeiras reflex\u00f5es foram gravadas pelo vice-postulador da Causa de Canoniza\u00e7\u00e3o do Beato Padre Eust\u00e1quio e est\u00e3o em fase de edi\u00e7\u00e3o. [&hellip;]\" \/>\n<meta property=\"og:url\" content=\"https:\/\/www.padreeustaquio.com.br\/es\/retiro-de-cuaresma-2024-el-padre-vinicius-prepara-reflexiones-para-los-dias-de-cuaresma\/\" \/>\n<meta property=\"og:site_name\" content=\"Padre Eust\u00e1quio\" \/>\n<meta property=\"article:publisher\" content=\"https:\/\/www.facebook.com\/beatopadreeustaquio\/\" \/>\n<meta property=\"article:published_time\" content=\"2024-02-08T23:18:36+00:00\" \/>\n<meta property=\"og:image\" content=\"https:\/\/www.padreeustaquio.com.br\/wp-content\/uploads\/2024\/02\/padre-vinicius-apresenta-o-Retiro-Quaresmal-2024.jpeg\" \/>\n\t<meta property=\"og:image:width\" content=\"1280\" \/>\n\t<meta property=\"og:image:height\" content=\"721\" \/>\n\t<meta property=\"og:image:type\" content=\"image\/jpeg\" \/>\n<meta name=\"author\" content=\"@sscc\" \/>\n<meta name=\"twitter:card\" content=\"summary_large_image\" \/>\n<meta name=\"twitter:creator\" content=\"@beatopeustaquio\" \/>\n<meta name=\"twitter:site\" content=\"@beatopeustaquio\" \/>\n<meta name=\"twitter:label1\" content=\"Escrito por\" \/>\n\t<meta name=\"twitter:data1\" content=\"@sscc\" \/>\n\t<meta name=\"twitter:label2\" content=\"Tiempo de lectura\" \/>\n\t<meta name=\"twitter:data2\" content=\"2 minutos\" \/>\n<script type=\"application\/ld+json\" class=\"yoast-schema-graph\">{\"@context\":\"https:\/\/schema.org\",\"@graph\":[{\"@type\":\"Article\",\"@id\":\"https:\/\/www.padreeustaquio.com.br\/retiro-quaresmal-2024-padre-vinicius-prepara-reflexoes-para-os-dias-de-quaresma\/#article\",\"isPartOf\":{\"@id\":\"https:\/\/www.padreeustaquio.com.br\/retiro-quaresmal-2024-padre-vinicius-prepara-reflexoes-para-os-dias-de-quaresma\/\"},\"author\":{\"name\":\"@sscc\",\"@id\":\"https:\/\/www.padreeustaquio.com.br\/#\/schema\/person\/a2a51db1d00f1a7af0204a0f1ddb1566\"},\"headline\":\"RETIRO QUARESMAL 2024 &#8211; Padre Vinicius prepara reflex\u00f5es para os dias de Quaresma\",\"datePublished\":\"2024-02-08T23:18:36+00:00\",\"mainEntityOfPage\":{\"@id\":\"https:\/\/www.padreeustaquio.com.br\/retiro-quaresmal-2024-padre-vinicius-prepara-reflexoes-para-os-dias-de-quaresma\/\"},\"wordCount\":237,\"commentCount\":0,\"publisher\":{\"@id\":\"https:\/\/www.padreeustaquio.com.br\/#organization\"},\"image\":{\"@id\":\"https:\/\/www.padreeustaquio.com.br\/retiro-quaresmal-2024-padre-vinicius-prepara-reflexoes-para-os-dias-de-quaresma\/#primaryimage\"},\"thumbnailUrl\":\"https:\/\/www.padreeustaquio.com.br\/wp-content\/uploads\/2024\/02\/padre-vinicius-apresenta-o-Retiro-Quaresmal-2024.jpeg\",\"articleSection\":[\"Not\u00edcias\"],\"inLanguage\":\"es\",\"potentialAction\":[{\"@type\":\"CommentAction\",\"name\":\"Comment\",\"target\":[\"https:\/\/www.padreeustaquio.com.br\/retiro-quaresmal-2024-padre-vinicius-prepara-reflexoes-para-os-dias-de-quaresma\/#respond\"]}]},{\"@type\":\"WebPage\",\"@id\":\"https:\/\/www.padreeustaquio.com.br\/retiro-quaresmal-2024-padre-vinicius-prepara-reflexoes-para-os-dias-de-quaresma\/\",\"url\":\"https:\/\/www.padreeustaquio.com.br\/retiro-quaresmal-2024-padre-vinicius-prepara-reflexoes-para-os-dias-de-quaresma\/\",\"name\":\"RETIRO QUARESMAL 2024 - Padre Vinicius prepara reflex\u00f5es para os dias de Quaresma\",\"isPartOf\":{\"@id\":\"https:\/\/www.padreeustaquio.com.br\/#website\"},\"primaryImageOfPage\":{\"@id\":\"https:\/\/www.padreeustaquio.com.br\/retiro-quaresmal-2024-padre-vinicius-prepara-reflexoes-para-os-dias-de-quaresma\/#primaryimage\"},\"image\":{\"@id\":\"https:\/\/www.padreeustaquio.com.br\/retiro-quaresmal-2024-padre-vinicius-prepara-reflexoes-para-os-dias-de-quaresma\/#primaryimage\"},\"thumbnailUrl\":\"https:\/\/www.padreeustaquio.com.br\/wp-content\/uploads\/2024\/02\/padre-vinicius-apresenta-o-Retiro-Quaresmal-2024.jpeg\",\"datePublished\":\"2024-02-08T23:18:36+00:00\",\"breadcrumb\":{\"@id\":\"https:\/\/www.padreeustaquio.com.br\/retiro-quaresmal-2024-padre-vinicius-prepara-reflexoes-para-os-dias-de-quaresma\/#breadcrumb\"},\"inLanguage\":\"es\",\"potentialAction\":[{\"@type\":\"ReadAction\",\"target\":[\"https:\/\/www.padreeustaquio.com.br\/retiro-quaresmal-2024-padre-vinicius-prepara-reflexoes-para-os-dias-de-quaresma\/\"]}]},{\"@type\":\"ImageObject\",\"inLanguage\":\"es\",\"@id\":\"https:\/\/www.padreeustaquio.com.br\/retiro-quaresmal-2024-padre-vinicius-prepara-reflexoes-para-os-dias-de-quaresma\/#primaryimage\",\"url\":\"https:\/\/www.padreeustaquio.com.br\/wp-content\/uploads\/2024\/02\/padre-vinicius-apresenta-o-Retiro-Quaresmal-2024.jpeg\",\"contentUrl\":\"https:\/\/www.padreeustaquio.com.br\/wp-content\/uploads\/2024\/02\/padre-vinicius-apresenta-o-Retiro-Quaresmal-2024.jpeg\",\"width\":1280,\"height\":721},{\"@type\":\"BreadcrumbList\",\"@id\":\"https:\/\/www.padreeustaquio.com.br\/retiro-quaresmal-2024-padre-vinicius-prepara-reflexoes-para-os-dias-de-quaresma\/#breadcrumb\",\"itemListElement\":[{\"@type\":\"ListItem\",\"position\":1,\"name\":\"In\u00edcio\",\"item\":\"https:\/\/www.padreeustaquio.com.br\/\"},{\"@type\":\"ListItem\",\"position\":2,\"name\":\"RETIRO QUARESMAL 2024 &#8211; Padre Vinicius prepara reflex\u00f5es para os dias de Quaresma\"}]},{\"@type\":\"WebSite\",\"@id\":\"https:\/\/www.padreeustaquio.com.br\/#website\",\"url\":\"https:\/\/www.padreeustaquio.com.br\/\",\"name\":\"Padre Eust\u00e1quio\",\"description\":\"Sa\u00fade e Paz\",\"publisher\":{\"@id\":\"https:\/\/www.padreeustaquio.com.br\/#organization\"},\"potentialAction\":[{\"@type\":\"SearchAction\",\"target\":{\"@type\":\"EntryPoint\",\"urlTemplate\":\"https:\/\/www.padreeustaquio.com.br\/?s={search_term_string}\"},\"query-input\":{\"@type\":\"PropertyValueSpecification\",\"valueRequired\":true,\"valueName\":\"search_term_string\"}}],\"inLanguage\":\"es\"},{\"@type\":\"Organization\",\"@id\":\"https:\/\/www.padreeustaquio.com.br\/#organization\",\"name\":\"Padre Eust\u00e1quio\",\"url\":\"https:\/\/www.padreeustaquio.com.br\/\",\"logo\":{\"@type\":\"ImageObject\",\"inLanguage\":\"es\",\"@id\":\"https:\/\/www.padreeustaquio.com.br\/#\/schema\/logo\/image\/\",\"url\":\"https:\/\/www.padreeustaquio.com.br\/wp-content\/uploads\/2019\/08\/marca.png\",\"contentUrl\":\"https:\/\/www.padreeustaquio.com.br\/wp-content\/uploads\/2019\/08\/marca.png\",\"width\":350,\"height\":400,\"caption\":\"Padre Eust\u00e1quio\"},\"image\":{\"@id\":\"https:\/\/www.padreeustaquio.com.br\/#\/schema\/logo\/image\/\"},\"sameAs\":[\"https:\/\/www.facebook.com\/beatopadreeustaquio\/\",\"https:\/\/x.com\/beatopeustaquio\",\"https:\/\/www.instagram.com\/beatopadreeustaquio\/\",\"https:\/\/www.youtube.com\/channel\/UCRhw7vfabnajwLxb1ZXMeIw\"]},{\"@type\":\"Person\",\"@id\":\"https:\/\/www.padreeustaquio.com.br\/#\/schema\/person\/a2a51db1d00f1a7af0204a0f1ddb1566\",\"name\":\"@sscc\",\"image\":{\"@type\":\"ImageObject\",\"inLanguage\":\"es\",\"@id\":\"https:\/\/secure.gravatar.com\/avatar\/68cfafa5f44617fea54071e215026e0ff06be366c3d54a8425f04fdcb86f8c5f?s=96&d=mm&r=g\",\"url\":\"https:\/\/secure.gravatar.com\/avatar\/68cfafa5f44617fea54071e215026e0ff06be366c3d54a8425f04fdcb86f8c5f?s=96&d=mm&r=g\",\"contentUrl\":\"https:\/\/secure.gravatar.com\/avatar\/68cfafa5f44617fea54071e215026e0ff06be366c3d54a8425f04fdcb86f8c5f?s=96&d=mm&r=g\",\"caption\":\"@sscc\"},\"url\":\"https:\/\/www.padreeustaquio.com.br\/es\/author\/sscc\/\"}]}<\/script>\n<!-- \/ Yoast SEO plugin. -->","yoast_head_json":{"title":"Retiro de Cuaresma 2024 \u2013 El Padre Vinicius prepara reflexiones para los d\u00edas de Cuaresma.","robots":{"index":"index","follow":"follow","max-snippet":"max-snippet:-1","max-image-preview":"max-image-preview:large","max-video-preview":"max-video-preview:-1"},"canonical":"https:\/\/www.padreeustaquio.com.br\/es\/retiro-de-cuaresma-2024-el-padre-vinicius-prepara-reflexiones-para-los-dias-de-cuaresma\/","og_locale":"es_ES","og_type":"article","og_title":"RETIRO QUARESMAL 2024 - Padre Vinicius prepara reflex\u00f5es para os dias de Quaresma","og_description":"A equipe de produ\u00e7\u00e3o audiovisual do Secretariado Nacional para a Causa de Canoniza\u00e7\u00e3o do Bem-Aventurado Padre Eust\u00e1quio come\u00e7ou esta semana as grava\u00e7\u00f5es do Retiro Quaresmal 2024. Este ano, quem vai comandar as reflex\u00f5es \u00e9 o Padre Vinicius Maciel, ss.cc. Os v\u00eddeos, com cerca de 5 minutos, est\u00e3o sendo gravados num est\u00fadio montando nas depend\u00eancias da Igreja do Padre Eust\u00e1quio, em Belo Horizonte. Todo o material est\u00e1 sendo produzido, gravado e editado pela mesma equipe que fez as edi\u00e7\u00f5es anteriores As primeiras reflex\u00f5es foram gravadas pelo vice-postulador da Causa de Canoniza\u00e7\u00e3o do Beato Padre Eust\u00e1quio e est\u00e3o em fase de edi\u00e7\u00e3o. [&hellip;]","og_url":"https:\/\/www.padreeustaquio.com.br\/es\/retiro-de-cuaresma-2024-el-padre-vinicius-prepara-reflexiones-para-los-dias-de-cuaresma\/","og_site_name":"Padre Eust\u00e1quio","article_publisher":"https:\/\/www.facebook.com\/beatopadreeustaquio\/","article_published_time":"2024-02-08T23:18:36+00:00","og_image":[{"width":1280,"height":721,"url":"https:\/\/www.padreeustaquio.com.br\/wp-content\/uploads\/2024\/02\/padre-vinicius-apresenta-o-Retiro-Quaresmal-2024.jpeg","type":"image\/jpeg"}],"author":"@sscc","twitter_card":"summary_large_image","twitter_creator":"@beatopeustaquio","twitter_site":"@beatopeustaquio","twitter_misc":{"Escrito por":"@sscc","Tiempo de lectura":"2 minutos"},"schema":{"@context":"https:\/\/schema.org","@graph":[{"@type":"Article","@id":"https:\/\/www.padreeustaquio.com.br\/retiro-quaresmal-2024-padre-vinicius-prepara-reflexoes-para-os-dias-de-quaresma\/#article","isPartOf":{"@id":"https:\/\/www.padreeustaquio.com.br\/retiro-quaresmal-2024-padre-vinicius-prepara-reflexoes-para-os-dias-de-quaresma\/"},"author":{"name":"@sscc","@id":"https:\/\/www.padreeustaquio.com.br\/#\/schema\/person\/a2a51db1d00f1a7af0204a0f1ddb1566"},"headline":"RETIRO QUARESMAL 2024 &#8211; Padre Vinicius prepara reflex\u00f5es para os dias de Quaresma","datePublished":"2024-02-08T23:18:36+00:00","mainEntityOfPage":{"@id":"https:\/\/www.padreeustaquio.com.br\/retiro-quaresmal-2024-padre-vinicius-prepara-reflexoes-para-os-dias-de-quaresma\/"},"wordCount":237,"commentCount":0,"publisher":{"@id":"https:\/\/www.padreeustaquio.com.br\/#organization"},"image":{"@id":"https:\/\/www.padreeustaquio.com.br\/retiro-quaresmal-2024-padre-vinicius-prepara-reflexoes-para-os-dias-de-quaresma\/#primaryimage"},"thumbnailUrl":"https:\/\/www.padreeustaquio.com.br\/wp-content\/uploads\/2024\/02\/padre-vinicius-apresenta-o-Retiro-Quaresmal-2024.jpeg","articleSection":["Not\u00edcias"],"inLanguage":"es","potentialAction":[{"@type":"CommentAction","name":"Comment","target":["https:\/\/www.padreeustaquio.com.br\/retiro-quaresmal-2024-padre-vinicius-prepara-reflexoes-para-os-dias-de-quaresma\/#respond"]}]},{"@type":"WebPage","@id":"https:\/\/www.padreeustaquio.com.br\/retiro-quaresmal-2024-padre-vinicius-prepara-reflexoes-para-os-dias-de-quaresma\/","url":"https:\/\/www.padreeustaquio.com.br\/retiro-quaresmal-2024-padre-vinicius-prepara-reflexoes-para-os-dias-de-quaresma\/","name":"Retiro de Cuaresma 2024 \u2013 El Padre Vinicius prepara reflexiones para los d\u00edas de Cuaresma.","isPartOf":{"@id":"https:\/\/www.padreeustaquio.com.br\/#website"},"primaryImageOfPage":{"@id":"https:\/\/www.padreeustaquio.com.br\/retiro-quaresmal-2024-padre-vinicius-prepara-reflexoes-para-os-dias-de-quaresma\/#primaryimage"},"image":{"@id":"https:\/\/www.padreeustaquio.com.br\/retiro-quaresmal-2024-padre-vinicius-prepara-reflexoes-para-os-dias-de-quaresma\/#primaryimage"},"thumbnailUrl":"https:\/\/www.padreeustaquio.com.br\/wp-content\/uploads\/2024\/02\/padre-vinicius-apresenta-o-Retiro-Quaresmal-2024.jpeg","datePublished":"2024-02-08T23:18:36+00:00","breadcrumb":{"@id":"https:\/\/www.padreeustaquio.com.br\/retiro-quaresmal-2024-padre-vinicius-prepara-reflexoes-para-os-dias-de-quaresma\/#breadcrumb"},"inLanguage":"es","potentialAction":[{"@type":"ReadAction","target":["https:\/\/www.padreeustaquio.com.br\/retiro-quaresmal-2024-padre-vinicius-prepara-reflexoes-para-os-dias-de-quaresma\/"]}]},{"@type":"ImageObject","inLanguage":"es","@id":"https:\/\/www.padreeustaquio.com.br\/retiro-quaresmal-2024-padre-vinicius-prepara-reflexoes-para-os-dias-de-quaresma\/#primaryimage","url":"https:\/\/www.padreeustaquio.com.br\/wp-content\/uploads\/2024\/02\/padre-vinicius-apresenta-o-Retiro-Quaresmal-2024.jpeg","contentUrl":"https:\/\/www.padreeustaquio.com.br\/wp-content\/uploads\/2024\/02\/padre-vinicius-apresenta-o-Retiro-Quaresmal-2024.jpeg","width":1280,"height":721},{"@type":"BreadcrumbList","@id":"https:\/\/www.padreeustaquio.com.br\/retiro-quaresmal-2024-padre-vinicius-prepara-reflexoes-para-os-dias-de-quaresma\/#breadcrumb","itemListElement":[{"@type":"ListItem","position":1,"name":"In\u00edcio","item":"https:\/\/www.padreeustaquio.com.br\/"},{"@type":"ListItem","position":2,"name":"RETIRO QUARESMAL 2024 &#8211; Padre Vinicius prepara reflex\u00f5es para os dias de Quaresma"}]},{"@type":"WebSite","@id":"https:\/\/www.padreeustaquio.com.br\/#website","url":"https:\/\/www.padreeustaquio.com.br\/","name":"Padre Eustace","description":"Salud y Paz","publisher":{"@id":"https:\/\/www.padreeustaquio.com.br\/#organization"},"potentialAction":[{"@type":"SearchAction","target":{"@type":"EntryPoint","urlTemplate":"https:\/\/www.padreeustaquio.com.br\/?s={search_term_string}"},"query-input":{"@type":"PropertyValueSpecification","valueRequired":true,"valueName":"search_term_string"}}],"inLanguage":"es"},{"@type":"Organization","@id":"https:\/\/www.padreeustaquio.com.br\/#organization","name":"Padre Eustace","url":"https:\/\/www.padreeustaquio.com.br\/","logo":{"@type":"ImageObject","inLanguage":"es","@id":"https:\/\/www.padreeustaquio.com.br\/#\/schema\/logo\/image\/","url":"https:\/\/www.padreeustaquio.com.br\/wp-content\/uploads\/2019\/08\/marca.png","contentUrl":"https:\/\/www.padreeustaquio.com.br\/wp-content\/uploads\/2019\/08\/marca.png","width":350,"height":400,"caption":"Padre Eust\u00e1quio"},"image":{"@id":"https:\/\/www.padreeustaquio.com.br\/#\/schema\/logo\/image\/"},"sameAs":["https:\/\/www.facebook.com\/beatopadreeustaquio\/","https:\/\/x.com\/beatopeustaquio","https:\/\/www.instagram.com\/beatopadreeustaquio\/","https:\/\/www.youtube.com\/channel\/UCRhw7vfabnajwLxb1ZXMeIw"]},{"@type":"Person","@id":"https:\/\/www.padreeustaquio.com.br\/#\/schema\/person\/a2a51db1d00f1a7af0204a0f1ddb1566","name":"@sscc","image":{"@type":"ImageObject","inLanguage":"es","@id":"https:\/\/secure.gravatar.com\/avatar\/68cfafa5f44617fea54071e215026e0ff06be366c3d54a8425f04fdcb86f8c5f?s=96&d=mm&r=g","url":"https:\/\/secure.gravatar.com\/avatar\/68cfafa5f44617fea54071e215026e0ff06be366c3d54a8425f04fdcb86f8c5f?s=96&d=mm&r=g","contentUrl":"https:\/\/secure.gravatar.com\/avatar\/68cfafa5f44617fea54071e215026e0ff06be366c3d54a8425f04fdcb86f8c5f?s=96&d=mm&r=g","caption":"@sscc"},"url":"https:\/\/www.padreeustaquio.com.br\/es\/author\/sscc\/"}]}},"_links":{"self":[{"href":"https:\/\/www.padreeustaquio.com.br\/es\/wp-json\/wp\/v2\/posts\/11078","targetHints":{"allow":["GET"]}}],"collection":[{"href":"https:\/\/www.padreeustaquio.com.br\/es\/wp-json\/wp\/v2\/posts"}],"about":[{"href":"https:\/\/www.padreeustaquio.com.br\/es\/wp-json\/wp\/v2\/types\/post"}],"author":[{"embeddable":true,"href":"https:\/\/www.padreeustaquio.com.br\/es\/wp-json\/wp\/v2\/users\/2"}],"replies":[{"embeddable":true,"href":"https:\/\/www.padreeustaquio.com.br\/es\/wp-json\/wp\/v2\/comments?post=11078"}],"version-history":[{"count":0,"href":"https:\/\/www.padreeustaquio.com.br\/es\/wp-json\/wp\/v2\/posts\/11078\/revisions"}],"wp:featuredmedia":[{"embeddable":true,"href":"https:\/\/www.padreeustaquio.com.br\/es\/wp-json\/wp\/v2\/media\/11079"}],"wp:attachment":[{"href":"https:\/\/www.padreeustaquio.com.br\/es\/wp-json\/wp\/v2\/media?parent=11078"}],"wp:term":[{"taxonomy":"category","embeddable":true,"href":"https:\/\/www.padreeustaquio.com.br\/es\/wp-json\/wp\/v2\/categories?post=11078"},{"taxonomy":"post_tag","embeddable":true,"href":"https:\/\/www.padreeustaquio.com.br\/es\/wp-json\/wp\/v2\/tags?post=11078"}],"curies":[{"name":"wp","href":"https:\/\/api.w.org\/{rel}","templated":true}]}}