{"id":11075,"date":"2024-02-05T08:38:52","date_gmt":"2024-02-05T11:38:52","guid":{"rendered":"https:\/\/www.padreeustaquio.com.br\/?p=11075"},"modified":"2024-02-05T08:38:52","modified_gmt":"2024-02-05T11:38:52","slug":"provincia-de-los-sagrados-corazones-de-brasil-region-paraguay-concluye-otra-asamblea","status":"publish","type":"post","link":"https:\/\/www.padreeustaquio.com.br\/es\/provincia-de-los-sagrados-corazones-de-brasil-region-paraguay-concluye-otra-asamblea\/","title":{"rendered":"Provincia de los Sagrados Corazones de Brasil \u2013 Regi\u00f3n Paraguay concluye otra Asamblea."},"content":{"rendered":"<p>El pasado fin de semana culmin\u00f3 otra Asamblea de la Provincia de los Sagrados Corazones de Brasil, regi\u00f3n Paraguay. La reuni\u00f3n se celebr\u00f3 en el Hotel Fazenda Retiro das Rosas, en Ouro Preto, Minas Gerais.<\/p>\n<p>Durante la Asamblea, hermanos de diversas partes de Brasil y Paraguay presentaron sus informes, evaluaron su labor y proyectaron las perspectivas futuras de la Congregaci\u00f3n. Esta asamblea tambi\u00e9n decidi\u00f3 nuevas ubicaciones de misi\u00f3n para algunos hermanos.<\/p>\n<p>El actual provincial, padre Osv\u00e2nio Humberto Mariano, SSCC, anunci\u00f3 los nombramientos de cada hermano que, a partir de esta semana, comenzar\u00e1n a encaminarse hacia sus nuevas misiones, como es el caso del di\u00e1cono Vanildo Lima Sena, SSCC, que deja Belo Horizonte-MG para asumir un nuevo trabajo en la ciudad de Pedra Azul, en la regi\u00f3n del Valle del Jequitinhonha, Minas Gerais.<\/p>\n<p>Los dem\u00e1s sacerdotes y hermanos asumir\u00e1n otras misiones a lo largo de febrero\/marzo. La reuni\u00f3n tambi\u00e9n es una oportunidad para la confraternidad entre los hermanos de la Congregaci\u00f3n, quienes pasaron cinco d\u00edas de retiro.<\/p>","protected":false},"excerpt":{"rendered":"<p>Terminou nesse final de semana mais uma Assembleia da Prov\u00edncia dos Sagrados Cora\u00e7\u00f5es do Brasil, regi\u00e3o do Paraguai. O encontro foi realizado no Hotel Fazenda Retiro das Rosas, em Ouro Preto-MG. Durante a Assembleia, irm\u00e3os de v\u00e1rias partes do Brasil e do Paraguai, prestaram contas, fazem avalia\u00e7\u00e3o dos trabalhos e projetam perspectivas futuras para a Congrega\u00e7\u00e3o. Nesta assembleia tamb\u00e9m se decide sobre os novos locais de miss\u00e3o para alguns irm\u00e3os. O provincial atual, Padre Osv\u00e2nio Humberto Mariano, SSCC, comunicou sobre as nomea\u00e7\u00f5es de cada irm\u00e3o que, a partir desta semana, come\u00e7am a se dirigir para suas novas miss\u00f5es, como \u00e9 [&hellip;]<\/p>\n","protected":false},"author":2,"featured_media":11076,"comment_status":"open","ping_status":"closed","sticky":false,"template":"","format":"standard","meta":{"_acf_changed":false,"footnotes":""},"categories":[611],"tags":[],"class_list":["post-11075","post","type-post","status-publish","format-standard","has-post-thumbnail","hentry","category-noticias"],"acf":[],"yoast_head":"<!-- This site is optimized with the Yoast SEO plugin v27.2 - https:\/\/yoast.com\/product\/yoast-seo-wordpress\/ -->\n<title>Prov\u00edncia dos Sagrados Cora\u00e7\u00f5es do Brasil - regi\u00e3o do Paraguai conclui mais uma Assembleia<\/title>\n<meta name=\"description\" content=\"Terminou nesse final de semana mais uma Assembleia da Prov\u00edncia dos Sagrados Cora\u00e7\u00f5es do Brasil, regi\u00e3o do Paraguai. O encontro foi realizado no Hotel Fazenda Retiro das Rosas, em Ouro Preto-MG.\" \/>\n<meta name=\"robots\" content=\"index, follow, max-snippet:-1, max-image-preview:large, max-video-preview:-1\" \/>\n<link rel=\"canonical\" href=\"https:\/\/www.padreeustaquio.com.br\/es\/provincia-de-los-sagrados-corazones-de-brasil-region-paraguay-concluye-otra-asamblea\/\" \/>\n<meta property=\"og:locale\" content=\"es_ES\" \/>\n<meta property=\"og:type\" content=\"article\" \/>\n<meta property=\"og:title\" content=\"Prov\u00edncia dos Sagrados Cora\u00e7\u00f5es do Brasil - regi\u00e3o do Paraguai conclui mais uma Assembleia\" \/>\n<meta property=\"og:description\" content=\"Terminou nesse final de semana mais uma Assembleia da Prov\u00edncia dos Sagrados Cora\u00e7\u00f5es do Brasil, regi\u00e3o do Paraguai. O encontro foi realizado no Hotel Fazenda Retiro das Rosas, em Ouro Preto-MG.\" \/>\n<meta property=\"og:url\" content=\"https:\/\/www.padreeustaquio.com.br\/es\/provincia-de-los-sagrados-corazones-de-brasil-region-paraguay-concluye-otra-asamblea\/\" \/>\n<meta property=\"og:site_name\" content=\"Padre Eust\u00e1quio\" \/>\n<meta property=\"article:publisher\" content=\"https:\/\/www.facebook.com\/beatopadreeustaquio\/\" \/>\n<meta property=\"article:published_time\" content=\"2024-02-05T11:38:52+00:00\" \/>\n<meta property=\"og:image\" content=\"https:\/\/www.padreeustaquio.com.br\/wp-content\/uploads\/2024\/02\/Assembleia-provincia-brasil-paraguai-sscc-ouro-preto-minas-gerais.jpeg\" \/>\n\t<meta property=\"og:image:width\" content=\"1280\" \/>\n\t<meta property=\"og:image:height\" content=\"960\" \/>\n\t<meta property=\"og:image:type\" content=\"image\/jpeg\" \/>\n<meta name=\"author\" content=\"@sscc\" \/>\n<meta name=\"twitter:card\" content=\"summary_large_image\" \/>\n<meta name=\"twitter:creator\" content=\"@beatopeustaquio\" \/>\n<meta name=\"twitter:site\" content=\"@beatopeustaquio\" \/>\n<meta name=\"twitter:label1\" content=\"Escrito por\" \/>\n\t<meta name=\"twitter:data1\" content=\"@sscc\" \/>\n\t<meta name=\"twitter:label2\" content=\"Tiempo de lectura\" \/>\n\t<meta name=\"twitter:data2\" content=\"2 minutos\" \/>\n<script type=\"application\/ld+json\" class=\"yoast-schema-graph\">{\"@context\":\"https:\/\/schema.org\",\"@graph\":[{\"@type\":\"Article\",\"@id\":\"https:\/\/www.padreeustaquio.com.br\/provincia-dos-sagrados-coracoes-do-brasil-regiao-do-paraguai-conclui-mais-uma-assembleia\/#article\",\"isPartOf\":{\"@id\":\"https:\/\/www.padreeustaquio.com.br\/provincia-dos-sagrados-coracoes-do-brasil-regiao-do-paraguai-conclui-mais-uma-assembleia\/\"},\"author\":{\"name\":\"@sscc\",\"@id\":\"https:\/\/www.padreeustaquio.com.br\/#\/schema\/person\/a2a51db1d00f1a7af0204a0f1ddb1566\"},\"headline\":\"Prov\u00edncia dos Sagrados Cora\u00e7\u00f5es do Brasil &#8211; regi\u00e3o do Paraguai conclui mais uma Assembleia\",\"datePublished\":\"2024-02-05T11:38:52+00:00\",\"mainEntityOfPage\":{\"@id\":\"https:\/\/www.padreeustaquio.com.br\/provincia-dos-sagrados-coracoes-do-brasil-regiao-do-paraguai-conclui-mais-uma-assembleia\/\"},\"wordCount\":205,\"commentCount\":0,\"publisher\":{\"@id\":\"https:\/\/www.padreeustaquio.com.br\/#organization\"},\"image\":{\"@id\":\"https:\/\/www.padreeustaquio.com.br\/provincia-dos-sagrados-coracoes-do-brasil-regiao-do-paraguai-conclui-mais-uma-assembleia\/#primaryimage\"},\"thumbnailUrl\":\"https:\/\/www.padreeustaquio.com.br\/wp-content\/uploads\/2024\/02\/Assembleia-provincia-brasil-paraguai-sscc-ouro-preto-minas-gerais.jpeg\",\"articleSection\":[\"Not\u00edcias\"],\"inLanguage\":\"es\",\"potentialAction\":[{\"@type\":\"CommentAction\",\"name\":\"Comment\",\"target\":[\"https:\/\/www.padreeustaquio.com.br\/provincia-dos-sagrados-coracoes-do-brasil-regiao-do-paraguai-conclui-mais-uma-assembleia\/#respond\"]}]},{\"@type\":\"WebPage\",\"@id\":\"https:\/\/www.padreeustaquio.com.br\/provincia-dos-sagrados-coracoes-do-brasil-regiao-do-paraguai-conclui-mais-uma-assembleia\/\",\"url\":\"https:\/\/www.padreeustaquio.com.br\/provincia-dos-sagrados-coracoes-do-brasil-regiao-do-paraguai-conclui-mais-uma-assembleia\/\",\"name\":\"Prov\u00edncia dos Sagrados Cora\u00e7\u00f5es do Brasil - regi\u00e3o do Paraguai conclui mais uma Assembleia\",\"isPartOf\":{\"@id\":\"https:\/\/www.padreeustaquio.com.br\/#website\"},\"primaryImageOfPage\":{\"@id\":\"https:\/\/www.padreeustaquio.com.br\/provincia-dos-sagrados-coracoes-do-brasil-regiao-do-paraguai-conclui-mais-uma-assembleia\/#primaryimage\"},\"image\":{\"@id\":\"https:\/\/www.padreeustaquio.com.br\/provincia-dos-sagrados-coracoes-do-brasil-regiao-do-paraguai-conclui-mais-uma-assembleia\/#primaryimage\"},\"thumbnailUrl\":\"https:\/\/www.padreeustaquio.com.br\/wp-content\/uploads\/2024\/02\/Assembleia-provincia-brasil-paraguai-sscc-ouro-preto-minas-gerais.jpeg\",\"datePublished\":\"2024-02-05T11:38:52+00:00\",\"description\":\"Terminou nesse final de semana mais uma Assembleia da Prov\u00edncia dos Sagrados Cora\u00e7\u00f5es do Brasil, regi\u00e3o do Paraguai. O encontro foi realizado no Hotel Fazenda Retiro das Rosas, em Ouro Preto-MG.\",\"breadcrumb\":{\"@id\":\"https:\/\/www.padreeustaquio.com.br\/provincia-dos-sagrados-coracoes-do-brasil-regiao-do-paraguai-conclui-mais-uma-assembleia\/#breadcrumb\"},\"inLanguage\":\"es\",\"potentialAction\":[{\"@type\":\"ReadAction\",\"target\":[\"https:\/\/www.padreeustaquio.com.br\/provincia-dos-sagrados-coracoes-do-brasil-regiao-do-paraguai-conclui-mais-uma-assembleia\/\"]}]},{\"@type\":\"ImageObject\",\"inLanguage\":\"es\",\"@id\":\"https:\/\/www.padreeustaquio.com.br\/provincia-dos-sagrados-coracoes-do-brasil-regiao-do-paraguai-conclui-mais-uma-assembleia\/#primaryimage\",\"url\":\"https:\/\/www.padreeustaquio.com.br\/wp-content\/uploads\/2024\/02\/Assembleia-provincia-brasil-paraguai-sscc-ouro-preto-minas-gerais.jpeg\",\"contentUrl\":\"https:\/\/www.padreeustaquio.com.br\/wp-content\/uploads\/2024\/02\/Assembleia-provincia-brasil-paraguai-sscc-ouro-preto-minas-gerais.jpeg\",\"width\":1280,\"height\":960},{\"@type\":\"BreadcrumbList\",\"@id\":\"https:\/\/www.padreeustaquio.com.br\/provincia-dos-sagrados-coracoes-do-brasil-regiao-do-paraguai-conclui-mais-uma-assembleia\/#breadcrumb\",\"itemListElement\":[{\"@type\":\"ListItem\",\"position\":1,\"name\":\"In\u00edcio\",\"item\":\"https:\/\/www.padreeustaquio.com.br\/\"},{\"@type\":\"ListItem\",\"position\":2,\"name\":\"Prov\u00edncia dos Sagrados Cora\u00e7\u00f5es do Brasil &#8211; regi\u00e3o do Paraguai conclui mais uma Assembleia\"}]},{\"@type\":\"WebSite\",\"@id\":\"https:\/\/www.padreeustaquio.com.br\/#website\",\"url\":\"https:\/\/www.padreeustaquio.com.br\/\",\"name\":\"Padre Eust\u00e1quio\",\"description\":\"Sa\u00fade e Paz\",\"publisher\":{\"@id\":\"https:\/\/www.padreeustaquio.com.br\/#organization\"},\"potentialAction\":[{\"@type\":\"SearchAction\",\"target\":{\"@type\":\"EntryPoint\",\"urlTemplate\":\"https:\/\/www.padreeustaquio.com.br\/?s={search_term_string}\"},\"query-input\":{\"@type\":\"PropertyValueSpecification\",\"valueRequired\":true,\"valueName\":\"search_term_string\"}}],\"inLanguage\":\"es\"},{\"@type\":\"Organization\",\"@id\":\"https:\/\/www.padreeustaquio.com.br\/#organization\",\"name\":\"Padre Eust\u00e1quio\",\"url\":\"https:\/\/www.padreeustaquio.com.br\/\",\"logo\":{\"@type\":\"ImageObject\",\"inLanguage\":\"es\",\"@id\":\"https:\/\/www.padreeustaquio.com.br\/#\/schema\/logo\/image\/\",\"url\":\"https:\/\/www.padreeustaquio.com.br\/wp-content\/uploads\/2019\/08\/marca.png\",\"contentUrl\":\"https:\/\/www.padreeustaquio.com.br\/wp-content\/uploads\/2019\/08\/marca.png\",\"width\":350,\"height\":400,\"caption\":\"Padre Eust\u00e1quio\"},\"image\":{\"@id\":\"https:\/\/www.padreeustaquio.com.br\/#\/schema\/logo\/image\/\"},\"sameAs\":[\"https:\/\/www.facebook.com\/beatopadreeustaquio\/\",\"https:\/\/x.com\/beatopeustaquio\",\"https:\/\/www.instagram.com\/beatopadreeustaquio\/\",\"https:\/\/www.youtube.com\/channel\/UCRhw7vfabnajwLxb1ZXMeIw\"]},{\"@type\":\"Person\",\"@id\":\"https:\/\/www.padreeustaquio.com.br\/#\/schema\/person\/a2a51db1d00f1a7af0204a0f1ddb1566\",\"name\":\"@sscc\",\"image\":{\"@type\":\"ImageObject\",\"inLanguage\":\"es\",\"@id\":\"https:\/\/secure.gravatar.com\/avatar\/68cfafa5f44617fea54071e215026e0ff06be366c3d54a8425f04fdcb86f8c5f?s=96&d=mm&r=g\",\"url\":\"https:\/\/secure.gravatar.com\/avatar\/68cfafa5f44617fea54071e215026e0ff06be366c3d54a8425f04fdcb86f8c5f?s=96&d=mm&r=g\",\"contentUrl\":\"https:\/\/secure.gravatar.com\/avatar\/68cfafa5f44617fea54071e215026e0ff06be366c3d54a8425f04fdcb86f8c5f?s=96&d=mm&r=g\",\"caption\":\"@sscc\"},\"url\":\"https:\/\/www.padreeustaquio.com.br\/es\/author\/sscc\/\"}]}<\/script>\n<!-- \/ Yoast SEO plugin. -->","yoast_head_json":{"title":"Provincia de los Sagrados Corazones de Brasil \u2013 Regi\u00f3n Paraguay concluye otra Asamblea.","description":"El pasado fin de semana culmin\u00f3 otra Asamblea de la Provincia de los Sagrados Corazones de Brasil, regi\u00f3n Paraguay. La reuni\u00f3n se celebr\u00f3 en el Hotel Fazenda Retiro das Rosas, en Ouro Preto, Minas Gerais.","robots":{"index":"index","follow":"follow","max-snippet":"max-snippet:-1","max-image-preview":"max-image-preview:large","max-video-preview":"max-video-preview:-1"},"canonical":"https:\/\/www.padreeustaquio.com.br\/es\/provincia-de-los-sagrados-corazones-de-brasil-region-paraguay-concluye-otra-asamblea\/","og_locale":"es_ES","og_type":"article","og_title":"Prov\u00edncia dos Sagrados Cora\u00e7\u00f5es do Brasil - regi\u00e3o do Paraguai conclui mais uma Assembleia","og_description":"Terminou nesse final de semana mais uma Assembleia da Prov\u00edncia dos Sagrados Cora\u00e7\u00f5es do Brasil, regi\u00e3o do Paraguai. O encontro foi realizado no Hotel Fazenda Retiro das Rosas, em Ouro Preto-MG.","og_url":"https:\/\/www.padreeustaquio.com.br\/es\/provincia-de-los-sagrados-corazones-de-brasil-region-paraguay-concluye-otra-asamblea\/","og_site_name":"Padre Eust\u00e1quio","article_publisher":"https:\/\/www.facebook.com\/beatopadreeustaquio\/","article_published_time":"2024-02-05T11:38:52+00:00","og_image":[{"width":1280,"height":960,"url":"https:\/\/www.padreeustaquio.com.br\/wp-content\/uploads\/2024\/02\/Assembleia-provincia-brasil-paraguai-sscc-ouro-preto-minas-gerais.jpeg","type":"image\/jpeg"}],"author":"@sscc","twitter_card":"summary_large_image","twitter_creator":"@beatopeustaquio","twitter_site":"@beatopeustaquio","twitter_misc":{"Escrito por":"@sscc","Tiempo de lectura":"2 minutos"},"schema":{"@context":"https:\/\/schema.org","@graph":[{"@type":"Article","@id":"https:\/\/www.padreeustaquio.com.br\/provincia-dos-sagrados-coracoes-do-brasil-regiao-do-paraguai-conclui-mais-uma-assembleia\/#article","isPartOf":{"@id":"https:\/\/www.padreeustaquio.com.br\/provincia-dos-sagrados-coracoes-do-brasil-regiao-do-paraguai-conclui-mais-uma-assembleia\/"},"author":{"name":"@sscc","@id":"https:\/\/www.padreeustaquio.com.br\/#\/schema\/person\/a2a51db1d00f1a7af0204a0f1ddb1566"},"headline":"Prov\u00edncia dos Sagrados Cora\u00e7\u00f5es do Brasil &#8211; regi\u00e3o do Paraguai conclui mais uma Assembleia","datePublished":"2024-02-05T11:38:52+00:00","mainEntityOfPage":{"@id":"https:\/\/www.padreeustaquio.com.br\/provincia-dos-sagrados-coracoes-do-brasil-regiao-do-paraguai-conclui-mais-uma-assembleia\/"},"wordCount":205,"commentCount":0,"publisher":{"@id":"https:\/\/www.padreeustaquio.com.br\/#organization"},"image":{"@id":"https:\/\/www.padreeustaquio.com.br\/provincia-dos-sagrados-coracoes-do-brasil-regiao-do-paraguai-conclui-mais-uma-assembleia\/#primaryimage"},"thumbnailUrl":"https:\/\/www.padreeustaquio.com.br\/wp-content\/uploads\/2024\/02\/Assembleia-provincia-brasil-paraguai-sscc-ouro-preto-minas-gerais.jpeg","articleSection":["Not\u00edcias"],"inLanguage":"es","potentialAction":[{"@type":"CommentAction","name":"Comment","target":["https:\/\/www.padreeustaquio.com.br\/provincia-dos-sagrados-coracoes-do-brasil-regiao-do-paraguai-conclui-mais-uma-assembleia\/#respond"]}]},{"@type":"WebPage","@id":"https:\/\/www.padreeustaquio.com.br\/provincia-dos-sagrados-coracoes-do-brasil-regiao-do-paraguai-conclui-mais-uma-assembleia\/","url":"https:\/\/www.padreeustaquio.com.br\/provincia-dos-sagrados-coracoes-do-brasil-regiao-do-paraguai-conclui-mais-uma-assembleia\/","name":"Provincia de los Sagrados Corazones de Brasil \u2013 Regi\u00f3n Paraguay concluye otra Asamblea.","isPartOf":{"@id":"https:\/\/www.padreeustaquio.com.br\/#website"},"primaryImageOfPage":{"@id":"https:\/\/www.padreeustaquio.com.br\/provincia-dos-sagrados-coracoes-do-brasil-regiao-do-paraguai-conclui-mais-uma-assembleia\/#primaryimage"},"image":{"@id":"https:\/\/www.padreeustaquio.com.br\/provincia-dos-sagrados-coracoes-do-brasil-regiao-do-paraguai-conclui-mais-uma-assembleia\/#primaryimage"},"thumbnailUrl":"https:\/\/www.padreeustaquio.com.br\/wp-content\/uploads\/2024\/02\/Assembleia-provincia-brasil-paraguai-sscc-ouro-preto-minas-gerais.jpeg","datePublished":"2024-02-05T11:38:52+00:00","description":"El pasado fin de semana culmin\u00f3 otra Asamblea de la Provincia de los Sagrados Corazones de Brasil, regi\u00f3n Paraguay. La reuni\u00f3n se celebr\u00f3 en el Hotel Fazenda Retiro das Rosas, en Ouro Preto, Minas Gerais.","breadcrumb":{"@id":"https:\/\/www.padreeustaquio.com.br\/provincia-dos-sagrados-coracoes-do-brasil-regiao-do-paraguai-conclui-mais-uma-assembleia\/#breadcrumb"},"inLanguage":"es","potentialAction":[{"@type":"ReadAction","target":["https:\/\/www.padreeustaquio.com.br\/provincia-dos-sagrados-coracoes-do-brasil-regiao-do-paraguai-conclui-mais-uma-assembleia\/"]}]},{"@type":"ImageObject","inLanguage":"es","@id":"https:\/\/www.padreeustaquio.com.br\/provincia-dos-sagrados-coracoes-do-brasil-regiao-do-paraguai-conclui-mais-uma-assembleia\/#primaryimage","url":"https:\/\/www.padreeustaquio.com.br\/wp-content\/uploads\/2024\/02\/Assembleia-provincia-brasil-paraguai-sscc-ouro-preto-minas-gerais.jpeg","contentUrl":"https:\/\/www.padreeustaquio.com.br\/wp-content\/uploads\/2024\/02\/Assembleia-provincia-brasil-paraguai-sscc-ouro-preto-minas-gerais.jpeg","width":1280,"height":960},{"@type":"BreadcrumbList","@id":"https:\/\/www.padreeustaquio.com.br\/provincia-dos-sagrados-coracoes-do-brasil-regiao-do-paraguai-conclui-mais-uma-assembleia\/#breadcrumb","itemListElement":[{"@type":"ListItem","position":1,"name":"In\u00edcio","item":"https:\/\/www.padreeustaquio.com.br\/"},{"@type":"ListItem","position":2,"name":"Prov\u00edncia dos Sagrados Cora\u00e7\u00f5es do Brasil &#8211; regi\u00e3o do Paraguai conclui mais uma Assembleia"}]},{"@type":"WebSite","@id":"https:\/\/www.padreeustaquio.com.br\/#website","url":"https:\/\/www.padreeustaquio.com.br\/","name":"Padre Eustace","description":"Salud y Paz","publisher":{"@id":"https:\/\/www.padreeustaquio.com.br\/#organization"},"potentialAction":[{"@type":"SearchAction","target":{"@type":"EntryPoint","urlTemplate":"https:\/\/www.padreeustaquio.com.br\/?s={search_term_string}"},"query-input":{"@type":"PropertyValueSpecification","valueRequired":true,"valueName":"search_term_string"}}],"inLanguage":"es"},{"@type":"Organization","@id":"https:\/\/www.padreeustaquio.com.br\/#organization","name":"Padre Eustace","url":"https:\/\/www.padreeustaquio.com.br\/","logo":{"@type":"ImageObject","inLanguage":"es","@id":"https:\/\/www.padreeustaquio.com.br\/#\/schema\/logo\/image\/","url":"https:\/\/www.padreeustaquio.com.br\/wp-content\/uploads\/2019\/08\/marca.png","contentUrl":"https:\/\/www.padreeustaquio.com.br\/wp-content\/uploads\/2019\/08\/marca.png","width":350,"height":400,"caption":"Padre Eust\u00e1quio"},"image":{"@id":"https:\/\/www.padreeustaquio.com.br\/#\/schema\/logo\/image\/"},"sameAs":["https:\/\/www.facebook.com\/beatopadreeustaquio\/","https:\/\/x.com\/beatopeustaquio","https:\/\/www.instagram.com\/beatopadreeustaquio\/","https:\/\/www.youtube.com\/channel\/UCRhw7vfabnajwLxb1ZXMeIw"]},{"@type":"Person","@id":"https:\/\/www.padreeustaquio.com.br\/#\/schema\/person\/a2a51db1d00f1a7af0204a0f1ddb1566","name":"@sscc","image":{"@type":"ImageObject","inLanguage":"es","@id":"https:\/\/secure.gravatar.com\/avatar\/68cfafa5f44617fea54071e215026e0ff06be366c3d54a8425f04fdcb86f8c5f?s=96&d=mm&r=g","url":"https:\/\/secure.gravatar.com\/avatar\/68cfafa5f44617fea54071e215026e0ff06be366c3d54a8425f04fdcb86f8c5f?s=96&d=mm&r=g","contentUrl":"https:\/\/secure.gravatar.com\/avatar\/68cfafa5f44617fea54071e215026e0ff06be366c3d54a8425f04fdcb86f8c5f?s=96&d=mm&r=g","caption":"@sscc"},"url":"https:\/\/www.padreeustaquio.com.br\/es\/author\/sscc\/"}]}},"_links":{"self":[{"href":"https:\/\/www.padreeustaquio.com.br\/es\/wp-json\/wp\/v2\/posts\/11075","targetHints":{"allow":["GET"]}}],"collection":[{"href":"https:\/\/www.padreeustaquio.com.br\/es\/wp-json\/wp\/v2\/posts"}],"about":[{"href":"https:\/\/www.padreeustaquio.com.br\/es\/wp-json\/wp\/v2\/types\/post"}],"author":[{"embeddable":true,"href":"https:\/\/www.padreeustaquio.com.br\/es\/wp-json\/wp\/v2\/users\/2"}],"replies":[{"embeddable":true,"href":"https:\/\/www.padreeustaquio.com.br\/es\/wp-json\/wp\/v2\/comments?post=11075"}],"version-history":[{"count":0,"href":"https:\/\/www.padreeustaquio.com.br\/es\/wp-json\/wp\/v2\/posts\/11075\/revisions"}],"wp:featuredmedia":[{"embeddable":true,"href":"https:\/\/www.padreeustaquio.com.br\/es\/wp-json\/wp\/v2\/media\/11076"}],"wp:attachment":[{"href":"https:\/\/www.padreeustaquio.com.br\/es\/wp-json\/wp\/v2\/media?parent=11075"}],"wp:term":[{"taxonomy":"category","embeddable":true,"href":"https:\/\/www.padreeustaquio.com.br\/es\/wp-json\/wp\/v2\/categories?post=11075"},{"taxonomy":"post_tag","embeddable":true,"href":"https:\/\/www.padreeustaquio.com.br\/es\/wp-json\/wp\/v2\/tags?post=11075"}],"curies":[{"name":"wp","href":"https:\/\/api.w.org\/{rel}","templated":true}]}}