{"id":11069,"date":"2024-01-04T07:59:37","date_gmt":"2024-01-04T10:59:37","guid":{"rendered":"https:\/\/www.padreeustaquio.com.br\/?p=11069"},"modified":"2024-01-16T08:53:37","modified_gmt":"2024-01-16T11:53:37","slug":"ven-y-se-catequista-de-confirmacion-en-el-santuario-de-salud-y-paz-en-belo-horizonte","status":"publish","type":"post","link":"https:\/\/www.padreeustaquio.com.br\/es\/ven-y-se-catequista-de-confirmacion-en-el-santuario-de-salud-y-paz-en-belo-horizonte\/","title":{"rendered":"Ven y s\u00e9 catequista de Confirmaci\u00f3n en el Santuario de Salud y Paz en Belo Horizonte."},"content":{"rendered":"<p>El Ministerio de Confirmaci\u00f3n del Santuario de Salud y Paz, Iglesia del Beato Padre Eustaquio, est\u00e1 seleccionando catequistas para 2024. Si siente el llamado del Esp\u00edritu Santo para comenzar este viaje, reg\u00edstrese ahora.<\/p>\n<p>Para solicitar un puesto como catequista de Confirmaci\u00f3n, solo necesitas estar confirmado, tener amor y deseo de servir, compromiso y un coraz\u00f3n abierto. Tu &quot;s\u00ed&quot; es esencial para que el equipo de Confirmaci\u00f3n est\u00e9 completo.<\/p>\n<p>Para registrarse, simplemente visite <a href=\"https:\/\/docs.google.com\/forms\/d\/e\/1FAIpQLSdXV_UfdUSy3DSBH9SQQeh0zBpTjx1xcYff1zsLbX-MAgvaQA\/viewform\">ESTE ENLACE<\/a>.La primera reuni\u00f3n de catequistas para la Confirmaci\u00f3n est\u00e1 programada para el 21 de enero a las 16:00 h en el Santuario de la Salud y la Paz, Iglesia del Beato Padre Eustaquio. La reuni\u00f3n concluir\u00e1 con la participaci\u00f3n de todos en la misa de las 19:00 h.<\/p>","protected":false},"excerpt":{"rendered":"<p>A Crisma do Santu\u00e1rio da Sa\u00fade e da Paz, Igreja do Beato Padre Eust\u00e1quio, est\u00e1 selecionando Catequistas para 2024. Se voc\u00ea sente o chamado do Esp\u00edrito Santo para come\u00e7ar essa jornada, fa\u00e7a j\u00e1 sua inscri\u00e7\u00e3o. Para se candidatar \u00e0 uma vaga como catequista de crisma voc\u00ea s\u00f3 precisa ser crismado, ter amor e vontade de servir, ter compromisso e o cora\u00e7\u00e3o aberto. O seu sim \u00e9 fundamental para que a equipe da Crisma seja completa. Para se inscrever, basta acessar ESTE LINK.\u00a0A primeira reuni\u00e3o de catequistas da Crisma est\u00e1 marcada para o dia 21\/01, \u00e0s 16h, no Santu\u00e1rio da Sa\u00fade [&hellip;]<\/p>\n","protected":false},"author":2,"featured_media":11070,"comment_status":"open","ping_status":"closed","sticky":false,"template":"","format":"standard","meta":{"_acf_changed":false,"footnotes":""},"categories":[611],"tags":[],"class_list":["post-11069","post","type-post","status-publish","format-standard","has-post-thumbnail","hentry","category-noticias"],"acf":[],"yoast_head":"<!-- This site is optimized with the Yoast SEO plugin v27.2 - https:\/\/yoast.com\/product\/yoast-seo-wordpress\/ -->\n<title>Venha ser catequista de Crisma no Santu\u00e1rio da Sa\u00fade e da Paz em BH<\/title>\n<meta name=\"description\" content=\"A Crisma do Santu\u00e1rio da Sa\u00fade e da Paz, Igreja do Beato Padre Eust\u00e1quio, est\u00e1 selecionando Catequistas para 2024. Se voc\u00ea sente o chamado do Esp\u00edrito Santo para come\u00e7ar essa jornada, fa\u00e7a j\u00e1 sua inscri\u00e7\u00e3o.\" \/>\n<meta name=\"robots\" content=\"index, follow, max-snippet:-1, max-image-preview:large, max-video-preview:-1\" \/>\n<link rel=\"canonical\" href=\"https:\/\/www.padreeustaquio.com.br\/es\/ven-y-se-catequista-de-confirmacion-en-el-santuario-de-salud-y-paz-en-belo-horizonte\/\" \/>\n<meta property=\"og:locale\" content=\"es_ES\" \/>\n<meta property=\"og:type\" content=\"article\" \/>\n<meta property=\"og:title\" content=\"Venha ser catequista de Crisma no Santu\u00e1rio da Sa\u00fade e da Paz em BH\" \/>\n<meta property=\"og:description\" content=\"A Crisma do Santu\u00e1rio da Sa\u00fade e da Paz, Igreja do Beato Padre Eust\u00e1quio, est\u00e1 selecionando Catequistas para 2024. Se voc\u00ea sente o chamado do Esp\u00edrito Santo para come\u00e7ar essa jornada, fa\u00e7a j\u00e1 sua inscri\u00e7\u00e3o.\" \/>\n<meta property=\"og:url\" content=\"https:\/\/www.padreeustaquio.com.br\/es\/ven-y-se-catequista-de-confirmacion-en-el-santuario-de-salud-y-paz-en-belo-horizonte\/\" \/>\n<meta property=\"og:site_name\" content=\"Padre Eust\u00e1quio\" \/>\n<meta property=\"article:publisher\" content=\"https:\/\/www.facebook.com\/beatopadreeustaquio\/\" \/>\n<meta property=\"article:published_time\" content=\"2024-01-04T10:59:37+00:00\" \/>\n<meta property=\"article:modified_time\" content=\"2024-01-16T11:53:37+00:00\" \/>\n<meta property=\"og:image\" content=\"https:\/\/www.padreeustaquio.com.br\/wp-content\/uploads\/2023\/12\/WhatsApp-Image-2023-12-18-at-11.14.49.jpeg\" \/>\n\t<meta property=\"og:image:width\" content=\"1600\" \/>\n\t<meta property=\"og:image:height\" content=\"1081\" \/>\n\t<meta property=\"og:image:type\" content=\"image\/jpeg\" \/>\n<meta name=\"author\" content=\"@sscc\" \/>\n<meta name=\"twitter:card\" content=\"summary_large_image\" \/>\n<meta name=\"twitter:creator\" content=\"@beatopeustaquio\" \/>\n<meta name=\"twitter:site\" content=\"@beatopeustaquio\" \/>\n<meta name=\"twitter:label1\" content=\"Escrito por\" \/>\n\t<meta name=\"twitter:data1\" content=\"@sscc\" \/>\n\t<meta name=\"twitter:label2\" content=\"Tiempo de lectura\" \/>\n\t<meta name=\"twitter:data2\" content=\"1 minuto\" \/>\n<script type=\"application\/ld+json\" class=\"yoast-schema-graph\">{\"@context\":\"https:\/\/schema.org\",\"@graph\":[{\"@type\":\"Article\",\"@id\":\"https:\/\/www.padreeustaquio.com.br\/venha-ser-catequista-de-crisma-no-santuario-da-saude-e-da-paz-em-bh\/#article\",\"isPartOf\":{\"@id\":\"https:\/\/www.padreeustaquio.com.br\/venha-ser-catequista-de-crisma-no-santuario-da-saude-e-da-paz-em-bh\/\"},\"author\":{\"name\":\"@sscc\",\"@id\":\"https:\/\/www.padreeustaquio.com.br\/#\/schema\/person\/a2a51db1d00f1a7af0204a0f1ddb1566\"},\"headline\":\"Venha ser catequista de Crisma no Santu\u00e1rio da Sa\u00fade e da Paz em BH\",\"datePublished\":\"2024-01-04T10:59:37+00:00\",\"dateModified\":\"2024-01-16T11:53:37+00:00\",\"mainEntityOfPage\":{\"@id\":\"https:\/\/www.padreeustaquio.com.br\/venha-ser-catequista-de-crisma-no-santuario-da-saude-e-da-paz-em-bh\/\"},\"wordCount\":147,\"commentCount\":0,\"publisher\":{\"@id\":\"https:\/\/www.padreeustaquio.com.br\/#organization\"},\"image\":{\"@id\":\"https:\/\/www.padreeustaquio.com.br\/venha-ser-catequista-de-crisma-no-santuario-da-saude-e-da-paz-em-bh\/#primaryimage\"},\"thumbnailUrl\":\"https:\/\/www.padreeustaquio.com.br\/wp-content\/uploads\/2023\/12\/WhatsApp-Image-2023-12-18-at-11.14.49.jpeg\",\"articleSection\":[\"Not\u00edcias\"],\"inLanguage\":\"es\",\"potentialAction\":[{\"@type\":\"CommentAction\",\"name\":\"Comment\",\"target\":[\"https:\/\/www.padreeustaquio.com.br\/venha-ser-catequista-de-crisma-no-santuario-da-saude-e-da-paz-em-bh\/#respond\"]}]},{\"@type\":\"WebPage\",\"@id\":\"https:\/\/www.padreeustaquio.com.br\/venha-ser-catequista-de-crisma-no-santuario-da-saude-e-da-paz-em-bh\/\",\"url\":\"https:\/\/www.padreeustaquio.com.br\/venha-ser-catequista-de-crisma-no-santuario-da-saude-e-da-paz-em-bh\/\",\"name\":\"Venha ser catequista de Crisma no Santu\u00e1rio da Sa\u00fade e da Paz em BH\",\"isPartOf\":{\"@id\":\"https:\/\/www.padreeustaquio.com.br\/#website\"},\"primaryImageOfPage\":{\"@id\":\"https:\/\/www.padreeustaquio.com.br\/venha-ser-catequista-de-crisma-no-santuario-da-saude-e-da-paz-em-bh\/#primaryimage\"},\"image\":{\"@id\":\"https:\/\/www.padreeustaquio.com.br\/venha-ser-catequista-de-crisma-no-santuario-da-saude-e-da-paz-em-bh\/#primaryimage\"},\"thumbnailUrl\":\"https:\/\/www.padreeustaquio.com.br\/wp-content\/uploads\/2023\/12\/WhatsApp-Image-2023-12-18-at-11.14.49.jpeg\",\"datePublished\":\"2024-01-04T10:59:37+00:00\",\"dateModified\":\"2024-01-16T11:53:37+00:00\",\"description\":\"A Crisma do Santu\u00e1rio da Sa\u00fade e da Paz, Igreja do Beato Padre Eust\u00e1quio, est\u00e1 selecionando Catequistas para 2024. Se voc\u00ea sente o chamado do Esp\u00edrito Santo para come\u00e7ar essa jornada, fa\u00e7a j\u00e1 sua inscri\u00e7\u00e3o.\",\"breadcrumb\":{\"@id\":\"https:\/\/www.padreeustaquio.com.br\/venha-ser-catequista-de-crisma-no-santuario-da-saude-e-da-paz-em-bh\/#breadcrumb\"},\"inLanguage\":\"es\",\"potentialAction\":[{\"@type\":\"ReadAction\",\"target\":[\"https:\/\/www.padreeustaquio.com.br\/venha-ser-catequista-de-crisma-no-santuario-da-saude-e-da-paz-em-bh\/\"]}]},{\"@type\":\"ImageObject\",\"inLanguage\":\"es\",\"@id\":\"https:\/\/www.padreeustaquio.com.br\/venha-ser-catequista-de-crisma-no-santuario-da-saude-e-da-paz-em-bh\/#primaryimage\",\"url\":\"https:\/\/www.padreeustaquio.com.br\/wp-content\/uploads\/2023\/12\/WhatsApp-Image-2023-12-18-at-11.14.49.jpeg\",\"contentUrl\":\"https:\/\/www.padreeustaquio.com.br\/wp-content\/uploads\/2023\/12\/WhatsApp-Image-2023-12-18-at-11.14.49.jpeg\",\"width\":1600,\"height\":1081},{\"@type\":\"BreadcrumbList\",\"@id\":\"https:\/\/www.padreeustaquio.com.br\/venha-ser-catequista-de-crisma-no-santuario-da-saude-e-da-paz-em-bh\/#breadcrumb\",\"itemListElement\":[{\"@type\":\"ListItem\",\"position\":1,\"name\":\"In\u00edcio\",\"item\":\"https:\/\/www.padreeustaquio.com.br\/\"},{\"@type\":\"ListItem\",\"position\":2,\"name\":\"Venha ser catequista de Crisma no Santu\u00e1rio da Sa\u00fade e da Paz em BH\"}]},{\"@type\":\"WebSite\",\"@id\":\"https:\/\/www.padreeustaquio.com.br\/#website\",\"url\":\"https:\/\/www.padreeustaquio.com.br\/\",\"name\":\"Padre Eust\u00e1quio\",\"description\":\"Sa\u00fade e Paz\",\"publisher\":{\"@id\":\"https:\/\/www.padreeustaquio.com.br\/#organization\"},\"potentialAction\":[{\"@type\":\"SearchAction\",\"target\":{\"@type\":\"EntryPoint\",\"urlTemplate\":\"https:\/\/www.padreeustaquio.com.br\/?s={search_term_string}\"},\"query-input\":{\"@type\":\"PropertyValueSpecification\",\"valueRequired\":true,\"valueName\":\"search_term_string\"}}],\"inLanguage\":\"es\"},{\"@type\":\"Organization\",\"@id\":\"https:\/\/www.padreeustaquio.com.br\/#organization\",\"name\":\"Padre Eust\u00e1quio\",\"url\":\"https:\/\/www.padreeustaquio.com.br\/\",\"logo\":{\"@type\":\"ImageObject\",\"inLanguage\":\"es\",\"@id\":\"https:\/\/www.padreeustaquio.com.br\/#\/schema\/logo\/image\/\",\"url\":\"https:\/\/www.padreeustaquio.com.br\/wp-content\/uploads\/2019\/08\/marca.png\",\"contentUrl\":\"https:\/\/www.padreeustaquio.com.br\/wp-content\/uploads\/2019\/08\/marca.png\",\"width\":350,\"height\":400,\"caption\":\"Padre Eust\u00e1quio\"},\"image\":{\"@id\":\"https:\/\/www.padreeustaquio.com.br\/#\/schema\/logo\/image\/\"},\"sameAs\":[\"https:\/\/www.facebook.com\/beatopadreeustaquio\/\",\"https:\/\/x.com\/beatopeustaquio\",\"https:\/\/www.instagram.com\/beatopadreeustaquio\/\",\"https:\/\/www.youtube.com\/channel\/UCRhw7vfabnajwLxb1ZXMeIw\"]},{\"@type\":\"Person\",\"@id\":\"https:\/\/www.padreeustaquio.com.br\/#\/schema\/person\/a2a51db1d00f1a7af0204a0f1ddb1566\",\"name\":\"@sscc\",\"image\":{\"@type\":\"ImageObject\",\"inLanguage\":\"es\",\"@id\":\"https:\/\/secure.gravatar.com\/avatar\/68cfafa5f44617fea54071e215026e0ff06be366c3d54a8425f04fdcb86f8c5f?s=96&d=mm&r=g\",\"url\":\"https:\/\/secure.gravatar.com\/avatar\/68cfafa5f44617fea54071e215026e0ff06be366c3d54a8425f04fdcb86f8c5f?s=96&d=mm&r=g\",\"contentUrl\":\"https:\/\/secure.gravatar.com\/avatar\/68cfafa5f44617fea54071e215026e0ff06be366c3d54a8425f04fdcb86f8c5f?s=96&d=mm&r=g\",\"caption\":\"@sscc\"},\"url\":\"https:\/\/www.padreeustaquio.com.br\/es\/author\/sscc\/\"}]}<\/script>\n<!-- \/ Yoast SEO plugin. -->","yoast_head_json":{"title":"Ven y s\u00e9 catequista de Confirmaci\u00f3n en el Santuario de Salud y Paz en Belo Horizonte.","description":"El Ministerio de Confirmaci\u00f3n del Santuario de Salud y Paz, Iglesia del Beato Padre Eustaquio, est\u00e1 seleccionando catequistas para 2024. Si siente el llamado del Esp\u00edritu Santo para comenzar este viaje, reg\u00edstrese ahora.","robots":{"index":"index","follow":"follow","max-snippet":"max-snippet:-1","max-image-preview":"max-image-preview:large","max-video-preview":"max-video-preview:-1"},"canonical":"https:\/\/www.padreeustaquio.com.br\/es\/ven-y-se-catequista-de-confirmacion-en-el-santuario-de-salud-y-paz-en-belo-horizonte\/","og_locale":"es_ES","og_type":"article","og_title":"Venha ser catequista de Crisma no Santu\u00e1rio da Sa\u00fade e da Paz em BH","og_description":"A Crisma do Santu\u00e1rio da Sa\u00fade e da Paz, Igreja do Beato Padre Eust\u00e1quio, est\u00e1 selecionando Catequistas para 2024. Se voc\u00ea sente o chamado do Esp\u00edrito Santo para come\u00e7ar essa jornada, fa\u00e7a j\u00e1 sua inscri\u00e7\u00e3o.","og_url":"https:\/\/www.padreeustaquio.com.br\/es\/ven-y-se-catequista-de-confirmacion-en-el-santuario-de-salud-y-paz-en-belo-horizonte\/","og_site_name":"Padre Eust\u00e1quio","article_publisher":"https:\/\/www.facebook.com\/beatopadreeustaquio\/","article_published_time":"2024-01-04T10:59:37+00:00","article_modified_time":"2024-01-16T11:53:37+00:00","og_image":[{"width":1600,"height":1081,"url":"https:\/\/www.padreeustaquio.com.br\/wp-content\/uploads\/2023\/12\/WhatsApp-Image-2023-12-18-at-11.14.49.jpeg","type":"image\/jpeg"}],"author":"@sscc","twitter_card":"summary_large_image","twitter_creator":"@beatopeustaquio","twitter_site":"@beatopeustaquio","twitter_misc":{"Escrito por":"@sscc","Tiempo de lectura":"1 minuto"},"schema":{"@context":"https:\/\/schema.org","@graph":[{"@type":"Article","@id":"https:\/\/www.padreeustaquio.com.br\/venha-ser-catequista-de-crisma-no-santuario-da-saude-e-da-paz-em-bh\/#article","isPartOf":{"@id":"https:\/\/www.padreeustaquio.com.br\/venha-ser-catequista-de-crisma-no-santuario-da-saude-e-da-paz-em-bh\/"},"author":{"name":"@sscc","@id":"https:\/\/www.padreeustaquio.com.br\/#\/schema\/person\/a2a51db1d00f1a7af0204a0f1ddb1566"},"headline":"Venha ser catequista de Crisma no Santu\u00e1rio da Sa\u00fade e da Paz em BH","datePublished":"2024-01-04T10:59:37+00:00","dateModified":"2024-01-16T11:53:37+00:00","mainEntityOfPage":{"@id":"https:\/\/www.padreeustaquio.com.br\/venha-ser-catequista-de-crisma-no-santuario-da-saude-e-da-paz-em-bh\/"},"wordCount":147,"commentCount":0,"publisher":{"@id":"https:\/\/www.padreeustaquio.com.br\/#organization"},"image":{"@id":"https:\/\/www.padreeustaquio.com.br\/venha-ser-catequista-de-crisma-no-santuario-da-saude-e-da-paz-em-bh\/#primaryimage"},"thumbnailUrl":"https:\/\/www.padreeustaquio.com.br\/wp-content\/uploads\/2023\/12\/WhatsApp-Image-2023-12-18-at-11.14.49.jpeg","articleSection":["Not\u00edcias"],"inLanguage":"es","potentialAction":[{"@type":"CommentAction","name":"Comment","target":["https:\/\/www.padreeustaquio.com.br\/venha-ser-catequista-de-crisma-no-santuario-da-saude-e-da-paz-em-bh\/#respond"]}]},{"@type":"WebPage","@id":"https:\/\/www.padreeustaquio.com.br\/venha-ser-catequista-de-crisma-no-santuario-da-saude-e-da-paz-em-bh\/","url":"https:\/\/www.padreeustaquio.com.br\/venha-ser-catequista-de-crisma-no-santuario-da-saude-e-da-paz-em-bh\/","name":"Ven y s\u00e9 catequista de Confirmaci\u00f3n en el Santuario de Salud y Paz en Belo Horizonte.","isPartOf":{"@id":"https:\/\/www.padreeustaquio.com.br\/#website"},"primaryImageOfPage":{"@id":"https:\/\/www.padreeustaquio.com.br\/venha-ser-catequista-de-crisma-no-santuario-da-saude-e-da-paz-em-bh\/#primaryimage"},"image":{"@id":"https:\/\/www.padreeustaquio.com.br\/venha-ser-catequista-de-crisma-no-santuario-da-saude-e-da-paz-em-bh\/#primaryimage"},"thumbnailUrl":"https:\/\/www.padreeustaquio.com.br\/wp-content\/uploads\/2023\/12\/WhatsApp-Image-2023-12-18-at-11.14.49.jpeg","datePublished":"2024-01-04T10:59:37+00:00","dateModified":"2024-01-16T11:53:37+00:00","description":"El Ministerio de Confirmaci\u00f3n del Santuario de Salud y Paz, Iglesia del Beato Padre Eustaquio, est\u00e1 seleccionando catequistas para 2024. Si siente el llamado del Esp\u00edritu Santo para comenzar este viaje, reg\u00edstrese ahora.","breadcrumb":{"@id":"https:\/\/www.padreeustaquio.com.br\/venha-ser-catequista-de-crisma-no-santuario-da-saude-e-da-paz-em-bh\/#breadcrumb"},"inLanguage":"es","potentialAction":[{"@type":"ReadAction","target":["https:\/\/www.padreeustaquio.com.br\/venha-ser-catequista-de-crisma-no-santuario-da-saude-e-da-paz-em-bh\/"]}]},{"@type":"ImageObject","inLanguage":"es","@id":"https:\/\/www.padreeustaquio.com.br\/venha-ser-catequista-de-crisma-no-santuario-da-saude-e-da-paz-em-bh\/#primaryimage","url":"https:\/\/www.padreeustaquio.com.br\/wp-content\/uploads\/2023\/12\/WhatsApp-Image-2023-12-18-at-11.14.49.jpeg","contentUrl":"https:\/\/www.padreeustaquio.com.br\/wp-content\/uploads\/2023\/12\/WhatsApp-Image-2023-12-18-at-11.14.49.jpeg","width":1600,"height":1081},{"@type":"BreadcrumbList","@id":"https:\/\/www.padreeustaquio.com.br\/venha-ser-catequista-de-crisma-no-santuario-da-saude-e-da-paz-em-bh\/#breadcrumb","itemListElement":[{"@type":"ListItem","position":1,"name":"In\u00edcio","item":"https:\/\/www.padreeustaquio.com.br\/"},{"@type":"ListItem","position":2,"name":"Venha ser catequista de Crisma no Santu\u00e1rio da Sa\u00fade e da Paz em BH"}]},{"@type":"WebSite","@id":"https:\/\/www.padreeustaquio.com.br\/#website","url":"https:\/\/www.padreeustaquio.com.br\/","name":"Padre Eustace","description":"Salud y Paz","publisher":{"@id":"https:\/\/www.padreeustaquio.com.br\/#organization"},"potentialAction":[{"@type":"SearchAction","target":{"@type":"EntryPoint","urlTemplate":"https:\/\/www.padreeustaquio.com.br\/?s={search_term_string}"},"query-input":{"@type":"PropertyValueSpecification","valueRequired":true,"valueName":"search_term_string"}}],"inLanguage":"es"},{"@type":"Organization","@id":"https:\/\/www.padreeustaquio.com.br\/#organization","name":"Padre Eustace","url":"https:\/\/www.padreeustaquio.com.br\/","logo":{"@type":"ImageObject","inLanguage":"es","@id":"https:\/\/www.padreeustaquio.com.br\/#\/schema\/logo\/image\/","url":"https:\/\/www.padreeustaquio.com.br\/wp-content\/uploads\/2019\/08\/marca.png","contentUrl":"https:\/\/www.padreeustaquio.com.br\/wp-content\/uploads\/2019\/08\/marca.png","width":350,"height":400,"caption":"Padre Eust\u00e1quio"},"image":{"@id":"https:\/\/www.padreeustaquio.com.br\/#\/schema\/logo\/image\/"},"sameAs":["https:\/\/www.facebook.com\/beatopadreeustaquio\/","https:\/\/x.com\/beatopeustaquio","https:\/\/www.instagram.com\/beatopadreeustaquio\/","https:\/\/www.youtube.com\/channel\/UCRhw7vfabnajwLxb1ZXMeIw"]},{"@type":"Person","@id":"https:\/\/www.padreeustaquio.com.br\/#\/schema\/person\/a2a51db1d00f1a7af0204a0f1ddb1566","name":"@sscc","image":{"@type":"ImageObject","inLanguage":"es","@id":"https:\/\/secure.gravatar.com\/avatar\/68cfafa5f44617fea54071e215026e0ff06be366c3d54a8425f04fdcb86f8c5f?s=96&d=mm&r=g","url":"https:\/\/secure.gravatar.com\/avatar\/68cfafa5f44617fea54071e215026e0ff06be366c3d54a8425f04fdcb86f8c5f?s=96&d=mm&r=g","contentUrl":"https:\/\/secure.gravatar.com\/avatar\/68cfafa5f44617fea54071e215026e0ff06be366c3d54a8425f04fdcb86f8c5f?s=96&d=mm&r=g","caption":"@sscc"},"url":"https:\/\/www.padreeustaquio.com.br\/es\/author\/sscc\/"}]}},"_links":{"self":[{"href":"https:\/\/www.padreeustaquio.com.br\/es\/wp-json\/wp\/v2\/posts\/11069","targetHints":{"allow":["GET"]}}],"collection":[{"href":"https:\/\/www.padreeustaquio.com.br\/es\/wp-json\/wp\/v2\/posts"}],"about":[{"href":"https:\/\/www.padreeustaquio.com.br\/es\/wp-json\/wp\/v2\/types\/post"}],"author":[{"embeddable":true,"href":"https:\/\/www.padreeustaquio.com.br\/es\/wp-json\/wp\/v2\/users\/2"}],"replies":[{"embeddable":true,"href":"https:\/\/www.padreeustaquio.com.br\/es\/wp-json\/wp\/v2\/comments?post=11069"}],"version-history":[{"count":0,"href":"https:\/\/www.padreeustaquio.com.br\/es\/wp-json\/wp\/v2\/posts\/11069\/revisions"}],"wp:featuredmedia":[{"embeddable":true,"href":"https:\/\/www.padreeustaquio.com.br\/es\/wp-json\/wp\/v2\/media\/11070"}],"wp:attachment":[{"href":"https:\/\/www.padreeustaquio.com.br\/es\/wp-json\/wp\/v2\/media?parent=11069"}],"wp:term":[{"taxonomy":"category","embeddable":true,"href":"https:\/\/www.padreeustaquio.com.br\/es\/wp-json\/wp\/v2\/categories?post=11069"},{"taxonomy":"post_tag","embeddable":true,"href":"https:\/\/www.padreeustaquio.com.br\/es\/wp-json\/wp\/v2\/tags?post=11069"}],"curies":[{"name":"wp","href":"https:\/\/api.w.org\/{rel}","templated":true}]}}