{"id":11065,"date":"2024-01-02T09:00:24","date_gmt":"2024-01-02T12:00:24","guid":{"rendered":"https:\/\/www.padreeustaquio.com.br\/?p=11065"},"modified":"2024-01-05T10:12:12","modified_gmt":"2024-01-05T13:12:12","slug":"campana-brasilena-ayuda-a-fabricar-sillas-para-una-escuela-en-africa","status":"publish","type":"post","link":"https:\/\/www.padreeustaquio.com.br\/es\/campana-brasilena-ayuda-a-fabricar-sillas-para-una-escuela-en-africa\/","title":{"rendered":"Campa\u00f1a brasile\u00f1a ayuda a fabricar sillas para una escuela en \u00c1frica."},"content":{"rendered":"<p>\u00bfRecord\u00e1is que hicimos una campa\u00f1a para ayudar a la construcci\u00f3n del \u201cColegio Pere Eust\u00e1quio\u201d en Kinshasa, Rep\u00fablica Democr\u00e1tica del Congo?<\/p>\n<p>S\u00ed, los frutos de nuestra campa\u00f1a ya est\u00e1n dando frutos. Todo el dinero recaudado se destin\u00f3 a la fabricaci\u00f3n de las carteras escolares de los ni\u00f1os.<\/p>\n<p><img fetchpriority=\"high\" decoding=\"async\" class=\"size-medium wp-image-11067 alignleft\" src=\"https:\/\/www.padreeustaquio.com.br\/wp-content\/uploads\/2023\/12\/alunos-college-pere-eustaquio-300x225.jpeg\" alt=\"\" width=\"300\" height=\"225\" srcset=\"https:\/\/www.padreeustaquio.com.br\/wp-content\/uploads\/2023\/12\/alunos-college-pere-eustaquio-300x225.jpeg 300w, https:\/\/www.padreeustaquio.com.br\/wp-content\/uploads\/2023\/12\/alunos-college-pere-eustaquio-1024x767.jpeg 1024w, https:\/\/www.padreeustaquio.com.br\/wp-content\/uploads\/2023\/12\/alunos-college-pere-eustaquio-768x575.jpeg 768w, https:\/\/www.padreeustaquio.com.br\/wp-content\/uploads\/2023\/12\/alunos-college-pere-eustaquio-180x135.jpeg 180w, https:\/\/www.padreeustaquio.com.br\/wp-content\/uploads\/2023\/12\/alunos-college-pere-eustaquio-400x300.jpeg 400w, https:\/\/www.padreeustaquio.com.br\/wp-content\/uploads\/2023\/12\/alunos-college-pere-eustaquio-600x450.jpeg 600w, https:\/\/www.padreeustaquio.com.br\/wp-content\/uploads\/2023\/12\/alunos-college-pere-eustaquio-800x600.jpeg 800w, https:\/\/www.padreeustaquio.com.br\/wp-content\/uploads\/2023\/12\/alunos-college-pere-eustaquio.jpeg 1080w\" sizes=\"(max-width: 300px) 100vw, 300px\" \/>Y nuestra recompensa es ver esas hermosas sonrisas.<\/p>\n<p>El Colegio Pere Eust\u00e1quio se inaugur\u00f3 en septiembre de 2022, pero la construcci\u00f3n a\u00fan no est\u00e1 completamente terminada. El proyecto cuenta con el apoyo financiero de la Congregaci\u00f3n de los Sagrados Corazones y la Conferencia Episcopal Italiana y ya alberga algunas clases.<\/p>\n<p>La escuela ayuda a mejorar la disponibilidad de plazas para que los ni\u00f1os tengan acceso a la educaci\u00f3n primaria gratuita.<\/p>\n<p>Puedes seguir haciendo tu donaci\u00f3n v\u00eda PIX: economato@sscc.org.br, o tambi\u00e9n a trav\u00e9s de la cuenta:<br \/>\nSucursal: 2828 \/ Cuenta: 0007154-4 Bradesco<br \/>\nCongregaci\u00f3n de los Sagrados Corazones<br \/>\nCNPJ: 017.216.227\/0001-71<\/p>","protected":false},"excerpt":{"rendered":"<p>Voc\u00ea lembra que fizemos uma campanha para ajudar nas obras do &#8220;College Pere Eust\u00e1quio\u201d, em Kinshasa, na Rep\u00fablica Democr\u00e1tica do Congo? Pois \u00e9, os frutos da nossa campanha j\u00e1 est\u00e3o sendo colhidos. Todo dinheiro arrecadado foi usado para ajudar na fabrica\u00e7\u00e3o das carteiras das crian\u00e7as. E a nossa recompensa \u00e9 ver esses lindos sorrisos. O \u201cCollege Pere Eust\u00e1quio\u201d foi inaugurado em Setembro de 2022, mas a obra ainda n\u00e3o est\u00e1 completamente conclu\u00edda. A obra tem o apoio financeiro da Congrega\u00e7\u00e3o dos Sagrados Cora\u00e7\u00f5es e da Confer\u00eancia Episcopal Italiana e j\u00e1 abriga algumas turmas. A escola ajuda a melhorar as condi\u00e7\u00f5es [&hellip;]<\/p>\n","protected":false},"author":2,"featured_media":11066,"comment_status":"open","ping_status":"closed","sticky":false,"template":"","format":"standard","meta":{"_acf_changed":false,"footnotes":""},"categories":[611],"tags":[],"class_list":["post-11065","post","type-post","status-publish","format-standard","has-post-thumbnail","hentry","category-noticias"],"acf":[],"yoast_head":"<!-- This site is optimized with the Yoast SEO plugin v27.2 - https:\/\/yoast.com\/product\/yoast-seo-wordpress\/ -->\n<title>Campanha brasileira ajuda na fabrica\u00e7\u00e3o de cadeiras para escola na \u00c1frica<\/title>\n<meta name=\"description\" content=\"Voc\u00ea lembra que fizemos uma campanha para ajudar nas obras do &quot;College Pere Eust\u00e1quio\u201d, em Kinshasa, na Rep\u00fablica Democr\u00e1tica do Congo? Pois \u00e9, os frutos da nossa campanha j\u00e1 est\u00e3o sendo colhidos. Todo dinheiro arrecadado foi usado para ajudar na fabrica\u00e7\u00e3o das carteiras das crian\u00e7as.\" \/>\n<meta name=\"robots\" content=\"index, follow, max-snippet:-1, max-image-preview:large, max-video-preview:-1\" \/>\n<link rel=\"canonical\" href=\"https:\/\/www.padreeustaquio.com.br\/es\/campana-brasilena-ayuda-a-fabricar-sillas-para-una-escuela-en-africa\/\" \/>\n<meta property=\"og:locale\" content=\"es_ES\" \/>\n<meta property=\"og:type\" content=\"article\" \/>\n<meta property=\"og:title\" content=\"Campanha brasileira ajuda na fabrica\u00e7\u00e3o de cadeiras para escola na \u00c1frica\" \/>\n<meta property=\"og:description\" content=\"Voc\u00ea lembra que fizemos uma campanha para ajudar nas obras do &quot;College Pere Eust\u00e1quio\u201d, em Kinshasa, na Rep\u00fablica Democr\u00e1tica do Congo? Pois \u00e9, os frutos da nossa campanha j\u00e1 est\u00e3o sendo colhidos. Todo dinheiro arrecadado foi usado para ajudar na fabrica\u00e7\u00e3o das carteiras das crian\u00e7as.\" \/>\n<meta property=\"og:url\" content=\"https:\/\/www.padreeustaquio.com.br\/es\/campana-brasilena-ayuda-a-fabricar-sillas-para-una-escuela-en-africa\/\" \/>\n<meta property=\"og:site_name\" content=\"Padre Eust\u00e1quio\" \/>\n<meta property=\"article:publisher\" content=\"https:\/\/www.facebook.com\/beatopadreeustaquio\/\" \/>\n<meta property=\"article:published_time\" content=\"2024-01-02T12:00:24+00:00\" \/>\n<meta property=\"article:modified_time\" content=\"2024-01-05T13:12:12+00:00\" \/>\n<meta property=\"og:image\" content=\"https:\/\/www.padreeustaquio.com.br\/wp-content\/uploads\/2023\/12\/Padre-provincial-da-africa-e-as-cadeiras-doadas.jpeg\" \/>\n\t<meta property=\"og:image:width\" content=\"1080\" \/>\n\t<meta property=\"og:image:height\" content=\"809\" \/>\n\t<meta property=\"og:image:type\" content=\"image\/jpeg\" \/>\n<meta name=\"author\" content=\"@sscc\" \/>\n<meta name=\"twitter:card\" content=\"summary_large_image\" \/>\n<meta name=\"twitter:creator\" content=\"@beatopeustaquio\" \/>\n<meta name=\"twitter:site\" content=\"@beatopeustaquio\" \/>\n<meta name=\"twitter:label1\" content=\"Escrito por\" \/>\n\t<meta name=\"twitter:data1\" content=\"@sscc\" \/>\n\t<meta name=\"twitter:label2\" content=\"Tiempo de lectura\" \/>\n\t<meta name=\"twitter:data2\" content=\"1 minuto\" \/>\n<script type=\"application\/ld+json\" class=\"yoast-schema-graph\">{\"@context\":\"https:\/\/schema.org\",\"@graph\":[{\"@type\":\"Article\",\"@id\":\"https:\/\/www.padreeustaquio.com.br\/campanha-brasileira-ajuda-na-fabricacao-de-cadeiras-para-escola-na-africa\/#article\",\"isPartOf\":{\"@id\":\"https:\/\/www.padreeustaquio.com.br\/campanha-brasileira-ajuda-na-fabricacao-de-cadeiras-para-escola-na-africa\/\"},\"author\":{\"name\":\"@sscc\",\"@id\":\"https:\/\/www.padreeustaquio.com.br\/#\/schema\/person\/a2a51db1d00f1a7af0204a0f1ddb1566\"},\"headline\":\"Campanha brasileira ajuda na fabrica\u00e7\u00e3o de cadeiras para escola na \u00c1frica\",\"datePublished\":\"2024-01-02T12:00:24+00:00\",\"dateModified\":\"2024-01-05T13:12:12+00:00\",\"mainEntityOfPage\":{\"@id\":\"https:\/\/www.padreeustaquio.com.br\/campanha-brasileira-ajuda-na-fabricacao-de-cadeiras-para-escola-na-africa\/\"},\"wordCount\":167,\"commentCount\":0,\"publisher\":{\"@id\":\"https:\/\/www.padreeustaquio.com.br\/#organization\"},\"image\":{\"@id\":\"https:\/\/www.padreeustaquio.com.br\/campanha-brasileira-ajuda-na-fabricacao-de-cadeiras-para-escola-na-africa\/#primaryimage\"},\"thumbnailUrl\":\"https:\/\/www.padreeustaquio.com.br\/wp-content\/uploads\/2023\/12\/Padre-provincial-da-africa-e-as-cadeiras-doadas.jpeg\",\"articleSection\":[\"Not\u00edcias\"],\"inLanguage\":\"es\",\"potentialAction\":[{\"@type\":\"CommentAction\",\"name\":\"Comment\",\"target\":[\"https:\/\/www.padreeustaquio.com.br\/campanha-brasileira-ajuda-na-fabricacao-de-cadeiras-para-escola-na-africa\/#respond\"]}]},{\"@type\":\"WebPage\",\"@id\":\"https:\/\/www.padreeustaquio.com.br\/campanha-brasileira-ajuda-na-fabricacao-de-cadeiras-para-escola-na-africa\/\",\"url\":\"https:\/\/www.padreeustaquio.com.br\/campanha-brasileira-ajuda-na-fabricacao-de-cadeiras-para-escola-na-africa\/\",\"name\":\"Campanha brasileira ajuda na fabrica\u00e7\u00e3o de cadeiras para escola na \u00c1frica\",\"isPartOf\":{\"@id\":\"https:\/\/www.padreeustaquio.com.br\/#website\"},\"primaryImageOfPage\":{\"@id\":\"https:\/\/www.padreeustaquio.com.br\/campanha-brasileira-ajuda-na-fabricacao-de-cadeiras-para-escola-na-africa\/#primaryimage\"},\"image\":{\"@id\":\"https:\/\/www.padreeustaquio.com.br\/campanha-brasileira-ajuda-na-fabricacao-de-cadeiras-para-escola-na-africa\/#primaryimage\"},\"thumbnailUrl\":\"https:\/\/www.padreeustaquio.com.br\/wp-content\/uploads\/2023\/12\/Padre-provincial-da-africa-e-as-cadeiras-doadas.jpeg\",\"datePublished\":\"2024-01-02T12:00:24+00:00\",\"dateModified\":\"2024-01-05T13:12:12+00:00\",\"description\":\"Voc\u00ea lembra que fizemos uma campanha para ajudar nas obras do \\\"College Pere Eust\u00e1quio\u201d, em Kinshasa, na Rep\u00fablica Democr\u00e1tica do Congo? Pois \u00e9, os frutos da nossa campanha j\u00e1 est\u00e3o sendo colhidos. Todo dinheiro arrecadado foi usado para ajudar na fabrica\u00e7\u00e3o das carteiras das crian\u00e7as.\",\"breadcrumb\":{\"@id\":\"https:\/\/www.padreeustaquio.com.br\/campanha-brasileira-ajuda-na-fabricacao-de-cadeiras-para-escola-na-africa\/#breadcrumb\"},\"inLanguage\":\"es\",\"potentialAction\":[{\"@type\":\"ReadAction\",\"target\":[\"https:\/\/www.padreeustaquio.com.br\/campanha-brasileira-ajuda-na-fabricacao-de-cadeiras-para-escola-na-africa\/\"]}]},{\"@type\":\"ImageObject\",\"inLanguage\":\"es\",\"@id\":\"https:\/\/www.padreeustaquio.com.br\/campanha-brasileira-ajuda-na-fabricacao-de-cadeiras-para-escola-na-africa\/#primaryimage\",\"url\":\"https:\/\/www.padreeustaquio.com.br\/wp-content\/uploads\/2023\/12\/Padre-provincial-da-africa-e-as-cadeiras-doadas.jpeg\",\"contentUrl\":\"https:\/\/www.padreeustaquio.com.br\/wp-content\/uploads\/2023\/12\/Padre-provincial-da-africa-e-as-cadeiras-doadas.jpeg\",\"width\":1080,\"height\":809},{\"@type\":\"BreadcrumbList\",\"@id\":\"https:\/\/www.padreeustaquio.com.br\/campanha-brasileira-ajuda-na-fabricacao-de-cadeiras-para-escola-na-africa\/#breadcrumb\",\"itemListElement\":[{\"@type\":\"ListItem\",\"position\":1,\"name\":\"In\u00edcio\",\"item\":\"https:\/\/www.padreeustaquio.com.br\/\"},{\"@type\":\"ListItem\",\"position\":2,\"name\":\"Campanha brasileira ajuda na fabrica\u00e7\u00e3o de cadeiras para escola na \u00c1frica\"}]},{\"@type\":\"WebSite\",\"@id\":\"https:\/\/www.padreeustaquio.com.br\/#website\",\"url\":\"https:\/\/www.padreeustaquio.com.br\/\",\"name\":\"Padre Eust\u00e1quio\",\"description\":\"Sa\u00fade e Paz\",\"publisher\":{\"@id\":\"https:\/\/www.padreeustaquio.com.br\/#organization\"},\"potentialAction\":[{\"@type\":\"SearchAction\",\"target\":{\"@type\":\"EntryPoint\",\"urlTemplate\":\"https:\/\/www.padreeustaquio.com.br\/?s={search_term_string}\"},\"query-input\":{\"@type\":\"PropertyValueSpecification\",\"valueRequired\":true,\"valueName\":\"search_term_string\"}}],\"inLanguage\":\"es\"},{\"@type\":\"Organization\",\"@id\":\"https:\/\/www.padreeustaquio.com.br\/#organization\",\"name\":\"Padre Eust\u00e1quio\",\"url\":\"https:\/\/www.padreeustaquio.com.br\/\",\"logo\":{\"@type\":\"ImageObject\",\"inLanguage\":\"es\",\"@id\":\"https:\/\/www.padreeustaquio.com.br\/#\/schema\/logo\/image\/\",\"url\":\"https:\/\/www.padreeustaquio.com.br\/wp-content\/uploads\/2019\/08\/marca.png\",\"contentUrl\":\"https:\/\/www.padreeustaquio.com.br\/wp-content\/uploads\/2019\/08\/marca.png\",\"width\":350,\"height\":400,\"caption\":\"Padre Eust\u00e1quio\"},\"image\":{\"@id\":\"https:\/\/www.padreeustaquio.com.br\/#\/schema\/logo\/image\/\"},\"sameAs\":[\"https:\/\/www.facebook.com\/beatopadreeustaquio\/\",\"https:\/\/x.com\/beatopeustaquio\",\"https:\/\/www.instagram.com\/beatopadreeustaquio\/\",\"https:\/\/www.youtube.com\/channel\/UCRhw7vfabnajwLxb1ZXMeIw\"]},{\"@type\":\"Person\",\"@id\":\"https:\/\/www.padreeustaquio.com.br\/#\/schema\/person\/a2a51db1d00f1a7af0204a0f1ddb1566\",\"name\":\"@sscc\",\"image\":{\"@type\":\"ImageObject\",\"inLanguage\":\"es\",\"@id\":\"https:\/\/secure.gravatar.com\/avatar\/68cfafa5f44617fea54071e215026e0ff06be366c3d54a8425f04fdcb86f8c5f?s=96&d=mm&r=g\",\"url\":\"https:\/\/secure.gravatar.com\/avatar\/68cfafa5f44617fea54071e215026e0ff06be366c3d54a8425f04fdcb86f8c5f?s=96&d=mm&r=g\",\"contentUrl\":\"https:\/\/secure.gravatar.com\/avatar\/68cfafa5f44617fea54071e215026e0ff06be366c3d54a8425f04fdcb86f8c5f?s=96&d=mm&r=g\",\"caption\":\"@sscc\"},\"url\":\"https:\/\/www.padreeustaquio.com.br\/es\/author\/sscc\/\"}]}<\/script>\n<!-- \/ Yoast SEO plugin. -->","yoast_head_json":{"title":"Campa\u00f1a brasile\u00f1a ayuda a fabricar sillas para una escuela en \u00c1frica.","description":"\u00bfRecuerdan la campa\u00f1a que realizamos para ayudar a construir el &quot;College Pere Eust\u00e1quio&quot; en Kinshasa, Rep\u00fablica Democr\u00e1tica del Congo? Pues bien, los frutos de nuestra campa\u00f1a ya est\u00e1n dando frutos. Todo el dinero recaudado se destin\u00f3 a la fabricaci\u00f3n de pupitres escolares para los ni\u00f1os.","robots":{"index":"index","follow":"follow","max-snippet":"max-snippet:-1","max-image-preview":"max-image-preview:large","max-video-preview":"max-video-preview:-1"},"canonical":"https:\/\/www.padreeustaquio.com.br\/es\/campana-brasilena-ayuda-a-fabricar-sillas-para-una-escuela-en-africa\/","og_locale":"es_ES","og_type":"article","og_title":"Campanha brasileira ajuda na fabrica\u00e7\u00e3o de cadeiras para escola na \u00c1frica","og_description":"Voc\u00ea lembra que fizemos uma campanha para ajudar nas obras do \"College Pere Eust\u00e1quio\u201d, em Kinshasa, na Rep\u00fablica Democr\u00e1tica do Congo? Pois \u00e9, os frutos da nossa campanha j\u00e1 est\u00e3o sendo colhidos. Todo dinheiro arrecadado foi usado para ajudar na fabrica\u00e7\u00e3o das carteiras das crian\u00e7as.","og_url":"https:\/\/www.padreeustaquio.com.br\/es\/campana-brasilena-ayuda-a-fabricar-sillas-para-una-escuela-en-africa\/","og_site_name":"Padre Eust\u00e1quio","article_publisher":"https:\/\/www.facebook.com\/beatopadreeustaquio\/","article_published_time":"2024-01-02T12:00:24+00:00","article_modified_time":"2024-01-05T13:12:12+00:00","og_image":[{"width":1080,"height":809,"url":"https:\/\/www.padreeustaquio.com.br\/wp-content\/uploads\/2023\/12\/Padre-provincial-da-africa-e-as-cadeiras-doadas.jpeg","type":"image\/jpeg"}],"author":"@sscc","twitter_card":"summary_large_image","twitter_creator":"@beatopeustaquio","twitter_site":"@beatopeustaquio","twitter_misc":{"Escrito por":"@sscc","Tiempo de lectura":"1 minuto"},"schema":{"@context":"https:\/\/schema.org","@graph":[{"@type":"Article","@id":"https:\/\/www.padreeustaquio.com.br\/campanha-brasileira-ajuda-na-fabricacao-de-cadeiras-para-escola-na-africa\/#article","isPartOf":{"@id":"https:\/\/www.padreeustaquio.com.br\/campanha-brasileira-ajuda-na-fabricacao-de-cadeiras-para-escola-na-africa\/"},"author":{"name":"@sscc","@id":"https:\/\/www.padreeustaquio.com.br\/#\/schema\/person\/a2a51db1d00f1a7af0204a0f1ddb1566"},"headline":"Campanha brasileira ajuda na fabrica\u00e7\u00e3o de cadeiras para escola na \u00c1frica","datePublished":"2024-01-02T12:00:24+00:00","dateModified":"2024-01-05T13:12:12+00:00","mainEntityOfPage":{"@id":"https:\/\/www.padreeustaquio.com.br\/campanha-brasileira-ajuda-na-fabricacao-de-cadeiras-para-escola-na-africa\/"},"wordCount":167,"commentCount":0,"publisher":{"@id":"https:\/\/www.padreeustaquio.com.br\/#organization"},"image":{"@id":"https:\/\/www.padreeustaquio.com.br\/campanha-brasileira-ajuda-na-fabricacao-de-cadeiras-para-escola-na-africa\/#primaryimage"},"thumbnailUrl":"https:\/\/www.padreeustaquio.com.br\/wp-content\/uploads\/2023\/12\/Padre-provincial-da-africa-e-as-cadeiras-doadas.jpeg","articleSection":["Not\u00edcias"],"inLanguage":"es","potentialAction":[{"@type":"CommentAction","name":"Comment","target":["https:\/\/www.padreeustaquio.com.br\/campanha-brasileira-ajuda-na-fabricacao-de-cadeiras-para-escola-na-africa\/#respond"]}]},{"@type":"WebPage","@id":"https:\/\/www.padreeustaquio.com.br\/campanha-brasileira-ajuda-na-fabricacao-de-cadeiras-para-escola-na-africa\/","url":"https:\/\/www.padreeustaquio.com.br\/campanha-brasileira-ajuda-na-fabricacao-de-cadeiras-para-escola-na-africa\/","name":"Campa\u00f1a brasile\u00f1a ayuda a fabricar sillas para una escuela en \u00c1frica.","isPartOf":{"@id":"https:\/\/www.padreeustaquio.com.br\/#website"},"primaryImageOfPage":{"@id":"https:\/\/www.padreeustaquio.com.br\/campanha-brasileira-ajuda-na-fabricacao-de-cadeiras-para-escola-na-africa\/#primaryimage"},"image":{"@id":"https:\/\/www.padreeustaquio.com.br\/campanha-brasileira-ajuda-na-fabricacao-de-cadeiras-para-escola-na-africa\/#primaryimage"},"thumbnailUrl":"https:\/\/www.padreeustaquio.com.br\/wp-content\/uploads\/2023\/12\/Padre-provincial-da-africa-e-as-cadeiras-doadas.jpeg","datePublished":"2024-01-02T12:00:24+00:00","dateModified":"2024-01-05T13:12:12+00:00","description":"\u00bfRecuerdan la campa\u00f1a que realizamos para ayudar a construir el &quot;College Pere Eust\u00e1quio&quot; en Kinshasa, Rep\u00fablica Democr\u00e1tica del Congo? Pues bien, los frutos de nuestra campa\u00f1a ya est\u00e1n dando frutos. Todo el dinero recaudado se destin\u00f3 a la fabricaci\u00f3n de pupitres escolares para los ni\u00f1os.","breadcrumb":{"@id":"https:\/\/www.padreeustaquio.com.br\/campanha-brasileira-ajuda-na-fabricacao-de-cadeiras-para-escola-na-africa\/#breadcrumb"},"inLanguage":"es","potentialAction":[{"@type":"ReadAction","target":["https:\/\/www.padreeustaquio.com.br\/campanha-brasileira-ajuda-na-fabricacao-de-cadeiras-para-escola-na-africa\/"]}]},{"@type":"ImageObject","inLanguage":"es","@id":"https:\/\/www.padreeustaquio.com.br\/campanha-brasileira-ajuda-na-fabricacao-de-cadeiras-para-escola-na-africa\/#primaryimage","url":"https:\/\/www.padreeustaquio.com.br\/wp-content\/uploads\/2023\/12\/Padre-provincial-da-africa-e-as-cadeiras-doadas.jpeg","contentUrl":"https:\/\/www.padreeustaquio.com.br\/wp-content\/uploads\/2023\/12\/Padre-provincial-da-africa-e-as-cadeiras-doadas.jpeg","width":1080,"height":809},{"@type":"BreadcrumbList","@id":"https:\/\/www.padreeustaquio.com.br\/campanha-brasileira-ajuda-na-fabricacao-de-cadeiras-para-escola-na-africa\/#breadcrumb","itemListElement":[{"@type":"ListItem","position":1,"name":"In\u00edcio","item":"https:\/\/www.padreeustaquio.com.br\/"},{"@type":"ListItem","position":2,"name":"Campanha brasileira ajuda na fabrica\u00e7\u00e3o de cadeiras para escola na \u00c1frica"}]},{"@type":"WebSite","@id":"https:\/\/www.padreeustaquio.com.br\/#website","url":"https:\/\/www.padreeustaquio.com.br\/","name":"Padre Eustace","description":"Salud y Paz","publisher":{"@id":"https:\/\/www.padreeustaquio.com.br\/#organization"},"potentialAction":[{"@type":"SearchAction","target":{"@type":"EntryPoint","urlTemplate":"https:\/\/www.padreeustaquio.com.br\/?s={search_term_string}"},"query-input":{"@type":"PropertyValueSpecification","valueRequired":true,"valueName":"search_term_string"}}],"inLanguage":"es"},{"@type":"Organization","@id":"https:\/\/www.padreeustaquio.com.br\/#organization","name":"Padre Eustace","url":"https:\/\/www.padreeustaquio.com.br\/","logo":{"@type":"ImageObject","inLanguage":"es","@id":"https:\/\/www.padreeustaquio.com.br\/#\/schema\/logo\/image\/","url":"https:\/\/www.padreeustaquio.com.br\/wp-content\/uploads\/2019\/08\/marca.png","contentUrl":"https:\/\/www.padreeustaquio.com.br\/wp-content\/uploads\/2019\/08\/marca.png","width":350,"height":400,"caption":"Padre Eust\u00e1quio"},"image":{"@id":"https:\/\/www.padreeustaquio.com.br\/#\/schema\/logo\/image\/"},"sameAs":["https:\/\/www.facebook.com\/beatopadreeustaquio\/","https:\/\/x.com\/beatopeustaquio","https:\/\/www.instagram.com\/beatopadreeustaquio\/","https:\/\/www.youtube.com\/channel\/UCRhw7vfabnajwLxb1ZXMeIw"]},{"@type":"Person","@id":"https:\/\/www.padreeustaquio.com.br\/#\/schema\/person\/a2a51db1d00f1a7af0204a0f1ddb1566","name":"@sscc","image":{"@type":"ImageObject","inLanguage":"es","@id":"https:\/\/secure.gravatar.com\/avatar\/68cfafa5f44617fea54071e215026e0ff06be366c3d54a8425f04fdcb86f8c5f?s=96&d=mm&r=g","url":"https:\/\/secure.gravatar.com\/avatar\/68cfafa5f44617fea54071e215026e0ff06be366c3d54a8425f04fdcb86f8c5f?s=96&d=mm&r=g","contentUrl":"https:\/\/secure.gravatar.com\/avatar\/68cfafa5f44617fea54071e215026e0ff06be366c3d54a8425f04fdcb86f8c5f?s=96&d=mm&r=g","caption":"@sscc"},"url":"https:\/\/www.padreeustaquio.com.br\/es\/author\/sscc\/"}]}},"_links":{"self":[{"href":"https:\/\/www.padreeustaquio.com.br\/es\/wp-json\/wp\/v2\/posts\/11065","targetHints":{"allow":["GET"]}}],"collection":[{"href":"https:\/\/www.padreeustaquio.com.br\/es\/wp-json\/wp\/v2\/posts"}],"about":[{"href":"https:\/\/www.padreeustaquio.com.br\/es\/wp-json\/wp\/v2\/types\/post"}],"author":[{"embeddable":true,"href":"https:\/\/www.padreeustaquio.com.br\/es\/wp-json\/wp\/v2\/users\/2"}],"replies":[{"embeddable":true,"href":"https:\/\/www.padreeustaquio.com.br\/es\/wp-json\/wp\/v2\/comments?post=11065"}],"version-history":[{"count":0,"href":"https:\/\/www.padreeustaquio.com.br\/es\/wp-json\/wp\/v2\/posts\/11065\/revisions"}],"wp:featuredmedia":[{"embeddable":true,"href":"https:\/\/www.padreeustaquio.com.br\/es\/wp-json\/wp\/v2\/media\/11066"}],"wp:attachment":[{"href":"https:\/\/www.padreeustaquio.com.br\/es\/wp-json\/wp\/v2\/media?parent=11065"}],"wp:term":[{"taxonomy":"category","embeddable":true,"href":"https:\/\/www.padreeustaquio.com.br\/es\/wp-json\/wp\/v2\/categories?post=11065"},{"taxonomy":"post_tag","embeddable":true,"href":"https:\/\/www.padreeustaquio.com.br\/es\/wp-json\/wp\/v2\/tags?post=11065"}],"curies":[{"name":"wp","href":"https:\/\/api.w.org\/{rel}","templated":true}]}}