{"id":11059,"date":"2023-12-28T07:35:10","date_gmt":"2023-12-28T10:35:10","guid":{"rendered":"https:\/\/www.padreeustaquio.com.br\/?p=11059"},"modified":"2023-12-26T13:39:00","modified_gmt":"2023-12-26T16:39:00","slug":"la-iglesia-del-padre-eustaquio-en-belo-horizonte-abre-inscripciones-para-confirmacion","status":"publish","type":"post","link":"https:\/\/www.padreeustaquio.com.br\/es\/la-iglesia-del-padre-eustaquio-en-belo-horizonte-abre-inscripciones-para-confirmacion\/","title":{"rendered":"La Iglesia del Padre Eust\u00e1quio en Belo Horizonte abre inscripciones para la Confirmaci\u00f3n."},"content":{"rendered":"<p>Ya est\u00e1 abierta la inscripci\u00f3n para la Confirmaci\u00f3n 2024 en el Santuario de Salud y Paz, Iglesia del Beato Padre Eustaquio. J\u00f3venes y adultos que a\u00fan no hayan recibido el sacramento de la Confirmaci\u00f3n pueden inscribirse, siempre que sean mayores de 15 a\u00f1os.<\/p>\n<p>Es necesario realizar la inscripci\u00f3n <a href=\"https:\/\/docs.google.com\/forms\/d\/e\/1FAIpQLSeQbxXiRsXdxk35QYO4gqlOwR_iHkOksmNSWBk6X2nxtcjwoQ\/viewform\">AQU\u00cd en este enlace<\/a>, o directamente en la Oficina Parroquial. Para m\u00e1s informaci\u00f3n sobre la Confirmaci\u00f3n 2024, llame a: Camila (31) 98446-5319 \/ Let\u00edcia (31) 99612-8524 \/ Lucas (31) 99448-7019 \/ Salom\u00e3o (31) 98293-1814<\/p>\n<p><strong>El Sacramento de la Confirmaci\u00f3n: \u00bfQu\u00e9 es la Confirmaci\u00f3n?<\/strong><\/p>\n<p>La Confirmaci\u00f3n es el sacramento en el que los fieles confirman y profundizan sus votos bautismales, recibiendo los dones del Esp\u00edritu Santo. La Confirmaci\u00f3n es una oportunidad para que los j\u00f3venes expresen su fe de forma personal y consciente.<\/p>\n<p>Este sacramento simboliza la venida del Esp\u00edritu Santo sobre los ap\u00f3stoles, seg\u00fan se narra en los Hechos de los Ap\u00f3stoles. Al recibir la Confirmaci\u00f3n, los fieles son revestidos con los dones del Esp\u00edritu Santo, entre ellos la sabidur\u00eda, el entendimiento, el consejo, la fortaleza, el conocimiento, la piedad y el temor de Dios. Estos dones capacitan a los j\u00f3venes para vivir una aut\u00e9ntica vida cristiana y afrontar los desaf\u00edos de la vida con fe y valent\u00eda.<\/p>\n<p>La Confirmaci\u00f3n no es un simple rito de paso, sino un compromiso renovado con la fe. Al recibir este sacramento, los fieles se convierten en miembros de pleno derecho de la Iglesia y se les anima a participar activamente en la comunidad cristiana. La Confirmaci\u00f3n fortalece la conexi\u00f3n de la persona con la Iglesia y profundiza su relaci\u00f3n con Dios.<\/p>","protected":false},"excerpt":{"rendered":"<p>J\u00e1 est\u00e3o abertas as inscri\u00e7\u00f5es para a Crisma 2024 do Santu\u00e1rio da Sa\u00fade e da Paz, Igreja do Beato Padre Eust\u00e1quio. Voc\u00ea jovem e adulto, que ainda n\u00e3o recebeu o sacramento da Crisma pode se inscrever, basta ter mais de 15 anos. A inscri\u00e7\u00e3o deve ser feita AQUI neste link, ou diretamente na Secretaria da Par\u00f3quia. Mais informa\u00e7\u00f5es sobre a Crisma 2024 voc\u00ea consegue nos Telefones: Camila (31) 98446-5319 \/ Let\u00edcia (31) 99612-8524 \/ Lucas (31) 99448-7019 \/ Salom\u00e3o (31) 98293-1814 O Sacramento da Confirma\u00e7\u00e3o: o que \u00e9 a Crisma? A Crisma \u00e9 o sacramento no qual os fi\u00e9is confirmam [&hellip;]<\/p>\n","protected":false},"author":2,"featured_media":11060,"comment_status":"open","ping_status":"closed","sticky":false,"template":"","format":"standard","meta":{"_acf_changed":false,"footnotes":""},"categories":[611],"tags":[],"class_list":["post-11059","post","type-post","status-publish","format-standard","has-post-thumbnail","hentry","category-noticias"],"acf":[],"yoast_head":"<!-- This site is optimized with the Yoast SEO plugin v27.2 - https:\/\/yoast.com\/product\/yoast-seo-wordpress\/ -->\n<title>Igreja do Padre Eust\u00e1quio, em BH, abre inscri\u00e7\u00f5es para a Crisma<\/title>\n<meta name=\"description\" content=\"J\u00e1 est\u00e3o abertas as inscri\u00e7\u00f5es para a Crisma 2024 do Santu\u00e1rio da Sa\u00fade e da Paz, Igreja do Beato Padre Eust\u00e1quio. Voc\u00ea jovem e adulto, que ainda n\u00e3o recebeu o sacramento da Crisma pode se inscrever, basta ter mais de 15 anos.\" \/>\n<meta name=\"robots\" content=\"index, follow, max-snippet:-1, max-image-preview:large, max-video-preview:-1\" \/>\n<link rel=\"canonical\" href=\"https:\/\/www.padreeustaquio.com.br\/es\/la-iglesia-del-padre-eustaquio-en-belo-horizonte-abre-inscripciones-para-confirmacion\/\" \/>\n<meta property=\"og:locale\" content=\"es_ES\" \/>\n<meta property=\"og:type\" content=\"article\" \/>\n<meta property=\"og:title\" content=\"Igreja do Padre Eust\u00e1quio, em BH, abre inscri\u00e7\u00f5es para a Crisma\" \/>\n<meta property=\"og:description\" content=\"J\u00e1 est\u00e3o abertas as inscri\u00e7\u00f5es para a Crisma 2024 do Santu\u00e1rio da Sa\u00fade e da Paz, Igreja do Beato Padre Eust\u00e1quio. Voc\u00ea jovem e adulto, que ainda n\u00e3o recebeu o sacramento da Crisma pode se inscrever, basta ter mais de 15 anos.\" \/>\n<meta property=\"og:url\" content=\"https:\/\/www.padreeustaquio.com.br\/es\/la-iglesia-del-padre-eustaquio-en-belo-horizonte-abre-inscripciones-para-confirmacion\/\" \/>\n<meta property=\"og:site_name\" content=\"Padre Eust\u00e1quio\" \/>\n<meta property=\"article:publisher\" content=\"https:\/\/www.facebook.com\/beatopadreeustaquio\/\" \/>\n<meta property=\"article:published_time\" content=\"2023-12-28T10:35:10+00:00\" \/>\n<meta property=\"og:image\" content=\"https:\/\/www.padreeustaquio.com.br\/wp-content\/uploads\/2023\/12\/inscricoes-para-a-crisma-em-bh-2024.jpeg\" \/>\n\t<meta property=\"og:image:width\" content=\"1600\" \/>\n\t<meta property=\"og:image:height\" content=\"1081\" \/>\n\t<meta property=\"og:image:type\" content=\"image\/jpeg\" \/>\n<meta name=\"author\" content=\"@sscc\" \/>\n<meta name=\"twitter:card\" content=\"summary_large_image\" \/>\n<meta name=\"twitter:creator\" content=\"@beatopeustaquio\" \/>\n<meta name=\"twitter:site\" content=\"@beatopeustaquio\" \/>\n<meta name=\"twitter:label1\" content=\"Escrito por\" \/>\n\t<meta name=\"twitter:data1\" content=\"@sscc\" \/>\n\t<meta name=\"twitter:label2\" content=\"Tiempo de lectura\" \/>\n\t<meta name=\"twitter:data2\" content=\"2 minutos\" \/>\n<script type=\"application\/ld+json\" class=\"yoast-schema-graph\">{\"@context\":\"https:\/\/schema.org\",\"@graph\":[{\"@type\":\"Article\",\"@id\":\"https:\/\/www.padreeustaquio.com.br\/igreja-do-padre-eustaquio-em-bh-abre-inscricoes-para-a-crisma\/#article\",\"isPartOf\":{\"@id\":\"https:\/\/www.padreeustaquio.com.br\/igreja-do-padre-eustaquio-em-bh-abre-inscricoes-para-a-crisma\/\"},\"author\":{\"name\":\"@sscc\",\"@id\":\"https:\/\/www.padreeustaquio.com.br\/#\/schema\/person\/a2a51db1d00f1a7af0204a0f1ddb1566\"},\"headline\":\"Igreja do Padre Eust\u00e1quio, em BH, abre inscri\u00e7\u00f5es para a Crisma\",\"datePublished\":\"2023-12-28T10:35:10+00:00\",\"mainEntityOfPage\":{\"@id\":\"https:\/\/www.padreeustaquio.com.br\/igreja-do-padre-eustaquio-em-bh-abre-inscricoes-para-a-crisma\/\"},\"wordCount\":272,\"commentCount\":0,\"publisher\":{\"@id\":\"https:\/\/www.padreeustaquio.com.br\/#organization\"},\"image\":{\"@id\":\"https:\/\/www.padreeustaquio.com.br\/igreja-do-padre-eustaquio-em-bh-abre-inscricoes-para-a-crisma\/#primaryimage\"},\"thumbnailUrl\":\"https:\/\/www.padreeustaquio.com.br\/wp-content\/uploads\/2023\/12\/inscricoes-para-a-crisma-em-bh-2024.jpeg\",\"articleSection\":[\"Not\u00edcias\"],\"inLanguage\":\"es\",\"potentialAction\":[{\"@type\":\"CommentAction\",\"name\":\"Comment\",\"target\":[\"https:\/\/www.padreeustaquio.com.br\/igreja-do-padre-eustaquio-em-bh-abre-inscricoes-para-a-crisma\/#respond\"]}]},{\"@type\":\"WebPage\",\"@id\":\"https:\/\/www.padreeustaquio.com.br\/igreja-do-padre-eustaquio-em-bh-abre-inscricoes-para-a-crisma\/\",\"url\":\"https:\/\/www.padreeustaquio.com.br\/igreja-do-padre-eustaquio-em-bh-abre-inscricoes-para-a-crisma\/\",\"name\":\"Igreja do Padre Eust\u00e1quio, em BH, abre inscri\u00e7\u00f5es para a Crisma\",\"isPartOf\":{\"@id\":\"https:\/\/www.padreeustaquio.com.br\/#website\"},\"primaryImageOfPage\":{\"@id\":\"https:\/\/www.padreeustaquio.com.br\/igreja-do-padre-eustaquio-em-bh-abre-inscricoes-para-a-crisma\/#primaryimage\"},\"image\":{\"@id\":\"https:\/\/www.padreeustaquio.com.br\/igreja-do-padre-eustaquio-em-bh-abre-inscricoes-para-a-crisma\/#primaryimage\"},\"thumbnailUrl\":\"https:\/\/www.padreeustaquio.com.br\/wp-content\/uploads\/2023\/12\/inscricoes-para-a-crisma-em-bh-2024.jpeg\",\"datePublished\":\"2023-12-28T10:35:10+00:00\",\"description\":\"J\u00e1 est\u00e3o abertas as inscri\u00e7\u00f5es para a Crisma 2024 do Santu\u00e1rio da Sa\u00fade e da Paz, Igreja do Beato Padre Eust\u00e1quio. Voc\u00ea jovem e adulto, que ainda n\u00e3o recebeu o sacramento da Crisma pode se inscrever, basta ter mais de 15 anos.\",\"breadcrumb\":{\"@id\":\"https:\/\/www.padreeustaquio.com.br\/igreja-do-padre-eustaquio-em-bh-abre-inscricoes-para-a-crisma\/#breadcrumb\"},\"inLanguage\":\"es\",\"potentialAction\":[{\"@type\":\"ReadAction\",\"target\":[\"https:\/\/www.padreeustaquio.com.br\/igreja-do-padre-eustaquio-em-bh-abre-inscricoes-para-a-crisma\/\"]}]},{\"@type\":\"ImageObject\",\"inLanguage\":\"es\",\"@id\":\"https:\/\/www.padreeustaquio.com.br\/igreja-do-padre-eustaquio-em-bh-abre-inscricoes-para-a-crisma\/#primaryimage\",\"url\":\"https:\/\/www.padreeustaquio.com.br\/wp-content\/uploads\/2023\/12\/inscricoes-para-a-crisma-em-bh-2024.jpeg\",\"contentUrl\":\"https:\/\/www.padreeustaquio.com.br\/wp-content\/uploads\/2023\/12\/inscricoes-para-a-crisma-em-bh-2024.jpeg\",\"width\":1600,\"height\":1081},{\"@type\":\"BreadcrumbList\",\"@id\":\"https:\/\/www.padreeustaquio.com.br\/igreja-do-padre-eustaquio-em-bh-abre-inscricoes-para-a-crisma\/#breadcrumb\",\"itemListElement\":[{\"@type\":\"ListItem\",\"position\":1,\"name\":\"In\u00edcio\",\"item\":\"https:\/\/www.padreeustaquio.com.br\/\"},{\"@type\":\"ListItem\",\"position\":2,\"name\":\"Igreja do Padre Eust\u00e1quio, em BH, abre inscri\u00e7\u00f5es para a Crisma\"}]},{\"@type\":\"WebSite\",\"@id\":\"https:\/\/www.padreeustaquio.com.br\/#website\",\"url\":\"https:\/\/www.padreeustaquio.com.br\/\",\"name\":\"Padre Eust\u00e1quio\",\"description\":\"Sa\u00fade e Paz\",\"publisher\":{\"@id\":\"https:\/\/www.padreeustaquio.com.br\/#organization\"},\"potentialAction\":[{\"@type\":\"SearchAction\",\"target\":{\"@type\":\"EntryPoint\",\"urlTemplate\":\"https:\/\/www.padreeustaquio.com.br\/?s={search_term_string}\"},\"query-input\":{\"@type\":\"PropertyValueSpecification\",\"valueRequired\":true,\"valueName\":\"search_term_string\"}}],\"inLanguage\":\"es\"},{\"@type\":\"Organization\",\"@id\":\"https:\/\/www.padreeustaquio.com.br\/#organization\",\"name\":\"Padre Eust\u00e1quio\",\"url\":\"https:\/\/www.padreeustaquio.com.br\/\",\"logo\":{\"@type\":\"ImageObject\",\"inLanguage\":\"es\",\"@id\":\"https:\/\/www.padreeustaquio.com.br\/#\/schema\/logo\/image\/\",\"url\":\"https:\/\/www.padreeustaquio.com.br\/wp-content\/uploads\/2019\/08\/marca.png\",\"contentUrl\":\"https:\/\/www.padreeustaquio.com.br\/wp-content\/uploads\/2019\/08\/marca.png\",\"width\":350,\"height\":400,\"caption\":\"Padre Eust\u00e1quio\"},\"image\":{\"@id\":\"https:\/\/www.padreeustaquio.com.br\/#\/schema\/logo\/image\/\"},\"sameAs\":[\"https:\/\/www.facebook.com\/beatopadreeustaquio\/\",\"https:\/\/x.com\/beatopeustaquio\",\"https:\/\/www.instagram.com\/beatopadreeustaquio\/\",\"https:\/\/www.youtube.com\/channel\/UCRhw7vfabnajwLxb1ZXMeIw\"]},{\"@type\":\"Person\",\"@id\":\"https:\/\/www.padreeustaquio.com.br\/#\/schema\/person\/a2a51db1d00f1a7af0204a0f1ddb1566\",\"name\":\"@sscc\",\"image\":{\"@type\":\"ImageObject\",\"inLanguage\":\"es\",\"@id\":\"https:\/\/secure.gravatar.com\/avatar\/68cfafa5f44617fea54071e215026e0ff06be366c3d54a8425f04fdcb86f8c5f?s=96&d=mm&r=g\",\"url\":\"https:\/\/secure.gravatar.com\/avatar\/68cfafa5f44617fea54071e215026e0ff06be366c3d54a8425f04fdcb86f8c5f?s=96&d=mm&r=g\",\"contentUrl\":\"https:\/\/secure.gravatar.com\/avatar\/68cfafa5f44617fea54071e215026e0ff06be366c3d54a8425f04fdcb86f8c5f?s=96&d=mm&r=g\",\"caption\":\"@sscc\"},\"url\":\"https:\/\/www.padreeustaquio.com.br\/es\/author\/sscc\/\"}]}<\/script>\n<!-- \/ Yoast SEO plugin. -->","yoast_head_json":{"title":"La Iglesia del Padre Eust\u00e1quio en Belo Horizonte abre inscripciones para la Confirmaci\u00f3n.","description":"Ya est\u00e1 abierta la inscripci\u00f3n para la Confirmaci\u00f3n 2024 en el Santuario de Salud y Paz, Iglesia del Beato Padre Eustaquio. J\u00f3venes y adultos que a\u00fan no hayan recibido el sacramento de la Confirmaci\u00f3n pueden inscribirse, siempre que sean mayores de 15 a\u00f1os.","robots":{"index":"index","follow":"follow","max-snippet":"max-snippet:-1","max-image-preview":"max-image-preview:large","max-video-preview":"max-video-preview:-1"},"canonical":"https:\/\/www.padreeustaquio.com.br\/es\/la-iglesia-del-padre-eustaquio-en-belo-horizonte-abre-inscripciones-para-confirmacion\/","og_locale":"es_ES","og_type":"article","og_title":"Igreja do Padre Eust\u00e1quio, em BH, abre inscri\u00e7\u00f5es para a Crisma","og_description":"J\u00e1 est\u00e3o abertas as inscri\u00e7\u00f5es para a Crisma 2024 do Santu\u00e1rio da Sa\u00fade e da Paz, Igreja do Beato Padre Eust\u00e1quio. Voc\u00ea jovem e adulto, que ainda n\u00e3o recebeu o sacramento da Crisma pode se inscrever, basta ter mais de 15 anos.","og_url":"https:\/\/www.padreeustaquio.com.br\/es\/la-iglesia-del-padre-eustaquio-en-belo-horizonte-abre-inscripciones-para-confirmacion\/","og_site_name":"Padre Eust\u00e1quio","article_publisher":"https:\/\/www.facebook.com\/beatopadreeustaquio\/","article_published_time":"2023-12-28T10:35:10+00:00","og_image":[{"width":1600,"height":1081,"url":"https:\/\/www.padreeustaquio.com.br\/wp-content\/uploads\/2023\/12\/inscricoes-para-a-crisma-em-bh-2024.jpeg","type":"image\/jpeg"}],"author":"@sscc","twitter_card":"summary_large_image","twitter_creator":"@beatopeustaquio","twitter_site":"@beatopeustaquio","twitter_misc":{"Escrito por":"@sscc","Tiempo de lectura":"2 minutos"},"schema":{"@context":"https:\/\/schema.org","@graph":[{"@type":"Article","@id":"https:\/\/www.padreeustaquio.com.br\/igreja-do-padre-eustaquio-em-bh-abre-inscricoes-para-a-crisma\/#article","isPartOf":{"@id":"https:\/\/www.padreeustaquio.com.br\/igreja-do-padre-eustaquio-em-bh-abre-inscricoes-para-a-crisma\/"},"author":{"name":"@sscc","@id":"https:\/\/www.padreeustaquio.com.br\/#\/schema\/person\/a2a51db1d00f1a7af0204a0f1ddb1566"},"headline":"Igreja do Padre Eust\u00e1quio, em BH, abre inscri\u00e7\u00f5es para a Crisma","datePublished":"2023-12-28T10:35:10+00:00","mainEntityOfPage":{"@id":"https:\/\/www.padreeustaquio.com.br\/igreja-do-padre-eustaquio-em-bh-abre-inscricoes-para-a-crisma\/"},"wordCount":272,"commentCount":0,"publisher":{"@id":"https:\/\/www.padreeustaquio.com.br\/#organization"},"image":{"@id":"https:\/\/www.padreeustaquio.com.br\/igreja-do-padre-eustaquio-em-bh-abre-inscricoes-para-a-crisma\/#primaryimage"},"thumbnailUrl":"https:\/\/www.padreeustaquio.com.br\/wp-content\/uploads\/2023\/12\/inscricoes-para-a-crisma-em-bh-2024.jpeg","articleSection":["Not\u00edcias"],"inLanguage":"es","potentialAction":[{"@type":"CommentAction","name":"Comment","target":["https:\/\/www.padreeustaquio.com.br\/igreja-do-padre-eustaquio-em-bh-abre-inscricoes-para-a-crisma\/#respond"]}]},{"@type":"WebPage","@id":"https:\/\/www.padreeustaquio.com.br\/igreja-do-padre-eustaquio-em-bh-abre-inscricoes-para-a-crisma\/","url":"https:\/\/www.padreeustaquio.com.br\/igreja-do-padre-eustaquio-em-bh-abre-inscricoes-para-a-crisma\/","name":"La Iglesia del Padre Eust\u00e1quio en Belo Horizonte abre inscripciones para la Confirmaci\u00f3n.","isPartOf":{"@id":"https:\/\/www.padreeustaquio.com.br\/#website"},"primaryImageOfPage":{"@id":"https:\/\/www.padreeustaquio.com.br\/igreja-do-padre-eustaquio-em-bh-abre-inscricoes-para-a-crisma\/#primaryimage"},"image":{"@id":"https:\/\/www.padreeustaquio.com.br\/igreja-do-padre-eustaquio-em-bh-abre-inscricoes-para-a-crisma\/#primaryimage"},"thumbnailUrl":"https:\/\/www.padreeustaquio.com.br\/wp-content\/uploads\/2023\/12\/inscricoes-para-a-crisma-em-bh-2024.jpeg","datePublished":"2023-12-28T10:35:10+00:00","description":"Ya est\u00e1 abierta la inscripci\u00f3n para la Confirmaci\u00f3n 2024 en el Santuario de Salud y Paz, Iglesia del Beato Padre Eustaquio. J\u00f3venes y adultos que a\u00fan no hayan recibido el sacramento de la Confirmaci\u00f3n pueden inscribirse, siempre que sean mayores de 15 a\u00f1os.","breadcrumb":{"@id":"https:\/\/www.padreeustaquio.com.br\/igreja-do-padre-eustaquio-em-bh-abre-inscricoes-para-a-crisma\/#breadcrumb"},"inLanguage":"es","potentialAction":[{"@type":"ReadAction","target":["https:\/\/www.padreeustaquio.com.br\/igreja-do-padre-eustaquio-em-bh-abre-inscricoes-para-a-crisma\/"]}]},{"@type":"ImageObject","inLanguage":"es","@id":"https:\/\/www.padreeustaquio.com.br\/igreja-do-padre-eustaquio-em-bh-abre-inscricoes-para-a-crisma\/#primaryimage","url":"https:\/\/www.padreeustaquio.com.br\/wp-content\/uploads\/2023\/12\/inscricoes-para-a-crisma-em-bh-2024.jpeg","contentUrl":"https:\/\/www.padreeustaquio.com.br\/wp-content\/uploads\/2023\/12\/inscricoes-para-a-crisma-em-bh-2024.jpeg","width":1600,"height":1081},{"@type":"BreadcrumbList","@id":"https:\/\/www.padreeustaquio.com.br\/igreja-do-padre-eustaquio-em-bh-abre-inscricoes-para-a-crisma\/#breadcrumb","itemListElement":[{"@type":"ListItem","position":1,"name":"In\u00edcio","item":"https:\/\/www.padreeustaquio.com.br\/"},{"@type":"ListItem","position":2,"name":"Igreja do Padre Eust\u00e1quio, em BH, abre inscri\u00e7\u00f5es para a Crisma"}]},{"@type":"WebSite","@id":"https:\/\/www.padreeustaquio.com.br\/#website","url":"https:\/\/www.padreeustaquio.com.br\/","name":"Padre Eustace","description":"Salud y Paz","publisher":{"@id":"https:\/\/www.padreeustaquio.com.br\/#organization"},"potentialAction":[{"@type":"SearchAction","target":{"@type":"EntryPoint","urlTemplate":"https:\/\/www.padreeustaquio.com.br\/?s={search_term_string}"},"query-input":{"@type":"PropertyValueSpecification","valueRequired":true,"valueName":"search_term_string"}}],"inLanguage":"es"},{"@type":"Organization","@id":"https:\/\/www.padreeustaquio.com.br\/#organization","name":"Padre Eustace","url":"https:\/\/www.padreeustaquio.com.br\/","logo":{"@type":"ImageObject","inLanguage":"es","@id":"https:\/\/www.padreeustaquio.com.br\/#\/schema\/logo\/image\/","url":"https:\/\/www.padreeustaquio.com.br\/wp-content\/uploads\/2019\/08\/marca.png","contentUrl":"https:\/\/www.padreeustaquio.com.br\/wp-content\/uploads\/2019\/08\/marca.png","width":350,"height":400,"caption":"Padre Eust\u00e1quio"},"image":{"@id":"https:\/\/www.padreeustaquio.com.br\/#\/schema\/logo\/image\/"},"sameAs":["https:\/\/www.facebook.com\/beatopadreeustaquio\/","https:\/\/x.com\/beatopeustaquio","https:\/\/www.instagram.com\/beatopadreeustaquio\/","https:\/\/www.youtube.com\/channel\/UCRhw7vfabnajwLxb1ZXMeIw"]},{"@type":"Person","@id":"https:\/\/www.padreeustaquio.com.br\/#\/schema\/person\/a2a51db1d00f1a7af0204a0f1ddb1566","name":"@sscc","image":{"@type":"ImageObject","inLanguage":"es","@id":"https:\/\/secure.gravatar.com\/avatar\/68cfafa5f44617fea54071e215026e0ff06be366c3d54a8425f04fdcb86f8c5f?s=96&d=mm&r=g","url":"https:\/\/secure.gravatar.com\/avatar\/68cfafa5f44617fea54071e215026e0ff06be366c3d54a8425f04fdcb86f8c5f?s=96&d=mm&r=g","contentUrl":"https:\/\/secure.gravatar.com\/avatar\/68cfafa5f44617fea54071e215026e0ff06be366c3d54a8425f04fdcb86f8c5f?s=96&d=mm&r=g","caption":"@sscc"},"url":"https:\/\/www.padreeustaquio.com.br\/es\/author\/sscc\/"}]}},"_links":{"self":[{"href":"https:\/\/www.padreeustaquio.com.br\/es\/wp-json\/wp\/v2\/posts\/11059","targetHints":{"allow":["GET"]}}],"collection":[{"href":"https:\/\/www.padreeustaquio.com.br\/es\/wp-json\/wp\/v2\/posts"}],"about":[{"href":"https:\/\/www.padreeustaquio.com.br\/es\/wp-json\/wp\/v2\/types\/post"}],"author":[{"embeddable":true,"href":"https:\/\/www.padreeustaquio.com.br\/es\/wp-json\/wp\/v2\/users\/2"}],"replies":[{"embeddable":true,"href":"https:\/\/www.padreeustaquio.com.br\/es\/wp-json\/wp\/v2\/comments?post=11059"}],"version-history":[{"count":0,"href":"https:\/\/www.padreeustaquio.com.br\/es\/wp-json\/wp\/v2\/posts\/11059\/revisions"}],"wp:featuredmedia":[{"embeddable":true,"href":"https:\/\/www.padreeustaquio.com.br\/es\/wp-json\/wp\/v2\/media\/11060"}],"wp:attachment":[{"href":"https:\/\/www.padreeustaquio.com.br\/es\/wp-json\/wp\/v2\/media?parent=11059"}],"wp:term":[{"taxonomy":"category","embeddable":true,"href":"https:\/\/www.padreeustaquio.com.br\/es\/wp-json\/wp\/v2\/categories?post=11059"},{"taxonomy":"post_tag","embeddable":true,"href":"https:\/\/www.padreeustaquio.com.br\/es\/wp-json\/wp\/v2\/tags?post=11059"}],"curies":[{"name":"wp","href":"https:\/\/api.w.org\/{rel}","templated":true}]}}