{"id":11047,"date":"2023-12-12T08:35:35","date_gmt":"2023-12-12T11:35:35","guid":{"rendered":"https:\/\/www.padreeustaquio.com.br\/?p=11047"},"modified":"2023-12-12T08:35:35","modified_gmt":"2023-12-12T11:35:35","slug":"ya-estan-abiertas-las-inscripciones-para-el-curso-prematrimonial-en-el-santuario-de-salud-y-paz","status":"publish","type":"post","link":"https:\/\/www.padreeustaquio.com.br\/es\/ya-estan-abiertas-las-inscripciones-para-el-curso-prematrimonial-en-el-santuario-de-salud-y-paz\/","title":{"rendered":"Ya est\u00e1n abiertas las inscripciones para el Curso Pre-Matrimonial en el Santuario de Salud y Paz."},"content":{"rendered":"<p>Ya est\u00e1 abierta la inscripci\u00f3n para la catequesis matrimonial, tambi\u00e9n conocida como &quot;Curso Prematrimonial&quot;, en el Santuario de Salud y Paz, Iglesia del Padre Eust\u00e1quio. Los interesados deben comunicarse con la oficina parroquial para inscribirse.<\/p>\n<p>El plazo ya ha comenzado y se extender\u00e1 hasta el 16 de febrero de 2024. La reuni\u00f3n inicial tendr\u00e1 lugar el 24 de febrero, de 14.00 a 20.00 horas.<\/p>\n<p>Esta es una iniciativa del Ministerio Familiar de la Parroquia Sagrados Corazones, en BH. Para m\u00e1s informaci\u00f3n, llame al (31) 3462-6557 o visite la oficina parroquial de la Iglesia Padre Eust\u00e1quio. El horario es: lunes de 7:30 a. m. a 12 p. m. y de 1 p. m. a 6 p. m.; de martes a viernes, de 7:30 a. m. a 6 p. m.; s\u00e1bados y domingos de 8:00 a. m. a 11:30 a. m.<\/p>","protected":false},"excerpt":{"rendered":"<p>Est\u00e3o abertas as inscri\u00e7\u00f5es para a catequese matrimonial, conhecida como \u201cCurso de Noivos\u201d, no Santu\u00e1rio da Sa\u00fade e da Paz, a Igreja do Padre Eust\u00e1quio. Os interessados devem procurar a secretaria paroquial para se inscrever. O prazo j\u00e1 come\u00e7ou e vai at\u00e9 o dia 16 de fevereiro de 2024. O encontro inicial acontecer\u00e1 no dia 24 de fevereiro, de 14h \u00e0s 20h. Esta \u00e9 uma realiza\u00e7\u00e3o da Pastoral Familiar da Par\u00f3quia dos Sagrados Cora\u00e7\u00f5es, em BH. Mais informa\u00e7\u00f5es no telefone (31) 3462-6557 ou presencialmente na secretaria paroquial da Igreja do Padre Eust\u00e1quio. O hor\u00e1rio de funcionamento \u00e9: \u00e0s segundas-feiras das [&hellip;]<\/p>\n","protected":false},"author":2,"featured_media":11048,"comment_status":"open","ping_status":"closed","sticky":false,"template":"","format":"standard","meta":{"_acf_changed":false,"footnotes":""},"categories":[611],"tags":[],"class_list":["post-11047","post","type-post","status-publish","format-standard","has-post-thumbnail","hentry","category-noticias"],"acf":[],"yoast_head":"<!-- This site is optimized with the Yoast SEO plugin v27.2 - https:\/\/yoast.com\/product\/yoast-seo-wordpress\/ -->\n<title>Abertas as inscri\u00e7\u00f5es para o Curso de Noivos no Santu\u00e1rio da Sa\u00fade e da Paz - Padre Eust\u00e1quio<\/title>\n<meta name=\"robots\" content=\"index, follow, max-snippet:-1, max-image-preview:large, max-video-preview:-1\" \/>\n<link rel=\"canonical\" href=\"https:\/\/www.padreeustaquio.com.br\/es\/ya-estan-abiertas-las-inscripciones-para-el-curso-prematrimonial-en-el-santuario-de-salud-y-paz\/\" \/>\n<meta property=\"og:locale\" content=\"es_ES\" \/>\n<meta property=\"og:type\" content=\"article\" \/>\n<meta property=\"og:title\" content=\"Abertas as inscri\u00e7\u00f5es para o Curso de Noivos no Santu\u00e1rio da Sa\u00fade e da Paz - Padre Eust\u00e1quio\" \/>\n<meta property=\"og:description\" content=\"Est\u00e3o abertas as inscri\u00e7\u00f5es para a catequese matrimonial, conhecida como \u201cCurso de Noivos\u201d, no Santu\u00e1rio da Sa\u00fade e da Paz, a Igreja do Padre Eust\u00e1quio. Os interessados devem procurar a secretaria paroquial para se inscrever. O prazo j\u00e1 come\u00e7ou e vai at\u00e9 o dia 16 de fevereiro de 2024. O encontro inicial acontecer\u00e1 no dia 24 de fevereiro, de 14h \u00e0s 20h. Esta \u00e9 uma realiza\u00e7\u00e3o da Pastoral Familiar da Par\u00f3quia dos Sagrados Cora\u00e7\u00f5es, em BH. Mais informa\u00e7\u00f5es no telefone (31) 3462-6557 ou presencialmente na secretaria paroquial da Igreja do Padre Eust\u00e1quio. O hor\u00e1rio de funcionamento \u00e9: \u00e0s segundas-feiras das [&hellip;]\" \/>\n<meta property=\"og:url\" content=\"https:\/\/www.padreeustaquio.com.br\/es\/ya-estan-abiertas-las-inscripciones-para-el-curso-prematrimonial-en-el-santuario-de-salud-y-paz\/\" \/>\n<meta property=\"og:site_name\" content=\"Padre Eust\u00e1quio\" \/>\n<meta property=\"article:publisher\" content=\"https:\/\/www.facebook.com\/beatopadreeustaquio\/\" \/>\n<meta property=\"article:published_time\" content=\"2023-12-12T11:35:35+00:00\" \/>\n<meta property=\"og:image\" content=\"https:\/\/www.padreeustaquio.com.br\/wp-content\/uploads\/2023\/12\/catequese-matrimonial-curso-de-noivos.jpeg\" \/>\n\t<meta property=\"og:image:width\" content=\"1600\" \/>\n\t<meta property=\"og:image:height\" content=\"1081\" \/>\n\t<meta property=\"og:image:type\" content=\"image\/jpeg\" \/>\n<meta name=\"author\" content=\"@sscc\" \/>\n<meta name=\"twitter:card\" content=\"summary_large_image\" \/>\n<meta name=\"twitter:creator\" content=\"@beatopeustaquio\" \/>\n<meta name=\"twitter:site\" content=\"@beatopeustaquio\" \/>\n<meta name=\"twitter:label1\" content=\"Escrito por\" \/>\n\t<meta name=\"twitter:data1\" content=\"@sscc\" \/>\n\t<meta name=\"twitter:label2\" content=\"Tiempo de lectura\" \/>\n\t<meta name=\"twitter:data2\" content=\"1 minuto\" \/>\n<script type=\"application\/ld+json\" class=\"yoast-schema-graph\">{\"@context\":\"https:\/\/schema.org\",\"@graph\":[{\"@type\":\"Article\",\"@id\":\"https:\/\/www.padreeustaquio.com.br\/abertas-as-inscricoes-para-o-curso-de-noivos-no-santuario-da-saude-e-da-paz\/#article\",\"isPartOf\":{\"@id\":\"https:\/\/www.padreeustaquio.com.br\/abertas-as-inscricoes-para-o-curso-de-noivos-no-santuario-da-saude-e-da-paz\/\"},\"author\":{\"name\":\"@sscc\",\"@id\":\"https:\/\/www.padreeustaquio.com.br\/#\/schema\/person\/a2a51db1d00f1a7af0204a0f1ddb1566\"},\"headline\":\"Abertas as inscri\u00e7\u00f5es para o Curso de Noivos no Santu\u00e1rio da Sa\u00fade e da Paz\",\"datePublished\":\"2023-12-12T11:35:35+00:00\",\"mainEntityOfPage\":{\"@id\":\"https:\/\/www.padreeustaquio.com.br\/abertas-as-inscricoes-para-o-curso-de-noivos-no-santuario-da-saude-e-da-paz\/\"},\"wordCount\":149,\"commentCount\":0,\"publisher\":{\"@id\":\"https:\/\/www.padreeustaquio.com.br\/#organization\"},\"image\":{\"@id\":\"https:\/\/www.padreeustaquio.com.br\/abertas-as-inscricoes-para-o-curso-de-noivos-no-santuario-da-saude-e-da-paz\/#primaryimage\"},\"thumbnailUrl\":\"https:\/\/www.padreeustaquio.com.br\/wp-content\/uploads\/2023\/12\/catequese-matrimonial-curso-de-noivos.jpeg\",\"articleSection\":[\"Not\u00edcias\"],\"inLanguage\":\"es\",\"potentialAction\":[{\"@type\":\"CommentAction\",\"name\":\"Comment\",\"target\":[\"https:\/\/www.padreeustaquio.com.br\/abertas-as-inscricoes-para-o-curso-de-noivos-no-santuario-da-saude-e-da-paz\/#respond\"]}]},{\"@type\":\"WebPage\",\"@id\":\"https:\/\/www.padreeustaquio.com.br\/abertas-as-inscricoes-para-o-curso-de-noivos-no-santuario-da-saude-e-da-paz\/\",\"url\":\"https:\/\/www.padreeustaquio.com.br\/abertas-as-inscricoes-para-o-curso-de-noivos-no-santuario-da-saude-e-da-paz\/\",\"name\":\"Abertas as inscri\u00e7\u00f5es para o Curso de Noivos no Santu\u00e1rio da Sa\u00fade e da Paz - Padre Eust\u00e1quio\",\"isPartOf\":{\"@id\":\"https:\/\/www.padreeustaquio.com.br\/#website\"},\"primaryImageOfPage\":{\"@id\":\"https:\/\/www.padreeustaquio.com.br\/abertas-as-inscricoes-para-o-curso-de-noivos-no-santuario-da-saude-e-da-paz\/#primaryimage\"},\"image\":{\"@id\":\"https:\/\/www.padreeustaquio.com.br\/abertas-as-inscricoes-para-o-curso-de-noivos-no-santuario-da-saude-e-da-paz\/#primaryimage\"},\"thumbnailUrl\":\"https:\/\/www.padreeustaquio.com.br\/wp-content\/uploads\/2023\/12\/catequese-matrimonial-curso-de-noivos.jpeg\",\"datePublished\":\"2023-12-12T11:35:35+00:00\",\"breadcrumb\":{\"@id\":\"https:\/\/www.padreeustaquio.com.br\/abertas-as-inscricoes-para-o-curso-de-noivos-no-santuario-da-saude-e-da-paz\/#breadcrumb\"},\"inLanguage\":\"es\",\"potentialAction\":[{\"@type\":\"ReadAction\",\"target\":[\"https:\/\/www.padreeustaquio.com.br\/abertas-as-inscricoes-para-o-curso-de-noivos-no-santuario-da-saude-e-da-paz\/\"]}]},{\"@type\":\"ImageObject\",\"inLanguage\":\"es\",\"@id\":\"https:\/\/www.padreeustaquio.com.br\/abertas-as-inscricoes-para-o-curso-de-noivos-no-santuario-da-saude-e-da-paz\/#primaryimage\",\"url\":\"https:\/\/www.padreeustaquio.com.br\/wp-content\/uploads\/2023\/12\/catequese-matrimonial-curso-de-noivos.jpeg\",\"contentUrl\":\"https:\/\/www.padreeustaquio.com.br\/wp-content\/uploads\/2023\/12\/catequese-matrimonial-curso-de-noivos.jpeg\",\"width\":1600,\"height\":1081},{\"@type\":\"BreadcrumbList\",\"@id\":\"https:\/\/www.padreeustaquio.com.br\/abertas-as-inscricoes-para-o-curso-de-noivos-no-santuario-da-saude-e-da-paz\/#breadcrumb\",\"itemListElement\":[{\"@type\":\"ListItem\",\"position\":1,\"name\":\"In\u00edcio\",\"item\":\"https:\/\/www.padreeustaquio.com.br\/\"},{\"@type\":\"ListItem\",\"position\":2,\"name\":\"Abertas as inscri\u00e7\u00f5es para o Curso de Noivos no Santu\u00e1rio da Sa\u00fade e da Paz\"}]},{\"@type\":\"WebSite\",\"@id\":\"https:\/\/www.padreeustaquio.com.br\/#website\",\"url\":\"https:\/\/www.padreeustaquio.com.br\/\",\"name\":\"Padre Eust\u00e1quio\",\"description\":\"Sa\u00fade e Paz\",\"publisher\":{\"@id\":\"https:\/\/www.padreeustaquio.com.br\/#organization\"},\"potentialAction\":[{\"@type\":\"SearchAction\",\"target\":{\"@type\":\"EntryPoint\",\"urlTemplate\":\"https:\/\/www.padreeustaquio.com.br\/?s={search_term_string}\"},\"query-input\":{\"@type\":\"PropertyValueSpecification\",\"valueRequired\":true,\"valueName\":\"search_term_string\"}}],\"inLanguage\":\"es\"},{\"@type\":\"Organization\",\"@id\":\"https:\/\/www.padreeustaquio.com.br\/#organization\",\"name\":\"Padre Eust\u00e1quio\",\"url\":\"https:\/\/www.padreeustaquio.com.br\/\",\"logo\":{\"@type\":\"ImageObject\",\"inLanguage\":\"es\",\"@id\":\"https:\/\/www.padreeustaquio.com.br\/#\/schema\/logo\/image\/\",\"url\":\"https:\/\/www.padreeustaquio.com.br\/wp-content\/uploads\/2019\/08\/marca.png\",\"contentUrl\":\"https:\/\/www.padreeustaquio.com.br\/wp-content\/uploads\/2019\/08\/marca.png\",\"width\":350,\"height\":400,\"caption\":\"Padre Eust\u00e1quio\"},\"image\":{\"@id\":\"https:\/\/www.padreeustaquio.com.br\/#\/schema\/logo\/image\/\"},\"sameAs\":[\"https:\/\/www.facebook.com\/beatopadreeustaquio\/\",\"https:\/\/x.com\/beatopeustaquio\",\"https:\/\/www.instagram.com\/beatopadreeustaquio\/\",\"https:\/\/www.youtube.com\/channel\/UCRhw7vfabnajwLxb1ZXMeIw\"]},{\"@type\":\"Person\",\"@id\":\"https:\/\/www.padreeustaquio.com.br\/#\/schema\/person\/a2a51db1d00f1a7af0204a0f1ddb1566\",\"name\":\"@sscc\",\"image\":{\"@type\":\"ImageObject\",\"inLanguage\":\"es\",\"@id\":\"https:\/\/secure.gravatar.com\/avatar\/68cfafa5f44617fea54071e215026e0ff06be366c3d54a8425f04fdcb86f8c5f?s=96&d=mm&r=g\",\"url\":\"https:\/\/secure.gravatar.com\/avatar\/68cfafa5f44617fea54071e215026e0ff06be366c3d54a8425f04fdcb86f8c5f?s=96&d=mm&r=g\",\"contentUrl\":\"https:\/\/secure.gravatar.com\/avatar\/68cfafa5f44617fea54071e215026e0ff06be366c3d54a8425f04fdcb86f8c5f?s=96&d=mm&r=g\",\"caption\":\"@sscc\"},\"url\":\"https:\/\/www.padreeustaquio.com.br\/es\/author\/sscc\/\"}]}<\/script>\n<!-- \/ Yoast SEO plugin. -->","yoast_head_json":{"title":"Est\u00e1n abiertas las inscripciones para el Curso Pre-Matrimonial en el Santuario de Salud y Paz \u2013 Padre Eust\u00e1quio.","robots":{"index":"index","follow":"follow","max-snippet":"max-snippet:-1","max-image-preview":"max-image-preview:large","max-video-preview":"max-video-preview:-1"},"canonical":"https:\/\/www.padreeustaquio.com.br\/es\/ya-estan-abiertas-las-inscripciones-para-el-curso-prematrimonial-en-el-santuario-de-salud-y-paz\/","og_locale":"es_ES","og_type":"article","og_title":"Abertas as inscri\u00e7\u00f5es para o Curso de Noivos no Santu\u00e1rio da Sa\u00fade e da Paz - Padre Eust\u00e1quio","og_description":"Est\u00e3o abertas as inscri\u00e7\u00f5es para a catequese matrimonial, conhecida como \u201cCurso de Noivos\u201d, no Santu\u00e1rio da Sa\u00fade e da Paz, a Igreja do Padre Eust\u00e1quio. Os interessados devem procurar a secretaria paroquial para se inscrever. O prazo j\u00e1 come\u00e7ou e vai at\u00e9 o dia 16 de fevereiro de 2024. O encontro inicial acontecer\u00e1 no dia 24 de fevereiro, de 14h \u00e0s 20h. Esta \u00e9 uma realiza\u00e7\u00e3o da Pastoral Familiar da Par\u00f3quia dos Sagrados Cora\u00e7\u00f5es, em BH. Mais informa\u00e7\u00f5es no telefone (31) 3462-6557 ou presencialmente na secretaria paroquial da Igreja do Padre Eust\u00e1quio. O hor\u00e1rio de funcionamento \u00e9: \u00e0s segundas-feiras das [&hellip;]","og_url":"https:\/\/www.padreeustaquio.com.br\/es\/ya-estan-abiertas-las-inscripciones-para-el-curso-prematrimonial-en-el-santuario-de-salud-y-paz\/","og_site_name":"Padre Eust\u00e1quio","article_publisher":"https:\/\/www.facebook.com\/beatopadreeustaquio\/","article_published_time":"2023-12-12T11:35:35+00:00","og_image":[{"width":1600,"height":1081,"url":"https:\/\/www.padreeustaquio.com.br\/wp-content\/uploads\/2023\/12\/catequese-matrimonial-curso-de-noivos.jpeg","type":"image\/jpeg"}],"author":"@sscc","twitter_card":"summary_large_image","twitter_creator":"@beatopeustaquio","twitter_site":"@beatopeustaquio","twitter_misc":{"Escrito por":"@sscc","Tiempo de lectura":"1 minuto"},"schema":{"@context":"https:\/\/schema.org","@graph":[{"@type":"Article","@id":"https:\/\/www.padreeustaquio.com.br\/abertas-as-inscricoes-para-o-curso-de-noivos-no-santuario-da-saude-e-da-paz\/#article","isPartOf":{"@id":"https:\/\/www.padreeustaquio.com.br\/abertas-as-inscricoes-para-o-curso-de-noivos-no-santuario-da-saude-e-da-paz\/"},"author":{"name":"@sscc","@id":"https:\/\/www.padreeustaquio.com.br\/#\/schema\/person\/a2a51db1d00f1a7af0204a0f1ddb1566"},"headline":"Abertas as inscri\u00e7\u00f5es para o Curso de Noivos no Santu\u00e1rio da Sa\u00fade e da Paz","datePublished":"2023-12-12T11:35:35+00:00","mainEntityOfPage":{"@id":"https:\/\/www.padreeustaquio.com.br\/abertas-as-inscricoes-para-o-curso-de-noivos-no-santuario-da-saude-e-da-paz\/"},"wordCount":149,"commentCount":0,"publisher":{"@id":"https:\/\/www.padreeustaquio.com.br\/#organization"},"image":{"@id":"https:\/\/www.padreeustaquio.com.br\/abertas-as-inscricoes-para-o-curso-de-noivos-no-santuario-da-saude-e-da-paz\/#primaryimage"},"thumbnailUrl":"https:\/\/www.padreeustaquio.com.br\/wp-content\/uploads\/2023\/12\/catequese-matrimonial-curso-de-noivos.jpeg","articleSection":["Not\u00edcias"],"inLanguage":"es","potentialAction":[{"@type":"CommentAction","name":"Comment","target":["https:\/\/www.padreeustaquio.com.br\/abertas-as-inscricoes-para-o-curso-de-noivos-no-santuario-da-saude-e-da-paz\/#respond"]}]},{"@type":"WebPage","@id":"https:\/\/www.padreeustaquio.com.br\/abertas-as-inscricoes-para-o-curso-de-noivos-no-santuario-da-saude-e-da-paz\/","url":"https:\/\/www.padreeustaquio.com.br\/abertas-as-inscricoes-para-o-curso-de-noivos-no-santuario-da-saude-e-da-paz\/","name":"Est\u00e1n abiertas las inscripciones para el Curso Pre-Matrimonial en el Santuario de Salud y Paz \u2013 Padre Eust\u00e1quio.","isPartOf":{"@id":"https:\/\/www.padreeustaquio.com.br\/#website"},"primaryImageOfPage":{"@id":"https:\/\/www.padreeustaquio.com.br\/abertas-as-inscricoes-para-o-curso-de-noivos-no-santuario-da-saude-e-da-paz\/#primaryimage"},"image":{"@id":"https:\/\/www.padreeustaquio.com.br\/abertas-as-inscricoes-para-o-curso-de-noivos-no-santuario-da-saude-e-da-paz\/#primaryimage"},"thumbnailUrl":"https:\/\/www.padreeustaquio.com.br\/wp-content\/uploads\/2023\/12\/catequese-matrimonial-curso-de-noivos.jpeg","datePublished":"2023-12-12T11:35:35+00:00","breadcrumb":{"@id":"https:\/\/www.padreeustaquio.com.br\/abertas-as-inscricoes-para-o-curso-de-noivos-no-santuario-da-saude-e-da-paz\/#breadcrumb"},"inLanguage":"es","potentialAction":[{"@type":"ReadAction","target":["https:\/\/www.padreeustaquio.com.br\/abertas-as-inscricoes-para-o-curso-de-noivos-no-santuario-da-saude-e-da-paz\/"]}]},{"@type":"ImageObject","inLanguage":"es","@id":"https:\/\/www.padreeustaquio.com.br\/abertas-as-inscricoes-para-o-curso-de-noivos-no-santuario-da-saude-e-da-paz\/#primaryimage","url":"https:\/\/www.padreeustaquio.com.br\/wp-content\/uploads\/2023\/12\/catequese-matrimonial-curso-de-noivos.jpeg","contentUrl":"https:\/\/www.padreeustaquio.com.br\/wp-content\/uploads\/2023\/12\/catequese-matrimonial-curso-de-noivos.jpeg","width":1600,"height":1081},{"@type":"BreadcrumbList","@id":"https:\/\/www.padreeustaquio.com.br\/abertas-as-inscricoes-para-o-curso-de-noivos-no-santuario-da-saude-e-da-paz\/#breadcrumb","itemListElement":[{"@type":"ListItem","position":1,"name":"In\u00edcio","item":"https:\/\/www.padreeustaquio.com.br\/"},{"@type":"ListItem","position":2,"name":"Abertas as inscri\u00e7\u00f5es para o Curso de Noivos no Santu\u00e1rio da Sa\u00fade e da Paz"}]},{"@type":"WebSite","@id":"https:\/\/www.padreeustaquio.com.br\/#website","url":"https:\/\/www.padreeustaquio.com.br\/","name":"Padre Eustace","description":"Salud y Paz","publisher":{"@id":"https:\/\/www.padreeustaquio.com.br\/#organization"},"potentialAction":[{"@type":"SearchAction","target":{"@type":"EntryPoint","urlTemplate":"https:\/\/www.padreeustaquio.com.br\/?s={search_term_string}"},"query-input":{"@type":"PropertyValueSpecification","valueRequired":true,"valueName":"search_term_string"}}],"inLanguage":"es"},{"@type":"Organization","@id":"https:\/\/www.padreeustaquio.com.br\/#organization","name":"Padre Eustace","url":"https:\/\/www.padreeustaquio.com.br\/","logo":{"@type":"ImageObject","inLanguage":"es","@id":"https:\/\/www.padreeustaquio.com.br\/#\/schema\/logo\/image\/","url":"https:\/\/www.padreeustaquio.com.br\/wp-content\/uploads\/2019\/08\/marca.png","contentUrl":"https:\/\/www.padreeustaquio.com.br\/wp-content\/uploads\/2019\/08\/marca.png","width":350,"height":400,"caption":"Padre Eust\u00e1quio"},"image":{"@id":"https:\/\/www.padreeustaquio.com.br\/#\/schema\/logo\/image\/"},"sameAs":["https:\/\/www.facebook.com\/beatopadreeustaquio\/","https:\/\/x.com\/beatopeustaquio","https:\/\/www.instagram.com\/beatopadreeustaquio\/","https:\/\/www.youtube.com\/channel\/UCRhw7vfabnajwLxb1ZXMeIw"]},{"@type":"Person","@id":"https:\/\/www.padreeustaquio.com.br\/#\/schema\/person\/a2a51db1d00f1a7af0204a0f1ddb1566","name":"@sscc","image":{"@type":"ImageObject","inLanguage":"es","@id":"https:\/\/secure.gravatar.com\/avatar\/68cfafa5f44617fea54071e215026e0ff06be366c3d54a8425f04fdcb86f8c5f?s=96&d=mm&r=g","url":"https:\/\/secure.gravatar.com\/avatar\/68cfafa5f44617fea54071e215026e0ff06be366c3d54a8425f04fdcb86f8c5f?s=96&d=mm&r=g","contentUrl":"https:\/\/secure.gravatar.com\/avatar\/68cfafa5f44617fea54071e215026e0ff06be366c3d54a8425f04fdcb86f8c5f?s=96&d=mm&r=g","caption":"@sscc"},"url":"https:\/\/www.padreeustaquio.com.br\/es\/author\/sscc\/"}]}},"_links":{"self":[{"href":"https:\/\/www.padreeustaquio.com.br\/es\/wp-json\/wp\/v2\/posts\/11047","targetHints":{"allow":["GET"]}}],"collection":[{"href":"https:\/\/www.padreeustaquio.com.br\/es\/wp-json\/wp\/v2\/posts"}],"about":[{"href":"https:\/\/www.padreeustaquio.com.br\/es\/wp-json\/wp\/v2\/types\/post"}],"author":[{"embeddable":true,"href":"https:\/\/www.padreeustaquio.com.br\/es\/wp-json\/wp\/v2\/users\/2"}],"replies":[{"embeddable":true,"href":"https:\/\/www.padreeustaquio.com.br\/es\/wp-json\/wp\/v2\/comments?post=11047"}],"version-history":[{"count":0,"href":"https:\/\/www.padreeustaquio.com.br\/es\/wp-json\/wp\/v2\/posts\/11047\/revisions"}],"wp:featuredmedia":[{"embeddable":true,"href":"https:\/\/www.padreeustaquio.com.br\/es\/wp-json\/wp\/v2\/media\/11048"}],"wp:attachment":[{"href":"https:\/\/www.padreeustaquio.com.br\/es\/wp-json\/wp\/v2\/media?parent=11047"}],"wp:term":[{"taxonomy":"category","embeddable":true,"href":"https:\/\/www.padreeustaquio.com.br\/es\/wp-json\/wp\/v2\/categories?post=11047"},{"taxonomy":"post_tag","embeddable":true,"href":"https:\/\/www.padreeustaquio.com.br\/es\/wp-json\/wp\/v2\/tags?post=11047"}],"curies":[{"name":"wp","href":"https:\/\/api.w.org\/{rel}","templated":true}]}}