{"id":11038,"date":"2023-12-05T07:11:05","date_gmt":"2023-12-05T10:11:05","guid":{"rendered":"https:\/\/www.padreeustaquio.com.br\/?p=11038"},"modified":"2023-12-05T07:33:13","modified_gmt":"2023-12-05T10:33:13","slug":"padre-rafael-azanza-ss-cc-muere-a-los-95-anos-en-belo-horizonte-mg","status":"publish","type":"post","link":"https:\/\/www.padreeustaquio.com.br\/es\/padre-rafael-azanza-ss-cc-muere-a-los-95-anos-en-belo-horizonte-mg\/","title":{"rendered":"El padre Rafael Azanza, ss.cc., muere a los 95 a\u00f1os en Belo Horizonte, Minas Gerais."},"content":{"rendered":"<p>Tras pasar unos 15 d\u00edas hospitalizado en el Hospital Madre Teresa de Belo Horizonte, Minas Gerais, el sacerdote espa\u00f1ol Rafael Azanza Pellejero falleci\u00f3 esta ma\u00f1ana. Con su salud debilitada, hab\u00eda estado enfrentando complicaciones tras contraer una neumon\u00eda grave y, este martes (05), no resisti\u00f3.<\/p>\n<p>El Padre Rafael cumpli\u00f3 95 a\u00f1os en octubre e incluso particip\u00f3 en la ordenaci\u00f3n diaconal del Hermano Vanildo Lima Sena, ss.cc., el 11 de noviembre, pero despu\u00e9s su salud se deterior\u00f3 hasta que fue hospitalizado. Hermanos y amigos, especialmente de la capital, R\u00edo de Janeiro, donde pas\u00f3 gran parte de su vida, lamentaron el fallecimiento del sacerdote espa\u00f1ol que vivi\u00f3 en Brasil durante 69 a\u00f1os.<\/p>\n<p>El velorio se realizar\u00e1 en el Santuario de Salud y Paz, Iglesia del Beato Padre Eust\u00e1quio, a partir de las 10:00 horas y ser\u00e1 transmitido en vivo por el Canal Padre Eust\u00e1quio, al igual que la misa funeral programada para la 1:30 horas. <a href=\"https:\/\/youtube.com\/live\/rtV8gUK_x00?feature=share\">Sigue aqu\u00ed.<\/a> El entierro del sacerdote, que tambi\u00e9n est\u00e1 previsto en la capital minera, ser\u00e1 a las 15.00 horas en el cementerio de Bonfim.<\/p>\n<p>Rafael Azanza Pellejero naci\u00f3 el 24 de octubre de 1928 en la ciudad de Olite, provincia de Navarra, Espa\u00f1a. Bautizado el mismo d\u00eda de su nacimiento, Rafael ingres\u00f3 en la Congregaci\u00f3n de los Sagrados Corazones un mes antes de cumplir 12 a\u00f1os. Profes\u00f3 sus votos temporales en 1948 y los perpetuos tres a\u00f1os despu\u00e9s. Ordenado sacerdote el 13 de septiembre de 1953, parti\u00f3 en misi\u00f3n a Brasil al a\u00f1o siguiente, el 26 de octubre de 1954.<\/p>\n<p>En Brasil, sirvi\u00f3 en varias parroquias de la Congregaci\u00f3n, como Tijuca y Campo Grande en R\u00edo de Janeiro; S\u00e3o Paulo (capital); Londrina y S\u00e3o Jos\u00e9 dos Pinhais en Paran\u00e1. Fue vicario y p\u00e1rroco, adem\u00e1s de ocupar los cargos de prior, ec\u00f3nomo, maestro e incluso vicario provincial entre 1971 y 1983.<\/p>\n<p>Durante los \u00faltimos tres a\u00f1os residi\u00f3 en la Comunidad Padre Eust\u00e1quio, en Belo Horizonte, Minas Gerais, donde celebr\u00f3 75 a\u00f1os de vida religiosa y 70 a\u00f1os de sacerdocio, y el 24 de octubre presidi\u00f3 la Santa Misa de Acci\u00f3n de Gracias por su 95\u00ba cumplea\u00f1os.<\/p>","protected":false},"excerpt":{"rendered":"<p>Depois de passar cerca 15 dias internado no Hospital Madre Teresa, em Belo Horizonte-MG, o padre espanhol Rafael Azanza Pellejero, morreu nessa madrugada. Com a sa\u00fade debilitada, ele vinha enfrentando complica\u00e7\u00f5es depois de contrair uma pneumonia grave e, nessa ter\u00e7a-feira (05) acabou n\u00e3o resistindo. Pe. Rafael completou 95 anos em outubro e chegou a participar da Ordena\u00e7\u00e3o Diaconal do Ir. Vanildo Lima Sena, ss.cc., no dia 11 de novembro, mas depois disso veio apresentando piora no quadro de sa\u00fade at\u00e9 ser internado. Irm\u00e3os e amigos, especialmente da capital carioca local onde passou boa parte da sua vida, lamentaram a partida [&hellip;]<\/p>\n","protected":false},"author":2,"featured_media":11039,"comment_status":"open","ping_status":"closed","sticky":false,"template":"","format":"standard","meta":{"_acf_changed":false,"footnotes":""},"categories":[611],"tags":[],"class_list":["post-11038","post","type-post","status-publish","format-standard","has-post-thumbnail","hentry","category-noticias"],"acf":[],"yoast_head":"<!-- This site is optimized with the Yoast SEO plugin v27.2 - https:\/\/yoast.com\/product\/yoast-seo-wordpress\/ -->\n<title>Aos 95 anos, morre padre Rafael Azanza, ss.cc., em Belo Horizonte-MG<\/title>\n<meta name=\"description\" content=\"Depois de passar cerca de um m\u00eas internado no Hospital Madre Teresa, em Belo Horizonte-MG, o padre espanhol Rafael Azanza Pellejero, morreu nessa madrugada. Com a sa\u00fade debilitada, ele vinha enfrentando complica\u00e7\u00f5es depois de contrair uma pneumonia grave e, nessa ter\u00e7a-feira (05) acabou n\u00e3o resistindo.\" \/>\n<meta name=\"robots\" content=\"index, follow, max-snippet:-1, max-image-preview:large, max-video-preview:-1\" \/>\n<link rel=\"canonical\" href=\"https:\/\/www.padreeustaquio.com.br\/es\/padre-rafael-azanza-ss-cc-muere-a-los-95-anos-en-belo-horizonte-mg\/\" \/>\n<meta property=\"og:locale\" content=\"es_ES\" \/>\n<meta property=\"og:type\" content=\"article\" \/>\n<meta property=\"og:title\" content=\"Aos 95 anos, morre padre Rafael Azanza, ss.cc., em Belo Horizonte-MG\" \/>\n<meta property=\"og:description\" content=\"Depois de passar cerca de um m\u00eas internado no Hospital Madre Teresa, em Belo Horizonte-MG, o padre espanhol Rafael Azanza Pellejero, morreu nessa madrugada. Com a sa\u00fade debilitada, ele vinha enfrentando complica\u00e7\u00f5es depois de contrair uma pneumonia grave e, nessa ter\u00e7a-feira (05) acabou n\u00e3o resistindo.\" \/>\n<meta property=\"og:url\" content=\"https:\/\/www.padreeustaquio.com.br\/es\/padre-rafael-azanza-ss-cc-muere-a-los-95-anos-en-belo-horizonte-mg\/\" \/>\n<meta property=\"og:site_name\" content=\"Padre Eust\u00e1quio\" \/>\n<meta property=\"article:publisher\" content=\"https:\/\/www.facebook.com\/beatopadreeustaquio\/\" \/>\n<meta property=\"article:published_time\" content=\"2023-12-05T10:11:05+00:00\" \/>\n<meta property=\"article:modified_time\" content=\"2023-12-05T10:33:13+00:00\" \/>\n<meta property=\"og:image\" content=\"https:\/\/www.padreeustaquio.com.br\/wp-content\/uploads\/2023\/12\/PADRE-RAFAEL-AZANZA.jpg\" \/>\n\t<meta property=\"og:image:width\" content=\"748\" \/>\n\t<meta property=\"og:image:height\" content=\"394\" \/>\n\t<meta property=\"og:image:type\" content=\"image\/jpeg\" \/>\n<meta name=\"author\" content=\"@sscc\" \/>\n<meta name=\"twitter:card\" content=\"summary_large_image\" \/>\n<meta name=\"twitter:creator\" content=\"@beatopeustaquio\" \/>\n<meta name=\"twitter:site\" content=\"@beatopeustaquio\" \/>\n<meta name=\"twitter:label1\" content=\"Escrito por\" \/>\n\t<meta name=\"twitter:data1\" content=\"@sscc\" \/>\n\t<meta name=\"twitter:label2\" content=\"Tiempo de lectura\" \/>\n\t<meta name=\"twitter:data2\" content=\"2 minutos\" \/>\n<script type=\"application\/ld+json\" class=\"yoast-schema-graph\">{\"@context\":\"https:\/\/schema.org\",\"@graph\":[{\"@type\":\"Article\",\"@id\":\"https:\/\/www.padreeustaquio.com.br\/aos-95-anos-morre-padre-rafael-azanza-ss-cc-em-belo-horizonte-mg\/#article\",\"isPartOf\":{\"@id\":\"https:\/\/www.padreeustaquio.com.br\/aos-95-anos-morre-padre-rafael-azanza-ss-cc-em-belo-horizonte-mg\/\"},\"author\":{\"name\":\"@sscc\",\"@id\":\"https:\/\/www.padreeustaquio.com.br\/#\/schema\/person\/a2a51db1d00f1a7af0204a0f1ddb1566\"},\"headline\":\"Aos 95 anos, morre padre Rafael Azanza, ss.cc., em Belo Horizonte-MG\",\"datePublished\":\"2023-12-05T10:11:05+00:00\",\"dateModified\":\"2023-12-05T10:33:13+00:00\",\"mainEntityOfPage\":{\"@id\":\"https:\/\/www.padreeustaquio.com.br\/aos-95-anos-morre-padre-rafael-azanza-ss-cc-em-belo-horizonte-mg\/\"},\"wordCount\":372,\"commentCount\":0,\"publisher\":{\"@id\":\"https:\/\/www.padreeustaquio.com.br\/#organization\"},\"image\":{\"@id\":\"https:\/\/www.padreeustaquio.com.br\/aos-95-anos-morre-padre-rafael-azanza-ss-cc-em-belo-horizonte-mg\/#primaryimage\"},\"thumbnailUrl\":\"https:\/\/www.padreeustaquio.com.br\/wp-content\/uploads\/2023\/12\/PADRE-RAFAEL-AZANZA.jpg\",\"articleSection\":[\"Not\u00edcias\"],\"inLanguage\":\"es\",\"potentialAction\":[{\"@type\":\"CommentAction\",\"name\":\"Comment\",\"target\":[\"https:\/\/www.padreeustaquio.com.br\/aos-95-anos-morre-padre-rafael-azanza-ss-cc-em-belo-horizonte-mg\/#respond\"]}]},{\"@type\":\"WebPage\",\"@id\":\"https:\/\/www.padreeustaquio.com.br\/aos-95-anos-morre-padre-rafael-azanza-ss-cc-em-belo-horizonte-mg\/\",\"url\":\"https:\/\/www.padreeustaquio.com.br\/aos-95-anos-morre-padre-rafael-azanza-ss-cc-em-belo-horizonte-mg\/\",\"name\":\"Aos 95 anos, morre padre Rafael Azanza, ss.cc., em Belo Horizonte-MG\",\"isPartOf\":{\"@id\":\"https:\/\/www.padreeustaquio.com.br\/#website\"},\"primaryImageOfPage\":{\"@id\":\"https:\/\/www.padreeustaquio.com.br\/aos-95-anos-morre-padre-rafael-azanza-ss-cc-em-belo-horizonte-mg\/#primaryimage\"},\"image\":{\"@id\":\"https:\/\/www.padreeustaquio.com.br\/aos-95-anos-morre-padre-rafael-azanza-ss-cc-em-belo-horizonte-mg\/#primaryimage\"},\"thumbnailUrl\":\"https:\/\/www.padreeustaquio.com.br\/wp-content\/uploads\/2023\/12\/PADRE-RAFAEL-AZANZA.jpg\",\"datePublished\":\"2023-12-05T10:11:05+00:00\",\"dateModified\":\"2023-12-05T10:33:13+00:00\",\"description\":\"Depois de passar cerca de um m\u00eas internado no Hospital Madre Teresa, em Belo Horizonte-MG, o padre espanhol Rafael Azanza Pellejero, morreu nessa madrugada. Com a sa\u00fade debilitada, ele vinha enfrentando complica\u00e7\u00f5es depois de contrair uma pneumonia grave e, nessa ter\u00e7a-feira (05) acabou n\u00e3o resistindo.\",\"breadcrumb\":{\"@id\":\"https:\/\/www.padreeustaquio.com.br\/aos-95-anos-morre-padre-rafael-azanza-ss-cc-em-belo-horizonte-mg\/#breadcrumb\"},\"inLanguage\":\"es\",\"potentialAction\":[{\"@type\":\"ReadAction\",\"target\":[\"https:\/\/www.padreeustaquio.com.br\/aos-95-anos-morre-padre-rafael-azanza-ss-cc-em-belo-horizonte-mg\/\"]}]},{\"@type\":\"ImageObject\",\"inLanguage\":\"es\",\"@id\":\"https:\/\/www.padreeustaquio.com.br\/aos-95-anos-morre-padre-rafael-azanza-ss-cc-em-belo-horizonte-mg\/#primaryimage\",\"url\":\"https:\/\/www.padreeustaquio.com.br\/wp-content\/uploads\/2023\/12\/PADRE-RAFAEL-AZANZA.jpg\",\"contentUrl\":\"https:\/\/www.padreeustaquio.com.br\/wp-content\/uploads\/2023\/12\/PADRE-RAFAEL-AZANZA.jpg\",\"width\":748,\"height\":394},{\"@type\":\"BreadcrumbList\",\"@id\":\"https:\/\/www.padreeustaquio.com.br\/aos-95-anos-morre-padre-rafael-azanza-ss-cc-em-belo-horizonte-mg\/#breadcrumb\",\"itemListElement\":[{\"@type\":\"ListItem\",\"position\":1,\"name\":\"In\u00edcio\",\"item\":\"https:\/\/www.padreeustaquio.com.br\/\"},{\"@type\":\"ListItem\",\"position\":2,\"name\":\"Aos 95 anos, morre padre Rafael Azanza, ss.cc., em Belo Horizonte-MG\"}]},{\"@type\":\"WebSite\",\"@id\":\"https:\/\/www.padreeustaquio.com.br\/#website\",\"url\":\"https:\/\/www.padreeustaquio.com.br\/\",\"name\":\"Padre Eust\u00e1quio\",\"description\":\"Sa\u00fade e Paz\",\"publisher\":{\"@id\":\"https:\/\/www.padreeustaquio.com.br\/#organization\"},\"potentialAction\":[{\"@type\":\"SearchAction\",\"target\":{\"@type\":\"EntryPoint\",\"urlTemplate\":\"https:\/\/www.padreeustaquio.com.br\/?s={search_term_string}\"},\"query-input\":{\"@type\":\"PropertyValueSpecification\",\"valueRequired\":true,\"valueName\":\"search_term_string\"}}],\"inLanguage\":\"es\"},{\"@type\":\"Organization\",\"@id\":\"https:\/\/www.padreeustaquio.com.br\/#organization\",\"name\":\"Padre Eust\u00e1quio\",\"url\":\"https:\/\/www.padreeustaquio.com.br\/\",\"logo\":{\"@type\":\"ImageObject\",\"inLanguage\":\"es\",\"@id\":\"https:\/\/www.padreeustaquio.com.br\/#\/schema\/logo\/image\/\",\"url\":\"https:\/\/www.padreeustaquio.com.br\/wp-content\/uploads\/2019\/08\/marca.png\",\"contentUrl\":\"https:\/\/www.padreeustaquio.com.br\/wp-content\/uploads\/2019\/08\/marca.png\",\"width\":350,\"height\":400,\"caption\":\"Padre Eust\u00e1quio\"},\"image\":{\"@id\":\"https:\/\/www.padreeustaquio.com.br\/#\/schema\/logo\/image\/\"},\"sameAs\":[\"https:\/\/www.facebook.com\/beatopadreeustaquio\/\",\"https:\/\/x.com\/beatopeustaquio\",\"https:\/\/www.instagram.com\/beatopadreeustaquio\/\",\"https:\/\/www.youtube.com\/channel\/UCRhw7vfabnajwLxb1ZXMeIw\"]},{\"@type\":\"Person\",\"@id\":\"https:\/\/www.padreeustaquio.com.br\/#\/schema\/person\/a2a51db1d00f1a7af0204a0f1ddb1566\",\"name\":\"@sscc\",\"image\":{\"@type\":\"ImageObject\",\"inLanguage\":\"es\",\"@id\":\"https:\/\/secure.gravatar.com\/avatar\/68cfafa5f44617fea54071e215026e0ff06be366c3d54a8425f04fdcb86f8c5f?s=96&d=mm&r=g\",\"url\":\"https:\/\/secure.gravatar.com\/avatar\/68cfafa5f44617fea54071e215026e0ff06be366c3d54a8425f04fdcb86f8c5f?s=96&d=mm&r=g\",\"contentUrl\":\"https:\/\/secure.gravatar.com\/avatar\/68cfafa5f44617fea54071e215026e0ff06be366c3d54a8425f04fdcb86f8c5f?s=96&d=mm&r=g\",\"caption\":\"@sscc\"},\"url\":\"https:\/\/www.padreeustaquio.com.br\/es\/author\/sscc\/\"}]}<\/script>\n<!-- \/ Yoast SEO plugin. -->","yoast_head_json":{"title":"El padre Rafael Azanza, ss.cc., muere a los 95 a\u00f1os en Belo Horizonte, Minas Gerais.","description":"Tras pasar casi un mes hospitalizado en el Hospital Madre Teresa de Belo Horizonte, Minas Gerais, el sacerdote espa\u00f1ol Rafael Azanza Pellejero falleci\u00f3 esta ma\u00f1ana. Con su salud debilitada, hab\u00eda estado enfrentando complicaciones tras contraer una neumon\u00eda grave y, este martes (05), no resisti\u00f3.","robots":{"index":"index","follow":"follow","max-snippet":"max-snippet:-1","max-image-preview":"max-image-preview:large","max-video-preview":"max-video-preview:-1"},"canonical":"https:\/\/www.padreeustaquio.com.br\/es\/padre-rafael-azanza-ss-cc-muere-a-los-95-anos-en-belo-horizonte-mg\/","og_locale":"es_ES","og_type":"article","og_title":"Aos 95 anos, morre padre Rafael Azanza, ss.cc., em Belo Horizonte-MG","og_description":"Depois de passar cerca de um m\u00eas internado no Hospital Madre Teresa, em Belo Horizonte-MG, o padre espanhol Rafael Azanza Pellejero, morreu nessa madrugada. Com a sa\u00fade debilitada, ele vinha enfrentando complica\u00e7\u00f5es depois de contrair uma pneumonia grave e, nessa ter\u00e7a-feira (05) acabou n\u00e3o resistindo.","og_url":"https:\/\/www.padreeustaquio.com.br\/es\/padre-rafael-azanza-ss-cc-muere-a-los-95-anos-en-belo-horizonte-mg\/","og_site_name":"Padre Eust\u00e1quio","article_publisher":"https:\/\/www.facebook.com\/beatopadreeustaquio\/","article_published_time":"2023-12-05T10:11:05+00:00","article_modified_time":"2023-12-05T10:33:13+00:00","og_image":[{"width":748,"height":394,"url":"https:\/\/www.padreeustaquio.com.br\/wp-content\/uploads\/2023\/12\/PADRE-RAFAEL-AZANZA.jpg","type":"image\/jpeg"}],"author":"@sscc","twitter_card":"summary_large_image","twitter_creator":"@beatopeustaquio","twitter_site":"@beatopeustaquio","twitter_misc":{"Escrito por":"@sscc","Tiempo de lectura":"2 minutos"},"schema":{"@context":"https:\/\/schema.org","@graph":[{"@type":"Article","@id":"https:\/\/www.padreeustaquio.com.br\/aos-95-anos-morre-padre-rafael-azanza-ss-cc-em-belo-horizonte-mg\/#article","isPartOf":{"@id":"https:\/\/www.padreeustaquio.com.br\/aos-95-anos-morre-padre-rafael-azanza-ss-cc-em-belo-horizonte-mg\/"},"author":{"name":"@sscc","@id":"https:\/\/www.padreeustaquio.com.br\/#\/schema\/person\/a2a51db1d00f1a7af0204a0f1ddb1566"},"headline":"Aos 95 anos, morre padre Rafael Azanza, ss.cc., em Belo Horizonte-MG","datePublished":"2023-12-05T10:11:05+00:00","dateModified":"2023-12-05T10:33:13+00:00","mainEntityOfPage":{"@id":"https:\/\/www.padreeustaquio.com.br\/aos-95-anos-morre-padre-rafael-azanza-ss-cc-em-belo-horizonte-mg\/"},"wordCount":372,"commentCount":0,"publisher":{"@id":"https:\/\/www.padreeustaquio.com.br\/#organization"},"image":{"@id":"https:\/\/www.padreeustaquio.com.br\/aos-95-anos-morre-padre-rafael-azanza-ss-cc-em-belo-horizonte-mg\/#primaryimage"},"thumbnailUrl":"https:\/\/www.padreeustaquio.com.br\/wp-content\/uploads\/2023\/12\/PADRE-RAFAEL-AZANZA.jpg","articleSection":["Not\u00edcias"],"inLanguage":"es","potentialAction":[{"@type":"CommentAction","name":"Comment","target":["https:\/\/www.padreeustaquio.com.br\/aos-95-anos-morre-padre-rafael-azanza-ss-cc-em-belo-horizonte-mg\/#respond"]}]},{"@type":"WebPage","@id":"https:\/\/www.padreeustaquio.com.br\/aos-95-anos-morre-padre-rafael-azanza-ss-cc-em-belo-horizonte-mg\/","url":"https:\/\/www.padreeustaquio.com.br\/aos-95-anos-morre-padre-rafael-azanza-ss-cc-em-belo-horizonte-mg\/","name":"El padre Rafael Azanza, ss.cc., muere a los 95 a\u00f1os en Belo Horizonte, Minas Gerais.","isPartOf":{"@id":"https:\/\/www.padreeustaquio.com.br\/#website"},"primaryImageOfPage":{"@id":"https:\/\/www.padreeustaquio.com.br\/aos-95-anos-morre-padre-rafael-azanza-ss-cc-em-belo-horizonte-mg\/#primaryimage"},"image":{"@id":"https:\/\/www.padreeustaquio.com.br\/aos-95-anos-morre-padre-rafael-azanza-ss-cc-em-belo-horizonte-mg\/#primaryimage"},"thumbnailUrl":"https:\/\/www.padreeustaquio.com.br\/wp-content\/uploads\/2023\/12\/PADRE-RAFAEL-AZANZA.jpg","datePublished":"2023-12-05T10:11:05+00:00","dateModified":"2023-12-05T10:33:13+00:00","description":"Tras pasar casi un mes hospitalizado en el Hospital Madre Teresa de Belo Horizonte, Minas Gerais, el sacerdote espa\u00f1ol Rafael Azanza Pellejero falleci\u00f3 esta ma\u00f1ana. Con su salud debilitada, hab\u00eda estado enfrentando complicaciones tras contraer una neumon\u00eda grave y, este martes (05), no resisti\u00f3.","breadcrumb":{"@id":"https:\/\/www.padreeustaquio.com.br\/aos-95-anos-morre-padre-rafael-azanza-ss-cc-em-belo-horizonte-mg\/#breadcrumb"},"inLanguage":"es","potentialAction":[{"@type":"ReadAction","target":["https:\/\/www.padreeustaquio.com.br\/aos-95-anos-morre-padre-rafael-azanza-ss-cc-em-belo-horizonte-mg\/"]}]},{"@type":"ImageObject","inLanguage":"es","@id":"https:\/\/www.padreeustaquio.com.br\/aos-95-anos-morre-padre-rafael-azanza-ss-cc-em-belo-horizonte-mg\/#primaryimage","url":"https:\/\/www.padreeustaquio.com.br\/wp-content\/uploads\/2023\/12\/PADRE-RAFAEL-AZANZA.jpg","contentUrl":"https:\/\/www.padreeustaquio.com.br\/wp-content\/uploads\/2023\/12\/PADRE-RAFAEL-AZANZA.jpg","width":748,"height":394},{"@type":"BreadcrumbList","@id":"https:\/\/www.padreeustaquio.com.br\/aos-95-anos-morre-padre-rafael-azanza-ss-cc-em-belo-horizonte-mg\/#breadcrumb","itemListElement":[{"@type":"ListItem","position":1,"name":"In\u00edcio","item":"https:\/\/www.padreeustaquio.com.br\/"},{"@type":"ListItem","position":2,"name":"Aos 95 anos, morre padre Rafael Azanza, ss.cc., em Belo Horizonte-MG"}]},{"@type":"WebSite","@id":"https:\/\/www.padreeustaquio.com.br\/#website","url":"https:\/\/www.padreeustaquio.com.br\/","name":"Padre Eustace","description":"Salud y Paz","publisher":{"@id":"https:\/\/www.padreeustaquio.com.br\/#organization"},"potentialAction":[{"@type":"SearchAction","target":{"@type":"EntryPoint","urlTemplate":"https:\/\/www.padreeustaquio.com.br\/?s={search_term_string}"},"query-input":{"@type":"PropertyValueSpecification","valueRequired":true,"valueName":"search_term_string"}}],"inLanguage":"es"},{"@type":"Organization","@id":"https:\/\/www.padreeustaquio.com.br\/#organization","name":"Padre Eustace","url":"https:\/\/www.padreeustaquio.com.br\/","logo":{"@type":"ImageObject","inLanguage":"es","@id":"https:\/\/www.padreeustaquio.com.br\/#\/schema\/logo\/image\/","url":"https:\/\/www.padreeustaquio.com.br\/wp-content\/uploads\/2019\/08\/marca.png","contentUrl":"https:\/\/www.padreeustaquio.com.br\/wp-content\/uploads\/2019\/08\/marca.png","width":350,"height":400,"caption":"Padre Eust\u00e1quio"},"image":{"@id":"https:\/\/www.padreeustaquio.com.br\/#\/schema\/logo\/image\/"},"sameAs":["https:\/\/www.facebook.com\/beatopadreeustaquio\/","https:\/\/x.com\/beatopeustaquio","https:\/\/www.instagram.com\/beatopadreeustaquio\/","https:\/\/www.youtube.com\/channel\/UCRhw7vfabnajwLxb1ZXMeIw"]},{"@type":"Person","@id":"https:\/\/www.padreeustaquio.com.br\/#\/schema\/person\/a2a51db1d00f1a7af0204a0f1ddb1566","name":"@sscc","image":{"@type":"ImageObject","inLanguage":"es","@id":"https:\/\/secure.gravatar.com\/avatar\/68cfafa5f44617fea54071e215026e0ff06be366c3d54a8425f04fdcb86f8c5f?s=96&d=mm&r=g","url":"https:\/\/secure.gravatar.com\/avatar\/68cfafa5f44617fea54071e215026e0ff06be366c3d54a8425f04fdcb86f8c5f?s=96&d=mm&r=g","contentUrl":"https:\/\/secure.gravatar.com\/avatar\/68cfafa5f44617fea54071e215026e0ff06be366c3d54a8425f04fdcb86f8c5f?s=96&d=mm&r=g","caption":"@sscc"},"url":"https:\/\/www.padreeustaquio.com.br\/es\/author\/sscc\/"}]}},"_links":{"self":[{"href":"https:\/\/www.padreeustaquio.com.br\/es\/wp-json\/wp\/v2\/posts\/11038","targetHints":{"allow":["GET"]}}],"collection":[{"href":"https:\/\/www.padreeustaquio.com.br\/es\/wp-json\/wp\/v2\/posts"}],"about":[{"href":"https:\/\/www.padreeustaquio.com.br\/es\/wp-json\/wp\/v2\/types\/post"}],"author":[{"embeddable":true,"href":"https:\/\/www.padreeustaquio.com.br\/es\/wp-json\/wp\/v2\/users\/2"}],"replies":[{"embeddable":true,"href":"https:\/\/www.padreeustaquio.com.br\/es\/wp-json\/wp\/v2\/comments?post=11038"}],"version-history":[{"count":0,"href":"https:\/\/www.padreeustaquio.com.br\/es\/wp-json\/wp\/v2\/posts\/11038\/revisions"}],"wp:featuredmedia":[{"embeddable":true,"href":"https:\/\/www.padreeustaquio.com.br\/es\/wp-json\/wp\/v2\/media\/11039"}],"wp:attachment":[{"href":"https:\/\/www.padreeustaquio.com.br\/es\/wp-json\/wp\/v2\/media?parent=11038"}],"wp:term":[{"taxonomy":"category","embeddable":true,"href":"https:\/\/www.padreeustaquio.com.br\/es\/wp-json\/wp\/v2\/categories?post=11038"},{"taxonomy":"post_tag","embeddable":true,"href":"https:\/\/www.padreeustaquio.com.br\/es\/wp-json\/wp\/v2\/tags?post=11038"}],"curies":[{"name":"wp","href":"https:\/\/api.w.org\/{rel}","templated":true}]}}