{"id":11035,"date":"2023-12-06T07:03:00","date_gmt":"2023-12-06T10:03:00","guid":{"rendered":"https:\/\/www.padreeustaquio.com.br\/?p=11035"},"modified":"2023-12-03T17:10:00","modified_gmt":"2023-12-03T20:10:00","slug":"la-corona-de-adviento-y-la-preparacion-del-corazon-para-la-navidad","status":"publish","type":"post","link":"https:\/\/www.padreeustaquio.com.br\/es\/la-corona-de-adviento-y-la-preparacion-del-corazon-para-la-navidad\/","title":{"rendered":"La corona de Adviento y la preparaci\u00f3n del coraz\u00f3n para la Navidad."},"content":{"rendered":"<p>La corona de Adviento es m\u00e1s que una simple decoraci\u00f3n estacional; es un s\u00edmbolo significativo que marca el comienzo de la temporada de Adviento, un per\u00edodo de expectativa y preparaci\u00f3n espiritual para la celebraci\u00f3n del nacimiento de Jes\u00fas.<\/p>\n<p>La corona de Adviento consiste en una guirnalda de ramas verdes que forman un c\u00edrculo que representa la eternidad de Dios. Cuatro velas, generalmente tres moradas y una rosa, se colocan alrededor del c\u00edrculo; cada una simboliza una semana de Adviento.<\/p>\n<p>La corona de Adviento es un recordatorio visual del tiempo de preparaci\u00f3n, marcando cada semana con el encendido de una vela. Al encender una vela cada domingo de Adviento, reflexionamos sobre las virtudes del amor, la alegr\u00eda, la paz y la esperanza, representadas por cada una de las velas. La vela rosa, generalmente encendida el tercer domingo, resalta la alegr\u00eda anticipada del inminente nacimiento de Cristo.<\/p>\n<p><strong>La tradici\u00f3n de la corona de Adviento.<\/strong><\/p>\n<p>La corona de Adviento se remonta a principios del siglo XIX en Alemania y Austria. Con el paso de los a\u00f1os, esta pr\u00e1ctica se extendi\u00f3 por todo el mundo, convirti\u00e9ndose en un elemento preciado de las celebraciones navide\u00f1as en diversas culturas cristianas. La corona sirve como un recordatorio tangible de que el verdadero significado de la Navidad va m\u00e1s all\u00e1 de las festividades materiales, invit\u00e1ndonos a centrarnos en el camino espiritual hacia el nacimiento de Cristo.<\/p>\n<p>La creaci\u00f3n de la corona de Adviento suele ser una actividad familiar que re\u00fane a ni\u00f1os y adultos para participar en la preparaci\u00f3n espiritual. Adem\u00e1s, muchas iglesias y comunidades celebran ceremonias de encendido de velas durante el Adviento, lo que ofrece un momento de reflexi\u00f3n y convivencia.<\/p>\n<p>Si a\u00fan no tienes una corona de Adviento, visita la tienda del Padre Eust\u00e1quio y consigue la tuya. La tienda est\u00e1 junto al Santuario de la Salud y la Paz. O cont\u00e1ctanos por tel\u00e9fono al (31) 3567-0314. Este n\u00famero tambi\u00e9n funciona como WhatsApp.<\/p>","protected":false},"excerpt":{"rendered":"<p>A Coroa do Advento \u00e9 mais do que uma decora\u00e7\u00e3o sazonal, \u00e9 um s\u00edmbolo significativo que marca o in\u00edcio da temporada do Advento, um per\u00edodo de expectativa e prepara\u00e7\u00e3o espiritual para a celebra\u00e7\u00e3o do nascimento de Jesus. A Coroa do Advento consiste em uma guirlanda de ramos verdes formando um c\u00edrculo que representa a eternidade de Deus. Quatro velas, geralmente tr\u00eas roxas e uma rosa, s\u00e3o dispostas ao redor do c\u00edrculo, cada uma simbolizando uma semana do Advento. A Coroa \u00e9 um lembrete visual do tempo de prepara\u00e7\u00e3o, marcando cada semana com a ilumina\u00e7\u00e3o de uma vela. \u00c0 medida que [&hellip;]<\/p>\n","protected":false},"author":2,"featured_media":11036,"comment_status":"open","ping_status":"closed","sticky":false,"template":"","format":"standard","meta":{"_acf_changed":false,"footnotes":""},"categories":[611],"tags":[],"class_list":["post-11035","post","type-post","status-publish","format-standard","has-post-thumbnail","hentry","category-noticias"],"acf":[],"yoast_head":"<!-- This site is optimized with the Yoast SEO plugin v27.2 - https:\/\/yoast.com\/product\/yoast-seo-wordpress\/ -->\n<title>A Coroa do Advento e a prepara\u00e7\u00e3o do cora\u00e7\u00e3o para o Natal - Padre Eust\u00e1quio<\/title>\n<meta name=\"robots\" content=\"index, follow, max-snippet:-1, max-image-preview:large, max-video-preview:-1\" \/>\n<link rel=\"canonical\" href=\"https:\/\/www.padreeustaquio.com.br\/es\/la-corona-de-adviento-y-la-preparacion-del-corazon-para-la-navidad\/\" \/>\n<meta property=\"og:locale\" content=\"es_ES\" \/>\n<meta property=\"og:type\" content=\"article\" \/>\n<meta property=\"og:title\" content=\"A Coroa do Advento e a prepara\u00e7\u00e3o do cora\u00e7\u00e3o para o Natal - Padre Eust\u00e1quio\" \/>\n<meta property=\"og:description\" content=\"A Coroa do Advento \u00e9 mais do que uma decora\u00e7\u00e3o sazonal, \u00e9 um s\u00edmbolo significativo que marca o in\u00edcio da temporada do Advento, um per\u00edodo de expectativa e prepara\u00e7\u00e3o espiritual para a celebra\u00e7\u00e3o do nascimento de Jesus. A Coroa do Advento consiste em uma guirlanda de ramos verdes formando um c\u00edrculo que representa a eternidade de Deus. Quatro velas, geralmente tr\u00eas roxas e uma rosa, s\u00e3o dispostas ao redor do c\u00edrculo, cada uma simbolizando uma semana do Advento. A Coroa \u00e9 um lembrete visual do tempo de prepara\u00e7\u00e3o, marcando cada semana com a ilumina\u00e7\u00e3o de uma vela. \u00c0 medida que [&hellip;]\" \/>\n<meta property=\"og:url\" content=\"https:\/\/www.padreeustaquio.com.br\/es\/la-corona-de-adviento-y-la-preparacion-del-corazon-para-la-navidad\/\" \/>\n<meta property=\"og:site_name\" content=\"Padre Eust\u00e1quio\" \/>\n<meta property=\"article:publisher\" content=\"https:\/\/www.facebook.com\/beatopadreeustaquio\/\" \/>\n<meta property=\"article:published_time\" content=\"2023-12-06T10:03:00+00:00\" \/>\n<meta property=\"og:image\" content=\"https:\/\/www.padreeustaquio.com.br\/wp-content\/uploads\/2023\/12\/coroa-do-advento.jpeg\" \/>\n\t<meta property=\"og:image:width\" content=\"1600\" \/>\n\t<meta property=\"og:image:height\" content=\"1081\" \/>\n\t<meta property=\"og:image:type\" content=\"image\/jpeg\" \/>\n<meta name=\"author\" content=\"@sscc\" \/>\n<meta name=\"twitter:card\" content=\"summary_large_image\" \/>\n<meta name=\"twitter:creator\" content=\"@beatopeustaquio\" \/>\n<meta name=\"twitter:site\" content=\"@beatopeustaquio\" \/>\n<meta name=\"twitter:label1\" content=\"Escrito por\" \/>\n\t<meta name=\"twitter:data1\" content=\"@sscc\" \/>\n\t<meta name=\"twitter:label2\" content=\"Tiempo de lectura\" \/>\n\t<meta name=\"twitter:data2\" content=\"2 minutos\" \/>\n<script type=\"application\/ld+json\" class=\"yoast-schema-graph\">{\"@context\":\"https:\/\/schema.org\",\"@graph\":[{\"@type\":\"Article\",\"@id\":\"https:\/\/www.padreeustaquio.com.br\/a-coroa-do-advento-e-a-preparacao-do-coracao-para-o-natal\/#article\",\"isPartOf\":{\"@id\":\"https:\/\/www.padreeustaquio.com.br\/a-coroa-do-advento-e-a-preparacao-do-coracao-para-o-natal\/\"},\"author\":{\"name\":\"@sscc\",\"@id\":\"https:\/\/www.padreeustaquio.com.br\/#\/schema\/person\/a2a51db1d00f1a7af0204a0f1ddb1566\"},\"headline\":\"A Coroa do Advento e a prepara\u00e7\u00e3o do cora\u00e7\u00e3o para o Natal\",\"datePublished\":\"2023-12-06T10:03:00+00:00\",\"mainEntityOfPage\":{\"@id\":\"https:\/\/www.padreeustaquio.com.br\/a-coroa-do-advento-e-a-preparacao-do-coracao-para-o-natal\/\"},\"wordCount\":344,\"commentCount\":0,\"publisher\":{\"@id\":\"https:\/\/www.padreeustaquio.com.br\/#organization\"},\"image\":{\"@id\":\"https:\/\/www.padreeustaquio.com.br\/a-coroa-do-advento-e-a-preparacao-do-coracao-para-o-natal\/#primaryimage\"},\"thumbnailUrl\":\"https:\/\/www.padreeustaquio.com.br\/wp-content\/uploads\/2023\/12\/coroa-do-advento.jpeg\",\"articleSection\":[\"Not\u00edcias\"],\"inLanguage\":\"es\",\"potentialAction\":[{\"@type\":\"CommentAction\",\"name\":\"Comment\",\"target\":[\"https:\/\/www.padreeustaquio.com.br\/a-coroa-do-advento-e-a-preparacao-do-coracao-para-o-natal\/#respond\"]}]},{\"@type\":\"WebPage\",\"@id\":\"https:\/\/www.padreeustaquio.com.br\/a-coroa-do-advento-e-a-preparacao-do-coracao-para-o-natal\/\",\"url\":\"https:\/\/www.padreeustaquio.com.br\/a-coroa-do-advento-e-a-preparacao-do-coracao-para-o-natal\/\",\"name\":\"A Coroa do Advento e a prepara\u00e7\u00e3o do cora\u00e7\u00e3o para o Natal - Padre Eust\u00e1quio\",\"isPartOf\":{\"@id\":\"https:\/\/www.padreeustaquio.com.br\/#website\"},\"primaryImageOfPage\":{\"@id\":\"https:\/\/www.padreeustaquio.com.br\/a-coroa-do-advento-e-a-preparacao-do-coracao-para-o-natal\/#primaryimage\"},\"image\":{\"@id\":\"https:\/\/www.padreeustaquio.com.br\/a-coroa-do-advento-e-a-preparacao-do-coracao-para-o-natal\/#primaryimage\"},\"thumbnailUrl\":\"https:\/\/www.padreeustaquio.com.br\/wp-content\/uploads\/2023\/12\/coroa-do-advento.jpeg\",\"datePublished\":\"2023-12-06T10:03:00+00:00\",\"breadcrumb\":{\"@id\":\"https:\/\/www.padreeustaquio.com.br\/a-coroa-do-advento-e-a-preparacao-do-coracao-para-o-natal\/#breadcrumb\"},\"inLanguage\":\"es\",\"potentialAction\":[{\"@type\":\"ReadAction\",\"target\":[\"https:\/\/www.padreeustaquio.com.br\/a-coroa-do-advento-e-a-preparacao-do-coracao-para-o-natal\/\"]}]},{\"@type\":\"ImageObject\",\"inLanguage\":\"es\",\"@id\":\"https:\/\/www.padreeustaquio.com.br\/a-coroa-do-advento-e-a-preparacao-do-coracao-para-o-natal\/#primaryimage\",\"url\":\"https:\/\/www.padreeustaquio.com.br\/wp-content\/uploads\/2023\/12\/coroa-do-advento.jpeg\",\"contentUrl\":\"https:\/\/www.padreeustaquio.com.br\/wp-content\/uploads\/2023\/12\/coroa-do-advento.jpeg\",\"width\":1600,\"height\":1081},{\"@type\":\"BreadcrumbList\",\"@id\":\"https:\/\/www.padreeustaquio.com.br\/a-coroa-do-advento-e-a-preparacao-do-coracao-para-o-natal\/#breadcrumb\",\"itemListElement\":[{\"@type\":\"ListItem\",\"position\":1,\"name\":\"In\u00edcio\",\"item\":\"https:\/\/www.padreeustaquio.com.br\/\"},{\"@type\":\"ListItem\",\"position\":2,\"name\":\"A Coroa do Advento e a prepara\u00e7\u00e3o do cora\u00e7\u00e3o para o Natal\"}]},{\"@type\":\"WebSite\",\"@id\":\"https:\/\/www.padreeustaquio.com.br\/#website\",\"url\":\"https:\/\/www.padreeustaquio.com.br\/\",\"name\":\"Padre Eust\u00e1quio\",\"description\":\"Sa\u00fade e Paz\",\"publisher\":{\"@id\":\"https:\/\/www.padreeustaquio.com.br\/#organization\"},\"potentialAction\":[{\"@type\":\"SearchAction\",\"target\":{\"@type\":\"EntryPoint\",\"urlTemplate\":\"https:\/\/www.padreeustaquio.com.br\/?s={search_term_string}\"},\"query-input\":{\"@type\":\"PropertyValueSpecification\",\"valueRequired\":true,\"valueName\":\"search_term_string\"}}],\"inLanguage\":\"es\"},{\"@type\":\"Organization\",\"@id\":\"https:\/\/www.padreeustaquio.com.br\/#organization\",\"name\":\"Padre Eust\u00e1quio\",\"url\":\"https:\/\/www.padreeustaquio.com.br\/\",\"logo\":{\"@type\":\"ImageObject\",\"inLanguage\":\"es\",\"@id\":\"https:\/\/www.padreeustaquio.com.br\/#\/schema\/logo\/image\/\",\"url\":\"https:\/\/www.padreeustaquio.com.br\/wp-content\/uploads\/2019\/08\/marca.png\",\"contentUrl\":\"https:\/\/www.padreeustaquio.com.br\/wp-content\/uploads\/2019\/08\/marca.png\",\"width\":350,\"height\":400,\"caption\":\"Padre Eust\u00e1quio\"},\"image\":{\"@id\":\"https:\/\/www.padreeustaquio.com.br\/#\/schema\/logo\/image\/\"},\"sameAs\":[\"https:\/\/www.facebook.com\/beatopadreeustaquio\/\",\"https:\/\/x.com\/beatopeustaquio\",\"https:\/\/www.instagram.com\/beatopadreeustaquio\/\",\"https:\/\/www.youtube.com\/channel\/UCRhw7vfabnajwLxb1ZXMeIw\"]},{\"@type\":\"Person\",\"@id\":\"https:\/\/www.padreeustaquio.com.br\/#\/schema\/person\/a2a51db1d00f1a7af0204a0f1ddb1566\",\"name\":\"@sscc\",\"image\":{\"@type\":\"ImageObject\",\"inLanguage\":\"es\",\"@id\":\"https:\/\/secure.gravatar.com\/avatar\/68cfafa5f44617fea54071e215026e0ff06be366c3d54a8425f04fdcb86f8c5f?s=96&d=mm&r=g\",\"url\":\"https:\/\/secure.gravatar.com\/avatar\/68cfafa5f44617fea54071e215026e0ff06be366c3d54a8425f04fdcb86f8c5f?s=96&d=mm&r=g\",\"contentUrl\":\"https:\/\/secure.gravatar.com\/avatar\/68cfafa5f44617fea54071e215026e0ff06be366c3d54a8425f04fdcb86f8c5f?s=96&d=mm&r=g\",\"caption\":\"@sscc\"},\"url\":\"https:\/\/www.padreeustaquio.com.br\/es\/author\/sscc\/\"}]}<\/script>\n<!-- \/ Yoast SEO plugin. -->","yoast_head_json":{"title":"La corona de Adviento y la preparaci\u00f3n del coraz\u00f3n para la Navidad - Padre Eustace","robots":{"index":"index","follow":"follow","max-snippet":"max-snippet:-1","max-image-preview":"max-image-preview:large","max-video-preview":"max-video-preview:-1"},"canonical":"https:\/\/www.padreeustaquio.com.br\/es\/la-corona-de-adviento-y-la-preparacion-del-corazon-para-la-navidad\/","og_locale":"es_ES","og_type":"article","og_title":"A Coroa do Advento e a prepara\u00e7\u00e3o do cora\u00e7\u00e3o para o Natal - Padre Eust\u00e1quio","og_description":"A Coroa do Advento \u00e9 mais do que uma decora\u00e7\u00e3o sazonal, \u00e9 um s\u00edmbolo significativo que marca o in\u00edcio da temporada do Advento, um per\u00edodo de expectativa e prepara\u00e7\u00e3o espiritual para a celebra\u00e7\u00e3o do nascimento de Jesus. A Coroa do Advento consiste em uma guirlanda de ramos verdes formando um c\u00edrculo que representa a eternidade de Deus. Quatro velas, geralmente tr\u00eas roxas e uma rosa, s\u00e3o dispostas ao redor do c\u00edrculo, cada uma simbolizando uma semana do Advento. A Coroa \u00e9 um lembrete visual do tempo de prepara\u00e7\u00e3o, marcando cada semana com a ilumina\u00e7\u00e3o de uma vela. \u00c0 medida que [&hellip;]","og_url":"https:\/\/www.padreeustaquio.com.br\/es\/la-corona-de-adviento-y-la-preparacion-del-corazon-para-la-navidad\/","og_site_name":"Padre Eust\u00e1quio","article_publisher":"https:\/\/www.facebook.com\/beatopadreeustaquio\/","article_published_time":"2023-12-06T10:03:00+00:00","og_image":[{"width":1600,"height":1081,"url":"https:\/\/www.padreeustaquio.com.br\/wp-content\/uploads\/2023\/12\/coroa-do-advento.jpeg","type":"image\/jpeg"}],"author":"@sscc","twitter_card":"summary_large_image","twitter_creator":"@beatopeustaquio","twitter_site":"@beatopeustaquio","twitter_misc":{"Escrito por":"@sscc","Tiempo de lectura":"2 minutos"},"schema":{"@context":"https:\/\/schema.org","@graph":[{"@type":"Article","@id":"https:\/\/www.padreeustaquio.com.br\/a-coroa-do-advento-e-a-preparacao-do-coracao-para-o-natal\/#article","isPartOf":{"@id":"https:\/\/www.padreeustaquio.com.br\/a-coroa-do-advento-e-a-preparacao-do-coracao-para-o-natal\/"},"author":{"name":"@sscc","@id":"https:\/\/www.padreeustaquio.com.br\/#\/schema\/person\/a2a51db1d00f1a7af0204a0f1ddb1566"},"headline":"A Coroa do Advento e a prepara\u00e7\u00e3o do cora\u00e7\u00e3o para o Natal","datePublished":"2023-12-06T10:03:00+00:00","mainEntityOfPage":{"@id":"https:\/\/www.padreeustaquio.com.br\/a-coroa-do-advento-e-a-preparacao-do-coracao-para-o-natal\/"},"wordCount":344,"commentCount":0,"publisher":{"@id":"https:\/\/www.padreeustaquio.com.br\/#organization"},"image":{"@id":"https:\/\/www.padreeustaquio.com.br\/a-coroa-do-advento-e-a-preparacao-do-coracao-para-o-natal\/#primaryimage"},"thumbnailUrl":"https:\/\/www.padreeustaquio.com.br\/wp-content\/uploads\/2023\/12\/coroa-do-advento.jpeg","articleSection":["Not\u00edcias"],"inLanguage":"es","potentialAction":[{"@type":"CommentAction","name":"Comment","target":["https:\/\/www.padreeustaquio.com.br\/a-coroa-do-advento-e-a-preparacao-do-coracao-para-o-natal\/#respond"]}]},{"@type":"WebPage","@id":"https:\/\/www.padreeustaquio.com.br\/a-coroa-do-advento-e-a-preparacao-do-coracao-para-o-natal\/","url":"https:\/\/www.padreeustaquio.com.br\/a-coroa-do-advento-e-a-preparacao-do-coracao-para-o-natal\/","name":"La corona de Adviento y la preparaci\u00f3n del coraz\u00f3n para la Navidad - Padre Eustace","isPartOf":{"@id":"https:\/\/www.padreeustaquio.com.br\/#website"},"primaryImageOfPage":{"@id":"https:\/\/www.padreeustaquio.com.br\/a-coroa-do-advento-e-a-preparacao-do-coracao-para-o-natal\/#primaryimage"},"image":{"@id":"https:\/\/www.padreeustaquio.com.br\/a-coroa-do-advento-e-a-preparacao-do-coracao-para-o-natal\/#primaryimage"},"thumbnailUrl":"https:\/\/www.padreeustaquio.com.br\/wp-content\/uploads\/2023\/12\/coroa-do-advento.jpeg","datePublished":"2023-12-06T10:03:00+00:00","breadcrumb":{"@id":"https:\/\/www.padreeustaquio.com.br\/a-coroa-do-advento-e-a-preparacao-do-coracao-para-o-natal\/#breadcrumb"},"inLanguage":"es","potentialAction":[{"@type":"ReadAction","target":["https:\/\/www.padreeustaquio.com.br\/a-coroa-do-advento-e-a-preparacao-do-coracao-para-o-natal\/"]}]},{"@type":"ImageObject","inLanguage":"es","@id":"https:\/\/www.padreeustaquio.com.br\/a-coroa-do-advento-e-a-preparacao-do-coracao-para-o-natal\/#primaryimage","url":"https:\/\/www.padreeustaquio.com.br\/wp-content\/uploads\/2023\/12\/coroa-do-advento.jpeg","contentUrl":"https:\/\/www.padreeustaquio.com.br\/wp-content\/uploads\/2023\/12\/coroa-do-advento.jpeg","width":1600,"height":1081},{"@type":"BreadcrumbList","@id":"https:\/\/www.padreeustaquio.com.br\/a-coroa-do-advento-e-a-preparacao-do-coracao-para-o-natal\/#breadcrumb","itemListElement":[{"@type":"ListItem","position":1,"name":"In\u00edcio","item":"https:\/\/www.padreeustaquio.com.br\/"},{"@type":"ListItem","position":2,"name":"A Coroa do Advento e a prepara\u00e7\u00e3o do cora\u00e7\u00e3o para o Natal"}]},{"@type":"WebSite","@id":"https:\/\/www.padreeustaquio.com.br\/#website","url":"https:\/\/www.padreeustaquio.com.br\/","name":"Padre Eustace","description":"Salud y Paz","publisher":{"@id":"https:\/\/www.padreeustaquio.com.br\/#organization"},"potentialAction":[{"@type":"SearchAction","target":{"@type":"EntryPoint","urlTemplate":"https:\/\/www.padreeustaquio.com.br\/?s={search_term_string}"},"query-input":{"@type":"PropertyValueSpecification","valueRequired":true,"valueName":"search_term_string"}}],"inLanguage":"es"},{"@type":"Organization","@id":"https:\/\/www.padreeustaquio.com.br\/#organization","name":"Padre Eustace","url":"https:\/\/www.padreeustaquio.com.br\/","logo":{"@type":"ImageObject","inLanguage":"es","@id":"https:\/\/www.padreeustaquio.com.br\/#\/schema\/logo\/image\/","url":"https:\/\/www.padreeustaquio.com.br\/wp-content\/uploads\/2019\/08\/marca.png","contentUrl":"https:\/\/www.padreeustaquio.com.br\/wp-content\/uploads\/2019\/08\/marca.png","width":350,"height":400,"caption":"Padre Eust\u00e1quio"},"image":{"@id":"https:\/\/www.padreeustaquio.com.br\/#\/schema\/logo\/image\/"},"sameAs":["https:\/\/www.facebook.com\/beatopadreeustaquio\/","https:\/\/x.com\/beatopeustaquio","https:\/\/www.instagram.com\/beatopadreeustaquio\/","https:\/\/www.youtube.com\/channel\/UCRhw7vfabnajwLxb1ZXMeIw"]},{"@type":"Person","@id":"https:\/\/www.padreeustaquio.com.br\/#\/schema\/person\/a2a51db1d00f1a7af0204a0f1ddb1566","name":"@sscc","image":{"@type":"ImageObject","inLanguage":"es","@id":"https:\/\/secure.gravatar.com\/avatar\/68cfafa5f44617fea54071e215026e0ff06be366c3d54a8425f04fdcb86f8c5f?s=96&d=mm&r=g","url":"https:\/\/secure.gravatar.com\/avatar\/68cfafa5f44617fea54071e215026e0ff06be366c3d54a8425f04fdcb86f8c5f?s=96&d=mm&r=g","contentUrl":"https:\/\/secure.gravatar.com\/avatar\/68cfafa5f44617fea54071e215026e0ff06be366c3d54a8425f04fdcb86f8c5f?s=96&d=mm&r=g","caption":"@sscc"},"url":"https:\/\/www.padreeustaquio.com.br\/es\/author\/sscc\/"}]}},"_links":{"self":[{"href":"https:\/\/www.padreeustaquio.com.br\/es\/wp-json\/wp\/v2\/posts\/11035","targetHints":{"allow":["GET"]}}],"collection":[{"href":"https:\/\/www.padreeustaquio.com.br\/es\/wp-json\/wp\/v2\/posts"}],"about":[{"href":"https:\/\/www.padreeustaquio.com.br\/es\/wp-json\/wp\/v2\/types\/post"}],"author":[{"embeddable":true,"href":"https:\/\/www.padreeustaquio.com.br\/es\/wp-json\/wp\/v2\/users\/2"}],"replies":[{"embeddable":true,"href":"https:\/\/www.padreeustaquio.com.br\/es\/wp-json\/wp\/v2\/comments?post=11035"}],"version-history":[{"count":0,"href":"https:\/\/www.padreeustaquio.com.br\/es\/wp-json\/wp\/v2\/posts\/11035\/revisions"}],"wp:featuredmedia":[{"embeddable":true,"href":"https:\/\/www.padreeustaquio.com.br\/es\/wp-json\/wp\/v2\/media\/11036"}],"wp:attachment":[{"href":"https:\/\/www.padreeustaquio.com.br\/es\/wp-json\/wp\/v2\/media?parent=11035"}],"wp:term":[{"taxonomy":"category","embeddable":true,"href":"https:\/\/www.padreeustaquio.com.br\/es\/wp-json\/wp\/v2\/categories?post=11035"},{"taxonomy":"post_tag","embeddable":true,"href":"https:\/\/www.padreeustaquio.com.br\/es\/wp-json\/wp\/v2\/tags?post=11035"}],"curies":[{"name":"wp","href":"https:\/\/api.w.org\/{rel}","templated":true}]}}