{"id":11031,"date":"2023-12-03T17:01:24","date_gmt":"2023-12-03T20:01:24","guid":{"rendered":"https:\/\/www.padreeustaquio.com.br\/?p=11031"},"modified":"2023-12-03T17:01:24","modified_gmt":"2023-12-03T20:01:24","slug":"este-martes-se-celebrara-una-cantata-navidena-en-el-santuario-de-la-salud-y-la-paz","status":"publish","type":"post","link":"https:\/\/www.padreeustaquio.com.br\/es\/este-martes-se-celebrara-una-cantata-navidena-en-el-santuario-de-la-salud-y-la-paz\/","title":{"rendered":"La Cantata de Navidad se celebrar\u00e1 este martes en el Santuario de la Salud y la Paz."},"content":{"rendered":"<p>El Santuario de la Salud y la Paz, Iglesia del Beato Padre Eustaquio, ofrecer\u00e1 una nueva edici\u00f3n de la Cantata de Navidad este martes. El evento tendr\u00e1 lugar a las 20:00 h, justo despu\u00e9s de la Santa Misa, en el interior de la iglesia.<\/p>\n<p>La actuaci\u00f3n, ya tradicional, est\u00e1 a cargo de la Coral da Col\u00f4nia Diamantina en colaboraci\u00f3n con la Orquesta de la Polic\u00eda Militar de Minas Gerais. Este a\u00f1o, la cantata contar\u00e1 con la participaci\u00f3n especial de la soprano Suelly Louzada.<\/p>\n<p>El programa incluye m\u00fasica cl\u00e1sica y villancicos. Los m\u00fasicos actuar\u00e1n durante aproximadamente una hora y estar\u00e1n acompa\u00f1ados por el p\u00fablico, que ocupar\u00e1 los bancos de la iglesia.<\/p>\n<p>La Cantata de Navidad 2023 se transmitir\u00e1 por Canal Padre Eust\u00e1quio, a partir de las 20 horas.<\/p>\n<p>El Santuario Arquidiocesano de Salud y Paz est\u00e1 ubicado en Rua Padre Eust\u00e1quio, 2405, en el barrio Padre Eust\u00e1quio, regi\u00f3n noroeste de Belo Horizonte.<\/p>","protected":false},"excerpt":{"rendered":"<p>O Santu\u00e1rio da Sa\u00fade e da Paz, Igreja do Beato padre Eust\u00e1quio, realiza nesta ter\u00e7a-feira mais uma edi\u00e7\u00e3o da Cantata de Natal. O evento acontecer\u00e1 \u00e0s 20h, logo depois da Santa Missa, dentro do templo. A apresenta\u00e7\u00e3o, que j\u00e1 se tornou tradicional \u00e9 do Coral da Col\u00f4nia Diamantina em parceria com a Orquestra da Pol\u00edcia Militar de Minas Gerais. Este ano a cantata contar\u00e1 com a participa\u00e7\u00e3o especial da soprano Suelly Louzada. Na programa\u00e7\u00e3o, est\u00e3o previstas m\u00fasicas cl\u00e1ssicas e can\u00e7\u00f5es natalinas. Os m\u00fasicos se apresentar\u00e3o durante aproximadamente uma hora e ter\u00e3o a companhia do p\u00fablico, que ir\u00e1 ocupar os bancos [&hellip;]<\/p>\n","protected":false},"author":2,"featured_media":11032,"comment_status":"open","ping_status":"closed","sticky":false,"template":"","format":"standard","meta":{"_acf_changed":false,"footnotes":""},"categories":[611],"tags":[],"class_list":["post-11031","post","type-post","status-publish","format-standard","has-post-thumbnail","hentry","category-noticias"],"acf":[],"yoast_head":"<!-- This site is optimized with the Yoast SEO plugin v27.2 - https:\/\/yoast.com\/product\/yoast-seo-wordpress\/ -->\n<title>Cantata de Natal ser\u00e1 realizada nesta ter\u00e7a no Santu\u00e1rio da Sa\u00fade e da Paz<\/title>\n<meta name=\"description\" content=\"O Santu\u00e1rio da Sa\u00fade e da Paz, Igreja do Beato padre Eust\u00e1quio, realiza nesta ter\u00e7a-feira mais uma edi\u00e7\u00e3o da Cantata de Natal. O evento acontecer\u00e1 \u00e0s 20h, logo depois da Santa Missa, dentro do templo.\" \/>\n<meta name=\"robots\" content=\"index, follow, max-snippet:-1, max-image-preview:large, max-video-preview:-1\" \/>\n<link rel=\"canonical\" href=\"https:\/\/www.padreeustaquio.com.br\/es\/este-martes-se-celebrara-una-cantata-navidena-en-el-santuario-de-la-salud-y-la-paz\/\" \/>\n<meta property=\"og:locale\" content=\"es_ES\" \/>\n<meta property=\"og:type\" content=\"article\" \/>\n<meta property=\"og:title\" content=\"Cantata de Natal ser\u00e1 realizada nesta ter\u00e7a no Santu\u00e1rio da Sa\u00fade e da Paz\" \/>\n<meta property=\"og:description\" content=\"O Santu\u00e1rio da Sa\u00fade e da Paz, Igreja do Beato padre Eust\u00e1quio, realiza nesta ter\u00e7a-feira mais uma edi\u00e7\u00e3o da Cantata de Natal. O evento acontecer\u00e1 \u00e0s 20h, logo depois da Santa Missa, dentro do templo.\" \/>\n<meta property=\"og:url\" content=\"https:\/\/www.padreeustaquio.com.br\/es\/este-martes-se-celebrara-una-cantata-navidena-en-el-santuario-de-la-salud-y-la-paz\/\" \/>\n<meta property=\"og:site_name\" content=\"Padre Eust\u00e1quio\" \/>\n<meta property=\"article:publisher\" content=\"https:\/\/www.facebook.com\/beatopadreeustaquio\/\" \/>\n<meta property=\"article:published_time\" content=\"2023-12-03T20:01:24+00:00\" \/>\n<meta property=\"og:image\" content=\"https:\/\/www.padreeustaquio.com.br\/wp-content\/uploads\/2023\/12\/Apresentacao-do-coral-diamantina-e-policia-militar-de-minas-gerais.jpeg\" \/>\n\t<meta property=\"og:image:width\" content=\"1600\" \/>\n\t<meta property=\"og:image:height\" content=\"1200\" \/>\n\t<meta property=\"og:image:type\" content=\"image\/jpeg\" \/>\n<meta name=\"author\" content=\"@sscc\" \/>\n<meta name=\"twitter:card\" content=\"summary_large_image\" \/>\n<meta name=\"twitter:creator\" content=\"@beatopeustaquio\" \/>\n<meta name=\"twitter:site\" content=\"@beatopeustaquio\" \/>\n<meta name=\"twitter:label1\" content=\"Escrito por\" \/>\n\t<meta name=\"twitter:data1\" content=\"@sscc\" \/>\n\t<meta name=\"twitter:label2\" content=\"Tiempo de lectura\" \/>\n\t<meta name=\"twitter:data2\" content=\"1 minuto\" \/>\n<script type=\"application\/ld+json\" class=\"yoast-schema-graph\">{\"@context\":\"https:\/\/schema.org\",\"@graph\":[{\"@type\":\"Article\",\"@id\":\"https:\/\/www.padreeustaquio.com.br\/cantata-de-natal-sera-realizada-nesta-terca-no-santuario-da-saude-e-da-paz\/#article\",\"isPartOf\":{\"@id\":\"https:\/\/www.padreeustaquio.com.br\/cantata-de-natal-sera-realizada-nesta-terca-no-santuario-da-saude-e-da-paz\/\"},\"author\":{\"name\":\"@sscc\",\"@id\":\"https:\/\/www.padreeustaquio.com.br\/#\/schema\/person\/a2a51db1d00f1a7af0204a0f1ddb1566\"},\"headline\":\"Cantata de Natal ser\u00e1 realizada nesta ter\u00e7a no Santu\u00e1rio da Sa\u00fade e da Paz\",\"datePublished\":\"2023-12-03T20:01:24+00:00\",\"mainEntityOfPage\":{\"@id\":\"https:\/\/www.padreeustaquio.com.br\/cantata-de-natal-sera-realizada-nesta-terca-no-santuario-da-saude-e-da-paz\/\"},\"wordCount\":178,\"commentCount\":0,\"publisher\":{\"@id\":\"https:\/\/www.padreeustaquio.com.br\/#organization\"},\"image\":{\"@id\":\"https:\/\/www.padreeustaquio.com.br\/cantata-de-natal-sera-realizada-nesta-terca-no-santuario-da-saude-e-da-paz\/#primaryimage\"},\"thumbnailUrl\":\"https:\/\/www.padreeustaquio.com.br\/wp-content\/uploads\/2023\/12\/Apresentacao-do-coral-diamantina-e-policia-militar-de-minas-gerais.jpeg\",\"articleSection\":[\"Not\u00edcias\"],\"inLanguage\":\"es\",\"potentialAction\":[{\"@type\":\"CommentAction\",\"name\":\"Comment\",\"target\":[\"https:\/\/www.padreeustaquio.com.br\/cantata-de-natal-sera-realizada-nesta-terca-no-santuario-da-saude-e-da-paz\/#respond\"]}]},{\"@type\":\"WebPage\",\"@id\":\"https:\/\/www.padreeustaquio.com.br\/cantata-de-natal-sera-realizada-nesta-terca-no-santuario-da-saude-e-da-paz\/\",\"url\":\"https:\/\/www.padreeustaquio.com.br\/cantata-de-natal-sera-realizada-nesta-terca-no-santuario-da-saude-e-da-paz\/\",\"name\":\"Cantata de Natal ser\u00e1 realizada nesta ter\u00e7a no Santu\u00e1rio da Sa\u00fade e da Paz\",\"isPartOf\":{\"@id\":\"https:\/\/www.padreeustaquio.com.br\/#website\"},\"primaryImageOfPage\":{\"@id\":\"https:\/\/www.padreeustaquio.com.br\/cantata-de-natal-sera-realizada-nesta-terca-no-santuario-da-saude-e-da-paz\/#primaryimage\"},\"image\":{\"@id\":\"https:\/\/www.padreeustaquio.com.br\/cantata-de-natal-sera-realizada-nesta-terca-no-santuario-da-saude-e-da-paz\/#primaryimage\"},\"thumbnailUrl\":\"https:\/\/www.padreeustaquio.com.br\/wp-content\/uploads\/2023\/12\/Apresentacao-do-coral-diamantina-e-policia-militar-de-minas-gerais.jpeg\",\"datePublished\":\"2023-12-03T20:01:24+00:00\",\"description\":\"O Santu\u00e1rio da Sa\u00fade e da Paz, Igreja do Beato padre Eust\u00e1quio, realiza nesta ter\u00e7a-feira mais uma edi\u00e7\u00e3o da Cantata de Natal. O evento acontecer\u00e1 \u00e0s 20h, logo depois da Santa Missa, dentro do templo.\",\"breadcrumb\":{\"@id\":\"https:\/\/www.padreeustaquio.com.br\/cantata-de-natal-sera-realizada-nesta-terca-no-santuario-da-saude-e-da-paz\/#breadcrumb\"},\"inLanguage\":\"es\",\"potentialAction\":[{\"@type\":\"ReadAction\",\"target\":[\"https:\/\/www.padreeustaquio.com.br\/cantata-de-natal-sera-realizada-nesta-terca-no-santuario-da-saude-e-da-paz\/\"]}]},{\"@type\":\"ImageObject\",\"inLanguage\":\"es\",\"@id\":\"https:\/\/www.padreeustaquio.com.br\/cantata-de-natal-sera-realizada-nesta-terca-no-santuario-da-saude-e-da-paz\/#primaryimage\",\"url\":\"https:\/\/www.padreeustaquio.com.br\/wp-content\/uploads\/2023\/12\/Apresentacao-do-coral-diamantina-e-policia-militar-de-minas-gerais.jpeg\",\"contentUrl\":\"https:\/\/www.padreeustaquio.com.br\/wp-content\/uploads\/2023\/12\/Apresentacao-do-coral-diamantina-e-policia-militar-de-minas-gerais.jpeg\",\"width\":1600,\"height\":1200},{\"@type\":\"BreadcrumbList\",\"@id\":\"https:\/\/www.padreeustaquio.com.br\/cantata-de-natal-sera-realizada-nesta-terca-no-santuario-da-saude-e-da-paz\/#breadcrumb\",\"itemListElement\":[{\"@type\":\"ListItem\",\"position\":1,\"name\":\"In\u00edcio\",\"item\":\"https:\/\/www.padreeustaquio.com.br\/\"},{\"@type\":\"ListItem\",\"position\":2,\"name\":\"Cantata de Natal ser\u00e1 realizada nesta ter\u00e7a no Santu\u00e1rio da Sa\u00fade e da Paz\"}]},{\"@type\":\"WebSite\",\"@id\":\"https:\/\/www.padreeustaquio.com.br\/#website\",\"url\":\"https:\/\/www.padreeustaquio.com.br\/\",\"name\":\"Padre Eust\u00e1quio\",\"description\":\"Sa\u00fade e Paz\",\"publisher\":{\"@id\":\"https:\/\/www.padreeustaquio.com.br\/#organization\"},\"potentialAction\":[{\"@type\":\"SearchAction\",\"target\":{\"@type\":\"EntryPoint\",\"urlTemplate\":\"https:\/\/www.padreeustaquio.com.br\/?s={search_term_string}\"},\"query-input\":{\"@type\":\"PropertyValueSpecification\",\"valueRequired\":true,\"valueName\":\"search_term_string\"}}],\"inLanguage\":\"es\"},{\"@type\":\"Organization\",\"@id\":\"https:\/\/www.padreeustaquio.com.br\/#organization\",\"name\":\"Padre Eust\u00e1quio\",\"url\":\"https:\/\/www.padreeustaquio.com.br\/\",\"logo\":{\"@type\":\"ImageObject\",\"inLanguage\":\"es\",\"@id\":\"https:\/\/www.padreeustaquio.com.br\/#\/schema\/logo\/image\/\",\"url\":\"https:\/\/www.padreeustaquio.com.br\/wp-content\/uploads\/2019\/08\/marca.png\",\"contentUrl\":\"https:\/\/www.padreeustaquio.com.br\/wp-content\/uploads\/2019\/08\/marca.png\",\"width\":350,\"height\":400,\"caption\":\"Padre Eust\u00e1quio\"},\"image\":{\"@id\":\"https:\/\/www.padreeustaquio.com.br\/#\/schema\/logo\/image\/\"},\"sameAs\":[\"https:\/\/www.facebook.com\/beatopadreeustaquio\/\",\"https:\/\/x.com\/beatopeustaquio\",\"https:\/\/www.instagram.com\/beatopadreeustaquio\/\",\"https:\/\/www.youtube.com\/channel\/UCRhw7vfabnajwLxb1ZXMeIw\"]},{\"@type\":\"Person\",\"@id\":\"https:\/\/www.padreeustaquio.com.br\/#\/schema\/person\/a2a51db1d00f1a7af0204a0f1ddb1566\",\"name\":\"@sscc\",\"image\":{\"@type\":\"ImageObject\",\"inLanguage\":\"es\",\"@id\":\"https:\/\/secure.gravatar.com\/avatar\/68cfafa5f44617fea54071e215026e0ff06be366c3d54a8425f04fdcb86f8c5f?s=96&d=mm&r=g\",\"url\":\"https:\/\/secure.gravatar.com\/avatar\/68cfafa5f44617fea54071e215026e0ff06be366c3d54a8425f04fdcb86f8c5f?s=96&d=mm&r=g\",\"contentUrl\":\"https:\/\/secure.gravatar.com\/avatar\/68cfafa5f44617fea54071e215026e0ff06be366c3d54a8425f04fdcb86f8c5f?s=96&d=mm&r=g\",\"caption\":\"@sscc\"},\"url\":\"https:\/\/www.padreeustaquio.com.br\/es\/author\/sscc\/\"}]}<\/script>\n<!-- \/ Yoast SEO plugin. -->","yoast_head_json":{"title":"La Cantata de Navidad se celebrar\u00e1 este martes en el Santuario de la Salud y la Paz.","description":"El Santuario de la Salud y la Paz, Iglesia del Beato Padre Eustaquio, ofrecer\u00e1 una nueva edici\u00f3n de la Cantata de Navidad este martes. El evento tendr\u00e1 lugar a las 20:00 h, justo despu\u00e9s de la Santa Misa, en el interior de la iglesia.","robots":{"index":"index","follow":"follow","max-snippet":"max-snippet:-1","max-image-preview":"max-image-preview:large","max-video-preview":"max-video-preview:-1"},"canonical":"https:\/\/www.padreeustaquio.com.br\/es\/este-martes-se-celebrara-una-cantata-navidena-en-el-santuario-de-la-salud-y-la-paz\/","og_locale":"es_ES","og_type":"article","og_title":"Cantata de Natal ser\u00e1 realizada nesta ter\u00e7a no Santu\u00e1rio da Sa\u00fade e da Paz","og_description":"O Santu\u00e1rio da Sa\u00fade e da Paz, Igreja do Beato padre Eust\u00e1quio, realiza nesta ter\u00e7a-feira mais uma edi\u00e7\u00e3o da Cantata de Natal. O evento acontecer\u00e1 \u00e0s 20h, logo depois da Santa Missa, dentro do templo.","og_url":"https:\/\/www.padreeustaquio.com.br\/es\/este-martes-se-celebrara-una-cantata-navidena-en-el-santuario-de-la-salud-y-la-paz\/","og_site_name":"Padre Eust\u00e1quio","article_publisher":"https:\/\/www.facebook.com\/beatopadreeustaquio\/","article_published_time":"2023-12-03T20:01:24+00:00","og_image":[{"width":1600,"height":1200,"url":"https:\/\/www.padreeustaquio.com.br\/wp-content\/uploads\/2023\/12\/Apresentacao-do-coral-diamantina-e-policia-militar-de-minas-gerais.jpeg","type":"image\/jpeg"}],"author":"@sscc","twitter_card":"summary_large_image","twitter_creator":"@beatopeustaquio","twitter_site":"@beatopeustaquio","twitter_misc":{"Escrito por":"@sscc","Tiempo de lectura":"1 minuto"},"schema":{"@context":"https:\/\/schema.org","@graph":[{"@type":"Article","@id":"https:\/\/www.padreeustaquio.com.br\/cantata-de-natal-sera-realizada-nesta-terca-no-santuario-da-saude-e-da-paz\/#article","isPartOf":{"@id":"https:\/\/www.padreeustaquio.com.br\/cantata-de-natal-sera-realizada-nesta-terca-no-santuario-da-saude-e-da-paz\/"},"author":{"name":"@sscc","@id":"https:\/\/www.padreeustaquio.com.br\/#\/schema\/person\/a2a51db1d00f1a7af0204a0f1ddb1566"},"headline":"Cantata de Natal ser\u00e1 realizada nesta ter\u00e7a no Santu\u00e1rio da Sa\u00fade e da Paz","datePublished":"2023-12-03T20:01:24+00:00","mainEntityOfPage":{"@id":"https:\/\/www.padreeustaquio.com.br\/cantata-de-natal-sera-realizada-nesta-terca-no-santuario-da-saude-e-da-paz\/"},"wordCount":178,"commentCount":0,"publisher":{"@id":"https:\/\/www.padreeustaquio.com.br\/#organization"},"image":{"@id":"https:\/\/www.padreeustaquio.com.br\/cantata-de-natal-sera-realizada-nesta-terca-no-santuario-da-saude-e-da-paz\/#primaryimage"},"thumbnailUrl":"https:\/\/www.padreeustaquio.com.br\/wp-content\/uploads\/2023\/12\/Apresentacao-do-coral-diamantina-e-policia-militar-de-minas-gerais.jpeg","articleSection":["Not\u00edcias"],"inLanguage":"es","potentialAction":[{"@type":"CommentAction","name":"Comment","target":["https:\/\/www.padreeustaquio.com.br\/cantata-de-natal-sera-realizada-nesta-terca-no-santuario-da-saude-e-da-paz\/#respond"]}]},{"@type":"WebPage","@id":"https:\/\/www.padreeustaquio.com.br\/cantata-de-natal-sera-realizada-nesta-terca-no-santuario-da-saude-e-da-paz\/","url":"https:\/\/www.padreeustaquio.com.br\/cantata-de-natal-sera-realizada-nesta-terca-no-santuario-da-saude-e-da-paz\/","name":"La Cantata de Navidad se celebrar\u00e1 este martes en el Santuario de la Salud y la Paz.","isPartOf":{"@id":"https:\/\/www.padreeustaquio.com.br\/#website"},"primaryImageOfPage":{"@id":"https:\/\/www.padreeustaquio.com.br\/cantata-de-natal-sera-realizada-nesta-terca-no-santuario-da-saude-e-da-paz\/#primaryimage"},"image":{"@id":"https:\/\/www.padreeustaquio.com.br\/cantata-de-natal-sera-realizada-nesta-terca-no-santuario-da-saude-e-da-paz\/#primaryimage"},"thumbnailUrl":"https:\/\/www.padreeustaquio.com.br\/wp-content\/uploads\/2023\/12\/Apresentacao-do-coral-diamantina-e-policia-militar-de-minas-gerais.jpeg","datePublished":"2023-12-03T20:01:24+00:00","description":"El Santuario de la Salud y la Paz, Iglesia del Beato Padre Eustaquio, ofrecer\u00e1 una nueva edici\u00f3n de la Cantata de Navidad este martes. El evento tendr\u00e1 lugar a las 20:00 h, justo despu\u00e9s de la Santa Misa, en el interior de la iglesia.","breadcrumb":{"@id":"https:\/\/www.padreeustaquio.com.br\/cantata-de-natal-sera-realizada-nesta-terca-no-santuario-da-saude-e-da-paz\/#breadcrumb"},"inLanguage":"es","potentialAction":[{"@type":"ReadAction","target":["https:\/\/www.padreeustaquio.com.br\/cantata-de-natal-sera-realizada-nesta-terca-no-santuario-da-saude-e-da-paz\/"]}]},{"@type":"ImageObject","inLanguage":"es","@id":"https:\/\/www.padreeustaquio.com.br\/cantata-de-natal-sera-realizada-nesta-terca-no-santuario-da-saude-e-da-paz\/#primaryimage","url":"https:\/\/www.padreeustaquio.com.br\/wp-content\/uploads\/2023\/12\/Apresentacao-do-coral-diamantina-e-policia-militar-de-minas-gerais.jpeg","contentUrl":"https:\/\/www.padreeustaquio.com.br\/wp-content\/uploads\/2023\/12\/Apresentacao-do-coral-diamantina-e-policia-militar-de-minas-gerais.jpeg","width":1600,"height":1200},{"@type":"BreadcrumbList","@id":"https:\/\/www.padreeustaquio.com.br\/cantata-de-natal-sera-realizada-nesta-terca-no-santuario-da-saude-e-da-paz\/#breadcrumb","itemListElement":[{"@type":"ListItem","position":1,"name":"In\u00edcio","item":"https:\/\/www.padreeustaquio.com.br\/"},{"@type":"ListItem","position":2,"name":"Cantata de Natal ser\u00e1 realizada nesta ter\u00e7a no Santu\u00e1rio da Sa\u00fade e da Paz"}]},{"@type":"WebSite","@id":"https:\/\/www.padreeustaquio.com.br\/#website","url":"https:\/\/www.padreeustaquio.com.br\/","name":"Padre Eustace","description":"Salud y Paz","publisher":{"@id":"https:\/\/www.padreeustaquio.com.br\/#organization"},"potentialAction":[{"@type":"SearchAction","target":{"@type":"EntryPoint","urlTemplate":"https:\/\/www.padreeustaquio.com.br\/?s={search_term_string}"},"query-input":{"@type":"PropertyValueSpecification","valueRequired":true,"valueName":"search_term_string"}}],"inLanguage":"es"},{"@type":"Organization","@id":"https:\/\/www.padreeustaquio.com.br\/#organization","name":"Padre Eustace","url":"https:\/\/www.padreeustaquio.com.br\/","logo":{"@type":"ImageObject","inLanguage":"es","@id":"https:\/\/www.padreeustaquio.com.br\/#\/schema\/logo\/image\/","url":"https:\/\/www.padreeustaquio.com.br\/wp-content\/uploads\/2019\/08\/marca.png","contentUrl":"https:\/\/www.padreeustaquio.com.br\/wp-content\/uploads\/2019\/08\/marca.png","width":350,"height":400,"caption":"Padre Eust\u00e1quio"},"image":{"@id":"https:\/\/www.padreeustaquio.com.br\/#\/schema\/logo\/image\/"},"sameAs":["https:\/\/www.facebook.com\/beatopadreeustaquio\/","https:\/\/x.com\/beatopeustaquio","https:\/\/www.instagram.com\/beatopadreeustaquio\/","https:\/\/www.youtube.com\/channel\/UCRhw7vfabnajwLxb1ZXMeIw"]},{"@type":"Person","@id":"https:\/\/www.padreeustaquio.com.br\/#\/schema\/person\/a2a51db1d00f1a7af0204a0f1ddb1566","name":"@sscc","image":{"@type":"ImageObject","inLanguage":"es","@id":"https:\/\/secure.gravatar.com\/avatar\/68cfafa5f44617fea54071e215026e0ff06be366c3d54a8425f04fdcb86f8c5f?s=96&d=mm&r=g","url":"https:\/\/secure.gravatar.com\/avatar\/68cfafa5f44617fea54071e215026e0ff06be366c3d54a8425f04fdcb86f8c5f?s=96&d=mm&r=g","contentUrl":"https:\/\/secure.gravatar.com\/avatar\/68cfafa5f44617fea54071e215026e0ff06be366c3d54a8425f04fdcb86f8c5f?s=96&d=mm&r=g","caption":"@sscc"},"url":"https:\/\/www.padreeustaquio.com.br\/es\/author\/sscc\/"}]}},"_links":{"self":[{"href":"https:\/\/www.padreeustaquio.com.br\/es\/wp-json\/wp\/v2\/posts\/11031","targetHints":{"allow":["GET"]}}],"collection":[{"href":"https:\/\/www.padreeustaquio.com.br\/es\/wp-json\/wp\/v2\/posts"}],"about":[{"href":"https:\/\/www.padreeustaquio.com.br\/es\/wp-json\/wp\/v2\/types\/post"}],"author":[{"embeddable":true,"href":"https:\/\/www.padreeustaquio.com.br\/es\/wp-json\/wp\/v2\/users\/2"}],"replies":[{"embeddable":true,"href":"https:\/\/www.padreeustaquio.com.br\/es\/wp-json\/wp\/v2\/comments?post=11031"}],"version-history":[{"count":0,"href":"https:\/\/www.padreeustaquio.com.br\/es\/wp-json\/wp\/v2\/posts\/11031\/revisions"}],"wp:featuredmedia":[{"embeddable":true,"href":"https:\/\/www.padreeustaquio.com.br\/es\/wp-json\/wp\/v2\/media\/11032"}],"wp:attachment":[{"href":"https:\/\/www.padreeustaquio.com.br\/es\/wp-json\/wp\/v2\/media?parent=11031"}],"wp:term":[{"taxonomy":"category","embeddable":true,"href":"https:\/\/www.padreeustaquio.com.br\/es\/wp-json\/wp\/v2\/categories?post=11031"},{"taxonomy":"post_tag","embeddable":true,"href":"https:\/\/www.padreeustaquio.com.br\/es\/wp-json\/wp\/v2\/tags?post=11031"}],"curies":[{"name":"wp","href":"https:\/\/api.w.org\/{rel}","templated":true}]}}