{"id":11027,"date":"2023-11-28T20:55:41","date_gmt":"2023-11-28T23:55:41","guid":{"rendered":"https:\/\/www.padreeustaquio.com.br\/?p=11027"},"modified":"2023-11-28T20:55:41","modified_gmt":"2023-11-28T23:55:41","slug":"la-asamblea-parroquial-presentara-los-cambios-en-el-nuevo-misal","status":"publish","type":"post","link":"https:\/\/www.padreeustaquio.com.br\/es\/la-asamblea-parroquial-presentara-los-cambios-en-el-nuevo-misal\/","title":{"rendered":"La Asamblea Parroquial presentar\u00e1 los cambios en el nuevo Misal."},"content":{"rendered":"<p>Se celebrar\u00e1 una asamblea parroquial extraordinaria el s\u00e1bado 2 de diciembre, de 13:30 a 17:00 h. El evento se centrar\u00e1 en los cambios recientes en la misa derivados de la nueva traducci\u00f3n del Misal Romano.<\/p>\n<p>Durante esta reuni\u00f3n \u00fanica, se abordar\u00e1n los cambios lit\u00fargicos que entrar\u00e1n en vigor a partir del pr\u00f3ximo a\u00f1o lit\u00fargico, que comienza este domingo 3. La reuni\u00f3n estar\u00e1 dirigida por el p\u00e1rroco y rector del Santuario de la Salud y la Paz, Iglesia del Beato Padre Eustaquio, Padre Vin\u00edcius Maciel, ss.cc., y los vicarios parroquiales. El evento explorar\u00e1 los matices de la nueva traducci\u00f3n del Misal, comprendiendo c\u00f3mo estos cambios pueden enriquecer y profundizar nuestra conexi\u00f3n con la fe.<\/p>\n<p>Para participar en la Asamblea Parroquial es necesario inscribirse gratuitamente en la oficina parroquial, anexa a la Iglesia, o <a href=\"https:\/\/forms.gle\/Ni9J8NvpiSqXFaKDA\">Haciendo clic en este enlace<\/a>.<\/p>\n<p>As\u00ed que ap\u00fantala en tu calendario: s\u00e1bado 2 de diciembre, de 13:30 a 17:00, en el Teatro Padre Eust\u00e1quio, junto a la iglesia. Tu presencia es esencial para fortalecer nuestra comunidad y compartir este momento de crecimiento espiritual juntos.<\/p>","protected":false},"excerpt":{"rendered":"<p>Ser\u00e1 realizada no dia 02 de dezembro, pr\u00f3ximo s\u00e1bado, das 13h30 \u00e0s 17h, uma assembleia paroquial extraordin\u00e1ria. O evento tem como foco central as recentes mudan\u00e7as na Missa, trazidas pela nova tradu\u00e7\u00e3o do Missal Romano. Durante este encontro \u00fanico, ser\u00e1 falado sobre as mudan\u00e7as lit\u00fargicas que passar\u00e3o a valer a partir do pr\u00f3ximo ano lit\u00fargico, que se inicia j\u00e1 no domingo, dia 3. O encontro ser\u00e1 realizado pelo p\u00e1roco e reitor do Santu\u00e1rio da Sa\u00fade e da Paz, Igreja do Beato Padre Eust\u00e1quio, Padre Vin\u00edcius Maciel, ss.cc e pelos vig\u00e1rios paroquiais. O evento far\u00e1 uma explora\u00e7\u00e3o \u00e0s nuances da nova [&hellip;]<\/p>\n","protected":false},"author":2,"featured_media":11029,"comment_status":"open","ping_status":"closed","sticky":false,"template":"","format":"standard","meta":{"_acf_changed":false,"footnotes":""},"categories":[611],"tags":[],"class_list":["post-11027","post","type-post","status-publish","format-standard","has-post-thumbnail","hentry","category-noticias"],"acf":[],"yoast_head":"<!-- This site is optimized with the Yoast SEO plugin v27.2 - https:\/\/yoast.com\/product\/yoast-seo-wordpress\/ -->\n<title>Assembleia Paroquial apresentar\u00e1 as mudan\u00e7as no novo Missal<\/title>\n<meta name=\"description\" content=\"Ser\u00e1 realizada no dia 02 de dezembro, pr\u00f3ximo s\u00e1bado, das 13h30 \u00e0s 17h, uma assembleia paroquial extraordin\u00e1ria. O evento tem como foco central as recentes mudan\u00e7as na Missa, trazidas pela nova tradu\u00e7\u00e3o do Missal Romano.\" \/>\n<meta name=\"robots\" content=\"index, follow, max-snippet:-1, max-image-preview:large, max-video-preview:-1\" \/>\n<link rel=\"canonical\" href=\"https:\/\/www.padreeustaquio.com.br\/es\/la-asamblea-parroquial-presentara-los-cambios-en-el-nuevo-misal\/\" \/>\n<meta property=\"og:locale\" content=\"es_ES\" \/>\n<meta property=\"og:type\" content=\"article\" \/>\n<meta property=\"og:title\" content=\"Assembleia Paroquial apresentar\u00e1 as mudan\u00e7as no novo Missal\" \/>\n<meta property=\"og:description\" content=\"Ser\u00e1 realizada no dia 02 de dezembro, pr\u00f3ximo s\u00e1bado, das 13h30 \u00e0s 17h, uma assembleia paroquial extraordin\u00e1ria. O evento tem como foco central as recentes mudan\u00e7as na Missa, trazidas pela nova tradu\u00e7\u00e3o do Missal Romano.\" \/>\n<meta property=\"og:url\" content=\"https:\/\/www.padreeustaquio.com.br\/es\/la-asamblea-parroquial-presentara-los-cambios-en-el-nuevo-misal\/\" \/>\n<meta property=\"og:site_name\" content=\"Padre Eust\u00e1quio\" \/>\n<meta property=\"article:publisher\" content=\"https:\/\/www.facebook.com\/beatopadreeustaquio\/\" \/>\n<meta property=\"article:published_time\" content=\"2023-11-28T23:55:41+00:00\" \/>\n<meta property=\"og:image\" content=\"https:\/\/www.padreeustaquio.com.br\/wp-content\/uploads\/2023\/11\/maxresdefault.jpg\" \/>\n\t<meta property=\"og:image:width\" content=\"1280\" \/>\n\t<meta property=\"og:image:height\" content=\"720\" \/>\n\t<meta property=\"og:image:type\" content=\"image\/jpeg\" \/>\n<meta name=\"author\" content=\"@sscc\" \/>\n<meta name=\"twitter:card\" content=\"summary_large_image\" \/>\n<meta name=\"twitter:creator\" content=\"@beatopeustaquio\" \/>\n<meta name=\"twitter:site\" content=\"@beatopeustaquio\" \/>\n<meta name=\"twitter:label1\" content=\"Escrito por\" \/>\n\t<meta name=\"twitter:data1\" content=\"@sscc\" \/>\n\t<meta name=\"twitter:label2\" content=\"Tiempo de lectura\" \/>\n\t<meta name=\"twitter:data2\" content=\"1 minuto\" \/>\n<script type=\"application\/ld+json\" class=\"yoast-schema-graph\">{\"@context\":\"https:\/\/schema.org\",\"@graph\":[{\"@type\":\"Article\",\"@id\":\"https:\/\/www.padreeustaquio.com.br\/assembleia-paroquial-apresentara-as-mudancas-no-novo-missal\/#article\",\"isPartOf\":{\"@id\":\"https:\/\/www.padreeustaquio.com.br\/assembleia-paroquial-apresentara-as-mudancas-no-novo-missal\/\"},\"author\":{\"name\":\"@sscc\",\"@id\":\"https:\/\/www.padreeustaquio.com.br\/#\/schema\/person\/a2a51db1d00f1a7af0204a0f1ddb1566\"},\"headline\":\"Assembleia Paroquial apresentar\u00e1 as mudan\u00e7as no novo Missal\",\"datePublished\":\"2023-11-28T23:55:41+00:00\",\"mainEntityOfPage\":{\"@id\":\"https:\/\/www.padreeustaquio.com.br\/assembleia-paroquial-apresentara-as-mudancas-no-novo-missal\/\"},\"wordCount\":201,\"commentCount\":0,\"publisher\":{\"@id\":\"https:\/\/www.padreeustaquio.com.br\/#organization\"},\"image\":{\"@id\":\"https:\/\/www.padreeustaquio.com.br\/assembleia-paroquial-apresentara-as-mudancas-no-novo-missal\/#primaryimage\"},\"thumbnailUrl\":\"https:\/\/www.padreeustaquio.com.br\/wp-content\/uploads\/2023\/11\/maxresdefault.jpg\",\"articleSection\":[\"Not\u00edcias\"],\"inLanguage\":\"es\",\"potentialAction\":[{\"@type\":\"CommentAction\",\"name\":\"Comment\",\"target\":[\"https:\/\/www.padreeustaquio.com.br\/assembleia-paroquial-apresentara-as-mudancas-no-novo-missal\/#respond\"]}]},{\"@type\":\"WebPage\",\"@id\":\"https:\/\/www.padreeustaquio.com.br\/assembleia-paroquial-apresentara-as-mudancas-no-novo-missal\/\",\"url\":\"https:\/\/www.padreeustaquio.com.br\/assembleia-paroquial-apresentara-as-mudancas-no-novo-missal\/\",\"name\":\"Assembleia Paroquial apresentar\u00e1 as mudan\u00e7as no novo Missal\",\"isPartOf\":{\"@id\":\"https:\/\/www.padreeustaquio.com.br\/#website\"},\"primaryImageOfPage\":{\"@id\":\"https:\/\/www.padreeustaquio.com.br\/assembleia-paroquial-apresentara-as-mudancas-no-novo-missal\/#primaryimage\"},\"image\":{\"@id\":\"https:\/\/www.padreeustaquio.com.br\/assembleia-paroquial-apresentara-as-mudancas-no-novo-missal\/#primaryimage\"},\"thumbnailUrl\":\"https:\/\/www.padreeustaquio.com.br\/wp-content\/uploads\/2023\/11\/maxresdefault.jpg\",\"datePublished\":\"2023-11-28T23:55:41+00:00\",\"description\":\"Ser\u00e1 realizada no dia 02 de dezembro, pr\u00f3ximo s\u00e1bado, das 13h30 \u00e0s 17h, uma assembleia paroquial extraordin\u00e1ria. O evento tem como foco central as recentes mudan\u00e7as na Missa, trazidas pela nova tradu\u00e7\u00e3o do Missal Romano.\",\"breadcrumb\":{\"@id\":\"https:\/\/www.padreeustaquio.com.br\/assembleia-paroquial-apresentara-as-mudancas-no-novo-missal\/#breadcrumb\"},\"inLanguage\":\"es\",\"potentialAction\":[{\"@type\":\"ReadAction\",\"target\":[\"https:\/\/www.padreeustaquio.com.br\/assembleia-paroquial-apresentara-as-mudancas-no-novo-missal\/\"]}]},{\"@type\":\"ImageObject\",\"inLanguage\":\"es\",\"@id\":\"https:\/\/www.padreeustaquio.com.br\/assembleia-paroquial-apresentara-as-mudancas-no-novo-missal\/#primaryimage\",\"url\":\"https:\/\/www.padreeustaquio.com.br\/wp-content\/uploads\/2023\/11\/maxresdefault.jpg\",\"contentUrl\":\"https:\/\/www.padreeustaquio.com.br\/wp-content\/uploads\/2023\/11\/maxresdefault.jpg\",\"width\":1280,\"height\":720},{\"@type\":\"BreadcrumbList\",\"@id\":\"https:\/\/www.padreeustaquio.com.br\/assembleia-paroquial-apresentara-as-mudancas-no-novo-missal\/#breadcrumb\",\"itemListElement\":[{\"@type\":\"ListItem\",\"position\":1,\"name\":\"In\u00edcio\",\"item\":\"https:\/\/www.padreeustaquio.com.br\/\"},{\"@type\":\"ListItem\",\"position\":2,\"name\":\"Assembleia Paroquial apresentar\u00e1 as mudan\u00e7as no novo Missal\"}]},{\"@type\":\"WebSite\",\"@id\":\"https:\/\/www.padreeustaquio.com.br\/#website\",\"url\":\"https:\/\/www.padreeustaquio.com.br\/\",\"name\":\"Padre Eust\u00e1quio\",\"description\":\"Sa\u00fade e Paz\",\"publisher\":{\"@id\":\"https:\/\/www.padreeustaquio.com.br\/#organization\"},\"potentialAction\":[{\"@type\":\"SearchAction\",\"target\":{\"@type\":\"EntryPoint\",\"urlTemplate\":\"https:\/\/www.padreeustaquio.com.br\/?s={search_term_string}\"},\"query-input\":{\"@type\":\"PropertyValueSpecification\",\"valueRequired\":true,\"valueName\":\"search_term_string\"}}],\"inLanguage\":\"es\"},{\"@type\":\"Organization\",\"@id\":\"https:\/\/www.padreeustaquio.com.br\/#organization\",\"name\":\"Padre Eust\u00e1quio\",\"url\":\"https:\/\/www.padreeustaquio.com.br\/\",\"logo\":{\"@type\":\"ImageObject\",\"inLanguage\":\"es\",\"@id\":\"https:\/\/www.padreeustaquio.com.br\/#\/schema\/logo\/image\/\",\"url\":\"https:\/\/www.padreeustaquio.com.br\/wp-content\/uploads\/2019\/08\/marca.png\",\"contentUrl\":\"https:\/\/www.padreeustaquio.com.br\/wp-content\/uploads\/2019\/08\/marca.png\",\"width\":350,\"height\":400,\"caption\":\"Padre Eust\u00e1quio\"},\"image\":{\"@id\":\"https:\/\/www.padreeustaquio.com.br\/#\/schema\/logo\/image\/\"},\"sameAs\":[\"https:\/\/www.facebook.com\/beatopadreeustaquio\/\",\"https:\/\/x.com\/beatopeustaquio\",\"https:\/\/www.instagram.com\/beatopadreeustaquio\/\",\"https:\/\/www.youtube.com\/channel\/UCRhw7vfabnajwLxb1ZXMeIw\"]},{\"@type\":\"Person\",\"@id\":\"https:\/\/www.padreeustaquio.com.br\/#\/schema\/person\/a2a51db1d00f1a7af0204a0f1ddb1566\",\"name\":\"@sscc\",\"image\":{\"@type\":\"ImageObject\",\"inLanguage\":\"es\",\"@id\":\"https:\/\/secure.gravatar.com\/avatar\/68cfafa5f44617fea54071e215026e0ff06be366c3d54a8425f04fdcb86f8c5f?s=96&d=mm&r=g\",\"url\":\"https:\/\/secure.gravatar.com\/avatar\/68cfafa5f44617fea54071e215026e0ff06be366c3d54a8425f04fdcb86f8c5f?s=96&d=mm&r=g\",\"contentUrl\":\"https:\/\/secure.gravatar.com\/avatar\/68cfafa5f44617fea54071e215026e0ff06be366c3d54a8425f04fdcb86f8c5f?s=96&d=mm&r=g\",\"caption\":\"@sscc\"},\"url\":\"https:\/\/www.padreeustaquio.com.br\/es\/author\/sscc\/\"}]}<\/script>\n<!-- \/ Yoast SEO plugin. -->","yoast_head_json":{"title":"La Asamblea Parroquial presentar\u00e1 los cambios en el nuevo Misal.","description":"Se celebrar\u00e1 una asamblea parroquial extraordinaria el s\u00e1bado 2 de diciembre, de 13:30 a 17:00 h. El evento se centrar\u00e1 en los cambios recientes en la misa derivados de la nueva traducci\u00f3n del Misal Romano.","robots":{"index":"index","follow":"follow","max-snippet":"max-snippet:-1","max-image-preview":"max-image-preview:large","max-video-preview":"max-video-preview:-1"},"canonical":"https:\/\/www.padreeustaquio.com.br\/es\/la-asamblea-parroquial-presentara-los-cambios-en-el-nuevo-misal\/","og_locale":"es_ES","og_type":"article","og_title":"Assembleia Paroquial apresentar\u00e1 as mudan\u00e7as no novo Missal","og_description":"Ser\u00e1 realizada no dia 02 de dezembro, pr\u00f3ximo s\u00e1bado, das 13h30 \u00e0s 17h, uma assembleia paroquial extraordin\u00e1ria. O evento tem como foco central as recentes mudan\u00e7as na Missa, trazidas pela nova tradu\u00e7\u00e3o do Missal Romano.","og_url":"https:\/\/www.padreeustaquio.com.br\/es\/la-asamblea-parroquial-presentara-los-cambios-en-el-nuevo-misal\/","og_site_name":"Padre Eust\u00e1quio","article_publisher":"https:\/\/www.facebook.com\/beatopadreeustaquio\/","article_published_time":"2023-11-28T23:55:41+00:00","og_image":[{"width":1280,"height":720,"url":"https:\/\/www.padreeustaquio.com.br\/wp-content\/uploads\/2023\/11\/maxresdefault.jpg","type":"image\/jpeg"}],"author":"@sscc","twitter_card":"summary_large_image","twitter_creator":"@beatopeustaquio","twitter_site":"@beatopeustaquio","twitter_misc":{"Escrito por":"@sscc","Tiempo de lectura":"1 minuto"},"schema":{"@context":"https:\/\/schema.org","@graph":[{"@type":"Article","@id":"https:\/\/www.padreeustaquio.com.br\/assembleia-paroquial-apresentara-as-mudancas-no-novo-missal\/#article","isPartOf":{"@id":"https:\/\/www.padreeustaquio.com.br\/assembleia-paroquial-apresentara-as-mudancas-no-novo-missal\/"},"author":{"name":"@sscc","@id":"https:\/\/www.padreeustaquio.com.br\/#\/schema\/person\/a2a51db1d00f1a7af0204a0f1ddb1566"},"headline":"Assembleia Paroquial apresentar\u00e1 as mudan\u00e7as no novo Missal","datePublished":"2023-11-28T23:55:41+00:00","mainEntityOfPage":{"@id":"https:\/\/www.padreeustaquio.com.br\/assembleia-paroquial-apresentara-as-mudancas-no-novo-missal\/"},"wordCount":201,"commentCount":0,"publisher":{"@id":"https:\/\/www.padreeustaquio.com.br\/#organization"},"image":{"@id":"https:\/\/www.padreeustaquio.com.br\/assembleia-paroquial-apresentara-as-mudancas-no-novo-missal\/#primaryimage"},"thumbnailUrl":"https:\/\/www.padreeustaquio.com.br\/wp-content\/uploads\/2023\/11\/maxresdefault.jpg","articleSection":["Not\u00edcias"],"inLanguage":"es","potentialAction":[{"@type":"CommentAction","name":"Comment","target":["https:\/\/www.padreeustaquio.com.br\/assembleia-paroquial-apresentara-as-mudancas-no-novo-missal\/#respond"]}]},{"@type":"WebPage","@id":"https:\/\/www.padreeustaquio.com.br\/assembleia-paroquial-apresentara-as-mudancas-no-novo-missal\/","url":"https:\/\/www.padreeustaquio.com.br\/assembleia-paroquial-apresentara-as-mudancas-no-novo-missal\/","name":"La Asamblea Parroquial presentar\u00e1 los cambios en el nuevo Misal.","isPartOf":{"@id":"https:\/\/www.padreeustaquio.com.br\/#website"},"primaryImageOfPage":{"@id":"https:\/\/www.padreeustaquio.com.br\/assembleia-paroquial-apresentara-as-mudancas-no-novo-missal\/#primaryimage"},"image":{"@id":"https:\/\/www.padreeustaquio.com.br\/assembleia-paroquial-apresentara-as-mudancas-no-novo-missal\/#primaryimage"},"thumbnailUrl":"https:\/\/www.padreeustaquio.com.br\/wp-content\/uploads\/2023\/11\/maxresdefault.jpg","datePublished":"2023-11-28T23:55:41+00:00","description":"Se celebrar\u00e1 una asamblea parroquial extraordinaria el s\u00e1bado 2 de diciembre, de 13:30 a 17:00 h. El evento se centrar\u00e1 en los cambios recientes en la misa derivados de la nueva traducci\u00f3n del Misal Romano.","breadcrumb":{"@id":"https:\/\/www.padreeustaquio.com.br\/assembleia-paroquial-apresentara-as-mudancas-no-novo-missal\/#breadcrumb"},"inLanguage":"es","potentialAction":[{"@type":"ReadAction","target":["https:\/\/www.padreeustaquio.com.br\/assembleia-paroquial-apresentara-as-mudancas-no-novo-missal\/"]}]},{"@type":"ImageObject","inLanguage":"es","@id":"https:\/\/www.padreeustaquio.com.br\/assembleia-paroquial-apresentara-as-mudancas-no-novo-missal\/#primaryimage","url":"https:\/\/www.padreeustaquio.com.br\/wp-content\/uploads\/2023\/11\/maxresdefault.jpg","contentUrl":"https:\/\/www.padreeustaquio.com.br\/wp-content\/uploads\/2023\/11\/maxresdefault.jpg","width":1280,"height":720},{"@type":"BreadcrumbList","@id":"https:\/\/www.padreeustaquio.com.br\/assembleia-paroquial-apresentara-as-mudancas-no-novo-missal\/#breadcrumb","itemListElement":[{"@type":"ListItem","position":1,"name":"In\u00edcio","item":"https:\/\/www.padreeustaquio.com.br\/"},{"@type":"ListItem","position":2,"name":"Assembleia Paroquial apresentar\u00e1 as mudan\u00e7as no novo Missal"}]},{"@type":"WebSite","@id":"https:\/\/www.padreeustaquio.com.br\/#website","url":"https:\/\/www.padreeustaquio.com.br\/","name":"Padre Eustace","description":"Salud y Paz","publisher":{"@id":"https:\/\/www.padreeustaquio.com.br\/#organization"},"potentialAction":[{"@type":"SearchAction","target":{"@type":"EntryPoint","urlTemplate":"https:\/\/www.padreeustaquio.com.br\/?s={search_term_string}"},"query-input":{"@type":"PropertyValueSpecification","valueRequired":true,"valueName":"search_term_string"}}],"inLanguage":"es"},{"@type":"Organization","@id":"https:\/\/www.padreeustaquio.com.br\/#organization","name":"Padre Eustace","url":"https:\/\/www.padreeustaquio.com.br\/","logo":{"@type":"ImageObject","inLanguage":"es","@id":"https:\/\/www.padreeustaquio.com.br\/#\/schema\/logo\/image\/","url":"https:\/\/www.padreeustaquio.com.br\/wp-content\/uploads\/2019\/08\/marca.png","contentUrl":"https:\/\/www.padreeustaquio.com.br\/wp-content\/uploads\/2019\/08\/marca.png","width":350,"height":400,"caption":"Padre Eust\u00e1quio"},"image":{"@id":"https:\/\/www.padreeustaquio.com.br\/#\/schema\/logo\/image\/"},"sameAs":["https:\/\/www.facebook.com\/beatopadreeustaquio\/","https:\/\/x.com\/beatopeustaquio","https:\/\/www.instagram.com\/beatopadreeustaquio\/","https:\/\/www.youtube.com\/channel\/UCRhw7vfabnajwLxb1ZXMeIw"]},{"@type":"Person","@id":"https:\/\/www.padreeustaquio.com.br\/#\/schema\/person\/a2a51db1d00f1a7af0204a0f1ddb1566","name":"@sscc","image":{"@type":"ImageObject","inLanguage":"es","@id":"https:\/\/secure.gravatar.com\/avatar\/68cfafa5f44617fea54071e215026e0ff06be366c3d54a8425f04fdcb86f8c5f?s=96&d=mm&r=g","url":"https:\/\/secure.gravatar.com\/avatar\/68cfafa5f44617fea54071e215026e0ff06be366c3d54a8425f04fdcb86f8c5f?s=96&d=mm&r=g","contentUrl":"https:\/\/secure.gravatar.com\/avatar\/68cfafa5f44617fea54071e215026e0ff06be366c3d54a8425f04fdcb86f8c5f?s=96&d=mm&r=g","caption":"@sscc"},"url":"https:\/\/www.padreeustaquio.com.br\/es\/author\/sscc\/"}]}},"_links":{"self":[{"href":"https:\/\/www.padreeustaquio.com.br\/es\/wp-json\/wp\/v2\/posts\/11027","targetHints":{"allow":["GET"]}}],"collection":[{"href":"https:\/\/www.padreeustaquio.com.br\/es\/wp-json\/wp\/v2\/posts"}],"about":[{"href":"https:\/\/www.padreeustaquio.com.br\/es\/wp-json\/wp\/v2\/types\/post"}],"author":[{"embeddable":true,"href":"https:\/\/www.padreeustaquio.com.br\/es\/wp-json\/wp\/v2\/users\/2"}],"replies":[{"embeddable":true,"href":"https:\/\/www.padreeustaquio.com.br\/es\/wp-json\/wp\/v2\/comments?post=11027"}],"version-history":[{"count":0,"href":"https:\/\/www.padreeustaquio.com.br\/es\/wp-json\/wp\/v2\/posts\/11027\/revisions"}],"wp:featuredmedia":[{"embeddable":true,"href":"https:\/\/www.padreeustaquio.com.br\/es\/wp-json\/wp\/v2\/media\/11029"}],"wp:attachment":[{"href":"https:\/\/www.padreeustaquio.com.br\/es\/wp-json\/wp\/v2\/media?parent=11027"}],"wp:term":[{"taxonomy":"category","embeddable":true,"href":"https:\/\/www.padreeustaquio.com.br\/es\/wp-json\/wp\/v2\/categories?post=11027"},{"taxonomy":"post_tag","embeddable":true,"href":"https:\/\/www.padreeustaquio.com.br\/es\/wp-json\/wp\/v2\/tags?post=11027"}],"curies":[{"name":"wp","href":"https:\/\/api.w.org\/{rel}","templated":true}]}}