{"id":11015,"date":"2023-11-21T15:14:30","date_gmt":"2023-11-21T18:14:30","guid":{"rendered":"https:\/\/www.padreeustaquio.com.br\/?p=11015"},"modified":"2023-11-21T16:47:36","modified_gmt":"2023-11-21T19:47:36","slug":"hermanos-de-los-sagrados-corazones-de-brasil-y-paraguay-participan-del-xii-capitulo-provincial","status":"publish","type":"post","link":"https:\/\/www.padreeustaquio.com.br\/es\/hermanos-de-los-sagrados-corazones-de-brasil-y-paraguay-participan-del-xii-capitulo-provincial\/","title":{"rendered":"Hermanos de los Sagrados Corazones de Brasil y Paraguay participan del XII Cap\u00edtulo Provincial"},"content":{"rendered":"<p>El XII Cap\u00edtulo Provincial de la Provincia Sagrados Corazones de Brasil, regi\u00f3n Paraguay, comenz\u00f3 este lunes 20 de noviembre. La asamblea se celebra en la Posada y Centro de Espiritualidad Sagrados Corazones en Pindamonhangaba, S\u00e3o Paulo.<\/p>\n<p>Durante la reuni\u00f3n, hermanos de diversas partes de Brasil y Paraguay dan cuenta de su labor, la eval\u00faan y planifican las perspectivas futuras de la Congregaci\u00f3n. En esta asamblea tambi\u00e9n se elige al Superior Provincial.<\/p>\n<p>Actualmente, el Padre Osv\u00e2nio Humberto Mariano, ss.cc., es el superior provincial y su nombre podr\u00e1 ser elegido nuevamente por los hermanos. De ser reelegido, permanecer\u00e1 al frente de la Provincia por otros tres a\u00f1os.<\/p>\n<p>Adem\u00e1s de los hermanos de la provincia, la asamblea cuenta con la participaci\u00f3n del Superior General de la Congregaci\u00f3n, P. Alberto Toutin, ss.cc. El Superior vino desde Roma para supervisar la obra en Brasil.<\/p>\n<p>El encuentro es tambi\u00e9n una oportunidad de confraternidad entre los hermanos y hermanas de la Congregaci\u00f3n, que pasar\u00e1n cinco d\u00edas en asamblea.<\/p>","protected":false},"excerpt":{"rendered":"<p>Come\u00e7ou nessa segunda-feira, dia 20 de novembro, o XII Cap\u00edtulo Provincial da prov\u00edncia dos Sagrados Cora\u00e7\u00f5es do Brasil, regi\u00e3o do Paraguai. A assembleia est\u00e1 sendo realizada na Pousade e Centro de Espiritualidade dos Sagrados Cora\u00e7\u00f5es, em Pindamonhangaba-SP. Durante o encontro, irm\u00e3os de v\u00e1rias partes do Brasil e do Paraguai, prestam contas, fazem avalia\u00e7\u00e3o dos trabalhos e projetam perspectivas futuras para a Congrega\u00e7\u00e3o. Nesta assembleia tamb\u00e9m se decide sobre o Superior Provincial. Atualmente padre Osv\u00e2nio Humberto Mariano, ss.cc, \u00e9 o superior provincial e pode ter o nome escolhido novamente pelos irm\u00e3os. Se for reeleito, ficar\u00e1 por mais tr\u00eas anos a frente [&hellip;]<\/p>\n","protected":false},"author":2,"featured_media":11016,"comment_status":"open","ping_status":"closed","sticky":false,"template":"","format":"standard","meta":{"_acf_changed":false,"footnotes":""},"categories":[611],"tags":[],"class_list":["post-11015","post","type-post","status-publish","format-standard","has-post-thumbnail","hentry","category-noticias"],"acf":[],"yoast_head":"<!-- This site is optimized with the Yoast SEO plugin v27.2 - https:\/\/yoast.com\/product\/yoast-seo-wordpress\/ -->\n<title>Irm\u00e3os dos Sagrados Cora\u00e7\u00f5es do Brasil e do Paraguai participam do XII Cap\u00edtulo Provincial<\/title>\n<meta name=\"description\" content=\"Come\u00e7ou nessa segunda-feira, dia 20 de novembro, o XII Cap\u00edtulo Provincial da prov\u00edncia dos Sagrados Cora\u00e7\u00f5es do Brasil, regi\u00e3o do Paraguai. A assembleia est\u00e1 sendo realizada na Pousade e Centro de Espiritualidade dos Sagrados Cora\u00e7\u00f5es, em Pindamonhangaba-SP.\" \/>\n<meta name=\"robots\" content=\"index, follow, max-snippet:-1, max-image-preview:large, max-video-preview:-1\" \/>\n<link rel=\"canonical\" href=\"https:\/\/www.padreeustaquio.com.br\/es\/hermanos-de-los-sagrados-corazones-de-brasil-y-paraguay-participan-del-xii-capitulo-provincial\/\" \/>\n<meta property=\"og:locale\" content=\"es_ES\" \/>\n<meta property=\"og:type\" content=\"article\" \/>\n<meta property=\"og:title\" content=\"Irm\u00e3os dos Sagrados Cora\u00e7\u00f5es do Brasil e do Paraguai participam do XII Cap\u00edtulo Provincial\" \/>\n<meta property=\"og:description\" content=\"Come\u00e7ou nessa segunda-feira, dia 20 de novembro, o XII Cap\u00edtulo Provincial da prov\u00edncia dos Sagrados Cora\u00e7\u00f5es do Brasil, regi\u00e3o do Paraguai. A assembleia est\u00e1 sendo realizada na Pousade e Centro de Espiritualidade dos Sagrados Cora\u00e7\u00f5es, em Pindamonhangaba-SP.\" \/>\n<meta property=\"og:url\" content=\"https:\/\/www.padreeustaquio.com.br\/es\/hermanos-de-los-sagrados-corazones-de-brasil-y-paraguay-participan-del-xii-capitulo-provincial\/\" \/>\n<meta property=\"og:site_name\" content=\"Padre Eust\u00e1quio\" \/>\n<meta property=\"article:publisher\" content=\"https:\/\/www.facebook.com\/beatopadreeustaquio\/\" \/>\n<meta property=\"article:published_time\" content=\"2023-11-21T18:14:30+00:00\" \/>\n<meta property=\"article:modified_time\" content=\"2023-11-21T19:47:36+00:00\" \/>\n<meta property=\"og:image\" content=\"https:\/\/www.padreeustaquio.com.br\/wp-content\/uploads\/2023\/11\/centro-de-espiritualidade-e-pousada-sscc.jpg\" \/>\n\t<meta property=\"og:image:width\" content=\"900\" \/>\n\t<meta property=\"og:image:height\" content=\"506\" \/>\n\t<meta property=\"og:image:type\" content=\"image\/jpeg\" \/>\n<meta name=\"author\" content=\"@sscc\" \/>\n<meta name=\"twitter:card\" content=\"summary_large_image\" \/>\n<meta name=\"twitter:creator\" content=\"@beatopeustaquio\" \/>\n<meta name=\"twitter:site\" content=\"@beatopeustaquio\" \/>\n<meta name=\"twitter:label1\" content=\"Escrito por\" \/>\n\t<meta name=\"twitter:data1\" content=\"@sscc\" \/>\n\t<meta name=\"twitter:label2\" content=\"Tiempo de lectura\" \/>\n\t<meta name=\"twitter:data2\" content=\"1 minuto\" \/>\n<script type=\"application\/ld+json\" class=\"yoast-schema-graph\">{\"@context\":\"https:\/\/schema.org\",\"@graph\":[{\"@type\":\"Article\",\"@id\":\"https:\/\/www.padreeustaquio.com.br\/irmaos-dos-sagrados-coracoes-do-brasil-e-do-paraguai-participam-do-xii-capitulo-provincial\/#article\",\"isPartOf\":{\"@id\":\"https:\/\/www.padreeustaquio.com.br\/irmaos-dos-sagrados-coracoes-do-brasil-e-do-paraguai-participam-do-xii-capitulo-provincial\/\"},\"author\":{\"name\":\"@sscc\",\"@id\":\"https:\/\/www.padreeustaquio.com.br\/#\/schema\/person\/a2a51db1d00f1a7af0204a0f1ddb1566\"},\"headline\":\"Irm\u00e3os dos Sagrados Cora\u00e7\u00f5es do Brasil e do Paraguai participam do XII Cap\u00edtulo Provincial\",\"datePublished\":\"2023-11-21T18:14:30+00:00\",\"dateModified\":\"2023-11-21T19:47:36+00:00\",\"mainEntityOfPage\":{\"@id\":\"https:\/\/www.padreeustaquio.com.br\/irmaos-dos-sagrados-coracoes-do-brasil-e-do-paraguai-participam-do-xii-capitulo-provincial\/\"},\"wordCount\":192,\"commentCount\":0,\"publisher\":{\"@id\":\"https:\/\/www.padreeustaquio.com.br\/#organization\"},\"image\":{\"@id\":\"https:\/\/www.padreeustaquio.com.br\/irmaos-dos-sagrados-coracoes-do-brasil-e-do-paraguai-participam-do-xii-capitulo-provincial\/#primaryimage\"},\"thumbnailUrl\":\"https:\/\/www.padreeustaquio.com.br\/wp-content\/uploads\/2023\/11\/centro-de-espiritualidade-e-pousada-sscc.jpg\",\"articleSection\":[\"Not\u00edcias\"],\"inLanguage\":\"es\",\"potentialAction\":[{\"@type\":\"CommentAction\",\"name\":\"Comment\",\"target\":[\"https:\/\/www.padreeustaquio.com.br\/irmaos-dos-sagrados-coracoes-do-brasil-e-do-paraguai-participam-do-xii-capitulo-provincial\/#respond\"]}]},{\"@type\":\"WebPage\",\"@id\":\"https:\/\/www.padreeustaquio.com.br\/irmaos-dos-sagrados-coracoes-do-brasil-e-do-paraguai-participam-do-xii-capitulo-provincial\/\",\"url\":\"https:\/\/www.padreeustaquio.com.br\/irmaos-dos-sagrados-coracoes-do-brasil-e-do-paraguai-participam-do-xii-capitulo-provincial\/\",\"name\":\"Irm\u00e3os dos Sagrados Cora\u00e7\u00f5es do Brasil e do Paraguai participam do XII Cap\u00edtulo Provincial\",\"isPartOf\":{\"@id\":\"https:\/\/www.padreeustaquio.com.br\/#website\"},\"primaryImageOfPage\":{\"@id\":\"https:\/\/www.padreeustaquio.com.br\/irmaos-dos-sagrados-coracoes-do-brasil-e-do-paraguai-participam-do-xii-capitulo-provincial\/#primaryimage\"},\"image\":{\"@id\":\"https:\/\/www.padreeustaquio.com.br\/irmaos-dos-sagrados-coracoes-do-brasil-e-do-paraguai-participam-do-xii-capitulo-provincial\/#primaryimage\"},\"thumbnailUrl\":\"https:\/\/www.padreeustaquio.com.br\/wp-content\/uploads\/2023\/11\/centro-de-espiritualidade-e-pousada-sscc.jpg\",\"datePublished\":\"2023-11-21T18:14:30+00:00\",\"dateModified\":\"2023-11-21T19:47:36+00:00\",\"description\":\"Come\u00e7ou nessa segunda-feira, dia 20 de novembro, o XII Cap\u00edtulo Provincial da prov\u00edncia dos Sagrados Cora\u00e7\u00f5es do Brasil, regi\u00e3o do Paraguai. A assembleia est\u00e1 sendo realizada na Pousade e Centro de Espiritualidade dos Sagrados Cora\u00e7\u00f5es, em Pindamonhangaba-SP.\",\"breadcrumb\":{\"@id\":\"https:\/\/www.padreeustaquio.com.br\/irmaos-dos-sagrados-coracoes-do-brasil-e-do-paraguai-participam-do-xii-capitulo-provincial\/#breadcrumb\"},\"inLanguage\":\"es\",\"potentialAction\":[{\"@type\":\"ReadAction\",\"target\":[\"https:\/\/www.padreeustaquio.com.br\/irmaos-dos-sagrados-coracoes-do-brasil-e-do-paraguai-participam-do-xii-capitulo-provincial\/\"]}]},{\"@type\":\"ImageObject\",\"inLanguage\":\"es\",\"@id\":\"https:\/\/www.padreeustaquio.com.br\/irmaos-dos-sagrados-coracoes-do-brasil-e-do-paraguai-participam-do-xii-capitulo-provincial\/#primaryimage\",\"url\":\"https:\/\/www.padreeustaquio.com.br\/wp-content\/uploads\/2023\/11\/centro-de-espiritualidade-e-pousada-sscc.jpg\",\"contentUrl\":\"https:\/\/www.padreeustaquio.com.br\/wp-content\/uploads\/2023\/11\/centro-de-espiritualidade-e-pousada-sscc.jpg\",\"width\":900,\"height\":506,\"caption\":\"A Pousada e Centro de Espiritualidade fica em Pindamonhangaba - SP\"},{\"@type\":\"BreadcrumbList\",\"@id\":\"https:\/\/www.padreeustaquio.com.br\/irmaos-dos-sagrados-coracoes-do-brasil-e-do-paraguai-participam-do-xii-capitulo-provincial\/#breadcrumb\",\"itemListElement\":[{\"@type\":\"ListItem\",\"position\":1,\"name\":\"In\u00edcio\",\"item\":\"https:\/\/www.padreeustaquio.com.br\/\"},{\"@type\":\"ListItem\",\"position\":2,\"name\":\"Irm\u00e3os dos Sagrados Cora\u00e7\u00f5es do Brasil e do Paraguai participam do XII Cap\u00edtulo Provincial\"}]},{\"@type\":\"WebSite\",\"@id\":\"https:\/\/www.padreeustaquio.com.br\/#website\",\"url\":\"https:\/\/www.padreeustaquio.com.br\/\",\"name\":\"Padre Eust\u00e1quio\",\"description\":\"Sa\u00fade e Paz\",\"publisher\":{\"@id\":\"https:\/\/www.padreeustaquio.com.br\/#organization\"},\"potentialAction\":[{\"@type\":\"SearchAction\",\"target\":{\"@type\":\"EntryPoint\",\"urlTemplate\":\"https:\/\/www.padreeustaquio.com.br\/?s={search_term_string}\"},\"query-input\":{\"@type\":\"PropertyValueSpecification\",\"valueRequired\":true,\"valueName\":\"search_term_string\"}}],\"inLanguage\":\"es\"},{\"@type\":\"Organization\",\"@id\":\"https:\/\/www.padreeustaquio.com.br\/#organization\",\"name\":\"Padre Eust\u00e1quio\",\"url\":\"https:\/\/www.padreeustaquio.com.br\/\",\"logo\":{\"@type\":\"ImageObject\",\"inLanguage\":\"es\",\"@id\":\"https:\/\/www.padreeustaquio.com.br\/#\/schema\/logo\/image\/\",\"url\":\"https:\/\/www.padreeustaquio.com.br\/wp-content\/uploads\/2019\/08\/marca.png\",\"contentUrl\":\"https:\/\/www.padreeustaquio.com.br\/wp-content\/uploads\/2019\/08\/marca.png\",\"width\":350,\"height\":400,\"caption\":\"Padre Eust\u00e1quio\"},\"image\":{\"@id\":\"https:\/\/www.padreeustaquio.com.br\/#\/schema\/logo\/image\/\"},\"sameAs\":[\"https:\/\/www.facebook.com\/beatopadreeustaquio\/\",\"https:\/\/x.com\/beatopeustaquio\",\"https:\/\/www.instagram.com\/beatopadreeustaquio\/\",\"https:\/\/www.youtube.com\/channel\/UCRhw7vfabnajwLxb1ZXMeIw\"]},{\"@type\":\"Person\",\"@id\":\"https:\/\/www.padreeustaquio.com.br\/#\/schema\/person\/a2a51db1d00f1a7af0204a0f1ddb1566\",\"name\":\"@sscc\",\"image\":{\"@type\":\"ImageObject\",\"inLanguage\":\"es\",\"@id\":\"https:\/\/secure.gravatar.com\/avatar\/68cfafa5f44617fea54071e215026e0ff06be366c3d54a8425f04fdcb86f8c5f?s=96&d=mm&r=g\",\"url\":\"https:\/\/secure.gravatar.com\/avatar\/68cfafa5f44617fea54071e215026e0ff06be366c3d54a8425f04fdcb86f8c5f?s=96&d=mm&r=g\",\"contentUrl\":\"https:\/\/secure.gravatar.com\/avatar\/68cfafa5f44617fea54071e215026e0ff06be366c3d54a8425f04fdcb86f8c5f?s=96&d=mm&r=g\",\"caption\":\"@sscc\"},\"url\":\"https:\/\/www.padreeustaquio.com.br\/es\/author\/sscc\/\"}]}<\/script>\n<!-- \/ Yoast SEO plugin. -->","yoast_head_json":{"title":"Hermanos de los Sagrados Corazones de Brasil y Paraguay participan del XII Cap\u00edtulo Provincial","description":"El XII Cap\u00edtulo Provincial de la Provincia Sagrados Corazones de Brasil, regi\u00f3n Paraguay, comenz\u00f3 este lunes 20 de noviembre. La asamblea se celebra en la Posada y Centro de Espiritualidad Sagrados Corazones en Pindamonhangaba, S\u00e3o Paulo.","robots":{"index":"index","follow":"follow","max-snippet":"max-snippet:-1","max-image-preview":"max-image-preview:large","max-video-preview":"max-video-preview:-1"},"canonical":"https:\/\/www.padreeustaquio.com.br\/es\/hermanos-de-los-sagrados-corazones-de-brasil-y-paraguay-participan-del-xii-capitulo-provincial\/","og_locale":"es_ES","og_type":"article","og_title":"Irm\u00e3os dos Sagrados Cora\u00e7\u00f5es do Brasil e do Paraguai participam do XII Cap\u00edtulo Provincial","og_description":"Come\u00e7ou nessa segunda-feira, dia 20 de novembro, o XII Cap\u00edtulo Provincial da prov\u00edncia dos Sagrados Cora\u00e7\u00f5es do Brasil, regi\u00e3o do Paraguai. A assembleia est\u00e1 sendo realizada na Pousade e Centro de Espiritualidade dos Sagrados Cora\u00e7\u00f5es, em Pindamonhangaba-SP.","og_url":"https:\/\/www.padreeustaquio.com.br\/es\/hermanos-de-los-sagrados-corazones-de-brasil-y-paraguay-participan-del-xii-capitulo-provincial\/","og_site_name":"Padre Eust\u00e1quio","article_publisher":"https:\/\/www.facebook.com\/beatopadreeustaquio\/","article_published_time":"2023-11-21T18:14:30+00:00","article_modified_time":"2023-11-21T19:47:36+00:00","og_image":[{"width":900,"height":506,"url":"https:\/\/www.padreeustaquio.com.br\/wp-content\/uploads\/2023\/11\/centro-de-espiritualidade-e-pousada-sscc.jpg","type":"image\/jpeg"}],"author":"@sscc","twitter_card":"summary_large_image","twitter_creator":"@beatopeustaquio","twitter_site":"@beatopeustaquio","twitter_misc":{"Escrito por":"@sscc","Tiempo de lectura":"1 minuto"},"schema":{"@context":"https:\/\/schema.org","@graph":[{"@type":"Article","@id":"https:\/\/www.padreeustaquio.com.br\/irmaos-dos-sagrados-coracoes-do-brasil-e-do-paraguai-participam-do-xii-capitulo-provincial\/#article","isPartOf":{"@id":"https:\/\/www.padreeustaquio.com.br\/irmaos-dos-sagrados-coracoes-do-brasil-e-do-paraguai-participam-do-xii-capitulo-provincial\/"},"author":{"name":"@sscc","@id":"https:\/\/www.padreeustaquio.com.br\/#\/schema\/person\/a2a51db1d00f1a7af0204a0f1ddb1566"},"headline":"Irm\u00e3os dos Sagrados Cora\u00e7\u00f5es do Brasil e do Paraguai participam do XII Cap\u00edtulo Provincial","datePublished":"2023-11-21T18:14:30+00:00","dateModified":"2023-11-21T19:47:36+00:00","mainEntityOfPage":{"@id":"https:\/\/www.padreeustaquio.com.br\/irmaos-dos-sagrados-coracoes-do-brasil-e-do-paraguai-participam-do-xii-capitulo-provincial\/"},"wordCount":192,"commentCount":0,"publisher":{"@id":"https:\/\/www.padreeustaquio.com.br\/#organization"},"image":{"@id":"https:\/\/www.padreeustaquio.com.br\/irmaos-dos-sagrados-coracoes-do-brasil-e-do-paraguai-participam-do-xii-capitulo-provincial\/#primaryimage"},"thumbnailUrl":"https:\/\/www.padreeustaquio.com.br\/wp-content\/uploads\/2023\/11\/centro-de-espiritualidade-e-pousada-sscc.jpg","articleSection":["Not\u00edcias"],"inLanguage":"es","potentialAction":[{"@type":"CommentAction","name":"Comment","target":["https:\/\/www.padreeustaquio.com.br\/irmaos-dos-sagrados-coracoes-do-brasil-e-do-paraguai-participam-do-xii-capitulo-provincial\/#respond"]}]},{"@type":"WebPage","@id":"https:\/\/www.padreeustaquio.com.br\/irmaos-dos-sagrados-coracoes-do-brasil-e-do-paraguai-participam-do-xii-capitulo-provincial\/","url":"https:\/\/www.padreeustaquio.com.br\/irmaos-dos-sagrados-coracoes-do-brasil-e-do-paraguai-participam-do-xii-capitulo-provincial\/","name":"Hermanos de los Sagrados Corazones de Brasil y Paraguay participan del XII Cap\u00edtulo Provincial","isPartOf":{"@id":"https:\/\/www.padreeustaquio.com.br\/#website"},"primaryImageOfPage":{"@id":"https:\/\/www.padreeustaquio.com.br\/irmaos-dos-sagrados-coracoes-do-brasil-e-do-paraguai-participam-do-xii-capitulo-provincial\/#primaryimage"},"image":{"@id":"https:\/\/www.padreeustaquio.com.br\/irmaos-dos-sagrados-coracoes-do-brasil-e-do-paraguai-participam-do-xii-capitulo-provincial\/#primaryimage"},"thumbnailUrl":"https:\/\/www.padreeustaquio.com.br\/wp-content\/uploads\/2023\/11\/centro-de-espiritualidade-e-pousada-sscc.jpg","datePublished":"2023-11-21T18:14:30+00:00","dateModified":"2023-11-21T19:47:36+00:00","description":"El XII Cap\u00edtulo Provincial de la Provincia Sagrados Corazones de Brasil, regi\u00f3n Paraguay, comenz\u00f3 este lunes 20 de noviembre. La asamblea se celebra en la Posada y Centro de Espiritualidad Sagrados Corazones en Pindamonhangaba, S\u00e3o Paulo.","breadcrumb":{"@id":"https:\/\/www.padreeustaquio.com.br\/irmaos-dos-sagrados-coracoes-do-brasil-e-do-paraguai-participam-do-xii-capitulo-provincial\/#breadcrumb"},"inLanguage":"es","potentialAction":[{"@type":"ReadAction","target":["https:\/\/www.padreeustaquio.com.br\/irmaos-dos-sagrados-coracoes-do-brasil-e-do-paraguai-participam-do-xii-capitulo-provincial\/"]}]},{"@type":"ImageObject","inLanguage":"es","@id":"https:\/\/www.padreeustaquio.com.br\/irmaos-dos-sagrados-coracoes-do-brasil-e-do-paraguai-participam-do-xii-capitulo-provincial\/#primaryimage","url":"https:\/\/www.padreeustaquio.com.br\/wp-content\/uploads\/2023\/11\/centro-de-espiritualidade-e-pousada-sscc.jpg","contentUrl":"https:\/\/www.padreeustaquio.com.br\/wp-content\/uploads\/2023\/11\/centro-de-espiritualidade-e-pousada-sscc.jpg","width":900,"height":506,"caption":"A Pousada e Centro de Espiritualidade fica em Pindamonhangaba - SP"},{"@type":"BreadcrumbList","@id":"https:\/\/www.padreeustaquio.com.br\/irmaos-dos-sagrados-coracoes-do-brasil-e-do-paraguai-participam-do-xii-capitulo-provincial\/#breadcrumb","itemListElement":[{"@type":"ListItem","position":1,"name":"In\u00edcio","item":"https:\/\/www.padreeustaquio.com.br\/"},{"@type":"ListItem","position":2,"name":"Irm\u00e3os dos Sagrados Cora\u00e7\u00f5es do Brasil e do Paraguai participam do XII Cap\u00edtulo Provincial"}]},{"@type":"WebSite","@id":"https:\/\/www.padreeustaquio.com.br\/#website","url":"https:\/\/www.padreeustaquio.com.br\/","name":"Padre Eustace","description":"Salud y Paz","publisher":{"@id":"https:\/\/www.padreeustaquio.com.br\/#organization"},"potentialAction":[{"@type":"SearchAction","target":{"@type":"EntryPoint","urlTemplate":"https:\/\/www.padreeustaquio.com.br\/?s={search_term_string}"},"query-input":{"@type":"PropertyValueSpecification","valueRequired":true,"valueName":"search_term_string"}}],"inLanguage":"es"},{"@type":"Organization","@id":"https:\/\/www.padreeustaquio.com.br\/#organization","name":"Padre Eustace","url":"https:\/\/www.padreeustaquio.com.br\/","logo":{"@type":"ImageObject","inLanguage":"es","@id":"https:\/\/www.padreeustaquio.com.br\/#\/schema\/logo\/image\/","url":"https:\/\/www.padreeustaquio.com.br\/wp-content\/uploads\/2019\/08\/marca.png","contentUrl":"https:\/\/www.padreeustaquio.com.br\/wp-content\/uploads\/2019\/08\/marca.png","width":350,"height":400,"caption":"Padre Eust\u00e1quio"},"image":{"@id":"https:\/\/www.padreeustaquio.com.br\/#\/schema\/logo\/image\/"},"sameAs":["https:\/\/www.facebook.com\/beatopadreeustaquio\/","https:\/\/x.com\/beatopeustaquio","https:\/\/www.instagram.com\/beatopadreeustaquio\/","https:\/\/www.youtube.com\/channel\/UCRhw7vfabnajwLxb1ZXMeIw"]},{"@type":"Person","@id":"https:\/\/www.padreeustaquio.com.br\/#\/schema\/person\/a2a51db1d00f1a7af0204a0f1ddb1566","name":"@sscc","image":{"@type":"ImageObject","inLanguage":"es","@id":"https:\/\/secure.gravatar.com\/avatar\/68cfafa5f44617fea54071e215026e0ff06be366c3d54a8425f04fdcb86f8c5f?s=96&d=mm&r=g","url":"https:\/\/secure.gravatar.com\/avatar\/68cfafa5f44617fea54071e215026e0ff06be366c3d54a8425f04fdcb86f8c5f?s=96&d=mm&r=g","contentUrl":"https:\/\/secure.gravatar.com\/avatar\/68cfafa5f44617fea54071e215026e0ff06be366c3d54a8425f04fdcb86f8c5f?s=96&d=mm&r=g","caption":"@sscc"},"url":"https:\/\/www.padreeustaquio.com.br\/es\/author\/sscc\/"}]}},"_links":{"self":[{"href":"https:\/\/www.padreeustaquio.com.br\/es\/wp-json\/wp\/v2\/posts\/11015","targetHints":{"allow":["GET"]}}],"collection":[{"href":"https:\/\/www.padreeustaquio.com.br\/es\/wp-json\/wp\/v2\/posts"}],"about":[{"href":"https:\/\/www.padreeustaquio.com.br\/es\/wp-json\/wp\/v2\/types\/post"}],"author":[{"embeddable":true,"href":"https:\/\/www.padreeustaquio.com.br\/es\/wp-json\/wp\/v2\/users\/2"}],"replies":[{"embeddable":true,"href":"https:\/\/www.padreeustaquio.com.br\/es\/wp-json\/wp\/v2\/comments?post=11015"}],"version-history":[{"count":0,"href":"https:\/\/www.padreeustaquio.com.br\/es\/wp-json\/wp\/v2\/posts\/11015\/revisions"}],"wp:featuredmedia":[{"embeddable":true,"href":"https:\/\/www.padreeustaquio.com.br\/es\/wp-json\/wp\/v2\/media\/11016"}],"wp:attachment":[{"href":"https:\/\/www.padreeustaquio.com.br\/es\/wp-json\/wp\/v2\/media?parent=11015"}],"wp:term":[{"taxonomy":"category","embeddable":true,"href":"https:\/\/www.padreeustaquio.com.br\/es\/wp-json\/wp\/v2\/categories?post=11015"},{"taxonomy":"post_tag","embeddable":true,"href":"https:\/\/www.padreeustaquio.com.br\/es\/wp-json\/wp\/v2\/tags?post=11015"}],"curies":[{"name":"wp","href":"https:\/\/api.w.org\/{rel}","templated":true}]}}