{"id":11002,"date":"2023-11-15T07:44:01","date_gmt":"2023-11-15T10:44:01","guid":{"rendered":"https:\/\/www.padreeustaquio.com.br\/?p=11002"},"modified":"2023-11-13T16:51:59","modified_gmt":"2023-11-13T19:51:59","slug":"santuario-construido-por-el-padre-eustaquio-en-el-triangulo-y-elevado-a-basilica","status":"publish","type":"post","link":"https:\/\/www.padreeustaquio.com.br\/es\/santuario-construido-por-el-padre-eustaquio-en-el-triangulo-y-elevado-a-basilica\/","title":{"rendered":"El santuario construido por el Padre Eust\u00e1quio en el Tri\u00e1ngulo es elevado a Bas\u00edlica."},"content":{"rendered":"<p>El Santuario de Nuestra Se\u00f1ora de la Abad\u00eda, en Romaria, la primera parroquia del Padre Eust\u00e1quio en Brasil, ser\u00e1 elevado a Bas\u00edlica. La Santa Misa de inauguraci\u00f3n de la nueva bas\u00edlica est\u00e1 programada para el pr\u00f3ximo lunes 20 de noviembre a las 10:00 h.<\/p>\n<p>Para esta ocasi\u00f3n, la Arquidi\u00f3cesis de Uberaba, junto con la Parroquia, prepara una hermosa celebraci\u00f3n con un evento especial de tres d\u00edas. El viernes habr\u00e1 una Amanecer Festivo, la bendici\u00f3n de las casas donde se exhibir\u00e1n los estandartes, el Santo Rosario y la Misa; el s\u00e1bado, se programa una Cabalgata, un espect\u00e1culo musical, una Misa y la Adoraci\u00f3n al Sant\u00edsimo Sacramento. El domingo 19, adem\u00e1s de la Santa Misa, habr\u00e1 un espect\u00e1culo con la cantante Faf\u00e1 de Bel\u00e9m.<\/p>\n<p>La ceremonia formalizar\u00e1 la instalaci\u00f3n de la bas\u00edlica, proceso aprobado el 15 de mayo de este a\u00f1o por el Papa Francisco en el Vaticano.<\/p>\n<p>El t\u00e9rmino bas\u00edlica se utiliza para reconocer un templo sagrado de gran importancia espiritual e hist\u00f3rica que promueve la evangelizaci\u00f3n y una devoci\u00f3n especial, en este caso una peregrinaci\u00f3n, a Nuestra Se\u00f1ora de la Abad\u00eda.<\/p>\n<p>El Santuario de Nuestra Se\u00f1ora de la Abad\u00eda tiene 153 a\u00f1os y recientemente fue sometido a renovaciones para cumplir con los criterios del Vaticano para poder recibir el nuevo t\u00edtulo.<\/p>\n<p><strong>\u00a1Ayudadnos, Se\u00f1ora de la Abad\u00eda!<\/strong><\/p>\n<p>El Padre Eust\u00e1quio vivi\u00f3 en Romaria-MG (entonces \u00c1gua Suja), de 1925 a 1935, sirviendo tambi\u00e9n en las parroquias de Indian\u00f3polis-MG e Ira\u00ed de Minas-MG. Constructor del actual Santuario de Nuestra Se\u00f1ora de la Abad\u00eda de \u00c1gua Suja, fue trasladado a S\u00e3o Paulo a pesar de las protestas de sus feligreses.<\/p>\n<p>El p\u00e1rroco gozaba de tal estima entre sus feligreses que, cuando fue trasladado, incluso sitiaron la rector\u00eda y bloquearon los caminos del pueblo, destruyendo los pasos de ganado. Aun as\u00ed, para cumplir con su nueva obligaci\u00f3n, emprendi\u00f3 el camino a pie hasta cruzar la frontera de \u00c1gua Suja.<\/p>","protected":false},"excerpt":{"rendered":"<p>O Santu\u00e1rio de Nossa Senhora da Abadia, em Romaria, primeira par\u00f3quia de Padre Eust\u00e1quio no Brasil ser\u00e1 elevado \u00e0 Bas\u00edlica. A Santa Missa de instala\u00e7\u00e3o da nova bas\u00edlica est\u00e1 marcada para a pr\u00f3xima segunda-feira, dia 20 de novembro, \u00e0s 10h. Pela ocasi\u00e3o, a Arquidiocese de Uberaba junto com a Par\u00f3quia est\u00e1 preparando uma bonita festa com um tr\u00edduo especial. Na sexta-feira haver\u00e1 Alvorada Festiva, b\u00ean\u00e7\u00e3o das Casas onde estar\u00e3o os estandartes, Santo Ter\u00e7o e Missa; No s\u00e1bado, est\u00e1 programado Cavalhada, momento musical, missa e Adora\u00e7\u00e3o ao Sant\u00edssimo. No domingo, dia 19, al\u00e9m da Santa Missa haver\u00e1 um show com a [&hellip;]<\/p>\n","protected":false},"author":2,"featured_media":11004,"comment_status":"open","ping_status":"closed","sticky":false,"template":"","format":"standard","meta":{"_acf_changed":false,"footnotes":""},"categories":[611],"tags":[],"class_list":["post-11002","post","type-post","status-publish","format-standard","has-post-thumbnail","hentry","category-noticias"],"acf":[],"yoast_head":"<!-- This site is optimized with the Yoast SEO plugin v27.2 - https:\/\/yoast.com\/product\/yoast-seo-wordpress\/ -->\n<title>Santu\u00e1rio constru\u00eddo por Padre Eust\u00e1quio no Tri\u00e2ngulo \u00e9 elevado a Bas\u00edlica<\/title>\n<meta name=\"description\" content=\"O Santu\u00e1rio de Nossa Senhora da Abadia, em Romaria, primeira par\u00f3quia de Padre Eust\u00e1quio no Brasil ser\u00e1 elevado \u00e0 Bas\u00edlica. A Santa Missa de instala\u00e7\u00e3o da nova bas\u00edlica est\u00e1 marcada para a pr\u00f3xima segunda-feira, dia 20 de novembro, \u00e0s 10h.\" \/>\n<meta name=\"robots\" content=\"index, follow, max-snippet:-1, max-image-preview:large, max-video-preview:-1\" \/>\n<link rel=\"canonical\" href=\"https:\/\/www.padreeustaquio.com.br\/es\/santuario-construido-por-el-padre-eustaquio-en-el-triangulo-y-elevado-a-basilica\/\" \/>\n<meta property=\"og:locale\" content=\"es_ES\" \/>\n<meta property=\"og:type\" content=\"article\" \/>\n<meta property=\"og:title\" content=\"Santu\u00e1rio constru\u00eddo por Padre Eust\u00e1quio no Tri\u00e2ngulo \u00e9 elevado a Bas\u00edlica\" \/>\n<meta property=\"og:description\" content=\"O Santu\u00e1rio de Nossa Senhora da Abadia, em Romaria, primeira par\u00f3quia de Padre Eust\u00e1quio no Brasil ser\u00e1 elevado \u00e0 Bas\u00edlica. A Santa Missa de instala\u00e7\u00e3o da nova bas\u00edlica est\u00e1 marcada para a pr\u00f3xima segunda-feira, dia 20 de novembro, \u00e0s 10h.\" \/>\n<meta property=\"og:url\" content=\"https:\/\/www.padreeustaquio.com.br\/es\/santuario-construido-por-el-padre-eustaquio-en-el-triangulo-y-elevado-a-basilica\/\" \/>\n<meta property=\"og:site_name\" content=\"Padre Eust\u00e1quio\" \/>\n<meta property=\"article:publisher\" content=\"https:\/\/www.facebook.com\/beatopadreeustaquio\/\" \/>\n<meta property=\"article:published_time\" content=\"2023-11-15T10:44:01+00:00\" \/>\n<meta property=\"og:image\" content=\"https:\/\/www.padreeustaquio.com.br\/wp-content\/uploads\/2023\/11\/basilica-nossa-senhora-abadia.jpg\" \/>\n\t<meta property=\"og:image:width\" content=\"1600\" \/>\n\t<meta property=\"og:image:height\" content=\"1208\" \/>\n\t<meta property=\"og:image:type\" content=\"image\/jpeg\" \/>\n<meta name=\"author\" content=\"@sscc\" \/>\n<meta name=\"twitter:card\" content=\"summary_large_image\" \/>\n<meta name=\"twitter:creator\" content=\"@beatopeustaquio\" \/>\n<meta name=\"twitter:site\" content=\"@beatopeustaquio\" \/>\n<meta name=\"twitter:label1\" content=\"Escrito por\" \/>\n\t<meta name=\"twitter:data1\" content=\"@sscc\" \/>\n\t<meta name=\"twitter:label2\" content=\"Tiempo de lectura\" \/>\n\t<meta name=\"twitter:data2\" content=\"2 minutos\" \/>\n<script type=\"application\/ld+json\" class=\"yoast-schema-graph\">{\"@context\":\"https:\/\/schema.org\",\"@graph\":[{\"@type\":\"Article\",\"@id\":\"https:\/\/www.padreeustaquio.com.br\/santuario-construido-por-padre-eustaquio-no-triangulo-e-elevado-a-basilica\/#article\",\"isPartOf\":{\"@id\":\"https:\/\/www.padreeustaquio.com.br\/santuario-construido-por-padre-eustaquio-no-triangulo-e-elevado-a-basilica\/\"},\"author\":{\"name\":\"@sscc\",\"@id\":\"https:\/\/www.padreeustaquio.com.br\/#\/schema\/person\/a2a51db1d00f1a7af0204a0f1ddb1566\"},\"headline\":\"Santu\u00e1rio constru\u00eddo por Padre Eust\u00e1quio no Tri\u00e2ngulo \u00e9 elevado a Bas\u00edlica\",\"datePublished\":\"2023-11-15T10:44:01+00:00\",\"mainEntityOfPage\":{\"@id\":\"https:\/\/www.padreeustaquio.com.br\/santuario-construido-por-padre-eustaquio-no-triangulo-e-elevado-a-basilica\/\"},\"wordCount\":340,\"commentCount\":0,\"publisher\":{\"@id\":\"https:\/\/www.padreeustaquio.com.br\/#organization\"},\"image\":{\"@id\":\"https:\/\/www.padreeustaquio.com.br\/santuario-construido-por-padre-eustaquio-no-triangulo-e-elevado-a-basilica\/#primaryimage\"},\"thumbnailUrl\":\"https:\/\/www.padreeustaquio.com.br\/wp-content\/uploads\/2023\/11\/basilica-nossa-senhora-abadia.jpg\",\"articleSection\":[\"Not\u00edcias\"],\"inLanguage\":\"es\",\"potentialAction\":[{\"@type\":\"CommentAction\",\"name\":\"Comment\",\"target\":[\"https:\/\/www.padreeustaquio.com.br\/santuario-construido-por-padre-eustaquio-no-triangulo-e-elevado-a-basilica\/#respond\"]}]},{\"@type\":\"WebPage\",\"@id\":\"https:\/\/www.padreeustaquio.com.br\/santuario-construido-por-padre-eustaquio-no-triangulo-e-elevado-a-basilica\/\",\"url\":\"https:\/\/www.padreeustaquio.com.br\/santuario-construido-por-padre-eustaquio-no-triangulo-e-elevado-a-basilica\/\",\"name\":\"Santu\u00e1rio constru\u00eddo por Padre Eust\u00e1quio no Tri\u00e2ngulo \u00e9 elevado a Bas\u00edlica\",\"isPartOf\":{\"@id\":\"https:\/\/www.padreeustaquio.com.br\/#website\"},\"primaryImageOfPage\":{\"@id\":\"https:\/\/www.padreeustaquio.com.br\/santuario-construido-por-padre-eustaquio-no-triangulo-e-elevado-a-basilica\/#primaryimage\"},\"image\":{\"@id\":\"https:\/\/www.padreeustaquio.com.br\/santuario-construido-por-padre-eustaquio-no-triangulo-e-elevado-a-basilica\/#primaryimage\"},\"thumbnailUrl\":\"https:\/\/www.padreeustaquio.com.br\/wp-content\/uploads\/2023\/11\/basilica-nossa-senhora-abadia.jpg\",\"datePublished\":\"2023-11-15T10:44:01+00:00\",\"description\":\"O Santu\u00e1rio de Nossa Senhora da Abadia, em Romaria, primeira par\u00f3quia de Padre Eust\u00e1quio no Brasil ser\u00e1 elevado \u00e0 Bas\u00edlica. A Santa Missa de instala\u00e7\u00e3o da nova bas\u00edlica est\u00e1 marcada para a pr\u00f3xima segunda-feira, dia 20 de novembro, \u00e0s 10h.\",\"breadcrumb\":{\"@id\":\"https:\/\/www.padreeustaquio.com.br\/santuario-construido-por-padre-eustaquio-no-triangulo-e-elevado-a-basilica\/#breadcrumb\"},\"inLanguage\":\"es\",\"potentialAction\":[{\"@type\":\"ReadAction\",\"target\":[\"https:\/\/www.padreeustaquio.com.br\/santuario-construido-por-padre-eustaquio-no-triangulo-e-elevado-a-basilica\/\"]}]},{\"@type\":\"ImageObject\",\"inLanguage\":\"es\",\"@id\":\"https:\/\/www.padreeustaquio.com.br\/santuario-construido-por-padre-eustaquio-no-triangulo-e-elevado-a-basilica\/#primaryimage\",\"url\":\"https:\/\/www.padreeustaquio.com.br\/wp-content\/uploads\/2023\/11\/basilica-nossa-senhora-abadia.jpg\",\"contentUrl\":\"https:\/\/www.padreeustaquio.com.br\/wp-content\/uploads\/2023\/11\/basilica-nossa-senhora-abadia.jpg\",\"width\":1600,\"height\":1208},{\"@type\":\"BreadcrumbList\",\"@id\":\"https:\/\/www.padreeustaquio.com.br\/santuario-construido-por-padre-eustaquio-no-triangulo-e-elevado-a-basilica\/#breadcrumb\",\"itemListElement\":[{\"@type\":\"ListItem\",\"position\":1,\"name\":\"In\u00edcio\",\"item\":\"https:\/\/www.padreeustaquio.com.br\/\"},{\"@type\":\"ListItem\",\"position\":2,\"name\":\"Santu\u00e1rio constru\u00eddo por Padre Eust\u00e1quio no Tri\u00e2ngulo \u00e9 elevado a Bas\u00edlica\"}]},{\"@type\":\"WebSite\",\"@id\":\"https:\/\/www.padreeustaquio.com.br\/#website\",\"url\":\"https:\/\/www.padreeustaquio.com.br\/\",\"name\":\"Padre Eust\u00e1quio\",\"description\":\"Sa\u00fade e Paz\",\"publisher\":{\"@id\":\"https:\/\/www.padreeustaquio.com.br\/#organization\"},\"potentialAction\":[{\"@type\":\"SearchAction\",\"target\":{\"@type\":\"EntryPoint\",\"urlTemplate\":\"https:\/\/www.padreeustaquio.com.br\/?s={search_term_string}\"},\"query-input\":{\"@type\":\"PropertyValueSpecification\",\"valueRequired\":true,\"valueName\":\"search_term_string\"}}],\"inLanguage\":\"es\"},{\"@type\":\"Organization\",\"@id\":\"https:\/\/www.padreeustaquio.com.br\/#organization\",\"name\":\"Padre Eust\u00e1quio\",\"url\":\"https:\/\/www.padreeustaquio.com.br\/\",\"logo\":{\"@type\":\"ImageObject\",\"inLanguage\":\"es\",\"@id\":\"https:\/\/www.padreeustaquio.com.br\/#\/schema\/logo\/image\/\",\"url\":\"https:\/\/www.padreeustaquio.com.br\/wp-content\/uploads\/2019\/08\/marca.png\",\"contentUrl\":\"https:\/\/www.padreeustaquio.com.br\/wp-content\/uploads\/2019\/08\/marca.png\",\"width\":350,\"height\":400,\"caption\":\"Padre Eust\u00e1quio\"},\"image\":{\"@id\":\"https:\/\/www.padreeustaquio.com.br\/#\/schema\/logo\/image\/\"},\"sameAs\":[\"https:\/\/www.facebook.com\/beatopadreeustaquio\/\",\"https:\/\/x.com\/beatopeustaquio\",\"https:\/\/www.instagram.com\/beatopadreeustaquio\/\",\"https:\/\/www.youtube.com\/channel\/UCRhw7vfabnajwLxb1ZXMeIw\"]},{\"@type\":\"Person\",\"@id\":\"https:\/\/www.padreeustaquio.com.br\/#\/schema\/person\/a2a51db1d00f1a7af0204a0f1ddb1566\",\"name\":\"@sscc\",\"image\":{\"@type\":\"ImageObject\",\"inLanguage\":\"es\",\"@id\":\"https:\/\/secure.gravatar.com\/avatar\/68cfafa5f44617fea54071e215026e0ff06be366c3d54a8425f04fdcb86f8c5f?s=96&d=mm&r=g\",\"url\":\"https:\/\/secure.gravatar.com\/avatar\/68cfafa5f44617fea54071e215026e0ff06be366c3d54a8425f04fdcb86f8c5f?s=96&d=mm&r=g\",\"contentUrl\":\"https:\/\/secure.gravatar.com\/avatar\/68cfafa5f44617fea54071e215026e0ff06be366c3d54a8425f04fdcb86f8c5f?s=96&d=mm&r=g\",\"caption\":\"@sscc\"},\"url\":\"https:\/\/www.padreeustaquio.com.br\/es\/author\/sscc\/\"}]}<\/script>\n<!-- \/ Yoast SEO plugin. -->","yoast_head_json":{"title":"El santuario construido por el Padre Eust\u00e1quio en el Tri\u00e1ngulo es elevado a Bas\u00edlica.","description":"El Santuario de Nuestra Se\u00f1ora de la Abad\u00eda, en Romaria, la primera parroquia del Padre Eust\u00e1quio en Brasil, ser\u00e1 elevado a Bas\u00edlica. La Santa Misa de inauguraci\u00f3n de la nueva bas\u00edlica est\u00e1 programada para el pr\u00f3ximo lunes 20 de noviembre a las 10:00 h.","robots":{"index":"index","follow":"follow","max-snippet":"max-snippet:-1","max-image-preview":"max-image-preview:large","max-video-preview":"max-video-preview:-1"},"canonical":"https:\/\/www.padreeustaquio.com.br\/es\/santuario-construido-por-el-padre-eustaquio-en-el-triangulo-y-elevado-a-basilica\/","og_locale":"es_ES","og_type":"article","og_title":"Santu\u00e1rio constru\u00eddo por Padre Eust\u00e1quio no Tri\u00e2ngulo \u00e9 elevado a Bas\u00edlica","og_description":"O Santu\u00e1rio de Nossa Senhora da Abadia, em Romaria, primeira par\u00f3quia de Padre Eust\u00e1quio no Brasil ser\u00e1 elevado \u00e0 Bas\u00edlica. A Santa Missa de instala\u00e7\u00e3o da nova bas\u00edlica est\u00e1 marcada para a pr\u00f3xima segunda-feira, dia 20 de novembro, \u00e0s 10h.","og_url":"https:\/\/www.padreeustaquio.com.br\/es\/santuario-construido-por-el-padre-eustaquio-en-el-triangulo-y-elevado-a-basilica\/","og_site_name":"Padre Eust\u00e1quio","article_publisher":"https:\/\/www.facebook.com\/beatopadreeustaquio\/","article_published_time":"2023-11-15T10:44:01+00:00","og_image":[{"width":1600,"height":1208,"url":"https:\/\/www.padreeustaquio.com.br\/wp-content\/uploads\/2023\/11\/basilica-nossa-senhora-abadia.jpg","type":"image\/jpeg"}],"author":"@sscc","twitter_card":"summary_large_image","twitter_creator":"@beatopeustaquio","twitter_site":"@beatopeustaquio","twitter_misc":{"Escrito por":"@sscc","Tiempo de lectura":"2 minutos"},"schema":{"@context":"https:\/\/schema.org","@graph":[{"@type":"Article","@id":"https:\/\/www.padreeustaquio.com.br\/santuario-construido-por-padre-eustaquio-no-triangulo-e-elevado-a-basilica\/#article","isPartOf":{"@id":"https:\/\/www.padreeustaquio.com.br\/santuario-construido-por-padre-eustaquio-no-triangulo-e-elevado-a-basilica\/"},"author":{"name":"@sscc","@id":"https:\/\/www.padreeustaquio.com.br\/#\/schema\/person\/a2a51db1d00f1a7af0204a0f1ddb1566"},"headline":"Santu\u00e1rio constru\u00eddo por Padre Eust\u00e1quio no Tri\u00e2ngulo \u00e9 elevado a Bas\u00edlica","datePublished":"2023-11-15T10:44:01+00:00","mainEntityOfPage":{"@id":"https:\/\/www.padreeustaquio.com.br\/santuario-construido-por-padre-eustaquio-no-triangulo-e-elevado-a-basilica\/"},"wordCount":340,"commentCount":0,"publisher":{"@id":"https:\/\/www.padreeustaquio.com.br\/#organization"},"image":{"@id":"https:\/\/www.padreeustaquio.com.br\/santuario-construido-por-padre-eustaquio-no-triangulo-e-elevado-a-basilica\/#primaryimage"},"thumbnailUrl":"https:\/\/www.padreeustaquio.com.br\/wp-content\/uploads\/2023\/11\/basilica-nossa-senhora-abadia.jpg","articleSection":["Not\u00edcias"],"inLanguage":"es","potentialAction":[{"@type":"CommentAction","name":"Comment","target":["https:\/\/www.padreeustaquio.com.br\/santuario-construido-por-padre-eustaquio-no-triangulo-e-elevado-a-basilica\/#respond"]}]},{"@type":"WebPage","@id":"https:\/\/www.padreeustaquio.com.br\/santuario-construido-por-padre-eustaquio-no-triangulo-e-elevado-a-basilica\/","url":"https:\/\/www.padreeustaquio.com.br\/santuario-construido-por-padre-eustaquio-no-triangulo-e-elevado-a-basilica\/","name":"El santuario construido por el Padre Eust\u00e1quio en el Tri\u00e1ngulo es elevado a Bas\u00edlica.","isPartOf":{"@id":"https:\/\/www.padreeustaquio.com.br\/#website"},"primaryImageOfPage":{"@id":"https:\/\/www.padreeustaquio.com.br\/santuario-construido-por-padre-eustaquio-no-triangulo-e-elevado-a-basilica\/#primaryimage"},"image":{"@id":"https:\/\/www.padreeustaquio.com.br\/santuario-construido-por-padre-eustaquio-no-triangulo-e-elevado-a-basilica\/#primaryimage"},"thumbnailUrl":"https:\/\/www.padreeustaquio.com.br\/wp-content\/uploads\/2023\/11\/basilica-nossa-senhora-abadia.jpg","datePublished":"2023-11-15T10:44:01+00:00","description":"El Santuario de Nuestra Se\u00f1ora de la Abad\u00eda, en Romaria, la primera parroquia del Padre Eust\u00e1quio en Brasil, ser\u00e1 elevado a Bas\u00edlica. La Santa Misa de inauguraci\u00f3n de la nueva bas\u00edlica est\u00e1 programada para el pr\u00f3ximo lunes 20 de noviembre a las 10:00 h.","breadcrumb":{"@id":"https:\/\/www.padreeustaquio.com.br\/santuario-construido-por-padre-eustaquio-no-triangulo-e-elevado-a-basilica\/#breadcrumb"},"inLanguage":"es","potentialAction":[{"@type":"ReadAction","target":["https:\/\/www.padreeustaquio.com.br\/santuario-construido-por-padre-eustaquio-no-triangulo-e-elevado-a-basilica\/"]}]},{"@type":"ImageObject","inLanguage":"es","@id":"https:\/\/www.padreeustaquio.com.br\/santuario-construido-por-padre-eustaquio-no-triangulo-e-elevado-a-basilica\/#primaryimage","url":"https:\/\/www.padreeustaquio.com.br\/wp-content\/uploads\/2023\/11\/basilica-nossa-senhora-abadia.jpg","contentUrl":"https:\/\/www.padreeustaquio.com.br\/wp-content\/uploads\/2023\/11\/basilica-nossa-senhora-abadia.jpg","width":1600,"height":1208},{"@type":"BreadcrumbList","@id":"https:\/\/www.padreeustaquio.com.br\/santuario-construido-por-padre-eustaquio-no-triangulo-e-elevado-a-basilica\/#breadcrumb","itemListElement":[{"@type":"ListItem","position":1,"name":"In\u00edcio","item":"https:\/\/www.padreeustaquio.com.br\/"},{"@type":"ListItem","position":2,"name":"Santu\u00e1rio constru\u00eddo por Padre Eust\u00e1quio no Tri\u00e2ngulo \u00e9 elevado a Bas\u00edlica"}]},{"@type":"WebSite","@id":"https:\/\/www.padreeustaquio.com.br\/#website","url":"https:\/\/www.padreeustaquio.com.br\/","name":"Padre Eustace","description":"Salud y Paz","publisher":{"@id":"https:\/\/www.padreeustaquio.com.br\/#organization"},"potentialAction":[{"@type":"SearchAction","target":{"@type":"EntryPoint","urlTemplate":"https:\/\/www.padreeustaquio.com.br\/?s={search_term_string}"},"query-input":{"@type":"PropertyValueSpecification","valueRequired":true,"valueName":"search_term_string"}}],"inLanguage":"es"},{"@type":"Organization","@id":"https:\/\/www.padreeustaquio.com.br\/#organization","name":"Padre Eustace","url":"https:\/\/www.padreeustaquio.com.br\/","logo":{"@type":"ImageObject","inLanguage":"es","@id":"https:\/\/www.padreeustaquio.com.br\/#\/schema\/logo\/image\/","url":"https:\/\/www.padreeustaquio.com.br\/wp-content\/uploads\/2019\/08\/marca.png","contentUrl":"https:\/\/www.padreeustaquio.com.br\/wp-content\/uploads\/2019\/08\/marca.png","width":350,"height":400,"caption":"Padre Eust\u00e1quio"},"image":{"@id":"https:\/\/www.padreeustaquio.com.br\/#\/schema\/logo\/image\/"},"sameAs":["https:\/\/www.facebook.com\/beatopadreeustaquio\/","https:\/\/x.com\/beatopeustaquio","https:\/\/www.instagram.com\/beatopadreeustaquio\/","https:\/\/www.youtube.com\/channel\/UCRhw7vfabnajwLxb1ZXMeIw"]},{"@type":"Person","@id":"https:\/\/www.padreeustaquio.com.br\/#\/schema\/person\/a2a51db1d00f1a7af0204a0f1ddb1566","name":"@sscc","image":{"@type":"ImageObject","inLanguage":"es","@id":"https:\/\/secure.gravatar.com\/avatar\/68cfafa5f44617fea54071e215026e0ff06be366c3d54a8425f04fdcb86f8c5f?s=96&d=mm&r=g","url":"https:\/\/secure.gravatar.com\/avatar\/68cfafa5f44617fea54071e215026e0ff06be366c3d54a8425f04fdcb86f8c5f?s=96&d=mm&r=g","contentUrl":"https:\/\/secure.gravatar.com\/avatar\/68cfafa5f44617fea54071e215026e0ff06be366c3d54a8425f04fdcb86f8c5f?s=96&d=mm&r=g","caption":"@sscc"},"url":"https:\/\/www.padreeustaquio.com.br\/es\/author\/sscc\/"}]}},"_links":{"self":[{"href":"https:\/\/www.padreeustaquio.com.br\/es\/wp-json\/wp\/v2\/posts\/11002","targetHints":{"allow":["GET"]}}],"collection":[{"href":"https:\/\/www.padreeustaquio.com.br\/es\/wp-json\/wp\/v2\/posts"}],"about":[{"href":"https:\/\/www.padreeustaquio.com.br\/es\/wp-json\/wp\/v2\/types\/post"}],"author":[{"embeddable":true,"href":"https:\/\/www.padreeustaquio.com.br\/es\/wp-json\/wp\/v2\/users\/2"}],"replies":[{"embeddable":true,"href":"https:\/\/www.padreeustaquio.com.br\/es\/wp-json\/wp\/v2\/comments?post=11002"}],"version-history":[{"count":0,"href":"https:\/\/www.padreeustaquio.com.br\/es\/wp-json\/wp\/v2\/posts\/11002\/revisions"}],"wp:featuredmedia":[{"embeddable":true,"href":"https:\/\/www.padreeustaquio.com.br\/es\/wp-json\/wp\/v2\/media\/11004"}],"wp:attachment":[{"href":"https:\/\/www.padreeustaquio.com.br\/es\/wp-json\/wp\/v2\/media?parent=11002"}],"wp:term":[{"taxonomy":"category","embeddable":true,"href":"https:\/\/www.padreeustaquio.com.br\/es\/wp-json\/wp\/v2\/categories?post=11002"},{"taxonomy":"post_tag","embeddable":true,"href":"https:\/\/www.padreeustaquio.com.br\/es\/wp-json\/wp\/v2\/tags?post=11002"}],"curies":[{"name":"wp","href":"https:\/\/api.w.org\/{rel}","templated":true}]}}