{"id":10999,"date":"2023-11-13T09:26:07","date_gmt":"2023-11-13T12:26:07","guid":{"rendered":"https:\/\/www.padreeustaquio.com.br\/?p=10999"},"modified":"2023-11-14T13:07:11","modified_gmt":"2023-11-14T16:07:11","slug":"vanildo-lima-sena-es-el-diacono-mas-nuevo-de-los-sagrados-corazones","status":"publish","type":"post","link":"https:\/\/www.padreeustaquio.com.br\/es\/vanildo-lima-sena-es-el-diacono-mas-nuevo-de-los-sagrados-corazones\/","title":{"rendered":"Vanildo Lima Sena es el m\u00e1s nuevo Di\u00e1cono de los Sagrados Corazones."},"content":{"rendered":"<p>Durante la Santa Misa del pasado viernes 10 de noviembre, el Hermano Vanildo Lima Sena fue ordenado Di\u00e1cono de la Santa Iglesia. La ceremonia fue presidida por Dom Alo\u00edsio Jorge Pena Vitral, Obispo Em\u00e9rito de la Di\u00f3cesis de Sete Lagoas-MG. Tras la homil\u00eda, Dom Alo\u00edsio procedi\u00f3 a la imposici\u00f3n de manos y la oraci\u00f3n consagratoria, ritos que caracterizan el signo visible del sacramento del Orden.<\/p>\n<p>La ceremonia de ordenaci\u00f3n, prevista para las 19.00 horas, se realiz\u00f3 en el Santuario Arquidiocesano de Salud y Paz de Belo Horizonte, lugar conocido como la Iglesia del Beato Padre Eust\u00e1quio.<\/p>\n<p>Adem\u00e1s de los familiares del Hermano Vanildo, provenientes del estado de Esp\u00edrito Santo, toda la comunidad parroquial y los visitantes participaron en persona en la celebraci\u00f3n, que tambi\u00e9n se transmiti\u00f3 en vivo por el Canal Padre Eust\u00e1quio en YouTube. V\u00e9ala de nuevo. <a href=\"https:\/\/youtube.com\/live\/URxzl2zcq7I?feature=share\">HAGA CLIC AQU\u00cd<\/a>.<\/p>\n<p><strong>Hermano Vanildo Lima Sena<\/strong><\/p>\n<p>Vanildo Lima Sena, SS.CC. naci\u00f3 en la ciudad de Anchieta-ES, el 12 de diciembre de 1992. Hijo de Valdemir Jos\u00e9 Sena y Marilza Machado Lima Sena, ingres\u00f3 a la Congregaci\u00f3n de los Sagrados Corazones en 2016. Complet\u00f3 su noviciado en 2019 en Chaclacayo y profes\u00f3 sus primeros votos el 25 de enero de 2020, en la Capilla de Casa Anchieta en Boraceia-SP.<\/p>\n<p>Complet\u00f3 sus estudios de Teolog\u00eda en 2020 en la Facultad Jesuita. En 2021, complet\u00f3 su a\u00f1o pastoral en la Comunidad de los Sagrados Corazones en Tijuca, R\u00edo de Janeiro. Desde 2022, reside en la comunidad religiosa del Santuario de la Salud y la Paz, donde trabaja pastoralmente. Emiti\u00f3 sus votos perpetuos el 27 de julio de 2023 en la Capilla S\u00e3o Jos\u00e9 Oper\u00e1rio en Pindamonhangaba, SP.<\/p>","protected":false},"excerpt":{"rendered":"<p>Durante a Santa Missa da \u00faltima sexta-feira, dia 10 de novembro, o Ir. Vanildo Lima Sena, foi ordenado Di\u00e1cono da Santa Igreja. A cerim\u00f4nia foi\u00a0 presidida por Dom Alo\u00edsio Jorge Pena Vitral, bispo em\u00e9rito da Diocese de Sete Lagoas-MG. Ap\u00f3s a homilia, D. Alo\u00edsio procedeu com a imposi\u00e7\u00e3o das m\u00e3os e a ora\u00e7\u00e3o consecrat\u00f3ria, ritos que caracterizam\u00a0 o sinal vis\u00edvel do sacramento da ordem. A cerim\u00f4nia de ordena\u00e7\u00e3o, marcada para \u00e0s 19h, foi realizada no Santu\u00e1rio Arquidiocesano da Sa\u00fade e da Paz, em Belo Horizonte, local conhecido com Igreja do Beato Padre Eust\u00e1quio. Al\u00e9m dos familiares do irm\u00e3o Vanildo, vindos [&hellip;]<\/p>\n","protected":false},"author":2,"featured_media":11001,"comment_status":"open","ping_status":"closed","sticky":false,"template":"","format":"standard","meta":{"_acf_changed":false,"footnotes":""},"categories":[611],"tags":[],"class_list":["post-10999","post","type-post","status-publish","format-standard","has-post-thumbnail","hentry","category-noticias"],"acf":[],"yoast_head":"<!-- This site is optimized with the Yoast SEO plugin v27.2 - https:\/\/yoast.com\/product\/yoast-seo-wordpress\/ -->\n<title>Vanildo Lima Sena \u00e9 o mais novo Di\u00e1cono dos Sagrados Cora\u00e7\u00f5es<\/title>\n<meta name=\"description\" content=\"Durante a Santa Missa da \u00faltima sexta-feira, dia 10 de novembro, o Ir. Vanildo Lima Sena, foi ordenado Di\u00e1cono da Santa Igreja. A cerim\u00f4nia foi\u00a0 presidida por Dom Alo\u00edsio Jorge Pena Vitral, bispo em\u00e9rito da Diocese de Sete Lagoas-MG. Ap\u00f3s a homilia, D. Alo\u00edsio procedeu com a imposi\u00e7\u00e3o das m\u00e3os e a ora\u00e7\u00e3o consecrat\u00f3ria, ritos que caracterizam\u00a0 o sinal vis\u00edvel do sacramento da ordem.\" \/>\n<meta name=\"robots\" content=\"index, follow, max-snippet:-1, max-image-preview:large, max-video-preview:-1\" \/>\n<link rel=\"canonical\" href=\"https:\/\/www.padreeustaquio.com.br\/es\/vanildo-lima-sena-es-el-diacono-mas-nuevo-de-los-sagrados-corazones\/\" \/>\n<meta property=\"og:locale\" content=\"es_ES\" \/>\n<meta property=\"og:type\" content=\"article\" \/>\n<meta property=\"og:title\" content=\"Vanildo Lima Sena \u00e9 o mais novo Di\u00e1cono dos Sagrados Cora\u00e7\u00f5es\" \/>\n<meta property=\"og:description\" content=\"Durante a Santa Missa da \u00faltima sexta-feira, dia 10 de novembro, o Ir. Vanildo Lima Sena, foi ordenado Di\u00e1cono da Santa Igreja. A cerim\u00f4nia foi\u00a0 presidida por Dom Alo\u00edsio Jorge Pena Vitral, bispo em\u00e9rito da Diocese de Sete Lagoas-MG. Ap\u00f3s a homilia, D. Alo\u00edsio procedeu com a imposi\u00e7\u00e3o das m\u00e3os e a ora\u00e7\u00e3o consecrat\u00f3ria, ritos que caracterizam\u00a0 o sinal vis\u00edvel do sacramento da ordem.\" \/>\n<meta property=\"og:url\" content=\"https:\/\/www.padreeustaquio.com.br\/es\/vanildo-lima-sena-es-el-diacono-mas-nuevo-de-los-sagrados-corazones\/\" \/>\n<meta property=\"og:site_name\" content=\"Padre Eust\u00e1quio\" \/>\n<meta property=\"article:publisher\" content=\"https:\/\/www.facebook.com\/beatopadreeustaquio\/\" \/>\n<meta property=\"article:published_time\" content=\"2023-11-13T12:26:07+00:00\" \/>\n<meta property=\"article:modified_time\" content=\"2023-11-14T16:07:11+00:00\" \/>\n<meta property=\"og:image\" content=\"https:\/\/www.padreeustaquio.com.br\/wp-content\/uploads\/2023\/11\/Diacono-Vanildo.jpeg\" \/>\n\t<meta property=\"og:image:width\" content=\"1600\" \/>\n\t<meta property=\"og:image:height\" content=\"1200\" \/>\n\t<meta property=\"og:image:type\" content=\"image\/jpeg\" \/>\n<meta name=\"author\" content=\"@sscc\" \/>\n<meta name=\"twitter:card\" content=\"summary_large_image\" \/>\n<meta name=\"twitter:creator\" content=\"@beatopeustaquio\" \/>\n<meta name=\"twitter:site\" content=\"@beatopeustaquio\" \/>\n<meta name=\"twitter:label1\" content=\"Escrito por\" \/>\n\t<meta name=\"twitter:data1\" content=\"@sscc\" \/>\n\t<meta name=\"twitter:label2\" content=\"Tiempo de lectura\" \/>\n\t<meta name=\"twitter:data2\" content=\"2 minutos\" \/>\n<script type=\"application\/ld+json\" class=\"yoast-schema-graph\">{\"@context\":\"https:\/\/schema.org\",\"@graph\":[{\"@type\":\"Article\",\"@id\":\"https:\/\/www.padreeustaquio.com.br\/vanildo-lima-sena-e-o-mais-novo-diacono-dos-sagrados-coracoes\/#article\",\"isPartOf\":{\"@id\":\"https:\/\/www.padreeustaquio.com.br\/vanildo-lima-sena-e-o-mais-novo-diacono-dos-sagrados-coracoes\/\"},\"author\":{\"name\":\"@sscc\",\"@id\":\"https:\/\/www.padreeustaquio.com.br\/#\/schema\/person\/a2a51db1d00f1a7af0204a0f1ddb1566\"},\"headline\":\"Vanildo Lima Sena \u00e9 o mais novo Di\u00e1cono dos Sagrados Cora\u00e7\u00f5es\",\"datePublished\":\"2023-11-13T12:26:07+00:00\",\"dateModified\":\"2023-11-14T16:07:11+00:00\",\"mainEntityOfPage\":{\"@id\":\"https:\/\/www.padreeustaquio.com.br\/vanildo-lima-sena-e-o-mais-novo-diacono-dos-sagrados-coracoes\/\"},\"wordCount\":283,\"commentCount\":0,\"publisher\":{\"@id\":\"https:\/\/www.padreeustaquio.com.br\/#organization\"},\"image\":{\"@id\":\"https:\/\/www.padreeustaquio.com.br\/vanildo-lima-sena-e-o-mais-novo-diacono-dos-sagrados-coracoes\/#primaryimage\"},\"thumbnailUrl\":\"https:\/\/www.padreeustaquio.com.br\/wp-content\/uploads\/2023\/11\/Diacono-Vanildo.jpeg\",\"articleSection\":[\"Not\u00edcias\"],\"inLanguage\":\"es\",\"potentialAction\":[{\"@type\":\"CommentAction\",\"name\":\"Comment\",\"target\":[\"https:\/\/www.padreeustaquio.com.br\/vanildo-lima-sena-e-o-mais-novo-diacono-dos-sagrados-coracoes\/#respond\"]}]},{\"@type\":\"WebPage\",\"@id\":\"https:\/\/www.padreeustaquio.com.br\/vanildo-lima-sena-e-o-mais-novo-diacono-dos-sagrados-coracoes\/\",\"url\":\"https:\/\/www.padreeustaquio.com.br\/vanildo-lima-sena-e-o-mais-novo-diacono-dos-sagrados-coracoes\/\",\"name\":\"Vanildo Lima Sena \u00e9 o mais novo Di\u00e1cono dos Sagrados Cora\u00e7\u00f5es\",\"isPartOf\":{\"@id\":\"https:\/\/www.padreeustaquio.com.br\/#website\"},\"primaryImageOfPage\":{\"@id\":\"https:\/\/www.padreeustaquio.com.br\/vanildo-lima-sena-e-o-mais-novo-diacono-dos-sagrados-coracoes\/#primaryimage\"},\"image\":{\"@id\":\"https:\/\/www.padreeustaquio.com.br\/vanildo-lima-sena-e-o-mais-novo-diacono-dos-sagrados-coracoes\/#primaryimage\"},\"thumbnailUrl\":\"https:\/\/www.padreeustaquio.com.br\/wp-content\/uploads\/2023\/11\/Diacono-Vanildo.jpeg\",\"datePublished\":\"2023-11-13T12:26:07+00:00\",\"dateModified\":\"2023-11-14T16:07:11+00:00\",\"description\":\"Durante a Santa Missa da \u00faltima sexta-feira, dia 10 de novembro, o Ir. Vanildo Lima Sena, foi ordenado Di\u00e1cono da Santa Igreja. A cerim\u00f4nia foi\u00a0 presidida por Dom Alo\u00edsio Jorge Pena Vitral, bispo em\u00e9rito da Diocese de Sete Lagoas-MG. Ap\u00f3s a homilia, D. Alo\u00edsio procedeu com a imposi\u00e7\u00e3o das m\u00e3os e a ora\u00e7\u00e3o consecrat\u00f3ria, ritos que caracterizam\u00a0 o sinal vis\u00edvel do sacramento da ordem.\",\"breadcrumb\":{\"@id\":\"https:\/\/www.padreeustaquio.com.br\/vanildo-lima-sena-e-o-mais-novo-diacono-dos-sagrados-coracoes\/#breadcrumb\"},\"inLanguage\":\"es\",\"potentialAction\":[{\"@type\":\"ReadAction\",\"target\":[\"https:\/\/www.padreeustaquio.com.br\/vanildo-lima-sena-e-o-mais-novo-diacono-dos-sagrados-coracoes\/\"]}]},{\"@type\":\"ImageObject\",\"inLanguage\":\"es\",\"@id\":\"https:\/\/www.padreeustaquio.com.br\/vanildo-lima-sena-e-o-mais-novo-diacono-dos-sagrados-coracoes\/#primaryimage\",\"url\":\"https:\/\/www.padreeustaquio.com.br\/wp-content\/uploads\/2023\/11\/Diacono-Vanildo.jpeg\",\"contentUrl\":\"https:\/\/www.padreeustaquio.com.br\/wp-content\/uploads\/2023\/11\/Diacono-Vanildo.jpeg\",\"width\":1600,\"height\":1200},{\"@type\":\"BreadcrumbList\",\"@id\":\"https:\/\/www.padreeustaquio.com.br\/vanildo-lima-sena-e-o-mais-novo-diacono-dos-sagrados-coracoes\/#breadcrumb\",\"itemListElement\":[{\"@type\":\"ListItem\",\"position\":1,\"name\":\"In\u00edcio\",\"item\":\"https:\/\/www.padreeustaquio.com.br\/\"},{\"@type\":\"ListItem\",\"position\":2,\"name\":\"Vanildo Lima Sena \u00e9 o mais novo Di\u00e1cono dos Sagrados Cora\u00e7\u00f5es\"}]},{\"@type\":\"WebSite\",\"@id\":\"https:\/\/www.padreeustaquio.com.br\/#website\",\"url\":\"https:\/\/www.padreeustaquio.com.br\/\",\"name\":\"Padre Eust\u00e1quio\",\"description\":\"Sa\u00fade e Paz\",\"publisher\":{\"@id\":\"https:\/\/www.padreeustaquio.com.br\/#organization\"},\"potentialAction\":[{\"@type\":\"SearchAction\",\"target\":{\"@type\":\"EntryPoint\",\"urlTemplate\":\"https:\/\/www.padreeustaquio.com.br\/?s={search_term_string}\"},\"query-input\":{\"@type\":\"PropertyValueSpecification\",\"valueRequired\":true,\"valueName\":\"search_term_string\"}}],\"inLanguage\":\"es\"},{\"@type\":\"Organization\",\"@id\":\"https:\/\/www.padreeustaquio.com.br\/#organization\",\"name\":\"Padre Eust\u00e1quio\",\"url\":\"https:\/\/www.padreeustaquio.com.br\/\",\"logo\":{\"@type\":\"ImageObject\",\"inLanguage\":\"es\",\"@id\":\"https:\/\/www.padreeustaquio.com.br\/#\/schema\/logo\/image\/\",\"url\":\"https:\/\/www.padreeustaquio.com.br\/wp-content\/uploads\/2019\/08\/marca.png\",\"contentUrl\":\"https:\/\/www.padreeustaquio.com.br\/wp-content\/uploads\/2019\/08\/marca.png\",\"width\":350,\"height\":400,\"caption\":\"Padre Eust\u00e1quio\"},\"image\":{\"@id\":\"https:\/\/www.padreeustaquio.com.br\/#\/schema\/logo\/image\/\"},\"sameAs\":[\"https:\/\/www.facebook.com\/beatopadreeustaquio\/\",\"https:\/\/x.com\/beatopeustaquio\",\"https:\/\/www.instagram.com\/beatopadreeustaquio\/\",\"https:\/\/www.youtube.com\/channel\/UCRhw7vfabnajwLxb1ZXMeIw\"]},{\"@type\":\"Person\",\"@id\":\"https:\/\/www.padreeustaquio.com.br\/#\/schema\/person\/a2a51db1d00f1a7af0204a0f1ddb1566\",\"name\":\"@sscc\",\"image\":{\"@type\":\"ImageObject\",\"inLanguage\":\"es\",\"@id\":\"https:\/\/secure.gravatar.com\/avatar\/68cfafa5f44617fea54071e215026e0ff06be366c3d54a8425f04fdcb86f8c5f?s=96&d=mm&r=g\",\"url\":\"https:\/\/secure.gravatar.com\/avatar\/68cfafa5f44617fea54071e215026e0ff06be366c3d54a8425f04fdcb86f8c5f?s=96&d=mm&r=g\",\"contentUrl\":\"https:\/\/secure.gravatar.com\/avatar\/68cfafa5f44617fea54071e215026e0ff06be366c3d54a8425f04fdcb86f8c5f?s=96&d=mm&r=g\",\"caption\":\"@sscc\"},\"url\":\"https:\/\/www.padreeustaquio.com.br\/es\/author\/sscc\/\"}]}<\/script>\n<!-- \/ Yoast SEO plugin. -->","yoast_head_json":{"title":"Vanildo Lima Sena es el m\u00e1s nuevo Di\u00e1cono de los Sagrados Corazones.","description":"Durante la Santa Misa del pasado viernes 10 de noviembre, el Hermano Vanildo Lima Sena fue ordenado Di\u00e1cono de la Santa Iglesia. La ceremonia fue presidida por Dom Alo\u00edsio Jorge Pena Vitral, Obispo Em\u00e9rito de la Di\u00f3cesis de Sete Lagoas-MG. Tras la homil\u00eda, Dom Alo\u00edsio procedi\u00f3 a la imposici\u00f3n de manos y la oraci\u00f3n consagratoria, ritos que caracterizan el signo visible del sacramento del Orden.","robots":{"index":"index","follow":"follow","max-snippet":"max-snippet:-1","max-image-preview":"max-image-preview:large","max-video-preview":"max-video-preview:-1"},"canonical":"https:\/\/www.padreeustaquio.com.br\/es\/vanildo-lima-sena-es-el-diacono-mas-nuevo-de-los-sagrados-corazones\/","og_locale":"es_ES","og_type":"article","og_title":"Vanildo Lima Sena \u00e9 o mais novo Di\u00e1cono dos Sagrados Cora\u00e7\u00f5es","og_description":"Durante a Santa Missa da \u00faltima sexta-feira, dia 10 de novembro, o Ir. Vanildo Lima Sena, foi ordenado Di\u00e1cono da Santa Igreja. A cerim\u00f4nia foi\u00a0 presidida por Dom Alo\u00edsio Jorge Pena Vitral, bispo em\u00e9rito da Diocese de Sete Lagoas-MG. Ap\u00f3s a homilia, D. Alo\u00edsio procedeu com a imposi\u00e7\u00e3o das m\u00e3os e a ora\u00e7\u00e3o consecrat\u00f3ria, ritos que caracterizam\u00a0 o sinal vis\u00edvel do sacramento da ordem.","og_url":"https:\/\/www.padreeustaquio.com.br\/es\/vanildo-lima-sena-es-el-diacono-mas-nuevo-de-los-sagrados-corazones\/","og_site_name":"Padre Eust\u00e1quio","article_publisher":"https:\/\/www.facebook.com\/beatopadreeustaquio\/","article_published_time":"2023-11-13T12:26:07+00:00","article_modified_time":"2023-11-14T16:07:11+00:00","og_image":[{"width":1600,"height":1200,"url":"https:\/\/www.padreeustaquio.com.br\/wp-content\/uploads\/2023\/11\/Diacono-Vanildo.jpeg","type":"image\/jpeg"}],"author":"@sscc","twitter_card":"summary_large_image","twitter_creator":"@beatopeustaquio","twitter_site":"@beatopeustaquio","twitter_misc":{"Escrito por":"@sscc","Tiempo de lectura":"2 minutos"},"schema":{"@context":"https:\/\/schema.org","@graph":[{"@type":"Article","@id":"https:\/\/www.padreeustaquio.com.br\/vanildo-lima-sena-e-o-mais-novo-diacono-dos-sagrados-coracoes\/#article","isPartOf":{"@id":"https:\/\/www.padreeustaquio.com.br\/vanildo-lima-sena-e-o-mais-novo-diacono-dos-sagrados-coracoes\/"},"author":{"name":"@sscc","@id":"https:\/\/www.padreeustaquio.com.br\/#\/schema\/person\/a2a51db1d00f1a7af0204a0f1ddb1566"},"headline":"Vanildo Lima Sena \u00e9 o mais novo Di\u00e1cono dos Sagrados Cora\u00e7\u00f5es","datePublished":"2023-11-13T12:26:07+00:00","dateModified":"2023-11-14T16:07:11+00:00","mainEntityOfPage":{"@id":"https:\/\/www.padreeustaquio.com.br\/vanildo-lima-sena-e-o-mais-novo-diacono-dos-sagrados-coracoes\/"},"wordCount":283,"commentCount":0,"publisher":{"@id":"https:\/\/www.padreeustaquio.com.br\/#organization"},"image":{"@id":"https:\/\/www.padreeustaquio.com.br\/vanildo-lima-sena-e-o-mais-novo-diacono-dos-sagrados-coracoes\/#primaryimage"},"thumbnailUrl":"https:\/\/www.padreeustaquio.com.br\/wp-content\/uploads\/2023\/11\/Diacono-Vanildo.jpeg","articleSection":["Not\u00edcias"],"inLanguage":"es","potentialAction":[{"@type":"CommentAction","name":"Comment","target":["https:\/\/www.padreeustaquio.com.br\/vanildo-lima-sena-e-o-mais-novo-diacono-dos-sagrados-coracoes\/#respond"]}]},{"@type":"WebPage","@id":"https:\/\/www.padreeustaquio.com.br\/vanildo-lima-sena-e-o-mais-novo-diacono-dos-sagrados-coracoes\/","url":"https:\/\/www.padreeustaquio.com.br\/vanildo-lima-sena-e-o-mais-novo-diacono-dos-sagrados-coracoes\/","name":"Vanildo Lima Sena es el m\u00e1s nuevo Di\u00e1cono de los Sagrados Corazones.","isPartOf":{"@id":"https:\/\/www.padreeustaquio.com.br\/#website"},"primaryImageOfPage":{"@id":"https:\/\/www.padreeustaquio.com.br\/vanildo-lima-sena-e-o-mais-novo-diacono-dos-sagrados-coracoes\/#primaryimage"},"image":{"@id":"https:\/\/www.padreeustaquio.com.br\/vanildo-lima-sena-e-o-mais-novo-diacono-dos-sagrados-coracoes\/#primaryimage"},"thumbnailUrl":"https:\/\/www.padreeustaquio.com.br\/wp-content\/uploads\/2023\/11\/Diacono-Vanildo.jpeg","datePublished":"2023-11-13T12:26:07+00:00","dateModified":"2023-11-14T16:07:11+00:00","description":"Durante la Santa Misa del pasado viernes 10 de noviembre, el Hermano Vanildo Lima Sena fue ordenado Di\u00e1cono de la Santa Iglesia. La ceremonia fue presidida por Dom Alo\u00edsio Jorge Pena Vitral, Obispo Em\u00e9rito de la Di\u00f3cesis de Sete Lagoas-MG. Tras la homil\u00eda, Dom Alo\u00edsio procedi\u00f3 a la imposici\u00f3n de manos y la oraci\u00f3n consagratoria, ritos que caracterizan el signo visible del sacramento del Orden.","breadcrumb":{"@id":"https:\/\/www.padreeustaquio.com.br\/vanildo-lima-sena-e-o-mais-novo-diacono-dos-sagrados-coracoes\/#breadcrumb"},"inLanguage":"es","potentialAction":[{"@type":"ReadAction","target":["https:\/\/www.padreeustaquio.com.br\/vanildo-lima-sena-e-o-mais-novo-diacono-dos-sagrados-coracoes\/"]}]},{"@type":"ImageObject","inLanguage":"es","@id":"https:\/\/www.padreeustaquio.com.br\/vanildo-lima-sena-e-o-mais-novo-diacono-dos-sagrados-coracoes\/#primaryimage","url":"https:\/\/www.padreeustaquio.com.br\/wp-content\/uploads\/2023\/11\/Diacono-Vanildo.jpeg","contentUrl":"https:\/\/www.padreeustaquio.com.br\/wp-content\/uploads\/2023\/11\/Diacono-Vanildo.jpeg","width":1600,"height":1200},{"@type":"BreadcrumbList","@id":"https:\/\/www.padreeustaquio.com.br\/vanildo-lima-sena-e-o-mais-novo-diacono-dos-sagrados-coracoes\/#breadcrumb","itemListElement":[{"@type":"ListItem","position":1,"name":"In\u00edcio","item":"https:\/\/www.padreeustaquio.com.br\/"},{"@type":"ListItem","position":2,"name":"Vanildo Lima Sena \u00e9 o mais novo Di\u00e1cono dos Sagrados Cora\u00e7\u00f5es"}]},{"@type":"WebSite","@id":"https:\/\/www.padreeustaquio.com.br\/#website","url":"https:\/\/www.padreeustaquio.com.br\/","name":"Padre Eustace","description":"Salud y Paz","publisher":{"@id":"https:\/\/www.padreeustaquio.com.br\/#organization"},"potentialAction":[{"@type":"SearchAction","target":{"@type":"EntryPoint","urlTemplate":"https:\/\/www.padreeustaquio.com.br\/?s={search_term_string}"},"query-input":{"@type":"PropertyValueSpecification","valueRequired":true,"valueName":"search_term_string"}}],"inLanguage":"es"},{"@type":"Organization","@id":"https:\/\/www.padreeustaquio.com.br\/#organization","name":"Padre Eustace","url":"https:\/\/www.padreeustaquio.com.br\/","logo":{"@type":"ImageObject","inLanguage":"es","@id":"https:\/\/www.padreeustaquio.com.br\/#\/schema\/logo\/image\/","url":"https:\/\/www.padreeustaquio.com.br\/wp-content\/uploads\/2019\/08\/marca.png","contentUrl":"https:\/\/www.padreeustaquio.com.br\/wp-content\/uploads\/2019\/08\/marca.png","width":350,"height":400,"caption":"Padre Eust\u00e1quio"},"image":{"@id":"https:\/\/www.padreeustaquio.com.br\/#\/schema\/logo\/image\/"},"sameAs":["https:\/\/www.facebook.com\/beatopadreeustaquio\/","https:\/\/x.com\/beatopeustaquio","https:\/\/www.instagram.com\/beatopadreeustaquio\/","https:\/\/www.youtube.com\/channel\/UCRhw7vfabnajwLxb1ZXMeIw"]},{"@type":"Person","@id":"https:\/\/www.padreeustaquio.com.br\/#\/schema\/person\/a2a51db1d00f1a7af0204a0f1ddb1566","name":"@sscc","image":{"@type":"ImageObject","inLanguage":"es","@id":"https:\/\/secure.gravatar.com\/avatar\/68cfafa5f44617fea54071e215026e0ff06be366c3d54a8425f04fdcb86f8c5f?s=96&d=mm&r=g","url":"https:\/\/secure.gravatar.com\/avatar\/68cfafa5f44617fea54071e215026e0ff06be366c3d54a8425f04fdcb86f8c5f?s=96&d=mm&r=g","contentUrl":"https:\/\/secure.gravatar.com\/avatar\/68cfafa5f44617fea54071e215026e0ff06be366c3d54a8425f04fdcb86f8c5f?s=96&d=mm&r=g","caption":"@sscc"},"url":"https:\/\/www.padreeustaquio.com.br\/es\/author\/sscc\/"}]}},"_links":{"self":[{"href":"https:\/\/www.padreeustaquio.com.br\/es\/wp-json\/wp\/v2\/posts\/10999","targetHints":{"allow":["GET"]}}],"collection":[{"href":"https:\/\/www.padreeustaquio.com.br\/es\/wp-json\/wp\/v2\/posts"}],"about":[{"href":"https:\/\/www.padreeustaquio.com.br\/es\/wp-json\/wp\/v2\/types\/post"}],"author":[{"embeddable":true,"href":"https:\/\/www.padreeustaquio.com.br\/es\/wp-json\/wp\/v2\/users\/2"}],"replies":[{"embeddable":true,"href":"https:\/\/www.padreeustaquio.com.br\/es\/wp-json\/wp\/v2\/comments?post=10999"}],"version-history":[{"count":0,"href":"https:\/\/www.padreeustaquio.com.br\/es\/wp-json\/wp\/v2\/posts\/10999\/revisions"}],"wp:featuredmedia":[{"embeddable":true,"href":"https:\/\/www.padreeustaquio.com.br\/es\/wp-json\/wp\/v2\/media\/11001"}],"wp:attachment":[{"href":"https:\/\/www.padreeustaquio.com.br\/es\/wp-json\/wp\/v2\/media?parent=10999"}],"wp:term":[{"taxonomy":"category","embeddable":true,"href":"https:\/\/www.padreeustaquio.com.br\/es\/wp-json\/wp\/v2\/categories?post=10999"},{"taxonomy":"post_tag","embeddable":true,"href":"https:\/\/www.padreeustaquio.com.br\/es\/wp-json\/wp\/v2\/tags?post=10999"}],"curies":[{"name":"wp","href":"https:\/\/api.w.org\/{rel}","templated":true}]}}