{"id":10993,"date":"2023-11-08T07:00:17","date_gmt":"2023-11-08T10:00:17","guid":{"rendered":"https:\/\/www.padreeustaquio.com.br\/?p=10993"},"modified":"2023-11-09T09:25:43","modified_gmt":"2023-11-09T12:25:43","slug":"el-hermano-vanildo-sera-ordenado-diacono-este-viernes-en-belo-horizonte","status":"publish","type":"post","link":"https:\/\/www.padreeustaquio.com.br\/es\/el-hermano-vanildo-sera-ordenado-diacono-este-viernes-en-belo-horizonte\/","title":{"rendered":"El hermano Vanildo ser\u00e1 ordenado di\u00e1cono este viernes en Belo Horizonte."},"content":{"rendered":"<p>El Hermano Vanildo Lima Sena, ss.cc, ser\u00e1 ordenado di\u00e1cono el pr\u00f3ximo viernes 10 de noviembre. La ceremonia de ordenaci\u00f3n est\u00e1 programada para las 19:00 h en el Santuario Arquidiocesano de Salud y Paz de Belo Horizonte.<\/p>\n<p>La Santa Misa ser\u00e1 presidida por Dom Alo\u00edsio Jorge Pena Vitral, Obispo Em\u00e9rito de la Di\u00f3cesis de Sete Lagoas-MG. Impondr\u00e1 las manos al Hermano Vanildo y ofrecer\u00e1 una oraci\u00f3n consagratoria durante la ceremonia. Estos actos representan el signo visible del sacramento del Orden.<\/p>\n<p>Adem\u00e1s de los familiares del Hermano Vanildo, venidos de Esp\u00edrito Santo, toda la comunidad parroquial y visitantes est\u00e1n invitados a participar presencialmente de la celebraci\u00f3n, que tambi\u00e9n ser\u00e1 transmitida en vivo por el Canal Padre Eust\u00e1quio en YouTube.<\/p>\n<p><a href=\"https:\/\/youtube.com\/live\/URxzl2zcq7I?feature=share\">HAGA CLIC AQU\u00cd<\/a> Y comparte el enlace de ordenaci\u00f3n con tus amigos y familiares para que m\u00e1s personas puedan unirse en oraci\u00f3n por el Hermano Vanildo y esta etapa de su Vida Religiosa.<\/p>\n<p><strong>Hermano Vanildo Lima Sena<\/strong><\/p>\n<p>Vanildo Lima Sena, SS.CC. naci\u00f3 en la ciudad de Anchieta-ES, el 12 de diciembre de 1992. Hijo de Valdemir Jos\u00e9 Sena y Marilza Machado Lima Sena, ingres\u00f3 a la Congregaci\u00f3n de los Sagrados Corazones en 2016. Complet\u00f3 su noviciado en 2019 en Chaclacayo y profes\u00f3 sus primeros votos el 25 de enero de 2020, en la Capilla de Casa Anchieta en Boraceia-SP.<\/p>\n<p>Complet\u00f3 sus estudios de Teolog\u00eda en 2020 en la Facultad Jesuita. En 2021, complet\u00f3 su a\u00f1o pastoral en la Comunidad de los Sagrados Corazones en Tijuca, R\u00edo de Janeiro. Desde 2022, reside en la comunidad religiosa del Santuario de la Salud y la Paz, donde trabaja pastoralmente. Emiti\u00f3 sus votos perpetuos el 27 de julio de 2023 en la Capilla S\u00e3o Jos\u00e9 Oper\u00e1rio en Pindamonhangaba, SP.<\/p>","protected":false},"excerpt":{"rendered":"<p>O Irm\u00e3o Vanildo Lima Sena, ss.cc, ser\u00e1 ordenado Di\u00e1cono na pr\u00f3xima sexta-feira, dia 10 de novembro. A cerim\u00f4nia de ordena\u00e7\u00e3o est\u00e1 marcada para \u00e0s 19h, no Santu\u00e1rio Arquidiocesano da Sa\u00fade e da Paz, em Belo Horizonte. A Santa Missa ser\u00e1 presidida por Dom Alo\u00edsio Jorge Pena Vitral, bispo em\u00e9rito da Diocese de Sete Lagoas-MG. Ele far\u00e1 a imposi\u00e7\u00e3o das m\u00e3os e ora\u00e7\u00e3o consecrat\u00f3ria ao irm\u00e3o Vanildo durante a cerim\u00f4nia. Os atos caracterizam o sinal vis\u00edvel do sacramento da ordem. Al\u00e9m dos familiares do irm\u00e3o Vanildo, vindos do Esp\u00edrito Santo, toda a comunidade paroquial e visitantes est\u00e3o convidados a participar presencialmente [&hellip;]<\/p>\n","protected":false},"author":2,"featured_media":10994,"comment_status":"open","ping_status":"closed","sticky":false,"template":"","format":"standard","meta":{"_acf_changed":false,"footnotes":""},"categories":[611],"tags":[],"class_list":["post-10993","post","type-post","status-publish","format-standard","has-post-thumbnail","hentry","category-noticias"],"acf":[],"yoast_head":"<!-- This site is optimized with the Yoast SEO plugin v27.2 - https:\/\/yoast.com\/product\/yoast-seo-wordpress\/ -->\n<title>Ir. Vanildo ser\u00e1 ordenado Di\u00e1cono nesta sexta-feira, em BH<\/title>\n<meta name=\"description\" content=\"O Irm\u00e3o Vanildo Lima Sena, ss.cc, ser\u00e1 ordenado Di\u00e1cono na pr\u00f3xima sexta-feira, dia 10 de novembro. A cerim\u00f4nia de ordena\u00e7\u00e3o est\u00e1 marcada para \u00e0s 19h, no Santu\u00e1rio Arquidiocesano da Sa\u00fade e da Paz, em Belo Horizonte.\" \/>\n<meta name=\"robots\" content=\"index, follow, max-snippet:-1, max-image-preview:large, max-video-preview:-1\" \/>\n<link rel=\"canonical\" href=\"https:\/\/www.padreeustaquio.com.br\/es\/el-hermano-vanildo-sera-ordenado-diacono-este-viernes-en-belo-horizonte\/\" \/>\n<meta property=\"og:locale\" content=\"es_ES\" \/>\n<meta property=\"og:type\" content=\"article\" \/>\n<meta property=\"og:title\" content=\"Ir. Vanildo ser\u00e1 ordenado Di\u00e1cono nesta sexta-feira, em BH\" \/>\n<meta property=\"og:description\" content=\"O Irm\u00e3o Vanildo Lima Sena, ss.cc, ser\u00e1 ordenado Di\u00e1cono na pr\u00f3xima sexta-feira, dia 10 de novembro. A cerim\u00f4nia de ordena\u00e7\u00e3o est\u00e1 marcada para \u00e0s 19h, no Santu\u00e1rio Arquidiocesano da Sa\u00fade e da Paz, em Belo Horizonte.\" \/>\n<meta property=\"og:url\" content=\"https:\/\/www.padreeustaquio.com.br\/es\/el-hermano-vanildo-sera-ordenado-diacono-este-viernes-en-belo-horizonte\/\" \/>\n<meta property=\"og:site_name\" content=\"Padre Eust\u00e1quio\" \/>\n<meta property=\"article:publisher\" content=\"https:\/\/www.facebook.com\/beatopadreeustaquio\/\" \/>\n<meta property=\"article:published_time\" content=\"2023-11-08T10:00:17+00:00\" \/>\n<meta property=\"article:modified_time\" content=\"2023-11-09T12:25:43+00:00\" \/>\n<meta property=\"og:image\" content=\"https:\/\/www.padreeustaquio.com.br\/wp-content\/uploads\/2023\/11\/Vanildo-lima-sena.png\" \/>\n\t<meta property=\"og:image:width\" content=\"2000\" \/>\n\t<meta property=\"og:image:height\" content=\"1251\" \/>\n\t<meta property=\"og:image:type\" content=\"image\/png\" \/>\n<meta name=\"author\" content=\"@sscc\" \/>\n<meta name=\"twitter:card\" content=\"summary_large_image\" \/>\n<meta name=\"twitter:creator\" content=\"@beatopeustaquio\" \/>\n<meta name=\"twitter:site\" content=\"@beatopeustaquio\" \/>\n<meta name=\"twitter:label1\" content=\"Escrito por\" \/>\n\t<meta name=\"twitter:data1\" content=\"@sscc\" \/>\n\t<meta name=\"twitter:label2\" content=\"Tiempo de lectura\" \/>\n\t<meta name=\"twitter:data2\" content=\"2 minutos\" \/>\n<script type=\"application\/ld+json\" class=\"yoast-schema-graph\">{\"@context\":\"https:\/\/schema.org\",\"@graph\":[{\"@type\":\"Article\",\"@id\":\"https:\/\/www.padreeustaquio.com.br\/ir-vanildo-sera-ordenado-diacono-nesta-sexta-feira-em-bh\/#article\",\"isPartOf\":{\"@id\":\"https:\/\/www.padreeustaquio.com.br\/ir-vanildo-sera-ordenado-diacono-nesta-sexta-feira-em-bh\/\"},\"author\":{\"name\":\"@sscc\",\"@id\":\"https:\/\/www.padreeustaquio.com.br\/#\/schema\/person\/a2a51db1d00f1a7af0204a0f1ddb1566\"},\"headline\":\"Ir. Vanildo ser\u00e1 ordenado Di\u00e1cono nesta sexta-feira, em BH\",\"datePublished\":\"2023-11-08T10:00:17+00:00\",\"dateModified\":\"2023-11-09T12:25:43+00:00\",\"mainEntityOfPage\":{\"@id\":\"https:\/\/www.padreeustaquio.com.br\/ir-vanildo-sera-ordenado-diacono-nesta-sexta-feira-em-bh\/\"},\"wordCount\":303,\"commentCount\":0,\"publisher\":{\"@id\":\"https:\/\/www.padreeustaquio.com.br\/#organization\"},\"image\":{\"@id\":\"https:\/\/www.padreeustaquio.com.br\/ir-vanildo-sera-ordenado-diacono-nesta-sexta-feira-em-bh\/#primaryimage\"},\"thumbnailUrl\":\"https:\/\/www.padreeustaquio.com.br\/wp-content\/uploads\/2023\/11\/Vanildo-lima-sena.png\",\"articleSection\":[\"Not\u00edcias\"],\"inLanguage\":\"es\",\"potentialAction\":[{\"@type\":\"CommentAction\",\"name\":\"Comment\",\"target\":[\"https:\/\/www.padreeustaquio.com.br\/ir-vanildo-sera-ordenado-diacono-nesta-sexta-feira-em-bh\/#respond\"]}]},{\"@type\":\"WebPage\",\"@id\":\"https:\/\/www.padreeustaquio.com.br\/ir-vanildo-sera-ordenado-diacono-nesta-sexta-feira-em-bh\/\",\"url\":\"https:\/\/www.padreeustaquio.com.br\/ir-vanildo-sera-ordenado-diacono-nesta-sexta-feira-em-bh\/\",\"name\":\"Ir. Vanildo ser\u00e1 ordenado Di\u00e1cono nesta sexta-feira, em BH\",\"isPartOf\":{\"@id\":\"https:\/\/www.padreeustaquio.com.br\/#website\"},\"primaryImageOfPage\":{\"@id\":\"https:\/\/www.padreeustaquio.com.br\/ir-vanildo-sera-ordenado-diacono-nesta-sexta-feira-em-bh\/#primaryimage\"},\"image\":{\"@id\":\"https:\/\/www.padreeustaquio.com.br\/ir-vanildo-sera-ordenado-diacono-nesta-sexta-feira-em-bh\/#primaryimage\"},\"thumbnailUrl\":\"https:\/\/www.padreeustaquio.com.br\/wp-content\/uploads\/2023\/11\/Vanildo-lima-sena.png\",\"datePublished\":\"2023-11-08T10:00:17+00:00\",\"dateModified\":\"2023-11-09T12:25:43+00:00\",\"description\":\"O Irm\u00e3o Vanildo Lima Sena, ss.cc, ser\u00e1 ordenado Di\u00e1cono na pr\u00f3xima sexta-feira, dia 10 de novembro. A cerim\u00f4nia de ordena\u00e7\u00e3o est\u00e1 marcada para \u00e0s 19h, no Santu\u00e1rio Arquidiocesano da Sa\u00fade e da Paz, em Belo Horizonte.\",\"breadcrumb\":{\"@id\":\"https:\/\/www.padreeustaquio.com.br\/ir-vanildo-sera-ordenado-diacono-nesta-sexta-feira-em-bh\/#breadcrumb\"},\"inLanguage\":\"es\",\"potentialAction\":[{\"@type\":\"ReadAction\",\"target\":[\"https:\/\/www.padreeustaquio.com.br\/ir-vanildo-sera-ordenado-diacono-nesta-sexta-feira-em-bh\/\"]}]},{\"@type\":\"ImageObject\",\"inLanguage\":\"es\",\"@id\":\"https:\/\/www.padreeustaquio.com.br\/ir-vanildo-sera-ordenado-diacono-nesta-sexta-feira-em-bh\/#primaryimage\",\"url\":\"https:\/\/www.padreeustaquio.com.br\/wp-content\/uploads\/2023\/11\/Vanildo-lima-sena.png\",\"contentUrl\":\"https:\/\/www.padreeustaquio.com.br\/wp-content\/uploads\/2023\/11\/Vanildo-lima-sena.png\",\"width\":2000,\"height\":1251,\"caption\":\"Ir. Vanildo, recebendo os primeiros minist\u00e9rios em setembro deste ano.\"},{\"@type\":\"BreadcrumbList\",\"@id\":\"https:\/\/www.padreeustaquio.com.br\/ir-vanildo-sera-ordenado-diacono-nesta-sexta-feira-em-bh\/#breadcrumb\",\"itemListElement\":[{\"@type\":\"ListItem\",\"position\":1,\"name\":\"In\u00edcio\",\"item\":\"https:\/\/www.padreeustaquio.com.br\/\"},{\"@type\":\"ListItem\",\"position\":2,\"name\":\"Ir. Vanildo ser\u00e1 ordenado Di\u00e1cono nesta sexta-feira, em BH\"}]},{\"@type\":\"WebSite\",\"@id\":\"https:\/\/www.padreeustaquio.com.br\/#website\",\"url\":\"https:\/\/www.padreeustaquio.com.br\/\",\"name\":\"Padre Eust\u00e1quio\",\"description\":\"Sa\u00fade e Paz\",\"publisher\":{\"@id\":\"https:\/\/www.padreeustaquio.com.br\/#organization\"},\"potentialAction\":[{\"@type\":\"SearchAction\",\"target\":{\"@type\":\"EntryPoint\",\"urlTemplate\":\"https:\/\/www.padreeustaquio.com.br\/?s={search_term_string}\"},\"query-input\":{\"@type\":\"PropertyValueSpecification\",\"valueRequired\":true,\"valueName\":\"search_term_string\"}}],\"inLanguage\":\"es\"},{\"@type\":\"Organization\",\"@id\":\"https:\/\/www.padreeustaquio.com.br\/#organization\",\"name\":\"Padre Eust\u00e1quio\",\"url\":\"https:\/\/www.padreeustaquio.com.br\/\",\"logo\":{\"@type\":\"ImageObject\",\"inLanguage\":\"es\",\"@id\":\"https:\/\/www.padreeustaquio.com.br\/#\/schema\/logo\/image\/\",\"url\":\"https:\/\/www.padreeustaquio.com.br\/wp-content\/uploads\/2019\/08\/marca.png\",\"contentUrl\":\"https:\/\/www.padreeustaquio.com.br\/wp-content\/uploads\/2019\/08\/marca.png\",\"width\":350,\"height\":400,\"caption\":\"Padre Eust\u00e1quio\"},\"image\":{\"@id\":\"https:\/\/www.padreeustaquio.com.br\/#\/schema\/logo\/image\/\"},\"sameAs\":[\"https:\/\/www.facebook.com\/beatopadreeustaquio\/\",\"https:\/\/x.com\/beatopeustaquio\",\"https:\/\/www.instagram.com\/beatopadreeustaquio\/\",\"https:\/\/www.youtube.com\/channel\/UCRhw7vfabnajwLxb1ZXMeIw\"]},{\"@type\":\"Person\",\"@id\":\"https:\/\/www.padreeustaquio.com.br\/#\/schema\/person\/a2a51db1d00f1a7af0204a0f1ddb1566\",\"name\":\"@sscc\",\"image\":{\"@type\":\"ImageObject\",\"inLanguage\":\"es\",\"@id\":\"https:\/\/secure.gravatar.com\/avatar\/68cfafa5f44617fea54071e215026e0ff06be366c3d54a8425f04fdcb86f8c5f?s=96&d=mm&r=g\",\"url\":\"https:\/\/secure.gravatar.com\/avatar\/68cfafa5f44617fea54071e215026e0ff06be366c3d54a8425f04fdcb86f8c5f?s=96&d=mm&r=g\",\"contentUrl\":\"https:\/\/secure.gravatar.com\/avatar\/68cfafa5f44617fea54071e215026e0ff06be366c3d54a8425f04fdcb86f8c5f?s=96&d=mm&r=g\",\"caption\":\"@sscc\"},\"url\":\"https:\/\/www.padreeustaquio.com.br\/es\/author\/sscc\/\"}]}<\/script>\n<!-- \/ Yoast SEO plugin. -->","yoast_head_json":{"title":"El hermano Vanildo ser\u00e1 ordenado di\u00e1cono este viernes en Belo Horizonte.","description":"El Hermano Vanildo Lima Sena, ss.cc, ser\u00e1 ordenado di\u00e1cono el pr\u00f3ximo viernes 10 de noviembre. La ceremonia de ordenaci\u00f3n est\u00e1 programada para las 19:00 h en el Santuario Arquidiocesano de Salud y Paz de Belo Horizonte.","robots":{"index":"index","follow":"follow","max-snippet":"max-snippet:-1","max-image-preview":"max-image-preview:large","max-video-preview":"max-video-preview:-1"},"canonical":"https:\/\/www.padreeustaquio.com.br\/es\/el-hermano-vanildo-sera-ordenado-diacono-este-viernes-en-belo-horizonte\/","og_locale":"es_ES","og_type":"article","og_title":"Ir. Vanildo ser\u00e1 ordenado Di\u00e1cono nesta sexta-feira, em BH","og_description":"O Irm\u00e3o Vanildo Lima Sena, ss.cc, ser\u00e1 ordenado Di\u00e1cono na pr\u00f3xima sexta-feira, dia 10 de novembro. A cerim\u00f4nia de ordena\u00e7\u00e3o est\u00e1 marcada para \u00e0s 19h, no Santu\u00e1rio Arquidiocesano da Sa\u00fade e da Paz, em Belo Horizonte.","og_url":"https:\/\/www.padreeustaquio.com.br\/es\/el-hermano-vanildo-sera-ordenado-diacono-este-viernes-en-belo-horizonte\/","og_site_name":"Padre Eust\u00e1quio","article_publisher":"https:\/\/www.facebook.com\/beatopadreeustaquio\/","article_published_time":"2023-11-08T10:00:17+00:00","article_modified_time":"2023-11-09T12:25:43+00:00","og_image":[{"width":2000,"height":1251,"url":"https:\/\/www.padreeustaquio.com.br\/wp-content\/uploads\/2023\/11\/Vanildo-lima-sena.png","type":"image\/png"}],"author":"@sscc","twitter_card":"summary_large_image","twitter_creator":"@beatopeustaquio","twitter_site":"@beatopeustaquio","twitter_misc":{"Escrito por":"@sscc","Tiempo de lectura":"2 minutos"},"schema":{"@context":"https:\/\/schema.org","@graph":[{"@type":"Article","@id":"https:\/\/www.padreeustaquio.com.br\/ir-vanildo-sera-ordenado-diacono-nesta-sexta-feira-em-bh\/#article","isPartOf":{"@id":"https:\/\/www.padreeustaquio.com.br\/ir-vanildo-sera-ordenado-diacono-nesta-sexta-feira-em-bh\/"},"author":{"name":"@sscc","@id":"https:\/\/www.padreeustaquio.com.br\/#\/schema\/person\/a2a51db1d00f1a7af0204a0f1ddb1566"},"headline":"Ir. Vanildo ser\u00e1 ordenado Di\u00e1cono nesta sexta-feira, em BH","datePublished":"2023-11-08T10:00:17+00:00","dateModified":"2023-11-09T12:25:43+00:00","mainEntityOfPage":{"@id":"https:\/\/www.padreeustaquio.com.br\/ir-vanildo-sera-ordenado-diacono-nesta-sexta-feira-em-bh\/"},"wordCount":303,"commentCount":0,"publisher":{"@id":"https:\/\/www.padreeustaquio.com.br\/#organization"},"image":{"@id":"https:\/\/www.padreeustaquio.com.br\/ir-vanildo-sera-ordenado-diacono-nesta-sexta-feira-em-bh\/#primaryimage"},"thumbnailUrl":"https:\/\/www.padreeustaquio.com.br\/wp-content\/uploads\/2023\/11\/Vanildo-lima-sena.png","articleSection":["Not\u00edcias"],"inLanguage":"es","potentialAction":[{"@type":"CommentAction","name":"Comment","target":["https:\/\/www.padreeustaquio.com.br\/ir-vanildo-sera-ordenado-diacono-nesta-sexta-feira-em-bh\/#respond"]}]},{"@type":"WebPage","@id":"https:\/\/www.padreeustaquio.com.br\/ir-vanildo-sera-ordenado-diacono-nesta-sexta-feira-em-bh\/","url":"https:\/\/www.padreeustaquio.com.br\/ir-vanildo-sera-ordenado-diacono-nesta-sexta-feira-em-bh\/","name":"El hermano Vanildo ser\u00e1 ordenado di\u00e1cono este viernes en Belo Horizonte.","isPartOf":{"@id":"https:\/\/www.padreeustaquio.com.br\/#website"},"primaryImageOfPage":{"@id":"https:\/\/www.padreeustaquio.com.br\/ir-vanildo-sera-ordenado-diacono-nesta-sexta-feira-em-bh\/#primaryimage"},"image":{"@id":"https:\/\/www.padreeustaquio.com.br\/ir-vanildo-sera-ordenado-diacono-nesta-sexta-feira-em-bh\/#primaryimage"},"thumbnailUrl":"https:\/\/www.padreeustaquio.com.br\/wp-content\/uploads\/2023\/11\/Vanildo-lima-sena.png","datePublished":"2023-11-08T10:00:17+00:00","dateModified":"2023-11-09T12:25:43+00:00","description":"El Hermano Vanildo Lima Sena, ss.cc, ser\u00e1 ordenado di\u00e1cono el pr\u00f3ximo viernes 10 de noviembre. La ceremonia de ordenaci\u00f3n est\u00e1 programada para las 19:00 h en el Santuario Arquidiocesano de Salud y Paz de Belo Horizonte.","breadcrumb":{"@id":"https:\/\/www.padreeustaquio.com.br\/ir-vanildo-sera-ordenado-diacono-nesta-sexta-feira-em-bh\/#breadcrumb"},"inLanguage":"es","potentialAction":[{"@type":"ReadAction","target":["https:\/\/www.padreeustaquio.com.br\/ir-vanildo-sera-ordenado-diacono-nesta-sexta-feira-em-bh\/"]}]},{"@type":"ImageObject","inLanguage":"es","@id":"https:\/\/www.padreeustaquio.com.br\/ir-vanildo-sera-ordenado-diacono-nesta-sexta-feira-em-bh\/#primaryimage","url":"https:\/\/www.padreeustaquio.com.br\/wp-content\/uploads\/2023\/11\/Vanildo-lima-sena.png","contentUrl":"https:\/\/www.padreeustaquio.com.br\/wp-content\/uploads\/2023\/11\/Vanildo-lima-sena.png","width":2000,"height":1251,"caption":"Ir. Vanildo, recebendo os primeiros minist\u00e9rios em setembro deste ano."},{"@type":"BreadcrumbList","@id":"https:\/\/www.padreeustaquio.com.br\/ir-vanildo-sera-ordenado-diacono-nesta-sexta-feira-em-bh\/#breadcrumb","itemListElement":[{"@type":"ListItem","position":1,"name":"In\u00edcio","item":"https:\/\/www.padreeustaquio.com.br\/"},{"@type":"ListItem","position":2,"name":"Ir. Vanildo ser\u00e1 ordenado Di\u00e1cono nesta sexta-feira, em BH"}]},{"@type":"WebSite","@id":"https:\/\/www.padreeustaquio.com.br\/#website","url":"https:\/\/www.padreeustaquio.com.br\/","name":"Padre Eustace","description":"Salud y Paz","publisher":{"@id":"https:\/\/www.padreeustaquio.com.br\/#organization"},"potentialAction":[{"@type":"SearchAction","target":{"@type":"EntryPoint","urlTemplate":"https:\/\/www.padreeustaquio.com.br\/?s={search_term_string}"},"query-input":{"@type":"PropertyValueSpecification","valueRequired":true,"valueName":"search_term_string"}}],"inLanguage":"es"},{"@type":"Organization","@id":"https:\/\/www.padreeustaquio.com.br\/#organization","name":"Padre Eustace","url":"https:\/\/www.padreeustaquio.com.br\/","logo":{"@type":"ImageObject","inLanguage":"es","@id":"https:\/\/www.padreeustaquio.com.br\/#\/schema\/logo\/image\/","url":"https:\/\/www.padreeustaquio.com.br\/wp-content\/uploads\/2019\/08\/marca.png","contentUrl":"https:\/\/www.padreeustaquio.com.br\/wp-content\/uploads\/2019\/08\/marca.png","width":350,"height":400,"caption":"Padre Eust\u00e1quio"},"image":{"@id":"https:\/\/www.padreeustaquio.com.br\/#\/schema\/logo\/image\/"},"sameAs":["https:\/\/www.facebook.com\/beatopadreeustaquio\/","https:\/\/x.com\/beatopeustaquio","https:\/\/www.instagram.com\/beatopadreeustaquio\/","https:\/\/www.youtube.com\/channel\/UCRhw7vfabnajwLxb1ZXMeIw"]},{"@type":"Person","@id":"https:\/\/www.padreeustaquio.com.br\/#\/schema\/person\/a2a51db1d00f1a7af0204a0f1ddb1566","name":"@sscc","image":{"@type":"ImageObject","inLanguage":"es","@id":"https:\/\/secure.gravatar.com\/avatar\/68cfafa5f44617fea54071e215026e0ff06be366c3d54a8425f04fdcb86f8c5f?s=96&d=mm&r=g","url":"https:\/\/secure.gravatar.com\/avatar\/68cfafa5f44617fea54071e215026e0ff06be366c3d54a8425f04fdcb86f8c5f?s=96&d=mm&r=g","contentUrl":"https:\/\/secure.gravatar.com\/avatar\/68cfafa5f44617fea54071e215026e0ff06be366c3d54a8425f04fdcb86f8c5f?s=96&d=mm&r=g","caption":"@sscc"},"url":"https:\/\/www.padreeustaquio.com.br\/es\/author\/sscc\/"}]}},"_links":{"self":[{"href":"https:\/\/www.padreeustaquio.com.br\/es\/wp-json\/wp\/v2\/posts\/10993","targetHints":{"allow":["GET"]}}],"collection":[{"href":"https:\/\/www.padreeustaquio.com.br\/es\/wp-json\/wp\/v2\/posts"}],"about":[{"href":"https:\/\/www.padreeustaquio.com.br\/es\/wp-json\/wp\/v2\/types\/post"}],"author":[{"embeddable":true,"href":"https:\/\/www.padreeustaquio.com.br\/es\/wp-json\/wp\/v2\/users\/2"}],"replies":[{"embeddable":true,"href":"https:\/\/www.padreeustaquio.com.br\/es\/wp-json\/wp\/v2\/comments?post=10993"}],"version-history":[{"count":0,"href":"https:\/\/www.padreeustaquio.com.br\/es\/wp-json\/wp\/v2\/posts\/10993\/revisions"}],"wp:featuredmedia":[{"embeddable":true,"href":"https:\/\/www.padreeustaquio.com.br\/es\/wp-json\/wp\/v2\/media\/10994"}],"wp:attachment":[{"href":"https:\/\/www.padreeustaquio.com.br\/es\/wp-json\/wp\/v2\/media?parent=10993"}],"wp:term":[{"taxonomy":"category","embeddable":true,"href":"https:\/\/www.padreeustaquio.com.br\/es\/wp-json\/wp\/v2\/categories?post=10993"},{"taxonomy":"post_tag","embeddable":true,"href":"https:\/\/www.padreeustaquio.com.br\/es\/wp-json\/wp\/v2\/tags?post=10993"}],"curies":[{"name":"wp","href":"https:\/\/api.w.org\/{rel}","templated":true}]}}