{"id":10991,"date":"2023-11-10T12:00:24","date_gmt":"2023-11-10T15:00:24","guid":{"rendered":"https:\/\/www.padreeustaquio.com.br\/?p=10991"},"modified":"2023-11-07T15:56:44","modified_gmt":"2023-11-07T18:56:44","slug":"este-sabado-se-celebra-en-el-santuario-la-primera-fiesta-de-primavera","status":"publish","type":"post","link":"https:\/\/www.padreeustaquio.com.br\/es\/este-sabado-se-celebra-en-el-santuario-la-primera-fiesta-de-primavera\/","title":{"rendered":"Este s\u00e1bado se celebra en el Santuario la primera Fiesta de Primavera."},"content":{"rendered":"<p>Considerado un gran encuentro comunitario, el Primer Festival de Primavera se celebrar\u00e1 este s\u00e1bado 11 de noviembre a partir de las 19:00 h. El evento tendr\u00e1 lugar en el Centro Comunitario Sagrados Corazones y reunir\u00e1 a feligreses y visitantes para disfrutar de momentos de alegr\u00eda y relajaci\u00f3n.<\/p>\n<p>A\u00fan quedan entradas disponibles para mesas de 4 o individuales. Las entradas incluyen una tarjeta de acceso principal para el sorteo, lo que les da la oportunidad de ganar un televisor de 50 pulgadas, un celular y una freidora de aire.<\/p>\n<p>Adem\u00e1s de esta entrada, se vender\u00e1n otras durante todo el festival, que contar\u00e1 con m\u00fasica y una deliciosa gastronom\u00eda. El Festival de Primavera se extiende hasta las 22:00 h y es promovido por la Pastoral de Festivales y Eventos para contribuir al mantenimiento del Santuario. Para comprar entradas, simplemente dir\u00edjase a la Oficina Parroquial o llame al (31) 3462-6557.<\/p>\n<p>El Festival de Primavera es una oportunidad para reunir a amigos, familiares y miembros de la comunidad, y tambi\u00e9n para ayudar a la parroquia con su trabajo pastoral y el mantenimiento de la iglesia.<\/p>","protected":false},"excerpt":{"rendered":"<p>Tida como um grande encontro com a comunidade, a Primeira Festa da Primavera ser\u00e1 realizada neste s\u00e1bado, dia 11 de novembro a partir das 19h. O evento ser\u00e1 no Centro Comunit\u00e1rio dos Sagrados Cora\u00e7\u00f5es e reunir\u00e1 paroquianos e visitantes para momentos de alegria e descontra\u00e7\u00e3o. Ainda h\u00e1 ingressos dispon\u00edveis para mesas com 4 lugares ou entradas individuais. Os ingressos d\u00e3o direito a cartela principal do show de pr\u00eamios para concorrer a uma TV de 50 polegadas, um celular e uma Air Fryer. Al\u00e9m desta cartela, outras ser\u00e3o vendidas ao longo da festa, que ter\u00e1 m\u00fasica e muita comida gostosa. A [&hellip;]<\/p>\n","protected":false},"author":2,"featured_media":10960,"comment_status":"open","ping_status":"closed","sticky":false,"template":"","format":"standard","meta":{"_acf_changed":false,"footnotes":""},"categories":[611],"tags":[],"class_list":["post-10991","post","type-post","status-publish","format-standard","has-post-thumbnail","hentry","category-noticias"],"acf":[],"yoast_head":"<!-- This site is optimized with the Yoast SEO plugin v27.2 - https:\/\/yoast.com\/product\/yoast-seo-wordpress\/ -->\n<title>Primeira Festa da Primavera acontece neste s\u00e1bado no Santu\u00e1rio<\/title>\n<meta name=\"description\" content=\"Tida como um grande encontro com a comunidade, a Primeira Festa da Primavera ser\u00e1 realizada neste s\u00e1bado, dia 11 de novembro a partir das 19h. O evento ser\u00e1 no Centro Comunit\u00e1rio dos Sagrados Cora\u00e7\u00f5es e reunir\u00e1 paroquianos e visitantes para momentos de alegria e descontra\u00e7\u00e3o.\" \/>\n<meta name=\"robots\" content=\"index, follow, max-snippet:-1, max-image-preview:large, max-video-preview:-1\" \/>\n<link rel=\"canonical\" href=\"https:\/\/www.padreeustaquio.com.br\/es\/este-sabado-se-celebra-en-el-santuario-la-primera-fiesta-de-primavera\/\" \/>\n<meta property=\"og:locale\" content=\"es_ES\" \/>\n<meta property=\"og:type\" content=\"article\" \/>\n<meta property=\"og:title\" content=\"Primeira Festa da Primavera acontece neste s\u00e1bado no Santu\u00e1rio\" \/>\n<meta property=\"og:description\" content=\"Tida como um grande encontro com a comunidade, a Primeira Festa da Primavera ser\u00e1 realizada neste s\u00e1bado, dia 11 de novembro a partir das 19h. O evento ser\u00e1 no Centro Comunit\u00e1rio dos Sagrados Cora\u00e7\u00f5es e reunir\u00e1 paroquianos e visitantes para momentos de alegria e descontra\u00e7\u00e3o.\" \/>\n<meta property=\"og:url\" content=\"https:\/\/www.padreeustaquio.com.br\/es\/este-sabado-se-celebra-en-el-santuario-la-primera-fiesta-de-primavera\/\" \/>\n<meta property=\"og:site_name\" content=\"Padre Eust\u00e1quio\" \/>\n<meta property=\"article:publisher\" content=\"https:\/\/www.facebook.com\/beatopadreeustaquio\/\" \/>\n<meta property=\"article:published_time\" content=\"2023-11-10T15:00:24+00:00\" \/>\n<meta property=\"og:image\" content=\"https:\/\/www.padreeustaquio.com.br\/wp-content\/uploads\/2023\/10\/festa-da-primavera.jpeg\" \/>\n\t<meta property=\"og:image:width\" content=\"1600\" \/>\n\t<meta property=\"og:image:height\" content=\"1131\" \/>\n\t<meta property=\"og:image:type\" content=\"image\/jpeg\" \/>\n<meta name=\"author\" content=\"@sscc\" \/>\n<meta name=\"twitter:card\" content=\"summary_large_image\" \/>\n<meta name=\"twitter:creator\" content=\"@beatopeustaquio\" \/>\n<meta name=\"twitter:site\" content=\"@beatopeustaquio\" \/>\n<meta name=\"twitter:label1\" content=\"Escrito por\" \/>\n\t<meta name=\"twitter:data1\" content=\"@sscc\" \/>\n\t<meta name=\"twitter:label2\" content=\"Tiempo de lectura\" \/>\n\t<meta name=\"twitter:data2\" content=\"1 minuto\" \/>\n<script type=\"application\/ld+json\" class=\"yoast-schema-graph\">{\"@context\":\"https:\/\/schema.org\",\"@graph\":[{\"@type\":\"Article\",\"@id\":\"https:\/\/www.padreeustaquio.com.br\/primeira-festa-da-primavera-acontece-neste-sabado-no-santuario\/#article\",\"isPartOf\":{\"@id\":\"https:\/\/www.padreeustaquio.com.br\/primeira-festa-da-primavera-acontece-neste-sabado-no-santuario\/\"},\"author\":{\"name\":\"@sscc\",\"@id\":\"https:\/\/www.padreeustaquio.com.br\/#\/schema\/person\/a2a51db1d00f1a7af0204a0f1ddb1566\"},\"headline\":\"Primeira Festa da Primavera acontece neste s\u00e1bado no Santu\u00e1rio\",\"datePublished\":\"2023-11-10T15:00:24+00:00\",\"mainEntityOfPage\":{\"@id\":\"https:\/\/www.padreeustaquio.com.br\/primeira-festa-da-primavera-acontece-neste-sabado-no-santuario\/\"},\"wordCount\":189,\"commentCount\":0,\"publisher\":{\"@id\":\"https:\/\/www.padreeustaquio.com.br\/#organization\"},\"image\":{\"@id\":\"https:\/\/www.padreeustaquio.com.br\/primeira-festa-da-primavera-acontece-neste-sabado-no-santuario\/#primaryimage\"},\"thumbnailUrl\":\"https:\/\/www.padreeustaquio.com.br\/wp-content\/uploads\/2023\/10\/festa-da-primavera.jpeg\",\"articleSection\":[\"Not\u00edcias\"],\"inLanguage\":\"es\",\"potentialAction\":[{\"@type\":\"CommentAction\",\"name\":\"Comment\",\"target\":[\"https:\/\/www.padreeustaquio.com.br\/primeira-festa-da-primavera-acontece-neste-sabado-no-santuario\/#respond\"]}]},{\"@type\":\"WebPage\",\"@id\":\"https:\/\/www.padreeustaquio.com.br\/primeira-festa-da-primavera-acontece-neste-sabado-no-santuario\/\",\"url\":\"https:\/\/www.padreeustaquio.com.br\/primeira-festa-da-primavera-acontece-neste-sabado-no-santuario\/\",\"name\":\"Primeira Festa da Primavera acontece neste s\u00e1bado no Santu\u00e1rio\",\"isPartOf\":{\"@id\":\"https:\/\/www.padreeustaquio.com.br\/#website\"},\"primaryImageOfPage\":{\"@id\":\"https:\/\/www.padreeustaquio.com.br\/primeira-festa-da-primavera-acontece-neste-sabado-no-santuario\/#primaryimage\"},\"image\":{\"@id\":\"https:\/\/www.padreeustaquio.com.br\/primeira-festa-da-primavera-acontece-neste-sabado-no-santuario\/#primaryimage\"},\"thumbnailUrl\":\"https:\/\/www.padreeustaquio.com.br\/wp-content\/uploads\/2023\/10\/festa-da-primavera.jpeg\",\"datePublished\":\"2023-11-10T15:00:24+00:00\",\"description\":\"Tida como um grande encontro com a comunidade, a Primeira Festa da Primavera ser\u00e1 realizada neste s\u00e1bado, dia 11 de novembro a partir das 19h. O evento ser\u00e1 no Centro Comunit\u00e1rio dos Sagrados Cora\u00e7\u00f5es e reunir\u00e1 paroquianos e visitantes para momentos de alegria e descontra\u00e7\u00e3o.\",\"breadcrumb\":{\"@id\":\"https:\/\/www.padreeustaquio.com.br\/primeira-festa-da-primavera-acontece-neste-sabado-no-santuario\/#breadcrumb\"},\"inLanguage\":\"es\",\"potentialAction\":[{\"@type\":\"ReadAction\",\"target\":[\"https:\/\/www.padreeustaquio.com.br\/primeira-festa-da-primavera-acontece-neste-sabado-no-santuario\/\"]}]},{\"@type\":\"ImageObject\",\"inLanguage\":\"es\",\"@id\":\"https:\/\/www.padreeustaquio.com.br\/primeira-festa-da-primavera-acontece-neste-sabado-no-santuario\/#primaryimage\",\"url\":\"https:\/\/www.padreeustaquio.com.br\/wp-content\/uploads\/2023\/10\/festa-da-primavera.jpeg\",\"contentUrl\":\"https:\/\/www.padreeustaquio.com.br\/wp-content\/uploads\/2023\/10\/festa-da-primavera.jpeg\",\"width\":1600,\"height\":1131},{\"@type\":\"BreadcrumbList\",\"@id\":\"https:\/\/www.padreeustaquio.com.br\/primeira-festa-da-primavera-acontece-neste-sabado-no-santuario\/#breadcrumb\",\"itemListElement\":[{\"@type\":\"ListItem\",\"position\":1,\"name\":\"In\u00edcio\",\"item\":\"https:\/\/www.padreeustaquio.com.br\/\"},{\"@type\":\"ListItem\",\"position\":2,\"name\":\"Primeira Festa da Primavera acontece neste s\u00e1bado no Santu\u00e1rio\"}]},{\"@type\":\"WebSite\",\"@id\":\"https:\/\/www.padreeustaquio.com.br\/#website\",\"url\":\"https:\/\/www.padreeustaquio.com.br\/\",\"name\":\"Padre Eust\u00e1quio\",\"description\":\"Sa\u00fade e Paz\",\"publisher\":{\"@id\":\"https:\/\/www.padreeustaquio.com.br\/#organization\"},\"potentialAction\":[{\"@type\":\"SearchAction\",\"target\":{\"@type\":\"EntryPoint\",\"urlTemplate\":\"https:\/\/www.padreeustaquio.com.br\/?s={search_term_string}\"},\"query-input\":{\"@type\":\"PropertyValueSpecification\",\"valueRequired\":true,\"valueName\":\"search_term_string\"}}],\"inLanguage\":\"es\"},{\"@type\":\"Organization\",\"@id\":\"https:\/\/www.padreeustaquio.com.br\/#organization\",\"name\":\"Padre Eust\u00e1quio\",\"url\":\"https:\/\/www.padreeustaquio.com.br\/\",\"logo\":{\"@type\":\"ImageObject\",\"inLanguage\":\"es\",\"@id\":\"https:\/\/www.padreeustaquio.com.br\/#\/schema\/logo\/image\/\",\"url\":\"https:\/\/www.padreeustaquio.com.br\/wp-content\/uploads\/2019\/08\/marca.png\",\"contentUrl\":\"https:\/\/www.padreeustaquio.com.br\/wp-content\/uploads\/2019\/08\/marca.png\",\"width\":350,\"height\":400,\"caption\":\"Padre Eust\u00e1quio\"},\"image\":{\"@id\":\"https:\/\/www.padreeustaquio.com.br\/#\/schema\/logo\/image\/\"},\"sameAs\":[\"https:\/\/www.facebook.com\/beatopadreeustaquio\/\",\"https:\/\/x.com\/beatopeustaquio\",\"https:\/\/www.instagram.com\/beatopadreeustaquio\/\",\"https:\/\/www.youtube.com\/channel\/UCRhw7vfabnajwLxb1ZXMeIw\"]},{\"@type\":\"Person\",\"@id\":\"https:\/\/www.padreeustaquio.com.br\/#\/schema\/person\/a2a51db1d00f1a7af0204a0f1ddb1566\",\"name\":\"@sscc\",\"image\":{\"@type\":\"ImageObject\",\"inLanguage\":\"es\",\"@id\":\"https:\/\/secure.gravatar.com\/avatar\/68cfafa5f44617fea54071e215026e0ff06be366c3d54a8425f04fdcb86f8c5f?s=96&d=mm&r=g\",\"url\":\"https:\/\/secure.gravatar.com\/avatar\/68cfafa5f44617fea54071e215026e0ff06be366c3d54a8425f04fdcb86f8c5f?s=96&d=mm&r=g\",\"contentUrl\":\"https:\/\/secure.gravatar.com\/avatar\/68cfafa5f44617fea54071e215026e0ff06be366c3d54a8425f04fdcb86f8c5f?s=96&d=mm&r=g\",\"caption\":\"@sscc\"},\"url\":\"https:\/\/www.padreeustaquio.com.br\/es\/author\/sscc\/\"}]}<\/script>\n<!-- \/ Yoast SEO plugin. -->","yoast_head_json":{"title":"Este s\u00e1bado se celebra en el Santuario la primera Fiesta de Primavera.","description":"Considerado un gran encuentro comunitario, el Primer Festival de Primavera se celebrar\u00e1 este s\u00e1bado 11 de noviembre a partir de las 19:00 h. El evento tendr\u00e1 lugar en el Centro Comunitario Sagrados Corazones y reunir\u00e1 a feligreses y visitantes para disfrutar de momentos de alegr\u00eda y relajaci\u00f3n.","robots":{"index":"index","follow":"follow","max-snippet":"max-snippet:-1","max-image-preview":"max-image-preview:large","max-video-preview":"max-video-preview:-1"},"canonical":"https:\/\/www.padreeustaquio.com.br\/es\/este-sabado-se-celebra-en-el-santuario-la-primera-fiesta-de-primavera\/","og_locale":"es_ES","og_type":"article","og_title":"Primeira Festa da Primavera acontece neste s\u00e1bado no Santu\u00e1rio","og_description":"Tida como um grande encontro com a comunidade, a Primeira Festa da Primavera ser\u00e1 realizada neste s\u00e1bado, dia 11 de novembro a partir das 19h. O evento ser\u00e1 no Centro Comunit\u00e1rio dos Sagrados Cora\u00e7\u00f5es e reunir\u00e1 paroquianos e visitantes para momentos de alegria e descontra\u00e7\u00e3o.","og_url":"https:\/\/www.padreeustaquio.com.br\/es\/este-sabado-se-celebra-en-el-santuario-la-primera-fiesta-de-primavera\/","og_site_name":"Padre Eust\u00e1quio","article_publisher":"https:\/\/www.facebook.com\/beatopadreeustaquio\/","article_published_time":"2023-11-10T15:00:24+00:00","og_image":[{"width":1600,"height":1131,"url":"https:\/\/www.padreeustaquio.com.br\/wp-content\/uploads\/2023\/10\/festa-da-primavera.jpeg","type":"image\/jpeg"}],"author":"@sscc","twitter_card":"summary_large_image","twitter_creator":"@beatopeustaquio","twitter_site":"@beatopeustaquio","twitter_misc":{"Escrito por":"@sscc","Tiempo de lectura":"1 minuto"},"schema":{"@context":"https:\/\/schema.org","@graph":[{"@type":"Article","@id":"https:\/\/www.padreeustaquio.com.br\/primeira-festa-da-primavera-acontece-neste-sabado-no-santuario\/#article","isPartOf":{"@id":"https:\/\/www.padreeustaquio.com.br\/primeira-festa-da-primavera-acontece-neste-sabado-no-santuario\/"},"author":{"name":"@sscc","@id":"https:\/\/www.padreeustaquio.com.br\/#\/schema\/person\/a2a51db1d00f1a7af0204a0f1ddb1566"},"headline":"Primeira Festa da Primavera acontece neste s\u00e1bado no Santu\u00e1rio","datePublished":"2023-11-10T15:00:24+00:00","mainEntityOfPage":{"@id":"https:\/\/www.padreeustaquio.com.br\/primeira-festa-da-primavera-acontece-neste-sabado-no-santuario\/"},"wordCount":189,"commentCount":0,"publisher":{"@id":"https:\/\/www.padreeustaquio.com.br\/#organization"},"image":{"@id":"https:\/\/www.padreeustaquio.com.br\/primeira-festa-da-primavera-acontece-neste-sabado-no-santuario\/#primaryimage"},"thumbnailUrl":"https:\/\/www.padreeustaquio.com.br\/wp-content\/uploads\/2023\/10\/festa-da-primavera.jpeg","articleSection":["Not\u00edcias"],"inLanguage":"es","potentialAction":[{"@type":"CommentAction","name":"Comment","target":["https:\/\/www.padreeustaquio.com.br\/primeira-festa-da-primavera-acontece-neste-sabado-no-santuario\/#respond"]}]},{"@type":"WebPage","@id":"https:\/\/www.padreeustaquio.com.br\/primeira-festa-da-primavera-acontece-neste-sabado-no-santuario\/","url":"https:\/\/www.padreeustaquio.com.br\/primeira-festa-da-primavera-acontece-neste-sabado-no-santuario\/","name":"Este s\u00e1bado se celebra en el Santuario la primera Fiesta de Primavera.","isPartOf":{"@id":"https:\/\/www.padreeustaquio.com.br\/#website"},"primaryImageOfPage":{"@id":"https:\/\/www.padreeustaquio.com.br\/primeira-festa-da-primavera-acontece-neste-sabado-no-santuario\/#primaryimage"},"image":{"@id":"https:\/\/www.padreeustaquio.com.br\/primeira-festa-da-primavera-acontece-neste-sabado-no-santuario\/#primaryimage"},"thumbnailUrl":"https:\/\/www.padreeustaquio.com.br\/wp-content\/uploads\/2023\/10\/festa-da-primavera.jpeg","datePublished":"2023-11-10T15:00:24+00:00","description":"Considerado un gran encuentro comunitario, el Primer Festival de Primavera se celebrar\u00e1 este s\u00e1bado 11 de noviembre a partir de las 19:00 h. El evento tendr\u00e1 lugar en el Centro Comunitario Sagrados Corazones y reunir\u00e1 a feligreses y visitantes para disfrutar de momentos de alegr\u00eda y relajaci\u00f3n.","breadcrumb":{"@id":"https:\/\/www.padreeustaquio.com.br\/primeira-festa-da-primavera-acontece-neste-sabado-no-santuario\/#breadcrumb"},"inLanguage":"es","potentialAction":[{"@type":"ReadAction","target":["https:\/\/www.padreeustaquio.com.br\/primeira-festa-da-primavera-acontece-neste-sabado-no-santuario\/"]}]},{"@type":"ImageObject","inLanguage":"es","@id":"https:\/\/www.padreeustaquio.com.br\/primeira-festa-da-primavera-acontece-neste-sabado-no-santuario\/#primaryimage","url":"https:\/\/www.padreeustaquio.com.br\/wp-content\/uploads\/2023\/10\/festa-da-primavera.jpeg","contentUrl":"https:\/\/www.padreeustaquio.com.br\/wp-content\/uploads\/2023\/10\/festa-da-primavera.jpeg","width":1600,"height":1131},{"@type":"BreadcrumbList","@id":"https:\/\/www.padreeustaquio.com.br\/primeira-festa-da-primavera-acontece-neste-sabado-no-santuario\/#breadcrumb","itemListElement":[{"@type":"ListItem","position":1,"name":"In\u00edcio","item":"https:\/\/www.padreeustaquio.com.br\/"},{"@type":"ListItem","position":2,"name":"Primeira Festa da Primavera acontece neste s\u00e1bado no Santu\u00e1rio"}]},{"@type":"WebSite","@id":"https:\/\/www.padreeustaquio.com.br\/#website","url":"https:\/\/www.padreeustaquio.com.br\/","name":"Padre Eustace","description":"Salud y Paz","publisher":{"@id":"https:\/\/www.padreeustaquio.com.br\/#organization"},"potentialAction":[{"@type":"SearchAction","target":{"@type":"EntryPoint","urlTemplate":"https:\/\/www.padreeustaquio.com.br\/?s={search_term_string}"},"query-input":{"@type":"PropertyValueSpecification","valueRequired":true,"valueName":"search_term_string"}}],"inLanguage":"es"},{"@type":"Organization","@id":"https:\/\/www.padreeustaquio.com.br\/#organization","name":"Padre Eustace","url":"https:\/\/www.padreeustaquio.com.br\/","logo":{"@type":"ImageObject","inLanguage":"es","@id":"https:\/\/www.padreeustaquio.com.br\/#\/schema\/logo\/image\/","url":"https:\/\/www.padreeustaquio.com.br\/wp-content\/uploads\/2019\/08\/marca.png","contentUrl":"https:\/\/www.padreeustaquio.com.br\/wp-content\/uploads\/2019\/08\/marca.png","width":350,"height":400,"caption":"Padre Eust\u00e1quio"},"image":{"@id":"https:\/\/www.padreeustaquio.com.br\/#\/schema\/logo\/image\/"},"sameAs":["https:\/\/www.facebook.com\/beatopadreeustaquio\/","https:\/\/x.com\/beatopeustaquio","https:\/\/www.instagram.com\/beatopadreeustaquio\/","https:\/\/www.youtube.com\/channel\/UCRhw7vfabnajwLxb1ZXMeIw"]},{"@type":"Person","@id":"https:\/\/www.padreeustaquio.com.br\/#\/schema\/person\/a2a51db1d00f1a7af0204a0f1ddb1566","name":"@sscc","image":{"@type":"ImageObject","inLanguage":"es","@id":"https:\/\/secure.gravatar.com\/avatar\/68cfafa5f44617fea54071e215026e0ff06be366c3d54a8425f04fdcb86f8c5f?s=96&d=mm&r=g","url":"https:\/\/secure.gravatar.com\/avatar\/68cfafa5f44617fea54071e215026e0ff06be366c3d54a8425f04fdcb86f8c5f?s=96&d=mm&r=g","contentUrl":"https:\/\/secure.gravatar.com\/avatar\/68cfafa5f44617fea54071e215026e0ff06be366c3d54a8425f04fdcb86f8c5f?s=96&d=mm&r=g","caption":"@sscc"},"url":"https:\/\/www.padreeustaquio.com.br\/es\/author\/sscc\/"}]}},"_links":{"self":[{"href":"https:\/\/www.padreeustaquio.com.br\/es\/wp-json\/wp\/v2\/posts\/10991","targetHints":{"allow":["GET"]}}],"collection":[{"href":"https:\/\/www.padreeustaquio.com.br\/es\/wp-json\/wp\/v2\/posts"}],"about":[{"href":"https:\/\/www.padreeustaquio.com.br\/es\/wp-json\/wp\/v2\/types\/post"}],"author":[{"embeddable":true,"href":"https:\/\/www.padreeustaquio.com.br\/es\/wp-json\/wp\/v2\/users\/2"}],"replies":[{"embeddable":true,"href":"https:\/\/www.padreeustaquio.com.br\/es\/wp-json\/wp\/v2\/comments?post=10991"}],"version-history":[{"count":0,"href":"https:\/\/www.padreeustaquio.com.br\/es\/wp-json\/wp\/v2\/posts\/10991\/revisions"}],"wp:featuredmedia":[{"embeddable":true,"href":"https:\/\/www.padreeustaquio.com.br\/es\/wp-json\/wp\/v2\/media\/10960"}],"wp:attachment":[{"href":"https:\/\/www.padreeustaquio.com.br\/es\/wp-json\/wp\/v2\/media?parent=10991"}],"wp:term":[{"taxonomy":"category","embeddable":true,"href":"https:\/\/www.padreeustaquio.com.br\/es\/wp-json\/wp\/v2\/categories?post=10991"},{"taxonomy":"post_tag","embeddable":true,"href":"https:\/\/www.padreeustaquio.com.br\/es\/wp-json\/wp\/v2\/tags?post=10991"}],"curies":[{"name":"wp","href":"https:\/\/api.w.org\/{rel}","templated":true}]}}