{"id":10981,"date":"2023-11-06T15:26:54","date_gmt":"2023-11-06T18:26:54","guid":{"rendered":"https:\/\/www.padreeustaquio.com.br\/?p=10981"},"modified":"2023-11-06T15:34:22","modified_gmt":"2023-11-06T18:34:22","slug":"imagen-y-reliquia-del-padre-eustaquio-son-entronizadas-en-indianapolis-mg","status":"publish","type":"post","link":"https:\/\/www.padreeustaquio.com.br\/es\/imagen-y-reliquia-del-padre-eustaquio-son-entronizadas-en-indianapolis-mg\/","title":{"rendered":"Imagen y reliquia del Padre Eust\u00e1quio son entronizadas en Indian\u00f3polis-MG"},"content":{"rendered":"<p>El D\u00eda de Todos los Santos, la Parroquia de Santa Ana, en la ciudad de Indian\u00f3polis, en la regi\u00f3n del Tri\u00e1ngulo Minero, recibi\u00f3 una imagen y una reliquia de primer grado del Beato Padre Eust\u00e1quio. Fueron entregadas por el vicepostulador de la Causa de Canonizaci\u00f3n del Beato Padre Eust\u00e1quio, Padre Vin\u00edcius Maciel, sscc, y por el formador de la Congregaci\u00f3n, Padre Silvano Dias de \u00c1vila, sscc, nacido en Indian\u00f3polis.<\/p>\n<p>La ceremonia de entronizaci\u00f3n se celebr\u00f3 la noche del 1 de noviembre en la iglesia principal de la ciudad. El administrador parroquial, el padre Renato Joaquim Ferreira, y el di\u00e1cono Selmo Alves de Souza fueron los anfitriones que recibieron y dieron la bienvenida a los sacerdotes de los Sagrados Corazones en la iglesia donde el propio padre Eust\u00e1quio celebr\u00f3 la misa en la d\u00e9cada de 1940, cuando era p\u00e1rroco.<\/p>\n<p>La Celebraci\u00f3n Eucar\u00edstica fue presidida por el Padre Vinicius y concelebrada por el Padre Silvano. <em>\u201cExpreso aqu\u00ed mi alegr\u00eda, atenci\u00f3n y gratitud por la bienvenida del Padre Renato y el Di\u00e1cono Selmo... Estoy verdaderamente feliz de estar aqu\u00ed. Al entrar con la imagen, sent\u00ed que tra\u00eda al Padre Eust\u00e1quio de vuelta a lo que una vez fue su parroquia., <\/em>El padre Vinicius destac\u00f3.<\/p>\n<p>La Santa Misa fue transmitida por la p\u00e1gina de Facebook de la parroquia y se podr\u00e1 seguir. <a href=\"https:\/\/www.facebook.com\/paroquiasantana.indianopolis?mibextid=LQQJ4d\">HAGA CLIC AQU\u00cd.<\/a><\/p>\n<p>Los sacerdotes de los Sagrados Corazones tambi\u00e9n fueron recibidos por el alcalde, Lindomar Borges, a la entrada de la iglesia. Al finalizar la celebraci\u00f3n, los fieles presentes en la iglesia pudieron acercarse y tocar la imagen y la reliquia del Beato.<\/p>\n<p>Los objetos sagrados ser\u00e1n colocados en un altar en la Iglesia de Santa Ana y podr\u00e1n ser visitados posteriormente por devotos, habitantes y visitantes de Indian\u00f3polis.<\/p>","protected":false},"excerpt":{"rendered":"<p>No Dia de Todos os Santos, a Matriz de\u00a0 Sant&#8217;Ana da cidade de Indian\u00f3polis, no Tri\u00e2ngulo Mineiro, recebeu a imagem e uma rel\u00edquia de primeiro grau do Beato Padre Eust\u00e1quio. Elas foram entregues pelo vice-postulador da Causa de Canoniza\u00e7\u00e3o do Beato Pe Eust\u00e1quio, padre Vin\u00edcius Maciel, sscc e pelo formador da Congrega\u00e7\u00e3o, Pe Silvano Dias de \u00c1vila, sscc, que \u00e9 nascido em Indian\u00f3polis. A cerim\u00f4nia de entroniza\u00e7\u00e3o foi realizada na noite do dia 1\u00ba de novembro na Matriz da cidade. O administrador da par\u00f3quia, Pe. Renato Joaquim Ferreira e o Di\u00e1cono Selmo Alves de Souza foram os anfitri\u00f5es que receberam [&hellip;]<\/p>\n","protected":false},"author":2,"featured_media":10983,"comment_status":"open","ping_status":"closed","sticky":false,"template":"","format":"standard","meta":{"_acf_changed":false,"footnotes":""},"categories":[611],"tags":[],"class_list":["post-10981","post","type-post","status-publish","format-standard","has-post-thumbnail","hentry","category-noticias"],"acf":[],"yoast_head":"<!-- This site is optimized with the Yoast SEO plugin v27.2 - https:\/\/yoast.com\/product\/yoast-seo-wordpress\/ -->\n<title>Imagem e rel\u00edquia de Padre Eust\u00e1quio s\u00e3o entronizadas em Indian\u00f3polis-MG<\/title>\n<meta name=\"description\" content=\"No Dia de Todos os Santos, a Matriz de\u00a0 Sant&#039;Ana da cidade de Indian\u00f3polis, no Tri\u00e2ngulo Mineiro, recebeu a imagem e uma rel\u00edquia de primeiro grau do Beato Padre Eust\u00e1quio. Elas foram entregues pelo vice-postulador da Causa de Canoniza\u00e7\u00e3o do Beato Pe Eust\u00e1quio, padre Vin\u00edcius Maciel, sscc e pelo formador da Congrega\u00e7\u00e3o, Pe Silvano Dias de \u00c1vila, sscc, que \u00e9 nascido em Indian\u00f3polis.\" \/>\n<meta name=\"robots\" content=\"index, follow, max-snippet:-1, max-image-preview:large, max-video-preview:-1\" \/>\n<link rel=\"canonical\" href=\"https:\/\/www.padreeustaquio.com.br\/es\/imagen-y-reliquia-del-padre-eustaquio-son-entronizadas-en-indianapolis-mg\/\" \/>\n<meta property=\"og:locale\" content=\"es_ES\" \/>\n<meta property=\"og:type\" content=\"article\" \/>\n<meta property=\"og:title\" content=\"Imagem e rel\u00edquia de Padre Eust\u00e1quio s\u00e3o entronizadas em Indian\u00f3polis-MG\" \/>\n<meta property=\"og:description\" content=\"No Dia de Todos os Santos, a Matriz de\u00a0 Sant&#039;Ana da cidade de Indian\u00f3polis, no Tri\u00e2ngulo Mineiro, recebeu a imagem e uma rel\u00edquia de primeiro grau do Beato Padre Eust\u00e1quio. Elas foram entregues pelo vice-postulador da Causa de Canoniza\u00e7\u00e3o do Beato Pe Eust\u00e1quio, padre Vin\u00edcius Maciel, sscc e pelo formador da Congrega\u00e7\u00e3o, Pe Silvano Dias de \u00c1vila, sscc, que \u00e9 nascido em Indian\u00f3polis.\" \/>\n<meta property=\"og:url\" content=\"https:\/\/www.padreeustaquio.com.br\/es\/imagen-y-reliquia-del-padre-eustaquio-son-entronizadas-en-indianapolis-mg\/\" \/>\n<meta property=\"og:site_name\" content=\"Padre Eust\u00e1quio\" \/>\n<meta property=\"article:publisher\" content=\"https:\/\/www.facebook.com\/beatopadreeustaquio\/\" \/>\n<meta property=\"article:published_time\" content=\"2023-11-06T18:26:54+00:00\" \/>\n<meta property=\"article:modified_time\" content=\"2023-11-06T18:34:22+00:00\" \/>\n<meta property=\"og:image\" content=\"https:\/\/www.padreeustaquio.com.br\/wp-content\/uploads\/2023\/11\/Entronizacao-PE-Indianopolis.png\" \/>\n\t<meta property=\"og:image:width\" content=\"1332\" \/>\n\t<meta property=\"og:image:height\" content=\"760\" \/>\n\t<meta property=\"og:image:type\" content=\"image\/png\" \/>\n<meta name=\"author\" content=\"@sscc\" \/>\n<meta name=\"twitter:card\" content=\"summary_large_image\" \/>\n<meta name=\"twitter:creator\" content=\"@beatopeustaquio\" \/>\n<meta name=\"twitter:site\" content=\"@beatopeustaquio\" \/>\n<meta name=\"twitter:label1\" content=\"Escrito por\" \/>\n\t<meta name=\"twitter:data1\" content=\"@sscc\" \/>\n\t<meta name=\"twitter:label2\" content=\"Tiempo de lectura\" \/>\n\t<meta name=\"twitter:data2\" content=\"2 minutos\" \/>\n<script type=\"application\/ld+json\" class=\"yoast-schema-graph\">{\"@context\":\"https:\/\/schema.org\",\"@graph\":[{\"@type\":\"Article\",\"@id\":\"https:\/\/www.padreeustaquio.com.br\/imagem-e-reliquia-de-padre-eustaquio-sao-entronizadas-em-indianopolis-mg\/#article\",\"isPartOf\":{\"@id\":\"https:\/\/www.padreeustaquio.com.br\/imagem-e-reliquia-de-padre-eustaquio-sao-entronizadas-em-indianopolis-mg\/\"},\"author\":{\"name\":\"@sscc\",\"@id\":\"https:\/\/www.padreeustaquio.com.br\/#\/schema\/person\/a2a51db1d00f1a7af0204a0f1ddb1566\"},\"headline\":\"Imagem e rel\u00edquia de Padre Eust\u00e1quio s\u00e3o entronizadas em Indian\u00f3polis-MG\",\"datePublished\":\"2023-11-06T18:26:54+00:00\",\"dateModified\":\"2023-11-06T18:34:22+00:00\",\"mainEntityOfPage\":{\"@id\":\"https:\/\/www.padreeustaquio.com.br\/imagem-e-reliquia-de-padre-eustaquio-sao-entronizadas-em-indianopolis-mg\/\"},\"wordCount\":319,\"commentCount\":0,\"publisher\":{\"@id\":\"https:\/\/www.padreeustaquio.com.br\/#organization\"},\"image\":{\"@id\":\"https:\/\/www.padreeustaquio.com.br\/imagem-e-reliquia-de-padre-eustaquio-sao-entronizadas-em-indianopolis-mg\/#primaryimage\"},\"thumbnailUrl\":\"https:\/\/www.padreeustaquio.com.br\/wp-content\/uploads\/2023\/11\/Entronizacao-PE-Indianopolis.png\",\"articleSection\":[\"Not\u00edcias\"],\"inLanguage\":\"es\",\"potentialAction\":[{\"@type\":\"CommentAction\",\"name\":\"Comment\",\"target\":[\"https:\/\/www.padreeustaquio.com.br\/imagem-e-reliquia-de-padre-eustaquio-sao-entronizadas-em-indianopolis-mg\/#respond\"]}]},{\"@type\":\"WebPage\",\"@id\":\"https:\/\/www.padreeustaquio.com.br\/imagem-e-reliquia-de-padre-eustaquio-sao-entronizadas-em-indianopolis-mg\/\",\"url\":\"https:\/\/www.padreeustaquio.com.br\/imagem-e-reliquia-de-padre-eustaquio-sao-entronizadas-em-indianopolis-mg\/\",\"name\":\"Imagem e rel\u00edquia de Padre Eust\u00e1quio s\u00e3o entronizadas em Indian\u00f3polis-MG\",\"isPartOf\":{\"@id\":\"https:\/\/www.padreeustaquio.com.br\/#website\"},\"primaryImageOfPage\":{\"@id\":\"https:\/\/www.padreeustaquio.com.br\/imagem-e-reliquia-de-padre-eustaquio-sao-entronizadas-em-indianopolis-mg\/#primaryimage\"},\"image\":{\"@id\":\"https:\/\/www.padreeustaquio.com.br\/imagem-e-reliquia-de-padre-eustaquio-sao-entronizadas-em-indianopolis-mg\/#primaryimage\"},\"thumbnailUrl\":\"https:\/\/www.padreeustaquio.com.br\/wp-content\/uploads\/2023\/11\/Entronizacao-PE-Indianopolis.png\",\"datePublished\":\"2023-11-06T18:26:54+00:00\",\"dateModified\":\"2023-11-06T18:34:22+00:00\",\"description\":\"No Dia de Todos os Santos, a Matriz de\u00a0 Sant'Ana da cidade de Indian\u00f3polis, no Tri\u00e2ngulo Mineiro, recebeu a imagem e uma rel\u00edquia de primeiro grau do Beato Padre Eust\u00e1quio. Elas foram entregues pelo vice-postulador da Causa de Canoniza\u00e7\u00e3o do Beato Pe Eust\u00e1quio, padre Vin\u00edcius Maciel, sscc e pelo formador da Congrega\u00e7\u00e3o, Pe Silvano Dias de \u00c1vila, sscc, que \u00e9 nascido em Indian\u00f3polis.\",\"breadcrumb\":{\"@id\":\"https:\/\/www.padreeustaquio.com.br\/imagem-e-reliquia-de-padre-eustaquio-sao-entronizadas-em-indianopolis-mg\/#breadcrumb\"},\"inLanguage\":\"es\",\"potentialAction\":[{\"@type\":\"ReadAction\",\"target\":[\"https:\/\/www.padreeustaquio.com.br\/imagem-e-reliquia-de-padre-eustaquio-sao-entronizadas-em-indianopolis-mg\/\"]}]},{\"@type\":\"ImageObject\",\"inLanguage\":\"es\",\"@id\":\"https:\/\/www.padreeustaquio.com.br\/imagem-e-reliquia-de-padre-eustaquio-sao-entronizadas-em-indianopolis-mg\/#primaryimage\",\"url\":\"https:\/\/www.padreeustaquio.com.br\/wp-content\/uploads\/2023\/11\/Entronizacao-PE-Indianopolis.png\",\"contentUrl\":\"https:\/\/www.padreeustaquio.com.br\/wp-content\/uploads\/2023\/11\/Entronizacao-PE-Indianopolis.png\",\"width\":1332,\"height\":760},{\"@type\":\"BreadcrumbList\",\"@id\":\"https:\/\/www.padreeustaquio.com.br\/imagem-e-reliquia-de-padre-eustaquio-sao-entronizadas-em-indianopolis-mg\/#breadcrumb\",\"itemListElement\":[{\"@type\":\"ListItem\",\"position\":1,\"name\":\"In\u00edcio\",\"item\":\"https:\/\/www.padreeustaquio.com.br\/\"},{\"@type\":\"ListItem\",\"position\":2,\"name\":\"Imagem e rel\u00edquia de Padre Eust\u00e1quio s\u00e3o entronizadas em Indian\u00f3polis-MG\"}]},{\"@type\":\"WebSite\",\"@id\":\"https:\/\/www.padreeustaquio.com.br\/#website\",\"url\":\"https:\/\/www.padreeustaquio.com.br\/\",\"name\":\"Padre Eust\u00e1quio\",\"description\":\"Sa\u00fade e Paz\",\"publisher\":{\"@id\":\"https:\/\/www.padreeustaquio.com.br\/#organization\"},\"potentialAction\":[{\"@type\":\"SearchAction\",\"target\":{\"@type\":\"EntryPoint\",\"urlTemplate\":\"https:\/\/www.padreeustaquio.com.br\/?s={search_term_string}\"},\"query-input\":{\"@type\":\"PropertyValueSpecification\",\"valueRequired\":true,\"valueName\":\"search_term_string\"}}],\"inLanguage\":\"es\"},{\"@type\":\"Organization\",\"@id\":\"https:\/\/www.padreeustaquio.com.br\/#organization\",\"name\":\"Padre Eust\u00e1quio\",\"url\":\"https:\/\/www.padreeustaquio.com.br\/\",\"logo\":{\"@type\":\"ImageObject\",\"inLanguage\":\"es\",\"@id\":\"https:\/\/www.padreeustaquio.com.br\/#\/schema\/logo\/image\/\",\"url\":\"https:\/\/www.padreeustaquio.com.br\/wp-content\/uploads\/2019\/08\/marca.png\",\"contentUrl\":\"https:\/\/www.padreeustaquio.com.br\/wp-content\/uploads\/2019\/08\/marca.png\",\"width\":350,\"height\":400,\"caption\":\"Padre Eust\u00e1quio\"},\"image\":{\"@id\":\"https:\/\/www.padreeustaquio.com.br\/#\/schema\/logo\/image\/\"},\"sameAs\":[\"https:\/\/www.facebook.com\/beatopadreeustaquio\/\",\"https:\/\/x.com\/beatopeustaquio\",\"https:\/\/www.instagram.com\/beatopadreeustaquio\/\",\"https:\/\/www.youtube.com\/channel\/UCRhw7vfabnajwLxb1ZXMeIw\"]},{\"@type\":\"Person\",\"@id\":\"https:\/\/www.padreeustaquio.com.br\/#\/schema\/person\/a2a51db1d00f1a7af0204a0f1ddb1566\",\"name\":\"@sscc\",\"image\":{\"@type\":\"ImageObject\",\"inLanguage\":\"es\",\"@id\":\"https:\/\/secure.gravatar.com\/avatar\/68cfafa5f44617fea54071e215026e0ff06be366c3d54a8425f04fdcb86f8c5f?s=96&d=mm&r=g\",\"url\":\"https:\/\/secure.gravatar.com\/avatar\/68cfafa5f44617fea54071e215026e0ff06be366c3d54a8425f04fdcb86f8c5f?s=96&d=mm&r=g\",\"contentUrl\":\"https:\/\/secure.gravatar.com\/avatar\/68cfafa5f44617fea54071e215026e0ff06be366c3d54a8425f04fdcb86f8c5f?s=96&d=mm&r=g\",\"caption\":\"@sscc\"},\"url\":\"https:\/\/www.padreeustaquio.com.br\/es\/author\/sscc\/\"}]}<\/script>\n<!-- \/ Yoast SEO plugin. -->","yoast_head_json":{"title":"Imagen y reliquia del Padre Eust\u00e1quio son entronizadas en Indian\u00f3polis-MG","description":"El D\u00eda de Todos los Santos, la Parroquia de Santa Ana, en la ciudad de Indian\u00f3polis, en la regi\u00f3n del Tri\u00e1ngulo Minero, recibi\u00f3 una imagen y una reliquia de primer grado del Beato Padre Eust\u00e1quio. Fueron entregadas por el vicepostulador de la Causa de Canonizaci\u00f3n del Beato Padre Eust\u00e1quio, Padre Vin\u00edcius Maciel, sscc, y por el formador de la Congregaci\u00f3n, Padre Silvano Dias de \u00c1vila, sscc, nacido en Indian\u00f3polis.","robots":{"index":"index","follow":"follow","max-snippet":"max-snippet:-1","max-image-preview":"max-image-preview:large","max-video-preview":"max-video-preview:-1"},"canonical":"https:\/\/www.padreeustaquio.com.br\/es\/imagen-y-reliquia-del-padre-eustaquio-son-entronizadas-en-indianapolis-mg\/","og_locale":"es_ES","og_type":"article","og_title":"Imagem e rel\u00edquia de Padre Eust\u00e1quio s\u00e3o entronizadas em Indian\u00f3polis-MG","og_description":"No Dia de Todos os Santos, a Matriz de\u00a0 Sant'Ana da cidade de Indian\u00f3polis, no Tri\u00e2ngulo Mineiro, recebeu a imagem e uma rel\u00edquia de primeiro grau do Beato Padre Eust\u00e1quio. Elas foram entregues pelo vice-postulador da Causa de Canoniza\u00e7\u00e3o do Beato Pe Eust\u00e1quio, padre Vin\u00edcius Maciel, sscc e pelo formador da Congrega\u00e7\u00e3o, Pe Silvano Dias de \u00c1vila, sscc, que \u00e9 nascido em Indian\u00f3polis.","og_url":"https:\/\/www.padreeustaquio.com.br\/es\/imagen-y-reliquia-del-padre-eustaquio-son-entronizadas-en-indianapolis-mg\/","og_site_name":"Padre Eust\u00e1quio","article_publisher":"https:\/\/www.facebook.com\/beatopadreeustaquio\/","article_published_time":"2023-11-06T18:26:54+00:00","article_modified_time":"2023-11-06T18:34:22+00:00","og_image":[{"width":1332,"height":760,"url":"https:\/\/www.padreeustaquio.com.br\/wp-content\/uploads\/2023\/11\/Entronizacao-PE-Indianopolis.png","type":"image\/png"}],"author":"@sscc","twitter_card":"summary_large_image","twitter_creator":"@beatopeustaquio","twitter_site":"@beatopeustaquio","twitter_misc":{"Escrito por":"@sscc","Tiempo de lectura":"2 minutos"},"schema":{"@context":"https:\/\/schema.org","@graph":[{"@type":"Article","@id":"https:\/\/www.padreeustaquio.com.br\/imagem-e-reliquia-de-padre-eustaquio-sao-entronizadas-em-indianopolis-mg\/#article","isPartOf":{"@id":"https:\/\/www.padreeustaquio.com.br\/imagem-e-reliquia-de-padre-eustaquio-sao-entronizadas-em-indianopolis-mg\/"},"author":{"name":"@sscc","@id":"https:\/\/www.padreeustaquio.com.br\/#\/schema\/person\/a2a51db1d00f1a7af0204a0f1ddb1566"},"headline":"Imagem e rel\u00edquia de Padre Eust\u00e1quio s\u00e3o entronizadas em Indian\u00f3polis-MG","datePublished":"2023-11-06T18:26:54+00:00","dateModified":"2023-11-06T18:34:22+00:00","mainEntityOfPage":{"@id":"https:\/\/www.padreeustaquio.com.br\/imagem-e-reliquia-de-padre-eustaquio-sao-entronizadas-em-indianopolis-mg\/"},"wordCount":319,"commentCount":0,"publisher":{"@id":"https:\/\/www.padreeustaquio.com.br\/#organization"},"image":{"@id":"https:\/\/www.padreeustaquio.com.br\/imagem-e-reliquia-de-padre-eustaquio-sao-entronizadas-em-indianopolis-mg\/#primaryimage"},"thumbnailUrl":"https:\/\/www.padreeustaquio.com.br\/wp-content\/uploads\/2023\/11\/Entronizacao-PE-Indianopolis.png","articleSection":["Not\u00edcias"],"inLanguage":"es","potentialAction":[{"@type":"CommentAction","name":"Comment","target":["https:\/\/www.padreeustaquio.com.br\/imagem-e-reliquia-de-padre-eustaquio-sao-entronizadas-em-indianopolis-mg\/#respond"]}]},{"@type":"WebPage","@id":"https:\/\/www.padreeustaquio.com.br\/imagem-e-reliquia-de-padre-eustaquio-sao-entronizadas-em-indianopolis-mg\/","url":"https:\/\/www.padreeustaquio.com.br\/imagem-e-reliquia-de-padre-eustaquio-sao-entronizadas-em-indianopolis-mg\/","name":"Imagen y reliquia del Padre Eust\u00e1quio son entronizadas en Indian\u00f3polis-MG","isPartOf":{"@id":"https:\/\/www.padreeustaquio.com.br\/#website"},"primaryImageOfPage":{"@id":"https:\/\/www.padreeustaquio.com.br\/imagem-e-reliquia-de-padre-eustaquio-sao-entronizadas-em-indianopolis-mg\/#primaryimage"},"image":{"@id":"https:\/\/www.padreeustaquio.com.br\/imagem-e-reliquia-de-padre-eustaquio-sao-entronizadas-em-indianopolis-mg\/#primaryimage"},"thumbnailUrl":"https:\/\/www.padreeustaquio.com.br\/wp-content\/uploads\/2023\/11\/Entronizacao-PE-Indianopolis.png","datePublished":"2023-11-06T18:26:54+00:00","dateModified":"2023-11-06T18:34:22+00:00","description":"El D\u00eda de Todos los Santos, la Parroquia de Santa Ana, en la ciudad de Indian\u00f3polis, en la regi\u00f3n del Tri\u00e1ngulo Minero, recibi\u00f3 una imagen y una reliquia de primer grado del Beato Padre Eust\u00e1quio. Fueron entregadas por el vicepostulador de la Causa de Canonizaci\u00f3n del Beato Padre Eust\u00e1quio, Padre Vin\u00edcius Maciel, sscc, y por el formador de la Congregaci\u00f3n, Padre Silvano Dias de \u00c1vila, sscc, nacido en Indian\u00f3polis.","breadcrumb":{"@id":"https:\/\/www.padreeustaquio.com.br\/imagem-e-reliquia-de-padre-eustaquio-sao-entronizadas-em-indianopolis-mg\/#breadcrumb"},"inLanguage":"es","potentialAction":[{"@type":"ReadAction","target":["https:\/\/www.padreeustaquio.com.br\/imagem-e-reliquia-de-padre-eustaquio-sao-entronizadas-em-indianopolis-mg\/"]}]},{"@type":"ImageObject","inLanguage":"es","@id":"https:\/\/www.padreeustaquio.com.br\/imagem-e-reliquia-de-padre-eustaquio-sao-entronizadas-em-indianopolis-mg\/#primaryimage","url":"https:\/\/www.padreeustaquio.com.br\/wp-content\/uploads\/2023\/11\/Entronizacao-PE-Indianopolis.png","contentUrl":"https:\/\/www.padreeustaquio.com.br\/wp-content\/uploads\/2023\/11\/Entronizacao-PE-Indianopolis.png","width":1332,"height":760},{"@type":"BreadcrumbList","@id":"https:\/\/www.padreeustaquio.com.br\/imagem-e-reliquia-de-padre-eustaquio-sao-entronizadas-em-indianopolis-mg\/#breadcrumb","itemListElement":[{"@type":"ListItem","position":1,"name":"In\u00edcio","item":"https:\/\/www.padreeustaquio.com.br\/"},{"@type":"ListItem","position":2,"name":"Imagem e rel\u00edquia de Padre Eust\u00e1quio s\u00e3o entronizadas em Indian\u00f3polis-MG"}]},{"@type":"WebSite","@id":"https:\/\/www.padreeustaquio.com.br\/#website","url":"https:\/\/www.padreeustaquio.com.br\/","name":"Padre Eustace","description":"Salud y Paz","publisher":{"@id":"https:\/\/www.padreeustaquio.com.br\/#organization"},"potentialAction":[{"@type":"SearchAction","target":{"@type":"EntryPoint","urlTemplate":"https:\/\/www.padreeustaquio.com.br\/?s={search_term_string}"},"query-input":{"@type":"PropertyValueSpecification","valueRequired":true,"valueName":"search_term_string"}}],"inLanguage":"es"},{"@type":"Organization","@id":"https:\/\/www.padreeustaquio.com.br\/#organization","name":"Padre Eustace","url":"https:\/\/www.padreeustaquio.com.br\/","logo":{"@type":"ImageObject","inLanguage":"es","@id":"https:\/\/www.padreeustaquio.com.br\/#\/schema\/logo\/image\/","url":"https:\/\/www.padreeustaquio.com.br\/wp-content\/uploads\/2019\/08\/marca.png","contentUrl":"https:\/\/www.padreeustaquio.com.br\/wp-content\/uploads\/2019\/08\/marca.png","width":350,"height":400,"caption":"Padre Eust\u00e1quio"},"image":{"@id":"https:\/\/www.padreeustaquio.com.br\/#\/schema\/logo\/image\/"},"sameAs":["https:\/\/www.facebook.com\/beatopadreeustaquio\/","https:\/\/x.com\/beatopeustaquio","https:\/\/www.instagram.com\/beatopadreeustaquio\/","https:\/\/www.youtube.com\/channel\/UCRhw7vfabnajwLxb1ZXMeIw"]},{"@type":"Person","@id":"https:\/\/www.padreeustaquio.com.br\/#\/schema\/person\/a2a51db1d00f1a7af0204a0f1ddb1566","name":"@sscc","image":{"@type":"ImageObject","inLanguage":"es","@id":"https:\/\/secure.gravatar.com\/avatar\/68cfafa5f44617fea54071e215026e0ff06be366c3d54a8425f04fdcb86f8c5f?s=96&d=mm&r=g","url":"https:\/\/secure.gravatar.com\/avatar\/68cfafa5f44617fea54071e215026e0ff06be366c3d54a8425f04fdcb86f8c5f?s=96&d=mm&r=g","contentUrl":"https:\/\/secure.gravatar.com\/avatar\/68cfafa5f44617fea54071e215026e0ff06be366c3d54a8425f04fdcb86f8c5f?s=96&d=mm&r=g","caption":"@sscc"},"url":"https:\/\/www.padreeustaquio.com.br\/es\/author\/sscc\/"}]}},"_links":{"self":[{"href":"https:\/\/www.padreeustaquio.com.br\/es\/wp-json\/wp\/v2\/posts\/10981","targetHints":{"allow":["GET"]}}],"collection":[{"href":"https:\/\/www.padreeustaquio.com.br\/es\/wp-json\/wp\/v2\/posts"}],"about":[{"href":"https:\/\/www.padreeustaquio.com.br\/es\/wp-json\/wp\/v2\/types\/post"}],"author":[{"embeddable":true,"href":"https:\/\/www.padreeustaquio.com.br\/es\/wp-json\/wp\/v2\/users\/2"}],"replies":[{"embeddable":true,"href":"https:\/\/www.padreeustaquio.com.br\/es\/wp-json\/wp\/v2\/comments?post=10981"}],"version-history":[{"count":0,"href":"https:\/\/www.padreeustaquio.com.br\/es\/wp-json\/wp\/v2\/posts\/10981\/revisions"}],"wp:featuredmedia":[{"embeddable":true,"href":"https:\/\/www.padreeustaquio.com.br\/es\/wp-json\/wp\/v2\/media\/10983"}],"wp:attachment":[{"href":"https:\/\/www.padreeustaquio.com.br\/es\/wp-json\/wp\/v2\/media?parent=10981"}],"wp:term":[{"taxonomy":"category","embeddable":true,"href":"https:\/\/www.padreeustaquio.com.br\/es\/wp-json\/wp\/v2\/categories?post=10981"},{"taxonomy":"post_tag","embeddable":true,"href":"https:\/\/www.padreeustaquio.com.br\/es\/wp-json\/wp\/v2\/tags?post=10981"}],"curies":[{"name":"wp","href":"https:\/\/api.w.org\/{rel}","templated":true}]}}