{"id":10974,"date":"2023-11-02T23:01:51","date_gmt":"2023-11-03T02:01:51","guid":{"rendered":"https:\/\/www.padreeustaquio.com.br\/?p=10974"},"modified":"2023-11-02T23:07:03","modified_gmt":"2023-11-03T02:07:03","slug":"vicepostulador-recibe-libro-del-padre-luiz-mancilha-para-madres-que-rezan-por-sus-hijos","status":"publish","type":"post","link":"https:\/\/www.padreeustaquio.com.br\/es\/vicepostulador-recibe-libro-del-padre-luiz-mancilha-para-madres-que-rezan-por-sus-hijos\/","title":{"rendered":"Vicepostulador recibe libro del obispo Luiz Mancilha para Madres que Oran por sus Hijos."},"content":{"rendered":"<p>El fin de semana pasado, el Padre Vin\u00edcius Maciel, sscc, vicepostulador de la Causa de Canonizaci\u00f3n del Beato Padre Eust\u00e1quio y rector del Santuario de la Salud y la Paz, recibi\u00f3 el libro &quot;En el Poder de la Palabra&quot;. La obra es un homenaje p\u00f3stumo del movimiento &quot;Madres que Oran por sus Hijos&quot;.<\/p>\n<p>La presentaci\u00f3n del libro tuvo lugar durante la Reuni\u00f3n Estatal del Movimiento, en la Catedral de Cristo Rey. El Padre Vin\u00edcius recibi\u00f3 el libro de manos de la coordinadora nacional, \u00c2ngela Abdo, y del Padre Alexandre Fernandes, director espiritual del grupo en Minas Gerais.<\/p>\n<p>El padre Vinicius, que se reuni\u00f3 varias veces con Dom Luiz Mancilha Vilela, sscc, (1942-2022) mientras el arzobispo escrib\u00eda el libro, se sinti\u00f3 conmovido por el homenaje: <em>\u201c&quot;Segu\u00ed cada p\u00e1gina de este libro, especialmente durante los \u00faltimos d\u00edas de Dom Luiz en el hospital, y me siento muy honrado de estar aqu\u00ed hoy, recibiendo este libro&quot;.\u201d<\/em>, &quot;El rector enfatiz\u00f3.&quot;.<\/p>\n<p>\u201cEn el Poder de la Palabra\u201d es un homenaje p\u00f3stumo de las madres a Dom Luiz Mancilha, sscc, el primer obispo en recibir a la coordinadora nacional \u00c2ngela Abdo y que se convirti\u00f3 en un punto de referencia para la CNBB (Conferencia Nacional de Obispos de Brasil) en el Movimiento \u201cMadres que Oran por sus Hijos\u201d.<\/p>\n<p><strong>Reuni\u00f3n estatal<\/strong><\/p>\n<p><img fetchpriority=\"high\" decoding=\"async\" class=\"wp-image-10978 alignleft\" src=\"https:\/\/www.padreeustaquio.com.br\/wp-content\/uploads\/2023\/11\/movimento-maes-que-oram-mg-catedral-cristo-rei-300x225.jpeg\" alt=\"\" width=\"351\" height=\"263\" srcset=\"https:\/\/www.padreeustaquio.com.br\/wp-content\/uploads\/2023\/11\/movimento-maes-que-oram-mg-catedral-cristo-rei-300x225.jpeg 300w, https:\/\/www.padreeustaquio.com.br\/wp-content\/uploads\/2023\/11\/movimento-maes-que-oram-mg-catedral-cristo-rei-1024x768.jpeg 1024w, https:\/\/www.padreeustaquio.com.br\/wp-content\/uploads\/2023\/11\/movimento-maes-que-oram-mg-catedral-cristo-rei-768x576.jpeg 768w, https:\/\/www.padreeustaquio.com.br\/wp-content\/uploads\/2023\/11\/movimento-maes-que-oram-mg-catedral-cristo-rei-1536x1152.jpeg 1536w, https:\/\/www.padreeustaquio.com.br\/wp-content\/uploads\/2023\/11\/movimento-maes-que-oram-mg-catedral-cristo-rei-180x135.jpeg 180w, https:\/\/www.padreeustaquio.com.br\/wp-content\/uploads\/2023\/11\/movimento-maes-que-oram-mg-catedral-cristo-rei-400x300.jpeg 400w, https:\/\/www.padreeustaquio.com.br\/wp-content\/uploads\/2023\/11\/movimento-maes-que-oram-mg-catedral-cristo-rei-600x450.jpeg 600w, https:\/\/www.padreeustaquio.com.br\/wp-content\/uploads\/2023\/11\/movimento-maes-que-oram-mg-catedral-cristo-rei-800x600.jpeg 800w, https:\/\/www.padreeustaquio.com.br\/wp-content\/uploads\/2023\/11\/movimento-maes-que-oram-mg-catedral-cristo-rei-1200x900.jpeg 1200w, https:\/\/www.padreeustaquio.com.br\/wp-content\/uploads\/2023\/11\/movimento-maes-que-oram-mg-catedral-cristo-rei.jpeg 1600w\" sizes=\"(max-width: 351px) 100vw, 351px\" \/>Madres de rodillas, ni\u00f1os de pie. Este fue el tema del encuentro estatal de Madres que Oran por sus Hijos, que reuni\u00f3 a 2400 mujeres de diversas regiones del estado en la Catedral de Cristo Rey, el s\u00e1bado 28.<span style=\"font-size: 1.21429rem;\">Regi\u00f3n Norte de Belo Horizonte.<\/span><\/p>\n<p>El evento anual incluye predicaci\u00f3n, celebraci\u00f3n de la misa, rezo del Rosario y presentaciones art\u00edsticas. Esta fue la s\u00e9ptima edici\u00f3n del Encuentro Estatal de Madres que Oran por sus Hijos de Minas Gerais.<\/p>\n<p>&nbsp;<\/p>","protected":false},"excerpt":{"rendered":"<p>No \u00faltimo final de semana, o vice-postulador da Causa de Canoniza\u00e7\u00e3o do Beato Padre Eust\u00e1quio e reitor do Santu\u00e1rio da Sa\u00fade e da Paz, padre Vin\u00edcius Maciel, sscc, recebeu o livro &#8220;Na for\u00e7a da Palavra&#8221;. A obra \u00e9 uma homenagem p\u00f3stuma do movimento &#8220;M\u00e3es que Oram pelos Filhos&#8221;. O lan\u00e7amento do livro foi feito durante o Encontro Estadual do Movimento, na Catedral Cristo Rei. Pe Vin\u00edcius recebeu a obra das m\u00e3os da coordenadora nacional, \u00c2ngela Abdo e do Pe Alexandre Fernandes, diretor espiritual do grupo em Minas Gerais. Padre Vinicius, que se encontrou v\u00e1rias vezes com Dom Luiz Mancilha Vilela, [&hellip;]<\/p>\n","protected":false},"author":2,"featured_media":10977,"comment_status":"open","ping_status":"closed","sticky":false,"template":"","format":"standard","meta":{"_acf_changed":false,"footnotes":""},"categories":[611],"tags":[],"class_list":["post-10974","post","type-post","status-publish","format-standard","has-post-thumbnail","hentry","category-noticias"],"acf":[],"yoast_head":"<!-- This site is optimized with the Yoast SEO plugin v27.2 - https:\/\/yoast.com\/product\/yoast-seo-wordpress\/ -->\n<title>Vice-postulador recebe livro de D. Luiz Mancilha pelas M\u00e3es que Oram pelos Filhos<\/title>\n<meta name=\"description\" content=\"No \u00faltimo final de semana, o vice-postulador da Causa de Canoniza\u00e7\u00e3o do Beato Padre Eust\u00e1quio e reitor do Santu\u00e1rio da Sa\u00fade e da Paz, padre Vin\u00edcius Maciel, sscc, recebeu o livro &quot;Na for\u00e7a da Palavra&quot;. A obra \u00e9 uma homenagem p\u00f3stuma do movimento &quot;M\u00e3es que Oram pelos Filhos&quot;.\" \/>\n<meta name=\"robots\" content=\"index, follow, max-snippet:-1, max-image-preview:large, max-video-preview:-1\" \/>\n<link rel=\"canonical\" href=\"https:\/\/www.padreeustaquio.com.br\/es\/vicepostulador-recibe-libro-del-padre-luiz-mancilha-para-madres-que-rezan-por-sus-hijos\/\" \/>\n<meta property=\"og:locale\" content=\"es_ES\" \/>\n<meta property=\"og:type\" content=\"article\" \/>\n<meta property=\"og:title\" content=\"Vice-postulador recebe livro de D. Luiz Mancilha pelas M\u00e3es que Oram pelos Filhos\" \/>\n<meta property=\"og:description\" content=\"No \u00faltimo final de semana, o vice-postulador da Causa de Canoniza\u00e7\u00e3o do Beato Padre Eust\u00e1quio e reitor do Santu\u00e1rio da Sa\u00fade e da Paz, padre Vin\u00edcius Maciel, sscc, recebeu o livro &quot;Na for\u00e7a da Palavra&quot;. A obra \u00e9 uma homenagem p\u00f3stuma do movimento &quot;M\u00e3es que Oram pelos Filhos&quot;.\" \/>\n<meta property=\"og:url\" content=\"https:\/\/www.padreeustaquio.com.br\/es\/vicepostulador-recibe-libro-del-padre-luiz-mancilha-para-madres-que-rezan-por-sus-hijos\/\" \/>\n<meta property=\"og:site_name\" content=\"Padre Eust\u00e1quio\" \/>\n<meta property=\"article:publisher\" content=\"https:\/\/www.facebook.com\/beatopadreeustaquio\/\" \/>\n<meta property=\"article:published_time\" content=\"2023-11-03T02:01:51+00:00\" \/>\n<meta property=\"article:modified_time\" content=\"2023-11-03T02:07:03+00:00\" \/>\n<meta property=\"og:image\" content=\"https:\/\/www.padreeustaquio.com.br\/wp-content\/uploads\/2023\/11\/padre-vinicius-padre-alexandre-angela-abdo-maes-que-oram-pelos-filhos-e1698977161473.jpeg\" \/>\n\t<meta property=\"og:image:width\" content=\"1200\" \/>\n\t<meta property=\"og:image:height\" content=\"778\" \/>\n\t<meta property=\"og:image:type\" content=\"image\/jpeg\" \/>\n<meta name=\"author\" content=\"@sscc\" \/>\n<meta name=\"twitter:card\" content=\"summary_large_image\" \/>\n<meta name=\"twitter:creator\" content=\"@beatopeustaquio\" \/>\n<meta name=\"twitter:site\" content=\"@beatopeustaquio\" \/>\n<meta name=\"twitter:label1\" content=\"Escrito por\" \/>\n\t<meta name=\"twitter:data1\" content=\"@sscc\" \/>\n\t<meta name=\"twitter:label2\" content=\"Tiempo de lectura\" \/>\n\t<meta name=\"twitter:data2\" content=\"2 minutos\" \/>\n<script type=\"application\/ld+json\" class=\"yoast-schema-graph\">{\"@context\":\"https:\/\/schema.org\",\"@graph\":[{\"@type\":\"Article\",\"@id\":\"https:\/\/www.padreeustaquio.com.br\/vice-postulador-recebe-livro-de-d-luiz-mancilha-pelas-maes-que-oram-pelos-filhos\/#article\",\"isPartOf\":{\"@id\":\"https:\/\/www.padreeustaquio.com.br\/vice-postulador-recebe-livro-de-d-luiz-mancilha-pelas-maes-que-oram-pelos-filhos\/\"},\"author\":{\"name\":\"@sscc\",\"@id\":\"https:\/\/www.padreeustaquio.com.br\/#\/schema\/person\/a2a51db1d00f1a7af0204a0f1ddb1566\"},\"headline\":\"Vice-postulador recebe livro de D. Luiz Mancilha pelas M\u00e3es que Oram pelos Filhos\",\"datePublished\":\"2023-11-03T02:01:51+00:00\",\"dateModified\":\"2023-11-03T02:07:03+00:00\",\"mainEntityOfPage\":{\"@id\":\"https:\/\/www.padreeustaquio.com.br\/vice-postulador-recebe-livro-de-d-luiz-mancilha-pelas-maes-que-oram-pelos-filhos\/\"},\"wordCount\":298,\"commentCount\":0,\"publisher\":{\"@id\":\"https:\/\/www.padreeustaquio.com.br\/#organization\"},\"image\":{\"@id\":\"https:\/\/www.padreeustaquio.com.br\/vice-postulador-recebe-livro-de-d-luiz-mancilha-pelas-maes-que-oram-pelos-filhos\/#primaryimage\"},\"thumbnailUrl\":\"https:\/\/www.padreeustaquio.com.br\/wp-content\/uploads\/2023\/11\/padre-vinicius-padre-alexandre-angela-abdo-maes-que-oram-pelos-filhos-e1698977161473.jpeg\",\"articleSection\":[\"Not\u00edcias\"],\"inLanguage\":\"es\",\"potentialAction\":[{\"@type\":\"CommentAction\",\"name\":\"Comment\",\"target\":[\"https:\/\/www.padreeustaquio.com.br\/vice-postulador-recebe-livro-de-d-luiz-mancilha-pelas-maes-que-oram-pelos-filhos\/#respond\"]}]},{\"@type\":\"WebPage\",\"@id\":\"https:\/\/www.padreeustaquio.com.br\/vice-postulador-recebe-livro-de-d-luiz-mancilha-pelas-maes-que-oram-pelos-filhos\/\",\"url\":\"https:\/\/www.padreeustaquio.com.br\/vice-postulador-recebe-livro-de-d-luiz-mancilha-pelas-maes-que-oram-pelos-filhos\/\",\"name\":\"Vice-postulador recebe livro de D. Luiz Mancilha pelas M\u00e3es que Oram pelos Filhos\",\"isPartOf\":{\"@id\":\"https:\/\/www.padreeustaquio.com.br\/#website\"},\"primaryImageOfPage\":{\"@id\":\"https:\/\/www.padreeustaquio.com.br\/vice-postulador-recebe-livro-de-d-luiz-mancilha-pelas-maes-que-oram-pelos-filhos\/#primaryimage\"},\"image\":{\"@id\":\"https:\/\/www.padreeustaquio.com.br\/vice-postulador-recebe-livro-de-d-luiz-mancilha-pelas-maes-que-oram-pelos-filhos\/#primaryimage\"},\"thumbnailUrl\":\"https:\/\/www.padreeustaquio.com.br\/wp-content\/uploads\/2023\/11\/padre-vinicius-padre-alexandre-angela-abdo-maes-que-oram-pelos-filhos-e1698977161473.jpeg\",\"datePublished\":\"2023-11-03T02:01:51+00:00\",\"dateModified\":\"2023-11-03T02:07:03+00:00\",\"description\":\"No \u00faltimo final de semana, o vice-postulador da Causa de Canoniza\u00e7\u00e3o do Beato Padre Eust\u00e1quio e reitor do Santu\u00e1rio da Sa\u00fade e da Paz, padre Vin\u00edcius Maciel, sscc, recebeu o livro \\\"Na for\u00e7a da Palavra\\\". A obra \u00e9 uma homenagem p\u00f3stuma do movimento \\\"M\u00e3es que Oram pelos Filhos\\\".\",\"breadcrumb\":{\"@id\":\"https:\/\/www.padreeustaquio.com.br\/vice-postulador-recebe-livro-de-d-luiz-mancilha-pelas-maes-que-oram-pelos-filhos\/#breadcrumb\"},\"inLanguage\":\"es\",\"potentialAction\":[{\"@type\":\"ReadAction\",\"target\":[\"https:\/\/www.padreeustaquio.com.br\/vice-postulador-recebe-livro-de-d-luiz-mancilha-pelas-maes-que-oram-pelos-filhos\/\"]}]},{\"@type\":\"ImageObject\",\"inLanguage\":\"es\",\"@id\":\"https:\/\/www.padreeustaquio.com.br\/vice-postulador-recebe-livro-de-d-luiz-mancilha-pelas-maes-que-oram-pelos-filhos\/#primaryimage\",\"url\":\"https:\/\/www.padreeustaquio.com.br\/wp-content\/uploads\/2023\/11\/padre-vinicius-padre-alexandre-angela-abdo-maes-que-oram-pelos-filhos-e1698977161473.jpeg\",\"contentUrl\":\"https:\/\/www.padreeustaquio.com.br\/wp-content\/uploads\/2023\/11\/padre-vinicius-padre-alexandre-angela-abdo-maes-que-oram-pelos-filhos-e1698977161473.jpeg\",\"width\":1200,\"height\":778},{\"@type\":\"BreadcrumbList\",\"@id\":\"https:\/\/www.padreeustaquio.com.br\/vice-postulador-recebe-livro-de-d-luiz-mancilha-pelas-maes-que-oram-pelos-filhos\/#breadcrumb\",\"itemListElement\":[{\"@type\":\"ListItem\",\"position\":1,\"name\":\"In\u00edcio\",\"item\":\"https:\/\/www.padreeustaquio.com.br\/\"},{\"@type\":\"ListItem\",\"position\":2,\"name\":\"Vice-postulador recebe livro de D. Luiz Mancilha pelas M\u00e3es que Oram pelos Filhos\"}]},{\"@type\":\"WebSite\",\"@id\":\"https:\/\/www.padreeustaquio.com.br\/#website\",\"url\":\"https:\/\/www.padreeustaquio.com.br\/\",\"name\":\"Padre Eust\u00e1quio\",\"description\":\"Sa\u00fade e Paz\",\"publisher\":{\"@id\":\"https:\/\/www.padreeustaquio.com.br\/#organization\"},\"potentialAction\":[{\"@type\":\"SearchAction\",\"target\":{\"@type\":\"EntryPoint\",\"urlTemplate\":\"https:\/\/www.padreeustaquio.com.br\/?s={search_term_string}\"},\"query-input\":{\"@type\":\"PropertyValueSpecification\",\"valueRequired\":true,\"valueName\":\"search_term_string\"}}],\"inLanguage\":\"es\"},{\"@type\":\"Organization\",\"@id\":\"https:\/\/www.padreeustaquio.com.br\/#organization\",\"name\":\"Padre Eust\u00e1quio\",\"url\":\"https:\/\/www.padreeustaquio.com.br\/\",\"logo\":{\"@type\":\"ImageObject\",\"inLanguage\":\"es\",\"@id\":\"https:\/\/www.padreeustaquio.com.br\/#\/schema\/logo\/image\/\",\"url\":\"https:\/\/www.padreeustaquio.com.br\/wp-content\/uploads\/2019\/08\/marca.png\",\"contentUrl\":\"https:\/\/www.padreeustaquio.com.br\/wp-content\/uploads\/2019\/08\/marca.png\",\"width\":350,\"height\":400,\"caption\":\"Padre Eust\u00e1quio\"},\"image\":{\"@id\":\"https:\/\/www.padreeustaquio.com.br\/#\/schema\/logo\/image\/\"},\"sameAs\":[\"https:\/\/www.facebook.com\/beatopadreeustaquio\/\",\"https:\/\/x.com\/beatopeustaquio\",\"https:\/\/www.instagram.com\/beatopadreeustaquio\/\",\"https:\/\/www.youtube.com\/channel\/UCRhw7vfabnajwLxb1ZXMeIw\"]},{\"@type\":\"Person\",\"@id\":\"https:\/\/www.padreeustaquio.com.br\/#\/schema\/person\/a2a51db1d00f1a7af0204a0f1ddb1566\",\"name\":\"@sscc\",\"image\":{\"@type\":\"ImageObject\",\"inLanguage\":\"es\",\"@id\":\"https:\/\/secure.gravatar.com\/avatar\/68cfafa5f44617fea54071e215026e0ff06be366c3d54a8425f04fdcb86f8c5f?s=96&d=mm&r=g\",\"url\":\"https:\/\/secure.gravatar.com\/avatar\/68cfafa5f44617fea54071e215026e0ff06be366c3d54a8425f04fdcb86f8c5f?s=96&d=mm&r=g\",\"contentUrl\":\"https:\/\/secure.gravatar.com\/avatar\/68cfafa5f44617fea54071e215026e0ff06be366c3d54a8425f04fdcb86f8c5f?s=96&d=mm&r=g\",\"caption\":\"@sscc\"},\"url\":\"https:\/\/www.padreeustaquio.com.br\/es\/author\/sscc\/\"}]}<\/script>\n<!-- \/ Yoast SEO plugin. -->","yoast_head_json":{"title":"Vicepostulador recibe libro del obispo Luiz Mancilha para Madres que Oran por sus Hijos.","description":"El fin de semana pasado, el Padre Vin\u00edcius Maciel, sscc, vicepostulador de la Causa de Canonizaci\u00f3n del Beato Padre Eust\u00e1quio y rector del Santuario de la Salud y la Paz, recibi\u00f3 el libro &quot;En la Fuerza de la Palabra&quot;. La obra es un homenaje p\u00f3stumo del movimiento &quot;Madres que Oran por sus Hijos&quot;.","robots":{"index":"index","follow":"follow","max-snippet":"max-snippet:-1","max-image-preview":"max-image-preview:large","max-video-preview":"max-video-preview:-1"},"canonical":"https:\/\/www.padreeustaquio.com.br\/es\/vicepostulador-recibe-libro-del-padre-luiz-mancilha-para-madres-que-rezan-por-sus-hijos\/","og_locale":"es_ES","og_type":"article","og_title":"Vice-postulador recebe livro de D. Luiz Mancilha pelas M\u00e3es que Oram pelos Filhos","og_description":"No \u00faltimo final de semana, o vice-postulador da Causa de Canoniza\u00e7\u00e3o do Beato Padre Eust\u00e1quio e reitor do Santu\u00e1rio da Sa\u00fade e da Paz, padre Vin\u00edcius Maciel, sscc, recebeu o livro \"Na for\u00e7a da Palavra\". A obra \u00e9 uma homenagem p\u00f3stuma do movimento \"M\u00e3es que Oram pelos Filhos\".","og_url":"https:\/\/www.padreeustaquio.com.br\/es\/vicepostulador-recibe-libro-del-padre-luiz-mancilha-para-madres-que-rezan-por-sus-hijos\/","og_site_name":"Padre Eust\u00e1quio","article_publisher":"https:\/\/www.facebook.com\/beatopadreeustaquio\/","article_published_time":"2023-11-03T02:01:51+00:00","article_modified_time":"2023-11-03T02:07:03+00:00","og_image":[{"width":1200,"height":778,"url":"https:\/\/www.padreeustaquio.com.br\/wp-content\/uploads\/2023\/11\/padre-vinicius-padre-alexandre-angela-abdo-maes-que-oram-pelos-filhos-e1698977161473.jpeg","type":"image\/jpeg"}],"author":"@sscc","twitter_card":"summary_large_image","twitter_creator":"@beatopeustaquio","twitter_site":"@beatopeustaquio","twitter_misc":{"Escrito por":"@sscc","Tiempo de lectura":"2 minutos"},"schema":{"@context":"https:\/\/schema.org","@graph":[{"@type":"Article","@id":"https:\/\/www.padreeustaquio.com.br\/vice-postulador-recebe-livro-de-d-luiz-mancilha-pelas-maes-que-oram-pelos-filhos\/#article","isPartOf":{"@id":"https:\/\/www.padreeustaquio.com.br\/vice-postulador-recebe-livro-de-d-luiz-mancilha-pelas-maes-que-oram-pelos-filhos\/"},"author":{"name":"@sscc","@id":"https:\/\/www.padreeustaquio.com.br\/#\/schema\/person\/a2a51db1d00f1a7af0204a0f1ddb1566"},"headline":"Vice-postulador recebe livro de D. Luiz Mancilha pelas M\u00e3es que Oram pelos Filhos","datePublished":"2023-11-03T02:01:51+00:00","dateModified":"2023-11-03T02:07:03+00:00","mainEntityOfPage":{"@id":"https:\/\/www.padreeustaquio.com.br\/vice-postulador-recebe-livro-de-d-luiz-mancilha-pelas-maes-que-oram-pelos-filhos\/"},"wordCount":298,"commentCount":0,"publisher":{"@id":"https:\/\/www.padreeustaquio.com.br\/#organization"},"image":{"@id":"https:\/\/www.padreeustaquio.com.br\/vice-postulador-recebe-livro-de-d-luiz-mancilha-pelas-maes-que-oram-pelos-filhos\/#primaryimage"},"thumbnailUrl":"https:\/\/www.padreeustaquio.com.br\/wp-content\/uploads\/2023\/11\/padre-vinicius-padre-alexandre-angela-abdo-maes-que-oram-pelos-filhos-e1698977161473.jpeg","articleSection":["Not\u00edcias"],"inLanguage":"es","potentialAction":[{"@type":"CommentAction","name":"Comment","target":["https:\/\/www.padreeustaquio.com.br\/vice-postulador-recebe-livro-de-d-luiz-mancilha-pelas-maes-que-oram-pelos-filhos\/#respond"]}]},{"@type":"WebPage","@id":"https:\/\/www.padreeustaquio.com.br\/vice-postulador-recebe-livro-de-d-luiz-mancilha-pelas-maes-que-oram-pelos-filhos\/","url":"https:\/\/www.padreeustaquio.com.br\/vice-postulador-recebe-livro-de-d-luiz-mancilha-pelas-maes-que-oram-pelos-filhos\/","name":"Vicepostulador recibe libro del obispo Luiz Mancilha para Madres que Oran por sus Hijos.","isPartOf":{"@id":"https:\/\/www.padreeustaquio.com.br\/#website"},"primaryImageOfPage":{"@id":"https:\/\/www.padreeustaquio.com.br\/vice-postulador-recebe-livro-de-d-luiz-mancilha-pelas-maes-que-oram-pelos-filhos\/#primaryimage"},"image":{"@id":"https:\/\/www.padreeustaquio.com.br\/vice-postulador-recebe-livro-de-d-luiz-mancilha-pelas-maes-que-oram-pelos-filhos\/#primaryimage"},"thumbnailUrl":"https:\/\/www.padreeustaquio.com.br\/wp-content\/uploads\/2023\/11\/padre-vinicius-padre-alexandre-angela-abdo-maes-que-oram-pelos-filhos-e1698977161473.jpeg","datePublished":"2023-11-03T02:01:51+00:00","dateModified":"2023-11-03T02:07:03+00:00","description":"El fin de semana pasado, el Padre Vin\u00edcius Maciel, sscc, vicepostulador de la Causa de Canonizaci\u00f3n del Beato Padre Eust\u00e1quio y rector del Santuario de la Salud y la Paz, recibi\u00f3 el libro &quot;En la Fuerza de la Palabra&quot;. La obra es un homenaje p\u00f3stumo del movimiento &quot;Madres que Oran por sus Hijos&quot;.","breadcrumb":{"@id":"https:\/\/www.padreeustaquio.com.br\/vice-postulador-recebe-livro-de-d-luiz-mancilha-pelas-maes-que-oram-pelos-filhos\/#breadcrumb"},"inLanguage":"es","potentialAction":[{"@type":"ReadAction","target":["https:\/\/www.padreeustaquio.com.br\/vice-postulador-recebe-livro-de-d-luiz-mancilha-pelas-maes-que-oram-pelos-filhos\/"]}]},{"@type":"ImageObject","inLanguage":"es","@id":"https:\/\/www.padreeustaquio.com.br\/vice-postulador-recebe-livro-de-d-luiz-mancilha-pelas-maes-que-oram-pelos-filhos\/#primaryimage","url":"https:\/\/www.padreeustaquio.com.br\/wp-content\/uploads\/2023\/11\/padre-vinicius-padre-alexandre-angela-abdo-maes-que-oram-pelos-filhos-e1698977161473.jpeg","contentUrl":"https:\/\/www.padreeustaquio.com.br\/wp-content\/uploads\/2023\/11\/padre-vinicius-padre-alexandre-angela-abdo-maes-que-oram-pelos-filhos-e1698977161473.jpeg","width":1200,"height":778},{"@type":"BreadcrumbList","@id":"https:\/\/www.padreeustaquio.com.br\/vice-postulador-recebe-livro-de-d-luiz-mancilha-pelas-maes-que-oram-pelos-filhos\/#breadcrumb","itemListElement":[{"@type":"ListItem","position":1,"name":"In\u00edcio","item":"https:\/\/www.padreeustaquio.com.br\/"},{"@type":"ListItem","position":2,"name":"Vice-postulador recebe livro de D. Luiz Mancilha pelas M\u00e3es que Oram pelos Filhos"}]},{"@type":"WebSite","@id":"https:\/\/www.padreeustaquio.com.br\/#website","url":"https:\/\/www.padreeustaquio.com.br\/","name":"Padre Eustace","description":"Salud y Paz","publisher":{"@id":"https:\/\/www.padreeustaquio.com.br\/#organization"},"potentialAction":[{"@type":"SearchAction","target":{"@type":"EntryPoint","urlTemplate":"https:\/\/www.padreeustaquio.com.br\/?s={search_term_string}"},"query-input":{"@type":"PropertyValueSpecification","valueRequired":true,"valueName":"search_term_string"}}],"inLanguage":"es"},{"@type":"Organization","@id":"https:\/\/www.padreeustaquio.com.br\/#organization","name":"Padre Eustace","url":"https:\/\/www.padreeustaquio.com.br\/","logo":{"@type":"ImageObject","inLanguage":"es","@id":"https:\/\/www.padreeustaquio.com.br\/#\/schema\/logo\/image\/","url":"https:\/\/www.padreeustaquio.com.br\/wp-content\/uploads\/2019\/08\/marca.png","contentUrl":"https:\/\/www.padreeustaquio.com.br\/wp-content\/uploads\/2019\/08\/marca.png","width":350,"height":400,"caption":"Padre Eust\u00e1quio"},"image":{"@id":"https:\/\/www.padreeustaquio.com.br\/#\/schema\/logo\/image\/"},"sameAs":["https:\/\/www.facebook.com\/beatopadreeustaquio\/","https:\/\/x.com\/beatopeustaquio","https:\/\/www.instagram.com\/beatopadreeustaquio\/","https:\/\/www.youtube.com\/channel\/UCRhw7vfabnajwLxb1ZXMeIw"]},{"@type":"Person","@id":"https:\/\/www.padreeustaquio.com.br\/#\/schema\/person\/a2a51db1d00f1a7af0204a0f1ddb1566","name":"@sscc","image":{"@type":"ImageObject","inLanguage":"es","@id":"https:\/\/secure.gravatar.com\/avatar\/68cfafa5f44617fea54071e215026e0ff06be366c3d54a8425f04fdcb86f8c5f?s=96&d=mm&r=g","url":"https:\/\/secure.gravatar.com\/avatar\/68cfafa5f44617fea54071e215026e0ff06be366c3d54a8425f04fdcb86f8c5f?s=96&d=mm&r=g","contentUrl":"https:\/\/secure.gravatar.com\/avatar\/68cfafa5f44617fea54071e215026e0ff06be366c3d54a8425f04fdcb86f8c5f?s=96&d=mm&r=g","caption":"@sscc"},"url":"https:\/\/www.padreeustaquio.com.br\/es\/author\/sscc\/"}]}},"_links":{"self":[{"href":"https:\/\/www.padreeustaquio.com.br\/es\/wp-json\/wp\/v2\/posts\/10974","targetHints":{"allow":["GET"]}}],"collection":[{"href":"https:\/\/www.padreeustaquio.com.br\/es\/wp-json\/wp\/v2\/posts"}],"about":[{"href":"https:\/\/www.padreeustaquio.com.br\/es\/wp-json\/wp\/v2\/types\/post"}],"author":[{"embeddable":true,"href":"https:\/\/www.padreeustaquio.com.br\/es\/wp-json\/wp\/v2\/users\/2"}],"replies":[{"embeddable":true,"href":"https:\/\/www.padreeustaquio.com.br\/es\/wp-json\/wp\/v2\/comments?post=10974"}],"version-history":[{"count":0,"href":"https:\/\/www.padreeustaquio.com.br\/es\/wp-json\/wp\/v2\/posts\/10974\/revisions"}],"wp:featuredmedia":[{"embeddable":true,"href":"https:\/\/www.padreeustaquio.com.br\/es\/wp-json\/wp\/v2\/media\/10977"}],"wp:attachment":[{"href":"https:\/\/www.padreeustaquio.com.br\/es\/wp-json\/wp\/v2\/media?parent=10974"}],"wp:term":[{"taxonomy":"category","embeddable":true,"href":"https:\/\/www.padreeustaquio.com.br\/es\/wp-json\/wp\/v2\/categories?post=10974"},{"taxonomy":"post_tag","embeddable":true,"href":"https:\/\/www.padreeustaquio.com.br\/es\/wp-json\/wp\/v2\/tags?post=10974"}],"curies":[{"name":"wp","href":"https:\/\/api.w.org\/{rel}","templated":true}]}}