{"id":10971,"date":"2023-10-30T20:20:58","date_gmt":"2023-10-30T23:20:58","guid":{"rendered":"https:\/\/www.padreeustaquio.com.br\/?p=10971"},"modified":"2023-10-30T20:24:35","modified_gmt":"2023-10-30T23:24:35","slug":"dia-de-los-fieles-difuntos-la-iglesia-del-beato-padre-eustaquio-tendra-3-misas-durante-el-feriado","status":"publish","type":"post","link":"https:\/\/www.padreeustaquio.com.br\/es\/dia-de-los-fieles-difuntos-la-iglesia-del-beato-padre-eustaquio-tendra-3-misas-durante-el-feriado\/","title":{"rendered":"D\u00eda de los Fieles Difuntos \u2013 La Iglesia del Beato Padre Eust\u00e1quio realizar\u00e1 3 misas durante el feriado."},"content":{"rendered":"<p>Los homenajes y oraciones por los fallecidos se celebrar\u00e1n con tres misas en el Santuario Arquidiocesano de Salud y Paz, Iglesia del Beato Padre Eust\u00e1quio, en Belo Horizonte. En este d\u00eda, la Iglesia en todo el mundo reza por la salvaci\u00f3n de las almas y ofrece oraciones por los amigos y familiares de los fallecidos, pidiendo consuelo para sus corazones.<\/p>\n<p>Hacia\u00a0<strong>7 a. m.<\/strong>\u00a0Se celebrar\u00e1 la primera misa del d\u00eda. M\u00e1s tarde, por la ma\u00f1ana, a las...\u00a0<strong>10 a. m.<\/strong> Se ha programado otra celebraci\u00f3n, que se transmitir\u00e1 por el Canal Padre Eust\u00e1quio en YouTube. La tercera y \u00faltima misa se celebrar\u00e1 en... <strong>7 p. m.<\/strong>, tambi\u00e9n transmitido en nuestro canal de internet.<\/p>\n<p>El 2 de noviembre, muchas personas aprovechan para rendir homenaje a las tumbas de sus seres queridos. El Memorial del Padre Eust\u00e1quio, donde est\u00e1 enterrado el sacerdote, estar\u00e1 abierto todo el d\u00eda, de 6:30 a. m. a 8 p. m. Otro lugar frecuentado por los devotos es la tumba del Cementerio de Bonfim, donde el Padre Eust\u00e1quio fue enterrado poco despu\u00e9s de su muerte en 1943. Aunque sus restos ya no est\u00e1n all\u00ed, la tumba se ha convertido en un punto de encuentro para los fieles y devotos del Misionero de la Salud y la Paz. Seg\u00fan la alcald\u00eda de Belo Horizonte, la tumba es la m\u00e1s visitada de la capital de Minas Gerais cada a\u00f1o.<\/p>","protected":false},"excerpt":{"rendered":"<p>As homenagens e ora\u00e7\u00f5es feitas \u00e0queles que j\u00e1 partiram desta vida ser\u00e3o celebradas com a realiza\u00e7\u00e3o de tr\u00eas missas no Santu\u00e1rio Arquidiocesano da Sa\u00fade e da Paz, Igreja do Beato Padre Eust\u00e1quio, em BH. Neste dia, a Igreja no mundo todo reza pela salva\u00e7\u00e3o das almas e faz ora\u00e7\u00f5es pelos amigos e familiares dos que morreram pedindo conforto ao cora\u00e7\u00e3o. \u00c0s\u00a07h\u00a0ser\u00e1 celebrada a primeira missa do dia. Ainda na parte da manh\u00e3, \u00e0s\u00a010h est\u00e1 marcada uma outra celebra\u00e7\u00e3o, que ser\u00e1 transmitida pelo Canal Padre Eust\u00e1quio, no YouTube. J\u00e1 a terceira e \u00faltima missa ser\u00e1 celebrada \u00e0s 19h, tamb\u00e9m transmitida pelo [&hellip;]<\/p>\n","protected":false},"author":2,"featured_media":10973,"comment_status":"open","ping_status":"closed","sticky":false,"template":"","format":"standard","meta":{"_acf_changed":false,"footnotes":""},"categories":[611],"tags":[],"class_list":["post-10971","post","type-post","status-publish","format-standard","has-post-thumbnail","hentry","category-noticias"],"acf":[],"yoast_head":"<!-- This site is optimized with the Yoast SEO plugin v27.2 - https:\/\/yoast.com\/product\/yoast-seo-wordpress\/ -->\n<title>FINADOS - Igreja do Beato Padre Eust\u00e1quio ter\u00e1 3 missas no feriado<\/title>\n<meta name=\"description\" content=\"\u00c0s\u00a07h\u00a0ser\u00e1 celebrada a primeira missa do dia. Ainda na parte da manh\u00e3, \u00e0s\u00a010h est\u00e1 marcada uma outra celebra\u00e7\u00e3o, que ser\u00e1 transmitida pelo Canal Padre Eust\u00e1quio, no YouTube. J\u00e1 a terceira e \u00faltima missa ser\u00e1 celebrada \u00e0s 19h, tamb\u00e9m transmitida pelo nosso Canal na internet.\" \/>\n<meta name=\"robots\" content=\"index, follow, max-snippet:-1, max-image-preview:large, max-video-preview:-1\" \/>\n<link rel=\"canonical\" href=\"https:\/\/www.padreeustaquio.com.br\/es\/dia-de-los-fieles-difuntos-la-iglesia-del-beato-padre-eustaquio-tendra-3-misas-durante-el-feriado\/\" \/>\n<meta property=\"og:locale\" content=\"es_ES\" \/>\n<meta property=\"og:type\" content=\"article\" \/>\n<meta property=\"og:title\" content=\"FINADOS - Igreja do Beato Padre Eust\u00e1quio ter\u00e1 3 missas no feriado\" \/>\n<meta property=\"og:description\" content=\"\u00c0s\u00a07h\u00a0ser\u00e1 celebrada a primeira missa do dia. Ainda na parte da manh\u00e3, \u00e0s\u00a010h est\u00e1 marcada uma outra celebra\u00e7\u00e3o, que ser\u00e1 transmitida pelo Canal Padre Eust\u00e1quio, no YouTube. J\u00e1 a terceira e \u00faltima missa ser\u00e1 celebrada \u00e0s 19h, tamb\u00e9m transmitida pelo nosso Canal na internet.\" \/>\n<meta property=\"og:url\" content=\"https:\/\/www.padreeustaquio.com.br\/es\/dia-de-los-fieles-difuntos-la-iglesia-del-beato-padre-eustaquio-tendra-3-misas-durante-el-feriado\/\" \/>\n<meta property=\"og:site_name\" content=\"Padre Eust\u00e1quio\" \/>\n<meta property=\"article:publisher\" content=\"https:\/\/www.facebook.com\/beatopadreeustaquio\/\" \/>\n<meta property=\"article:published_time\" content=\"2023-10-30T23:20:58+00:00\" \/>\n<meta property=\"article:modified_time\" content=\"2023-10-30T23:24:35+00:00\" \/>\n<meta property=\"og:image\" content=\"https:\/\/www.padreeustaquio.com.br\/wp-content\/uploads\/2023\/10\/dia-de-finados-no-padre-eustaquio-bh.png\" \/>\n\t<meta property=\"og:image:width\" content=\"1200\" \/>\n\t<meta property=\"og:image:height\" content=\"800\" \/>\n\t<meta property=\"og:image:type\" content=\"image\/png\" \/>\n<meta name=\"author\" content=\"@sscc\" \/>\n<meta name=\"twitter:card\" content=\"summary_large_image\" \/>\n<meta name=\"twitter:creator\" content=\"@beatopeustaquio\" \/>\n<meta name=\"twitter:site\" content=\"@beatopeustaquio\" \/>\n<meta name=\"twitter:label1\" content=\"Escrito por\" \/>\n\t<meta name=\"twitter:data1\" content=\"@sscc\" \/>\n\t<meta name=\"twitter:label2\" content=\"Tiempo de lectura\" \/>\n\t<meta name=\"twitter:data2\" content=\"2 minutos\" \/>\n<script type=\"application\/ld+json\" class=\"yoast-schema-graph\">{\"@context\":\"https:\/\/schema.org\",\"@graph\":[{\"@type\":\"Article\",\"@id\":\"https:\/\/www.padreeustaquio.com.br\/finados-igreja-do-beato-padre-eustaquio-tera-3-missas-no-feriado\/#article\",\"isPartOf\":{\"@id\":\"https:\/\/www.padreeustaquio.com.br\/finados-igreja-do-beato-padre-eustaquio-tera-3-missas-no-feriado\/\"},\"author\":{\"name\":\"@sscc\",\"@id\":\"https:\/\/www.padreeustaquio.com.br\/#\/schema\/person\/a2a51db1d00f1a7af0204a0f1ddb1566\"},\"headline\":\"FINADOS &#8211; Igreja do Beato Padre Eust\u00e1quio ter\u00e1 3 missas no feriado\",\"datePublished\":\"2023-10-30T23:20:58+00:00\",\"dateModified\":\"2023-10-30T23:24:35+00:00\",\"mainEntityOfPage\":{\"@id\":\"https:\/\/www.padreeustaquio.com.br\/finados-igreja-do-beato-padre-eustaquio-tera-3-missas-no-feriado\/\"},\"wordCount\":250,\"commentCount\":0,\"publisher\":{\"@id\":\"https:\/\/www.padreeustaquio.com.br\/#organization\"},\"image\":{\"@id\":\"https:\/\/www.padreeustaquio.com.br\/finados-igreja-do-beato-padre-eustaquio-tera-3-missas-no-feriado\/#primaryimage\"},\"thumbnailUrl\":\"https:\/\/www.padreeustaquio.com.br\/wp-content\/uploads\/2023\/10\/dia-de-finados-no-padre-eustaquio-bh.png\",\"articleSection\":[\"Not\u00edcias\"],\"inLanguage\":\"es\",\"potentialAction\":[{\"@type\":\"CommentAction\",\"name\":\"Comment\",\"target\":[\"https:\/\/www.padreeustaquio.com.br\/finados-igreja-do-beato-padre-eustaquio-tera-3-missas-no-feriado\/#respond\"]}]},{\"@type\":\"WebPage\",\"@id\":\"https:\/\/www.padreeustaquio.com.br\/finados-igreja-do-beato-padre-eustaquio-tera-3-missas-no-feriado\/\",\"url\":\"https:\/\/www.padreeustaquio.com.br\/finados-igreja-do-beato-padre-eustaquio-tera-3-missas-no-feriado\/\",\"name\":\"FINADOS - Igreja do Beato Padre Eust\u00e1quio ter\u00e1 3 missas no feriado\",\"isPartOf\":{\"@id\":\"https:\/\/www.padreeustaquio.com.br\/#website\"},\"primaryImageOfPage\":{\"@id\":\"https:\/\/www.padreeustaquio.com.br\/finados-igreja-do-beato-padre-eustaquio-tera-3-missas-no-feriado\/#primaryimage\"},\"image\":{\"@id\":\"https:\/\/www.padreeustaquio.com.br\/finados-igreja-do-beato-padre-eustaquio-tera-3-missas-no-feriado\/#primaryimage\"},\"thumbnailUrl\":\"https:\/\/www.padreeustaquio.com.br\/wp-content\/uploads\/2023\/10\/dia-de-finados-no-padre-eustaquio-bh.png\",\"datePublished\":\"2023-10-30T23:20:58+00:00\",\"dateModified\":\"2023-10-30T23:24:35+00:00\",\"description\":\"\u00c0s\u00a07h\u00a0ser\u00e1 celebrada a primeira missa do dia. Ainda na parte da manh\u00e3, \u00e0s\u00a010h est\u00e1 marcada uma outra celebra\u00e7\u00e3o, que ser\u00e1 transmitida pelo Canal Padre Eust\u00e1quio, no YouTube. J\u00e1 a terceira e \u00faltima missa ser\u00e1 celebrada \u00e0s 19h, tamb\u00e9m transmitida pelo nosso Canal na internet.\",\"breadcrumb\":{\"@id\":\"https:\/\/www.padreeustaquio.com.br\/finados-igreja-do-beato-padre-eustaquio-tera-3-missas-no-feriado\/#breadcrumb\"},\"inLanguage\":\"es\",\"potentialAction\":[{\"@type\":\"ReadAction\",\"target\":[\"https:\/\/www.padreeustaquio.com.br\/finados-igreja-do-beato-padre-eustaquio-tera-3-missas-no-feriado\/\"]}]},{\"@type\":\"ImageObject\",\"inLanguage\":\"es\",\"@id\":\"https:\/\/www.padreeustaquio.com.br\/finados-igreja-do-beato-padre-eustaquio-tera-3-missas-no-feriado\/#primaryimage\",\"url\":\"https:\/\/www.padreeustaquio.com.br\/wp-content\/uploads\/2023\/10\/dia-de-finados-no-padre-eustaquio-bh.png\",\"contentUrl\":\"https:\/\/www.padreeustaquio.com.br\/wp-content\/uploads\/2023\/10\/dia-de-finados-no-padre-eustaquio-bh.png\",\"width\":1200,\"height\":800},{\"@type\":\"BreadcrumbList\",\"@id\":\"https:\/\/www.padreeustaquio.com.br\/finados-igreja-do-beato-padre-eustaquio-tera-3-missas-no-feriado\/#breadcrumb\",\"itemListElement\":[{\"@type\":\"ListItem\",\"position\":1,\"name\":\"In\u00edcio\",\"item\":\"https:\/\/www.padreeustaquio.com.br\/\"},{\"@type\":\"ListItem\",\"position\":2,\"name\":\"FINADOS &#8211; Igreja do Beato Padre Eust\u00e1quio ter\u00e1 3 missas no feriado\"}]},{\"@type\":\"WebSite\",\"@id\":\"https:\/\/www.padreeustaquio.com.br\/#website\",\"url\":\"https:\/\/www.padreeustaquio.com.br\/\",\"name\":\"Padre Eust\u00e1quio\",\"description\":\"Sa\u00fade e Paz\",\"publisher\":{\"@id\":\"https:\/\/www.padreeustaquio.com.br\/#organization\"},\"potentialAction\":[{\"@type\":\"SearchAction\",\"target\":{\"@type\":\"EntryPoint\",\"urlTemplate\":\"https:\/\/www.padreeustaquio.com.br\/?s={search_term_string}\"},\"query-input\":{\"@type\":\"PropertyValueSpecification\",\"valueRequired\":true,\"valueName\":\"search_term_string\"}}],\"inLanguage\":\"es\"},{\"@type\":\"Organization\",\"@id\":\"https:\/\/www.padreeustaquio.com.br\/#organization\",\"name\":\"Padre Eust\u00e1quio\",\"url\":\"https:\/\/www.padreeustaquio.com.br\/\",\"logo\":{\"@type\":\"ImageObject\",\"inLanguage\":\"es\",\"@id\":\"https:\/\/www.padreeustaquio.com.br\/#\/schema\/logo\/image\/\",\"url\":\"https:\/\/www.padreeustaquio.com.br\/wp-content\/uploads\/2019\/08\/marca.png\",\"contentUrl\":\"https:\/\/www.padreeustaquio.com.br\/wp-content\/uploads\/2019\/08\/marca.png\",\"width\":350,\"height\":400,\"caption\":\"Padre Eust\u00e1quio\"},\"image\":{\"@id\":\"https:\/\/www.padreeustaquio.com.br\/#\/schema\/logo\/image\/\"},\"sameAs\":[\"https:\/\/www.facebook.com\/beatopadreeustaquio\/\",\"https:\/\/x.com\/beatopeustaquio\",\"https:\/\/www.instagram.com\/beatopadreeustaquio\/\",\"https:\/\/www.youtube.com\/channel\/UCRhw7vfabnajwLxb1ZXMeIw\"]},{\"@type\":\"Person\",\"@id\":\"https:\/\/www.padreeustaquio.com.br\/#\/schema\/person\/a2a51db1d00f1a7af0204a0f1ddb1566\",\"name\":\"@sscc\",\"image\":{\"@type\":\"ImageObject\",\"inLanguage\":\"es\",\"@id\":\"https:\/\/secure.gravatar.com\/avatar\/68cfafa5f44617fea54071e215026e0ff06be366c3d54a8425f04fdcb86f8c5f?s=96&d=mm&r=g\",\"url\":\"https:\/\/secure.gravatar.com\/avatar\/68cfafa5f44617fea54071e215026e0ff06be366c3d54a8425f04fdcb86f8c5f?s=96&d=mm&r=g\",\"contentUrl\":\"https:\/\/secure.gravatar.com\/avatar\/68cfafa5f44617fea54071e215026e0ff06be366c3d54a8425f04fdcb86f8c5f?s=96&d=mm&r=g\",\"caption\":\"@sscc\"},\"url\":\"https:\/\/www.padreeustaquio.com.br\/es\/author\/sscc\/\"}]}<\/script>\n<!-- \/ Yoast SEO plugin. -->","yoast_head_json":{"title":"D\u00eda de los Fieles Difuntos - La Iglesia del Beato Padre Eust\u00e1quio realizar\u00e1 3 misas durante el feriado.","description":"La primera misa del d\u00eda se celebrar\u00e1 a las 7:00 a. m. M\u00e1s tarde, a las 10:00 a. m., se programar\u00e1 otra celebraci\u00f3n, que se transmitir\u00e1 por el canal Padre Eust\u00e1quio en YouTube. La tercera y \u00faltima misa se celebrar\u00e1 a las 7:00 p. m., tambi\u00e9n transmitida por nuestro canal de internet.","robots":{"index":"index","follow":"follow","max-snippet":"max-snippet:-1","max-image-preview":"max-image-preview:large","max-video-preview":"max-video-preview:-1"},"canonical":"https:\/\/www.padreeustaquio.com.br\/es\/dia-de-los-fieles-difuntos-la-iglesia-del-beato-padre-eustaquio-tendra-3-misas-durante-el-feriado\/","og_locale":"es_ES","og_type":"article","og_title":"FINADOS - Igreja do Beato Padre Eust\u00e1quio ter\u00e1 3 missas no feriado","og_description":"\u00c0s\u00a07h\u00a0ser\u00e1 celebrada a primeira missa do dia. Ainda na parte da manh\u00e3, \u00e0s\u00a010h est\u00e1 marcada uma outra celebra\u00e7\u00e3o, que ser\u00e1 transmitida pelo Canal Padre Eust\u00e1quio, no YouTube. J\u00e1 a terceira e \u00faltima missa ser\u00e1 celebrada \u00e0s 19h, tamb\u00e9m transmitida pelo nosso Canal na internet.","og_url":"https:\/\/www.padreeustaquio.com.br\/es\/dia-de-los-fieles-difuntos-la-iglesia-del-beato-padre-eustaquio-tendra-3-misas-durante-el-feriado\/","og_site_name":"Padre Eust\u00e1quio","article_publisher":"https:\/\/www.facebook.com\/beatopadreeustaquio\/","article_published_time":"2023-10-30T23:20:58+00:00","article_modified_time":"2023-10-30T23:24:35+00:00","og_image":[{"width":1200,"height":800,"url":"https:\/\/www.padreeustaquio.com.br\/wp-content\/uploads\/2023\/10\/dia-de-finados-no-padre-eustaquio-bh.png","type":"image\/png"}],"author":"@sscc","twitter_card":"summary_large_image","twitter_creator":"@beatopeustaquio","twitter_site":"@beatopeustaquio","twitter_misc":{"Escrito por":"@sscc","Tiempo de lectura":"2 minutos"},"schema":{"@context":"https:\/\/schema.org","@graph":[{"@type":"Article","@id":"https:\/\/www.padreeustaquio.com.br\/finados-igreja-do-beato-padre-eustaquio-tera-3-missas-no-feriado\/#article","isPartOf":{"@id":"https:\/\/www.padreeustaquio.com.br\/finados-igreja-do-beato-padre-eustaquio-tera-3-missas-no-feriado\/"},"author":{"name":"@sscc","@id":"https:\/\/www.padreeustaquio.com.br\/#\/schema\/person\/a2a51db1d00f1a7af0204a0f1ddb1566"},"headline":"FINADOS &#8211; Igreja do Beato Padre Eust\u00e1quio ter\u00e1 3 missas no feriado","datePublished":"2023-10-30T23:20:58+00:00","dateModified":"2023-10-30T23:24:35+00:00","mainEntityOfPage":{"@id":"https:\/\/www.padreeustaquio.com.br\/finados-igreja-do-beato-padre-eustaquio-tera-3-missas-no-feriado\/"},"wordCount":250,"commentCount":0,"publisher":{"@id":"https:\/\/www.padreeustaquio.com.br\/#organization"},"image":{"@id":"https:\/\/www.padreeustaquio.com.br\/finados-igreja-do-beato-padre-eustaquio-tera-3-missas-no-feriado\/#primaryimage"},"thumbnailUrl":"https:\/\/www.padreeustaquio.com.br\/wp-content\/uploads\/2023\/10\/dia-de-finados-no-padre-eustaquio-bh.png","articleSection":["Not\u00edcias"],"inLanguage":"es","potentialAction":[{"@type":"CommentAction","name":"Comment","target":["https:\/\/www.padreeustaquio.com.br\/finados-igreja-do-beato-padre-eustaquio-tera-3-missas-no-feriado\/#respond"]}]},{"@type":"WebPage","@id":"https:\/\/www.padreeustaquio.com.br\/finados-igreja-do-beato-padre-eustaquio-tera-3-missas-no-feriado\/","url":"https:\/\/www.padreeustaquio.com.br\/finados-igreja-do-beato-padre-eustaquio-tera-3-missas-no-feriado\/","name":"D\u00eda de los Fieles Difuntos - La Iglesia del Beato Padre Eust\u00e1quio realizar\u00e1 3 misas durante el feriado.","isPartOf":{"@id":"https:\/\/www.padreeustaquio.com.br\/#website"},"primaryImageOfPage":{"@id":"https:\/\/www.padreeustaquio.com.br\/finados-igreja-do-beato-padre-eustaquio-tera-3-missas-no-feriado\/#primaryimage"},"image":{"@id":"https:\/\/www.padreeustaquio.com.br\/finados-igreja-do-beato-padre-eustaquio-tera-3-missas-no-feriado\/#primaryimage"},"thumbnailUrl":"https:\/\/www.padreeustaquio.com.br\/wp-content\/uploads\/2023\/10\/dia-de-finados-no-padre-eustaquio-bh.png","datePublished":"2023-10-30T23:20:58+00:00","dateModified":"2023-10-30T23:24:35+00:00","description":"La primera misa del d\u00eda se celebrar\u00e1 a las 7:00 a. m. M\u00e1s tarde, a las 10:00 a. m., se programar\u00e1 otra celebraci\u00f3n, que se transmitir\u00e1 por el canal Padre Eust\u00e1quio en YouTube. La tercera y \u00faltima misa se celebrar\u00e1 a las 7:00 p. m., tambi\u00e9n transmitida por nuestro canal de internet.","breadcrumb":{"@id":"https:\/\/www.padreeustaquio.com.br\/finados-igreja-do-beato-padre-eustaquio-tera-3-missas-no-feriado\/#breadcrumb"},"inLanguage":"es","potentialAction":[{"@type":"ReadAction","target":["https:\/\/www.padreeustaquio.com.br\/finados-igreja-do-beato-padre-eustaquio-tera-3-missas-no-feriado\/"]}]},{"@type":"ImageObject","inLanguage":"es","@id":"https:\/\/www.padreeustaquio.com.br\/finados-igreja-do-beato-padre-eustaquio-tera-3-missas-no-feriado\/#primaryimage","url":"https:\/\/www.padreeustaquio.com.br\/wp-content\/uploads\/2023\/10\/dia-de-finados-no-padre-eustaquio-bh.png","contentUrl":"https:\/\/www.padreeustaquio.com.br\/wp-content\/uploads\/2023\/10\/dia-de-finados-no-padre-eustaquio-bh.png","width":1200,"height":800},{"@type":"BreadcrumbList","@id":"https:\/\/www.padreeustaquio.com.br\/finados-igreja-do-beato-padre-eustaquio-tera-3-missas-no-feriado\/#breadcrumb","itemListElement":[{"@type":"ListItem","position":1,"name":"In\u00edcio","item":"https:\/\/www.padreeustaquio.com.br\/"},{"@type":"ListItem","position":2,"name":"FINADOS &#8211; Igreja do Beato Padre Eust\u00e1quio ter\u00e1 3 missas no feriado"}]},{"@type":"WebSite","@id":"https:\/\/www.padreeustaquio.com.br\/#website","url":"https:\/\/www.padreeustaquio.com.br\/","name":"Padre Eustace","description":"Salud y Paz","publisher":{"@id":"https:\/\/www.padreeustaquio.com.br\/#organization"},"potentialAction":[{"@type":"SearchAction","target":{"@type":"EntryPoint","urlTemplate":"https:\/\/www.padreeustaquio.com.br\/?s={search_term_string}"},"query-input":{"@type":"PropertyValueSpecification","valueRequired":true,"valueName":"search_term_string"}}],"inLanguage":"es"},{"@type":"Organization","@id":"https:\/\/www.padreeustaquio.com.br\/#organization","name":"Padre Eustace","url":"https:\/\/www.padreeustaquio.com.br\/","logo":{"@type":"ImageObject","inLanguage":"es","@id":"https:\/\/www.padreeustaquio.com.br\/#\/schema\/logo\/image\/","url":"https:\/\/www.padreeustaquio.com.br\/wp-content\/uploads\/2019\/08\/marca.png","contentUrl":"https:\/\/www.padreeustaquio.com.br\/wp-content\/uploads\/2019\/08\/marca.png","width":350,"height":400,"caption":"Padre Eust\u00e1quio"},"image":{"@id":"https:\/\/www.padreeustaquio.com.br\/#\/schema\/logo\/image\/"},"sameAs":["https:\/\/www.facebook.com\/beatopadreeustaquio\/","https:\/\/x.com\/beatopeustaquio","https:\/\/www.instagram.com\/beatopadreeustaquio\/","https:\/\/www.youtube.com\/channel\/UCRhw7vfabnajwLxb1ZXMeIw"]},{"@type":"Person","@id":"https:\/\/www.padreeustaquio.com.br\/#\/schema\/person\/a2a51db1d00f1a7af0204a0f1ddb1566","name":"@sscc","image":{"@type":"ImageObject","inLanguage":"es","@id":"https:\/\/secure.gravatar.com\/avatar\/68cfafa5f44617fea54071e215026e0ff06be366c3d54a8425f04fdcb86f8c5f?s=96&d=mm&r=g","url":"https:\/\/secure.gravatar.com\/avatar\/68cfafa5f44617fea54071e215026e0ff06be366c3d54a8425f04fdcb86f8c5f?s=96&d=mm&r=g","contentUrl":"https:\/\/secure.gravatar.com\/avatar\/68cfafa5f44617fea54071e215026e0ff06be366c3d54a8425f04fdcb86f8c5f?s=96&d=mm&r=g","caption":"@sscc"},"url":"https:\/\/www.padreeustaquio.com.br\/es\/author\/sscc\/"}]}},"_links":{"self":[{"href":"https:\/\/www.padreeustaquio.com.br\/es\/wp-json\/wp\/v2\/posts\/10971","targetHints":{"allow":["GET"]}}],"collection":[{"href":"https:\/\/www.padreeustaquio.com.br\/es\/wp-json\/wp\/v2\/posts"}],"about":[{"href":"https:\/\/www.padreeustaquio.com.br\/es\/wp-json\/wp\/v2\/types\/post"}],"author":[{"embeddable":true,"href":"https:\/\/www.padreeustaquio.com.br\/es\/wp-json\/wp\/v2\/users\/2"}],"replies":[{"embeddable":true,"href":"https:\/\/www.padreeustaquio.com.br\/es\/wp-json\/wp\/v2\/comments?post=10971"}],"version-history":[{"count":0,"href":"https:\/\/www.padreeustaquio.com.br\/es\/wp-json\/wp\/v2\/posts\/10971\/revisions"}],"wp:featuredmedia":[{"embeddable":true,"href":"https:\/\/www.padreeustaquio.com.br\/es\/wp-json\/wp\/v2\/media\/10973"}],"wp:attachment":[{"href":"https:\/\/www.padreeustaquio.com.br\/es\/wp-json\/wp\/v2\/media?parent=10971"}],"wp:term":[{"taxonomy":"category","embeddable":true,"href":"https:\/\/www.padreeustaquio.com.br\/es\/wp-json\/wp\/v2\/categories?post=10971"},{"taxonomy":"post_tag","embeddable":true,"href":"https:\/\/www.padreeustaquio.com.br\/es\/wp-json\/wp\/v2\/tags?post=10971"}],"curies":[{"name":"wp","href":"https:\/\/api.w.org\/{rel}","templated":true}]}}