{"id":10949,"date":"2023-10-18T06:39:15","date_gmt":"2023-10-18T09:39:15","guid":{"rendered":"https:\/\/www.padreeustaquio.com.br\/?p=10949"},"modified":"2023-10-18T13:50:08","modified_gmt":"2023-10-18T16:50:08","slug":"el-candidato-a-vicepresidente-participo-en-la-26a-reunion-del-dedo-de-prosa","status":"publish","type":"post","link":"https:\/\/www.padreeustaquio.com.br\/es\/el-candidato-a-vicepresidente-participo-en-la-26a-reunion-del-dedo-de-prosa\/","title":{"rendered":"Vicepostulador participar\u00e1 en el 26\u00ba Encuentro Dedo de Prosa."},"content":{"rendered":"<p>El Padre Vinicius Maciel SSCC y parte del equipo de la vicepostulaci\u00f3n de la Causa de Canonizaci\u00f3n del Padre Eust\u00e1quio estar\u00e1n en S\u00e3o Louren\u00e7o, al sur de Minas Gerais, para participar en la 26.\u00aa edici\u00f3n del Encuentro Nacional &quot;Dedo de Prosa&quot; (programa de televisi\u00f3n brasile\u00f1o). El evento, promovido por el programa de televisi\u00f3n, conducido por Juarez Elisi\u00e1rio, se celebrar\u00e1 del 23 al 26 de octubre.<\/p>\n<p>Durante el programa, los participantes podr\u00e1n encontrar productos de la Tienda Padre Eust\u00e1quio y ayudarnos a difundir esta devoci\u00f3n. La misa de clausura del Encuentro ser\u00e1 oficiada por el Padre Vin\u00edcius, vicepostulador de la causa del Padre Eust\u00e1quio, la tarde del 26 de octubre.<\/p>\n<p>El Encuentro Nacional es promovido por Dedo de Prosa Produ\u00e7\u00f5es, con una programaci\u00f3n variada que incluye presentaciones musicales de artistas de renombre nacional, como la cantante Leci Brand\u00e3o, que actuar\u00e1 en la noche del 25 de octubre.<\/p>\n<p>Cada evento combina bailes, talleres, diversas actividades recreativas, festivales, ferias artesanales, stands y conferencias. Se celebra dos veces al a\u00f1o y re\u00fane a miles de personas de todo el pa\u00eds.<\/p>","protected":false},"excerpt":{"rendered":"<p>O Padre Vinicius Maciel SSCC, e parte da equipe da vice-postula\u00e7\u00e3o da Causa de Canoniza\u00e7\u00e3o de Padre Eust\u00e1quio, estar\u00e3o em S\u00e3o Louren\u00e7o, no Sul de Minas para participar da 26\u00aa edi\u00e7\u00e3o do Encontro Nacional Dedo de Prosa. O evento \u00e9 promovido pelo programa televisivo, comandado por Juarez Elisi\u00e1rio e ser\u00e1 realizado de 23 a 26 de outubro. Ao longo da programa\u00e7\u00e3o, os participantes poder\u00e3o encontrar produtos da Loja do Padre Eust\u00e1quio e nos ajudar a divulgar esta devo\u00e7\u00e3o. A Missa de encerramento do Encontro ser\u00e1 celebrada pelo Padre Vin\u00edcius, vice-postulador da causa de Padre Eust\u00e1quio, na noite do dia 26 [&hellip;]<\/p>\n","protected":false},"author":2,"featured_media":10950,"comment_status":"open","ping_status":"closed","sticky":false,"template":"","format":"standard","meta":{"_acf_changed":false,"footnotes":""},"categories":[611],"tags":[],"class_list":["post-10949","post","type-post","status-publish","format-standard","has-post-thumbnail","hentry","category-noticias"],"acf":[],"yoast_head":"<!-- This site is optimized with the Yoast SEO plugin v27.2 - https:\/\/yoast.com\/product\/yoast-seo-wordpress\/ -->\n<title>Vice-postulador participar\u00e1 do 26\u00ba Encontro Dedo de Prosa<\/title>\n<meta name=\"description\" content=\"O Padre Vinicius Maciel SSCC, e parte da equipe da vice-postula\u00e7\u00e3o da Causa de Canoniza\u00e7\u00e3o de Padre Eust\u00e1quio, estar\u00e3o em S\u00e3o Louren\u00e7o, no Sul de Minas para participar da 26\u00aa edi\u00e7\u00e3o do Encontro Nacional Dedo de Prosa. O evento \u00e9 promovido pelo programa televisivo, comandado por Juarez Elisi\u00e1rio e ser\u00e1 realizado de 23 a 26 de outubro.\" \/>\n<meta name=\"robots\" content=\"index, follow, max-snippet:-1, max-image-preview:large, max-video-preview:-1\" \/>\n<link rel=\"canonical\" href=\"https:\/\/www.padreeustaquio.com.br\/es\/el-candidato-a-vicepresidente-participo-en-la-26a-reunion-del-dedo-de-prosa\/\" \/>\n<meta property=\"og:locale\" content=\"es_ES\" \/>\n<meta property=\"og:type\" content=\"article\" \/>\n<meta property=\"og:title\" content=\"Vice-postulador participar\u00e1 do 26\u00ba Encontro Dedo de Prosa\" \/>\n<meta property=\"og:description\" content=\"O Padre Vinicius Maciel SSCC, e parte da equipe da vice-postula\u00e7\u00e3o da Causa de Canoniza\u00e7\u00e3o de Padre Eust\u00e1quio, estar\u00e3o em S\u00e3o Louren\u00e7o, no Sul de Minas para participar da 26\u00aa edi\u00e7\u00e3o do Encontro Nacional Dedo de Prosa. O evento \u00e9 promovido pelo programa televisivo, comandado por Juarez Elisi\u00e1rio e ser\u00e1 realizado de 23 a 26 de outubro.\" \/>\n<meta property=\"og:url\" content=\"https:\/\/www.padreeustaquio.com.br\/es\/el-candidato-a-vicepresidente-participo-en-la-26a-reunion-del-dedo-de-prosa\/\" \/>\n<meta property=\"og:site_name\" content=\"Padre Eust\u00e1quio\" \/>\n<meta property=\"article:publisher\" content=\"https:\/\/www.facebook.com\/beatopadreeustaquio\/\" \/>\n<meta property=\"article:published_time\" content=\"2023-10-18T09:39:15+00:00\" \/>\n<meta property=\"article:modified_time\" content=\"2023-10-18T16:50:08+00:00\" \/>\n<meta property=\"og:image\" content=\"https:\/\/www.padreeustaquio.com.br\/wp-content\/uploads\/2023\/10\/vinicius-no-ddp.png\" \/>\n\t<meta property=\"og:image:width\" content=\"1365\" \/>\n\t<meta property=\"og:image:height\" content=\"635\" \/>\n\t<meta property=\"og:image:type\" content=\"image\/png\" \/>\n<meta name=\"author\" content=\"@sscc\" \/>\n<meta name=\"twitter:card\" content=\"summary_large_image\" \/>\n<meta name=\"twitter:creator\" content=\"@beatopeustaquio\" \/>\n<meta name=\"twitter:site\" content=\"@beatopeustaquio\" \/>\n<meta name=\"twitter:label1\" content=\"Escrito por\" \/>\n\t<meta name=\"twitter:data1\" content=\"@sscc\" \/>\n\t<meta name=\"twitter:label2\" content=\"Tiempo de lectura\" \/>\n\t<meta name=\"twitter:data2\" content=\"1 minuto\" \/>\n<script type=\"application\/ld+json\" class=\"yoast-schema-graph\">{\"@context\":\"https:\/\/schema.org\",\"@graph\":[{\"@type\":\"Article\",\"@id\":\"https:\/\/www.padreeustaquio.com.br\/vice-postulador-participara-do-26o-encontro-dedo-de-prosa\/#article\",\"isPartOf\":{\"@id\":\"https:\/\/www.padreeustaquio.com.br\/vice-postulador-participara-do-26o-encontro-dedo-de-prosa\/\"},\"author\":{\"name\":\"@sscc\",\"@id\":\"https:\/\/www.padreeustaquio.com.br\/#\/schema\/person\/a2a51db1d00f1a7af0204a0f1ddb1566\"},\"headline\":\"Vice-postulador participar\u00e1 do 26\u00ba Encontro Dedo de Prosa\",\"datePublished\":\"2023-10-18T09:39:15+00:00\",\"dateModified\":\"2023-10-18T16:50:08+00:00\",\"mainEntityOfPage\":{\"@id\":\"https:\/\/www.padreeustaquio.com.br\/vice-postulador-participara-do-26o-encontro-dedo-de-prosa\/\"},\"wordCount\":195,\"commentCount\":0,\"publisher\":{\"@id\":\"https:\/\/www.padreeustaquio.com.br\/#organization\"},\"image\":{\"@id\":\"https:\/\/www.padreeustaquio.com.br\/vice-postulador-participara-do-26o-encontro-dedo-de-prosa\/#primaryimage\"},\"thumbnailUrl\":\"https:\/\/www.padreeustaquio.com.br\/wp-content\/uploads\/2023\/10\/vinicius-no-ddp.png\",\"articleSection\":[\"Not\u00edcias\"],\"inLanguage\":\"es\",\"potentialAction\":[{\"@type\":\"CommentAction\",\"name\":\"Comment\",\"target\":[\"https:\/\/www.padreeustaquio.com.br\/vice-postulador-participara-do-26o-encontro-dedo-de-prosa\/#respond\"]}]},{\"@type\":\"WebPage\",\"@id\":\"https:\/\/www.padreeustaquio.com.br\/vice-postulador-participara-do-26o-encontro-dedo-de-prosa\/\",\"url\":\"https:\/\/www.padreeustaquio.com.br\/vice-postulador-participara-do-26o-encontro-dedo-de-prosa\/\",\"name\":\"Vice-postulador participar\u00e1 do 26\u00ba Encontro Dedo de Prosa\",\"isPartOf\":{\"@id\":\"https:\/\/www.padreeustaquio.com.br\/#website\"},\"primaryImageOfPage\":{\"@id\":\"https:\/\/www.padreeustaquio.com.br\/vice-postulador-participara-do-26o-encontro-dedo-de-prosa\/#primaryimage\"},\"image\":{\"@id\":\"https:\/\/www.padreeustaquio.com.br\/vice-postulador-participara-do-26o-encontro-dedo-de-prosa\/#primaryimage\"},\"thumbnailUrl\":\"https:\/\/www.padreeustaquio.com.br\/wp-content\/uploads\/2023\/10\/vinicius-no-ddp.png\",\"datePublished\":\"2023-10-18T09:39:15+00:00\",\"dateModified\":\"2023-10-18T16:50:08+00:00\",\"description\":\"O Padre Vinicius Maciel SSCC, e parte da equipe da vice-postula\u00e7\u00e3o da Causa de Canoniza\u00e7\u00e3o de Padre Eust\u00e1quio, estar\u00e3o em S\u00e3o Louren\u00e7o, no Sul de Minas para participar da 26\u00aa edi\u00e7\u00e3o do Encontro Nacional Dedo de Prosa. O evento \u00e9 promovido pelo programa televisivo, comandado por Juarez Elisi\u00e1rio e ser\u00e1 realizado de 23 a 26 de outubro.\",\"breadcrumb\":{\"@id\":\"https:\/\/www.padreeustaquio.com.br\/vice-postulador-participara-do-26o-encontro-dedo-de-prosa\/#breadcrumb\"},\"inLanguage\":\"es\",\"potentialAction\":[{\"@type\":\"ReadAction\",\"target\":[\"https:\/\/www.padreeustaquio.com.br\/vice-postulador-participara-do-26o-encontro-dedo-de-prosa\/\"]}]},{\"@type\":\"ImageObject\",\"inLanguage\":\"es\",\"@id\":\"https:\/\/www.padreeustaquio.com.br\/vice-postulador-participara-do-26o-encontro-dedo-de-prosa\/#primaryimage\",\"url\":\"https:\/\/www.padreeustaquio.com.br\/wp-content\/uploads\/2023\/10\/vinicius-no-ddp.png\",\"contentUrl\":\"https:\/\/www.padreeustaquio.com.br\/wp-content\/uploads\/2023\/10\/vinicius-no-ddp.png\",\"width\":1365,\"height\":635},{\"@type\":\"BreadcrumbList\",\"@id\":\"https:\/\/www.padreeustaquio.com.br\/vice-postulador-participara-do-26o-encontro-dedo-de-prosa\/#breadcrumb\",\"itemListElement\":[{\"@type\":\"ListItem\",\"position\":1,\"name\":\"In\u00edcio\",\"item\":\"https:\/\/www.padreeustaquio.com.br\/\"},{\"@type\":\"ListItem\",\"position\":2,\"name\":\"Vice-postulador participar\u00e1 do 26\u00ba Encontro Dedo de Prosa\"}]},{\"@type\":\"WebSite\",\"@id\":\"https:\/\/www.padreeustaquio.com.br\/#website\",\"url\":\"https:\/\/www.padreeustaquio.com.br\/\",\"name\":\"Padre Eust\u00e1quio\",\"description\":\"Sa\u00fade e Paz\",\"publisher\":{\"@id\":\"https:\/\/www.padreeustaquio.com.br\/#organization\"},\"potentialAction\":[{\"@type\":\"SearchAction\",\"target\":{\"@type\":\"EntryPoint\",\"urlTemplate\":\"https:\/\/www.padreeustaquio.com.br\/?s={search_term_string}\"},\"query-input\":{\"@type\":\"PropertyValueSpecification\",\"valueRequired\":true,\"valueName\":\"search_term_string\"}}],\"inLanguage\":\"es\"},{\"@type\":\"Organization\",\"@id\":\"https:\/\/www.padreeustaquio.com.br\/#organization\",\"name\":\"Padre Eust\u00e1quio\",\"url\":\"https:\/\/www.padreeustaquio.com.br\/\",\"logo\":{\"@type\":\"ImageObject\",\"inLanguage\":\"es\",\"@id\":\"https:\/\/www.padreeustaquio.com.br\/#\/schema\/logo\/image\/\",\"url\":\"https:\/\/www.padreeustaquio.com.br\/wp-content\/uploads\/2019\/08\/marca.png\",\"contentUrl\":\"https:\/\/www.padreeustaquio.com.br\/wp-content\/uploads\/2019\/08\/marca.png\",\"width\":350,\"height\":400,\"caption\":\"Padre Eust\u00e1quio\"},\"image\":{\"@id\":\"https:\/\/www.padreeustaquio.com.br\/#\/schema\/logo\/image\/\"},\"sameAs\":[\"https:\/\/www.facebook.com\/beatopadreeustaquio\/\",\"https:\/\/x.com\/beatopeustaquio\",\"https:\/\/www.instagram.com\/beatopadreeustaquio\/\",\"https:\/\/www.youtube.com\/channel\/UCRhw7vfabnajwLxb1ZXMeIw\"]},{\"@type\":\"Person\",\"@id\":\"https:\/\/www.padreeustaquio.com.br\/#\/schema\/person\/a2a51db1d00f1a7af0204a0f1ddb1566\",\"name\":\"@sscc\",\"image\":{\"@type\":\"ImageObject\",\"inLanguage\":\"es\",\"@id\":\"https:\/\/secure.gravatar.com\/avatar\/68cfafa5f44617fea54071e215026e0ff06be366c3d54a8425f04fdcb86f8c5f?s=96&d=mm&r=g\",\"url\":\"https:\/\/secure.gravatar.com\/avatar\/68cfafa5f44617fea54071e215026e0ff06be366c3d54a8425f04fdcb86f8c5f?s=96&d=mm&r=g\",\"contentUrl\":\"https:\/\/secure.gravatar.com\/avatar\/68cfafa5f44617fea54071e215026e0ff06be366c3d54a8425f04fdcb86f8c5f?s=96&d=mm&r=g\",\"caption\":\"@sscc\"},\"url\":\"https:\/\/www.padreeustaquio.com.br\/es\/author\/sscc\/\"}]}<\/script>\n<!-- \/ Yoast SEO plugin. -->","yoast_head_json":{"title":"Vicepostulador participar\u00e1 en el 26\u00ba Encuentro Dedo de Prosa.","description":"El Padre Vinicius Maciel SSCC y parte del equipo de la vicepostulaci\u00f3n de la Causa de Canonizaci\u00f3n del Padre Eust\u00e1quio estar\u00e1n en S\u00e3o Louren\u00e7o, al sur de Minas Gerais, para participar en la 26.\u00aa edici\u00f3n del Encuentro Nacional &quot;Dedo de Prosa&quot; (programa de televisi\u00f3n brasile\u00f1o). El evento, promovido por el programa de televisi\u00f3n, conducido por Juarez Elisi\u00e1rio, se celebrar\u00e1 del 23 al 26 de octubre.","robots":{"index":"index","follow":"follow","max-snippet":"max-snippet:-1","max-image-preview":"max-image-preview:large","max-video-preview":"max-video-preview:-1"},"canonical":"https:\/\/www.padreeustaquio.com.br\/es\/el-candidato-a-vicepresidente-participo-en-la-26a-reunion-del-dedo-de-prosa\/","og_locale":"es_ES","og_type":"article","og_title":"Vice-postulador participar\u00e1 do 26\u00ba Encontro Dedo de Prosa","og_description":"O Padre Vinicius Maciel SSCC, e parte da equipe da vice-postula\u00e7\u00e3o da Causa de Canoniza\u00e7\u00e3o de Padre Eust\u00e1quio, estar\u00e3o em S\u00e3o Louren\u00e7o, no Sul de Minas para participar da 26\u00aa edi\u00e7\u00e3o do Encontro Nacional Dedo de Prosa. O evento \u00e9 promovido pelo programa televisivo, comandado por Juarez Elisi\u00e1rio e ser\u00e1 realizado de 23 a 26 de outubro.","og_url":"https:\/\/www.padreeustaquio.com.br\/es\/el-candidato-a-vicepresidente-participo-en-la-26a-reunion-del-dedo-de-prosa\/","og_site_name":"Padre Eust\u00e1quio","article_publisher":"https:\/\/www.facebook.com\/beatopadreeustaquio\/","article_published_time":"2023-10-18T09:39:15+00:00","article_modified_time":"2023-10-18T16:50:08+00:00","og_image":[{"width":1365,"height":635,"url":"https:\/\/www.padreeustaquio.com.br\/wp-content\/uploads\/2023\/10\/vinicius-no-ddp.png","type":"image\/png"}],"author":"@sscc","twitter_card":"summary_large_image","twitter_creator":"@beatopeustaquio","twitter_site":"@beatopeustaquio","twitter_misc":{"Escrito por":"@sscc","Tiempo de lectura":"1 minuto"},"schema":{"@context":"https:\/\/schema.org","@graph":[{"@type":"Article","@id":"https:\/\/www.padreeustaquio.com.br\/vice-postulador-participara-do-26o-encontro-dedo-de-prosa\/#article","isPartOf":{"@id":"https:\/\/www.padreeustaquio.com.br\/vice-postulador-participara-do-26o-encontro-dedo-de-prosa\/"},"author":{"name":"@sscc","@id":"https:\/\/www.padreeustaquio.com.br\/#\/schema\/person\/a2a51db1d00f1a7af0204a0f1ddb1566"},"headline":"Vice-postulador participar\u00e1 do 26\u00ba Encontro Dedo de Prosa","datePublished":"2023-10-18T09:39:15+00:00","dateModified":"2023-10-18T16:50:08+00:00","mainEntityOfPage":{"@id":"https:\/\/www.padreeustaquio.com.br\/vice-postulador-participara-do-26o-encontro-dedo-de-prosa\/"},"wordCount":195,"commentCount":0,"publisher":{"@id":"https:\/\/www.padreeustaquio.com.br\/#organization"},"image":{"@id":"https:\/\/www.padreeustaquio.com.br\/vice-postulador-participara-do-26o-encontro-dedo-de-prosa\/#primaryimage"},"thumbnailUrl":"https:\/\/www.padreeustaquio.com.br\/wp-content\/uploads\/2023\/10\/vinicius-no-ddp.png","articleSection":["Not\u00edcias"],"inLanguage":"es","potentialAction":[{"@type":"CommentAction","name":"Comment","target":["https:\/\/www.padreeustaquio.com.br\/vice-postulador-participara-do-26o-encontro-dedo-de-prosa\/#respond"]}]},{"@type":"WebPage","@id":"https:\/\/www.padreeustaquio.com.br\/vice-postulador-participara-do-26o-encontro-dedo-de-prosa\/","url":"https:\/\/www.padreeustaquio.com.br\/vice-postulador-participara-do-26o-encontro-dedo-de-prosa\/","name":"Vicepostulador participar\u00e1 en el 26\u00ba Encuentro Dedo de Prosa.","isPartOf":{"@id":"https:\/\/www.padreeustaquio.com.br\/#website"},"primaryImageOfPage":{"@id":"https:\/\/www.padreeustaquio.com.br\/vice-postulador-participara-do-26o-encontro-dedo-de-prosa\/#primaryimage"},"image":{"@id":"https:\/\/www.padreeustaquio.com.br\/vice-postulador-participara-do-26o-encontro-dedo-de-prosa\/#primaryimage"},"thumbnailUrl":"https:\/\/www.padreeustaquio.com.br\/wp-content\/uploads\/2023\/10\/vinicius-no-ddp.png","datePublished":"2023-10-18T09:39:15+00:00","dateModified":"2023-10-18T16:50:08+00:00","description":"El Padre Vinicius Maciel SSCC y parte del equipo de la vicepostulaci\u00f3n de la Causa de Canonizaci\u00f3n del Padre Eust\u00e1quio estar\u00e1n en S\u00e3o Louren\u00e7o, al sur de Minas Gerais, para participar en la 26.\u00aa edici\u00f3n del Encuentro Nacional &quot;Dedo de Prosa&quot; (programa de televisi\u00f3n brasile\u00f1o). El evento, promovido por el programa de televisi\u00f3n, conducido por Juarez Elisi\u00e1rio, se celebrar\u00e1 del 23 al 26 de octubre.","breadcrumb":{"@id":"https:\/\/www.padreeustaquio.com.br\/vice-postulador-participara-do-26o-encontro-dedo-de-prosa\/#breadcrumb"},"inLanguage":"es","potentialAction":[{"@type":"ReadAction","target":["https:\/\/www.padreeustaquio.com.br\/vice-postulador-participara-do-26o-encontro-dedo-de-prosa\/"]}]},{"@type":"ImageObject","inLanguage":"es","@id":"https:\/\/www.padreeustaquio.com.br\/vice-postulador-participara-do-26o-encontro-dedo-de-prosa\/#primaryimage","url":"https:\/\/www.padreeustaquio.com.br\/wp-content\/uploads\/2023\/10\/vinicius-no-ddp.png","contentUrl":"https:\/\/www.padreeustaquio.com.br\/wp-content\/uploads\/2023\/10\/vinicius-no-ddp.png","width":1365,"height":635},{"@type":"BreadcrumbList","@id":"https:\/\/www.padreeustaquio.com.br\/vice-postulador-participara-do-26o-encontro-dedo-de-prosa\/#breadcrumb","itemListElement":[{"@type":"ListItem","position":1,"name":"In\u00edcio","item":"https:\/\/www.padreeustaquio.com.br\/"},{"@type":"ListItem","position":2,"name":"Vice-postulador participar\u00e1 do 26\u00ba Encontro Dedo de Prosa"}]},{"@type":"WebSite","@id":"https:\/\/www.padreeustaquio.com.br\/#website","url":"https:\/\/www.padreeustaquio.com.br\/","name":"Padre Eustace","description":"Salud y Paz","publisher":{"@id":"https:\/\/www.padreeustaquio.com.br\/#organization"},"potentialAction":[{"@type":"SearchAction","target":{"@type":"EntryPoint","urlTemplate":"https:\/\/www.padreeustaquio.com.br\/?s={search_term_string}"},"query-input":{"@type":"PropertyValueSpecification","valueRequired":true,"valueName":"search_term_string"}}],"inLanguage":"es"},{"@type":"Organization","@id":"https:\/\/www.padreeustaquio.com.br\/#organization","name":"Padre Eustace","url":"https:\/\/www.padreeustaquio.com.br\/","logo":{"@type":"ImageObject","inLanguage":"es","@id":"https:\/\/www.padreeustaquio.com.br\/#\/schema\/logo\/image\/","url":"https:\/\/www.padreeustaquio.com.br\/wp-content\/uploads\/2019\/08\/marca.png","contentUrl":"https:\/\/www.padreeustaquio.com.br\/wp-content\/uploads\/2019\/08\/marca.png","width":350,"height":400,"caption":"Padre Eust\u00e1quio"},"image":{"@id":"https:\/\/www.padreeustaquio.com.br\/#\/schema\/logo\/image\/"},"sameAs":["https:\/\/www.facebook.com\/beatopadreeustaquio\/","https:\/\/x.com\/beatopeustaquio","https:\/\/www.instagram.com\/beatopadreeustaquio\/","https:\/\/www.youtube.com\/channel\/UCRhw7vfabnajwLxb1ZXMeIw"]},{"@type":"Person","@id":"https:\/\/www.padreeustaquio.com.br\/#\/schema\/person\/a2a51db1d00f1a7af0204a0f1ddb1566","name":"@sscc","image":{"@type":"ImageObject","inLanguage":"es","@id":"https:\/\/secure.gravatar.com\/avatar\/68cfafa5f44617fea54071e215026e0ff06be366c3d54a8425f04fdcb86f8c5f?s=96&d=mm&r=g","url":"https:\/\/secure.gravatar.com\/avatar\/68cfafa5f44617fea54071e215026e0ff06be366c3d54a8425f04fdcb86f8c5f?s=96&d=mm&r=g","contentUrl":"https:\/\/secure.gravatar.com\/avatar\/68cfafa5f44617fea54071e215026e0ff06be366c3d54a8425f04fdcb86f8c5f?s=96&d=mm&r=g","caption":"@sscc"},"url":"https:\/\/www.padreeustaquio.com.br\/es\/author\/sscc\/"}]}},"_links":{"self":[{"href":"https:\/\/www.padreeustaquio.com.br\/es\/wp-json\/wp\/v2\/posts\/10949","targetHints":{"allow":["GET"]}}],"collection":[{"href":"https:\/\/www.padreeustaquio.com.br\/es\/wp-json\/wp\/v2\/posts"}],"about":[{"href":"https:\/\/www.padreeustaquio.com.br\/es\/wp-json\/wp\/v2\/types\/post"}],"author":[{"embeddable":true,"href":"https:\/\/www.padreeustaquio.com.br\/es\/wp-json\/wp\/v2\/users\/2"}],"replies":[{"embeddable":true,"href":"https:\/\/www.padreeustaquio.com.br\/es\/wp-json\/wp\/v2\/comments?post=10949"}],"version-history":[{"count":0,"href":"https:\/\/www.padreeustaquio.com.br\/es\/wp-json\/wp\/v2\/posts\/10949\/revisions"}],"wp:featuredmedia":[{"embeddable":true,"href":"https:\/\/www.padreeustaquio.com.br\/es\/wp-json\/wp\/v2\/media\/10950"}],"wp:attachment":[{"href":"https:\/\/www.padreeustaquio.com.br\/es\/wp-json\/wp\/v2\/media?parent=10949"}],"wp:term":[{"taxonomy":"category","embeddable":true,"href":"https:\/\/www.padreeustaquio.com.br\/es\/wp-json\/wp\/v2\/categories?post=10949"},{"taxonomy":"post_tag","embeddable":true,"href":"https:\/\/www.padreeustaquio.com.br\/es\/wp-json\/wp\/v2\/tags?post=10949"}],"curies":[{"name":"wp","href":"https:\/\/api.w.org\/{rel}","templated":true}]}}