{"id":10938,"date":"2023-10-16T08:31:07","date_gmt":"2023-10-16T11:31:07","guid":{"rendered":"https:\/\/www.padreeustaquio.com.br\/?p=10938"},"modified":"2023-10-16T08:38:45","modified_gmt":"2023-10-16T11:38:45","slug":"ayuda-con-el-techado-de-la-iglesia-padre-eustaquio-en-esmeraldas-mg","status":"publish","type":"post","link":"https:\/\/www.padreeustaquio.com.br\/es\/ayuda-con-el-techado-de-la-iglesia-padre-eustaquio-en-esmeraldas-mg\/","title":{"rendered":"Ayuda con el techado de la Iglesia Padre Eust\u00e1quio en Esmeraldas\/MG"},"content":{"rendered":"<p>Las obras de construcci\u00f3n de la Iglesia Padre Eustaquio en Esmeraldas, en la regi\u00f3n metropolitana de Belo Horizonte, contin\u00faan a toda marcha. La parroquia cuenta con la colaboraci\u00f3n de feligreses y devotos para recaudar fondos y sacar adelante el proyecto.<\/p>\n<p>Actualmente, la comunidad est\u00e1 llevando a cabo una campa\u00f1a para recaudar fondos para la instalaci\u00f3n de la cumbrera en el techo de la iglesia. Cada donaci\u00f3n es crucial para el progreso de la construcci\u00f3n. El monto sugerido es de R$232.00, que puede pagarse en su totalidad o en cuotas.<\/p>\n<p><strong>M\u00e9todos de donaci\u00f3n:<\/strong><br \/>\nPuedes hacer tu donaci\u00f3n v\u00eda PIX a la cuenta de Caixa con CNPJ 23502227\/0001-30 o depositando en una cuenta de Caixa utilizando los siguientes datos:<\/p>\n<p>Cuenta de Ahorros: 739136689-8<br \/>\nOperaci\u00f3n: 1388<br \/>\nAgencia: 2782<br \/>\nBeneficiario: ABFIBPE \u2013 Asociaci\u00f3n de Benefactores de la futura iglesia del Beato Padre Eust\u00e1quio<\/p>\n\n\t\t<style type=\"text\/css\">\n\t\t\t#gallery-1 {\n\t\t\t\tmargin: auto;\n\t\t\t}\n\t\t\t#gallery-1 .gallery-item {\n\t\t\t\tfloat: left;\n\t\t\t\tmargin-top: 10px;\n\t\t\t\ttext-align: center;\n\t\t\t\twidth: 33%;\n\t\t\t}\n\t\t\t#gallery-1 img {\n\t\t\t\tborder: 2px solid #cfcfcf;\n\t\t\t}\n\t\t\t#gallery-1 .gallery-caption {\n\t\t\t\tmargin-left: 0;\n\t\t\t}\n\t\t\t\/* see gallery_shortcode() in wp-includes\/media.php *\/\n\t\t<\/style>\n\t\t<div id='gallery-1' class='gallery galleryid-10938 gallery-columns-3 gallery-size-thumbnail'><dl class='gallery-item'>\n\t\t\t<dt class='gallery-icon portrait'>\n\t\t\t\t<a href='https:\/\/www.padreeustaquio.com.br\/es\/ayuda-con-el-techado-de-la-iglesia-padre-eustaquio-en-esmeraldas-mg\/igreja-esmeraldas-3\/'><img decoding=\"async\" width=\"150\" height=\"150\" src=\"https:\/\/www.padreeustaquio.com.br\/wp-content\/uploads\/2023\/10\/Igreja-Esmeraldas-3-150x150.jpeg\" class=\"attachment-thumbnail size-thumbnail\" alt=\"\" srcset=\"https:\/\/www.padreeustaquio.com.br\/wp-content\/uploads\/2023\/10\/Igreja-Esmeraldas-3-150x150.jpeg 150w, https:\/\/www.padreeustaquio.com.br\/wp-content\/uploads\/2023\/10\/Igreja-Esmeraldas-3-75x75.jpeg 75w, https:\/\/www.padreeustaquio.com.br\/wp-content\/uploads\/2023\/10\/Igreja-Esmeraldas-3-180x180.jpeg 180w, https:\/\/www.padreeustaquio.com.br\/wp-content\/uploads\/2023\/10\/Igreja-Esmeraldas-3-400x400.jpeg 400w, https:\/\/www.padreeustaquio.com.br\/wp-content\/uploads\/2023\/10\/Igreja-Esmeraldas-3-600x600.jpeg 600w, https:\/\/www.padreeustaquio.com.br\/wp-content\/uploads\/2023\/10\/Igreja-Esmeraldas-3-1200x1200.jpeg 1200w\" sizes=\"(max-width: 150px) 100vw, 150px\" \/><\/a>\n\t\t\t<\/dt><\/dl><dl class='gallery-item'>\n\t\t\t<dt class='gallery-icon portrait'>\n\t\t\t\t<a href='https:\/\/www.padreeustaquio.com.br\/es\/ayuda-con-el-techado-de-la-iglesia-padre-eustaquio-en-esmeraldas-mg\/igreja-esmeraldas-4\/'><img decoding=\"async\" width=\"150\" height=\"150\" src=\"https:\/\/www.padreeustaquio.com.br\/wp-content\/uploads\/2023\/10\/Igreja-Esmeraldas-4-150x150.jpeg\" class=\"attachment-thumbnail size-thumbnail\" alt=\"\" srcset=\"https:\/\/www.padreeustaquio.com.br\/wp-content\/uploads\/2023\/10\/Igreja-Esmeraldas-4-150x150.jpeg 150w, https:\/\/www.padreeustaquio.com.br\/wp-content\/uploads\/2023\/10\/Igreja-Esmeraldas-4-75x75.jpeg 75w, https:\/\/www.padreeustaquio.com.br\/wp-content\/uploads\/2023\/10\/Igreja-Esmeraldas-4-180x180.jpeg 180w, https:\/\/www.padreeustaquio.com.br\/wp-content\/uploads\/2023\/10\/Igreja-Esmeraldas-4-400x400.jpeg 400w, https:\/\/www.padreeustaquio.com.br\/wp-content\/uploads\/2023\/10\/Igreja-Esmeraldas-4-600x600.jpeg 600w, https:\/\/www.padreeustaquio.com.br\/wp-content\/uploads\/2023\/10\/Igreja-Esmeraldas-4-1200x1200.jpeg 1200w\" sizes=\"(max-width: 150px) 100vw, 150px\" \/><\/a>\n\t\t\t<\/dt><\/dl><dl class='gallery-item'>\n\t\t\t<dt class='gallery-icon portrait'>\n\t\t\t\t<a href='https:\/\/www.padreeustaquio.com.br\/es\/ayuda-con-el-techado-de-la-iglesia-padre-eustaquio-en-esmeraldas-mg\/igreja-esmeraldas-5\/'><img decoding=\"async\" width=\"150\" height=\"150\" src=\"https:\/\/www.padreeustaquio.com.br\/wp-content\/uploads\/2023\/10\/Igreja-Esmeraldas-5-150x150.jpeg\" class=\"attachment-thumbnail size-thumbnail\" alt=\"\" srcset=\"https:\/\/www.padreeustaquio.com.br\/wp-content\/uploads\/2023\/10\/Igreja-Esmeraldas-5-150x150.jpeg 150w, https:\/\/www.padreeustaquio.com.br\/wp-content\/uploads\/2023\/10\/Igreja-Esmeraldas-5-75x75.jpeg 75w, https:\/\/www.padreeustaquio.com.br\/wp-content\/uploads\/2023\/10\/Igreja-Esmeraldas-5-180x180.jpeg 180w, https:\/\/www.padreeustaquio.com.br\/wp-content\/uploads\/2023\/10\/Igreja-Esmeraldas-5-400x400.jpeg 400w, https:\/\/www.padreeustaquio.com.br\/wp-content\/uploads\/2023\/10\/Igreja-Esmeraldas-5-600x600.jpeg 600w, https:\/\/www.padreeustaquio.com.br\/wp-content\/uploads\/2023\/10\/Igreja-Esmeraldas-5-1200x1200.jpeg 1200w\" sizes=\"(max-width: 150px) 100vw, 150px\" \/><\/a>\n\t\t\t<\/dt><\/dl><br style=\"clear: both\" \/><dl class='gallery-item'>\n\t\t\t<dt class='gallery-icon portrait'>\n\t\t\t\t<a href='https:\/\/www.padreeustaquio.com.br\/es\/ayuda-con-el-techado-de-la-iglesia-padre-eustaquio-en-esmeraldas-mg\/igreja-esmeraldas-6\/'><img loading=\"lazy\" decoding=\"async\" width=\"150\" height=\"150\" src=\"https:\/\/www.padreeustaquio.com.br\/wp-content\/uploads\/2023\/10\/Igreja-Esmeraldas-6-150x150.jpeg\" class=\"attachment-thumbnail size-thumbnail\" alt=\"\" srcset=\"https:\/\/www.padreeustaquio.com.br\/wp-content\/uploads\/2023\/10\/Igreja-Esmeraldas-6-150x150.jpeg 150w, https:\/\/www.padreeustaquio.com.br\/wp-content\/uploads\/2023\/10\/Igreja-Esmeraldas-6-75x75.jpeg 75w, https:\/\/www.padreeustaquio.com.br\/wp-content\/uploads\/2023\/10\/Igreja-Esmeraldas-6-180x180.jpeg 180w, https:\/\/www.padreeustaquio.com.br\/wp-content\/uploads\/2023\/10\/Igreja-Esmeraldas-6-400x400.jpeg 400w, https:\/\/www.padreeustaquio.com.br\/wp-content\/uploads\/2023\/10\/Igreja-Esmeraldas-6-600x600.jpeg 600w, https:\/\/www.padreeustaquio.com.br\/wp-content\/uploads\/2023\/10\/Igreja-Esmeraldas-6-1200x1200.jpeg 1200w\" sizes=\"(max-width: 150px) 100vw, 150px\" \/><\/a>\n\t\t\t<\/dt><\/dl><dl class='gallery-item'>\n\t\t\t<dt class='gallery-icon portrait'>\n\t\t\t\t<a href='https:\/\/www.padreeustaquio.com.br\/es\/ayuda-con-el-techado-de-la-iglesia-padre-eustaquio-en-esmeraldas-mg\/igreja-esmeraldas-1\/'><img loading=\"lazy\" decoding=\"async\" width=\"150\" height=\"150\" src=\"https:\/\/www.padreeustaquio.com.br\/wp-content\/uploads\/2023\/10\/Igreja-Esmeraldas-1-150x150.jpeg\" class=\"attachment-thumbnail size-thumbnail\" alt=\"\" srcset=\"https:\/\/www.padreeustaquio.com.br\/wp-content\/uploads\/2023\/10\/Igreja-Esmeraldas-1-150x150.jpeg 150w, https:\/\/www.padreeustaquio.com.br\/wp-content\/uploads\/2023\/10\/Igreja-Esmeraldas-1-75x75.jpeg 75w, https:\/\/www.padreeustaquio.com.br\/wp-content\/uploads\/2023\/10\/Igreja-Esmeraldas-1-180x180.jpeg 180w, https:\/\/www.padreeustaquio.com.br\/wp-content\/uploads\/2023\/10\/Igreja-Esmeraldas-1-400x400.jpeg 400w, https:\/\/www.padreeustaquio.com.br\/wp-content\/uploads\/2023\/10\/Igreja-Esmeraldas-1-600x600.jpeg 600w, https:\/\/www.padreeustaquio.com.br\/wp-content\/uploads\/2023\/10\/Igreja-Esmeraldas-1-1200x1200.jpeg 1200w\" sizes=\"(max-width: 150px) 100vw, 150px\" \/><\/a>\n\t\t\t<\/dt><\/dl><dl class='gallery-item'>\n\t\t\t<dt class='gallery-icon portrait'>\n\t\t\t\t<a href='https:\/\/www.padreeustaquio.com.br\/es\/ayuda-con-el-techado-de-la-iglesia-padre-eustaquio-en-esmeraldas-mg\/igreja-esmeraldas-2\/'><img loading=\"lazy\" decoding=\"async\" width=\"150\" height=\"150\" src=\"https:\/\/www.padreeustaquio.com.br\/wp-content\/uploads\/2023\/10\/Igreja-Esmeraldas-2-150x150.jpeg\" class=\"attachment-thumbnail size-thumbnail\" alt=\"\" srcset=\"https:\/\/www.padreeustaquio.com.br\/wp-content\/uploads\/2023\/10\/Igreja-Esmeraldas-2-150x150.jpeg 150w, https:\/\/www.padreeustaquio.com.br\/wp-content\/uploads\/2023\/10\/Igreja-Esmeraldas-2-75x75.jpeg 75w, https:\/\/www.padreeustaquio.com.br\/wp-content\/uploads\/2023\/10\/Igreja-Esmeraldas-2-180x180.jpeg 180w, https:\/\/www.padreeustaquio.com.br\/wp-content\/uploads\/2023\/10\/Igreja-Esmeraldas-2-400x400.jpeg 400w, https:\/\/www.padreeustaquio.com.br\/wp-content\/uploads\/2023\/10\/Igreja-Esmeraldas-2-600x600.jpeg 600w, https:\/\/www.padreeustaquio.com.br\/wp-content\/uploads\/2023\/10\/Igreja-Esmeraldas-2-1200x1200.jpeg 1200w\" sizes=\"(max-width: 150px) 100vw, 150px\" \/><\/a>\n\t\t\t<\/dt><\/dl><br style=\"clear: both\" \/>\n\t\t<\/div>","protected":false},"excerpt":{"rendered":"<p>As obras da Igreja Padre Eust\u00e1quio, em Esmeraldas, na regi\u00e3o metropolitana de Belo Horizonte, continuam a todo vapor. A par\u00f3quia conta com a colabora\u00e7\u00e3o dos paroquianos e devotos para conseguir recursos e avan\u00e7ar com o projeto. Atualmente, a comunidade realiza uma campanha para arrecadar fundos para a instala\u00e7\u00e3o da cumieira no telhado da igreja. Cada doa\u00e7\u00e3o \u00e9 uma pe\u00e7a fundamental para o progresso da constru\u00e7\u00e3o. O valor de contribui\u00e7\u00e3o sugerido \u00e9 de R$232,00, que pode ser pago a vista ou parcelado. Formas de doa\u00e7\u00e3o: Voc\u00ea pode fazer sua doa\u00e7\u00e3o atrav\u00e9s de PIX para a conta da Caixa com o CNPJ [&hellip;]<\/p>\n","protected":false},"author":2,"featured_media":10947,"comment_status":"open","ping_status":"closed","sticky":false,"template":"","format":"standard","meta":{"_acf_changed":false,"footnotes":""},"categories":[611],"tags":[],"class_list":["post-10938","post","type-post","status-publish","format-standard","has-post-thumbnail","hentry","category-noticias"],"acf":[],"yoast_head":"<!-- This site is optimized with the Yoast SEO plugin v27.2 - https:\/\/yoast.com\/product\/yoast-seo-wordpress\/ -->\n<title>Ajude na cobertura da Igreja Padre Eust\u00e1quio em Esmeraldas\/MG<\/title>\n<meta name=\"description\" content=\"As obras da Igreja Padre Eust\u00e1quio, em Esmeraldas, na regi\u00e3o metropolitana de Belo Horizonte, continuam a todo vapor. A par\u00f3quia conta com a colabora\u00e7\u00e3o dos paroquianos e devotos para conseguir recursos e avan\u00e7ar com o projeto.\" \/>\n<meta name=\"robots\" content=\"index, follow, max-snippet:-1, max-image-preview:large, max-video-preview:-1\" \/>\n<link rel=\"canonical\" href=\"https:\/\/www.padreeustaquio.com.br\/es\/ayuda-con-el-techado-de-la-iglesia-padre-eustaquio-en-esmeraldas-mg\/\" \/>\n<meta property=\"og:locale\" content=\"es_ES\" \/>\n<meta property=\"og:type\" content=\"article\" \/>\n<meta property=\"og:title\" content=\"Ajude na cobertura da Igreja Padre Eust\u00e1quio em Esmeraldas\/MG\" \/>\n<meta property=\"og:description\" content=\"As obras da Igreja Padre Eust\u00e1quio, em Esmeraldas, na regi\u00e3o metropolitana de Belo Horizonte, continuam a todo vapor. A par\u00f3quia conta com a colabora\u00e7\u00e3o dos paroquianos e devotos para conseguir recursos e avan\u00e7ar com o projeto.\" \/>\n<meta property=\"og:url\" content=\"https:\/\/www.padreeustaquio.com.br\/es\/ayuda-con-el-techado-de-la-iglesia-padre-eustaquio-en-esmeraldas-mg\/\" \/>\n<meta property=\"og:site_name\" content=\"Padre Eust\u00e1quio\" \/>\n<meta property=\"article:publisher\" content=\"https:\/\/www.facebook.com\/beatopadreeustaquio\/\" \/>\n<meta property=\"article:published_time\" content=\"2023-10-16T11:31:07+00:00\" \/>\n<meta property=\"article:modified_time\" content=\"2023-10-16T11:38:45+00:00\" \/>\n<meta property=\"og:image\" content=\"https:\/\/www.padreeustaquio.com.br\/wp-content\/uploads\/2023\/10\/igreja-esmeraldas-destaque-e1697456311888.jpeg\" \/>\n\t<meta property=\"og:image:width\" content=\"1200\" \/>\n\t<meta property=\"og:image:height\" content=\"1120\" \/>\n\t<meta property=\"og:image:type\" content=\"image\/jpeg\" \/>\n<meta name=\"author\" content=\"@sscc\" \/>\n<meta name=\"twitter:card\" content=\"summary_large_image\" \/>\n<meta name=\"twitter:creator\" content=\"@beatopeustaquio\" \/>\n<meta name=\"twitter:site\" content=\"@beatopeustaquio\" \/>\n<meta name=\"twitter:label1\" content=\"Escrito por\" \/>\n\t<meta name=\"twitter:data1\" content=\"@sscc\" \/>\n\t<meta name=\"twitter:label2\" content=\"Tiempo de lectura\" \/>\n\t<meta name=\"twitter:data2\" content=\"1 minuto\" \/>\n<script type=\"application\/ld+json\" class=\"yoast-schema-graph\">{\"@context\":\"https:\/\/schema.org\",\"@graph\":[{\"@type\":\"Article\",\"@id\":\"https:\/\/www.padreeustaquio.com.br\/ajude-na-cobertura-da-igreja-padre-eustaquio-em-esmeraldas-mg\/#article\",\"isPartOf\":{\"@id\":\"https:\/\/www.padreeustaquio.com.br\/ajude-na-cobertura-da-igreja-padre-eustaquio-em-esmeraldas-mg\/\"},\"author\":{\"name\":\"@sscc\",\"@id\":\"https:\/\/www.padreeustaquio.com.br\/#\/schema\/person\/a2a51db1d00f1a7af0204a0f1ddb1566\"},\"headline\":\"Ajude na cobertura da Igreja Padre Eust\u00e1quio em Esmeraldas\/MG\",\"datePublished\":\"2023-10-16T11:31:07+00:00\",\"dateModified\":\"2023-10-16T11:38:45+00:00\",\"mainEntityOfPage\":{\"@id\":\"https:\/\/www.padreeustaquio.com.br\/ajude-na-cobertura-da-igreja-padre-eustaquio-em-esmeraldas-mg\/\"},\"wordCount\":158,\"commentCount\":0,\"publisher\":{\"@id\":\"https:\/\/www.padreeustaquio.com.br\/#organization\"},\"image\":{\"@id\":\"https:\/\/www.padreeustaquio.com.br\/ajude-na-cobertura-da-igreja-padre-eustaquio-em-esmeraldas-mg\/#primaryimage\"},\"thumbnailUrl\":\"https:\/\/www.padreeustaquio.com.br\/wp-content\/uploads\/2023\/10\/igreja-esmeraldas-destaque-e1697456311888.jpeg\",\"articleSection\":[\"Not\u00edcias\"],\"inLanguage\":\"es\",\"potentialAction\":[{\"@type\":\"CommentAction\",\"name\":\"Comment\",\"target\":[\"https:\/\/www.padreeustaquio.com.br\/ajude-na-cobertura-da-igreja-padre-eustaquio-em-esmeraldas-mg\/#respond\"]}]},{\"@type\":\"WebPage\",\"@id\":\"https:\/\/www.padreeustaquio.com.br\/ajude-na-cobertura-da-igreja-padre-eustaquio-em-esmeraldas-mg\/\",\"url\":\"https:\/\/www.padreeustaquio.com.br\/ajude-na-cobertura-da-igreja-padre-eustaquio-em-esmeraldas-mg\/\",\"name\":\"Ajude na cobertura da Igreja Padre Eust\u00e1quio em Esmeraldas\/MG\",\"isPartOf\":{\"@id\":\"https:\/\/www.padreeustaquio.com.br\/#website\"},\"primaryImageOfPage\":{\"@id\":\"https:\/\/www.padreeustaquio.com.br\/ajude-na-cobertura-da-igreja-padre-eustaquio-em-esmeraldas-mg\/#primaryimage\"},\"image\":{\"@id\":\"https:\/\/www.padreeustaquio.com.br\/ajude-na-cobertura-da-igreja-padre-eustaquio-em-esmeraldas-mg\/#primaryimage\"},\"thumbnailUrl\":\"https:\/\/www.padreeustaquio.com.br\/wp-content\/uploads\/2023\/10\/igreja-esmeraldas-destaque-e1697456311888.jpeg\",\"datePublished\":\"2023-10-16T11:31:07+00:00\",\"dateModified\":\"2023-10-16T11:38:45+00:00\",\"description\":\"As obras da Igreja Padre Eust\u00e1quio, em Esmeraldas, na regi\u00e3o metropolitana de Belo Horizonte, continuam a todo vapor. A par\u00f3quia conta com a colabora\u00e7\u00e3o dos paroquianos e devotos para conseguir recursos e avan\u00e7ar com o projeto.\",\"breadcrumb\":{\"@id\":\"https:\/\/www.padreeustaquio.com.br\/ajude-na-cobertura-da-igreja-padre-eustaquio-em-esmeraldas-mg\/#breadcrumb\"},\"inLanguage\":\"es\",\"potentialAction\":[{\"@type\":\"ReadAction\",\"target\":[\"https:\/\/www.padreeustaquio.com.br\/ajude-na-cobertura-da-igreja-padre-eustaquio-em-esmeraldas-mg\/\"]}]},{\"@type\":\"ImageObject\",\"inLanguage\":\"es\",\"@id\":\"https:\/\/www.padreeustaquio.com.br\/ajude-na-cobertura-da-igreja-padre-eustaquio-em-esmeraldas-mg\/#primaryimage\",\"url\":\"https:\/\/www.padreeustaquio.com.br\/wp-content\/uploads\/2023\/10\/igreja-esmeraldas-destaque-e1697456311888.jpeg\",\"contentUrl\":\"https:\/\/www.padreeustaquio.com.br\/wp-content\/uploads\/2023\/10\/igreja-esmeraldas-destaque-e1697456311888.jpeg\",\"width\":1200,\"height\":1120},{\"@type\":\"BreadcrumbList\",\"@id\":\"https:\/\/www.padreeustaquio.com.br\/ajude-na-cobertura-da-igreja-padre-eustaquio-em-esmeraldas-mg\/#breadcrumb\",\"itemListElement\":[{\"@type\":\"ListItem\",\"position\":1,\"name\":\"In\u00edcio\",\"item\":\"https:\/\/www.padreeustaquio.com.br\/\"},{\"@type\":\"ListItem\",\"position\":2,\"name\":\"Ajude na cobertura da Igreja Padre Eust\u00e1quio em Esmeraldas\/MG\"}]},{\"@type\":\"WebSite\",\"@id\":\"https:\/\/www.padreeustaquio.com.br\/#website\",\"url\":\"https:\/\/www.padreeustaquio.com.br\/\",\"name\":\"Padre Eust\u00e1quio\",\"description\":\"Sa\u00fade e Paz\",\"publisher\":{\"@id\":\"https:\/\/www.padreeustaquio.com.br\/#organization\"},\"potentialAction\":[{\"@type\":\"SearchAction\",\"target\":{\"@type\":\"EntryPoint\",\"urlTemplate\":\"https:\/\/www.padreeustaquio.com.br\/?s={search_term_string}\"},\"query-input\":{\"@type\":\"PropertyValueSpecification\",\"valueRequired\":true,\"valueName\":\"search_term_string\"}}],\"inLanguage\":\"es\"},{\"@type\":\"Organization\",\"@id\":\"https:\/\/www.padreeustaquio.com.br\/#organization\",\"name\":\"Padre Eust\u00e1quio\",\"url\":\"https:\/\/www.padreeustaquio.com.br\/\",\"logo\":{\"@type\":\"ImageObject\",\"inLanguage\":\"es\",\"@id\":\"https:\/\/www.padreeustaquio.com.br\/#\/schema\/logo\/image\/\",\"url\":\"https:\/\/www.padreeustaquio.com.br\/wp-content\/uploads\/2019\/08\/marca.png\",\"contentUrl\":\"https:\/\/www.padreeustaquio.com.br\/wp-content\/uploads\/2019\/08\/marca.png\",\"width\":350,\"height\":400,\"caption\":\"Padre Eust\u00e1quio\"},\"image\":{\"@id\":\"https:\/\/www.padreeustaquio.com.br\/#\/schema\/logo\/image\/\"},\"sameAs\":[\"https:\/\/www.facebook.com\/beatopadreeustaquio\/\",\"https:\/\/x.com\/beatopeustaquio\",\"https:\/\/www.instagram.com\/beatopadreeustaquio\/\",\"https:\/\/www.youtube.com\/channel\/UCRhw7vfabnajwLxb1ZXMeIw\"]},{\"@type\":\"Person\",\"@id\":\"https:\/\/www.padreeustaquio.com.br\/#\/schema\/person\/a2a51db1d00f1a7af0204a0f1ddb1566\",\"name\":\"@sscc\",\"image\":{\"@type\":\"ImageObject\",\"inLanguage\":\"es\",\"@id\":\"https:\/\/secure.gravatar.com\/avatar\/68cfafa5f44617fea54071e215026e0ff06be366c3d54a8425f04fdcb86f8c5f?s=96&d=mm&r=g\",\"url\":\"https:\/\/secure.gravatar.com\/avatar\/68cfafa5f44617fea54071e215026e0ff06be366c3d54a8425f04fdcb86f8c5f?s=96&d=mm&r=g\",\"contentUrl\":\"https:\/\/secure.gravatar.com\/avatar\/68cfafa5f44617fea54071e215026e0ff06be366c3d54a8425f04fdcb86f8c5f?s=96&d=mm&r=g\",\"caption\":\"@sscc\"},\"url\":\"https:\/\/www.padreeustaquio.com.br\/es\/author\/sscc\/\"}]}<\/script>\n<!-- \/ Yoast SEO plugin. -->","yoast_head_json":{"title":"Ayuda con el techado de la Iglesia Padre Eust\u00e1quio en Esmeraldas\/MG","description":"Las obras de construcci\u00f3n de la Iglesia Padre Eustaquio en Esmeraldas, en la regi\u00f3n metropolitana de Belo Horizonte, contin\u00faan a toda marcha. La parroquia cuenta con la colaboraci\u00f3n de feligreses y devotos para recaudar fondos y sacar adelante el proyecto.","robots":{"index":"index","follow":"follow","max-snippet":"max-snippet:-1","max-image-preview":"max-image-preview:large","max-video-preview":"max-video-preview:-1"},"canonical":"https:\/\/www.padreeustaquio.com.br\/es\/ayuda-con-el-techado-de-la-iglesia-padre-eustaquio-en-esmeraldas-mg\/","og_locale":"es_ES","og_type":"article","og_title":"Ajude na cobertura da Igreja Padre Eust\u00e1quio em Esmeraldas\/MG","og_description":"As obras da Igreja Padre Eust\u00e1quio, em Esmeraldas, na regi\u00e3o metropolitana de Belo Horizonte, continuam a todo vapor. A par\u00f3quia conta com a colabora\u00e7\u00e3o dos paroquianos e devotos para conseguir recursos e avan\u00e7ar com o projeto.","og_url":"https:\/\/www.padreeustaquio.com.br\/es\/ayuda-con-el-techado-de-la-iglesia-padre-eustaquio-en-esmeraldas-mg\/","og_site_name":"Padre Eust\u00e1quio","article_publisher":"https:\/\/www.facebook.com\/beatopadreeustaquio\/","article_published_time":"2023-10-16T11:31:07+00:00","article_modified_time":"2023-10-16T11:38:45+00:00","og_image":[{"width":1200,"height":1120,"url":"https:\/\/www.padreeustaquio.com.br\/wp-content\/uploads\/2023\/10\/igreja-esmeraldas-destaque-e1697456311888.jpeg","type":"image\/jpeg"}],"author":"@sscc","twitter_card":"summary_large_image","twitter_creator":"@beatopeustaquio","twitter_site":"@beatopeustaquio","twitter_misc":{"Escrito por":"@sscc","Tiempo de lectura":"1 minuto"},"schema":{"@context":"https:\/\/schema.org","@graph":[{"@type":"Article","@id":"https:\/\/www.padreeustaquio.com.br\/ajude-na-cobertura-da-igreja-padre-eustaquio-em-esmeraldas-mg\/#article","isPartOf":{"@id":"https:\/\/www.padreeustaquio.com.br\/ajude-na-cobertura-da-igreja-padre-eustaquio-em-esmeraldas-mg\/"},"author":{"name":"@sscc","@id":"https:\/\/www.padreeustaquio.com.br\/#\/schema\/person\/a2a51db1d00f1a7af0204a0f1ddb1566"},"headline":"Ajude na cobertura da Igreja Padre Eust\u00e1quio em Esmeraldas\/MG","datePublished":"2023-10-16T11:31:07+00:00","dateModified":"2023-10-16T11:38:45+00:00","mainEntityOfPage":{"@id":"https:\/\/www.padreeustaquio.com.br\/ajude-na-cobertura-da-igreja-padre-eustaquio-em-esmeraldas-mg\/"},"wordCount":158,"commentCount":0,"publisher":{"@id":"https:\/\/www.padreeustaquio.com.br\/#organization"},"image":{"@id":"https:\/\/www.padreeustaquio.com.br\/ajude-na-cobertura-da-igreja-padre-eustaquio-em-esmeraldas-mg\/#primaryimage"},"thumbnailUrl":"https:\/\/www.padreeustaquio.com.br\/wp-content\/uploads\/2023\/10\/igreja-esmeraldas-destaque-e1697456311888.jpeg","articleSection":["Not\u00edcias"],"inLanguage":"es","potentialAction":[{"@type":"CommentAction","name":"Comment","target":["https:\/\/www.padreeustaquio.com.br\/ajude-na-cobertura-da-igreja-padre-eustaquio-em-esmeraldas-mg\/#respond"]}]},{"@type":"WebPage","@id":"https:\/\/www.padreeustaquio.com.br\/ajude-na-cobertura-da-igreja-padre-eustaquio-em-esmeraldas-mg\/","url":"https:\/\/www.padreeustaquio.com.br\/ajude-na-cobertura-da-igreja-padre-eustaquio-em-esmeraldas-mg\/","name":"Ayuda con el techado de la Iglesia Padre Eust\u00e1quio en Esmeraldas\/MG","isPartOf":{"@id":"https:\/\/www.padreeustaquio.com.br\/#website"},"primaryImageOfPage":{"@id":"https:\/\/www.padreeustaquio.com.br\/ajude-na-cobertura-da-igreja-padre-eustaquio-em-esmeraldas-mg\/#primaryimage"},"image":{"@id":"https:\/\/www.padreeustaquio.com.br\/ajude-na-cobertura-da-igreja-padre-eustaquio-em-esmeraldas-mg\/#primaryimage"},"thumbnailUrl":"https:\/\/www.padreeustaquio.com.br\/wp-content\/uploads\/2023\/10\/igreja-esmeraldas-destaque-e1697456311888.jpeg","datePublished":"2023-10-16T11:31:07+00:00","dateModified":"2023-10-16T11:38:45+00:00","description":"Las obras de construcci\u00f3n de la Iglesia Padre Eustaquio en Esmeraldas, en la regi\u00f3n metropolitana de Belo Horizonte, contin\u00faan a toda marcha. La parroquia cuenta con la colaboraci\u00f3n de feligreses y devotos para recaudar fondos y sacar adelante el proyecto.","breadcrumb":{"@id":"https:\/\/www.padreeustaquio.com.br\/ajude-na-cobertura-da-igreja-padre-eustaquio-em-esmeraldas-mg\/#breadcrumb"},"inLanguage":"es","potentialAction":[{"@type":"ReadAction","target":["https:\/\/www.padreeustaquio.com.br\/ajude-na-cobertura-da-igreja-padre-eustaquio-em-esmeraldas-mg\/"]}]},{"@type":"ImageObject","inLanguage":"es","@id":"https:\/\/www.padreeustaquio.com.br\/ajude-na-cobertura-da-igreja-padre-eustaquio-em-esmeraldas-mg\/#primaryimage","url":"https:\/\/www.padreeustaquio.com.br\/wp-content\/uploads\/2023\/10\/igreja-esmeraldas-destaque-e1697456311888.jpeg","contentUrl":"https:\/\/www.padreeustaquio.com.br\/wp-content\/uploads\/2023\/10\/igreja-esmeraldas-destaque-e1697456311888.jpeg","width":1200,"height":1120},{"@type":"BreadcrumbList","@id":"https:\/\/www.padreeustaquio.com.br\/ajude-na-cobertura-da-igreja-padre-eustaquio-em-esmeraldas-mg\/#breadcrumb","itemListElement":[{"@type":"ListItem","position":1,"name":"In\u00edcio","item":"https:\/\/www.padreeustaquio.com.br\/"},{"@type":"ListItem","position":2,"name":"Ajude na cobertura da Igreja Padre Eust\u00e1quio em Esmeraldas\/MG"}]},{"@type":"WebSite","@id":"https:\/\/www.padreeustaquio.com.br\/#website","url":"https:\/\/www.padreeustaquio.com.br\/","name":"Padre Eustace","description":"Salud y Paz","publisher":{"@id":"https:\/\/www.padreeustaquio.com.br\/#organization"},"potentialAction":[{"@type":"SearchAction","target":{"@type":"EntryPoint","urlTemplate":"https:\/\/www.padreeustaquio.com.br\/?s={search_term_string}"},"query-input":{"@type":"PropertyValueSpecification","valueRequired":true,"valueName":"search_term_string"}}],"inLanguage":"es"},{"@type":"Organization","@id":"https:\/\/www.padreeustaquio.com.br\/#organization","name":"Padre Eustace","url":"https:\/\/www.padreeustaquio.com.br\/","logo":{"@type":"ImageObject","inLanguage":"es","@id":"https:\/\/www.padreeustaquio.com.br\/#\/schema\/logo\/image\/","url":"https:\/\/www.padreeustaquio.com.br\/wp-content\/uploads\/2019\/08\/marca.png","contentUrl":"https:\/\/www.padreeustaquio.com.br\/wp-content\/uploads\/2019\/08\/marca.png","width":350,"height":400,"caption":"Padre Eust\u00e1quio"},"image":{"@id":"https:\/\/www.padreeustaquio.com.br\/#\/schema\/logo\/image\/"},"sameAs":["https:\/\/www.facebook.com\/beatopadreeustaquio\/","https:\/\/x.com\/beatopeustaquio","https:\/\/www.instagram.com\/beatopadreeustaquio\/","https:\/\/www.youtube.com\/channel\/UCRhw7vfabnajwLxb1ZXMeIw"]},{"@type":"Person","@id":"https:\/\/www.padreeustaquio.com.br\/#\/schema\/person\/a2a51db1d00f1a7af0204a0f1ddb1566","name":"@sscc","image":{"@type":"ImageObject","inLanguage":"es","@id":"https:\/\/secure.gravatar.com\/avatar\/68cfafa5f44617fea54071e215026e0ff06be366c3d54a8425f04fdcb86f8c5f?s=96&d=mm&r=g","url":"https:\/\/secure.gravatar.com\/avatar\/68cfafa5f44617fea54071e215026e0ff06be366c3d54a8425f04fdcb86f8c5f?s=96&d=mm&r=g","contentUrl":"https:\/\/secure.gravatar.com\/avatar\/68cfafa5f44617fea54071e215026e0ff06be366c3d54a8425f04fdcb86f8c5f?s=96&d=mm&r=g","caption":"@sscc"},"url":"https:\/\/www.padreeustaquio.com.br\/es\/author\/sscc\/"}]}},"_links":{"self":[{"href":"https:\/\/www.padreeustaquio.com.br\/es\/wp-json\/wp\/v2\/posts\/10938","targetHints":{"allow":["GET"]}}],"collection":[{"href":"https:\/\/www.padreeustaquio.com.br\/es\/wp-json\/wp\/v2\/posts"}],"about":[{"href":"https:\/\/www.padreeustaquio.com.br\/es\/wp-json\/wp\/v2\/types\/post"}],"author":[{"embeddable":true,"href":"https:\/\/www.padreeustaquio.com.br\/es\/wp-json\/wp\/v2\/users\/2"}],"replies":[{"embeddable":true,"href":"https:\/\/www.padreeustaquio.com.br\/es\/wp-json\/wp\/v2\/comments?post=10938"}],"version-history":[{"count":0,"href":"https:\/\/www.padreeustaquio.com.br\/es\/wp-json\/wp\/v2\/posts\/10938\/revisions"}],"wp:featuredmedia":[{"embeddable":true,"href":"https:\/\/www.padreeustaquio.com.br\/es\/wp-json\/wp\/v2\/media\/10947"}],"wp:attachment":[{"href":"https:\/\/www.padreeustaquio.com.br\/es\/wp-json\/wp\/v2\/media?parent=10938"}],"wp:term":[{"taxonomy":"category","embeddable":true,"href":"https:\/\/www.padreeustaquio.com.br\/es\/wp-json\/wp\/v2\/categories?post=10938"},{"taxonomy":"post_tag","embeddable":true,"href":"https:\/\/www.padreeustaquio.com.br\/es\/wp-json\/wp\/v2\/tags?post=10938"}],"curies":[{"name":"wp","href":"https:\/\/api.w.org\/{rel}","templated":true}]}}