{"id":10915,"date":"2023-10-02T06:14:58","date_gmt":"2023-10-02T09:14:58","guid":{"rendered":"https:\/\/www.padreeustaquio.com.br\/?p=10915"},"modified":"2023-10-01T21:33:03","modified_gmt":"2023-10-02T00:33:03","slug":"el-vicepostulador-graba-mensaje-para-el-dia-de-san-francisco","status":"publish","type":"post","link":"https:\/\/www.padreeustaquio.com.br\/es\/el-vicepostulador-graba-mensaje-para-el-dia-de-san-francisco\/","title":{"rendered":"El vicepostulador registra el mensaje para el d\u00eda de San Francisco"},"content":{"rendered":"<p>El vicepostulador de la Causa de Canonizaci\u00f3n del Beato Padre Eustaquio, Padre Vin\u00edcius Maciel, SSCC, grab\u00f3 un mensaje en los jardines de la Iglesia de San Francisco, en As\u00eds, Italia. En el material, el Padre Vin\u00edcius menciona el saludo de Francisco al Sult\u00e1n: \u201cPaz y Bien\u201d y hace referencia al saludo del Padre Eustaquio: \u201cSalud y Paz\u201d, como lema de quienes llevan a Cristo a la gente.<\/p>\n<p>El video se grab\u00f3 en abril, cuando el Padre Vin\u00edcius visit\u00f3 Italia junto con otros peregrinos en el viaje &quot;Por los Caminos del Padre Eust\u00e1quio&quot;. En esa ocasi\u00f3n, el sacerdote y un profesional del Canal Padre Eust\u00e1quio grabaron su paso por As\u00eds con un mensaje y una bendici\u00f3n desde la tierra franciscana.<\/p>\n<p>Editado esta semana, el v\u00eddeo, de menos de un minuto de duraci\u00f3n, ser\u00e1 exhibido antes de las transmisiones en vivo de las Santas Misas por el Canal Padre Eust\u00e1quio hasta el 4 de octubre, cuando la Iglesia conmemora al santo de As\u00eds.<\/p>\n<p>Mira el v\u00eddeo:<\/p>\n<div style=\"width: 1200px;\" class=\"wp-video\"><video class=\"wp-video-shortcode\" id=\"video-10915-1\" width=\"1200\" height=\"675\" preload=\"metadata\" controls=\"controls\"><source type=\"video\/mp4\" src=\"https:\/\/www.padreeustaquio.com.br\/wp-content\/uploads\/2023\/10\/video-padre-vinicius-em-assis-sao-francisco.mp4?_=1\" \/><a href=\"https:\/\/www.padreeustaquio.com.br\/wp-content\/uploads\/2023\/10\/video-padre-vinicius-em-assis-sao-francisco.mp4\">https:\/\/www.padreeustaquio.com.br\/wp-content\/uploads\/2023\/10\/video-padre-vinicius-em-assis-sao-francisco.mp4<\/a><\/video><\/div>\n<p><strong><br \/>\nSan Francisco de As\u00eds<\/strong><\/p>\n<p>Francisco naci\u00f3 en As\u00eds, Italia, en 1182. Era hijo de Pietro Bernardone, un rico comerciante, y de P\u00eda, de una familia noble de Provenza. En su juventud, Francisco fue muy rico y derroch\u00f3 su dinero en ostentaci\u00f3n. Sin embargo, los negocios de su padre no le interesaban, y mucho menos sus estudios. Lo que realmente quer\u00eda era divertirse. No obstante, san Buenaventura, su contempor\u00e1neo, escribi\u00f3 sobre \u00e9l: \u201cPero, con la ayuda divina, nunca se dej\u00f3 llevar por el ardor de las pasiones que dominaban a los j\u00f3venes de su compa\u00f1\u00eda\u201d.<\/p>\n<p>En la juventud de Francisco, alrededor de los veinte a\u00f1os, estall\u00f3 una guerra entre las ciudades italianas de Perugia y As\u00eds. Quiso luchar en Spoleto, entre As\u00eds y Roma, pero enferm\u00f3. Durante su enfermedad, Francisco escuch\u00f3 una voz sobrenatural. Esta voz lo inst\u00f3 a...\u00a0<i>\u201c&quot;servir al amor y al Siervo&quot;\u201d<\/i>. Poco a poco, con mucha oraci\u00f3n, Francisco sinti\u00f3 en su coraz\u00f3n la necesidad de vender sus posesiones y\u00a0<i>\u201c&quot;para comprar la perla preciosa&quot;\u201d<\/i>\u00a0que hab\u00eda le\u00eddo en el Evangelio.<\/p>\n<p>En una ocasi\u00f3n, al encontrarse con un leproso, a pesar de su repulsi\u00f3n natural, se sobrepuso a su voluntad y lo bes\u00f3. Fue un gesto impulsado por el Esp\u00edritu Santo. A partir de ese momento, comenz\u00f3 a visitar y servir a los enfermos en los hospitales. A los pobres les daba su propia ropa y tambi\u00e9n el dinero que ten\u00eda en ese momento.<\/p>\n<p>*con informaci\u00f3n de: <strong>santuariodocaraca.com.br<\/strong><\/p>","protected":false},"excerpt":{"rendered":"<p>O vice-postulador da Causa de Canoniza\u00e7\u00e3o do Beato Padre Eust\u00e1quio, o padre Vin\u00edcius Maciel, SSCC, gravou uma mensagem nos jardins da Igreja de S\u00e3o Francisco, na cidade de Assis, na It\u00e1lia. No material, Pe. Vin\u00edcius fala da sauda\u00e7\u00e3o de Francisco ao sult\u00e3o: &#8220;Paz e Bem&#8221; e faz uma refer\u00eancia \u00e0 sauda\u00e7\u00e3o de Padre Eust\u00e1quio: &#8220;Sa\u00fade e Paz&#8221; como lema dos que levam Cristo \u00e0s pessoas. O v\u00eddeo foi gravado em abril, quando o padre Vin\u00edcius visitou a It\u00e1lia junto a outros peregrinos na viagem: &#8220;Pelos Caminhos de Padre Eust\u00e1quio&#8221;. Na ocasi\u00e3o, o religioso e um profissional do Canal Padre Eust\u00e1quio, [&hellip;]<\/p>\n","protected":false},"author":2,"featured_media":10917,"comment_status":"open","ping_status":"closed","sticky":false,"template":"","format":"standard","meta":{"_acf_changed":false,"footnotes":""},"categories":[611],"tags":[],"class_list":["post-10915","post","type-post","status-publish","format-standard","has-post-thumbnail","hentry","category-noticias"],"acf":[],"yoast_head":"<!-- This site is optimized with the Yoast SEO plugin v27.2 - https:\/\/yoast.com\/product\/yoast-seo-wordpress\/ -->\n<title>Vice-postulador grava mensagem para o dia de S\u00e3o Francisco<\/title>\n<meta name=\"description\" content=\"O vice-postulador da Causa de Canoniza\u00e7\u00e3o do Beato Padre Eust\u00e1quio, o padre Vin\u00edcius Maciel, SSCC, gravou uma mensagem nos jardins da Igreja de S\u00e3o Francisco, na cidade de Assis, na It\u00e1lia. No material, Pe. Vin\u00edcius fala da sauda\u00e7\u00e3o de Francisco ao sult\u00e3o: &quot;Paz e Bem&quot; e faz uma refer\u00eancia \u00e0 sauda\u00e7\u00e3o de Padre Eust\u00e1quio: &quot;Sa\u00fade e Paz&quot; como lema dos que levam Cristo \u00e0s pessoas.\" \/>\n<meta name=\"robots\" content=\"index, follow, max-snippet:-1, max-image-preview:large, max-video-preview:-1\" \/>\n<link rel=\"canonical\" href=\"https:\/\/www.padreeustaquio.com.br\/es\/el-vicepostulador-graba-mensaje-para-el-dia-de-san-francisco\/\" \/>\n<meta property=\"og:locale\" content=\"es_ES\" \/>\n<meta property=\"og:type\" content=\"article\" \/>\n<meta property=\"og:title\" content=\"Vice-postulador grava mensagem para o dia de S\u00e3o Francisco\" \/>\n<meta property=\"og:description\" content=\"O vice-postulador da Causa de Canoniza\u00e7\u00e3o do Beato Padre Eust\u00e1quio, o padre Vin\u00edcius Maciel, SSCC, gravou uma mensagem nos jardins da Igreja de S\u00e3o Francisco, na cidade de Assis, na It\u00e1lia. No material, Pe. Vin\u00edcius fala da sauda\u00e7\u00e3o de Francisco ao sult\u00e3o: &quot;Paz e Bem&quot; e faz uma refer\u00eancia \u00e0 sauda\u00e7\u00e3o de Padre Eust\u00e1quio: &quot;Sa\u00fade e Paz&quot; como lema dos que levam Cristo \u00e0s pessoas.\" \/>\n<meta property=\"og:url\" content=\"https:\/\/www.padreeustaquio.com.br\/es\/el-vicepostulador-graba-mensaje-para-el-dia-de-san-francisco\/\" \/>\n<meta property=\"og:site_name\" content=\"Padre Eust\u00e1quio\" \/>\n<meta property=\"article:publisher\" content=\"https:\/\/www.facebook.com\/beatopadreeustaquio\/\" \/>\n<meta property=\"article:published_time\" content=\"2023-10-02T09:14:58+00:00\" \/>\n<meta property=\"og:image\" content=\"https:\/\/www.padreeustaquio.com.br\/wp-content\/uploads\/2023\/10\/padre-vinicius-em-assis-na-italia-sao-francisco.png\" \/>\n\t<meta property=\"og:image:width\" content=\"1363\" \/>\n\t<meta property=\"og:image:height\" content=\"765\" \/>\n\t<meta property=\"og:image:type\" content=\"image\/png\" \/>\n<meta name=\"author\" content=\"@sscc\" \/>\n<meta name=\"twitter:card\" content=\"summary_large_image\" \/>\n<meta name=\"twitter:creator\" content=\"@beatopeustaquio\" \/>\n<meta name=\"twitter:site\" content=\"@beatopeustaquio\" \/>\n<meta name=\"twitter:label1\" content=\"Escrito por\" \/>\n\t<meta name=\"twitter:data1\" content=\"@sscc\" \/>\n\t<meta name=\"twitter:label2\" content=\"Tiempo de lectura\" \/>\n\t<meta name=\"twitter:data2\" content=\"3 minutos\" \/>\n<script type=\"application\/ld+json\" class=\"yoast-schema-graph\">{\"@context\":\"https:\/\/schema.org\",\"@graph\":[{\"@type\":\"Article\",\"@id\":\"https:\/\/www.padreeustaquio.com.br\/vice-postulador-grava-mensagem-para-o-dia-de-sao-francisco\/#article\",\"isPartOf\":{\"@id\":\"https:\/\/www.padreeustaquio.com.br\/vice-postulador-grava-mensagem-para-o-dia-de-sao-francisco\/\"},\"author\":{\"name\":\"@sscc\",\"@id\":\"https:\/\/www.padreeustaquio.com.br\/#\/schema\/person\/a2a51db1d00f1a7af0204a0f1ddb1566\"},\"headline\":\"Vice-postulador grava mensagem para o dia de S\u00e3o Francisco\",\"datePublished\":\"2023-10-02T09:14:58+00:00\",\"mainEntityOfPage\":{\"@id\":\"https:\/\/www.padreeustaquio.com.br\/vice-postulador-grava-mensagem-para-o-dia-de-sao-francisco\/\"},\"wordCount\":458,\"commentCount\":0,\"publisher\":{\"@id\":\"https:\/\/www.padreeustaquio.com.br\/#organization\"},\"image\":{\"@id\":\"https:\/\/www.padreeustaquio.com.br\/vice-postulador-grava-mensagem-para-o-dia-de-sao-francisco\/#primaryimage\"},\"thumbnailUrl\":\"https:\/\/www.padreeustaquio.com.br\/wp-content\/uploads\/2023\/10\/padre-vinicius-em-assis-na-italia-sao-francisco.png\",\"articleSection\":[\"Not\u00edcias\"],\"inLanguage\":\"es\",\"potentialAction\":[{\"@type\":\"CommentAction\",\"name\":\"Comment\",\"target\":[\"https:\/\/www.padreeustaquio.com.br\/vice-postulador-grava-mensagem-para-o-dia-de-sao-francisco\/#respond\"]}]},{\"@type\":\"WebPage\",\"@id\":\"https:\/\/www.padreeustaquio.com.br\/vice-postulador-grava-mensagem-para-o-dia-de-sao-francisco\/\",\"url\":\"https:\/\/www.padreeustaquio.com.br\/vice-postulador-grava-mensagem-para-o-dia-de-sao-francisco\/\",\"name\":\"Vice-postulador grava mensagem para o dia de S\u00e3o Francisco\",\"isPartOf\":{\"@id\":\"https:\/\/www.padreeustaquio.com.br\/#website\"},\"primaryImageOfPage\":{\"@id\":\"https:\/\/www.padreeustaquio.com.br\/vice-postulador-grava-mensagem-para-o-dia-de-sao-francisco\/#primaryimage\"},\"image\":{\"@id\":\"https:\/\/www.padreeustaquio.com.br\/vice-postulador-grava-mensagem-para-o-dia-de-sao-francisco\/#primaryimage\"},\"thumbnailUrl\":\"https:\/\/www.padreeustaquio.com.br\/wp-content\/uploads\/2023\/10\/padre-vinicius-em-assis-na-italia-sao-francisco.png\",\"datePublished\":\"2023-10-02T09:14:58+00:00\",\"description\":\"O vice-postulador da Causa de Canoniza\u00e7\u00e3o do Beato Padre Eust\u00e1quio, o padre Vin\u00edcius Maciel, SSCC, gravou uma mensagem nos jardins da Igreja de S\u00e3o Francisco, na cidade de Assis, na It\u00e1lia. No material, Pe. Vin\u00edcius fala da sauda\u00e7\u00e3o de Francisco ao sult\u00e3o: \\\"Paz e Bem\\\" e faz uma refer\u00eancia \u00e0 sauda\u00e7\u00e3o de Padre Eust\u00e1quio: \\\"Sa\u00fade e Paz\\\" como lema dos que levam Cristo \u00e0s pessoas.\",\"breadcrumb\":{\"@id\":\"https:\/\/www.padreeustaquio.com.br\/vice-postulador-grava-mensagem-para-o-dia-de-sao-francisco\/#breadcrumb\"},\"inLanguage\":\"es\",\"potentialAction\":[{\"@type\":\"ReadAction\",\"target\":[\"https:\/\/www.padreeustaquio.com.br\/vice-postulador-grava-mensagem-para-o-dia-de-sao-francisco\/\"]}]},{\"@type\":\"ImageObject\",\"inLanguage\":\"es\",\"@id\":\"https:\/\/www.padreeustaquio.com.br\/vice-postulador-grava-mensagem-para-o-dia-de-sao-francisco\/#primaryimage\",\"url\":\"https:\/\/www.padreeustaquio.com.br\/wp-content\/uploads\/2023\/10\/padre-vinicius-em-assis-na-italia-sao-francisco.png\",\"contentUrl\":\"https:\/\/www.padreeustaquio.com.br\/wp-content\/uploads\/2023\/10\/padre-vinicius-em-assis-na-italia-sao-francisco.png\",\"width\":1363,\"height\":765},{\"@type\":\"BreadcrumbList\",\"@id\":\"https:\/\/www.padreeustaquio.com.br\/vice-postulador-grava-mensagem-para-o-dia-de-sao-francisco\/#breadcrumb\",\"itemListElement\":[{\"@type\":\"ListItem\",\"position\":1,\"name\":\"In\u00edcio\",\"item\":\"https:\/\/www.padreeustaquio.com.br\/\"},{\"@type\":\"ListItem\",\"position\":2,\"name\":\"Vice-postulador grava mensagem para o dia de S\u00e3o Francisco\"}]},{\"@type\":\"WebSite\",\"@id\":\"https:\/\/www.padreeustaquio.com.br\/#website\",\"url\":\"https:\/\/www.padreeustaquio.com.br\/\",\"name\":\"Padre Eust\u00e1quio\",\"description\":\"Sa\u00fade e Paz\",\"publisher\":{\"@id\":\"https:\/\/www.padreeustaquio.com.br\/#organization\"},\"potentialAction\":[{\"@type\":\"SearchAction\",\"target\":{\"@type\":\"EntryPoint\",\"urlTemplate\":\"https:\/\/www.padreeustaquio.com.br\/?s={search_term_string}\"},\"query-input\":{\"@type\":\"PropertyValueSpecification\",\"valueRequired\":true,\"valueName\":\"search_term_string\"}}],\"inLanguage\":\"es\"},{\"@type\":\"Organization\",\"@id\":\"https:\/\/www.padreeustaquio.com.br\/#organization\",\"name\":\"Padre Eust\u00e1quio\",\"url\":\"https:\/\/www.padreeustaquio.com.br\/\",\"logo\":{\"@type\":\"ImageObject\",\"inLanguage\":\"es\",\"@id\":\"https:\/\/www.padreeustaquio.com.br\/#\/schema\/logo\/image\/\",\"url\":\"https:\/\/www.padreeustaquio.com.br\/wp-content\/uploads\/2019\/08\/marca.png\",\"contentUrl\":\"https:\/\/www.padreeustaquio.com.br\/wp-content\/uploads\/2019\/08\/marca.png\",\"width\":350,\"height\":400,\"caption\":\"Padre Eust\u00e1quio\"},\"image\":{\"@id\":\"https:\/\/www.padreeustaquio.com.br\/#\/schema\/logo\/image\/\"},\"sameAs\":[\"https:\/\/www.facebook.com\/beatopadreeustaquio\/\",\"https:\/\/x.com\/beatopeustaquio\",\"https:\/\/www.instagram.com\/beatopadreeustaquio\/\",\"https:\/\/www.youtube.com\/channel\/UCRhw7vfabnajwLxb1ZXMeIw\"]},{\"@type\":\"Person\",\"@id\":\"https:\/\/www.padreeustaquio.com.br\/#\/schema\/person\/a2a51db1d00f1a7af0204a0f1ddb1566\",\"name\":\"@sscc\",\"image\":{\"@type\":\"ImageObject\",\"inLanguage\":\"es\",\"@id\":\"https:\/\/secure.gravatar.com\/avatar\/68cfafa5f44617fea54071e215026e0ff06be366c3d54a8425f04fdcb86f8c5f?s=96&d=mm&r=g\",\"url\":\"https:\/\/secure.gravatar.com\/avatar\/68cfafa5f44617fea54071e215026e0ff06be366c3d54a8425f04fdcb86f8c5f?s=96&d=mm&r=g\",\"contentUrl\":\"https:\/\/secure.gravatar.com\/avatar\/68cfafa5f44617fea54071e215026e0ff06be366c3d54a8425f04fdcb86f8c5f?s=96&d=mm&r=g\",\"caption\":\"@sscc\"},\"url\":\"https:\/\/www.padreeustaquio.com.br\/es\/author\/sscc\/\"}]}<\/script>\n<!-- \/ Yoast SEO plugin. -->","yoast_head_json":{"title":"El vicepostulador registra el mensaje para el d\u00eda de San Francisco","description":"El vicepostulador de la Causa de Canonizaci\u00f3n del Beato Padre Eustaquio, Padre Vin\u00edcius Maciel, SSCC, grab\u00f3 un mensaje en los jardines de la Iglesia de San Francisco, en As\u00eds, Italia. En el material, el Padre Vin\u00edcius menciona el saludo de Francisco al Sult\u00e1n: \"Paz y Bien\" y hace referencia al saludo del Padre Eustaquio: \"Salud y Paz\", como lema de quienes llevan a Cristo a la gente.","robots":{"index":"index","follow":"follow","max-snippet":"max-snippet:-1","max-image-preview":"max-image-preview:large","max-video-preview":"max-video-preview:-1"},"canonical":"https:\/\/www.padreeustaquio.com.br\/es\/el-vicepostulador-graba-mensaje-para-el-dia-de-san-francisco\/","og_locale":"es_ES","og_type":"article","og_title":"Vice-postulador grava mensagem para o dia de S\u00e3o Francisco","og_description":"O vice-postulador da Causa de Canoniza\u00e7\u00e3o do Beato Padre Eust\u00e1quio, o padre Vin\u00edcius Maciel, SSCC, gravou uma mensagem nos jardins da Igreja de S\u00e3o Francisco, na cidade de Assis, na It\u00e1lia. No material, Pe. Vin\u00edcius fala da sauda\u00e7\u00e3o de Francisco ao sult\u00e3o: \"Paz e Bem\" e faz uma refer\u00eancia \u00e0 sauda\u00e7\u00e3o de Padre Eust\u00e1quio: \"Sa\u00fade e Paz\" como lema dos que levam Cristo \u00e0s pessoas.","og_url":"https:\/\/www.padreeustaquio.com.br\/es\/el-vicepostulador-graba-mensaje-para-el-dia-de-san-francisco\/","og_site_name":"Padre Eust\u00e1quio","article_publisher":"https:\/\/www.facebook.com\/beatopadreeustaquio\/","article_published_time":"2023-10-02T09:14:58+00:00","og_image":[{"width":1363,"height":765,"url":"https:\/\/www.padreeustaquio.com.br\/wp-content\/uploads\/2023\/10\/padre-vinicius-em-assis-na-italia-sao-francisco.png","type":"image\/png"}],"author":"@sscc","twitter_card":"summary_large_image","twitter_creator":"@beatopeustaquio","twitter_site":"@beatopeustaquio","twitter_misc":{"Escrito por":"@sscc","Tiempo de lectura":"3 minutos"},"schema":{"@context":"https:\/\/schema.org","@graph":[{"@type":"Article","@id":"https:\/\/www.padreeustaquio.com.br\/vice-postulador-grava-mensagem-para-o-dia-de-sao-francisco\/#article","isPartOf":{"@id":"https:\/\/www.padreeustaquio.com.br\/vice-postulador-grava-mensagem-para-o-dia-de-sao-francisco\/"},"author":{"name":"@sscc","@id":"https:\/\/www.padreeustaquio.com.br\/#\/schema\/person\/a2a51db1d00f1a7af0204a0f1ddb1566"},"headline":"Vice-postulador grava mensagem para o dia de S\u00e3o Francisco","datePublished":"2023-10-02T09:14:58+00:00","mainEntityOfPage":{"@id":"https:\/\/www.padreeustaquio.com.br\/vice-postulador-grava-mensagem-para-o-dia-de-sao-francisco\/"},"wordCount":458,"commentCount":0,"publisher":{"@id":"https:\/\/www.padreeustaquio.com.br\/#organization"},"image":{"@id":"https:\/\/www.padreeustaquio.com.br\/vice-postulador-grava-mensagem-para-o-dia-de-sao-francisco\/#primaryimage"},"thumbnailUrl":"https:\/\/www.padreeustaquio.com.br\/wp-content\/uploads\/2023\/10\/padre-vinicius-em-assis-na-italia-sao-francisco.png","articleSection":["Not\u00edcias"],"inLanguage":"es","potentialAction":[{"@type":"CommentAction","name":"Comment","target":["https:\/\/www.padreeustaquio.com.br\/vice-postulador-grava-mensagem-para-o-dia-de-sao-francisco\/#respond"]}]},{"@type":"WebPage","@id":"https:\/\/www.padreeustaquio.com.br\/vice-postulador-grava-mensagem-para-o-dia-de-sao-francisco\/","url":"https:\/\/www.padreeustaquio.com.br\/vice-postulador-grava-mensagem-para-o-dia-de-sao-francisco\/","name":"El vicepostulador registra el mensaje para el d\u00eda de San Francisco","isPartOf":{"@id":"https:\/\/www.padreeustaquio.com.br\/#website"},"primaryImageOfPage":{"@id":"https:\/\/www.padreeustaquio.com.br\/vice-postulador-grava-mensagem-para-o-dia-de-sao-francisco\/#primaryimage"},"image":{"@id":"https:\/\/www.padreeustaquio.com.br\/vice-postulador-grava-mensagem-para-o-dia-de-sao-francisco\/#primaryimage"},"thumbnailUrl":"https:\/\/www.padreeustaquio.com.br\/wp-content\/uploads\/2023\/10\/padre-vinicius-em-assis-na-italia-sao-francisco.png","datePublished":"2023-10-02T09:14:58+00:00","description":"El vicepostulador de la Causa de Canonizaci\u00f3n del Beato Padre Eustaquio, Padre Vin\u00edcius Maciel, SSCC, grab\u00f3 un mensaje en los jardines de la Iglesia de San Francisco, en As\u00eds, Italia. En el material, el Padre Vin\u00edcius menciona el saludo de Francisco al Sult\u00e1n: \"Paz y Bien\" y hace referencia al saludo del Padre Eustaquio: \"Salud y Paz\", como lema de quienes llevan a Cristo a la gente.","breadcrumb":{"@id":"https:\/\/www.padreeustaquio.com.br\/vice-postulador-grava-mensagem-para-o-dia-de-sao-francisco\/#breadcrumb"},"inLanguage":"es","potentialAction":[{"@type":"ReadAction","target":["https:\/\/www.padreeustaquio.com.br\/vice-postulador-grava-mensagem-para-o-dia-de-sao-francisco\/"]}]},{"@type":"ImageObject","inLanguage":"es","@id":"https:\/\/www.padreeustaquio.com.br\/vice-postulador-grava-mensagem-para-o-dia-de-sao-francisco\/#primaryimage","url":"https:\/\/www.padreeustaquio.com.br\/wp-content\/uploads\/2023\/10\/padre-vinicius-em-assis-na-italia-sao-francisco.png","contentUrl":"https:\/\/www.padreeustaquio.com.br\/wp-content\/uploads\/2023\/10\/padre-vinicius-em-assis-na-italia-sao-francisco.png","width":1363,"height":765},{"@type":"BreadcrumbList","@id":"https:\/\/www.padreeustaquio.com.br\/vice-postulador-grava-mensagem-para-o-dia-de-sao-francisco\/#breadcrumb","itemListElement":[{"@type":"ListItem","position":1,"name":"In\u00edcio","item":"https:\/\/www.padreeustaquio.com.br\/"},{"@type":"ListItem","position":2,"name":"Vice-postulador grava mensagem para o dia de S\u00e3o Francisco"}]},{"@type":"WebSite","@id":"https:\/\/www.padreeustaquio.com.br\/#website","url":"https:\/\/www.padreeustaquio.com.br\/","name":"Padre Eustace","description":"Salud y Paz","publisher":{"@id":"https:\/\/www.padreeustaquio.com.br\/#organization"},"potentialAction":[{"@type":"SearchAction","target":{"@type":"EntryPoint","urlTemplate":"https:\/\/www.padreeustaquio.com.br\/?s={search_term_string}"},"query-input":{"@type":"PropertyValueSpecification","valueRequired":true,"valueName":"search_term_string"}}],"inLanguage":"es"},{"@type":"Organization","@id":"https:\/\/www.padreeustaquio.com.br\/#organization","name":"Padre Eustace","url":"https:\/\/www.padreeustaquio.com.br\/","logo":{"@type":"ImageObject","inLanguage":"es","@id":"https:\/\/www.padreeustaquio.com.br\/#\/schema\/logo\/image\/","url":"https:\/\/www.padreeustaquio.com.br\/wp-content\/uploads\/2019\/08\/marca.png","contentUrl":"https:\/\/www.padreeustaquio.com.br\/wp-content\/uploads\/2019\/08\/marca.png","width":350,"height":400,"caption":"Padre Eust\u00e1quio"},"image":{"@id":"https:\/\/www.padreeustaquio.com.br\/#\/schema\/logo\/image\/"},"sameAs":["https:\/\/www.facebook.com\/beatopadreeustaquio\/","https:\/\/x.com\/beatopeustaquio","https:\/\/www.instagram.com\/beatopadreeustaquio\/","https:\/\/www.youtube.com\/channel\/UCRhw7vfabnajwLxb1ZXMeIw"]},{"@type":"Person","@id":"https:\/\/www.padreeustaquio.com.br\/#\/schema\/person\/a2a51db1d00f1a7af0204a0f1ddb1566","name":"@sscc","image":{"@type":"ImageObject","inLanguage":"es","@id":"https:\/\/secure.gravatar.com\/avatar\/68cfafa5f44617fea54071e215026e0ff06be366c3d54a8425f04fdcb86f8c5f?s=96&d=mm&r=g","url":"https:\/\/secure.gravatar.com\/avatar\/68cfafa5f44617fea54071e215026e0ff06be366c3d54a8425f04fdcb86f8c5f?s=96&d=mm&r=g","contentUrl":"https:\/\/secure.gravatar.com\/avatar\/68cfafa5f44617fea54071e215026e0ff06be366c3d54a8425f04fdcb86f8c5f?s=96&d=mm&r=g","caption":"@sscc"},"url":"https:\/\/www.padreeustaquio.com.br\/es\/author\/sscc\/"}]}},"_links":{"self":[{"href":"https:\/\/www.padreeustaquio.com.br\/es\/wp-json\/wp\/v2\/posts\/10915","targetHints":{"allow":["GET"]}}],"collection":[{"href":"https:\/\/www.padreeustaquio.com.br\/es\/wp-json\/wp\/v2\/posts"}],"about":[{"href":"https:\/\/www.padreeustaquio.com.br\/es\/wp-json\/wp\/v2\/types\/post"}],"author":[{"embeddable":true,"href":"https:\/\/www.padreeustaquio.com.br\/es\/wp-json\/wp\/v2\/users\/2"}],"replies":[{"embeddable":true,"href":"https:\/\/www.padreeustaquio.com.br\/es\/wp-json\/wp\/v2\/comments?post=10915"}],"version-history":[{"count":0,"href":"https:\/\/www.padreeustaquio.com.br\/es\/wp-json\/wp\/v2\/posts\/10915\/revisions"}],"wp:featuredmedia":[{"embeddable":true,"href":"https:\/\/www.padreeustaquio.com.br\/es\/wp-json\/wp\/v2\/media\/10917"}],"wp:attachment":[{"href":"https:\/\/www.padreeustaquio.com.br\/es\/wp-json\/wp\/v2\/media?parent=10915"}],"wp:term":[{"taxonomy":"category","embeddable":true,"href":"https:\/\/www.padreeustaquio.com.br\/es\/wp-json\/wp\/v2\/categories?post=10915"},{"taxonomy":"post_tag","embeddable":true,"href":"https:\/\/www.padreeustaquio.com.br\/es\/wp-json\/wp\/v2\/tags?post=10915"}],"curies":[{"name":"wp","href":"https:\/\/api.w.org\/{rel}","templated":true}]}}