{"id":10908,"date":"2023-09-27T06:54:09","date_gmt":"2023-09-27T09:54:09","guid":{"rendered":"https:\/\/www.padreeustaquio.com.br\/?p=10908"},"modified":"2023-09-26T21:00:00","modified_gmt":"2023-09-27T00:00:00","slug":"participa-en-el-sorteo-entre-amigos-del-ejc-padre-eustaquio","status":"publish","type":"post","link":"https:\/\/www.padreeustaquio.com.br\/es\/participa-en-el-sorteo-entre-amigos-del-ejc-padre-eustaquio\/","title":{"rendered":"Participa en la Acci\u00f3n de Amigos del EJC Padre Eust\u00e1quio"},"content":{"rendered":"<p>El grupo EJC (Encuentro de J\u00f3venes con Cristo) de la Iglesia Padre Eust\u00e1quio est\u00e1 organizando un evento ben\u00e9fico. Todo lo recaudado se destinar\u00e1 al 10.\u00ba EJC Padre Eust\u00e1quio.<\/p>\n<p>La tarifa de entrada es de solo R$5, y con ella, tienes la oportunidad de ganar premios incre\u00edbles:<\/p>\n<p>*Las entradas pares entran en el sorteo de una camiseta autografiada del Atl\u00e9tico Mineiro.<br \/>\n*Las entradas con n\u00famero impar entran en un sorteo de una camiseta autografiada del Cruzeiro.<br \/>\nY para todos los n\u00fameros, existe la posibilidad de ganar una canasta llena de vino y alfajores.<\/p>\n<p>El sorteo se realizar\u00e1 el 30 de octubre. Las entradas se pueden adquirir con los j\u00f3venes despu\u00e9s de las celebraciones del fin de semana o por tel\u00e9fono: (31) 99330-3507 (Izabela) y 99954-6692 (Messias).<\/p>\n<p>Tu participaci\u00f3n no solo te da la oportunidad de ganar, sino que tambi\u00e9n contribuye a acciones y proyectos ben\u00e9ficos que marcan la diferencia en nuestra comunidad. Juntos, podemos hacer el bien y compartir el amor de Dios con todos.<\/p>\n<p>Ponte en contacto con nosotros y reclama tu n\u00famero de la suerte ahora mismo.<br \/>\n\u00a1Buena suerte a todos!<\/p>\n<p>&nbsp;<\/p>","protected":false},"excerpt":{"rendered":"<p>O EJC, Encontro de Jovens com Cristo, da Igreja do Padre Eust\u00e1quio est\u00e1 realizando uma a\u00e7\u00e3o entre amigos. Todo dinheiro arrecadado ser\u00e1 destinado \u00e0 realiza\u00e7\u00e3o do X EJC Padre Eust\u00e1quio. O valor da participa\u00e7\u00e3o \u00e9 de apenas R$5, e com isso, voc\u00ea tem a oportunidade de concorrer a pr\u00eamios incr\u00edveis: * N\u00fameros pares concorrem a uma camisa do Atl\u00e9tico Mineiro, autografada. * N\u00fameros \u00edmpares concorrem a uma camisa do Cruzeiro autografada. * E para todos os n\u00fameros, h\u00e1 a chance de ganhar uma cesta recheada com vinho e alfajores. O sorteio ser\u00e1 realizado dia 30 de outubro. Os ingressos podem [&hellip;]<\/p>\n","protected":false},"author":2,"featured_media":10910,"comment_status":"open","ping_status":"closed","sticky":false,"template":"","format":"standard","meta":{"_acf_changed":false,"footnotes":""},"categories":[611],"tags":[],"class_list":["post-10908","post","type-post","status-publish","format-standard","has-post-thumbnail","hentry","category-noticias"],"acf":[],"yoast_head":"<!-- This site is optimized with the Yoast SEO plugin v27.2 - https:\/\/yoast.com\/product\/yoast-seo-wordpress\/ -->\n<title>Participe da A\u00e7\u00e3o Entre Amigos do EJC Padre Eust\u00e1quio<\/title>\n<meta name=\"description\" content=\"O EJC, Encontro de Jovens com Cristo, da Igreja do Padre Eust\u00e1quio est\u00e1 realizando uma a\u00e7\u00e3o entre amigos. Todo dinheiro arrecadado ser\u00e1 destinado \u00e0 realiza\u00e7\u00e3o do X EJC Padre Eust\u00e1quio.\" \/>\n<meta name=\"robots\" content=\"index, follow, max-snippet:-1, max-image-preview:large, max-video-preview:-1\" \/>\n<link rel=\"canonical\" href=\"https:\/\/www.padreeustaquio.com.br\/es\/participa-en-el-sorteo-entre-amigos-del-ejc-padre-eustaquio\/\" \/>\n<meta property=\"og:locale\" content=\"es_ES\" \/>\n<meta property=\"og:type\" content=\"article\" \/>\n<meta property=\"og:title\" content=\"Participe da A\u00e7\u00e3o Entre Amigos do EJC Padre Eust\u00e1quio\" \/>\n<meta property=\"og:description\" content=\"O EJC, Encontro de Jovens com Cristo, da Igreja do Padre Eust\u00e1quio est\u00e1 realizando uma a\u00e7\u00e3o entre amigos. Todo dinheiro arrecadado ser\u00e1 destinado \u00e0 realiza\u00e7\u00e3o do X EJC Padre Eust\u00e1quio.\" \/>\n<meta property=\"og:url\" content=\"https:\/\/www.padreeustaquio.com.br\/es\/participa-en-el-sorteo-entre-amigos-del-ejc-padre-eustaquio\/\" \/>\n<meta property=\"og:site_name\" content=\"Padre Eust\u00e1quio\" \/>\n<meta property=\"article:publisher\" content=\"https:\/\/www.facebook.com\/beatopadreeustaquio\/\" \/>\n<meta property=\"article:published_time\" content=\"2023-09-27T09:54:09+00:00\" \/>\n<meta property=\"og:image\" content=\"https:\/\/www.padreeustaquio.com.br\/wp-content\/uploads\/2023\/09\/acao-entre-amigos-no-padre-eustaquio.jpeg\" \/>\n\t<meta property=\"og:image:width\" content=\"1600\" \/>\n\t<meta property=\"og:image:height\" content=\"900\" \/>\n\t<meta property=\"og:image:type\" content=\"image\/jpeg\" \/>\n<meta name=\"author\" content=\"@sscc\" \/>\n<meta name=\"twitter:card\" content=\"summary_large_image\" \/>\n<meta name=\"twitter:creator\" content=\"@beatopeustaquio\" \/>\n<meta name=\"twitter:site\" content=\"@beatopeustaquio\" \/>\n<meta name=\"twitter:label1\" content=\"Escrito por\" \/>\n\t<meta name=\"twitter:data1\" content=\"@sscc\" \/>\n\t<meta name=\"twitter:label2\" content=\"Tiempo de lectura\" \/>\n\t<meta name=\"twitter:data2\" content=\"1 minuto\" \/>\n<script type=\"application\/ld+json\" class=\"yoast-schema-graph\">{\"@context\":\"https:\/\/schema.org\",\"@graph\":[{\"@type\":\"Article\",\"@id\":\"https:\/\/www.padreeustaquio.com.br\/participe-da-acao-entre-amigos-do-ejc-padre-eustaquio\/#article\",\"isPartOf\":{\"@id\":\"https:\/\/www.padreeustaquio.com.br\/participe-da-acao-entre-amigos-do-ejc-padre-eustaquio\/\"},\"author\":{\"name\":\"@sscc\",\"@id\":\"https:\/\/www.padreeustaquio.com.br\/#\/schema\/person\/a2a51db1d00f1a7af0204a0f1ddb1566\"},\"headline\":\"Participe da A\u00e7\u00e3o Entre Amigos do EJC Padre Eust\u00e1quio\",\"datePublished\":\"2023-09-27T09:54:09+00:00\",\"mainEntityOfPage\":{\"@id\":\"https:\/\/www.padreeustaquio.com.br\/participe-da-acao-entre-amigos-do-ejc-padre-eustaquio\/\"},\"wordCount\":198,\"commentCount\":0,\"publisher\":{\"@id\":\"https:\/\/www.padreeustaquio.com.br\/#organization\"},\"image\":{\"@id\":\"https:\/\/www.padreeustaquio.com.br\/participe-da-acao-entre-amigos-do-ejc-padre-eustaquio\/#primaryimage\"},\"thumbnailUrl\":\"https:\/\/www.padreeustaquio.com.br\/wp-content\/uploads\/2023\/09\/acao-entre-amigos-no-padre-eustaquio.jpeg\",\"articleSection\":[\"Not\u00edcias\"],\"inLanguage\":\"es\",\"potentialAction\":[{\"@type\":\"CommentAction\",\"name\":\"Comment\",\"target\":[\"https:\/\/www.padreeustaquio.com.br\/participe-da-acao-entre-amigos-do-ejc-padre-eustaquio\/#respond\"]}]},{\"@type\":\"WebPage\",\"@id\":\"https:\/\/www.padreeustaquio.com.br\/participe-da-acao-entre-amigos-do-ejc-padre-eustaquio\/\",\"url\":\"https:\/\/www.padreeustaquio.com.br\/participe-da-acao-entre-amigos-do-ejc-padre-eustaquio\/\",\"name\":\"Participe da A\u00e7\u00e3o Entre Amigos do EJC Padre Eust\u00e1quio\",\"isPartOf\":{\"@id\":\"https:\/\/www.padreeustaquio.com.br\/#website\"},\"primaryImageOfPage\":{\"@id\":\"https:\/\/www.padreeustaquio.com.br\/participe-da-acao-entre-amigos-do-ejc-padre-eustaquio\/#primaryimage\"},\"image\":{\"@id\":\"https:\/\/www.padreeustaquio.com.br\/participe-da-acao-entre-amigos-do-ejc-padre-eustaquio\/#primaryimage\"},\"thumbnailUrl\":\"https:\/\/www.padreeustaquio.com.br\/wp-content\/uploads\/2023\/09\/acao-entre-amigos-no-padre-eustaquio.jpeg\",\"datePublished\":\"2023-09-27T09:54:09+00:00\",\"description\":\"O EJC, Encontro de Jovens com Cristo, da Igreja do Padre Eust\u00e1quio est\u00e1 realizando uma a\u00e7\u00e3o entre amigos. Todo dinheiro arrecadado ser\u00e1 destinado \u00e0 realiza\u00e7\u00e3o do X EJC Padre Eust\u00e1quio.\",\"breadcrumb\":{\"@id\":\"https:\/\/www.padreeustaquio.com.br\/participe-da-acao-entre-amigos-do-ejc-padre-eustaquio\/#breadcrumb\"},\"inLanguage\":\"es\",\"potentialAction\":[{\"@type\":\"ReadAction\",\"target\":[\"https:\/\/www.padreeustaquio.com.br\/participe-da-acao-entre-amigos-do-ejc-padre-eustaquio\/\"]}]},{\"@type\":\"ImageObject\",\"inLanguage\":\"es\",\"@id\":\"https:\/\/www.padreeustaquio.com.br\/participe-da-acao-entre-amigos-do-ejc-padre-eustaquio\/#primaryimage\",\"url\":\"https:\/\/www.padreeustaquio.com.br\/wp-content\/uploads\/2023\/09\/acao-entre-amigos-no-padre-eustaquio.jpeg\",\"contentUrl\":\"https:\/\/www.padreeustaquio.com.br\/wp-content\/uploads\/2023\/09\/acao-entre-amigos-no-padre-eustaquio.jpeg\",\"width\":1600,\"height\":900},{\"@type\":\"BreadcrumbList\",\"@id\":\"https:\/\/www.padreeustaquio.com.br\/participe-da-acao-entre-amigos-do-ejc-padre-eustaquio\/#breadcrumb\",\"itemListElement\":[{\"@type\":\"ListItem\",\"position\":1,\"name\":\"In\u00edcio\",\"item\":\"https:\/\/www.padreeustaquio.com.br\/\"},{\"@type\":\"ListItem\",\"position\":2,\"name\":\"Participe da A\u00e7\u00e3o Entre Amigos do EJC Padre Eust\u00e1quio\"}]},{\"@type\":\"WebSite\",\"@id\":\"https:\/\/www.padreeustaquio.com.br\/#website\",\"url\":\"https:\/\/www.padreeustaquio.com.br\/\",\"name\":\"Padre Eust\u00e1quio\",\"description\":\"Sa\u00fade e Paz\",\"publisher\":{\"@id\":\"https:\/\/www.padreeustaquio.com.br\/#organization\"},\"potentialAction\":[{\"@type\":\"SearchAction\",\"target\":{\"@type\":\"EntryPoint\",\"urlTemplate\":\"https:\/\/www.padreeustaquio.com.br\/?s={search_term_string}\"},\"query-input\":{\"@type\":\"PropertyValueSpecification\",\"valueRequired\":true,\"valueName\":\"search_term_string\"}}],\"inLanguage\":\"es\"},{\"@type\":\"Organization\",\"@id\":\"https:\/\/www.padreeustaquio.com.br\/#organization\",\"name\":\"Padre Eust\u00e1quio\",\"url\":\"https:\/\/www.padreeustaquio.com.br\/\",\"logo\":{\"@type\":\"ImageObject\",\"inLanguage\":\"es\",\"@id\":\"https:\/\/www.padreeustaquio.com.br\/#\/schema\/logo\/image\/\",\"url\":\"https:\/\/www.padreeustaquio.com.br\/wp-content\/uploads\/2019\/08\/marca.png\",\"contentUrl\":\"https:\/\/www.padreeustaquio.com.br\/wp-content\/uploads\/2019\/08\/marca.png\",\"width\":350,\"height\":400,\"caption\":\"Padre Eust\u00e1quio\"},\"image\":{\"@id\":\"https:\/\/www.padreeustaquio.com.br\/#\/schema\/logo\/image\/\"},\"sameAs\":[\"https:\/\/www.facebook.com\/beatopadreeustaquio\/\",\"https:\/\/x.com\/beatopeustaquio\",\"https:\/\/www.instagram.com\/beatopadreeustaquio\/\",\"https:\/\/www.youtube.com\/channel\/UCRhw7vfabnajwLxb1ZXMeIw\"]},{\"@type\":\"Person\",\"@id\":\"https:\/\/www.padreeustaquio.com.br\/#\/schema\/person\/a2a51db1d00f1a7af0204a0f1ddb1566\",\"name\":\"@sscc\",\"image\":{\"@type\":\"ImageObject\",\"inLanguage\":\"es\",\"@id\":\"https:\/\/secure.gravatar.com\/avatar\/68cfafa5f44617fea54071e215026e0ff06be366c3d54a8425f04fdcb86f8c5f?s=96&d=mm&r=g\",\"url\":\"https:\/\/secure.gravatar.com\/avatar\/68cfafa5f44617fea54071e215026e0ff06be366c3d54a8425f04fdcb86f8c5f?s=96&d=mm&r=g\",\"contentUrl\":\"https:\/\/secure.gravatar.com\/avatar\/68cfafa5f44617fea54071e215026e0ff06be366c3d54a8425f04fdcb86f8c5f?s=96&d=mm&r=g\",\"caption\":\"@sscc\"},\"url\":\"https:\/\/www.padreeustaquio.com.br\/es\/author\/sscc\/\"}]}<\/script>\n<!-- \/ Yoast SEO plugin. -->","yoast_head_json":{"title":"Participa en la Acci\u00f3n de Amigos del EJC Padre Eust\u00e1quio","description":"El grupo EJC (Encuentro de J\u00f3venes con Cristo) de la Iglesia Padre Eust\u00e1quio est\u00e1 organizando un evento ben\u00e9fico. Todo lo recaudado se destinar\u00e1 al 10.\u00ba EJC Padre Eust\u00e1quio.","robots":{"index":"index","follow":"follow","max-snippet":"max-snippet:-1","max-image-preview":"max-image-preview:large","max-video-preview":"max-video-preview:-1"},"canonical":"https:\/\/www.padreeustaquio.com.br\/es\/participa-en-el-sorteo-entre-amigos-del-ejc-padre-eustaquio\/","og_locale":"es_ES","og_type":"article","og_title":"Participe da A\u00e7\u00e3o Entre Amigos do EJC Padre Eust\u00e1quio","og_description":"O EJC, Encontro de Jovens com Cristo, da Igreja do Padre Eust\u00e1quio est\u00e1 realizando uma a\u00e7\u00e3o entre amigos. Todo dinheiro arrecadado ser\u00e1 destinado \u00e0 realiza\u00e7\u00e3o do X EJC Padre Eust\u00e1quio.","og_url":"https:\/\/www.padreeustaquio.com.br\/es\/participa-en-el-sorteo-entre-amigos-del-ejc-padre-eustaquio\/","og_site_name":"Padre Eust\u00e1quio","article_publisher":"https:\/\/www.facebook.com\/beatopadreeustaquio\/","article_published_time":"2023-09-27T09:54:09+00:00","og_image":[{"width":1600,"height":900,"url":"https:\/\/www.padreeustaquio.com.br\/wp-content\/uploads\/2023\/09\/acao-entre-amigos-no-padre-eustaquio.jpeg","type":"image\/jpeg"}],"author":"@sscc","twitter_card":"summary_large_image","twitter_creator":"@beatopeustaquio","twitter_site":"@beatopeustaquio","twitter_misc":{"Escrito por":"@sscc","Tiempo de lectura":"1 minuto"},"schema":{"@context":"https:\/\/schema.org","@graph":[{"@type":"Article","@id":"https:\/\/www.padreeustaquio.com.br\/participe-da-acao-entre-amigos-do-ejc-padre-eustaquio\/#article","isPartOf":{"@id":"https:\/\/www.padreeustaquio.com.br\/participe-da-acao-entre-amigos-do-ejc-padre-eustaquio\/"},"author":{"name":"@sscc","@id":"https:\/\/www.padreeustaquio.com.br\/#\/schema\/person\/a2a51db1d00f1a7af0204a0f1ddb1566"},"headline":"Participe da A\u00e7\u00e3o Entre Amigos do EJC Padre Eust\u00e1quio","datePublished":"2023-09-27T09:54:09+00:00","mainEntityOfPage":{"@id":"https:\/\/www.padreeustaquio.com.br\/participe-da-acao-entre-amigos-do-ejc-padre-eustaquio\/"},"wordCount":198,"commentCount":0,"publisher":{"@id":"https:\/\/www.padreeustaquio.com.br\/#organization"},"image":{"@id":"https:\/\/www.padreeustaquio.com.br\/participe-da-acao-entre-amigos-do-ejc-padre-eustaquio\/#primaryimage"},"thumbnailUrl":"https:\/\/www.padreeustaquio.com.br\/wp-content\/uploads\/2023\/09\/acao-entre-amigos-no-padre-eustaquio.jpeg","articleSection":["Not\u00edcias"],"inLanguage":"es","potentialAction":[{"@type":"CommentAction","name":"Comment","target":["https:\/\/www.padreeustaquio.com.br\/participe-da-acao-entre-amigos-do-ejc-padre-eustaquio\/#respond"]}]},{"@type":"WebPage","@id":"https:\/\/www.padreeustaquio.com.br\/participe-da-acao-entre-amigos-do-ejc-padre-eustaquio\/","url":"https:\/\/www.padreeustaquio.com.br\/participe-da-acao-entre-amigos-do-ejc-padre-eustaquio\/","name":"Participa en la Acci\u00f3n de Amigos del EJC Padre Eust\u00e1quio","isPartOf":{"@id":"https:\/\/www.padreeustaquio.com.br\/#website"},"primaryImageOfPage":{"@id":"https:\/\/www.padreeustaquio.com.br\/participe-da-acao-entre-amigos-do-ejc-padre-eustaquio\/#primaryimage"},"image":{"@id":"https:\/\/www.padreeustaquio.com.br\/participe-da-acao-entre-amigos-do-ejc-padre-eustaquio\/#primaryimage"},"thumbnailUrl":"https:\/\/www.padreeustaquio.com.br\/wp-content\/uploads\/2023\/09\/acao-entre-amigos-no-padre-eustaquio.jpeg","datePublished":"2023-09-27T09:54:09+00:00","description":"El grupo EJC (Encuentro de J\u00f3venes con Cristo) de la Iglesia Padre Eust\u00e1quio est\u00e1 organizando un evento ben\u00e9fico. Todo lo recaudado se destinar\u00e1 al 10.\u00ba EJC Padre Eust\u00e1quio.","breadcrumb":{"@id":"https:\/\/www.padreeustaquio.com.br\/participe-da-acao-entre-amigos-do-ejc-padre-eustaquio\/#breadcrumb"},"inLanguage":"es","potentialAction":[{"@type":"ReadAction","target":["https:\/\/www.padreeustaquio.com.br\/participe-da-acao-entre-amigos-do-ejc-padre-eustaquio\/"]}]},{"@type":"ImageObject","inLanguage":"es","@id":"https:\/\/www.padreeustaquio.com.br\/participe-da-acao-entre-amigos-do-ejc-padre-eustaquio\/#primaryimage","url":"https:\/\/www.padreeustaquio.com.br\/wp-content\/uploads\/2023\/09\/acao-entre-amigos-no-padre-eustaquio.jpeg","contentUrl":"https:\/\/www.padreeustaquio.com.br\/wp-content\/uploads\/2023\/09\/acao-entre-amigos-no-padre-eustaquio.jpeg","width":1600,"height":900},{"@type":"BreadcrumbList","@id":"https:\/\/www.padreeustaquio.com.br\/participe-da-acao-entre-amigos-do-ejc-padre-eustaquio\/#breadcrumb","itemListElement":[{"@type":"ListItem","position":1,"name":"In\u00edcio","item":"https:\/\/www.padreeustaquio.com.br\/"},{"@type":"ListItem","position":2,"name":"Participe da A\u00e7\u00e3o Entre Amigos do EJC Padre Eust\u00e1quio"}]},{"@type":"WebSite","@id":"https:\/\/www.padreeustaquio.com.br\/#website","url":"https:\/\/www.padreeustaquio.com.br\/","name":"Padre Eustace","description":"Salud y Paz","publisher":{"@id":"https:\/\/www.padreeustaquio.com.br\/#organization"},"potentialAction":[{"@type":"SearchAction","target":{"@type":"EntryPoint","urlTemplate":"https:\/\/www.padreeustaquio.com.br\/?s={search_term_string}"},"query-input":{"@type":"PropertyValueSpecification","valueRequired":true,"valueName":"search_term_string"}}],"inLanguage":"es"},{"@type":"Organization","@id":"https:\/\/www.padreeustaquio.com.br\/#organization","name":"Padre Eustace","url":"https:\/\/www.padreeustaquio.com.br\/","logo":{"@type":"ImageObject","inLanguage":"es","@id":"https:\/\/www.padreeustaquio.com.br\/#\/schema\/logo\/image\/","url":"https:\/\/www.padreeustaquio.com.br\/wp-content\/uploads\/2019\/08\/marca.png","contentUrl":"https:\/\/www.padreeustaquio.com.br\/wp-content\/uploads\/2019\/08\/marca.png","width":350,"height":400,"caption":"Padre Eust\u00e1quio"},"image":{"@id":"https:\/\/www.padreeustaquio.com.br\/#\/schema\/logo\/image\/"},"sameAs":["https:\/\/www.facebook.com\/beatopadreeustaquio\/","https:\/\/x.com\/beatopeustaquio","https:\/\/www.instagram.com\/beatopadreeustaquio\/","https:\/\/www.youtube.com\/channel\/UCRhw7vfabnajwLxb1ZXMeIw"]},{"@type":"Person","@id":"https:\/\/www.padreeustaquio.com.br\/#\/schema\/person\/a2a51db1d00f1a7af0204a0f1ddb1566","name":"@sscc","image":{"@type":"ImageObject","inLanguage":"es","@id":"https:\/\/secure.gravatar.com\/avatar\/68cfafa5f44617fea54071e215026e0ff06be366c3d54a8425f04fdcb86f8c5f?s=96&d=mm&r=g","url":"https:\/\/secure.gravatar.com\/avatar\/68cfafa5f44617fea54071e215026e0ff06be366c3d54a8425f04fdcb86f8c5f?s=96&d=mm&r=g","contentUrl":"https:\/\/secure.gravatar.com\/avatar\/68cfafa5f44617fea54071e215026e0ff06be366c3d54a8425f04fdcb86f8c5f?s=96&d=mm&r=g","caption":"@sscc"},"url":"https:\/\/www.padreeustaquio.com.br\/es\/author\/sscc\/"}]}},"_links":{"self":[{"href":"https:\/\/www.padreeustaquio.com.br\/es\/wp-json\/wp\/v2\/posts\/10908","targetHints":{"allow":["GET"]}}],"collection":[{"href":"https:\/\/www.padreeustaquio.com.br\/es\/wp-json\/wp\/v2\/posts"}],"about":[{"href":"https:\/\/www.padreeustaquio.com.br\/es\/wp-json\/wp\/v2\/types\/post"}],"author":[{"embeddable":true,"href":"https:\/\/www.padreeustaquio.com.br\/es\/wp-json\/wp\/v2\/users\/2"}],"replies":[{"embeddable":true,"href":"https:\/\/www.padreeustaquio.com.br\/es\/wp-json\/wp\/v2\/comments?post=10908"}],"version-history":[{"count":0,"href":"https:\/\/www.padreeustaquio.com.br\/es\/wp-json\/wp\/v2\/posts\/10908\/revisions"}],"wp:featuredmedia":[{"embeddable":true,"href":"https:\/\/www.padreeustaquio.com.br\/es\/wp-json\/wp\/v2\/media\/10910"}],"wp:attachment":[{"href":"https:\/\/www.padreeustaquio.com.br\/es\/wp-json\/wp\/v2\/media?parent=10908"}],"wp:term":[{"taxonomy":"category","embeddable":true,"href":"https:\/\/www.padreeustaquio.com.br\/es\/wp-json\/wp\/v2\/categories?post=10908"},{"taxonomy":"post_tag","embeddable":true,"href":"https:\/\/www.padreeustaquio.com.br\/es\/wp-json\/wp\/v2\/tags?post=10908"}],"curies":[{"name":"wp","href":"https:\/\/api.w.org\/{rel}","templated":true}]}}