{"id":10901,"date":"2023-09-25T06:44:21","date_gmt":"2023-09-25T09:44:21","guid":{"rendered":"https:\/\/www.padreeustaquio.com.br\/?p=10901"},"modified":"2023-09-25T08:54:27","modified_gmt":"2023-09-25T11:54:27","slug":"cerca-de-200-jovenes-se-inscriben-para-participar-en-la-x-ejc-padre-eustaquio","status":"publish","type":"post","link":"https:\/\/www.padreeustaquio.com.br\/es\/cerca-de-200-jovenes-se-inscriben-para-participar-en-la-x-ejc-padre-eustaquio\/","title":{"rendered":"Cerca de 200 j\u00f3venes se inscriben para participar en la X EJC Padre Eust\u00e1quio."},"content":{"rendered":"<p>En la ma\u00f1ana del domingo 24 de septiembre, se form\u00f3 una larga fila a la entrada del Santuario Arquidiocesano de Salud y Paz en Belo Horizonte. Unos 180 j\u00f3venes esperaban su turno para inscribirse en el Encuentro Juvenil con Cristo, que se celebra en noviembre en la Iglesia del Beato Padre Eust\u00e1quio.<\/p>\n<p>Seg\u00fan los organizadores, algunos j\u00f3venes llegaron al amanecer para reservar un lugar en el Encuentro. Los informes indican que los primeros en la fila llegaron alrededor de las 4:30 a. m. para intentar conseguir un lugar en la siguiente reuni\u00f3n. Para el mediod\u00eda, los j\u00f3venes que trabajan en la Parroquia ya los hab\u00edan inscrito a todos, pero el n\u00famero de plazas disponibles seguramente no ser\u00e1 suficiente para acomodar a todos en la pr\u00f3xima reuni\u00f3n.<\/p>\n<p>El primer grupo participar\u00e1 en la EJC de este a\u00f1o, y los dem\u00e1s tendr\u00e1n sus nombres registrados para ser convocados en la pr\u00f3xima reuni\u00f3n, que deber\u00eda tener lugar en 2024.<\/p>\n<p><strong>EJC Padre Eustaquio<br \/>\n<\/strong>El X Encuentro Juvenil con Cristo se llevar\u00e1 a cabo los d\u00edas 17, 18 y 19 de noviembre en los salones del Santuario de la Salud y la Paz, Iglesia del Beato Padre Eustaquio. Este es un evento muy esperado por todos los j\u00f3venes que desean fortalecer su fe y conectar con Cristo. Este a\u00f1o, el tema del encuentro ser\u00e1 &quot;\u00c9l es quien te llama por tu nombre&quot; y se espera que re\u00fana a aproximadamente 70 j\u00f3venes.<\/p>","protected":false},"excerpt":{"rendered":"<p>Na manh\u00e3 desse domingo, 24 de setembro, uma grande fila se formou na entrada do Santu\u00e1rio Arquidiocesano da Sa\u00fade e da Paz, em Belo Horizonte. Cerca de 180 jovens aguardavam a vez para se inscrever no Encontro de Jovens com Cristo, que ocorre no m\u00eas de novembro, na Igreja do Beato Padre Eust\u00e1quio. De acordo com os organizadores, alguns jovens amanheceram no local para n\u00e3o perder a vaga no Encontro. Segundo relatos, os primeiros da fila chegaram por volta das 4h30 da manh\u00e3 para conseguir vaga no pr\u00f3ximo encontro. At\u00e9 o meio dia, os jovens que trabalham na Par\u00f3quia fizeram [&hellip;]<\/p>\n","protected":false},"author":2,"featured_media":10902,"comment_status":"open","ping_status":"closed","sticky":false,"template":"","format":"standard","meta":{"_acf_changed":false,"footnotes":""},"categories":[611],"tags":[],"class_list":["post-10901","post","type-post","status-publish","format-standard","has-post-thumbnail","hentry","category-noticias"],"acf":[],"yoast_head":"<!-- This site is optimized with the Yoast SEO plugin v27.2 - https:\/\/yoast.com\/product\/yoast-seo-wordpress\/ -->\n<title>Quase 200 jovens se inscrevem para participar do 10\u00ba EJC Padre Eust\u00e1quio<\/title>\n<meta name=\"description\" content=\"Na manh\u00e3 desse domingo, 24 de setembro, uma grande fila se formou na entrada do Santu\u00e1rio Arquidiocesano da Sa\u00fade e da Paz, em Belo Horizonte. Cerca de 180 jovens aguardavam a vez para se inscrever no Encontro de Jovens com Cristo, que ocorre no m\u00eas de novembro, na Igreja do Beato Padre Eust\u00e1quio.\" \/>\n<meta name=\"robots\" content=\"index, follow, max-snippet:-1, max-image-preview:large, max-video-preview:-1\" \/>\n<link rel=\"canonical\" href=\"https:\/\/www.padreeustaquio.com.br\/es\/cerca-de-200-jovenes-se-inscriben-para-participar-en-la-x-ejc-padre-eustaquio\/\" \/>\n<meta property=\"og:locale\" content=\"es_ES\" \/>\n<meta property=\"og:type\" content=\"article\" \/>\n<meta property=\"og:title\" content=\"Quase 200 jovens se inscrevem para participar do 10\u00ba EJC Padre Eust\u00e1quio\" \/>\n<meta property=\"og:description\" content=\"Na manh\u00e3 desse domingo, 24 de setembro, uma grande fila se formou na entrada do Santu\u00e1rio Arquidiocesano da Sa\u00fade e da Paz, em Belo Horizonte. Cerca de 180 jovens aguardavam a vez para se inscrever no Encontro de Jovens com Cristo, que ocorre no m\u00eas de novembro, na Igreja do Beato Padre Eust\u00e1quio.\" \/>\n<meta property=\"og:url\" content=\"https:\/\/www.padreeustaquio.com.br\/es\/cerca-de-200-jovenes-se-inscriben-para-participar-en-la-x-ejc-padre-eustaquio\/\" \/>\n<meta property=\"og:site_name\" content=\"Padre Eust\u00e1quio\" \/>\n<meta property=\"article:publisher\" content=\"https:\/\/www.facebook.com\/beatopadreeustaquio\/\" \/>\n<meta property=\"article:published_time\" content=\"2023-09-25T09:44:21+00:00\" \/>\n<meta property=\"article:modified_time\" content=\"2023-09-25T11:54:27+00:00\" \/>\n<meta property=\"og:image\" content=\"https:\/\/www.padreeustaquio.com.br\/wp-content\/uploads\/2023\/09\/inscricoes-EJC-2023.jpeg\" \/>\n\t<meta property=\"og:image:width\" content=\"1600\" \/>\n\t<meta property=\"og:image:height\" content=\"1200\" \/>\n\t<meta property=\"og:image:type\" content=\"image\/jpeg\" \/>\n<meta name=\"author\" content=\"@sscc\" \/>\n<meta name=\"twitter:card\" content=\"summary_large_image\" \/>\n<meta name=\"twitter:creator\" content=\"@beatopeustaquio\" \/>\n<meta name=\"twitter:site\" content=\"@beatopeustaquio\" \/>\n<meta name=\"twitter:label1\" content=\"Escrito por\" \/>\n\t<meta name=\"twitter:data1\" content=\"@sscc\" \/>\n\t<meta name=\"twitter:label2\" content=\"Tiempo de lectura\" \/>\n\t<meta name=\"twitter:data2\" content=\"2 minutos\" \/>\n<script type=\"application\/ld+json\" class=\"yoast-schema-graph\">{\"@context\":\"https:\/\/schema.org\",\"@graph\":[{\"@type\":\"Article\",\"@id\":\"https:\/\/www.padreeustaquio.com.br\/quase-200-jovens-se-inscrevem-para-participar-do-10o-ejc-padre-eustaquio\/#article\",\"isPartOf\":{\"@id\":\"https:\/\/www.padreeustaquio.com.br\/quase-200-jovens-se-inscrevem-para-participar-do-10o-ejc-padre-eustaquio\/\"},\"author\":{\"name\":\"@sscc\",\"@id\":\"https:\/\/www.padreeustaquio.com.br\/#\/schema\/person\/a2a51db1d00f1a7af0204a0f1ddb1566\"},\"headline\":\"Quase 200 jovens se inscrevem para participar do 10\u00ba EJC Padre Eust\u00e1quio\",\"datePublished\":\"2023-09-25T09:44:21+00:00\",\"dateModified\":\"2023-09-25T11:54:27+00:00\",\"mainEntityOfPage\":{\"@id\":\"https:\/\/www.padreeustaquio.com.br\/quase-200-jovens-se-inscrevem-para-participar-do-10o-ejc-padre-eustaquio\/\"},\"wordCount\":242,\"commentCount\":0,\"publisher\":{\"@id\":\"https:\/\/www.padreeustaquio.com.br\/#organization\"},\"image\":{\"@id\":\"https:\/\/www.padreeustaquio.com.br\/quase-200-jovens-se-inscrevem-para-participar-do-10o-ejc-padre-eustaquio\/#primaryimage\"},\"thumbnailUrl\":\"https:\/\/www.padreeustaquio.com.br\/wp-content\/uploads\/2023\/09\/inscricoes-EJC-2023.jpeg\",\"articleSection\":[\"Not\u00edcias\"],\"inLanguage\":\"es\",\"potentialAction\":[{\"@type\":\"CommentAction\",\"name\":\"Comment\",\"target\":[\"https:\/\/www.padreeustaquio.com.br\/quase-200-jovens-se-inscrevem-para-participar-do-10o-ejc-padre-eustaquio\/#respond\"]}]},{\"@type\":\"WebPage\",\"@id\":\"https:\/\/www.padreeustaquio.com.br\/quase-200-jovens-se-inscrevem-para-participar-do-10o-ejc-padre-eustaquio\/\",\"url\":\"https:\/\/www.padreeustaquio.com.br\/quase-200-jovens-se-inscrevem-para-participar-do-10o-ejc-padre-eustaquio\/\",\"name\":\"Quase 200 jovens se inscrevem para participar do 10\u00ba EJC Padre Eust\u00e1quio\",\"isPartOf\":{\"@id\":\"https:\/\/www.padreeustaquio.com.br\/#website\"},\"primaryImageOfPage\":{\"@id\":\"https:\/\/www.padreeustaquio.com.br\/quase-200-jovens-se-inscrevem-para-participar-do-10o-ejc-padre-eustaquio\/#primaryimage\"},\"image\":{\"@id\":\"https:\/\/www.padreeustaquio.com.br\/quase-200-jovens-se-inscrevem-para-participar-do-10o-ejc-padre-eustaquio\/#primaryimage\"},\"thumbnailUrl\":\"https:\/\/www.padreeustaquio.com.br\/wp-content\/uploads\/2023\/09\/inscricoes-EJC-2023.jpeg\",\"datePublished\":\"2023-09-25T09:44:21+00:00\",\"dateModified\":\"2023-09-25T11:54:27+00:00\",\"description\":\"Na manh\u00e3 desse domingo, 24 de setembro, uma grande fila se formou na entrada do Santu\u00e1rio Arquidiocesano da Sa\u00fade e da Paz, em Belo Horizonte. Cerca de 180 jovens aguardavam a vez para se inscrever no Encontro de Jovens com Cristo, que ocorre no m\u00eas de novembro, na Igreja do Beato Padre Eust\u00e1quio.\",\"breadcrumb\":{\"@id\":\"https:\/\/www.padreeustaquio.com.br\/quase-200-jovens-se-inscrevem-para-participar-do-10o-ejc-padre-eustaquio\/#breadcrumb\"},\"inLanguage\":\"es\",\"potentialAction\":[{\"@type\":\"ReadAction\",\"target\":[\"https:\/\/www.padreeustaquio.com.br\/quase-200-jovens-se-inscrevem-para-participar-do-10o-ejc-padre-eustaquio\/\"]}]},{\"@type\":\"ImageObject\",\"inLanguage\":\"es\",\"@id\":\"https:\/\/www.padreeustaquio.com.br\/quase-200-jovens-se-inscrevem-para-participar-do-10o-ejc-padre-eustaquio\/#primaryimage\",\"url\":\"https:\/\/www.padreeustaquio.com.br\/wp-content\/uploads\/2023\/09\/inscricoes-EJC-2023.jpeg\",\"contentUrl\":\"https:\/\/www.padreeustaquio.com.br\/wp-content\/uploads\/2023\/09\/inscricoes-EJC-2023.jpeg\",\"width\":1600,\"height\":1200},{\"@type\":\"BreadcrumbList\",\"@id\":\"https:\/\/www.padreeustaquio.com.br\/quase-200-jovens-se-inscrevem-para-participar-do-10o-ejc-padre-eustaquio\/#breadcrumb\",\"itemListElement\":[{\"@type\":\"ListItem\",\"position\":1,\"name\":\"In\u00edcio\",\"item\":\"https:\/\/www.padreeustaquio.com.br\/\"},{\"@type\":\"ListItem\",\"position\":2,\"name\":\"Quase 200 jovens se inscrevem para participar do 10\u00ba EJC Padre Eust\u00e1quio\"}]},{\"@type\":\"WebSite\",\"@id\":\"https:\/\/www.padreeustaquio.com.br\/#website\",\"url\":\"https:\/\/www.padreeustaquio.com.br\/\",\"name\":\"Padre Eust\u00e1quio\",\"description\":\"Sa\u00fade e Paz\",\"publisher\":{\"@id\":\"https:\/\/www.padreeustaquio.com.br\/#organization\"},\"potentialAction\":[{\"@type\":\"SearchAction\",\"target\":{\"@type\":\"EntryPoint\",\"urlTemplate\":\"https:\/\/www.padreeustaquio.com.br\/?s={search_term_string}\"},\"query-input\":{\"@type\":\"PropertyValueSpecification\",\"valueRequired\":true,\"valueName\":\"search_term_string\"}}],\"inLanguage\":\"es\"},{\"@type\":\"Organization\",\"@id\":\"https:\/\/www.padreeustaquio.com.br\/#organization\",\"name\":\"Padre Eust\u00e1quio\",\"url\":\"https:\/\/www.padreeustaquio.com.br\/\",\"logo\":{\"@type\":\"ImageObject\",\"inLanguage\":\"es\",\"@id\":\"https:\/\/www.padreeustaquio.com.br\/#\/schema\/logo\/image\/\",\"url\":\"https:\/\/www.padreeustaquio.com.br\/wp-content\/uploads\/2019\/08\/marca.png\",\"contentUrl\":\"https:\/\/www.padreeustaquio.com.br\/wp-content\/uploads\/2019\/08\/marca.png\",\"width\":350,\"height\":400,\"caption\":\"Padre Eust\u00e1quio\"},\"image\":{\"@id\":\"https:\/\/www.padreeustaquio.com.br\/#\/schema\/logo\/image\/\"},\"sameAs\":[\"https:\/\/www.facebook.com\/beatopadreeustaquio\/\",\"https:\/\/x.com\/beatopeustaquio\",\"https:\/\/www.instagram.com\/beatopadreeustaquio\/\",\"https:\/\/www.youtube.com\/channel\/UCRhw7vfabnajwLxb1ZXMeIw\"]},{\"@type\":\"Person\",\"@id\":\"https:\/\/www.padreeustaquio.com.br\/#\/schema\/person\/a2a51db1d00f1a7af0204a0f1ddb1566\",\"name\":\"@sscc\",\"image\":{\"@type\":\"ImageObject\",\"inLanguage\":\"es\",\"@id\":\"https:\/\/secure.gravatar.com\/avatar\/68cfafa5f44617fea54071e215026e0ff06be366c3d54a8425f04fdcb86f8c5f?s=96&d=mm&r=g\",\"url\":\"https:\/\/secure.gravatar.com\/avatar\/68cfafa5f44617fea54071e215026e0ff06be366c3d54a8425f04fdcb86f8c5f?s=96&d=mm&r=g\",\"contentUrl\":\"https:\/\/secure.gravatar.com\/avatar\/68cfafa5f44617fea54071e215026e0ff06be366c3d54a8425f04fdcb86f8c5f?s=96&d=mm&r=g\",\"caption\":\"@sscc\"},\"url\":\"https:\/\/www.padreeustaquio.com.br\/es\/author\/sscc\/\"}]}<\/script>\n<!-- \/ Yoast SEO plugin. -->","yoast_head_json":{"title":"Cerca de 200 j\u00f3venes se inscriben para participar en la X EJC Padre Eust\u00e1quio.","description":"En la ma\u00f1ana del domingo 24 de septiembre, se form\u00f3 una larga fila a la entrada del Santuario Arquidiocesano de Salud y Paz en Belo Horizonte. Unos 180 j\u00f3venes esperaban su turno para inscribirse en el Encuentro Juvenil con Cristo, que se celebra en noviembre en la Iglesia del Beato Padre Eust\u00e1quio.","robots":{"index":"index","follow":"follow","max-snippet":"max-snippet:-1","max-image-preview":"max-image-preview:large","max-video-preview":"max-video-preview:-1"},"canonical":"https:\/\/www.padreeustaquio.com.br\/es\/cerca-de-200-jovenes-se-inscriben-para-participar-en-la-x-ejc-padre-eustaquio\/","og_locale":"es_ES","og_type":"article","og_title":"Quase 200 jovens se inscrevem para participar do 10\u00ba EJC Padre Eust\u00e1quio","og_description":"Na manh\u00e3 desse domingo, 24 de setembro, uma grande fila se formou na entrada do Santu\u00e1rio Arquidiocesano da Sa\u00fade e da Paz, em Belo Horizonte. Cerca de 180 jovens aguardavam a vez para se inscrever no Encontro de Jovens com Cristo, que ocorre no m\u00eas de novembro, na Igreja do Beato Padre Eust\u00e1quio.","og_url":"https:\/\/www.padreeustaquio.com.br\/es\/cerca-de-200-jovenes-se-inscriben-para-participar-en-la-x-ejc-padre-eustaquio\/","og_site_name":"Padre Eust\u00e1quio","article_publisher":"https:\/\/www.facebook.com\/beatopadreeustaquio\/","article_published_time":"2023-09-25T09:44:21+00:00","article_modified_time":"2023-09-25T11:54:27+00:00","og_image":[{"width":1600,"height":1200,"url":"https:\/\/www.padreeustaquio.com.br\/wp-content\/uploads\/2023\/09\/inscricoes-EJC-2023.jpeg","type":"image\/jpeg"}],"author":"@sscc","twitter_card":"summary_large_image","twitter_creator":"@beatopeustaquio","twitter_site":"@beatopeustaquio","twitter_misc":{"Escrito por":"@sscc","Tiempo de lectura":"2 minutos"},"schema":{"@context":"https:\/\/schema.org","@graph":[{"@type":"Article","@id":"https:\/\/www.padreeustaquio.com.br\/quase-200-jovens-se-inscrevem-para-participar-do-10o-ejc-padre-eustaquio\/#article","isPartOf":{"@id":"https:\/\/www.padreeustaquio.com.br\/quase-200-jovens-se-inscrevem-para-participar-do-10o-ejc-padre-eustaquio\/"},"author":{"name":"@sscc","@id":"https:\/\/www.padreeustaquio.com.br\/#\/schema\/person\/a2a51db1d00f1a7af0204a0f1ddb1566"},"headline":"Quase 200 jovens se inscrevem para participar do 10\u00ba EJC Padre Eust\u00e1quio","datePublished":"2023-09-25T09:44:21+00:00","dateModified":"2023-09-25T11:54:27+00:00","mainEntityOfPage":{"@id":"https:\/\/www.padreeustaquio.com.br\/quase-200-jovens-se-inscrevem-para-participar-do-10o-ejc-padre-eustaquio\/"},"wordCount":242,"commentCount":0,"publisher":{"@id":"https:\/\/www.padreeustaquio.com.br\/#organization"},"image":{"@id":"https:\/\/www.padreeustaquio.com.br\/quase-200-jovens-se-inscrevem-para-participar-do-10o-ejc-padre-eustaquio\/#primaryimage"},"thumbnailUrl":"https:\/\/www.padreeustaquio.com.br\/wp-content\/uploads\/2023\/09\/inscricoes-EJC-2023.jpeg","articleSection":["Not\u00edcias"],"inLanguage":"es","potentialAction":[{"@type":"CommentAction","name":"Comment","target":["https:\/\/www.padreeustaquio.com.br\/quase-200-jovens-se-inscrevem-para-participar-do-10o-ejc-padre-eustaquio\/#respond"]}]},{"@type":"WebPage","@id":"https:\/\/www.padreeustaquio.com.br\/quase-200-jovens-se-inscrevem-para-participar-do-10o-ejc-padre-eustaquio\/","url":"https:\/\/www.padreeustaquio.com.br\/quase-200-jovens-se-inscrevem-para-participar-do-10o-ejc-padre-eustaquio\/","name":"Cerca de 200 j\u00f3venes se inscriben para participar en la X EJC Padre Eust\u00e1quio.","isPartOf":{"@id":"https:\/\/www.padreeustaquio.com.br\/#website"},"primaryImageOfPage":{"@id":"https:\/\/www.padreeustaquio.com.br\/quase-200-jovens-se-inscrevem-para-participar-do-10o-ejc-padre-eustaquio\/#primaryimage"},"image":{"@id":"https:\/\/www.padreeustaquio.com.br\/quase-200-jovens-se-inscrevem-para-participar-do-10o-ejc-padre-eustaquio\/#primaryimage"},"thumbnailUrl":"https:\/\/www.padreeustaquio.com.br\/wp-content\/uploads\/2023\/09\/inscricoes-EJC-2023.jpeg","datePublished":"2023-09-25T09:44:21+00:00","dateModified":"2023-09-25T11:54:27+00:00","description":"En la ma\u00f1ana del domingo 24 de septiembre, se form\u00f3 una larga fila a la entrada del Santuario Arquidiocesano de Salud y Paz en Belo Horizonte. Unos 180 j\u00f3venes esperaban su turno para inscribirse en el Encuentro Juvenil con Cristo, que se celebra en noviembre en la Iglesia del Beato Padre Eust\u00e1quio.","breadcrumb":{"@id":"https:\/\/www.padreeustaquio.com.br\/quase-200-jovens-se-inscrevem-para-participar-do-10o-ejc-padre-eustaquio\/#breadcrumb"},"inLanguage":"es","potentialAction":[{"@type":"ReadAction","target":["https:\/\/www.padreeustaquio.com.br\/quase-200-jovens-se-inscrevem-para-participar-do-10o-ejc-padre-eustaquio\/"]}]},{"@type":"ImageObject","inLanguage":"es","@id":"https:\/\/www.padreeustaquio.com.br\/quase-200-jovens-se-inscrevem-para-participar-do-10o-ejc-padre-eustaquio\/#primaryimage","url":"https:\/\/www.padreeustaquio.com.br\/wp-content\/uploads\/2023\/09\/inscricoes-EJC-2023.jpeg","contentUrl":"https:\/\/www.padreeustaquio.com.br\/wp-content\/uploads\/2023\/09\/inscricoes-EJC-2023.jpeg","width":1600,"height":1200},{"@type":"BreadcrumbList","@id":"https:\/\/www.padreeustaquio.com.br\/quase-200-jovens-se-inscrevem-para-participar-do-10o-ejc-padre-eustaquio\/#breadcrumb","itemListElement":[{"@type":"ListItem","position":1,"name":"In\u00edcio","item":"https:\/\/www.padreeustaquio.com.br\/"},{"@type":"ListItem","position":2,"name":"Quase 200 jovens se inscrevem para participar do 10\u00ba EJC Padre Eust\u00e1quio"}]},{"@type":"WebSite","@id":"https:\/\/www.padreeustaquio.com.br\/#website","url":"https:\/\/www.padreeustaquio.com.br\/","name":"Padre Eustace","description":"Salud y Paz","publisher":{"@id":"https:\/\/www.padreeustaquio.com.br\/#organization"},"potentialAction":[{"@type":"SearchAction","target":{"@type":"EntryPoint","urlTemplate":"https:\/\/www.padreeustaquio.com.br\/?s={search_term_string}"},"query-input":{"@type":"PropertyValueSpecification","valueRequired":true,"valueName":"search_term_string"}}],"inLanguage":"es"},{"@type":"Organization","@id":"https:\/\/www.padreeustaquio.com.br\/#organization","name":"Padre Eustace","url":"https:\/\/www.padreeustaquio.com.br\/","logo":{"@type":"ImageObject","inLanguage":"es","@id":"https:\/\/www.padreeustaquio.com.br\/#\/schema\/logo\/image\/","url":"https:\/\/www.padreeustaquio.com.br\/wp-content\/uploads\/2019\/08\/marca.png","contentUrl":"https:\/\/www.padreeustaquio.com.br\/wp-content\/uploads\/2019\/08\/marca.png","width":350,"height":400,"caption":"Padre Eust\u00e1quio"},"image":{"@id":"https:\/\/www.padreeustaquio.com.br\/#\/schema\/logo\/image\/"},"sameAs":["https:\/\/www.facebook.com\/beatopadreeustaquio\/","https:\/\/x.com\/beatopeustaquio","https:\/\/www.instagram.com\/beatopadreeustaquio\/","https:\/\/www.youtube.com\/channel\/UCRhw7vfabnajwLxb1ZXMeIw"]},{"@type":"Person","@id":"https:\/\/www.padreeustaquio.com.br\/#\/schema\/person\/a2a51db1d00f1a7af0204a0f1ddb1566","name":"@sscc","image":{"@type":"ImageObject","inLanguage":"es","@id":"https:\/\/secure.gravatar.com\/avatar\/68cfafa5f44617fea54071e215026e0ff06be366c3d54a8425f04fdcb86f8c5f?s=96&d=mm&r=g","url":"https:\/\/secure.gravatar.com\/avatar\/68cfafa5f44617fea54071e215026e0ff06be366c3d54a8425f04fdcb86f8c5f?s=96&d=mm&r=g","contentUrl":"https:\/\/secure.gravatar.com\/avatar\/68cfafa5f44617fea54071e215026e0ff06be366c3d54a8425f04fdcb86f8c5f?s=96&d=mm&r=g","caption":"@sscc"},"url":"https:\/\/www.padreeustaquio.com.br\/es\/author\/sscc\/"}]}},"_links":{"self":[{"href":"https:\/\/www.padreeustaquio.com.br\/es\/wp-json\/wp\/v2\/posts\/10901","targetHints":{"allow":["GET"]}}],"collection":[{"href":"https:\/\/www.padreeustaquio.com.br\/es\/wp-json\/wp\/v2\/posts"}],"about":[{"href":"https:\/\/www.padreeustaquio.com.br\/es\/wp-json\/wp\/v2\/types\/post"}],"author":[{"embeddable":true,"href":"https:\/\/www.padreeustaquio.com.br\/es\/wp-json\/wp\/v2\/users\/2"}],"replies":[{"embeddable":true,"href":"https:\/\/www.padreeustaquio.com.br\/es\/wp-json\/wp\/v2\/comments?post=10901"}],"version-history":[{"count":0,"href":"https:\/\/www.padreeustaquio.com.br\/es\/wp-json\/wp\/v2\/posts\/10901\/revisions"}],"wp:featuredmedia":[{"embeddable":true,"href":"https:\/\/www.padreeustaquio.com.br\/es\/wp-json\/wp\/v2\/media\/10902"}],"wp:attachment":[{"href":"https:\/\/www.padreeustaquio.com.br\/es\/wp-json\/wp\/v2\/media?parent=10901"}],"wp:term":[{"taxonomy":"category","embeddable":true,"href":"https:\/\/www.padreeustaquio.com.br\/es\/wp-json\/wp\/v2\/categories?post=10901"},{"taxonomy":"post_tag","embeddable":true,"href":"https:\/\/www.padreeustaquio.com.br\/es\/wp-json\/wp\/v2\/tags?post=10901"}],"curies":[{"name":"wp","href":"https:\/\/api.w.org\/{rel}","templated":true}]}}