{"id":10860,"date":"2023-09-06T09:34:45","date_gmt":"2023-09-06T12:34:45","guid":{"rendered":"https:\/\/www.padreeustaquio.com.br\/?p=10860"},"modified":"2023-09-06T09:42:15","modified_gmt":"2023-09-06T12:42:15","slug":"la-familia-del-padre-eustaquio-visita-porto-alegre-en-el-gran-sao-paulo","status":"publish","type":"post","link":"https:\/\/www.padreeustaquio.com.br\/es\/la-familia-del-padre-eustaquio-visita-porto-alegre-en-el-gran-sao-paulo\/","title":{"rendered":"Familiares del padre Eust\u00e1quio visitan Po\u00e1, en el Gran S\u00e3o Paulo."},"content":{"rendered":"<p>Un grupo de doce familiares del Beato Padre Eust\u00e1quio, que se encontraban en Belo Horizonte para su festividad, viajaron a Po\u00e1, S\u00e3o Paulo, al d\u00eda siguiente de las celebraciones. Visitaron la ciudad donde el Padre Eust\u00e1quio tambi\u00e9n vivi\u00f3 durante su labor misionera en Brasil.<\/p>\n<p>El grupo, procedente de los Pa\u00edses Bajos, visit\u00f3 algunos de los atractivos tur\u00edsticos de la ciudad, como la Fuente de la Primavera, la Plaza de la Biblia y la exposici\u00f3n sobre los Beatos. Adem\u00e1s, el grupo visit\u00f3 el Reino de los Ni\u00f1os, fundado por el Padre Sim\u00f3n, ss.cc, en presencia del Padre Paulo Dekker, ss.cc, \u00faltimo sacerdote holand\u00e9s de los Sagrados Corazones en Brasil.<\/p>\n<p>El recorrido finaliz\u00f3 en la Iglesia Matriz, donde los visitantes pudieron conocer el Museo Padre Eust\u00e1quio y conocer un poco de la historia del Bendito Padre durante su paso por Po\u00e1\/SP.<\/p>\n\n\t\t<style type=\"text\/css\">\n\t\t\t#gallery-1 {\n\t\t\t\tmargin: auto;\n\t\t\t}\n\t\t\t#gallery-1 .gallery-item {\n\t\t\t\tfloat: left;\n\t\t\t\tmargin-top: 10px;\n\t\t\t\ttext-align: center;\n\t\t\t\twidth: 33%;\n\t\t\t}\n\t\t\t#gallery-1 img {\n\t\t\t\tborder: 2px solid #cfcfcf;\n\t\t\t}\n\t\t\t#gallery-1 .gallery-caption {\n\t\t\t\tmargin-left: 0;\n\t\t\t}\n\t\t\t\/* see gallery_shortcode() in wp-includes\/media.php *\/\n\t\t<\/style>\n\t\t<div id='gallery-1' class='gallery galleryid-10860 gallery-columns-3 gallery-size-thumbnail'><dl class='gallery-item'>\n\t\t\t<dt class='gallery-icon landscape'>\n\t\t\t\t<a href='https:\/\/www.padreeustaquio.com.br\/es\/la-familia-del-padre-eustaquio-visita-porto-alegre-en-el-gran-sao-paulo\/holandeses-em-poa-2023-5\/'><img decoding=\"async\" width=\"150\" height=\"150\" src=\"https:\/\/www.padreeustaquio.com.br\/wp-content\/uploads\/2023\/09\/Holandeses-em-poa-2023-5-150x150.jpeg\" class=\"attachment-thumbnail size-thumbnail\" alt=\"\" aria-describedby=\"gallery-1-10866\" srcset=\"https:\/\/www.padreeustaquio.com.br\/wp-content\/uploads\/2023\/09\/Holandeses-em-poa-2023-5-150x150.jpeg 150w, https:\/\/www.padreeustaquio.com.br\/wp-content\/uploads\/2023\/09\/Holandeses-em-poa-2023-5-75x75.jpeg 75w, https:\/\/www.padreeustaquio.com.br\/wp-content\/uploads\/2023\/09\/Holandeses-em-poa-2023-5-180x180.jpeg 180w, https:\/\/www.padreeustaquio.com.br\/wp-content\/uploads\/2023\/09\/Holandeses-em-poa-2023-5-400x400.jpeg 400w, https:\/\/www.padreeustaquio.com.br\/wp-content\/uploads\/2023\/09\/Holandeses-em-poa-2023-5-600x600.jpeg 600w\" sizes=\"(max-width: 150px) 100vw, 150px\" \/><\/a>\n\t\t\t<\/dt>\n\t\t\t\t<dd class='wp-caption-text gallery-caption' id='gallery-1-10866'>\n\t\t\t\tVisitaron el Reino de los Ni\u00f1os, fundado por el P. Sim\u00f3n, ss.cc.\n\t\t\t\t<\/dd><\/dl><dl class='gallery-item'>\n\t\t\t<dt class='gallery-icon landscape'>\n\t\t\t\t<a href='https:\/\/www.padreeustaquio.com.br\/es\/la-familia-del-padre-eustaquio-visita-porto-alegre-en-el-gran-sao-paulo\/holandeses-em-poa-2023-4\/'><img decoding=\"async\" width=\"150\" height=\"150\" src=\"https:\/\/www.padreeustaquio.com.br\/wp-content\/uploads\/2023\/09\/Holandeses-em-poa-2023-4-150x150.jpeg\" class=\"attachment-thumbnail size-thumbnail\" alt=\"\" aria-describedby=\"gallery-1-10865\" srcset=\"https:\/\/www.padreeustaquio.com.br\/wp-content\/uploads\/2023\/09\/Holandeses-em-poa-2023-4-150x150.jpeg 150w, https:\/\/www.padreeustaquio.com.br\/wp-content\/uploads\/2023\/09\/Holandeses-em-poa-2023-4-75x75.jpeg 75w, https:\/\/www.padreeustaquio.com.br\/wp-content\/uploads\/2023\/09\/Holandeses-em-poa-2023-4-180x180.jpeg 180w, https:\/\/www.padreeustaquio.com.br\/wp-content\/uploads\/2023\/09\/Holandeses-em-poa-2023-4-400x400.jpeg 400w, https:\/\/www.padreeustaquio.com.br\/wp-content\/uploads\/2023\/09\/Holandeses-em-poa-2023-4-600x600.jpeg 600w\" sizes=\"(max-width: 150px) 100vw, 150px\" \/><\/a>\n\t\t\t<\/dt>\n\t\t\t\t<dd class='wp-caption-text gallery-caption' id='gallery-1-10865'>\n\t\t\t\tLos familiares visitaron la colecci\u00f3n del Museo Padre Eust\u00e1quio en Po\u00e1, S\u00e3o Paulo.\n\t\t\t\t<\/dd><\/dl><dl class='gallery-item'>\n\t\t\t<dt class='gallery-icon landscape'>\n\t\t\t\t<a href='https:\/\/www.padreeustaquio.com.br\/es\/la-familia-del-padre-eustaquio-visita-porto-alegre-en-el-gran-sao-paulo\/holandeses-em-poa-2023-3\/'><img decoding=\"async\" width=\"150\" height=\"150\" src=\"https:\/\/www.padreeustaquio.com.br\/wp-content\/uploads\/2023\/09\/Holandeses-em-poa-2023-3-150x150.jpeg\" class=\"attachment-thumbnail size-thumbnail\" alt=\"\" aria-describedby=\"gallery-1-10864\" srcset=\"https:\/\/www.padreeustaquio.com.br\/wp-content\/uploads\/2023\/09\/Holandeses-em-poa-2023-3-150x150.jpeg 150w, https:\/\/www.padreeustaquio.com.br\/wp-content\/uploads\/2023\/09\/Holandeses-em-poa-2023-3-75x75.jpeg 75w, https:\/\/www.padreeustaquio.com.br\/wp-content\/uploads\/2023\/09\/Holandeses-em-poa-2023-3-180x180.jpeg 180w, https:\/\/www.padreeustaquio.com.br\/wp-content\/uploads\/2023\/09\/Holandeses-em-poa-2023-3-400x400.jpeg 400w, https:\/\/www.padreeustaquio.com.br\/wp-content\/uploads\/2023\/09\/Holandeses-em-poa-2023-3-600x600.jpeg 600w\" sizes=\"(max-width: 150px) 100vw, 150px\" \/><\/a>\n\t\t\t<\/dt>\n\t\t\t\t<dd class='wp-caption-text gallery-caption' id='gallery-1-10864'>\n\t\t\t\tLos familiares visitaron la colecci\u00f3n del Museo Padre Eust\u00e1quio en Po\u00e1, S\u00e3o Paulo.\n\t\t\t\t<\/dd><\/dl><br style=\"clear: both\" \/><dl class='gallery-item'>\n\t\t\t<dt class='gallery-icon landscape'>\n\t\t\t\t<a href='https:\/\/www.padreeustaquio.com.br\/es\/la-familia-del-padre-eustaquio-visita-porto-alegre-en-el-gran-sao-paulo\/holandeses-em-poa-2023-2\/'><img loading=\"lazy\" decoding=\"async\" width=\"150\" height=\"150\" src=\"https:\/\/www.padreeustaquio.com.br\/wp-content\/uploads\/2023\/09\/Holandeses-em-poa-2023-2-150x150.jpeg\" class=\"attachment-thumbnail size-thumbnail\" alt=\"\" aria-describedby=\"gallery-1-10863\" srcset=\"https:\/\/www.padreeustaquio.com.br\/wp-content\/uploads\/2023\/09\/Holandeses-em-poa-2023-2-150x150.jpeg 150w, https:\/\/www.padreeustaquio.com.br\/wp-content\/uploads\/2023\/09\/Holandeses-em-poa-2023-2-75x75.jpeg 75w, https:\/\/www.padreeustaquio.com.br\/wp-content\/uploads\/2023\/09\/Holandeses-em-poa-2023-2-180x180.jpeg 180w, https:\/\/www.padreeustaquio.com.br\/wp-content\/uploads\/2023\/09\/Holandeses-em-poa-2023-2-400x400.jpeg 400w, https:\/\/www.padreeustaquio.com.br\/wp-content\/uploads\/2023\/09\/Holandeses-em-poa-2023-2-600x600.jpeg 600w\" sizes=\"(max-width: 150px) 100vw, 150px\" \/><\/a>\n\t\t\t<\/dt>\n\t\t\t\t<dd class='wp-caption-text gallery-caption' id='gallery-1-10863'>\n\t\t\t\tVisitantes en el patio de la Iglesia de Nuestra Se\u00f1ora de Lourdes\n\t\t\t\t<\/dd><\/dl><dl class='gallery-item'>\n\t\t\t<dt class='gallery-icon landscape'>\n\t\t\t\t<a href='https:\/\/www.padreeustaquio.com.br\/es\/la-familia-del-padre-eustaquio-visita-porto-alegre-en-el-gran-sao-paulo\/holandeses-em-poa-2023-6\/'><img loading=\"lazy\" decoding=\"async\" width=\"150\" height=\"150\" src=\"https:\/\/www.padreeustaquio.com.br\/wp-content\/uploads\/2023\/09\/Holandeses-em-poa-2023-6-150x150.jpeg\" class=\"attachment-thumbnail size-thumbnail\" alt=\"\" aria-describedby=\"gallery-1-10867\" srcset=\"https:\/\/www.padreeustaquio.com.br\/wp-content\/uploads\/2023\/09\/Holandeses-em-poa-2023-6-150x150.jpeg 150w, https:\/\/www.padreeustaquio.com.br\/wp-content\/uploads\/2023\/09\/Holandeses-em-poa-2023-6-75x75.jpeg 75w, https:\/\/www.padreeustaquio.com.br\/wp-content\/uploads\/2023\/09\/Holandeses-em-poa-2023-6-180x180.jpeg 180w, https:\/\/www.padreeustaquio.com.br\/wp-content\/uploads\/2023\/09\/Holandeses-em-poa-2023-6-400x400.jpeg 400w\" sizes=\"(max-width: 150px) 100vw, 150px\" \/><\/a>\n\t\t\t<\/dt>\n\t\t\t\t<dd class='wp-caption-text gallery-caption' id='gallery-1-10867'>\n\t\t\t\tFamiliares visitaron la exposici\u00f3n sobre el Bendito.\n\t\t\t\t<\/dd><\/dl>\n\t\t\t<br style='clear: both' \/>\n\t\t<\/div>\n\n<p>&nbsp;<\/p>\n<p><strong>Fuente y fotos: Museo Padre Eust\u00e1quio de Po\u00e1-SP\/Parroquia Nuestra Se\u00f1ora de Lourdes<\/strong><\/p>","protected":false},"excerpt":{"rendered":"<p>Um grupo de 12 familiares do Beato Padre Eust\u00e1quio, que estiveram em Belo Horizonte para a festa do Bem-aventurado, seguiram viagem para Po\u00e1\/SP, no dia seguinte as comemora\u00e7\u00f5es. Eles visitaram a cidade onde Padre Eust\u00e1quio tamb\u00e9m viveu durante seu trabalho mission\u00e1rio no Brasil. O grupo que veio da Holanda, conheceu alguns pontos tur\u00edsticos da cidade como a Fonte Primavera, a Pra\u00e7a da B\u00edblia e a Exposi\u00e7\u00e3o sobre o Beato. Al\u00e9m disso, o grupo foi at\u00e9 o Reino da Garotada, fundado pelo Padre Simon, ss.cc, na presen\u00e7a de Padre Paulo Dekker, ss.cc, \u00faltimo padre holand\u00eas dos Sagrados Cora\u00e7\u00f5es no Brasil. O [&hellip;]<\/p>\n","protected":false},"author":2,"featured_media":10861,"comment_status":"open","ping_status":"closed","sticky":false,"template":"","format":"standard","meta":{"_acf_changed":false,"footnotes":""},"categories":[611],"tags":[],"class_list":["post-10860","post","type-post","status-publish","format-standard","has-post-thumbnail","hentry","category-noticias"],"acf":[],"yoast_head":"<!-- This site is optimized with the Yoast SEO plugin v27.2 - https:\/\/yoast.com\/product\/yoast-seo-wordpress\/ -->\n<title>Familiares de Padre Eust\u00e1quio visitam Po\u00e1, na Grande S\u00e3o Paulo<\/title>\n<meta name=\"description\" content=\"Um grupo de 12 familiares do Beato Padre Eust\u00e1quio, que estiveram em Belo Horizonte para a festa do Bem-aventurado, seguiram viagem para Po\u00e1\/SP, no dia seguinte as comemora\u00e7\u00f5es. Eles visitaram a cidade onde Padre Eust\u00e1quio tamb\u00e9m viveu durante seu trabalho mission\u00e1rio no Brasil.\" \/>\n<meta name=\"robots\" content=\"index, follow, max-snippet:-1, max-image-preview:large, max-video-preview:-1\" \/>\n<link rel=\"canonical\" href=\"https:\/\/www.padreeustaquio.com.br\/es\/la-familia-del-padre-eustaquio-visita-porto-alegre-en-el-gran-sao-paulo\/\" \/>\n<meta property=\"og:locale\" content=\"es_ES\" \/>\n<meta property=\"og:type\" content=\"article\" \/>\n<meta property=\"og:title\" content=\"Familiares de Padre Eust\u00e1quio visitam Po\u00e1, na Grande S\u00e3o Paulo\" \/>\n<meta property=\"og:description\" content=\"Um grupo de 12 familiares do Beato Padre Eust\u00e1quio, que estiveram em Belo Horizonte para a festa do Bem-aventurado, seguiram viagem para Po\u00e1\/SP, no dia seguinte as comemora\u00e7\u00f5es. Eles visitaram a cidade onde Padre Eust\u00e1quio tamb\u00e9m viveu durante seu trabalho mission\u00e1rio no Brasil.\" \/>\n<meta property=\"og:url\" content=\"https:\/\/www.padreeustaquio.com.br\/es\/la-familia-del-padre-eustaquio-visita-porto-alegre-en-el-gran-sao-paulo\/\" \/>\n<meta property=\"og:site_name\" content=\"Padre Eust\u00e1quio\" \/>\n<meta property=\"article:publisher\" content=\"https:\/\/www.facebook.com\/beatopadreeustaquio\/\" \/>\n<meta property=\"article:published_time\" content=\"2023-09-06T12:34:45+00:00\" \/>\n<meta property=\"article:modified_time\" content=\"2023-09-06T12:42:15+00:00\" \/>\n<meta property=\"og:image\" content=\"https:\/\/www.padreeustaquio.com.br\/wp-content\/uploads\/2023\/09\/Holandeses-em-poa-2023-1.jpeg\" \/>\n\t<meta property=\"og:image:width\" content=\"1080\" \/>\n\t<meta property=\"og:image:height\" content=\"605\" \/>\n\t<meta property=\"og:image:type\" content=\"image\/jpeg\" \/>\n<meta name=\"author\" content=\"@sscc\" \/>\n<meta name=\"twitter:card\" content=\"summary_large_image\" \/>\n<meta name=\"twitter:creator\" content=\"@beatopeustaquio\" \/>\n<meta name=\"twitter:site\" content=\"@beatopeustaquio\" \/>\n<meta name=\"twitter:label1\" content=\"Escrito por\" \/>\n\t<meta name=\"twitter:data1\" content=\"@sscc\" \/>\n\t<meta name=\"twitter:label2\" content=\"Tiempo de lectura\" \/>\n\t<meta name=\"twitter:data2\" content=\"1 minuto\" \/>\n<script type=\"application\/ld+json\" class=\"yoast-schema-graph\">{\"@context\":\"https:\/\/schema.org\",\"@graph\":[{\"@type\":\"Article\",\"@id\":\"https:\/\/www.padreeustaquio.com.br\/familiares-de-padre-eustaquio-visitam-poa-na-grande-sao-paulo\/#article\",\"isPartOf\":{\"@id\":\"https:\/\/www.padreeustaquio.com.br\/familiares-de-padre-eustaquio-visitam-poa-na-grande-sao-paulo\/\"},\"author\":{\"name\":\"@sscc\",\"@id\":\"https:\/\/www.padreeustaquio.com.br\/#\/schema\/person\/a2a51db1d00f1a7af0204a0f1ddb1566\"},\"headline\":\"Familiares de Padre Eust\u00e1quio visitam Po\u00e1, na Grande S\u00e3o Paulo\",\"datePublished\":\"2023-09-06T12:34:45+00:00\",\"dateModified\":\"2023-09-06T12:42:15+00:00\",\"mainEntityOfPage\":{\"@id\":\"https:\/\/www.padreeustaquio.com.br\/familiares-de-padre-eustaquio-visitam-poa-na-grande-sao-paulo\/\"},\"wordCount\":178,\"commentCount\":0,\"publisher\":{\"@id\":\"https:\/\/www.padreeustaquio.com.br\/#organization\"},\"image\":{\"@id\":\"https:\/\/www.padreeustaquio.com.br\/familiares-de-padre-eustaquio-visitam-poa-na-grande-sao-paulo\/#primaryimage\"},\"thumbnailUrl\":\"https:\/\/www.padreeustaquio.com.br\/wp-content\/uploads\/2023\/09\/Holandeses-em-poa-2023-1.jpeg\",\"articleSection\":[\"Not\u00edcias\"],\"inLanguage\":\"es\",\"potentialAction\":[{\"@type\":\"CommentAction\",\"name\":\"Comment\",\"target\":[\"https:\/\/www.padreeustaquio.com.br\/familiares-de-padre-eustaquio-visitam-poa-na-grande-sao-paulo\/#respond\"]}]},{\"@type\":\"WebPage\",\"@id\":\"https:\/\/www.padreeustaquio.com.br\/familiares-de-padre-eustaquio-visitam-poa-na-grande-sao-paulo\/\",\"url\":\"https:\/\/www.padreeustaquio.com.br\/familiares-de-padre-eustaquio-visitam-poa-na-grande-sao-paulo\/\",\"name\":\"Familiares de Padre Eust\u00e1quio visitam Po\u00e1, na Grande S\u00e3o Paulo\",\"isPartOf\":{\"@id\":\"https:\/\/www.padreeustaquio.com.br\/#website\"},\"primaryImageOfPage\":{\"@id\":\"https:\/\/www.padreeustaquio.com.br\/familiares-de-padre-eustaquio-visitam-poa-na-grande-sao-paulo\/#primaryimage\"},\"image\":{\"@id\":\"https:\/\/www.padreeustaquio.com.br\/familiares-de-padre-eustaquio-visitam-poa-na-grande-sao-paulo\/#primaryimage\"},\"thumbnailUrl\":\"https:\/\/www.padreeustaquio.com.br\/wp-content\/uploads\/2023\/09\/Holandeses-em-poa-2023-1.jpeg\",\"datePublished\":\"2023-09-06T12:34:45+00:00\",\"dateModified\":\"2023-09-06T12:42:15+00:00\",\"description\":\"Um grupo de 12 familiares do Beato Padre Eust\u00e1quio, que estiveram em Belo Horizonte para a festa do Bem-aventurado, seguiram viagem para Po\u00e1\/SP, no dia seguinte as comemora\u00e7\u00f5es. Eles visitaram a cidade onde Padre Eust\u00e1quio tamb\u00e9m viveu durante seu trabalho mission\u00e1rio no Brasil.\",\"breadcrumb\":{\"@id\":\"https:\/\/www.padreeustaquio.com.br\/familiares-de-padre-eustaquio-visitam-poa-na-grande-sao-paulo\/#breadcrumb\"},\"inLanguage\":\"es\",\"potentialAction\":[{\"@type\":\"ReadAction\",\"target\":[\"https:\/\/www.padreeustaquio.com.br\/familiares-de-padre-eustaquio-visitam-poa-na-grande-sao-paulo\/\"]}]},{\"@type\":\"ImageObject\",\"inLanguage\":\"es\",\"@id\":\"https:\/\/www.padreeustaquio.com.br\/familiares-de-padre-eustaquio-visitam-poa-na-grande-sao-paulo\/#primaryimage\",\"url\":\"https:\/\/www.padreeustaquio.com.br\/wp-content\/uploads\/2023\/09\/Holandeses-em-poa-2023-1.jpeg\",\"contentUrl\":\"https:\/\/www.padreeustaquio.com.br\/wp-content\/uploads\/2023\/09\/Holandeses-em-poa-2023-1.jpeg\",\"width\":1080,\"height\":605,\"caption\":\"Fotos: Museu Padre Eust\u00e1quio Po\u00e1-SP\"},{\"@type\":\"BreadcrumbList\",\"@id\":\"https:\/\/www.padreeustaquio.com.br\/familiares-de-padre-eustaquio-visitam-poa-na-grande-sao-paulo\/#breadcrumb\",\"itemListElement\":[{\"@type\":\"ListItem\",\"position\":1,\"name\":\"In\u00edcio\",\"item\":\"https:\/\/www.padreeustaquio.com.br\/\"},{\"@type\":\"ListItem\",\"position\":2,\"name\":\"Familiares de Padre Eust\u00e1quio visitam Po\u00e1, na Grande S\u00e3o Paulo\"}]},{\"@type\":\"WebSite\",\"@id\":\"https:\/\/www.padreeustaquio.com.br\/#website\",\"url\":\"https:\/\/www.padreeustaquio.com.br\/\",\"name\":\"Padre Eust\u00e1quio\",\"description\":\"Sa\u00fade e Paz\",\"publisher\":{\"@id\":\"https:\/\/www.padreeustaquio.com.br\/#organization\"},\"potentialAction\":[{\"@type\":\"SearchAction\",\"target\":{\"@type\":\"EntryPoint\",\"urlTemplate\":\"https:\/\/www.padreeustaquio.com.br\/?s={search_term_string}\"},\"query-input\":{\"@type\":\"PropertyValueSpecification\",\"valueRequired\":true,\"valueName\":\"search_term_string\"}}],\"inLanguage\":\"es\"},{\"@type\":\"Organization\",\"@id\":\"https:\/\/www.padreeustaquio.com.br\/#organization\",\"name\":\"Padre Eust\u00e1quio\",\"url\":\"https:\/\/www.padreeustaquio.com.br\/\",\"logo\":{\"@type\":\"ImageObject\",\"inLanguage\":\"es\",\"@id\":\"https:\/\/www.padreeustaquio.com.br\/#\/schema\/logo\/image\/\",\"url\":\"https:\/\/www.padreeustaquio.com.br\/wp-content\/uploads\/2019\/08\/marca.png\",\"contentUrl\":\"https:\/\/www.padreeustaquio.com.br\/wp-content\/uploads\/2019\/08\/marca.png\",\"width\":350,\"height\":400,\"caption\":\"Padre Eust\u00e1quio\"},\"image\":{\"@id\":\"https:\/\/www.padreeustaquio.com.br\/#\/schema\/logo\/image\/\"},\"sameAs\":[\"https:\/\/www.facebook.com\/beatopadreeustaquio\/\",\"https:\/\/x.com\/beatopeustaquio\",\"https:\/\/www.instagram.com\/beatopadreeustaquio\/\",\"https:\/\/www.youtube.com\/channel\/UCRhw7vfabnajwLxb1ZXMeIw\"]},{\"@type\":\"Person\",\"@id\":\"https:\/\/www.padreeustaquio.com.br\/#\/schema\/person\/a2a51db1d00f1a7af0204a0f1ddb1566\",\"name\":\"@sscc\",\"image\":{\"@type\":\"ImageObject\",\"inLanguage\":\"es\",\"@id\":\"https:\/\/secure.gravatar.com\/avatar\/68cfafa5f44617fea54071e215026e0ff06be366c3d54a8425f04fdcb86f8c5f?s=96&d=mm&r=g\",\"url\":\"https:\/\/secure.gravatar.com\/avatar\/68cfafa5f44617fea54071e215026e0ff06be366c3d54a8425f04fdcb86f8c5f?s=96&d=mm&r=g\",\"contentUrl\":\"https:\/\/secure.gravatar.com\/avatar\/68cfafa5f44617fea54071e215026e0ff06be366c3d54a8425f04fdcb86f8c5f?s=96&d=mm&r=g\",\"caption\":\"@sscc\"},\"url\":\"https:\/\/www.padreeustaquio.com.br\/es\/author\/sscc\/\"}]}<\/script>\n<!-- \/ Yoast SEO plugin. -->","yoast_head_json":{"title":"Familiares del padre Eust\u00e1quio visitan Po\u00e1, en el Gran S\u00e3o Paulo.","description":"Un grupo de doce familiares del Beato Padre Eust\u00e1quio, que se encontraban en Belo Horizonte para su festividad, viajaron a Po\u00e1, S\u00e3o Paulo, al d\u00eda siguiente de las celebraciones. Visitaron la ciudad donde el Padre Eust\u00e1quio tambi\u00e9n vivi\u00f3 durante su labor misionera en Brasil.","robots":{"index":"index","follow":"follow","max-snippet":"max-snippet:-1","max-image-preview":"max-image-preview:large","max-video-preview":"max-video-preview:-1"},"canonical":"https:\/\/www.padreeustaquio.com.br\/es\/la-familia-del-padre-eustaquio-visita-porto-alegre-en-el-gran-sao-paulo\/","og_locale":"es_ES","og_type":"article","og_title":"Familiares de Padre Eust\u00e1quio visitam Po\u00e1, na Grande S\u00e3o Paulo","og_description":"Um grupo de 12 familiares do Beato Padre Eust\u00e1quio, que estiveram em Belo Horizonte para a festa do Bem-aventurado, seguiram viagem para Po\u00e1\/SP, no dia seguinte as comemora\u00e7\u00f5es. Eles visitaram a cidade onde Padre Eust\u00e1quio tamb\u00e9m viveu durante seu trabalho mission\u00e1rio no Brasil.","og_url":"https:\/\/www.padreeustaquio.com.br\/es\/la-familia-del-padre-eustaquio-visita-porto-alegre-en-el-gran-sao-paulo\/","og_site_name":"Padre Eust\u00e1quio","article_publisher":"https:\/\/www.facebook.com\/beatopadreeustaquio\/","article_published_time":"2023-09-06T12:34:45+00:00","article_modified_time":"2023-09-06T12:42:15+00:00","og_image":[{"width":1080,"height":605,"url":"https:\/\/www.padreeustaquio.com.br\/wp-content\/uploads\/2023\/09\/Holandeses-em-poa-2023-1.jpeg","type":"image\/jpeg"}],"author":"@sscc","twitter_card":"summary_large_image","twitter_creator":"@beatopeustaquio","twitter_site":"@beatopeustaquio","twitter_misc":{"Escrito por":"@sscc","Tiempo de lectura":"1 minuto"},"schema":{"@context":"https:\/\/schema.org","@graph":[{"@type":"Article","@id":"https:\/\/www.padreeustaquio.com.br\/familiares-de-padre-eustaquio-visitam-poa-na-grande-sao-paulo\/#article","isPartOf":{"@id":"https:\/\/www.padreeustaquio.com.br\/familiares-de-padre-eustaquio-visitam-poa-na-grande-sao-paulo\/"},"author":{"name":"@sscc","@id":"https:\/\/www.padreeustaquio.com.br\/#\/schema\/person\/a2a51db1d00f1a7af0204a0f1ddb1566"},"headline":"Familiares de Padre Eust\u00e1quio visitam Po\u00e1, na Grande S\u00e3o Paulo","datePublished":"2023-09-06T12:34:45+00:00","dateModified":"2023-09-06T12:42:15+00:00","mainEntityOfPage":{"@id":"https:\/\/www.padreeustaquio.com.br\/familiares-de-padre-eustaquio-visitam-poa-na-grande-sao-paulo\/"},"wordCount":178,"commentCount":0,"publisher":{"@id":"https:\/\/www.padreeustaquio.com.br\/#organization"},"image":{"@id":"https:\/\/www.padreeustaquio.com.br\/familiares-de-padre-eustaquio-visitam-poa-na-grande-sao-paulo\/#primaryimage"},"thumbnailUrl":"https:\/\/www.padreeustaquio.com.br\/wp-content\/uploads\/2023\/09\/Holandeses-em-poa-2023-1.jpeg","articleSection":["Not\u00edcias"],"inLanguage":"es","potentialAction":[{"@type":"CommentAction","name":"Comment","target":["https:\/\/www.padreeustaquio.com.br\/familiares-de-padre-eustaquio-visitam-poa-na-grande-sao-paulo\/#respond"]}]},{"@type":"WebPage","@id":"https:\/\/www.padreeustaquio.com.br\/familiares-de-padre-eustaquio-visitam-poa-na-grande-sao-paulo\/","url":"https:\/\/www.padreeustaquio.com.br\/familiares-de-padre-eustaquio-visitam-poa-na-grande-sao-paulo\/","name":"Familiares del padre Eust\u00e1quio visitan Po\u00e1, en el Gran S\u00e3o Paulo.","isPartOf":{"@id":"https:\/\/www.padreeustaquio.com.br\/#website"},"primaryImageOfPage":{"@id":"https:\/\/www.padreeustaquio.com.br\/familiares-de-padre-eustaquio-visitam-poa-na-grande-sao-paulo\/#primaryimage"},"image":{"@id":"https:\/\/www.padreeustaquio.com.br\/familiares-de-padre-eustaquio-visitam-poa-na-grande-sao-paulo\/#primaryimage"},"thumbnailUrl":"https:\/\/www.padreeustaquio.com.br\/wp-content\/uploads\/2023\/09\/Holandeses-em-poa-2023-1.jpeg","datePublished":"2023-09-06T12:34:45+00:00","dateModified":"2023-09-06T12:42:15+00:00","description":"Un grupo de doce familiares del Beato Padre Eust\u00e1quio, que se encontraban en Belo Horizonte para su festividad, viajaron a Po\u00e1, S\u00e3o Paulo, al d\u00eda siguiente de las celebraciones. Visitaron la ciudad donde el Padre Eust\u00e1quio tambi\u00e9n vivi\u00f3 durante su labor misionera en Brasil.","breadcrumb":{"@id":"https:\/\/www.padreeustaquio.com.br\/familiares-de-padre-eustaquio-visitam-poa-na-grande-sao-paulo\/#breadcrumb"},"inLanguage":"es","potentialAction":[{"@type":"ReadAction","target":["https:\/\/www.padreeustaquio.com.br\/familiares-de-padre-eustaquio-visitam-poa-na-grande-sao-paulo\/"]}]},{"@type":"ImageObject","inLanguage":"es","@id":"https:\/\/www.padreeustaquio.com.br\/familiares-de-padre-eustaquio-visitam-poa-na-grande-sao-paulo\/#primaryimage","url":"https:\/\/www.padreeustaquio.com.br\/wp-content\/uploads\/2023\/09\/Holandeses-em-poa-2023-1.jpeg","contentUrl":"https:\/\/www.padreeustaquio.com.br\/wp-content\/uploads\/2023\/09\/Holandeses-em-poa-2023-1.jpeg","width":1080,"height":605,"caption":"Fotos: Museu Padre Eust\u00e1quio Po\u00e1-SP"},{"@type":"BreadcrumbList","@id":"https:\/\/www.padreeustaquio.com.br\/familiares-de-padre-eustaquio-visitam-poa-na-grande-sao-paulo\/#breadcrumb","itemListElement":[{"@type":"ListItem","position":1,"name":"In\u00edcio","item":"https:\/\/www.padreeustaquio.com.br\/"},{"@type":"ListItem","position":2,"name":"Familiares de Padre Eust\u00e1quio visitam Po\u00e1, na Grande S\u00e3o Paulo"}]},{"@type":"WebSite","@id":"https:\/\/www.padreeustaquio.com.br\/#website","url":"https:\/\/www.padreeustaquio.com.br\/","name":"Padre Eustace","description":"Salud y Paz","publisher":{"@id":"https:\/\/www.padreeustaquio.com.br\/#organization"},"potentialAction":[{"@type":"SearchAction","target":{"@type":"EntryPoint","urlTemplate":"https:\/\/www.padreeustaquio.com.br\/?s={search_term_string}"},"query-input":{"@type":"PropertyValueSpecification","valueRequired":true,"valueName":"search_term_string"}}],"inLanguage":"es"},{"@type":"Organization","@id":"https:\/\/www.padreeustaquio.com.br\/#organization","name":"Padre Eustace","url":"https:\/\/www.padreeustaquio.com.br\/","logo":{"@type":"ImageObject","inLanguage":"es","@id":"https:\/\/www.padreeustaquio.com.br\/#\/schema\/logo\/image\/","url":"https:\/\/www.padreeustaquio.com.br\/wp-content\/uploads\/2019\/08\/marca.png","contentUrl":"https:\/\/www.padreeustaquio.com.br\/wp-content\/uploads\/2019\/08\/marca.png","width":350,"height":400,"caption":"Padre Eust\u00e1quio"},"image":{"@id":"https:\/\/www.padreeustaquio.com.br\/#\/schema\/logo\/image\/"},"sameAs":["https:\/\/www.facebook.com\/beatopadreeustaquio\/","https:\/\/x.com\/beatopeustaquio","https:\/\/www.instagram.com\/beatopadreeustaquio\/","https:\/\/www.youtube.com\/channel\/UCRhw7vfabnajwLxb1ZXMeIw"]},{"@type":"Person","@id":"https:\/\/www.padreeustaquio.com.br\/#\/schema\/person\/a2a51db1d00f1a7af0204a0f1ddb1566","name":"@sscc","image":{"@type":"ImageObject","inLanguage":"es","@id":"https:\/\/secure.gravatar.com\/avatar\/68cfafa5f44617fea54071e215026e0ff06be366c3d54a8425f04fdcb86f8c5f?s=96&d=mm&r=g","url":"https:\/\/secure.gravatar.com\/avatar\/68cfafa5f44617fea54071e215026e0ff06be366c3d54a8425f04fdcb86f8c5f?s=96&d=mm&r=g","contentUrl":"https:\/\/secure.gravatar.com\/avatar\/68cfafa5f44617fea54071e215026e0ff06be366c3d54a8425f04fdcb86f8c5f?s=96&d=mm&r=g","caption":"@sscc"},"url":"https:\/\/www.padreeustaquio.com.br\/es\/author\/sscc\/"}]}},"_links":{"self":[{"href":"https:\/\/www.padreeustaquio.com.br\/es\/wp-json\/wp\/v2\/posts\/10860","targetHints":{"allow":["GET"]}}],"collection":[{"href":"https:\/\/www.padreeustaquio.com.br\/es\/wp-json\/wp\/v2\/posts"}],"about":[{"href":"https:\/\/www.padreeustaquio.com.br\/es\/wp-json\/wp\/v2\/types\/post"}],"author":[{"embeddable":true,"href":"https:\/\/www.padreeustaquio.com.br\/es\/wp-json\/wp\/v2\/users\/2"}],"replies":[{"embeddable":true,"href":"https:\/\/www.padreeustaquio.com.br\/es\/wp-json\/wp\/v2\/comments?post=10860"}],"version-history":[{"count":0,"href":"https:\/\/www.padreeustaquio.com.br\/es\/wp-json\/wp\/v2\/posts\/10860\/revisions"}],"wp:featuredmedia":[{"embeddable":true,"href":"https:\/\/www.padreeustaquio.com.br\/es\/wp-json\/wp\/v2\/media\/10861"}],"wp:attachment":[{"href":"https:\/\/www.padreeustaquio.com.br\/es\/wp-json\/wp\/v2\/media?parent=10860"}],"wp:term":[{"taxonomy":"category","embeddable":true,"href":"https:\/\/www.padreeustaquio.com.br\/es\/wp-json\/wp\/v2\/categories?post=10860"},{"taxonomy":"post_tag","embeddable":true,"href":"https:\/\/www.padreeustaquio.com.br\/es\/wp-json\/wp\/v2\/tags?post=10860"}],"curies":[{"name":"wp","href":"https:\/\/api.w.org\/{rel}","templated":true}]}}