{"id":10857,"date":"2023-09-04T11:26:56","date_gmt":"2023-09-04T14:26:56","guid":{"rendered":"https:\/\/www.padreeustaquio.com.br\/?p=10857"},"modified":"2023-09-04T11:26:56","modified_gmt":"2023-09-04T14:26:56","slug":"fallece-dona-lilita-escribana-del-proceso-de-beatificacion-del-padre-eustaquio","status":"publish","type":"post","link":"https:\/\/www.padreeustaquio.com.br\/es\/fallece-dona-lilita-escribana-del-proceso-de-beatificacion-del-padre-eustaquio\/","title":{"rendered":"Fallece do\u00f1a Lilita, escribana del proceso de Beatificaci\u00f3n del Padre Eust\u00e1quio."},"content":{"rendered":"<p>La Sra. Mar\u00eda de Lurdes Guerra Dar\u00e9, conocida como Do\u00f1a Lilita, falleci\u00f3 esta ma\u00f1ana, 4 de septiembre. Fue la encargada de transcribir los textos para el inicio del proceso de beatificaci\u00f3n del Padre Eust\u00e1quio.<\/p>\n<p>En julio de 2021, la Sra. Lilita visit\u00f3 la exposici\u00f3n que se realiz\u00f3 para conmemorar el 15.\u00ba aniversario de la Beatificaci\u00f3n del Beato. En esa ocasi\u00f3n, se reuni\u00f3 con el vicepostulador de la Causa, el Padre Vin\u00edcius Maciel, sscc, y convers\u00f3 brevemente sobre el trabajo desarrollado durante el proceso. Mar\u00eda de Lurdes, una devota seguidora del Padre Eust\u00e1quio, no ocult\u00f3 su emoci\u00f3n al recibir una bendici\u00f3n especial del vicepostulador.<\/p>\n<p>Do\u00f1a Lilita tramit\u00f3 a m\u00e1quina todo el proceso de beatificaci\u00f3n, trabajando directamente con el vicepostulador que inici\u00f3 la causa, el padre Alfredo Elfrink, ss.cc, quien dirigi\u00f3 el proceso hasta 1974.<\/p>\n<p>A la Sra. Lilita, nuestro cari\u00f1o y gratitud por todo lo que logr\u00f3 y contribuy\u00f3 a lo largo de estos a\u00f1os. Que Dios consuele y bendiga a su familia y amigos con mucha salud y paz.<\/p>","protected":false},"excerpt":{"rendered":"<p>Morreu na manh\u00e3 de hoje, 04 de setembro, dona Maria de Lurdes Guerra Dar\u00e9, a dona Lilita. Ela foi a respons\u00e1vel por transcrever os textos do in\u00edcio do processo de Beatifica\u00e7\u00e3o do Padre Eust\u00e1quio. Em julho de 2021 dona Lilita visitou a exposi\u00e7\u00e3o que foi feita na \u00e9poca, em homenagem aos 15 anos de Beatifica\u00e7\u00e3o do Bem-aventurado. Na ocasi\u00e3o ela esteve com o vice-postulador da Causa, Padre Vin\u00edcius Maciel, sscc, e falou um pouco sobre o trabalho desenvolvido durante o processo. Maria de Lurdes, muito devota de Padre Eust\u00e1quio, n\u00e3o escondeu a emo\u00e7\u00e3o ao receber uma ben\u00e7\u00e3o especial do vice-postulador. [&hellip;]<\/p>\n","protected":false},"author":2,"featured_media":10858,"comment_status":"open","ping_status":"closed","sticky":false,"template":"","format":"standard","meta":{"_acf_changed":false,"footnotes":""},"categories":[611],"tags":[],"class_list":["post-10857","post","type-post","status-publish","format-standard","has-post-thumbnail","hentry","category-noticias"],"acf":[],"yoast_head":"<!-- This site is optimized with the Yoast SEO plugin v27.2 - https:\/\/yoast.com\/product\/yoast-seo-wordpress\/ -->\n<title>Morre Dona Lilita, escriv\u00e3 do processo de Beatifica\u00e7\u00e3o do Padre Eust\u00e1quio<\/title>\n<meta name=\"description\" content=\"Morreu na manh\u00e3 de hoje, 04 de setembro, dona Maria de Lurdes Guerra Dar\u00e9, a dona Lilita. Ela foi a respons\u00e1vel por transcrever os textos do in\u00edcio do processo de Beatifica\u00e7\u00e3o do Padre Eust\u00e1quio.\" \/>\n<meta name=\"robots\" content=\"index, follow, max-snippet:-1, max-image-preview:large, max-video-preview:-1\" \/>\n<link rel=\"canonical\" href=\"https:\/\/www.padreeustaquio.com.br\/es\/fallece-dona-lilita-escribana-del-proceso-de-beatificacion-del-padre-eustaquio\/\" \/>\n<meta property=\"og:locale\" content=\"es_ES\" \/>\n<meta property=\"og:type\" content=\"article\" \/>\n<meta property=\"og:title\" content=\"Morre Dona Lilita, escriv\u00e3 do processo de Beatifica\u00e7\u00e3o do Padre Eust\u00e1quio\" \/>\n<meta property=\"og:description\" content=\"Morreu na manh\u00e3 de hoje, 04 de setembro, dona Maria de Lurdes Guerra Dar\u00e9, a dona Lilita. Ela foi a respons\u00e1vel por transcrever os textos do in\u00edcio do processo de Beatifica\u00e7\u00e3o do Padre Eust\u00e1quio.\" \/>\n<meta property=\"og:url\" content=\"https:\/\/www.padreeustaquio.com.br\/es\/fallece-dona-lilita-escribana-del-proceso-de-beatificacion-del-padre-eustaquio\/\" \/>\n<meta property=\"og:site_name\" content=\"Padre Eust\u00e1quio\" \/>\n<meta property=\"article:publisher\" content=\"https:\/\/www.facebook.com\/beatopadreeustaquio\/\" \/>\n<meta property=\"article:published_time\" content=\"2023-09-04T14:26:56+00:00\" \/>\n<meta property=\"og:image\" content=\"https:\/\/www.padreeustaquio.com.br\/wp-content\/uploads\/2023\/09\/dona-lilita-visita-pe-vinicius.jpeg\" \/>\n\t<meta property=\"og:image:width\" content=\"748\" \/>\n\t<meta property=\"og:image:height\" content=\"394\" \/>\n\t<meta property=\"og:image:type\" content=\"image\/jpeg\" \/>\n<meta name=\"author\" content=\"@sscc\" \/>\n<meta name=\"twitter:card\" content=\"summary_large_image\" \/>\n<meta name=\"twitter:creator\" content=\"@beatopeustaquio\" \/>\n<meta name=\"twitter:site\" content=\"@beatopeustaquio\" \/>\n<meta name=\"twitter:label1\" content=\"Escrito por\" \/>\n\t<meta name=\"twitter:data1\" content=\"@sscc\" \/>\n\t<meta name=\"twitter:label2\" content=\"Tiempo de lectura\" \/>\n\t<meta name=\"twitter:data2\" content=\"1 minuto\" \/>\n<script type=\"application\/ld+json\" class=\"yoast-schema-graph\">{\"@context\":\"https:\/\/schema.org\",\"@graph\":[{\"@type\":\"Article\",\"@id\":\"https:\/\/www.padreeustaquio.com.br\/morre-dona-lilita-escriva-do-processo-de-beatificacao-do-padre-eustaquio\/#article\",\"isPartOf\":{\"@id\":\"https:\/\/www.padreeustaquio.com.br\/morre-dona-lilita-escriva-do-processo-de-beatificacao-do-padre-eustaquio\/\"},\"author\":{\"name\":\"@sscc\",\"@id\":\"https:\/\/www.padreeustaquio.com.br\/#\/schema\/person\/a2a51db1d00f1a7af0204a0f1ddb1566\"},\"headline\":\"Morre Dona Lilita, escriv\u00e3 do processo de Beatifica\u00e7\u00e3o do Padre Eust\u00e1quio\",\"datePublished\":\"2023-09-04T14:26:56+00:00\",\"mainEntityOfPage\":{\"@id\":\"https:\/\/www.padreeustaquio.com.br\/morre-dona-lilita-escriva-do-processo-de-beatificacao-do-padre-eustaquio\/\"},\"wordCount\":191,\"commentCount\":0,\"publisher\":{\"@id\":\"https:\/\/www.padreeustaquio.com.br\/#organization\"},\"image\":{\"@id\":\"https:\/\/www.padreeustaquio.com.br\/morre-dona-lilita-escriva-do-processo-de-beatificacao-do-padre-eustaquio\/#primaryimage\"},\"thumbnailUrl\":\"https:\/\/www.padreeustaquio.com.br\/wp-content\/uploads\/2023\/09\/dona-lilita-visita-pe-vinicius.jpeg\",\"articleSection\":[\"Not\u00edcias\"],\"inLanguage\":\"es\",\"potentialAction\":[{\"@type\":\"CommentAction\",\"name\":\"Comment\",\"target\":[\"https:\/\/www.padreeustaquio.com.br\/morre-dona-lilita-escriva-do-processo-de-beatificacao-do-padre-eustaquio\/#respond\"]}]},{\"@type\":\"WebPage\",\"@id\":\"https:\/\/www.padreeustaquio.com.br\/morre-dona-lilita-escriva-do-processo-de-beatificacao-do-padre-eustaquio\/\",\"url\":\"https:\/\/www.padreeustaquio.com.br\/morre-dona-lilita-escriva-do-processo-de-beatificacao-do-padre-eustaquio\/\",\"name\":\"Morre Dona Lilita, escriv\u00e3 do processo de Beatifica\u00e7\u00e3o do Padre Eust\u00e1quio\",\"isPartOf\":{\"@id\":\"https:\/\/www.padreeustaquio.com.br\/#website\"},\"primaryImageOfPage\":{\"@id\":\"https:\/\/www.padreeustaquio.com.br\/morre-dona-lilita-escriva-do-processo-de-beatificacao-do-padre-eustaquio\/#primaryimage\"},\"image\":{\"@id\":\"https:\/\/www.padreeustaquio.com.br\/morre-dona-lilita-escriva-do-processo-de-beatificacao-do-padre-eustaquio\/#primaryimage\"},\"thumbnailUrl\":\"https:\/\/www.padreeustaquio.com.br\/wp-content\/uploads\/2023\/09\/dona-lilita-visita-pe-vinicius.jpeg\",\"datePublished\":\"2023-09-04T14:26:56+00:00\",\"description\":\"Morreu na manh\u00e3 de hoje, 04 de setembro, dona Maria de Lurdes Guerra Dar\u00e9, a dona Lilita. Ela foi a respons\u00e1vel por transcrever os textos do in\u00edcio do processo de Beatifica\u00e7\u00e3o do Padre Eust\u00e1quio.\",\"breadcrumb\":{\"@id\":\"https:\/\/www.padreeustaquio.com.br\/morre-dona-lilita-escriva-do-processo-de-beatificacao-do-padre-eustaquio\/#breadcrumb\"},\"inLanguage\":\"es\",\"potentialAction\":[{\"@type\":\"ReadAction\",\"target\":[\"https:\/\/www.padreeustaquio.com.br\/morre-dona-lilita-escriva-do-processo-de-beatificacao-do-padre-eustaquio\/\"]}]},{\"@type\":\"ImageObject\",\"inLanguage\":\"es\",\"@id\":\"https:\/\/www.padreeustaquio.com.br\/morre-dona-lilita-escriva-do-processo-de-beatificacao-do-padre-eustaquio\/#primaryimage\",\"url\":\"https:\/\/www.padreeustaquio.com.br\/wp-content\/uploads\/2023\/09\/dona-lilita-visita-pe-vinicius.jpeg\",\"contentUrl\":\"https:\/\/www.padreeustaquio.com.br\/wp-content\/uploads\/2023\/09\/dona-lilita-visita-pe-vinicius.jpeg\",\"width\":748,\"height\":394},{\"@type\":\"BreadcrumbList\",\"@id\":\"https:\/\/www.padreeustaquio.com.br\/morre-dona-lilita-escriva-do-processo-de-beatificacao-do-padre-eustaquio\/#breadcrumb\",\"itemListElement\":[{\"@type\":\"ListItem\",\"position\":1,\"name\":\"In\u00edcio\",\"item\":\"https:\/\/www.padreeustaquio.com.br\/\"},{\"@type\":\"ListItem\",\"position\":2,\"name\":\"Morre Dona Lilita, escriv\u00e3 do processo de Beatifica\u00e7\u00e3o do Padre Eust\u00e1quio\"}]},{\"@type\":\"WebSite\",\"@id\":\"https:\/\/www.padreeustaquio.com.br\/#website\",\"url\":\"https:\/\/www.padreeustaquio.com.br\/\",\"name\":\"Padre Eust\u00e1quio\",\"description\":\"Sa\u00fade e Paz\",\"publisher\":{\"@id\":\"https:\/\/www.padreeustaquio.com.br\/#organization\"},\"potentialAction\":[{\"@type\":\"SearchAction\",\"target\":{\"@type\":\"EntryPoint\",\"urlTemplate\":\"https:\/\/www.padreeustaquio.com.br\/?s={search_term_string}\"},\"query-input\":{\"@type\":\"PropertyValueSpecification\",\"valueRequired\":true,\"valueName\":\"search_term_string\"}}],\"inLanguage\":\"es\"},{\"@type\":\"Organization\",\"@id\":\"https:\/\/www.padreeustaquio.com.br\/#organization\",\"name\":\"Padre Eust\u00e1quio\",\"url\":\"https:\/\/www.padreeustaquio.com.br\/\",\"logo\":{\"@type\":\"ImageObject\",\"inLanguage\":\"es\",\"@id\":\"https:\/\/www.padreeustaquio.com.br\/#\/schema\/logo\/image\/\",\"url\":\"https:\/\/www.padreeustaquio.com.br\/wp-content\/uploads\/2019\/08\/marca.png\",\"contentUrl\":\"https:\/\/www.padreeustaquio.com.br\/wp-content\/uploads\/2019\/08\/marca.png\",\"width\":350,\"height\":400,\"caption\":\"Padre Eust\u00e1quio\"},\"image\":{\"@id\":\"https:\/\/www.padreeustaquio.com.br\/#\/schema\/logo\/image\/\"},\"sameAs\":[\"https:\/\/www.facebook.com\/beatopadreeustaquio\/\",\"https:\/\/x.com\/beatopeustaquio\",\"https:\/\/www.instagram.com\/beatopadreeustaquio\/\",\"https:\/\/www.youtube.com\/channel\/UCRhw7vfabnajwLxb1ZXMeIw\"]},{\"@type\":\"Person\",\"@id\":\"https:\/\/www.padreeustaquio.com.br\/#\/schema\/person\/a2a51db1d00f1a7af0204a0f1ddb1566\",\"name\":\"@sscc\",\"image\":{\"@type\":\"ImageObject\",\"inLanguage\":\"es\",\"@id\":\"https:\/\/secure.gravatar.com\/avatar\/68cfafa5f44617fea54071e215026e0ff06be366c3d54a8425f04fdcb86f8c5f?s=96&d=mm&r=g\",\"url\":\"https:\/\/secure.gravatar.com\/avatar\/68cfafa5f44617fea54071e215026e0ff06be366c3d54a8425f04fdcb86f8c5f?s=96&d=mm&r=g\",\"contentUrl\":\"https:\/\/secure.gravatar.com\/avatar\/68cfafa5f44617fea54071e215026e0ff06be366c3d54a8425f04fdcb86f8c5f?s=96&d=mm&r=g\",\"caption\":\"@sscc\"},\"url\":\"https:\/\/www.padreeustaquio.com.br\/es\/author\/sscc\/\"}]}<\/script>\n<!-- \/ Yoast SEO plugin. -->","yoast_head_json":{"title":"Fallece do\u00f1a Lilita, escribana del proceso de Beatificaci\u00f3n del Padre Eust\u00e1quio.","description":"La Sra. Mar\u00eda de Lurdes Guerra Dar\u00e9, conocida como Do\u00f1a Lilita, falleci\u00f3 esta ma\u00f1ana, 4 de septiembre. Fue la encargada de transcribir los textos para el inicio del proceso de beatificaci\u00f3n del Padre Eust\u00e1quio.","robots":{"index":"index","follow":"follow","max-snippet":"max-snippet:-1","max-image-preview":"max-image-preview:large","max-video-preview":"max-video-preview:-1"},"canonical":"https:\/\/www.padreeustaquio.com.br\/es\/fallece-dona-lilita-escribana-del-proceso-de-beatificacion-del-padre-eustaquio\/","og_locale":"es_ES","og_type":"article","og_title":"Morre Dona Lilita, escriv\u00e3 do processo de Beatifica\u00e7\u00e3o do Padre Eust\u00e1quio","og_description":"Morreu na manh\u00e3 de hoje, 04 de setembro, dona Maria de Lurdes Guerra Dar\u00e9, a dona Lilita. Ela foi a respons\u00e1vel por transcrever os textos do in\u00edcio do processo de Beatifica\u00e7\u00e3o do Padre Eust\u00e1quio.","og_url":"https:\/\/www.padreeustaquio.com.br\/es\/fallece-dona-lilita-escribana-del-proceso-de-beatificacion-del-padre-eustaquio\/","og_site_name":"Padre Eust\u00e1quio","article_publisher":"https:\/\/www.facebook.com\/beatopadreeustaquio\/","article_published_time":"2023-09-04T14:26:56+00:00","og_image":[{"width":748,"height":394,"url":"https:\/\/www.padreeustaquio.com.br\/wp-content\/uploads\/2023\/09\/dona-lilita-visita-pe-vinicius.jpeg","type":"image\/jpeg"}],"author":"@sscc","twitter_card":"summary_large_image","twitter_creator":"@beatopeustaquio","twitter_site":"@beatopeustaquio","twitter_misc":{"Escrito por":"@sscc","Tiempo de lectura":"1 minuto"},"schema":{"@context":"https:\/\/schema.org","@graph":[{"@type":"Article","@id":"https:\/\/www.padreeustaquio.com.br\/morre-dona-lilita-escriva-do-processo-de-beatificacao-do-padre-eustaquio\/#article","isPartOf":{"@id":"https:\/\/www.padreeustaquio.com.br\/morre-dona-lilita-escriva-do-processo-de-beatificacao-do-padre-eustaquio\/"},"author":{"name":"@sscc","@id":"https:\/\/www.padreeustaquio.com.br\/#\/schema\/person\/a2a51db1d00f1a7af0204a0f1ddb1566"},"headline":"Morre Dona Lilita, escriv\u00e3 do processo de Beatifica\u00e7\u00e3o do Padre Eust\u00e1quio","datePublished":"2023-09-04T14:26:56+00:00","mainEntityOfPage":{"@id":"https:\/\/www.padreeustaquio.com.br\/morre-dona-lilita-escriva-do-processo-de-beatificacao-do-padre-eustaquio\/"},"wordCount":191,"commentCount":0,"publisher":{"@id":"https:\/\/www.padreeustaquio.com.br\/#organization"},"image":{"@id":"https:\/\/www.padreeustaquio.com.br\/morre-dona-lilita-escriva-do-processo-de-beatificacao-do-padre-eustaquio\/#primaryimage"},"thumbnailUrl":"https:\/\/www.padreeustaquio.com.br\/wp-content\/uploads\/2023\/09\/dona-lilita-visita-pe-vinicius.jpeg","articleSection":["Not\u00edcias"],"inLanguage":"es","potentialAction":[{"@type":"CommentAction","name":"Comment","target":["https:\/\/www.padreeustaquio.com.br\/morre-dona-lilita-escriva-do-processo-de-beatificacao-do-padre-eustaquio\/#respond"]}]},{"@type":"WebPage","@id":"https:\/\/www.padreeustaquio.com.br\/morre-dona-lilita-escriva-do-processo-de-beatificacao-do-padre-eustaquio\/","url":"https:\/\/www.padreeustaquio.com.br\/morre-dona-lilita-escriva-do-processo-de-beatificacao-do-padre-eustaquio\/","name":"Fallece do\u00f1a Lilita, escribana del proceso de Beatificaci\u00f3n del Padre Eust\u00e1quio.","isPartOf":{"@id":"https:\/\/www.padreeustaquio.com.br\/#website"},"primaryImageOfPage":{"@id":"https:\/\/www.padreeustaquio.com.br\/morre-dona-lilita-escriva-do-processo-de-beatificacao-do-padre-eustaquio\/#primaryimage"},"image":{"@id":"https:\/\/www.padreeustaquio.com.br\/morre-dona-lilita-escriva-do-processo-de-beatificacao-do-padre-eustaquio\/#primaryimage"},"thumbnailUrl":"https:\/\/www.padreeustaquio.com.br\/wp-content\/uploads\/2023\/09\/dona-lilita-visita-pe-vinicius.jpeg","datePublished":"2023-09-04T14:26:56+00:00","description":"La Sra. Mar\u00eda de Lurdes Guerra Dar\u00e9, conocida como Do\u00f1a Lilita, falleci\u00f3 esta ma\u00f1ana, 4 de septiembre. Fue la encargada de transcribir los textos para el inicio del proceso de beatificaci\u00f3n del Padre Eust\u00e1quio.","breadcrumb":{"@id":"https:\/\/www.padreeustaquio.com.br\/morre-dona-lilita-escriva-do-processo-de-beatificacao-do-padre-eustaquio\/#breadcrumb"},"inLanguage":"es","potentialAction":[{"@type":"ReadAction","target":["https:\/\/www.padreeustaquio.com.br\/morre-dona-lilita-escriva-do-processo-de-beatificacao-do-padre-eustaquio\/"]}]},{"@type":"ImageObject","inLanguage":"es","@id":"https:\/\/www.padreeustaquio.com.br\/morre-dona-lilita-escriva-do-processo-de-beatificacao-do-padre-eustaquio\/#primaryimage","url":"https:\/\/www.padreeustaquio.com.br\/wp-content\/uploads\/2023\/09\/dona-lilita-visita-pe-vinicius.jpeg","contentUrl":"https:\/\/www.padreeustaquio.com.br\/wp-content\/uploads\/2023\/09\/dona-lilita-visita-pe-vinicius.jpeg","width":748,"height":394},{"@type":"BreadcrumbList","@id":"https:\/\/www.padreeustaquio.com.br\/morre-dona-lilita-escriva-do-processo-de-beatificacao-do-padre-eustaquio\/#breadcrumb","itemListElement":[{"@type":"ListItem","position":1,"name":"In\u00edcio","item":"https:\/\/www.padreeustaquio.com.br\/"},{"@type":"ListItem","position":2,"name":"Morre Dona Lilita, escriv\u00e3 do processo de Beatifica\u00e7\u00e3o do Padre Eust\u00e1quio"}]},{"@type":"WebSite","@id":"https:\/\/www.padreeustaquio.com.br\/#website","url":"https:\/\/www.padreeustaquio.com.br\/","name":"Padre Eustace","description":"Salud y Paz","publisher":{"@id":"https:\/\/www.padreeustaquio.com.br\/#organization"},"potentialAction":[{"@type":"SearchAction","target":{"@type":"EntryPoint","urlTemplate":"https:\/\/www.padreeustaquio.com.br\/?s={search_term_string}"},"query-input":{"@type":"PropertyValueSpecification","valueRequired":true,"valueName":"search_term_string"}}],"inLanguage":"es"},{"@type":"Organization","@id":"https:\/\/www.padreeustaquio.com.br\/#organization","name":"Padre Eustace","url":"https:\/\/www.padreeustaquio.com.br\/","logo":{"@type":"ImageObject","inLanguage":"es","@id":"https:\/\/www.padreeustaquio.com.br\/#\/schema\/logo\/image\/","url":"https:\/\/www.padreeustaquio.com.br\/wp-content\/uploads\/2019\/08\/marca.png","contentUrl":"https:\/\/www.padreeustaquio.com.br\/wp-content\/uploads\/2019\/08\/marca.png","width":350,"height":400,"caption":"Padre Eust\u00e1quio"},"image":{"@id":"https:\/\/www.padreeustaquio.com.br\/#\/schema\/logo\/image\/"},"sameAs":["https:\/\/www.facebook.com\/beatopadreeustaquio\/","https:\/\/x.com\/beatopeustaquio","https:\/\/www.instagram.com\/beatopadreeustaquio\/","https:\/\/www.youtube.com\/channel\/UCRhw7vfabnajwLxb1ZXMeIw"]},{"@type":"Person","@id":"https:\/\/www.padreeustaquio.com.br\/#\/schema\/person\/a2a51db1d00f1a7af0204a0f1ddb1566","name":"@sscc","image":{"@type":"ImageObject","inLanguage":"es","@id":"https:\/\/secure.gravatar.com\/avatar\/68cfafa5f44617fea54071e215026e0ff06be366c3d54a8425f04fdcb86f8c5f?s=96&d=mm&r=g","url":"https:\/\/secure.gravatar.com\/avatar\/68cfafa5f44617fea54071e215026e0ff06be366c3d54a8425f04fdcb86f8c5f?s=96&d=mm&r=g","contentUrl":"https:\/\/secure.gravatar.com\/avatar\/68cfafa5f44617fea54071e215026e0ff06be366c3d54a8425f04fdcb86f8c5f?s=96&d=mm&r=g","caption":"@sscc"},"url":"https:\/\/www.padreeustaquio.com.br\/es\/author\/sscc\/"}]}},"_links":{"self":[{"href":"https:\/\/www.padreeustaquio.com.br\/es\/wp-json\/wp\/v2\/posts\/10857","targetHints":{"allow":["GET"]}}],"collection":[{"href":"https:\/\/www.padreeustaquio.com.br\/es\/wp-json\/wp\/v2\/posts"}],"about":[{"href":"https:\/\/www.padreeustaquio.com.br\/es\/wp-json\/wp\/v2\/types\/post"}],"author":[{"embeddable":true,"href":"https:\/\/www.padreeustaquio.com.br\/es\/wp-json\/wp\/v2\/users\/2"}],"replies":[{"embeddable":true,"href":"https:\/\/www.padreeustaquio.com.br\/es\/wp-json\/wp\/v2\/comments?post=10857"}],"version-history":[{"count":0,"href":"https:\/\/www.padreeustaquio.com.br\/es\/wp-json\/wp\/v2\/posts\/10857\/revisions"}],"wp:featuredmedia":[{"embeddable":true,"href":"https:\/\/www.padreeustaquio.com.br\/es\/wp-json\/wp\/v2\/media\/10858"}],"wp:attachment":[{"href":"https:\/\/www.padreeustaquio.com.br\/es\/wp-json\/wp\/v2\/media?parent=10857"}],"wp:term":[{"taxonomy":"category","embeddable":true,"href":"https:\/\/www.padreeustaquio.com.br\/es\/wp-json\/wp\/v2\/categories?post=10857"},{"taxonomy":"post_tag","embeddable":true,"href":"https:\/\/www.padreeustaquio.com.br\/es\/wp-json\/wp\/v2\/tags?post=10857"}],"curies":[{"name":"wp","href":"https:\/\/api.w.org\/{rel}","templated":true}]}}