{"id":10845,"date":"2023-08-31T22:16:03","date_gmt":"2023-09-01T01:16:03","guid":{"rendered":"https:\/\/www.padreeustaquio.com.br\/?p=10845"},"modified":"2023-08-31T22:18:25","modified_gmt":"2023-09-01T01:18:25","slug":"mas-de-30-mil-personas-rinden-homenaje-al-padre-eustaquio-en-belo-horizonte","status":"publish","type":"post","link":"https:\/\/www.padreeustaquio.com.br\/es\/mas-de-30-mil-personas-rinden-homenaje-al-padre-eustaquio-en-belo-horizonte\/","title":{"rendered":"M\u00e1s de 30 mil personas rinden homenaje al Padre Eust\u00e1quio en Belo Horizonte."},"content":{"rendered":"<p>M\u00e1s de 30.000 devotos de todo el pa\u00eds, e incluso del extranjero, participaron en las celebraciones del 30 de agosto para conmemorar el 80.\u00ba aniversario de la muerte del Padre Eust\u00e1quio. La fecha recibi\u00f3 una amplia cobertura en todos los medios de comunicaci\u00f3n, especialmente en los canales nacionales de televisi\u00f3n religiosa.<\/p>\n<p>Las festividades en el Santuario Arquidiocesano de Salud y Paz comenzaron a las 6:00 a. m. con la primera misa celebrada por el Provincial de los Sagrados Corazones en Brasil, P. Osv\u00e2nio Mariano, ss.cc. A lo largo del d\u00eda, sacerdotes de la Congregaci\u00f3n oficiaron misas de acci\u00f3n de gracias por el Beato Padre Eustaquio.<\/p>\n<p>La misa de las 9:00 a. m. se transmiti\u00f3 en vivo a todo el pa\u00eds por Rede Vida Televisi\u00f3n. Luego, a las 7:00 p. m., TV Horizonte transmiti\u00f3 la misa solemne.<\/p>\n<p>El momento culminante del d\u00eda fue la inauguraci\u00f3n del Museo Padre Eust\u00e1quio en el Centro Cultural ASPE (adjunto a la iglesia). La ceremonia de inauguraci\u00f3n comenz\u00f3 a las 8:30 a. m. y cont\u00f3 con la presencia de los sobrinos del Padre Eust\u00e1quio y del alcalde de la capital, Fuad Noman, quien, visiblemente emocionado, habl\u00f3 de su devoci\u00f3n al Beato.<\/p>\n<p>Adem\u00e1s de las Misas y la inauguraci\u00f3n del Museo, los fieles y devotos tambi\u00e9n pudieron participar de momentos de Adoraci\u00f3n, rezar el Santo Rosario y visitar los puestos comunitarios instalados en la plaza durante todo el d\u00eda.<\/p>\n<p>Este a\u00f1o, un grupo de 12 personas, familiares del Padre Eust\u00e1quio, particip\u00f3 en las festividades en Belo Horizonte. Adem\u00e1s de Will y Jan, tambi\u00e9n asistieron a la celebraci\u00f3n sobrinos del Beato, primos nietos y sobrinos nietos.<\/p>\n<p>Otra presencia importante fue la del Postulador General de la Causa, P. Andrzej Lukawski, ss.cc. Esta fue la segunda vez que la figura religiosa que representa la Causa de Canonizaci\u00f3n del Padre Eust\u00e1quio ante la Santa Sede asisti\u00f3 a la celebraci\u00f3n en Belo Horizonte.<\/p>\n<p><span class=\"selectable-text copyable-text\">Toda la programaci\u00f3n, incluidas todas las misas y la inauguraci\u00f3n del museo, fue transmitida en vivo por el Canal Padre Eust\u00e1quio (<a href=\"https:\/\/www.youtube.com\/watch?v=sU63vYh1-4g\">REVISAR AQU\u00cd<\/a>La misa solemne, presidida por el rector del Santuario, p. Vin\u00edcius Maciel, ss.cc, apareci\u00f3 en TV Can\u00e7\u00e3o Nova y tambi\u00e9n fue transmitido por Canal Padre Eust\u00e1quio (<a href=\"https:\/\/www.youtube.com\/watch?v=o8Uc1xtH6Ik\">REVISAR AQU\u00cd<\/a>).<\/span><\/p>\n\n\t\t<style type=\"text\/css\">\n\t\t\t#gallery-1 {\n\t\t\t\tmargin: auto;\n\t\t\t}\n\t\t\t#gallery-1 .gallery-item {\n\t\t\t\tfloat: left;\n\t\t\t\tmargin-top: 10px;\n\t\t\t\ttext-align: center;\n\t\t\t\twidth: 33%;\n\t\t\t}\n\t\t\t#gallery-1 img {\n\t\t\t\tborder: 2px solid #cfcfcf;\n\t\t\t}\n\t\t\t#gallery-1 .gallery-caption {\n\t\t\t\tmargin-left: 0;\n\t\t\t}\n\t\t\t\/* see gallery_shortcode() in wp-includes\/media.php *\/\n\t\t<\/style>\n\t\t<div id='gallery-1' class='gallery galleryid-10845 gallery-columns-3 gallery-size-thumbnail'><dl class='gallery-item'>\n\t\t\t<dt class='gallery-icon landscape'>\n\t\t\t\t<a href='https:\/\/www.padreeustaquio.com.br\/es\/mas-de-30-mil-personas-rinden-homenaje-al-padre-eustaquio-en-belo-horizonte\/festa-pe-2023-2\/'><img decoding=\"async\" width=\"150\" height=\"150\" src=\"https:\/\/www.padreeustaquio.com.br\/wp-content\/uploads\/2023\/08\/FESTA-PE-2023-2-150x150.jpeg\" class=\"attachment-thumbnail size-thumbnail\" alt=\"\" srcset=\"https:\/\/www.padreeustaquio.com.br\/wp-content\/uploads\/2023\/08\/FESTA-PE-2023-2-150x150.jpeg 150w, https:\/\/www.padreeustaquio.com.br\/wp-content\/uploads\/2023\/08\/FESTA-PE-2023-2-75x75.jpeg 75w, https:\/\/www.padreeustaquio.com.br\/wp-content\/uploads\/2023\/08\/FESTA-PE-2023-2-180x180.jpeg 180w, https:\/\/www.padreeustaquio.com.br\/wp-content\/uploads\/2023\/08\/FESTA-PE-2023-2-400x400.jpeg 400w, https:\/\/www.padreeustaquio.com.br\/wp-content\/uploads\/2023\/08\/FESTA-PE-2023-2-600x600.jpeg 600w\" sizes=\"(max-width: 150px) 100vw, 150px\" \/><\/a>\n\t\t\t<\/dt><\/dl><dl class='gallery-item'>\n\t\t\t<dt class='gallery-icon landscape'>\n\t\t\t\t<a href='https:\/\/www.padreeustaquio.com.br\/es\/mas-de-30-mil-personas-rinden-homenaje-al-padre-eustaquio-en-belo-horizonte\/festa-pe-2023-3\/'><img decoding=\"async\" width=\"150\" height=\"150\" src=\"https:\/\/www.padreeustaquio.com.br\/wp-content\/uploads\/2023\/08\/FESTA-PE-2023-3-150x150.jpeg\" class=\"attachment-thumbnail size-thumbnail\" alt=\"\" srcset=\"https:\/\/www.padreeustaquio.com.br\/wp-content\/uploads\/2023\/08\/FESTA-PE-2023-3-150x150.jpeg 150w, https:\/\/www.padreeustaquio.com.br\/wp-content\/uploads\/2023\/08\/FESTA-PE-2023-3-75x75.jpeg 75w, https:\/\/www.padreeustaquio.com.br\/wp-content\/uploads\/2023\/08\/FESTA-PE-2023-3-180x180.jpeg 180w, https:\/\/www.padreeustaquio.com.br\/wp-content\/uploads\/2023\/08\/FESTA-PE-2023-3-400x400.jpeg 400w, https:\/\/www.padreeustaquio.com.br\/wp-content\/uploads\/2023\/08\/FESTA-PE-2023-3-600x600.jpeg 600w\" sizes=\"(max-width: 150px) 100vw, 150px\" \/><\/a>\n\t\t\t<\/dt><\/dl><dl class='gallery-item'>\n\t\t\t<dt class='gallery-icon landscape'>\n\t\t\t\t<a href='https:\/\/www.padreeustaquio.com.br\/es\/mas-de-30-mil-personas-rinden-homenaje-al-padre-eustaquio-en-belo-horizonte\/festa-pe-2023-4\/'><img decoding=\"async\" width=\"150\" height=\"150\" src=\"https:\/\/www.padreeustaquio.com.br\/wp-content\/uploads\/2023\/08\/FESTA-PE-2023-4-150x150.jpeg\" class=\"attachment-thumbnail size-thumbnail\" alt=\"\" srcset=\"https:\/\/www.padreeustaquio.com.br\/wp-content\/uploads\/2023\/08\/FESTA-PE-2023-4-150x150.jpeg 150w, https:\/\/www.padreeustaquio.com.br\/wp-content\/uploads\/2023\/08\/FESTA-PE-2023-4-75x75.jpeg 75w, https:\/\/www.padreeustaquio.com.br\/wp-content\/uploads\/2023\/08\/FESTA-PE-2023-4-180x180.jpeg 180w, https:\/\/www.padreeustaquio.com.br\/wp-content\/uploads\/2023\/08\/FESTA-PE-2023-4-400x400.jpeg 400w, https:\/\/www.padreeustaquio.com.br\/wp-content\/uploads\/2023\/08\/FESTA-PE-2023-4-600x600.jpeg 600w\" sizes=\"(max-width: 150px) 100vw, 150px\" \/><\/a>\n\t\t\t<\/dt><\/dl><br style=\"clear: both\" \/><dl class='gallery-item'>\n\t\t\t<dt class='gallery-icon landscape'>\n\t\t\t\t<a href='https:\/\/www.padreeustaquio.com.br\/es\/mas-de-30-mil-personas-rinden-homenaje-al-padre-eustaquio-en-belo-horizonte\/festa-pe-2023-5\/'><img loading=\"lazy\" decoding=\"async\" width=\"150\" height=\"150\" src=\"https:\/\/www.padreeustaquio.com.br\/wp-content\/uploads\/2023\/08\/FESTA-PE-2023-5-150x150.jpeg\" class=\"attachment-thumbnail size-thumbnail\" alt=\"\" srcset=\"https:\/\/www.padreeustaquio.com.br\/wp-content\/uploads\/2023\/08\/FESTA-PE-2023-5-150x150.jpeg 150w, https:\/\/www.padreeustaquio.com.br\/wp-content\/uploads\/2023\/08\/FESTA-PE-2023-5-75x75.jpeg 75w, https:\/\/www.padreeustaquio.com.br\/wp-content\/uploads\/2023\/08\/FESTA-PE-2023-5-180x180.jpeg 180w, https:\/\/www.padreeustaquio.com.br\/wp-content\/uploads\/2023\/08\/FESTA-PE-2023-5-400x400.jpeg 400w, https:\/\/www.padreeustaquio.com.br\/wp-content\/uploads\/2023\/08\/FESTA-PE-2023-5-600x600.jpeg 600w\" sizes=\"(max-width: 150px) 100vw, 150px\" \/><\/a>\n\t\t\t<\/dt><\/dl><dl class='gallery-item'>\n\t\t\t<dt class='gallery-icon landscape'>\n\t\t\t\t<a href='https:\/\/www.padreeustaquio.com.br\/es\/mas-de-30-mil-personas-rinden-homenaje-al-padre-eustaquio-en-belo-horizonte\/festa-pe-2023-6\/'><img loading=\"lazy\" decoding=\"async\" width=\"150\" height=\"150\" src=\"https:\/\/www.padreeustaquio.com.br\/wp-content\/uploads\/2023\/08\/FESTA-PE-2023-6-150x150.jpeg\" class=\"attachment-thumbnail size-thumbnail\" alt=\"\" srcset=\"https:\/\/www.padreeustaquio.com.br\/wp-content\/uploads\/2023\/08\/FESTA-PE-2023-6-150x150.jpeg 150w, https:\/\/www.padreeustaquio.com.br\/wp-content\/uploads\/2023\/08\/FESTA-PE-2023-6-75x75.jpeg 75w, https:\/\/www.padreeustaquio.com.br\/wp-content\/uploads\/2023\/08\/FESTA-PE-2023-6-180x180.jpeg 180w, https:\/\/www.padreeustaquio.com.br\/wp-content\/uploads\/2023\/08\/FESTA-PE-2023-6-400x400.jpeg 400w, https:\/\/www.padreeustaquio.com.br\/wp-content\/uploads\/2023\/08\/FESTA-PE-2023-6-600x600.jpeg 600w\" sizes=\"(max-width: 150px) 100vw, 150px\" \/><\/a>\n\t\t\t<\/dt><\/dl><dl class='gallery-item'>\n\t\t\t<dt class='gallery-icon landscape'>\n\t\t\t\t<a href='https:\/\/www.padreeustaquio.com.br\/es\/mas-de-30-mil-personas-rinden-homenaje-al-padre-eustaquio-en-belo-horizonte\/festa-pe-2023-7\/'><img loading=\"lazy\" decoding=\"async\" width=\"150\" height=\"150\" src=\"https:\/\/www.padreeustaquio.com.br\/wp-content\/uploads\/2023\/08\/FESTA-PE-2023-7-150x150.jpeg\" class=\"attachment-thumbnail size-thumbnail\" alt=\"\" srcset=\"https:\/\/www.padreeustaquio.com.br\/wp-content\/uploads\/2023\/08\/FESTA-PE-2023-7-150x150.jpeg 150w, https:\/\/www.padreeustaquio.com.br\/wp-content\/uploads\/2023\/08\/FESTA-PE-2023-7-75x75.jpeg 75w, https:\/\/www.padreeustaquio.com.br\/wp-content\/uploads\/2023\/08\/FESTA-PE-2023-7-180x180.jpeg 180w, https:\/\/www.padreeustaquio.com.br\/wp-content\/uploads\/2023\/08\/FESTA-PE-2023-7-400x400.jpeg 400w, https:\/\/www.padreeustaquio.com.br\/wp-content\/uploads\/2023\/08\/FESTA-PE-2023-7-600x600.jpeg 600w\" sizes=\"(max-width: 150px) 100vw, 150px\" \/><\/a>\n\t\t\t<\/dt><\/dl><br style=\"clear: both\" \/><dl class='gallery-item'>\n\t\t\t<dt class='gallery-icon landscape'>\n\t\t\t\t<a href='https:\/\/www.padreeustaquio.com.br\/es\/mas-de-30-mil-personas-rinden-homenaje-al-padre-eustaquio-en-belo-horizonte\/festa-pe-2023-8\/'><img loading=\"lazy\" decoding=\"async\" width=\"150\" height=\"150\" src=\"https:\/\/www.padreeustaquio.com.br\/wp-content\/uploads\/2023\/08\/FESTA-PE-2023-8-150x150.jpeg\" class=\"attachment-thumbnail size-thumbnail\" alt=\"\" srcset=\"https:\/\/www.padreeustaquio.com.br\/wp-content\/uploads\/2023\/08\/FESTA-PE-2023-8-150x150.jpeg 150w, https:\/\/www.padreeustaquio.com.br\/wp-content\/uploads\/2023\/08\/FESTA-PE-2023-8-75x75.jpeg 75w, https:\/\/www.padreeustaquio.com.br\/wp-content\/uploads\/2023\/08\/FESTA-PE-2023-8-180x180.jpeg 180w, https:\/\/www.padreeustaquio.com.br\/wp-content\/uploads\/2023\/08\/FESTA-PE-2023-8-400x400.jpeg 400w, https:\/\/www.padreeustaquio.com.br\/wp-content\/uploads\/2023\/08\/FESTA-PE-2023-8-600x600.jpeg 600w\" sizes=\"(max-width: 150px) 100vw, 150px\" \/><\/a>\n\t\t\t<\/dt><\/dl><dl class='gallery-item'>\n\t\t\t<dt class='gallery-icon landscape'>\n\t\t\t\t<a href='https:\/\/www.padreeustaquio.com.br\/es\/mas-de-30-mil-personas-rinden-homenaje-al-padre-eustaquio-en-belo-horizonte\/festa-pe-2023-1\/'><img loading=\"lazy\" decoding=\"async\" width=\"150\" height=\"150\" src=\"https:\/\/www.padreeustaquio.com.br\/wp-content\/uploads\/2023\/08\/FESTA-PE-2023-1-150x150.jpeg\" class=\"attachment-thumbnail size-thumbnail\" alt=\"\" srcset=\"https:\/\/www.padreeustaquio.com.br\/wp-content\/uploads\/2023\/08\/FESTA-PE-2023-1-150x150.jpeg 150w, https:\/\/www.padreeustaquio.com.br\/wp-content\/uploads\/2023\/08\/FESTA-PE-2023-1-75x75.jpeg 75w, https:\/\/www.padreeustaquio.com.br\/wp-content\/uploads\/2023\/08\/FESTA-PE-2023-1-180x180.jpeg 180w, https:\/\/www.padreeustaquio.com.br\/wp-content\/uploads\/2023\/08\/FESTA-PE-2023-1-400x400.jpeg 400w, https:\/\/www.padreeustaquio.com.br\/wp-content\/uploads\/2023\/08\/FESTA-PE-2023-1-600x600.jpeg 600w\" sizes=\"(max-width: 150px) 100vw, 150px\" \/><\/a>\n\t\t\t<\/dt><\/dl>\n\t\t\t<br style='clear: both' \/>\n\t\t<\/div>","protected":false},"excerpt":{"rendered":"<p>Mais de 30 mil devotos de todo o pa\u00eds e at\u00e9 de fora do Brasil participaram neste 30 de agosto das celebra\u00e7\u00f5es pelos 80 anos da morte de Padre Eust\u00e1quio. A data repercutiu bastante em todos os meios de comunica\u00e7\u00e3o, especialmente nas TVs religiosas nacionais. As festividades no Santu\u00e1rio Arquidiocesano da Sa\u00fade e da Paz tiveram in\u00edcio \u00e0s 6h com a primeira missa celebrada pelo Provincial dos Sagrados Cora\u00e7\u00f5es no Brasil, Pe. Osv\u00e2nio Mariano, ss.cc. Ao longo de todo o dia, padres da Congrega\u00e7\u00e3o presidiram missas em A\u00e7\u00e3o de Gra\u00e7as pelo Beato Padre Eust\u00e1quio. A missa das 9h foi transmitida [&hellip;]<\/p>\n","protected":false},"author":2,"featured_media":10846,"comment_status":"open","ping_status":"closed","sticky":false,"template":"","format":"standard","meta":{"_acf_changed":false,"footnotes":""},"categories":[611],"tags":[],"class_list":["post-10845","post","type-post","status-publish","format-standard","has-post-thumbnail","hentry","category-noticias"],"acf":[],"yoast_head":"<!-- This site is optimized with the Yoast SEO plugin v27.2 - https:\/\/yoast.com\/product\/yoast-seo-wordpress\/ -->\n<title>Mais de 30 mil pessoas homenageiam Padre Eust\u00e1quio em BH<\/title>\n<meta name=\"description\" content=\"Mais de 30 mil devotos de todo o pa\u00eds e at\u00e9 de fora do Brasil participaram neste 30 de agosto das celebra\u00e7\u00f5es pelos 80 anos da morte de Padre Eust\u00e1quio. A data repercutiu bastante em todos os meios de comunica\u00e7\u00e3o, especialmente nas TVs religiosas nacionais.\" \/>\n<meta name=\"robots\" content=\"index, follow, max-snippet:-1, max-image-preview:large, max-video-preview:-1\" \/>\n<link rel=\"canonical\" href=\"https:\/\/www.padreeustaquio.com.br\/es\/mas-de-30-mil-personas-rinden-homenaje-al-padre-eustaquio-en-belo-horizonte\/\" \/>\n<meta property=\"og:locale\" content=\"es_ES\" \/>\n<meta property=\"og:type\" content=\"article\" \/>\n<meta property=\"og:title\" content=\"Mais de 30 mil pessoas homenageiam Padre Eust\u00e1quio em BH\" \/>\n<meta property=\"og:description\" content=\"Mais de 30 mil devotos de todo o pa\u00eds e at\u00e9 de fora do Brasil participaram neste 30 de agosto das celebra\u00e7\u00f5es pelos 80 anos da morte de Padre Eust\u00e1quio. A data repercutiu bastante em todos os meios de comunica\u00e7\u00e3o, especialmente nas TVs religiosas nacionais.\" \/>\n<meta property=\"og:url\" content=\"https:\/\/www.padreeustaquio.com.br\/es\/mas-de-30-mil-personas-rinden-homenaje-al-padre-eustaquio-en-belo-horizonte\/\" \/>\n<meta property=\"og:site_name\" content=\"Padre Eust\u00e1quio\" \/>\n<meta property=\"article:publisher\" content=\"https:\/\/www.facebook.com\/beatopadreeustaquio\/\" \/>\n<meta property=\"article:published_time\" content=\"2023-09-01T01:16:03+00:00\" \/>\n<meta property=\"article:modified_time\" content=\"2023-09-01T01:18:25+00:00\" \/>\n<meta property=\"og:image\" content=\"https:\/\/www.padreeustaquio.com.br\/wp-content\/uploads\/2023\/08\/dia-pe-2023.jpeg\" \/>\n\t<meta property=\"og:image:width\" content=\"1600\" \/>\n\t<meta property=\"og:image:height\" content=\"901\" \/>\n\t<meta property=\"og:image:type\" content=\"image\/jpeg\" \/>\n<meta name=\"author\" content=\"@sscc\" \/>\n<meta name=\"twitter:card\" content=\"summary_large_image\" \/>\n<meta name=\"twitter:creator\" content=\"@beatopeustaquio\" \/>\n<meta name=\"twitter:site\" content=\"@beatopeustaquio\" \/>\n<meta name=\"twitter:label1\" content=\"Escrito por\" \/>\n\t<meta name=\"twitter:data1\" content=\"@sscc\" \/>\n\t<meta name=\"twitter:label2\" content=\"Tiempo de lectura\" \/>\n\t<meta name=\"twitter:data2\" content=\"2 minutos\" \/>\n<script type=\"application\/ld+json\" class=\"yoast-schema-graph\">{\"@context\":\"https:\/\/schema.org\",\"@graph\":[{\"@type\":\"Article\",\"@id\":\"https:\/\/www.padreeustaquio.com.br\/mais-de-30-mil-pessoas-homenageiam-padre-eustaquio-em-bh\/#article\",\"isPartOf\":{\"@id\":\"https:\/\/www.padreeustaquio.com.br\/mais-de-30-mil-pessoas-homenageiam-padre-eustaquio-em-bh\/\"},\"author\":{\"name\":\"@sscc\",\"@id\":\"https:\/\/www.padreeustaquio.com.br\/#\/schema\/person\/a2a51db1d00f1a7af0204a0f1ddb1566\"},\"headline\":\"Mais de 30 mil pessoas homenageiam Padre Eust\u00e1quio em BH\",\"datePublished\":\"2023-09-01T01:16:03+00:00\",\"dateModified\":\"2023-09-01T01:18:25+00:00\",\"mainEntityOfPage\":{\"@id\":\"https:\/\/www.padreeustaquio.com.br\/mais-de-30-mil-pessoas-homenageiam-padre-eustaquio-em-bh\/\"},\"wordCount\":384,\"commentCount\":0,\"publisher\":{\"@id\":\"https:\/\/www.padreeustaquio.com.br\/#organization\"},\"image\":{\"@id\":\"https:\/\/www.padreeustaquio.com.br\/mais-de-30-mil-pessoas-homenageiam-padre-eustaquio-em-bh\/#primaryimage\"},\"thumbnailUrl\":\"https:\/\/www.padreeustaquio.com.br\/wp-content\/uploads\/2023\/08\/dia-pe-2023.jpeg\",\"articleSection\":[\"Not\u00edcias\"],\"inLanguage\":\"es\",\"potentialAction\":[{\"@type\":\"CommentAction\",\"name\":\"Comment\",\"target\":[\"https:\/\/www.padreeustaquio.com.br\/mais-de-30-mil-pessoas-homenageiam-padre-eustaquio-em-bh\/#respond\"]}]},{\"@type\":\"WebPage\",\"@id\":\"https:\/\/www.padreeustaquio.com.br\/mais-de-30-mil-pessoas-homenageiam-padre-eustaquio-em-bh\/\",\"url\":\"https:\/\/www.padreeustaquio.com.br\/mais-de-30-mil-pessoas-homenageiam-padre-eustaquio-em-bh\/\",\"name\":\"Mais de 30 mil pessoas homenageiam Padre Eust\u00e1quio em BH\",\"isPartOf\":{\"@id\":\"https:\/\/www.padreeustaquio.com.br\/#website\"},\"primaryImageOfPage\":{\"@id\":\"https:\/\/www.padreeustaquio.com.br\/mais-de-30-mil-pessoas-homenageiam-padre-eustaquio-em-bh\/#primaryimage\"},\"image\":{\"@id\":\"https:\/\/www.padreeustaquio.com.br\/mais-de-30-mil-pessoas-homenageiam-padre-eustaquio-em-bh\/#primaryimage\"},\"thumbnailUrl\":\"https:\/\/www.padreeustaquio.com.br\/wp-content\/uploads\/2023\/08\/dia-pe-2023.jpeg\",\"datePublished\":\"2023-09-01T01:16:03+00:00\",\"dateModified\":\"2023-09-01T01:18:25+00:00\",\"description\":\"Mais de 30 mil devotos de todo o pa\u00eds e at\u00e9 de fora do Brasil participaram neste 30 de agosto das celebra\u00e7\u00f5es pelos 80 anos da morte de Padre Eust\u00e1quio. A data repercutiu bastante em todos os meios de comunica\u00e7\u00e3o, especialmente nas TVs religiosas nacionais.\",\"breadcrumb\":{\"@id\":\"https:\/\/www.padreeustaquio.com.br\/mais-de-30-mil-pessoas-homenageiam-padre-eustaquio-em-bh\/#breadcrumb\"},\"inLanguage\":\"es\",\"potentialAction\":[{\"@type\":\"ReadAction\",\"target\":[\"https:\/\/www.padreeustaquio.com.br\/mais-de-30-mil-pessoas-homenageiam-padre-eustaquio-em-bh\/\"]}]},{\"@type\":\"ImageObject\",\"inLanguage\":\"es\",\"@id\":\"https:\/\/www.padreeustaquio.com.br\/mais-de-30-mil-pessoas-homenageiam-padre-eustaquio-em-bh\/#primaryimage\",\"url\":\"https:\/\/www.padreeustaquio.com.br\/wp-content\/uploads\/2023\/08\/dia-pe-2023.jpeg\",\"contentUrl\":\"https:\/\/www.padreeustaquio.com.br\/wp-content\/uploads\/2023\/08\/dia-pe-2023.jpeg\",\"width\":1600,\"height\":901},{\"@type\":\"BreadcrumbList\",\"@id\":\"https:\/\/www.padreeustaquio.com.br\/mais-de-30-mil-pessoas-homenageiam-padre-eustaquio-em-bh\/#breadcrumb\",\"itemListElement\":[{\"@type\":\"ListItem\",\"position\":1,\"name\":\"In\u00edcio\",\"item\":\"https:\/\/www.padreeustaquio.com.br\/\"},{\"@type\":\"ListItem\",\"position\":2,\"name\":\"Mais de 30 mil pessoas homenageiam Padre Eust\u00e1quio em BH\"}]},{\"@type\":\"WebSite\",\"@id\":\"https:\/\/www.padreeustaquio.com.br\/#website\",\"url\":\"https:\/\/www.padreeustaquio.com.br\/\",\"name\":\"Padre Eust\u00e1quio\",\"description\":\"Sa\u00fade e Paz\",\"publisher\":{\"@id\":\"https:\/\/www.padreeustaquio.com.br\/#organization\"},\"potentialAction\":[{\"@type\":\"SearchAction\",\"target\":{\"@type\":\"EntryPoint\",\"urlTemplate\":\"https:\/\/www.padreeustaquio.com.br\/?s={search_term_string}\"},\"query-input\":{\"@type\":\"PropertyValueSpecification\",\"valueRequired\":true,\"valueName\":\"search_term_string\"}}],\"inLanguage\":\"es\"},{\"@type\":\"Organization\",\"@id\":\"https:\/\/www.padreeustaquio.com.br\/#organization\",\"name\":\"Padre Eust\u00e1quio\",\"url\":\"https:\/\/www.padreeustaquio.com.br\/\",\"logo\":{\"@type\":\"ImageObject\",\"inLanguage\":\"es\",\"@id\":\"https:\/\/www.padreeustaquio.com.br\/#\/schema\/logo\/image\/\",\"url\":\"https:\/\/www.padreeustaquio.com.br\/wp-content\/uploads\/2019\/08\/marca.png\",\"contentUrl\":\"https:\/\/www.padreeustaquio.com.br\/wp-content\/uploads\/2019\/08\/marca.png\",\"width\":350,\"height\":400,\"caption\":\"Padre Eust\u00e1quio\"},\"image\":{\"@id\":\"https:\/\/www.padreeustaquio.com.br\/#\/schema\/logo\/image\/\"},\"sameAs\":[\"https:\/\/www.facebook.com\/beatopadreeustaquio\/\",\"https:\/\/x.com\/beatopeustaquio\",\"https:\/\/www.instagram.com\/beatopadreeustaquio\/\",\"https:\/\/www.youtube.com\/channel\/UCRhw7vfabnajwLxb1ZXMeIw\"]},{\"@type\":\"Person\",\"@id\":\"https:\/\/www.padreeustaquio.com.br\/#\/schema\/person\/a2a51db1d00f1a7af0204a0f1ddb1566\",\"name\":\"@sscc\",\"image\":{\"@type\":\"ImageObject\",\"inLanguage\":\"es\",\"@id\":\"https:\/\/secure.gravatar.com\/avatar\/68cfafa5f44617fea54071e215026e0ff06be366c3d54a8425f04fdcb86f8c5f?s=96&d=mm&r=g\",\"url\":\"https:\/\/secure.gravatar.com\/avatar\/68cfafa5f44617fea54071e215026e0ff06be366c3d54a8425f04fdcb86f8c5f?s=96&d=mm&r=g\",\"contentUrl\":\"https:\/\/secure.gravatar.com\/avatar\/68cfafa5f44617fea54071e215026e0ff06be366c3d54a8425f04fdcb86f8c5f?s=96&d=mm&r=g\",\"caption\":\"@sscc\"},\"url\":\"https:\/\/www.padreeustaquio.com.br\/es\/author\/sscc\/\"}]}<\/script>\n<!-- \/ Yoast SEO plugin. -->","yoast_head_json":{"title":"M\u00e1s de 30 mil personas rinden homenaje al Padre Eust\u00e1quio en Belo Horizonte.","description":"M\u00e1s de 30.000 devotos de todo el pa\u00eds, e incluso del extranjero, participaron en las celebraciones del 30 de agosto para conmemorar el 80.\u00ba aniversario de la muerte del Padre Eust\u00e1quio. La fecha recibi\u00f3 una amplia cobertura en todos los medios de comunicaci\u00f3n, especialmente en los canales nacionales de televisi\u00f3n religiosa.","robots":{"index":"index","follow":"follow","max-snippet":"max-snippet:-1","max-image-preview":"max-image-preview:large","max-video-preview":"max-video-preview:-1"},"canonical":"https:\/\/www.padreeustaquio.com.br\/es\/mas-de-30-mil-personas-rinden-homenaje-al-padre-eustaquio-en-belo-horizonte\/","og_locale":"es_ES","og_type":"article","og_title":"Mais de 30 mil pessoas homenageiam Padre Eust\u00e1quio em BH","og_description":"Mais de 30 mil devotos de todo o pa\u00eds e at\u00e9 de fora do Brasil participaram neste 30 de agosto das celebra\u00e7\u00f5es pelos 80 anos da morte de Padre Eust\u00e1quio. A data repercutiu bastante em todos os meios de comunica\u00e7\u00e3o, especialmente nas TVs religiosas nacionais.","og_url":"https:\/\/www.padreeustaquio.com.br\/es\/mas-de-30-mil-personas-rinden-homenaje-al-padre-eustaquio-en-belo-horizonte\/","og_site_name":"Padre Eust\u00e1quio","article_publisher":"https:\/\/www.facebook.com\/beatopadreeustaquio\/","article_published_time":"2023-09-01T01:16:03+00:00","article_modified_time":"2023-09-01T01:18:25+00:00","og_image":[{"width":1600,"height":901,"url":"https:\/\/www.padreeustaquio.com.br\/wp-content\/uploads\/2023\/08\/dia-pe-2023.jpeg","type":"image\/jpeg"}],"author":"@sscc","twitter_card":"summary_large_image","twitter_creator":"@beatopeustaquio","twitter_site":"@beatopeustaquio","twitter_misc":{"Escrito por":"@sscc","Tiempo de lectura":"2 minutos"},"schema":{"@context":"https:\/\/schema.org","@graph":[{"@type":"Article","@id":"https:\/\/www.padreeustaquio.com.br\/mais-de-30-mil-pessoas-homenageiam-padre-eustaquio-em-bh\/#article","isPartOf":{"@id":"https:\/\/www.padreeustaquio.com.br\/mais-de-30-mil-pessoas-homenageiam-padre-eustaquio-em-bh\/"},"author":{"name":"@sscc","@id":"https:\/\/www.padreeustaquio.com.br\/#\/schema\/person\/a2a51db1d00f1a7af0204a0f1ddb1566"},"headline":"Mais de 30 mil pessoas homenageiam Padre Eust\u00e1quio em BH","datePublished":"2023-09-01T01:16:03+00:00","dateModified":"2023-09-01T01:18:25+00:00","mainEntityOfPage":{"@id":"https:\/\/www.padreeustaquio.com.br\/mais-de-30-mil-pessoas-homenageiam-padre-eustaquio-em-bh\/"},"wordCount":384,"commentCount":0,"publisher":{"@id":"https:\/\/www.padreeustaquio.com.br\/#organization"},"image":{"@id":"https:\/\/www.padreeustaquio.com.br\/mais-de-30-mil-pessoas-homenageiam-padre-eustaquio-em-bh\/#primaryimage"},"thumbnailUrl":"https:\/\/www.padreeustaquio.com.br\/wp-content\/uploads\/2023\/08\/dia-pe-2023.jpeg","articleSection":["Not\u00edcias"],"inLanguage":"es","potentialAction":[{"@type":"CommentAction","name":"Comment","target":["https:\/\/www.padreeustaquio.com.br\/mais-de-30-mil-pessoas-homenageiam-padre-eustaquio-em-bh\/#respond"]}]},{"@type":"WebPage","@id":"https:\/\/www.padreeustaquio.com.br\/mais-de-30-mil-pessoas-homenageiam-padre-eustaquio-em-bh\/","url":"https:\/\/www.padreeustaquio.com.br\/mais-de-30-mil-pessoas-homenageiam-padre-eustaquio-em-bh\/","name":"M\u00e1s de 30 mil personas rinden homenaje al Padre Eust\u00e1quio en Belo Horizonte.","isPartOf":{"@id":"https:\/\/www.padreeustaquio.com.br\/#website"},"primaryImageOfPage":{"@id":"https:\/\/www.padreeustaquio.com.br\/mais-de-30-mil-pessoas-homenageiam-padre-eustaquio-em-bh\/#primaryimage"},"image":{"@id":"https:\/\/www.padreeustaquio.com.br\/mais-de-30-mil-pessoas-homenageiam-padre-eustaquio-em-bh\/#primaryimage"},"thumbnailUrl":"https:\/\/www.padreeustaquio.com.br\/wp-content\/uploads\/2023\/08\/dia-pe-2023.jpeg","datePublished":"2023-09-01T01:16:03+00:00","dateModified":"2023-09-01T01:18:25+00:00","description":"M\u00e1s de 30.000 devotos de todo el pa\u00eds, e incluso del extranjero, participaron en las celebraciones del 30 de agosto para conmemorar el 80.\u00ba aniversario de la muerte del Padre Eust\u00e1quio. La fecha recibi\u00f3 una amplia cobertura en todos los medios de comunicaci\u00f3n, especialmente en los canales nacionales de televisi\u00f3n religiosa.","breadcrumb":{"@id":"https:\/\/www.padreeustaquio.com.br\/mais-de-30-mil-pessoas-homenageiam-padre-eustaquio-em-bh\/#breadcrumb"},"inLanguage":"es","potentialAction":[{"@type":"ReadAction","target":["https:\/\/www.padreeustaquio.com.br\/mais-de-30-mil-pessoas-homenageiam-padre-eustaquio-em-bh\/"]}]},{"@type":"ImageObject","inLanguage":"es","@id":"https:\/\/www.padreeustaquio.com.br\/mais-de-30-mil-pessoas-homenageiam-padre-eustaquio-em-bh\/#primaryimage","url":"https:\/\/www.padreeustaquio.com.br\/wp-content\/uploads\/2023\/08\/dia-pe-2023.jpeg","contentUrl":"https:\/\/www.padreeustaquio.com.br\/wp-content\/uploads\/2023\/08\/dia-pe-2023.jpeg","width":1600,"height":901},{"@type":"BreadcrumbList","@id":"https:\/\/www.padreeustaquio.com.br\/mais-de-30-mil-pessoas-homenageiam-padre-eustaquio-em-bh\/#breadcrumb","itemListElement":[{"@type":"ListItem","position":1,"name":"In\u00edcio","item":"https:\/\/www.padreeustaquio.com.br\/"},{"@type":"ListItem","position":2,"name":"Mais de 30 mil pessoas homenageiam Padre Eust\u00e1quio em BH"}]},{"@type":"WebSite","@id":"https:\/\/www.padreeustaquio.com.br\/#website","url":"https:\/\/www.padreeustaquio.com.br\/","name":"Padre Eustace","description":"Salud y Paz","publisher":{"@id":"https:\/\/www.padreeustaquio.com.br\/#organization"},"potentialAction":[{"@type":"SearchAction","target":{"@type":"EntryPoint","urlTemplate":"https:\/\/www.padreeustaquio.com.br\/?s={search_term_string}"},"query-input":{"@type":"PropertyValueSpecification","valueRequired":true,"valueName":"search_term_string"}}],"inLanguage":"es"},{"@type":"Organization","@id":"https:\/\/www.padreeustaquio.com.br\/#organization","name":"Padre Eustace","url":"https:\/\/www.padreeustaquio.com.br\/","logo":{"@type":"ImageObject","inLanguage":"es","@id":"https:\/\/www.padreeustaquio.com.br\/#\/schema\/logo\/image\/","url":"https:\/\/www.padreeustaquio.com.br\/wp-content\/uploads\/2019\/08\/marca.png","contentUrl":"https:\/\/www.padreeustaquio.com.br\/wp-content\/uploads\/2019\/08\/marca.png","width":350,"height":400,"caption":"Padre Eust\u00e1quio"},"image":{"@id":"https:\/\/www.padreeustaquio.com.br\/#\/schema\/logo\/image\/"},"sameAs":["https:\/\/www.facebook.com\/beatopadreeustaquio\/","https:\/\/x.com\/beatopeustaquio","https:\/\/www.instagram.com\/beatopadreeustaquio\/","https:\/\/www.youtube.com\/channel\/UCRhw7vfabnajwLxb1ZXMeIw"]},{"@type":"Person","@id":"https:\/\/www.padreeustaquio.com.br\/#\/schema\/person\/a2a51db1d00f1a7af0204a0f1ddb1566","name":"@sscc","image":{"@type":"ImageObject","inLanguage":"es","@id":"https:\/\/secure.gravatar.com\/avatar\/68cfafa5f44617fea54071e215026e0ff06be366c3d54a8425f04fdcb86f8c5f?s=96&d=mm&r=g","url":"https:\/\/secure.gravatar.com\/avatar\/68cfafa5f44617fea54071e215026e0ff06be366c3d54a8425f04fdcb86f8c5f?s=96&d=mm&r=g","contentUrl":"https:\/\/secure.gravatar.com\/avatar\/68cfafa5f44617fea54071e215026e0ff06be366c3d54a8425f04fdcb86f8c5f?s=96&d=mm&r=g","caption":"@sscc"},"url":"https:\/\/www.padreeustaquio.com.br\/es\/author\/sscc\/"}]}},"_links":{"self":[{"href":"https:\/\/www.padreeustaquio.com.br\/es\/wp-json\/wp\/v2\/posts\/10845","targetHints":{"allow":["GET"]}}],"collection":[{"href":"https:\/\/www.padreeustaquio.com.br\/es\/wp-json\/wp\/v2\/posts"}],"about":[{"href":"https:\/\/www.padreeustaquio.com.br\/es\/wp-json\/wp\/v2\/types\/post"}],"author":[{"embeddable":true,"href":"https:\/\/www.padreeustaquio.com.br\/es\/wp-json\/wp\/v2\/users\/2"}],"replies":[{"embeddable":true,"href":"https:\/\/www.padreeustaquio.com.br\/es\/wp-json\/wp\/v2\/comments?post=10845"}],"version-history":[{"count":0,"href":"https:\/\/www.padreeustaquio.com.br\/es\/wp-json\/wp\/v2\/posts\/10845\/revisions"}],"wp:featuredmedia":[{"embeddable":true,"href":"https:\/\/www.padreeustaquio.com.br\/es\/wp-json\/wp\/v2\/media\/10846"}],"wp:attachment":[{"href":"https:\/\/www.padreeustaquio.com.br\/es\/wp-json\/wp\/v2\/media?parent=10845"}],"wp:term":[{"taxonomy":"category","embeddable":true,"href":"https:\/\/www.padreeustaquio.com.br\/es\/wp-json\/wp\/v2\/categories?post=10845"},{"taxonomy":"post_tag","embeddable":true,"href":"https:\/\/www.padreeustaquio.com.br\/es\/wp-json\/wp\/v2\/tags?post=10845"}],"curies":[{"name":"wp","href":"https:\/\/api.w.org\/{rel}","templated":true}]}}