{"id":10841,"date":"2023-08-28T09:52:36","date_gmt":"2023-08-28T12:52:36","guid":{"rendered":"https:\/\/www.padreeustaquio.com.br\/?p=10841"},"modified":"2023-08-29T07:38:10","modified_gmt":"2023-08-29T10:38:10","slug":"los-fieles-celebran-este-miercoles-el-80-aniversario-de-la-muerte-del-beato-padre-eustaquio","status":"publish","type":"post","link":"https:\/\/www.padreeustaquio.com.br\/es\/los-fieles-celebran-este-miercoles-el-80-aniversario-de-la-muerte-del-beato-padre-eustaquio\/","title":{"rendered":"Los fieles celebran este mi\u00e9rcoles el 80 aniversario de la muerte del Beato Padre Eustaquio."},"content":{"rendered":"<p>Devotos de todo el pa\u00eds, e incluso de fuera de Brasil, conmemorar\u00e1n este mi\u00e9rcoles 30 de agosto el 80.\u00ba aniversario de la muerte del Padre Eust\u00e1quio. El religioso, ya proclamado beato por la Santa Sede, falleci\u00f3 en 1943 v\u00edctima de la fiebre maculosa y es considerado por muchos un verdadero santo.<\/p>\n<p>Las festividades en el Santuario Arquidiocesano de Salud y Paz comenzaron el 19 con un espect\u00e1culo de los &quot;Cantores de Dios&quot; en la Iglesia del Padre Eust\u00e1quio, inaugurando las celebraciones. Del 21 al 29, sacerdotes y religiosos invitados, as\u00ed como devotos de diversas partes de Brasil, participaron en la novena en Belo Horizonte.<\/p>\n<p>Para el d\u00eda lit\u00fargico del Beato Padre Eust\u00e1quio, el 30 de agosto, se espera que m\u00e1s de 25.000 personas visiten el Santuario, ubicado en la regi\u00f3n noroeste de la capital de Minas Gerais. Se celebrar\u00e1n misas a las 6:00, 7:00, 9:00, 11:00, 13:00, 15:00 y 17:00, seguidas de una celebraci\u00f3n solemne a las 19:00 y una procesi\u00f3n con velas. El momento culminante del d\u00eda ser\u00e1 la inauguraci\u00f3n del Museo del Padre Eust\u00e1quio en el Centro Cultural ASPE (anexo a la iglesia). La develaci\u00f3n de la placa tendr\u00e1 lugar a las 8:30 y contar\u00e1 con la presencia de autoridades religiosas, representantes de la administraci\u00f3n municipal y los sobrinos del Padre Eust\u00e1quio.<\/p>\n<p>Adem\u00e1s de las Misas y la inauguraci\u00f3n del Museo, los fieles y devotos tambi\u00e9n podr\u00e1n participar de momentos de Adoraci\u00f3n, rezar el Santo Rosario y visitar los puestos comunitarios instalados en la plaza durante todo el d\u00eda.<\/p>\n<p>Este a\u00f1o, un grupo de 12 personas, familiares del Padre Eust\u00e1quio, participar\u00e1 en las festividades en Belo Horizonte. Adem\u00e1s de Will y Jan, tambi\u00e9n asistieron sobrinos del Beato, primos nietos y sobrinos nietos.<\/p>\n<p>Otra presencia importante es la del Postulador General de la Causa, P. Andrzej Lukawski, ss.cc. El religioso que representa la Causa de Canonizaci\u00f3n del Padre Eustaquio ante la Santa Sede ya se encuentra en Belo Horizonte y participar\u00e1 en la misa solemne a las 19:00 h.<\/p>\n<p><span class=\"selectable-text copyable-text\">Toda la programaci\u00f3n, incluidas todas las misas y la inauguraci\u00f3n del museo, se transmitir\u00e1n en directo por... <a href=\"https:\/\/www.youtube.com\/@CanalPadreEustaquio\">Canal Padre Eust\u00e1quio en YouTube<\/a>, a partir de las 6 AM.<\/span><\/p>\n<p><strong>Beato Padre Eustaquio<\/strong><\/p>\n<p>Nacido con el nombre de Hubbertus el 3 de noviembre de 1889 en Aarle Rixtel, Pa\u00edses Bajos, el Padre Eustace proven\u00eda de una familia numerosa y muy religiosa. Bautizado el mismo d\u00eda de su nacimiento, ingres\u00f3 en la Congregaci\u00f3n de los Sagrados Corazones poco antes de cumplir los 15 a\u00f1os.<\/p>\n<p>Inspirado por el ideal misionero de San Dami\u00e1n de Molokai, Eust\u00e1quio profes\u00f3 sus votos en 1915 y cuatro a\u00f1os despu\u00e9s fue ordenado sacerdote. En 1925 lleg\u00f3 a Brasil como misionero, pasando por \u00c1gua Suja (actual Romaria-MG), Po\u00e1-SP y varias otras ciudades del interior de Minas Gerais, as\u00ed como por la capital, R\u00edo de Janeiro. En 1942 lleg\u00f3 a Belo Horizonte, donde permaneci\u00f3 poco m\u00e1s de un a\u00f1o y cuatro meses.<\/p>\n<p>Picado por una garrapata, el Padre Eust\u00e1quio falleci\u00f3 el 30 de agosto de 1943 en el Sanatorio de Minas Gerais (actual Hospital Alberto Cavalcanti) de Belo Horizonte. Su fama de santidad se extendi\u00f3 entre el pueblo, lo que llev\u00f3 a la Iglesia a iniciar el proceso de beatificaci\u00f3n trece a\u00f1os despu\u00e9s de su muerte.<\/p>\n<p>Tras varias etapas del proceso, el Papa Juan Pablo II lo declar\u00f3 Venerable en 2003, y en 2006 el Papa Benedicto XVI incluy\u00f3 el nombre del Padre Eustaquio en la lista de los Beatos de la Iglesia. Actualmente, la Santa Sede espera la confirmaci\u00f3n de un milagro m\u00e1s para declararlo santo.<\/p>","protected":false},"excerpt":{"rendered":"<p>Devotos de todo o pa\u00eds e at\u00e9 de fora do Brasil v\u00e3o relembrar nesta quarta-feira, dia 30 de agosto, 80 anos da morte de Padre Eust\u00e1quio. O religioso, j\u00e1 proclamado Bem-Aventurado pela Santa S\u00e9, morreu em 1943, v\u00edtima de febre maculosa e \u00e9 considerado por muitos um verdadeiro santo. As festividades no Santu\u00e1rio Arquidiocesano da Sa\u00fade e da Paz, tiveram in\u00edcio no dia 19 quando os &#8220;Cantores de Deus&#8221; fizeram um show na Igreja do Padre Eust\u00e1quio, abrindo as comemora\u00e7\u00f5es. Do dia 21 ao dia 29, padres e religiosos convidados, al\u00e9m de devotos vindos de v\u00e1rias partes do Brasil, participaram [&hellip;]<\/p>\n","protected":false},"author":2,"featured_media":10842,"comment_status":"open","ping_status":"closed","sticky":false,"template":"","format":"standard","meta":{"_acf_changed":false,"footnotes":""},"categories":[611],"tags":[],"class_list":["post-10841","post","type-post","status-publish","format-standard","has-post-thumbnail","hentry","category-noticias"],"acf":[],"yoast_head":"<!-- This site is optimized with the Yoast SEO plugin v27.2 - https:\/\/yoast.com\/product\/yoast-seo-wordpress\/ -->\n<title>Fi\u00e9is celebram nesta quarta-feira os 80 anos da morte do Beato Padre Eust\u00e1quio<\/title>\n<meta name=\"description\" content=\"Devotos de todo o pa\u00eds e at\u00e9 de fora do Brasil v\u00e3o relembrar nesta quarta-feira, dia 30 de agosto, 80 anos da morte de Padre Eust\u00e1quio. O religioso, j\u00e1 proclamado Bem-Aventurado pela Santa S\u00e9, morreu em 1943, v\u00edtima de febre maculosa e \u00e9 considerado por muitos um verdadeiro santo.\" \/>\n<meta name=\"robots\" content=\"index, follow, max-snippet:-1, max-image-preview:large, max-video-preview:-1\" \/>\n<link rel=\"canonical\" href=\"https:\/\/www.padreeustaquio.com.br\/es\/los-fieles-celebran-este-miercoles-el-80-aniversario-de-la-muerte-del-beato-padre-eustaquio\/\" \/>\n<meta property=\"og:locale\" content=\"es_ES\" \/>\n<meta property=\"og:type\" content=\"article\" \/>\n<meta property=\"og:title\" content=\"Fi\u00e9is celebram nesta quarta-feira os 80 anos da morte do Beato Padre Eust\u00e1quio\" \/>\n<meta property=\"og:description\" content=\"Devotos de todo o pa\u00eds e at\u00e9 de fora do Brasil v\u00e3o relembrar nesta quarta-feira, dia 30 de agosto, 80 anos da morte de Padre Eust\u00e1quio. O religioso, j\u00e1 proclamado Bem-Aventurado pela Santa S\u00e9, morreu em 1943, v\u00edtima de febre maculosa e \u00e9 considerado por muitos um verdadeiro santo.\" \/>\n<meta property=\"og:url\" content=\"https:\/\/www.padreeustaquio.com.br\/es\/los-fieles-celebran-este-miercoles-el-80-aniversario-de-la-muerte-del-beato-padre-eustaquio\/\" \/>\n<meta property=\"og:site_name\" content=\"Padre Eust\u00e1quio\" \/>\n<meta property=\"article:publisher\" content=\"https:\/\/www.facebook.com\/beatopadreeustaquio\/\" \/>\n<meta property=\"article:published_time\" content=\"2023-08-28T12:52:36+00:00\" \/>\n<meta property=\"article:modified_time\" content=\"2023-08-29T10:38:10+00:00\" \/>\n<meta property=\"og:image\" content=\"https:\/\/www.padreeustaquio.com.br\/wp-content\/uploads\/2023\/08\/30-FESTA.jpg\" \/>\n\t<meta property=\"og:image:width\" content=\"1920\" \/>\n\t<meta property=\"og:image:height\" content=\"1080\" \/>\n\t<meta property=\"og:image:type\" content=\"image\/jpeg\" \/>\n<meta name=\"author\" content=\"@sscc\" \/>\n<meta name=\"twitter:card\" content=\"summary_large_image\" \/>\n<meta name=\"twitter:creator\" content=\"@beatopeustaquio\" \/>\n<meta name=\"twitter:site\" content=\"@beatopeustaquio\" \/>\n<meta name=\"twitter:label1\" content=\"Escrito por\" \/>\n\t<meta name=\"twitter:data1\" content=\"@sscc\" \/>\n\t<meta name=\"twitter:label2\" content=\"Tiempo de lectura\" \/>\n\t<meta name=\"twitter:data2\" content=\"3 minutos\" \/>\n<script type=\"application\/ld+json\" class=\"yoast-schema-graph\">{\"@context\":\"https:\/\/schema.org\",\"@graph\":[{\"@type\":\"Article\",\"@id\":\"https:\/\/www.padreeustaquio.com.br\/fieis-celebram-nesta-quarta-feira-os-80-anos-da-morte-do-beato-padre-eustaquio\/#article\",\"isPartOf\":{\"@id\":\"https:\/\/www.padreeustaquio.com.br\/fieis-celebram-nesta-quarta-feira-os-80-anos-da-morte-do-beato-padre-eustaquio\/\"},\"author\":{\"name\":\"@sscc\",\"@id\":\"https:\/\/www.padreeustaquio.com.br\/#\/schema\/person\/a2a51db1d00f1a7af0204a0f1ddb1566\"},\"headline\":\"Fi\u00e9is celebram nesta quarta-feira os 80 anos da morte do Beato Padre Eust\u00e1quio\",\"datePublished\":\"2023-08-28T12:52:36+00:00\",\"dateModified\":\"2023-08-29T10:38:10+00:00\",\"mainEntityOfPage\":{\"@id\":\"https:\/\/www.padreeustaquio.com.br\/fieis-celebram-nesta-quarta-feira-os-80-anos-da-morte-do-beato-padre-eustaquio\/\"},\"wordCount\":602,\"commentCount\":0,\"publisher\":{\"@id\":\"https:\/\/www.padreeustaquio.com.br\/#organization\"},\"image\":{\"@id\":\"https:\/\/www.padreeustaquio.com.br\/fieis-celebram-nesta-quarta-feira-os-80-anos-da-morte-do-beato-padre-eustaquio\/#primaryimage\"},\"thumbnailUrl\":\"https:\/\/www.padreeustaquio.com.br\/wp-content\/uploads\/2023\/08\/30-FESTA.jpg\",\"articleSection\":[\"Not\u00edcias\"],\"inLanguage\":\"es\",\"potentialAction\":[{\"@type\":\"CommentAction\",\"name\":\"Comment\",\"target\":[\"https:\/\/www.padreeustaquio.com.br\/fieis-celebram-nesta-quarta-feira-os-80-anos-da-morte-do-beato-padre-eustaquio\/#respond\"]}]},{\"@type\":\"WebPage\",\"@id\":\"https:\/\/www.padreeustaquio.com.br\/fieis-celebram-nesta-quarta-feira-os-80-anos-da-morte-do-beato-padre-eustaquio\/\",\"url\":\"https:\/\/www.padreeustaquio.com.br\/fieis-celebram-nesta-quarta-feira-os-80-anos-da-morte-do-beato-padre-eustaquio\/\",\"name\":\"Fi\u00e9is celebram nesta quarta-feira os 80 anos da morte do Beato Padre Eust\u00e1quio\",\"isPartOf\":{\"@id\":\"https:\/\/www.padreeustaquio.com.br\/#website\"},\"primaryImageOfPage\":{\"@id\":\"https:\/\/www.padreeustaquio.com.br\/fieis-celebram-nesta-quarta-feira-os-80-anos-da-morte-do-beato-padre-eustaquio\/#primaryimage\"},\"image\":{\"@id\":\"https:\/\/www.padreeustaquio.com.br\/fieis-celebram-nesta-quarta-feira-os-80-anos-da-morte-do-beato-padre-eustaquio\/#primaryimage\"},\"thumbnailUrl\":\"https:\/\/www.padreeustaquio.com.br\/wp-content\/uploads\/2023\/08\/30-FESTA.jpg\",\"datePublished\":\"2023-08-28T12:52:36+00:00\",\"dateModified\":\"2023-08-29T10:38:10+00:00\",\"description\":\"Devotos de todo o pa\u00eds e at\u00e9 de fora do Brasil v\u00e3o relembrar nesta quarta-feira, dia 30 de agosto, 80 anos da morte de Padre Eust\u00e1quio. O religioso, j\u00e1 proclamado Bem-Aventurado pela Santa S\u00e9, morreu em 1943, v\u00edtima de febre maculosa e \u00e9 considerado por muitos um verdadeiro santo.\",\"breadcrumb\":{\"@id\":\"https:\/\/www.padreeustaquio.com.br\/fieis-celebram-nesta-quarta-feira-os-80-anos-da-morte-do-beato-padre-eustaquio\/#breadcrumb\"},\"inLanguage\":\"es\",\"potentialAction\":[{\"@type\":\"ReadAction\",\"target\":[\"https:\/\/www.padreeustaquio.com.br\/fieis-celebram-nesta-quarta-feira-os-80-anos-da-morte-do-beato-padre-eustaquio\/\"]}]},{\"@type\":\"ImageObject\",\"inLanguage\":\"es\",\"@id\":\"https:\/\/www.padreeustaquio.com.br\/fieis-celebram-nesta-quarta-feira-os-80-anos-da-morte-do-beato-padre-eustaquio\/#primaryimage\",\"url\":\"https:\/\/www.padreeustaquio.com.br\/wp-content\/uploads\/2023\/08\/30-FESTA.jpg\",\"contentUrl\":\"https:\/\/www.padreeustaquio.com.br\/wp-content\/uploads\/2023\/08\/30-FESTA.jpg\",\"width\":1920,\"height\":1080},{\"@type\":\"BreadcrumbList\",\"@id\":\"https:\/\/www.padreeustaquio.com.br\/fieis-celebram-nesta-quarta-feira-os-80-anos-da-morte-do-beato-padre-eustaquio\/#breadcrumb\",\"itemListElement\":[{\"@type\":\"ListItem\",\"position\":1,\"name\":\"In\u00edcio\",\"item\":\"https:\/\/www.padreeustaquio.com.br\/\"},{\"@type\":\"ListItem\",\"position\":2,\"name\":\"Fi\u00e9is celebram nesta quarta-feira os 80 anos da morte do Beato Padre Eust\u00e1quio\"}]},{\"@type\":\"WebSite\",\"@id\":\"https:\/\/www.padreeustaquio.com.br\/#website\",\"url\":\"https:\/\/www.padreeustaquio.com.br\/\",\"name\":\"Padre Eust\u00e1quio\",\"description\":\"Sa\u00fade e Paz\",\"publisher\":{\"@id\":\"https:\/\/www.padreeustaquio.com.br\/#organization\"},\"potentialAction\":[{\"@type\":\"SearchAction\",\"target\":{\"@type\":\"EntryPoint\",\"urlTemplate\":\"https:\/\/www.padreeustaquio.com.br\/?s={search_term_string}\"},\"query-input\":{\"@type\":\"PropertyValueSpecification\",\"valueRequired\":true,\"valueName\":\"search_term_string\"}}],\"inLanguage\":\"es\"},{\"@type\":\"Organization\",\"@id\":\"https:\/\/www.padreeustaquio.com.br\/#organization\",\"name\":\"Padre Eust\u00e1quio\",\"url\":\"https:\/\/www.padreeustaquio.com.br\/\",\"logo\":{\"@type\":\"ImageObject\",\"inLanguage\":\"es\",\"@id\":\"https:\/\/www.padreeustaquio.com.br\/#\/schema\/logo\/image\/\",\"url\":\"https:\/\/www.padreeustaquio.com.br\/wp-content\/uploads\/2019\/08\/marca.png\",\"contentUrl\":\"https:\/\/www.padreeustaquio.com.br\/wp-content\/uploads\/2019\/08\/marca.png\",\"width\":350,\"height\":400,\"caption\":\"Padre Eust\u00e1quio\"},\"image\":{\"@id\":\"https:\/\/www.padreeustaquio.com.br\/#\/schema\/logo\/image\/\"},\"sameAs\":[\"https:\/\/www.facebook.com\/beatopadreeustaquio\/\",\"https:\/\/x.com\/beatopeustaquio\",\"https:\/\/www.instagram.com\/beatopadreeustaquio\/\",\"https:\/\/www.youtube.com\/channel\/UCRhw7vfabnajwLxb1ZXMeIw\"]},{\"@type\":\"Person\",\"@id\":\"https:\/\/www.padreeustaquio.com.br\/#\/schema\/person\/a2a51db1d00f1a7af0204a0f1ddb1566\",\"name\":\"@sscc\",\"image\":{\"@type\":\"ImageObject\",\"inLanguage\":\"es\",\"@id\":\"https:\/\/secure.gravatar.com\/avatar\/68cfafa5f44617fea54071e215026e0ff06be366c3d54a8425f04fdcb86f8c5f?s=96&d=mm&r=g\",\"url\":\"https:\/\/secure.gravatar.com\/avatar\/68cfafa5f44617fea54071e215026e0ff06be366c3d54a8425f04fdcb86f8c5f?s=96&d=mm&r=g\",\"contentUrl\":\"https:\/\/secure.gravatar.com\/avatar\/68cfafa5f44617fea54071e215026e0ff06be366c3d54a8425f04fdcb86f8c5f?s=96&d=mm&r=g\",\"caption\":\"@sscc\"},\"url\":\"https:\/\/www.padreeustaquio.com.br\/es\/author\/sscc\/\"}]}<\/script>\n<!-- \/ Yoast SEO plugin. -->","yoast_head_json":{"title":"Los fieles celebran este mi\u00e9rcoles el 80 aniversario de la muerte del Beato Padre Eustaquio.","description":"Devotos de todo el pa\u00eds, e incluso de fuera de Brasil, conmemorar\u00e1n este mi\u00e9rcoles 30 de agosto el 80.\u00ba aniversario de la muerte del Padre Eust\u00e1quio. El religioso, ya proclamado beato por la Santa Sede, falleci\u00f3 en 1943 v\u00edctima de la fiebre maculosa y es considerado por muchos un verdadero santo.","robots":{"index":"index","follow":"follow","max-snippet":"max-snippet:-1","max-image-preview":"max-image-preview:large","max-video-preview":"max-video-preview:-1"},"canonical":"https:\/\/www.padreeustaquio.com.br\/es\/los-fieles-celebran-este-miercoles-el-80-aniversario-de-la-muerte-del-beato-padre-eustaquio\/","og_locale":"es_ES","og_type":"article","og_title":"Fi\u00e9is celebram nesta quarta-feira os 80 anos da morte do Beato Padre Eust\u00e1quio","og_description":"Devotos de todo o pa\u00eds e at\u00e9 de fora do Brasil v\u00e3o relembrar nesta quarta-feira, dia 30 de agosto, 80 anos da morte de Padre Eust\u00e1quio. O religioso, j\u00e1 proclamado Bem-Aventurado pela Santa S\u00e9, morreu em 1943, v\u00edtima de febre maculosa e \u00e9 considerado por muitos um verdadeiro santo.","og_url":"https:\/\/www.padreeustaquio.com.br\/es\/los-fieles-celebran-este-miercoles-el-80-aniversario-de-la-muerte-del-beato-padre-eustaquio\/","og_site_name":"Padre Eust\u00e1quio","article_publisher":"https:\/\/www.facebook.com\/beatopadreeustaquio\/","article_published_time":"2023-08-28T12:52:36+00:00","article_modified_time":"2023-08-29T10:38:10+00:00","og_image":[{"width":1920,"height":1080,"url":"https:\/\/www.padreeustaquio.com.br\/wp-content\/uploads\/2023\/08\/30-FESTA.jpg","type":"image\/jpeg"}],"author":"@sscc","twitter_card":"summary_large_image","twitter_creator":"@beatopeustaquio","twitter_site":"@beatopeustaquio","twitter_misc":{"Escrito por":"@sscc","Tiempo de lectura":"3 minutos"},"schema":{"@context":"https:\/\/schema.org","@graph":[{"@type":"Article","@id":"https:\/\/www.padreeustaquio.com.br\/fieis-celebram-nesta-quarta-feira-os-80-anos-da-morte-do-beato-padre-eustaquio\/#article","isPartOf":{"@id":"https:\/\/www.padreeustaquio.com.br\/fieis-celebram-nesta-quarta-feira-os-80-anos-da-morte-do-beato-padre-eustaquio\/"},"author":{"name":"@sscc","@id":"https:\/\/www.padreeustaquio.com.br\/#\/schema\/person\/a2a51db1d00f1a7af0204a0f1ddb1566"},"headline":"Fi\u00e9is celebram nesta quarta-feira os 80 anos da morte do Beato Padre Eust\u00e1quio","datePublished":"2023-08-28T12:52:36+00:00","dateModified":"2023-08-29T10:38:10+00:00","mainEntityOfPage":{"@id":"https:\/\/www.padreeustaquio.com.br\/fieis-celebram-nesta-quarta-feira-os-80-anos-da-morte-do-beato-padre-eustaquio\/"},"wordCount":602,"commentCount":0,"publisher":{"@id":"https:\/\/www.padreeustaquio.com.br\/#organization"},"image":{"@id":"https:\/\/www.padreeustaquio.com.br\/fieis-celebram-nesta-quarta-feira-os-80-anos-da-morte-do-beato-padre-eustaquio\/#primaryimage"},"thumbnailUrl":"https:\/\/www.padreeustaquio.com.br\/wp-content\/uploads\/2023\/08\/30-FESTA.jpg","articleSection":["Not\u00edcias"],"inLanguage":"es","potentialAction":[{"@type":"CommentAction","name":"Comment","target":["https:\/\/www.padreeustaquio.com.br\/fieis-celebram-nesta-quarta-feira-os-80-anos-da-morte-do-beato-padre-eustaquio\/#respond"]}]},{"@type":"WebPage","@id":"https:\/\/www.padreeustaquio.com.br\/fieis-celebram-nesta-quarta-feira-os-80-anos-da-morte-do-beato-padre-eustaquio\/","url":"https:\/\/www.padreeustaquio.com.br\/fieis-celebram-nesta-quarta-feira-os-80-anos-da-morte-do-beato-padre-eustaquio\/","name":"Los fieles celebran este mi\u00e9rcoles el 80 aniversario de la muerte del Beato Padre Eustaquio.","isPartOf":{"@id":"https:\/\/www.padreeustaquio.com.br\/#website"},"primaryImageOfPage":{"@id":"https:\/\/www.padreeustaquio.com.br\/fieis-celebram-nesta-quarta-feira-os-80-anos-da-morte-do-beato-padre-eustaquio\/#primaryimage"},"image":{"@id":"https:\/\/www.padreeustaquio.com.br\/fieis-celebram-nesta-quarta-feira-os-80-anos-da-morte-do-beato-padre-eustaquio\/#primaryimage"},"thumbnailUrl":"https:\/\/www.padreeustaquio.com.br\/wp-content\/uploads\/2023\/08\/30-FESTA.jpg","datePublished":"2023-08-28T12:52:36+00:00","dateModified":"2023-08-29T10:38:10+00:00","description":"Devotos de todo el pa\u00eds, e incluso de fuera de Brasil, conmemorar\u00e1n este mi\u00e9rcoles 30 de agosto el 80.\u00ba aniversario de la muerte del Padre Eust\u00e1quio. El religioso, ya proclamado beato por la Santa Sede, falleci\u00f3 en 1943 v\u00edctima de la fiebre maculosa y es considerado por muchos un verdadero santo.","breadcrumb":{"@id":"https:\/\/www.padreeustaquio.com.br\/fieis-celebram-nesta-quarta-feira-os-80-anos-da-morte-do-beato-padre-eustaquio\/#breadcrumb"},"inLanguage":"es","potentialAction":[{"@type":"ReadAction","target":["https:\/\/www.padreeustaquio.com.br\/fieis-celebram-nesta-quarta-feira-os-80-anos-da-morte-do-beato-padre-eustaquio\/"]}]},{"@type":"ImageObject","inLanguage":"es","@id":"https:\/\/www.padreeustaquio.com.br\/fieis-celebram-nesta-quarta-feira-os-80-anos-da-morte-do-beato-padre-eustaquio\/#primaryimage","url":"https:\/\/www.padreeustaquio.com.br\/wp-content\/uploads\/2023\/08\/30-FESTA.jpg","contentUrl":"https:\/\/www.padreeustaquio.com.br\/wp-content\/uploads\/2023\/08\/30-FESTA.jpg","width":1920,"height":1080},{"@type":"BreadcrumbList","@id":"https:\/\/www.padreeustaquio.com.br\/fieis-celebram-nesta-quarta-feira-os-80-anos-da-morte-do-beato-padre-eustaquio\/#breadcrumb","itemListElement":[{"@type":"ListItem","position":1,"name":"In\u00edcio","item":"https:\/\/www.padreeustaquio.com.br\/"},{"@type":"ListItem","position":2,"name":"Fi\u00e9is celebram nesta quarta-feira os 80 anos da morte do Beato Padre Eust\u00e1quio"}]},{"@type":"WebSite","@id":"https:\/\/www.padreeustaquio.com.br\/#website","url":"https:\/\/www.padreeustaquio.com.br\/","name":"Padre Eustace","description":"Salud y Paz","publisher":{"@id":"https:\/\/www.padreeustaquio.com.br\/#organization"},"potentialAction":[{"@type":"SearchAction","target":{"@type":"EntryPoint","urlTemplate":"https:\/\/www.padreeustaquio.com.br\/?s={search_term_string}"},"query-input":{"@type":"PropertyValueSpecification","valueRequired":true,"valueName":"search_term_string"}}],"inLanguage":"es"},{"@type":"Organization","@id":"https:\/\/www.padreeustaquio.com.br\/#organization","name":"Padre Eustace","url":"https:\/\/www.padreeustaquio.com.br\/","logo":{"@type":"ImageObject","inLanguage":"es","@id":"https:\/\/www.padreeustaquio.com.br\/#\/schema\/logo\/image\/","url":"https:\/\/www.padreeustaquio.com.br\/wp-content\/uploads\/2019\/08\/marca.png","contentUrl":"https:\/\/www.padreeustaquio.com.br\/wp-content\/uploads\/2019\/08\/marca.png","width":350,"height":400,"caption":"Padre Eust\u00e1quio"},"image":{"@id":"https:\/\/www.padreeustaquio.com.br\/#\/schema\/logo\/image\/"},"sameAs":["https:\/\/www.facebook.com\/beatopadreeustaquio\/","https:\/\/x.com\/beatopeustaquio","https:\/\/www.instagram.com\/beatopadreeustaquio\/","https:\/\/www.youtube.com\/channel\/UCRhw7vfabnajwLxb1ZXMeIw"]},{"@type":"Person","@id":"https:\/\/www.padreeustaquio.com.br\/#\/schema\/person\/a2a51db1d00f1a7af0204a0f1ddb1566","name":"@sscc","image":{"@type":"ImageObject","inLanguage":"es","@id":"https:\/\/secure.gravatar.com\/avatar\/68cfafa5f44617fea54071e215026e0ff06be366c3d54a8425f04fdcb86f8c5f?s=96&d=mm&r=g","url":"https:\/\/secure.gravatar.com\/avatar\/68cfafa5f44617fea54071e215026e0ff06be366c3d54a8425f04fdcb86f8c5f?s=96&d=mm&r=g","contentUrl":"https:\/\/secure.gravatar.com\/avatar\/68cfafa5f44617fea54071e215026e0ff06be366c3d54a8425f04fdcb86f8c5f?s=96&d=mm&r=g","caption":"@sscc"},"url":"https:\/\/www.padreeustaquio.com.br\/es\/author\/sscc\/"}]}},"_links":{"self":[{"href":"https:\/\/www.padreeustaquio.com.br\/es\/wp-json\/wp\/v2\/posts\/10841","targetHints":{"allow":["GET"]}}],"collection":[{"href":"https:\/\/www.padreeustaquio.com.br\/es\/wp-json\/wp\/v2\/posts"}],"about":[{"href":"https:\/\/www.padreeustaquio.com.br\/es\/wp-json\/wp\/v2\/types\/post"}],"author":[{"embeddable":true,"href":"https:\/\/www.padreeustaquio.com.br\/es\/wp-json\/wp\/v2\/users\/2"}],"replies":[{"embeddable":true,"href":"https:\/\/www.padreeustaquio.com.br\/es\/wp-json\/wp\/v2\/comments?post=10841"}],"version-history":[{"count":0,"href":"https:\/\/www.padreeustaquio.com.br\/es\/wp-json\/wp\/v2\/posts\/10841\/revisions"}],"wp:featuredmedia":[{"embeddable":true,"href":"https:\/\/www.padreeustaquio.com.br\/es\/wp-json\/wp\/v2\/media\/10842"}],"wp:attachment":[{"href":"https:\/\/www.padreeustaquio.com.br\/es\/wp-json\/wp\/v2\/media?parent=10841"}],"wp:term":[{"taxonomy":"category","embeddable":true,"href":"https:\/\/www.padreeustaquio.com.br\/es\/wp-json\/wp\/v2\/categories?post=10841"},{"taxonomy":"post_tag","embeddable":true,"href":"https:\/\/www.padreeustaquio.com.br\/es\/wp-json\/wp\/v2\/tags?post=10841"}],"curies":[{"name":"wp","href":"https:\/\/api.w.org\/{rel}","templated":true}]}}