{"id":10838,"date":"2023-08-25T20:23:31","date_gmt":"2023-08-25T23:23:31","guid":{"rendered":"https:\/\/www.padreeustaquio.com.br\/?p=10838"},"modified":"2023-08-25T20:23:31","modified_gmt":"2023-08-25T23:23:31","slug":"el-postulador-general-de-los-sagrados-corazones-visita-al-cardenal-en-rio-de-janeiro","status":"publish","type":"post","link":"https:\/\/www.padreeustaquio.com.br\/es\/el-postulador-general-de-los-sagrados-corazones-visita-al-cardenal-en-rio-de-janeiro\/","title":{"rendered":"El Postulador General de los Sagrados Corazones visita al Cardenal en R\u00edo de Janeiro"},"content":{"rendered":"<div>Esta ma\u00f1ana, 25 de agosto, el Postulador General de la Congregaci\u00f3n de los Sagrados Corazones, P. Andrzej Lukawski, sscc, visit\u00f3 al Cardenal Dom Orani Tempesta, O.Cist., Arzobispo de R\u00edo de Janeiro. Estuvo acompa\u00f1ado por el P. Jo\u00e3o Lucas Barbosa Alves, ss.cc., quien actualmente trabaja en la capital.<span style=\"font-size: 1.21429rem;\">\u00a0Desde R\u00edo.<\/span><\/div>\n<div><\/div>\n<div>El motivo de la visita fue la posibilidad de abrir la causa de canonizaci\u00f3n de<b>\u00a0Padre M\u00e1ximo Sada Rodeles, ss.cc.<\/b>\u00a0La conversaci\u00f3n fue positiva y Dom Orani dijo que la Arquidi\u00f3cesis de R\u00edo de Janeiro apoya la apertura del caso.<\/div>\n<div><\/div>\n<div>Desde R\u00edo de Janeiro, el Padre Andrzej viajar\u00e1 a Belo Horizonte, donde participar\u00e1 en las festividades del Beato Padre Eust\u00e1quio. Se espera que llegue el pr\u00f3ximo domingo para concelebrar misas en el Santuario y reunirse con la familia del Beato.<\/p>\n<p><strong>Padre M\u00e1ximo Sada, SSCC<\/strong><\/p>\n<p><img fetchpriority=\"high\" decoding=\"async\" class=\"alignleft wp-image-10691 size-medium entered lazyloaded\" src=\"https:\/\/www.padreeustaquio.com.br\/wp-content\/uploads\/2023\/07\/Padre-Maximo-Sada-sscc-e1689244179760-192x300.jpeg\" sizes=\"(max-width: 192px) 100vw, 192px\" srcset=\"https:\/\/www.padreeustaquio.com.br\/wp-content\/uploads\/2023\/07\/Padre-Maximo-Sada-sscc-e1689244179760-192x300.jpeg 192w, https:\/\/www.padreeustaquio.com.br\/wp-content\/uploads\/2023\/07\/Padre-Maximo-Sada-sscc-e1689244179760.jpeg 657w\" alt=\"\" width=\"192\" height=\"300\" data-lazy-srcset=\"https:\/\/www.padreeustaquio.com.br\/wp-content\/uploads\/2023\/07\/Padre-Maximo-Sada-sscc-e1689244179760-192x300.jpeg 192w, https:\/\/www.padreeustaquio.com.br\/wp-content\/uploads\/2023\/07\/Padre-Maximo-Sada-sscc-e1689244179760.jpeg 657w\" data-lazy-sizes=\"(max-width: 192px) 100vw, 192px\" data-lazy-src=\"https:\/\/www.padreeustaquio.com.br\/wp-content\/uploads\/2023\/07\/Padre-Maximo-Sada-sscc-e1689244179760-192x300.jpeg\" data-ll-status=\"loaded\" \/>El Padre M\u00e1ximo Sada Rodeles, ss.cc, naci\u00f3 en Olite, Navarra, Espa\u00f1a, el 3 de septiembre de 1919. Fue bautizado con el nombre de Miguel. Ingres\u00f3 en la Congregaci\u00f3n de los Sagrados Corazones siendo muy joven y comenz\u00f3 su noviciado durante la Guerra Civil Espa\u00f1ola (1936-1939). Debido a la guerra, su noviciado se interrumpi\u00f3 y solo se reanud\u00f3 tras su finalizaci\u00f3n.<\/p>\n<p>Profes\u00f3 sus votos religiosos en El Escorial el 12 de octubre de 1940. En la vida religiosa, adopt\u00f3 el nombre de su padre, M\u00e1ximo. Complet\u00f3 sus estudios de Filosof\u00eda y Teolog\u00eda en Miranda de Ebro, Burgos. Fue ordenado sacerdote en 1946, durante el cuarto a\u00f1o de Teolog\u00eda, cerca de la Pascua. Tras finalizar, pas\u00f3 una breve temporada en el Colegio de los Sagrados Corazones de Madrid. En 1947, fue enviado como misionero a Brasil.<\/p>\n<p>Su primera misi\u00f3n fue en la parroquia Nossa Senhora do Desterro en Campo Grande, Rio de Janeiro, RJ, como vicario parroquial. En 1954 fue nombrado superior y p\u00e1rroco de la Parroquia Sagrados Cora\u00e7\u00f5es de Tijuca, adem\u00e1s de consejero de la Proprovincia.<\/p>\n<p>En 1960 regres\u00f3 a Campo Grande como p\u00e1rroco. En los a\u00f1os siguientes, sirvi\u00f3 en diversas misiones de la Congregaci\u00f3n: el Seminario S\u00e3o Jos\u00e9 dos Pinhais y la Iglesia Hugo Lange en Curitiba, Paran\u00e1. De all\u00ed, se traslad\u00f3 a la Parroquia Santa Margarida Maria, en Vila Mariana, S\u00e3o Paulo.<\/p>\n<p>A finales de la d\u00e9cada de 1980, regres\u00f3 a la Parroquia de Nuestra Se\u00f1ora del Exilio en R\u00edo, donde ejerci\u00f3 sus dones misioneros hasta que fue asesinado durante un robo. Su hermano de comunidad y compatriota, el P. Rafael Azanza, ss.cc, fue el encargado de informar a su familia y superiores en Espa\u00f1a de su fallecimiento. Al ser informada de lo sucedido, su hermana religiosa declar\u00f3 con serenidad: \u201c\u00a1Gracias a Dios! Tenemos un m\u00e1rtir en la familia\u201d.<\/p>\n<p>Al d\u00eda siguiente del asesinato, el 13, la misa funeral y la procesi\u00f3n del f\u00e9retro en un cami\u00f3n de bomberos se convirtieron en una conmovedora manifestaci\u00f3n de miles de fieles y amigos. La misa fue presidida por el cardenal Dom Eug\u00eanio Sales, arzobispo de R\u00edo de Janeiro, y concelebrada por un gran n\u00famero de sacerdotes de la Congregaci\u00f3n y de la Arquidi\u00f3cesis.<\/p>\n<p>En Campo Grande, como en Tijuca, entre sus hermanos y hermanas de los Sagrados Corazones, el testimonio del Padre M\u00e1ximo sigue vivo. Siempre ser\u00e1 recordado por su generosa muerte, su bondad, su celo y su dedicaci\u00f3n apost\u00f3lica.<\/p>\n<\/div>","protected":false},"excerpt":{"rendered":"<p>Na manh\u00e3 de hoje, 25 de agosto, o Postulador-Geral da Congrega\u00e7\u00e3o dos Sagrados Cora\u00e7\u00f5es, Pe. Andrzej Lukawski, sscc, visitou o Cardeal Dom Orani Tempesta, O.Cist., arcebispo do Rio de Janeiro. Ele foi acompanhado do Pe. Jo\u00e3o Lucas Barbosa Alves, ss.cc., que atualmente trabalha na capital\u00a0carioca. O motivo da visita foi sobre a possibilidade da abertura da causa de Canoniza\u00e7\u00e3o do\u00a0Pe. M\u00e1ximo Sada Rodeles, ss.cc.\u00a0A conversa foi positiva e Dom Orani disse que a Arquidiocese do Rio de Janeiro apoia a abertura da causa. Da capital carioca, Pe. Andrzej viaja para Belo Horizonte onde participar\u00e1 das festividades do Beato Padre Eust\u00e1quio. [&hellip;]<\/p>\n","protected":false},"author":2,"featured_media":10839,"comment_status":"open","ping_status":"closed","sticky":false,"template":"","format":"standard","meta":{"_acf_changed":false,"footnotes":""},"categories":[611],"tags":[],"class_list":["post-10838","post","type-post","status-publish","format-standard","has-post-thumbnail","hentry","category-noticias"],"acf":[],"yoast_head":"<!-- This site is optimized with the Yoast SEO plugin v27.2 - https:\/\/yoast.com\/product\/yoast-seo-wordpress\/ -->\n<title>Postulador-Geral dos Sagrados Cora\u00e7\u00f5es visita Cardeal no Rio de Janeiro<\/title>\n<meta name=\"description\" content=\"Na manh\u00e3 de hoje, 25 de agosto, o Postulador-Geral da Congrega\u00e7\u00e3o dos Sagrados Cora\u00e7\u00f5es, Pe. Andrzej Lukawski, sscc, visitou o Cardeal Dom Orani Tempesta, O.Cist., arcebispo do Rio de Janeiro. Ele foi acompanhado do Pe. Jo\u00e3o Lucas Barbosa Alves, ss.cc., que atualmente trabalha na capital\u00a0carioca.\" \/>\n<meta name=\"robots\" content=\"index, follow, max-snippet:-1, max-image-preview:large, max-video-preview:-1\" \/>\n<link rel=\"canonical\" href=\"https:\/\/www.padreeustaquio.com.br\/es\/el-postulador-general-de-los-sagrados-corazones-visita-al-cardenal-en-rio-de-janeiro\/\" \/>\n<meta property=\"og:locale\" content=\"es_ES\" \/>\n<meta property=\"og:type\" content=\"article\" \/>\n<meta property=\"og:title\" content=\"Postulador-Geral dos Sagrados Cora\u00e7\u00f5es visita Cardeal no Rio de Janeiro\" \/>\n<meta property=\"og:description\" content=\"Na manh\u00e3 de hoje, 25 de agosto, o Postulador-Geral da Congrega\u00e7\u00e3o dos Sagrados Cora\u00e7\u00f5es, Pe. Andrzej Lukawski, sscc, visitou o Cardeal Dom Orani Tempesta, O.Cist., arcebispo do Rio de Janeiro. Ele foi acompanhado do Pe. Jo\u00e3o Lucas Barbosa Alves, ss.cc., que atualmente trabalha na capital\u00a0carioca.\" \/>\n<meta property=\"og:url\" content=\"https:\/\/www.padreeustaquio.com.br\/es\/el-postulador-general-de-los-sagrados-corazones-visita-al-cardenal-en-rio-de-janeiro\/\" \/>\n<meta property=\"og:site_name\" content=\"Padre Eust\u00e1quio\" \/>\n<meta property=\"article:publisher\" content=\"https:\/\/www.facebook.com\/beatopadreeustaquio\/\" \/>\n<meta property=\"article:published_time\" content=\"2023-08-25T23:23:31+00:00\" \/>\n<meta property=\"og:image\" content=\"https:\/\/www.padreeustaquio.com.br\/wp-content\/uploads\/2023\/08\/postulador-geral-visita-ao-cardeal-dom-orani-tempesta-arcebispo-do-rio-de-janeiro-64e8d3463d9e4.jpg\" \/>\n\t<meta property=\"og:image:width\" content=\"1600\" \/>\n\t<meta property=\"og:image:height\" content=\"1200\" \/>\n\t<meta property=\"og:image:type\" content=\"image\/jpeg\" \/>\n<meta name=\"author\" content=\"@sscc\" \/>\n<meta name=\"twitter:card\" content=\"summary_large_image\" \/>\n<meta name=\"twitter:creator\" content=\"@beatopeustaquio\" \/>\n<meta name=\"twitter:site\" content=\"@beatopeustaquio\" \/>\n<meta name=\"twitter:label1\" content=\"Escrito por\" \/>\n\t<meta name=\"twitter:data1\" content=\"@sscc\" \/>\n\t<meta name=\"twitter:label2\" content=\"Tiempo de lectura\" \/>\n\t<meta name=\"twitter:data2\" content=\"3 minutos\" \/>\n<script type=\"application\/ld+json\" class=\"yoast-schema-graph\">{\"@context\":\"https:\/\/schema.org\",\"@graph\":[{\"@type\":\"Article\",\"@id\":\"https:\/\/www.padreeustaquio.com.br\/postulador-geral-dos-sagrados-coracoes-visita-cardeal-no-rio-de-janeiro\/#article\",\"isPartOf\":{\"@id\":\"https:\/\/www.padreeustaquio.com.br\/postulador-geral-dos-sagrados-coracoes-visita-cardeal-no-rio-de-janeiro\/\"},\"author\":{\"name\":\"@sscc\",\"@id\":\"https:\/\/www.padreeustaquio.com.br\/#\/schema\/person\/a2a51db1d00f1a7af0204a0f1ddb1566\"},\"headline\":\"Postulador-Geral dos Sagrados Cora\u00e7\u00f5es visita Cardeal no Rio de Janeiro\",\"datePublished\":\"2023-08-25T23:23:31+00:00\",\"mainEntityOfPage\":{\"@id\":\"https:\/\/www.padreeustaquio.com.br\/postulador-geral-dos-sagrados-coracoes-visita-cardeal-no-rio-de-janeiro\/\"},\"wordCount\":550,\"commentCount\":0,\"publisher\":{\"@id\":\"https:\/\/www.padreeustaquio.com.br\/#organization\"},\"image\":{\"@id\":\"https:\/\/www.padreeustaquio.com.br\/postulador-geral-dos-sagrados-coracoes-visita-cardeal-no-rio-de-janeiro\/#primaryimage\"},\"thumbnailUrl\":\"https:\/\/www.padreeustaquio.com.br\/wp-content\/uploads\/2023\/08\/postulador-geral-visita-ao-cardeal-dom-orani-tempesta-arcebispo-do-rio-de-janeiro-64e8d3463d9e4.jpg\",\"articleSection\":[\"Not\u00edcias\"],\"inLanguage\":\"es\",\"potentialAction\":[{\"@type\":\"CommentAction\",\"name\":\"Comment\",\"target\":[\"https:\/\/www.padreeustaquio.com.br\/postulador-geral-dos-sagrados-coracoes-visita-cardeal-no-rio-de-janeiro\/#respond\"]}]},{\"@type\":\"WebPage\",\"@id\":\"https:\/\/www.padreeustaquio.com.br\/postulador-geral-dos-sagrados-coracoes-visita-cardeal-no-rio-de-janeiro\/\",\"url\":\"https:\/\/www.padreeustaquio.com.br\/postulador-geral-dos-sagrados-coracoes-visita-cardeal-no-rio-de-janeiro\/\",\"name\":\"Postulador-Geral dos Sagrados Cora\u00e7\u00f5es visita Cardeal no Rio de Janeiro\",\"isPartOf\":{\"@id\":\"https:\/\/www.padreeustaquio.com.br\/#website\"},\"primaryImageOfPage\":{\"@id\":\"https:\/\/www.padreeustaquio.com.br\/postulador-geral-dos-sagrados-coracoes-visita-cardeal-no-rio-de-janeiro\/#primaryimage\"},\"image\":{\"@id\":\"https:\/\/www.padreeustaquio.com.br\/postulador-geral-dos-sagrados-coracoes-visita-cardeal-no-rio-de-janeiro\/#primaryimage\"},\"thumbnailUrl\":\"https:\/\/www.padreeustaquio.com.br\/wp-content\/uploads\/2023\/08\/postulador-geral-visita-ao-cardeal-dom-orani-tempesta-arcebispo-do-rio-de-janeiro-64e8d3463d9e4.jpg\",\"datePublished\":\"2023-08-25T23:23:31+00:00\",\"description\":\"Na manh\u00e3 de hoje, 25 de agosto, o Postulador-Geral da Congrega\u00e7\u00e3o dos Sagrados Cora\u00e7\u00f5es, Pe. Andrzej Lukawski, sscc, visitou o Cardeal Dom Orani Tempesta, O.Cist., arcebispo do Rio de Janeiro. Ele foi acompanhado do Pe. Jo\u00e3o Lucas Barbosa Alves, ss.cc., que atualmente trabalha na capital\u00a0carioca.\",\"breadcrumb\":{\"@id\":\"https:\/\/www.padreeustaquio.com.br\/postulador-geral-dos-sagrados-coracoes-visita-cardeal-no-rio-de-janeiro\/#breadcrumb\"},\"inLanguage\":\"es\",\"potentialAction\":[{\"@type\":\"ReadAction\",\"target\":[\"https:\/\/www.padreeustaquio.com.br\/postulador-geral-dos-sagrados-coracoes-visita-cardeal-no-rio-de-janeiro\/\"]}]},{\"@type\":\"ImageObject\",\"inLanguage\":\"es\",\"@id\":\"https:\/\/www.padreeustaquio.com.br\/postulador-geral-dos-sagrados-coracoes-visita-cardeal-no-rio-de-janeiro\/#primaryimage\",\"url\":\"https:\/\/www.padreeustaquio.com.br\/wp-content\/uploads\/2023\/08\/postulador-geral-visita-ao-cardeal-dom-orani-tempesta-arcebispo-do-rio-de-janeiro-64e8d3463d9e4.jpg\",\"contentUrl\":\"https:\/\/www.padreeustaquio.com.br\/wp-content\/uploads\/2023\/08\/postulador-geral-visita-ao-cardeal-dom-orani-tempesta-arcebispo-do-rio-de-janeiro-64e8d3463d9e4.jpg\",\"width\":1600,\"height\":1200,\"caption\":\"Pe. Andrzej Lukawski, sscc, o Cardeal Dom Orani Tempesta, O.Cist., e Pe. Jo\u00e3o Lucas Barbosa Alves, ss.cc.,\"},{\"@type\":\"BreadcrumbList\",\"@id\":\"https:\/\/www.padreeustaquio.com.br\/postulador-geral-dos-sagrados-coracoes-visita-cardeal-no-rio-de-janeiro\/#breadcrumb\",\"itemListElement\":[{\"@type\":\"ListItem\",\"position\":1,\"name\":\"In\u00edcio\",\"item\":\"https:\/\/www.padreeustaquio.com.br\/\"},{\"@type\":\"ListItem\",\"position\":2,\"name\":\"Postulador-Geral dos Sagrados Cora\u00e7\u00f5es visita Cardeal no Rio de Janeiro\"}]},{\"@type\":\"WebSite\",\"@id\":\"https:\/\/www.padreeustaquio.com.br\/#website\",\"url\":\"https:\/\/www.padreeustaquio.com.br\/\",\"name\":\"Padre Eust\u00e1quio\",\"description\":\"Sa\u00fade e Paz\",\"publisher\":{\"@id\":\"https:\/\/www.padreeustaquio.com.br\/#organization\"},\"potentialAction\":[{\"@type\":\"SearchAction\",\"target\":{\"@type\":\"EntryPoint\",\"urlTemplate\":\"https:\/\/www.padreeustaquio.com.br\/?s={search_term_string}\"},\"query-input\":{\"@type\":\"PropertyValueSpecification\",\"valueRequired\":true,\"valueName\":\"search_term_string\"}}],\"inLanguage\":\"es\"},{\"@type\":\"Organization\",\"@id\":\"https:\/\/www.padreeustaquio.com.br\/#organization\",\"name\":\"Padre Eust\u00e1quio\",\"url\":\"https:\/\/www.padreeustaquio.com.br\/\",\"logo\":{\"@type\":\"ImageObject\",\"inLanguage\":\"es\",\"@id\":\"https:\/\/www.padreeustaquio.com.br\/#\/schema\/logo\/image\/\",\"url\":\"https:\/\/www.padreeustaquio.com.br\/wp-content\/uploads\/2019\/08\/marca.png\",\"contentUrl\":\"https:\/\/www.padreeustaquio.com.br\/wp-content\/uploads\/2019\/08\/marca.png\",\"width\":350,\"height\":400,\"caption\":\"Padre Eust\u00e1quio\"},\"image\":{\"@id\":\"https:\/\/www.padreeustaquio.com.br\/#\/schema\/logo\/image\/\"},\"sameAs\":[\"https:\/\/www.facebook.com\/beatopadreeustaquio\/\",\"https:\/\/x.com\/beatopeustaquio\",\"https:\/\/www.instagram.com\/beatopadreeustaquio\/\",\"https:\/\/www.youtube.com\/channel\/UCRhw7vfabnajwLxb1ZXMeIw\"]},{\"@type\":\"Person\",\"@id\":\"https:\/\/www.padreeustaquio.com.br\/#\/schema\/person\/a2a51db1d00f1a7af0204a0f1ddb1566\",\"name\":\"@sscc\",\"image\":{\"@type\":\"ImageObject\",\"inLanguage\":\"es\",\"@id\":\"https:\/\/secure.gravatar.com\/avatar\/68cfafa5f44617fea54071e215026e0ff06be366c3d54a8425f04fdcb86f8c5f?s=96&d=mm&r=g\",\"url\":\"https:\/\/secure.gravatar.com\/avatar\/68cfafa5f44617fea54071e215026e0ff06be366c3d54a8425f04fdcb86f8c5f?s=96&d=mm&r=g\",\"contentUrl\":\"https:\/\/secure.gravatar.com\/avatar\/68cfafa5f44617fea54071e215026e0ff06be366c3d54a8425f04fdcb86f8c5f?s=96&d=mm&r=g\",\"caption\":\"@sscc\"},\"url\":\"https:\/\/www.padreeustaquio.com.br\/es\/author\/sscc\/\"}]}<\/script>\n<!-- \/ Yoast SEO plugin. -->","yoast_head_json":{"title":"El Postulador General de los Sagrados Corazones visita al Cardenal en R\u00edo de Janeiro","description":"Esta ma\u00f1ana, 25 de agosto, el Postulador General de la Congregaci\u00f3n de los Sagrados Corazones, P. Andrzej Lukawski, sscc, visit\u00f3 al Cardenal Dom Orani Tempesta, O.Cist., Arzobispo de R\u00edo de Janeiro. Estuvo acompa\u00f1ado por el P. Jo\u00e3o Lucas Barbosa Alves, ss.cc., quien actualmente trabaja en la ciudad de R\u00edo de Janeiro.","robots":{"index":"index","follow":"follow","max-snippet":"max-snippet:-1","max-image-preview":"max-image-preview:large","max-video-preview":"max-video-preview:-1"},"canonical":"https:\/\/www.padreeustaquio.com.br\/es\/el-postulador-general-de-los-sagrados-corazones-visita-al-cardenal-en-rio-de-janeiro\/","og_locale":"es_ES","og_type":"article","og_title":"Postulador-Geral dos Sagrados Cora\u00e7\u00f5es visita Cardeal no Rio de Janeiro","og_description":"Na manh\u00e3 de hoje, 25 de agosto, o Postulador-Geral da Congrega\u00e7\u00e3o dos Sagrados Cora\u00e7\u00f5es, Pe. Andrzej Lukawski, sscc, visitou o Cardeal Dom Orani Tempesta, O.Cist., arcebispo do Rio de Janeiro. Ele foi acompanhado do Pe. Jo\u00e3o Lucas Barbosa Alves, ss.cc., que atualmente trabalha na capital\u00a0carioca.","og_url":"https:\/\/www.padreeustaquio.com.br\/es\/el-postulador-general-de-los-sagrados-corazones-visita-al-cardenal-en-rio-de-janeiro\/","og_site_name":"Padre Eust\u00e1quio","article_publisher":"https:\/\/www.facebook.com\/beatopadreeustaquio\/","article_published_time":"2023-08-25T23:23:31+00:00","og_image":[{"width":1600,"height":1200,"url":"https:\/\/www.padreeustaquio.com.br\/wp-content\/uploads\/2023\/08\/postulador-geral-visita-ao-cardeal-dom-orani-tempesta-arcebispo-do-rio-de-janeiro-64e8d3463d9e4.jpg","type":"image\/jpeg"}],"author":"@sscc","twitter_card":"summary_large_image","twitter_creator":"@beatopeustaquio","twitter_site":"@beatopeustaquio","twitter_misc":{"Escrito por":"@sscc","Tiempo de lectura":"3 minutos"},"schema":{"@context":"https:\/\/schema.org","@graph":[{"@type":"Article","@id":"https:\/\/www.padreeustaquio.com.br\/postulador-geral-dos-sagrados-coracoes-visita-cardeal-no-rio-de-janeiro\/#article","isPartOf":{"@id":"https:\/\/www.padreeustaquio.com.br\/postulador-geral-dos-sagrados-coracoes-visita-cardeal-no-rio-de-janeiro\/"},"author":{"name":"@sscc","@id":"https:\/\/www.padreeustaquio.com.br\/#\/schema\/person\/a2a51db1d00f1a7af0204a0f1ddb1566"},"headline":"Postulador-Geral dos Sagrados Cora\u00e7\u00f5es visita Cardeal no Rio de Janeiro","datePublished":"2023-08-25T23:23:31+00:00","mainEntityOfPage":{"@id":"https:\/\/www.padreeustaquio.com.br\/postulador-geral-dos-sagrados-coracoes-visita-cardeal-no-rio-de-janeiro\/"},"wordCount":550,"commentCount":0,"publisher":{"@id":"https:\/\/www.padreeustaquio.com.br\/#organization"},"image":{"@id":"https:\/\/www.padreeustaquio.com.br\/postulador-geral-dos-sagrados-coracoes-visita-cardeal-no-rio-de-janeiro\/#primaryimage"},"thumbnailUrl":"https:\/\/www.padreeustaquio.com.br\/wp-content\/uploads\/2023\/08\/postulador-geral-visita-ao-cardeal-dom-orani-tempesta-arcebispo-do-rio-de-janeiro-64e8d3463d9e4.jpg","articleSection":["Not\u00edcias"],"inLanguage":"es","potentialAction":[{"@type":"CommentAction","name":"Comment","target":["https:\/\/www.padreeustaquio.com.br\/postulador-geral-dos-sagrados-coracoes-visita-cardeal-no-rio-de-janeiro\/#respond"]}]},{"@type":"WebPage","@id":"https:\/\/www.padreeustaquio.com.br\/postulador-geral-dos-sagrados-coracoes-visita-cardeal-no-rio-de-janeiro\/","url":"https:\/\/www.padreeustaquio.com.br\/postulador-geral-dos-sagrados-coracoes-visita-cardeal-no-rio-de-janeiro\/","name":"El Postulador General de los Sagrados Corazones visita al Cardenal en R\u00edo de Janeiro","isPartOf":{"@id":"https:\/\/www.padreeustaquio.com.br\/#website"},"primaryImageOfPage":{"@id":"https:\/\/www.padreeustaquio.com.br\/postulador-geral-dos-sagrados-coracoes-visita-cardeal-no-rio-de-janeiro\/#primaryimage"},"image":{"@id":"https:\/\/www.padreeustaquio.com.br\/postulador-geral-dos-sagrados-coracoes-visita-cardeal-no-rio-de-janeiro\/#primaryimage"},"thumbnailUrl":"https:\/\/www.padreeustaquio.com.br\/wp-content\/uploads\/2023\/08\/postulador-geral-visita-ao-cardeal-dom-orani-tempesta-arcebispo-do-rio-de-janeiro-64e8d3463d9e4.jpg","datePublished":"2023-08-25T23:23:31+00:00","description":"Esta ma\u00f1ana, 25 de agosto, el Postulador General de la Congregaci\u00f3n de los Sagrados Corazones, P. Andrzej Lukawski, sscc, visit\u00f3 al Cardenal Dom Orani Tempesta, O.Cist., Arzobispo de R\u00edo de Janeiro. Estuvo acompa\u00f1ado por el P. Jo\u00e3o Lucas Barbosa Alves, ss.cc., quien actualmente trabaja en la ciudad de R\u00edo de Janeiro.","breadcrumb":{"@id":"https:\/\/www.padreeustaquio.com.br\/postulador-geral-dos-sagrados-coracoes-visita-cardeal-no-rio-de-janeiro\/#breadcrumb"},"inLanguage":"es","potentialAction":[{"@type":"ReadAction","target":["https:\/\/www.padreeustaquio.com.br\/postulador-geral-dos-sagrados-coracoes-visita-cardeal-no-rio-de-janeiro\/"]}]},{"@type":"ImageObject","inLanguage":"es","@id":"https:\/\/www.padreeustaquio.com.br\/postulador-geral-dos-sagrados-coracoes-visita-cardeal-no-rio-de-janeiro\/#primaryimage","url":"https:\/\/www.padreeustaquio.com.br\/wp-content\/uploads\/2023\/08\/postulador-geral-visita-ao-cardeal-dom-orani-tempesta-arcebispo-do-rio-de-janeiro-64e8d3463d9e4.jpg","contentUrl":"https:\/\/www.padreeustaquio.com.br\/wp-content\/uploads\/2023\/08\/postulador-geral-visita-ao-cardeal-dom-orani-tempesta-arcebispo-do-rio-de-janeiro-64e8d3463d9e4.jpg","width":1600,"height":1200,"caption":"Pe. Andrzej Lukawski, sscc, o Cardeal Dom Orani Tempesta, O.Cist., e Pe. Jo\u00e3o Lucas Barbosa Alves, ss.cc.,"},{"@type":"BreadcrumbList","@id":"https:\/\/www.padreeustaquio.com.br\/postulador-geral-dos-sagrados-coracoes-visita-cardeal-no-rio-de-janeiro\/#breadcrumb","itemListElement":[{"@type":"ListItem","position":1,"name":"In\u00edcio","item":"https:\/\/www.padreeustaquio.com.br\/"},{"@type":"ListItem","position":2,"name":"Postulador-Geral dos Sagrados Cora\u00e7\u00f5es visita Cardeal no Rio de Janeiro"}]},{"@type":"WebSite","@id":"https:\/\/www.padreeustaquio.com.br\/#website","url":"https:\/\/www.padreeustaquio.com.br\/","name":"Padre Eustace","description":"Salud y Paz","publisher":{"@id":"https:\/\/www.padreeustaquio.com.br\/#organization"},"potentialAction":[{"@type":"SearchAction","target":{"@type":"EntryPoint","urlTemplate":"https:\/\/www.padreeustaquio.com.br\/?s={search_term_string}"},"query-input":{"@type":"PropertyValueSpecification","valueRequired":true,"valueName":"search_term_string"}}],"inLanguage":"es"},{"@type":"Organization","@id":"https:\/\/www.padreeustaquio.com.br\/#organization","name":"Padre Eustace","url":"https:\/\/www.padreeustaquio.com.br\/","logo":{"@type":"ImageObject","inLanguage":"es","@id":"https:\/\/www.padreeustaquio.com.br\/#\/schema\/logo\/image\/","url":"https:\/\/www.padreeustaquio.com.br\/wp-content\/uploads\/2019\/08\/marca.png","contentUrl":"https:\/\/www.padreeustaquio.com.br\/wp-content\/uploads\/2019\/08\/marca.png","width":350,"height":400,"caption":"Padre Eust\u00e1quio"},"image":{"@id":"https:\/\/www.padreeustaquio.com.br\/#\/schema\/logo\/image\/"},"sameAs":["https:\/\/www.facebook.com\/beatopadreeustaquio\/","https:\/\/x.com\/beatopeustaquio","https:\/\/www.instagram.com\/beatopadreeustaquio\/","https:\/\/www.youtube.com\/channel\/UCRhw7vfabnajwLxb1ZXMeIw"]},{"@type":"Person","@id":"https:\/\/www.padreeustaquio.com.br\/#\/schema\/person\/a2a51db1d00f1a7af0204a0f1ddb1566","name":"@sscc","image":{"@type":"ImageObject","inLanguage":"es","@id":"https:\/\/secure.gravatar.com\/avatar\/68cfafa5f44617fea54071e215026e0ff06be366c3d54a8425f04fdcb86f8c5f?s=96&d=mm&r=g","url":"https:\/\/secure.gravatar.com\/avatar\/68cfafa5f44617fea54071e215026e0ff06be366c3d54a8425f04fdcb86f8c5f?s=96&d=mm&r=g","contentUrl":"https:\/\/secure.gravatar.com\/avatar\/68cfafa5f44617fea54071e215026e0ff06be366c3d54a8425f04fdcb86f8c5f?s=96&d=mm&r=g","caption":"@sscc"},"url":"https:\/\/www.padreeustaquio.com.br\/es\/author\/sscc\/"}]}},"_links":{"self":[{"href":"https:\/\/www.padreeustaquio.com.br\/es\/wp-json\/wp\/v2\/posts\/10838","targetHints":{"allow":["GET"]}}],"collection":[{"href":"https:\/\/www.padreeustaquio.com.br\/es\/wp-json\/wp\/v2\/posts"}],"about":[{"href":"https:\/\/www.padreeustaquio.com.br\/es\/wp-json\/wp\/v2\/types\/post"}],"author":[{"embeddable":true,"href":"https:\/\/www.padreeustaquio.com.br\/es\/wp-json\/wp\/v2\/users\/2"}],"replies":[{"embeddable":true,"href":"https:\/\/www.padreeustaquio.com.br\/es\/wp-json\/wp\/v2\/comments?post=10838"}],"version-history":[{"count":0,"href":"https:\/\/www.padreeustaquio.com.br\/es\/wp-json\/wp\/v2\/posts\/10838\/revisions"}],"wp:featuredmedia":[{"embeddable":true,"href":"https:\/\/www.padreeustaquio.com.br\/es\/wp-json\/wp\/v2\/media\/10839"}],"wp:attachment":[{"href":"https:\/\/www.padreeustaquio.com.br\/es\/wp-json\/wp\/v2\/media?parent=10838"}],"wp:term":[{"taxonomy":"category","embeddable":true,"href":"https:\/\/www.padreeustaquio.com.br\/es\/wp-json\/wp\/v2\/categories?post=10838"},{"taxonomy":"post_tag","embeddable":true,"href":"https:\/\/www.padreeustaquio.com.br\/es\/wp-json\/wp\/v2\/tags?post=10838"}],"curies":[{"name":"wp","href":"https:\/\/api.w.org\/{rel}","templated":true}]}}